{"id":116215,"date":"2023-12-12T19:39:59","date_gmt":"2023-12-12T22:39:59","guid":{"rendered":"https:\/\/infoecos.com.ar\/?p=116215"},"modified":"2023-12-15T00:00:13","modified_gmt":"2023-12-15T03:00:13","slug":"zurrismos-en-el-acto-de-asuncion-cumplido-el-fin-de-semana-y-cambios-en-el-equipo","status":"publish","type":"post","link":"https:\/\/infoecos.com.ar\/index.php\/zurrismos-en-el-acto-de-asuncion-cumplido-el-fin-de-semana-y-cambios-en-el-equipo\/","title":{"rendered":"\u00abZurrismos\u00bb en el acto de asunci\u00f3n cumplido el fin de semana y cambios en el equipo"},"content":{"rendered":"\n<p>Pablo Javier Zurro, jur\u00f3<strong> \u201cpor la memoria de N\u00e9stor, por el pa\u00f1uelo que me entregaron las madres, por el recuerdo de Eve Bonafini y por Cristina Fern\u00e1ndez de Kirchner\u201d<\/strong>, su quinto mandato como Intendente Municipal del partido de Pehuaj\u00f3.<\/p>\n\n\n\n<p>La ceremonia se llev\u00f3 adelante en el Complejo Cultural Cine Zurro.<\/p>\n\n\n\n<figure class=\"wp-block-image alignright size-full is-resized\"><img loading=\"lazy\" decoding=\"async\" src=\"https:\/\/infoecos.com.ar\/wp-content\/uploads\/2023\/12\/image-63.png\" alt=\"\" class=\"wp-image-116216\" width=\"419\" height=\"280\" srcset=\"https:\/\/infoecos.com.ar\/wp-content\/uploads\/2023\/12\/image-63.png 1024w, https:\/\/infoecos.com.ar\/wp-content\/uploads\/2023\/12\/image-63-800x534.png 800w, https:\/\/infoecos.com.ar\/wp-content\/uploads\/2023\/12\/image-63-768x513.png 768w, https:\/\/infoecos.com.ar\/wp-content\/uploads\/2023\/12\/image-63-675x450.png 675w\" sizes=\"(max-width: 419px) 100vw, 419px\" \/><figcaption class=\"wp-element-caption\">Zurro asunci\u00f3n <\/figcaption><\/figure>\n\n\n\n<p>El Jefe Comunal estuvo rodeado del diputado Avelino Zurro, la senadora Daniela Viera, concejales y consejeros escolares, en una jura que por primera vez se llev\u00f3 adelante fuera del Palacio Municipal.<\/p>\n\n\n\n<p>El discurso se extendi\u00f3 por alrededor de una hora. Castig\u00f3 la presidencia de Mauricio Macri y afirm\u00f3 que <strong>Cristina Fern\u00e1ndez no se equivoc\u00f3 en escoger a Alberto Fern\u00e1ndez, sino que el que se equivoc\u00f3 fue Fern\u00e1ndez <\/strong>que \u201chace una fiesta en el medio de la dolorosa pandemia. Les aviso que, en el medio de la dolorosa pandemia, este intendente estuvo encerrado\u201d.<\/p>\n\n\n\n<p>Expres\u00f3 que <strong>\u201ccuando me vaya, me voy a ir como me fui del club que m\u00e1s amo, con cinco campeonatos y por la puerta grande. Me voy a ir de la municipalidad de Pehuaj\u00f3 por la puerta grande<\/strong>. \u00bfY qu\u00e9 les va a pasar? \u00bfQu\u00e9 les va a pasar? Van a quedar much\u00edsimos cuadros. Pol\u00edticos en formaci\u00f3n, esto es para los opositores, van a quedar much\u00edsimos cuadros pol\u00edticos en formaci\u00f3n que van a ser much\u00edsimos m\u00e1s j\u00f3venes que cuando yo llegu\u00e9 con 51 a\u00f1os a la municipalidad. As\u00ed que muchachos, por m\u00e1s que maten al perro, que no lo pudieron matar, por m\u00e1s que maten al perro\u2026<strong>La rabia sigue con mis compa\u00f1eros de trabajo, con los militantes. No pueden matar al perro, menos van a poder matar la rabia<\/strong>\u201d.<\/p>\n\n\n\n<figure class=\"wp-block-image alignright size-full is-resized\"><img loading=\"lazy\" decoding=\"async\" src=\"https:\/\/infoecos.com.ar\/wp-content\/uploads\/2023\/12\/image-64.png\" alt=\"\" class=\"wp-image-116217\" width=\"419\" height=\"279\" srcset=\"https:\/\/infoecos.com.ar\/wp-content\/uploads\/2023\/12\/image-64.png 1024w, https:\/\/infoecos.com.ar\/wp-content\/uploads\/2023\/12\/image-64-800x534.png 800w, https:\/\/infoecos.com.ar\/wp-content\/uploads\/2023\/12\/image-64-768x512.png 768w, https:\/\/infoecos.com.ar\/wp-content\/uploads\/2023\/12\/image-64-675x450.png 675w\" sizes=\"(max-width: 419px) 100vw, 419px\" \/><figcaption class=\"wp-element-caption\">Zurro equipo de gobierno <\/figcaption><\/figure>\n\n\n\n<p><strong>Cambios en el equipo de gobierno: <\/strong><\/p>\n\n\n\n<p>Al asumir su quinto mandato como Intendente de Pehuaj\u00f3, Pablo Javier Zurro puso en funciones a los nuevos integrantes de su equipo de trabajo.<\/p>\n\n\n\n<p>As\u00ed lo inform\u00f3 el Jefe Comunal a trav\u00e9s de sus redes sociales al mencionar que \u201chemos designado a nuevos funcionarios en distintas \u00e1reas, Florencia Cerquetti ser\u00e1 Secretaria de Salud y Juli\u00e1n Paiuzza, Director\u201d; mientras que \u201cCristina Rom\u00e1n, es la nueva Secretaria de Recursos Humanos y Carla Reinoso, Secretaria de Hacienda\u201d.<\/p>\n\n\n\n<p>Por \u00faltimo expres\u00f3: \u201cQuiero agradecerle a Jos\u00e9 Picheto y a Alberto Forster, por su desempe\u00f1o y trabajo durante su funci\u00f3n\u201d.<\/p>\n","protected":false},"excerpt":{"rendered":"<p>\u00abLa rabia sigue con mis compa\u00f1eros de trabajo, con los militantes. No pueden matar al perro, menos van a poder matar la rabia\u00bb, dijo entre otras cosas<\/p>\n","protected":false},"author":2,"featured_media":116216,"comment_status":"closed","ping_status":"open","sticky":false,"template":"","format":"standard","meta":{"footnotes":""},"categories":[43],"tags":[9699],"class_list":["post-116215","post","type-post","status-publish","format-standard","has-post-thumbnail","hentry","category-inferior4","tag-pablo-zurro-por-otros-cuatro-anos"],"yoast_head":"<!-- This site is optimized with the Yoast SEO plugin v23.4 - https:\/\/yoast.com\/wordpress\/plugins\/seo\/ -->\n<title>&quot;Zurrismos&quot; en el acto de asunci\u00f3n cumplido el fin de semana y cambios en el equipo - Infoecos<\/title>\n<meta name=\"robots\" content=\"index, follow, max-snippet:-1, max-image-preview:large, max-video-preview:-1\" \/>\n<link rel=\"canonical\" href=\"https:\/\/infoecos.com.ar\/index.php\/zurrismos-en-el-acto-de-asuncion-cumplido-el-fin-de-semana-y-cambios-en-el-equipo\/\" \/>\n<meta property=\"og:locale\" content=\"es_ES\" \/>\n<meta property=\"og:type\" content=\"article\" \/>\n<meta property=\"og:title\" content=\"&quot;Zurrismos&quot; en el acto de asunci\u00f3n cumplido el fin de semana y cambios en el equipo - Infoecos\" \/>\n<meta property=\"og:description\" content=\"&quot;La rabia sigue con mis compa\u00f1eros de trabajo, con los militantes. No pueden matar al perro, menos van a poder matar la rabia&quot;, dijo entre otras cosas\" \/>\n<meta property=\"og:url\" content=\"https:\/\/infoecos.com.ar\/index.php\/zurrismos-en-el-acto-de-asuncion-cumplido-el-fin-de-semana-y-cambios-en-el-equipo\/\" \/>\n<meta property=\"og:site_name\" content=\"Infoecos\" \/>\n<meta property=\"article:publisher\" content=\"https:\/\/www.facebook.com\/profile.php?id=100063200290284\" \/>\n<meta property=\"article:published_time\" content=\"2023-12-12T22:39:59+00:00\" \/>\n<meta property=\"article:modified_time\" content=\"2023-12-15T03:00:13+00:00\" \/>\n<meta property=\"og:image\" content=\"https:\/\/infoecos.com.ar\/wp-content\/uploads\/2023\/12\/image-63.png\" \/>\n\t<meta property=\"og:image:width\" content=\"1024\" \/>\n\t<meta property=\"og:image:height\" content=\"684\" \/>\n\t<meta property=\"og:image:type\" content=\"image\/png\" \/>\n<meta name=\"author\" content=\"Jorge Matheus\" \/>\n<meta name=\"twitter:card\" content=\"summary_large_image\" \/>\n<meta name=\"twitter:creator\" content=\"@infoecos\" \/>\n<meta name=\"twitter:site\" content=\"@infoecos\" \/>\n<meta name=\"twitter:label1\" content=\"Escrito por\" \/>\n\t<meta name=\"twitter:data1\" content=\"Jorge Matheus\" \/>\n\t<meta name=\"twitter:label2\" content=\"Tiempo de lectura\" \/>\n\t<meta name=\"twitter:data2\" content=\"3 minutos\" \/>\n<script type=\"application\/ld+json\" class=\"yoast-schema-graph\">{\"@context\":\"https:\/\/schema.org\",\"@graph\":[{\"@type\":\"Article\",\"@id\":\"https:\/\/infoecos.com.ar\/index.php\/zurrismos-en-el-acto-de-asuncion-cumplido-el-fin-de-semana-y-cambios-en-el-equipo\/#article\",\"isPartOf\":{\"@id\":\"https:\/\/infoecos.com.ar\/index.php\/zurrismos-en-el-acto-de-asuncion-cumplido-el-fin-de-semana-y-cambios-en-el-equipo\/\"},\"author\":{\"name\":\"Jorge Matheus\",\"@id\":\"https:\/\/infoecos.com.ar\/#\/schema\/person\/8f5ace5ce73b4b4aac4b7245aee6f191\"},\"headline\":\"\u00abZurrismos\u00bb en el acto de asunci\u00f3n cumplido el fin de semana y cambios en el equipo\",\"datePublished\":\"2023-12-12T22:39:59+00:00\",\"dateModified\":\"2023-12-15T03:00:13+00:00\",\"mainEntityOfPage\":{\"@id\":\"https:\/\/infoecos.com.ar\/index.php\/zurrismos-en-el-acto-de-asuncion-cumplido-el-fin-de-semana-y-cambios-en-el-equipo\/\"},\"wordCount\":420,\"publisher\":{\"@id\":\"https:\/\/infoecos.com.ar\/#organization\"},\"image\":{\"@id\":\"https:\/\/infoecos.com.ar\/index.php\/zurrismos-en-el-acto-de-asuncion-cumplido-el-fin-de-semana-y-cambios-en-el-equipo\/#primaryimage\"},\"thumbnailUrl\":\"https:\/\/infoecos.com.ar\/wp-content\/uploads\/2023\/12\/image-63.png\",\"keywords\":[\"pablo zurro por otros cuatro a\u00f1os\"],\"articleSection\":[\"Bloque inferior - 4\"],\"inLanguage\":\"es\"},{\"@type\":\"WebPage\",\"@id\":\"https:\/\/infoecos.com.ar\/index.php\/zurrismos-en-el-acto-de-asuncion-cumplido-el-fin-de-semana-y-cambios-en-el-equipo\/\",\"url\":\"https:\/\/infoecos.com.ar\/index.php\/zurrismos-en-el-acto-de-asuncion-cumplido-el-fin-de-semana-y-cambios-en-el-equipo\/\",\"name\":\"\\\"Zurrismos\\\" en el acto de asunci\u00f3n cumplido el fin de semana y cambios en el equipo - Infoecos\",\"isPartOf\":{\"@id\":\"https:\/\/infoecos.com.ar\/#website\"},\"primaryImageOfPage\":{\"@id\":\"https:\/\/infoecos.com.ar\/index.php\/zurrismos-en-el-acto-de-asuncion-cumplido-el-fin-de-semana-y-cambios-en-el-equipo\/#primaryimage\"},\"image\":{\"@id\":\"https:\/\/infoecos.com.ar\/index.php\/zurrismos-en-el-acto-de-asuncion-cumplido-el-fin-de-semana-y-cambios-en-el-equipo\/#primaryimage\"},\"thumbnailUrl\":\"https:\/\/infoecos.com.ar\/wp-content\/uploads\/2023\/12\/image-63.png\",\"datePublished\":\"2023-12-12T22:39:59+00:00\",\"dateModified\":\"2023-12-15T03:00:13+00:00\",\"breadcrumb\":{\"@id\":\"https:\/\/infoecos.com.ar\/index.php\/zurrismos-en-el-acto-de-asuncion-cumplido-el-fin-de-semana-y-cambios-en-el-equipo\/#breadcrumb\"},\"inLanguage\":\"es\",\"potentialAction\":[{\"@type\":\"ReadAction\",\"target\":[\"https:\/\/infoecos.com.ar\/index.php\/zurrismos-en-el-acto-de-asuncion-cumplido-el-fin-de-semana-y-cambios-en-el-equipo\/\"]}]},{\"@type\":\"ImageObject\",\"inLanguage\":\"es\",\"@id\":\"https:\/\/infoecos.com.ar\/index.php\/zurrismos-en-el-acto-de-asuncion-cumplido-el-fin-de-semana-y-cambios-en-el-equipo\/#primaryimage\",\"url\":\"https:\/\/infoecos.com.ar\/wp-content\/uploads\/2023\/12\/image-63.png\",\"contentUrl\":\"https:\/\/infoecos.com.ar\/wp-content\/uploads\/2023\/12\/image-63.png\",\"width\":1024,\"height\":684},{\"@type\":\"BreadcrumbList\",\"@id\":\"https:\/\/infoecos.com.ar\/index.php\/zurrismos-en-el-acto-de-asuncion-cumplido-el-fin-de-semana-y-cambios-en-el-equipo\/#breadcrumb\",\"itemListElement\":[{\"@type\":\"ListItem\",\"position\":1,\"name\":\"Portada\",\"item\":\"https:\/\/infoecos.com.ar\/\"},{\"@type\":\"ListItem\",\"position\":2,\"name\":\"\u00abZurrismos\u00bb en el acto de asunci\u00f3n cumplido el fin de semana y cambios en el equipo\"}]},{\"@type\":\"WebSite\",\"@id\":\"https:\/\/infoecos.com.ar\/#website\",\"url\":\"https:\/\/infoecos.com.ar\/\",\"name\":\"Infoecos\",\"description\":\"Noticias de trenque lauquen y la zona\",\"publisher\":{\"@id\":\"https:\/\/infoecos.com.ar\/#organization\"},\"alternateName\":\"Noticias\",\"potentialAction\":[{\"@type\":\"SearchAction\",\"target\":{\"@type\":\"EntryPoint\",\"urlTemplate\":\"https:\/\/infoecos.com.ar\/?s={search_term_string}\"},\"query-input\":{\"@type\":\"PropertyValueSpecification\",\"valueRequired\":true,\"valueName\":\"search_term_string\"}}],\"inLanguage\":\"es\"},{\"@type\":\"Organization\",\"@id\":\"https:\/\/infoecos.com.ar\/#organization\",\"name\":\"Infoecos\",\"alternateName\":\"Noticias\",\"url\":\"https:\/\/infoecos.com.ar\/\",\"logo\":{\"@type\":\"ImageObject\",\"inLanguage\":\"es\",\"@id\":\"https:\/\/infoecos.com.ar\/#\/schema\/logo\/image\/\",\"url\":\"https:\/\/infoecos.com.ar\/wp-content\/uploads\/2024\/03\/cropped-logo.png\",\"contentUrl\":\"https:\/\/infoecos.com.ar\/wp-content\/uploads\/2024\/03\/cropped-logo.png\",\"width\":374,\"height\":90,\"caption\":\"Infoecos\"},\"image\":{\"@id\":\"https:\/\/infoecos.com.ar\/#\/schema\/logo\/image\/\"},\"sameAs\":[\"https:\/\/www.facebook.com\/profile.php?id=100063200290284\",\"https:\/\/x.com\/infoecos\"]},{\"@type\":\"Person\",\"@id\":\"https:\/\/infoecos.com.ar\/#\/schema\/person\/8f5ace5ce73b4b4aac4b7245aee6f191\",\"name\":\"Jorge Matheus\",\"url\":\"https:\/\/infoecos.com.ar\/index.php\/author\/jomatheus\/\"}]}<\/script>\n<!-- \/ Yoast SEO plugin. -->","yoast_head_json":{"title":"\"Zurrismos\" en el acto de asunci\u00f3n cumplido el fin de semana y cambios en el equipo - Infoecos","robots":{"index":"index","follow":"follow","max-snippet":"max-snippet:-1","max-image-preview":"max-image-preview:large","max-video-preview":"max-video-preview:-1"},"canonical":"https:\/\/infoecos.com.ar\/index.php\/zurrismos-en-el-acto-de-asuncion-cumplido-el-fin-de-semana-y-cambios-en-el-equipo\/","og_locale":"es_ES","og_type":"article","og_title":"\"Zurrismos\" en el acto de asunci\u00f3n cumplido el fin de semana y cambios en el equipo - Infoecos","og_description":"\"La rabia sigue con mis compa\u00f1eros de trabajo, con los militantes. No pueden matar al perro, menos van a poder matar la rabia\", dijo entre otras cosas","og_url":"https:\/\/infoecos.com.ar\/index.php\/zurrismos-en-el-acto-de-asuncion-cumplido-el-fin-de-semana-y-cambios-en-el-equipo\/","og_site_name":"Infoecos","article_publisher":"https:\/\/www.facebook.com\/profile.php?id=100063200290284","article_published_time":"2023-12-12T22:39:59+00:00","article_modified_time":"2023-12-15T03:00:13+00:00","og_image":[{"width":1024,"height":684,"url":"https:\/\/infoecos.com.ar\/wp-content\/uploads\/2023\/12\/image-63.png","type":"image\/png"}],"author":"Jorge Matheus","twitter_card":"summary_large_image","twitter_creator":"@infoecos","twitter_site":"@infoecos","twitter_misc":{"Escrito por":"Jorge Matheus","Tiempo de lectura":"3 minutos"},"schema":{"@context":"https:\/\/schema.org","@graph":[{"@type":"Article","@id":"https:\/\/infoecos.com.ar\/index.php\/zurrismos-en-el-acto-de-asuncion-cumplido-el-fin-de-semana-y-cambios-en-el-equipo\/#article","isPartOf":{"@id":"https:\/\/infoecos.com.ar\/index.php\/zurrismos-en-el-acto-de-asuncion-cumplido-el-fin-de-semana-y-cambios-en-el-equipo\/"},"author":{"name":"Jorge Matheus","@id":"https:\/\/infoecos.com.ar\/#\/schema\/person\/8f5ace5ce73b4b4aac4b7245aee6f191"},"headline":"\u00abZurrismos\u00bb en el acto de asunci\u00f3n cumplido el fin de semana y cambios en el equipo","datePublished":"2023-12-12T22:39:59+00:00","dateModified":"2023-12-15T03:00:13+00:00","mainEntityOfPage":{"@id":"https:\/\/infoecos.com.ar\/index.php\/zurrismos-en-el-acto-de-asuncion-cumplido-el-fin-de-semana-y-cambios-en-el-equipo\/"},"wordCount":420,"publisher":{"@id":"https:\/\/infoecos.com.ar\/#organization"},"image":{"@id":"https:\/\/infoecos.com.ar\/index.php\/zurrismos-en-el-acto-de-asuncion-cumplido-el-fin-de-semana-y-cambios-en-el-equipo\/#primaryimage"},"thumbnailUrl":"https:\/\/infoecos.com.ar\/wp-content\/uploads\/2023\/12\/image-63.png","keywords":["pablo zurro por otros cuatro a\u00f1os"],"articleSection":["Bloque inferior - 4"],"inLanguage":"es"},{"@type":"WebPage","@id":"https:\/\/infoecos.com.ar\/index.php\/zurrismos-en-el-acto-de-asuncion-cumplido-el-fin-de-semana-y-cambios-en-el-equipo\/","url":"https:\/\/infoecos.com.ar\/index.php\/zurrismos-en-el-acto-de-asuncion-cumplido-el-fin-de-semana-y-cambios-en-el-equipo\/","name":"\"Zurrismos\" en el acto de asunci\u00f3n cumplido el fin de semana y cambios en el equipo - Infoecos","isPartOf":{"@id":"https:\/\/infoecos.com.ar\/#website"},"primaryImageOfPage":{"@id":"https:\/\/infoecos.com.ar\/index.php\/zurrismos-en-el-acto-de-asuncion-cumplido-el-fin-de-semana-y-cambios-en-el-equipo\/#primaryimage"},"image":{"@id":"https:\/\/infoecos.com.ar\/index.php\/zurrismos-en-el-acto-de-asuncion-cumplido-el-fin-de-semana-y-cambios-en-el-equipo\/#primaryimage"},"thumbnailUrl":"https:\/\/infoecos.com.ar\/wp-content\/uploads\/2023\/12\/image-63.png","datePublished":"2023-12-12T22:39:59+00:00","dateModified":"2023-12-15T03:00:13+00:00","breadcrumb":{"@id":"https:\/\/infoecos.com.ar\/index.php\/zurrismos-en-el-acto-de-asuncion-cumplido-el-fin-de-semana-y-cambios-en-el-equipo\/#breadcrumb"},"inLanguage":"es","potentialAction":[{"@type":"ReadAction","target":["https:\/\/infoecos.com.ar\/index.php\/zurrismos-en-el-acto-de-asuncion-cumplido-el-fin-de-semana-y-cambios-en-el-equipo\/"]}]},{"@type":"ImageObject","inLanguage":"es","@id":"https:\/\/infoecos.com.ar\/index.php\/zurrismos-en-el-acto-de-asuncion-cumplido-el-fin-de-semana-y-cambios-en-el-equipo\/#primaryimage","url":"https:\/\/infoecos.com.ar\/wp-content\/uploads\/2023\/12\/image-63.png","contentUrl":"https:\/\/infoecos.com.ar\/wp-content\/uploads\/2023\/12\/image-63.png","width":1024,"height":684},{"@type":"BreadcrumbList","@id":"https:\/\/infoecos.com.ar\/index.php\/zurrismos-en-el-acto-de-asuncion-cumplido-el-fin-de-semana-y-cambios-en-el-equipo\/#breadcrumb","itemListElement":[{"@type":"ListItem","position":1,"name":"Portada","item":"https:\/\/infoecos.com.ar\/"},{"@type":"ListItem","position":2,"name":"\u00abZurrismos\u00bb en el acto de asunci\u00f3n cumplido el fin de semana y cambios en el equipo"}]},{"@type":"WebSite","@id":"https:\/\/infoecos.com.ar\/#website","url":"https:\/\/infoecos.com.ar\/","name":"Infoecos","description":"Noticias de trenque lauquen y la zona","publisher":{"@id":"https:\/\/infoecos.com.ar\/#organization"},"alternateName":"Noticias","potentialAction":[{"@type":"SearchAction","target":{"@type":"EntryPoint","urlTemplate":"https:\/\/infoecos.com.ar\/?s={search_term_string}"},"query-input":{"@type":"PropertyValueSpecification","valueRequired":true,"valueName":"search_term_string"}}],"inLanguage":"es"},{"@type":"Organization","@id":"https:\/\/infoecos.com.ar\/#organization","name":"Infoecos","alternateName":"Noticias","url":"https:\/\/infoecos.com.ar\/","logo":{"@type":"ImageObject","inLanguage":"es","@id":"https:\/\/infoecos.com.ar\/#\/schema\/logo\/image\/","url":"https:\/\/infoecos.com.ar\/wp-content\/uploads\/2024\/03\/cropped-logo.png","contentUrl":"https:\/\/infoecos.com.ar\/wp-content\/uploads\/2024\/03\/cropped-logo.png","width":374,"height":90,"caption":"Infoecos"},"image":{"@id":"https:\/\/infoecos.com.ar\/#\/schema\/logo\/image\/"},"sameAs":["https:\/\/www.facebook.com\/profile.php?id=100063200290284","https:\/\/x.com\/infoecos"]},{"@type":"Person","@id":"https:\/\/infoecos.com.ar\/#\/schema\/person\/8f5ace5ce73b4b4aac4b7245aee6f191","name":"Jorge Matheus","url":"https:\/\/infoecos.com.ar\/index.php\/author\/jomatheus\/"}]}},"featured_image_urls":{"full":["https:\/\/infoecos.com.ar\/wp-content\/uploads\/2023\/12\/image-63.png",1024,684,false],"thumbnail":["https:\/\/infoecos.com.ar\/wp-content\/uploads\/2023\/12\/image-63-300x150.png",300,150,true],"medium":["https:\/\/infoecos.com.ar\/wp-content\/uploads\/2023\/12\/image-63-800x534.png",800,534,true],"medium_large":["https:\/\/infoecos.com.ar\/wp-content\/uploads\/2023\/12\/image-63-768x513.png",640,428,true],"large":["https:\/\/infoecos.com.ar\/wp-content\/uploads\/2023\/12\/image-63.png",640,428,false],"1536x1536":["https:\/\/infoecos.com.ar\/wp-content\/uploads\/2023\/12\/image-63.png",1024,684,false],"2048x2048":["https:\/\/infoecos.com.ar\/wp-content\/uploads\/2023\/12\/image-63.png",1024,684,false],"covernews-slider-full":["https:\/\/infoecos.com.ar\/wp-content\/uploads\/2023\/12\/image-63.png",1024,684,false],"covernews-slider-center":["https:\/\/infoecos.com.ar\/wp-content\/uploads\/2023\/12\/image-63-936x684.png",684,500,true],"covernews-featured":["https:\/\/infoecos.com.ar\/wp-content\/uploads\/2023\/12\/image-63.png",1024,684,false],"covernews-medium":["https:\/\/infoecos.com.ar\/wp-content\/uploads\/2023\/12\/image-63-720x380.png",540,285,true],"covernews-medium-square":["https:\/\/infoecos.com.ar\/wp-content\/uploads\/2023\/12\/image-63-675x450.png",375,250,true]},"author_info":{"info":["Jorge Matheus"]},"category_info":"<a href=\"https:\/\/infoecos.com.ar\/index.php\/category\/inferior4\/\" rel=\"category tag\">Bloque inferior - 4<\/a>","tag_info":"Bloque inferior - 4","comment_count":"0","_links":{"self":[{"href":"https:\/\/infoecos.com.ar\/index.php\/wp-json\/wp\/v2\/posts\/116215"}],"collection":[{"href":"https:\/\/infoecos.com.ar\/index.php\/wp-json\/wp\/v2\/posts"}],"about":[{"href":"https:\/\/infoecos.com.ar\/index.php\/wp-json\/wp\/v2\/types\/post"}],"author":[{"embeddable":true,"href":"https:\/\/infoecos.com.ar\/index.php\/wp-json\/wp\/v2\/users\/2"}],"replies":[{"embeddable":true,"href":"https:\/\/infoecos.com.ar\/index.php\/wp-json\/wp\/v2\/comments?post=116215"}],"version-history":[{"count":1,"href":"https:\/\/infoecos.com.ar\/index.php\/wp-json\/wp\/v2\/posts\/116215\/revisions"}],"predecessor-version":[{"id":116218,"href":"https:\/\/infoecos.com.ar\/index.php\/wp-json\/wp\/v2\/posts\/116215\/revisions\/116218"}],"wp:featuredmedia":[{"embeddable":true,"href":"https:\/\/infoecos.com.ar\/index.php\/wp-json\/wp\/v2\/media\/116216"}],"wp:attachment":[{"href":"https:\/\/infoecos.com.ar\/index.php\/wp-json\/wp\/v2\/media?parent=116215"}],"wp:term":[{"taxonomy":"category","embeddable":true,"href":"https:\/\/infoecos.com.ar\/index.php\/wp-json\/wp\/v2\/categories?post=116215"},{"taxonomy":"post_tag","embeddable":true,"href":"https:\/\/infoecos.com.ar\/index.php\/wp-json\/wp\/v2\/tags?post=116215"}],"curies":[{"name":"wp","href":"https:\/\/api.w.org\/{rel}","templated":true}]}}