{"id":116225,"date":"2023-12-12T23:21:19","date_gmt":"2023-12-13T02:21:19","guid":{"rendered":"https:\/\/infoecos.com.ar\/?p=116225"},"modified":"2023-12-12T23:21:19","modified_gmt":"2023-12-13T02:21:19","slug":"medidas-sobre-la-politica-monetaria-tasa-de-interes-y-deuda","status":"publish","type":"post","link":"https:\/\/infoecos.com.ar\/index.php\/medidas-sobre-la-politica-monetaria-tasa-de-interes-y-deuda\/","title":{"rendered":"Medidas sobre la pol\u00edtica monetaria, tasa de inter\u00e9s y deuda"},"content":{"rendered":"\n<figure class=\"wp-block-image alignright size-full is-resized\"><img loading=\"lazy\" decoding=\"async\" src=\"https:\/\/infoecos.com.ar\/wp-content\/uploads\/bancocentral.jpg\" alt=\"\" class=\"wp-image-60143\" width=\"384\" height=\"216\" srcset=\"https:\/\/infoecos.com.ar\/wp-content\/uploads\/bancocentral.jpg 827w, https:\/\/infoecos.com.ar\/wp-content\/uploads\/bancocentral-460x259.jpg 460w, https:\/\/infoecos.com.ar\/wp-content\/uploads\/bancocentral-768x433.jpg 768w\" sizes=\"(max-width: 384px) 100vw, 384px\" \/><figcaption class=\"wp-element-caption\">Banco Central<\/figcaption><\/figure>\n\n\n\n<p>El Banco Central (BCRA) informar\u00e1 este mi\u00e9rcoles medidas sobre la pol\u00edtica monetaria, tasa de inter\u00e9s y deuda. Ser\u00e1 la primera presentaci\u00f3n de Santiago Bausili a cargo de la autoridad monetaria.<\/p>\n\n\n\n<p>\u201cEl BCRA anunciar\u00e1, posterior a su reuni\u00f3n de directorio, las medidas relativas a pol\u00edtica monetaria, tasa de inter\u00e9s y deuda, en complemento a los anuncios realizados por el Ministerio de Econom\u00eda\u201d, escribi\u00f3 la cuenta oficial de X del Palacio de Hacienda.<\/p>\n\n\n\n<p>La autoridad monetaria ya hab\u00eda informado que este mi\u00e9rcoles levantar\u00e1 las restricciones para operar en el mercado cambiario despu\u00e9s de que permaneci\u00f3 con un sistema de \u201cconformidad previa\u201d durante las primeras 48 horas de gesti\u00f3n.<\/p>\n\n\n\n<p>La medida dispuesta por la autoridad monetaria significa que cualquier demanda de divisas ser\u00eda revisada por el directorio de la entidad para definir si le da curso o no. En la pr\u00e1ctica, no hubo operaciones cambiarias, ya que la normativa impone pr\u00e1cticamente las condiciones de un feriado cambiario.<\/p>\n\n\n\n<p><\/p>\n","protected":false},"excerpt":{"rendered":"<p>Ser\u00e1 la primera presentaci\u00f3n de Santiago Bausili a cargo de la autoridad monetaria<\/p>\n","protected":false},"author":2,"featured_media":60143,"comment_status":"closed","ping_status":"open","sticky":false,"template":"","format":"standard","meta":{"footnotes":""},"categories":[29],"tags":[9702],"class_list":["post-116225","post","type-post","status-publish","format-standard","has-post-thumbnail","hentry","category-c2nota1","tag-economia-y-politica-argentina-2"],"yoast_head":"<!-- This site is optimized with the Yoast SEO plugin v23.4 - https:\/\/yoast.com\/wordpress\/plugins\/seo\/ -->\n<title>Medidas sobre la pol\u00edtica monetaria, tasa de inter\u00e9s y deuda - Infoecos<\/title>\n<meta name=\"robots\" content=\"index, follow, max-snippet:-1, max-image-preview:large, max-video-preview:-1\" \/>\n<link rel=\"canonical\" href=\"https:\/\/infoecos.com.ar\/index.php\/medidas-sobre-la-politica-monetaria-tasa-de-interes-y-deuda\/\" \/>\n<meta property=\"og:locale\" content=\"es_ES\" \/>\n<meta property=\"og:type\" content=\"article\" \/>\n<meta property=\"og:title\" content=\"Medidas sobre la pol\u00edtica monetaria, tasa de inter\u00e9s y deuda - Infoecos\" \/>\n<meta property=\"og:description\" content=\"Ser\u00e1 la primera presentaci\u00f3n de Santiago Bausili a cargo de la autoridad monetaria\" \/>\n<meta property=\"og:url\" content=\"https:\/\/infoecos.com.ar\/index.php\/medidas-sobre-la-politica-monetaria-tasa-de-interes-y-deuda\/\" \/>\n<meta property=\"og:site_name\" content=\"Infoecos\" \/>\n<meta property=\"article:publisher\" content=\"https:\/\/www.facebook.com\/profile.php?id=100063200290284\" \/>\n<meta property=\"article:published_time\" content=\"2023-12-13T02:21:19+00:00\" \/>\n<meta property=\"og:image\" content=\"https:\/\/infoecos.com.ar\/wp-content\/uploads\/bancocentral.jpg\" \/>\n\t<meta property=\"og:image:width\" content=\"827\" \/>\n\t<meta property=\"og:image:height\" content=\"466\" \/>\n\t<meta property=\"og:image:type\" content=\"image\/jpeg\" \/>\n<meta name=\"author\" content=\"Jorge Matheus\" \/>\n<meta name=\"twitter:card\" content=\"summary_large_image\" \/>\n<meta name=\"twitter:creator\" content=\"@infoecos\" \/>\n<meta name=\"twitter:site\" content=\"@infoecos\" \/>\n<meta name=\"twitter:label1\" content=\"Escrito por\" \/>\n\t<meta name=\"twitter:data1\" content=\"Jorge Matheus\" \/>\n\t<meta name=\"twitter:label2\" content=\"Tiempo de lectura\" \/>\n\t<meta name=\"twitter:data2\" content=\"1 minuto\" \/>\n<script type=\"application\/ld+json\" class=\"yoast-schema-graph\">{\"@context\":\"https:\/\/schema.org\",\"@graph\":[{\"@type\":\"Article\",\"@id\":\"https:\/\/infoecos.com.ar\/index.php\/medidas-sobre-la-politica-monetaria-tasa-de-interes-y-deuda\/#article\",\"isPartOf\":{\"@id\":\"https:\/\/infoecos.com.ar\/index.php\/medidas-sobre-la-politica-monetaria-tasa-de-interes-y-deuda\/\"},\"author\":{\"name\":\"Jorge Matheus\",\"@id\":\"https:\/\/infoecos.com.ar\/#\/schema\/person\/8f5ace5ce73b4b4aac4b7245aee6f191\"},\"headline\":\"Medidas sobre la pol\u00edtica monetaria, tasa de inter\u00e9s y deuda\",\"datePublished\":\"2023-12-13T02:21:19+00:00\",\"dateModified\":\"2023-12-13T02:21:19+00:00\",\"mainEntityOfPage\":{\"@id\":\"https:\/\/infoecos.com.ar\/index.php\/medidas-sobre-la-politica-monetaria-tasa-de-interes-y-deuda\/\"},\"wordCount\":182,\"publisher\":{\"@id\":\"https:\/\/infoecos.com.ar\/#organization\"},\"image\":{\"@id\":\"https:\/\/infoecos.com.ar\/index.php\/medidas-sobre-la-politica-monetaria-tasa-de-interes-y-deuda\/#primaryimage\"},\"thumbnailUrl\":\"https:\/\/infoecos.com.ar\/wp-content\/uploads\/bancocentral.jpg\",\"keywords\":[\"econom\u00eda y pol\u00edtica argentina\"],\"articleSection\":[\"C2 nota 1\"],\"inLanguage\":\"es\"},{\"@type\":\"WebPage\",\"@id\":\"https:\/\/infoecos.com.ar\/index.php\/medidas-sobre-la-politica-monetaria-tasa-de-interes-y-deuda\/\",\"url\":\"https:\/\/infoecos.com.ar\/index.php\/medidas-sobre-la-politica-monetaria-tasa-de-interes-y-deuda\/\",\"name\":\"Medidas sobre la pol\u00edtica monetaria, tasa de inter\u00e9s y deuda - Infoecos\",\"isPartOf\":{\"@id\":\"https:\/\/infoecos.com.ar\/#website\"},\"primaryImageOfPage\":{\"@id\":\"https:\/\/infoecos.com.ar\/index.php\/medidas-sobre-la-politica-monetaria-tasa-de-interes-y-deuda\/#primaryimage\"},\"image\":{\"@id\":\"https:\/\/infoecos.com.ar\/index.php\/medidas-sobre-la-politica-monetaria-tasa-de-interes-y-deuda\/#primaryimage\"},\"thumbnailUrl\":\"https:\/\/infoecos.com.ar\/wp-content\/uploads\/bancocentral.jpg\",\"datePublished\":\"2023-12-13T02:21:19+00:00\",\"dateModified\":\"2023-12-13T02:21:19+00:00\",\"breadcrumb\":{\"@id\":\"https:\/\/infoecos.com.ar\/index.php\/medidas-sobre-la-politica-monetaria-tasa-de-interes-y-deuda\/#breadcrumb\"},\"inLanguage\":\"es\",\"potentialAction\":[{\"@type\":\"ReadAction\",\"target\":[\"https:\/\/infoecos.com.ar\/index.php\/medidas-sobre-la-politica-monetaria-tasa-de-interes-y-deuda\/\"]}]},{\"@type\":\"ImageObject\",\"inLanguage\":\"es\",\"@id\":\"https:\/\/infoecos.com.ar\/index.php\/medidas-sobre-la-politica-monetaria-tasa-de-interes-y-deuda\/#primaryimage\",\"url\":\"https:\/\/infoecos.com.ar\/wp-content\/uploads\/bancocentral.jpg\",\"contentUrl\":\"https:\/\/infoecos.com.ar\/wp-content\/uploads\/bancocentral.jpg\",\"width\":827,\"height\":466,\"caption\":\"Banco Central\"},{\"@type\":\"BreadcrumbList\",\"@id\":\"https:\/\/infoecos.com.ar\/index.php\/medidas-sobre-la-politica-monetaria-tasa-de-interes-y-deuda\/#breadcrumb\",\"itemListElement\":[{\"@type\":\"ListItem\",\"position\":1,\"name\":\"Portada\",\"item\":\"https:\/\/infoecos.com.ar\/\"},{\"@type\":\"ListItem\",\"position\":2,\"name\":\"Medidas sobre la pol\u00edtica monetaria, tasa de inter\u00e9s y deuda\"}]},{\"@type\":\"WebSite\",\"@id\":\"https:\/\/infoecos.com.ar\/#website\",\"url\":\"https:\/\/infoecos.com.ar\/\",\"name\":\"Infoecos\",\"description\":\"Noticias de trenque lauquen y la zona\",\"publisher\":{\"@id\":\"https:\/\/infoecos.com.ar\/#organization\"},\"alternateName\":\"Noticias\",\"potentialAction\":[{\"@type\":\"SearchAction\",\"target\":{\"@type\":\"EntryPoint\",\"urlTemplate\":\"https:\/\/infoecos.com.ar\/?s={search_term_string}\"},\"query-input\":{\"@type\":\"PropertyValueSpecification\",\"valueRequired\":true,\"valueName\":\"search_term_string\"}}],\"inLanguage\":\"es\"},{\"@type\":\"Organization\",\"@id\":\"https:\/\/infoecos.com.ar\/#organization\",\"name\":\"Infoecos\",\"alternateName\":\"Noticias\",\"url\":\"https:\/\/infoecos.com.ar\/\",\"logo\":{\"@type\":\"ImageObject\",\"inLanguage\":\"es\",\"@id\":\"https:\/\/infoecos.com.ar\/#\/schema\/logo\/image\/\",\"url\":\"https:\/\/infoecos.com.ar\/wp-content\/uploads\/2024\/03\/cropped-logo.png\",\"contentUrl\":\"https:\/\/infoecos.com.ar\/wp-content\/uploads\/2024\/03\/cropped-logo.png\",\"width\":374,\"height\":90,\"caption\":\"Infoecos\"},\"image\":{\"@id\":\"https:\/\/infoecos.com.ar\/#\/schema\/logo\/image\/\"},\"sameAs\":[\"https:\/\/www.facebook.com\/profile.php?id=100063200290284\",\"https:\/\/x.com\/infoecos\"]},{\"@type\":\"Person\",\"@id\":\"https:\/\/infoecos.com.ar\/#\/schema\/person\/8f5ace5ce73b4b4aac4b7245aee6f191\",\"name\":\"Jorge Matheus\",\"url\":\"https:\/\/infoecos.com.ar\/index.php\/author\/jomatheus\/\"}]}<\/script>\n<!-- \/ Yoast SEO plugin. -->","yoast_head_json":{"title":"Medidas sobre la pol\u00edtica monetaria, tasa de inter\u00e9s y deuda - Infoecos","robots":{"index":"index","follow":"follow","max-snippet":"max-snippet:-1","max-image-preview":"max-image-preview:large","max-video-preview":"max-video-preview:-1"},"canonical":"https:\/\/infoecos.com.ar\/index.php\/medidas-sobre-la-politica-monetaria-tasa-de-interes-y-deuda\/","og_locale":"es_ES","og_type":"article","og_title":"Medidas sobre la pol\u00edtica monetaria, tasa de inter\u00e9s y deuda - Infoecos","og_description":"Ser\u00e1 la primera presentaci\u00f3n de Santiago Bausili a cargo de la autoridad monetaria","og_url":"https:\/\/infoecos.com.ar\/index.php\/medidas-sobre-la-politica-monetaria-tasa-de-interes-y-deuda\/","og_site_name":"Infoecos","article_publisher":"https:\/\/www.facebook.com\/profile.php?id=100063200290284","article_published_time":"2023-12-13T02:21:19+00:00","og_image":[{"width":827,"height":466,"url":"https:\/\/infoecos.com.ar\/wp-content\/uploads\/bancocentral.jpg","type":"image\/jpeg"}],"author":"Jorge Matheus","twitter_card":"summary_large_image","twitter_creator":"@infoecos","twitter_site":"@infoecos","twitter_misc":{"Escrito por":"Jorge Matheus","Tiempo de lectura":"1 minuto"},"schema":{"@context":"https:\/\/schema.org","@graph":[{"@type":"Article","@id":"https:\/\/infoecos.com.ar\/index.php\/medidas-sobre-la-politica-monetaria-tasa-de-interes-y-deuda\/#article","isPartOf":{"@id":"https:\/\/infoecos.com.ar\/index.php\/medidas-sobre-la-politica-monetaria-tasa-de-interes-y-deuda\/"},"author":{"name":"Jorge Matheus","@id":"https:\/\/infoecos.com.ar\/#\/schema\/person\/8f5ace5ce73b4b4aac4b7245aee6f191"},"headline":"Medidas sobre la pol\u00edtica monetaria, tasa de inter\u00e9s y deuda","datePublished":"2023-12-13T02:21:19+00:00","dateModified":"2023-12-13T02:21:19+00:00","mainEntityOfPage":{"@id":"https:\/\/infoecos.com.ar\/index.php\/medidas-sobre-la-politica-monetaria-tasa-de-interes-y-deuda\/"},"wordCount":182,"publisher":{"@id":"https:\/\/infoecos.com.ar\/#organization"},"image":{"@id":"https:\/\/infoecos.com.ar\/index.php\/medidas-sobre-la-politica-monetaria-tasa-de-interes-y-deuda\/#primaryimage"},"thumbnailUrl":"https:\/\/infoecos.com.ar\/wp-content\/uploads\/bancocentral.jpg","keywords":["econom\u00eda y pol\u00edtica argentina"],"articleSection":["C2 nota 1"],"inLanguage":"es"},{"@type":"WebPage","@id":"https:\/\/infoecos.com.ar\/index.php\/medidas-sobre-la-politica-monetaria-tasa-de-interes-y-deuda\/","url":"https:\/\/infoecos.com.ar\/index.php\/medidas-sobre-la-politica-monetaria-tasa-de-interes-y-deuda\/","name":"Medidas sobre la pol\u00edtica monetaria, tasa de inter\u00e9s y deuda - Infoecos","isPartOf":{"@id":"https:\/\/infoecos.com.ar\/#website"},"primaryImageOfPage":{"@id":"https:\/\/infoecos.com.ar\/index.php\/medidas-sobre-la-politica-monetaria-tasa-de-interes-y-deuda\/#primaryimage"},"image":{"@id":"https:\/\/infoecos.com.ar\/index.php\/medidas-sobre-la-politica-monetaria-tasa-de-interes-y-deuda\/#primaryimage"},"thumbnailUrl":"https:\/\/infoecos.com.ar\/wp-content\/uploads\/bancocentral.jpg","datePublished":"2023-12-13T02:21:19+00:00","dateModified":"2023-12-13T02:21:19+00:00","breadcrumb":{"@id":"https:\/\/infoecos.com.ar\/index.php\/medidas-sobre-la-politica-monetaria-tasa-de-interes-y-deuda\/#breadcrumb"},"inLanguage":"es","potentialAction":[{"@type":"ReadAction","target":["https:\/\/infoecos.com.ar\/index.php\/medidas-sobre-la-politica-monetaria-tasa-de-interes-y-deuda\/"]}]},{"@type":"ImageObject","inLanguage":"es","@id":"https:\/\/infoecos.com.ar\/index.php\/medidas-sobre-la-politica-monetaria-tasa-de-interes-y-deuda\/#primaryimage","url":"https:\/\/infoecos.com.ar\/wp-content\/uploads\/bancocentral.jpg","contentUrl":"https:\/\/infoecos.com.ar\/wp-content\/uploads\/bancocentral.jpg","width":827,"height":466,"caption":"Banco Central"},{"@type":"BreadcrumbList","@id":"https:\/\/infoecos.com.ar\/index.php\/medidas-sobre-la-politica-monetaria-tasa-de-interes-y-deuda\/#breadcrumb","itemListElement":[{"@type":"ListItem","position":1,"name":"Portada","item":"https:\/\/infoecos.com.ar\/"},{"@type":"ListItem","position":2,"name":"Medidas sobre la pol\u00edtica monetaria, tasa de inter\u00e9s y deuda"}]},{"@type":"WebSite","@id":"https:\/\/infoecos.com.ar\/#website","url":"https:\/\/infoecos.com.ar\/","name":"Infoecos","description":"Noticias de trenque lauquen y la zona","publisher":{"@id":"https:\/\/infoecos.com.ar\/#organization"},"alternateName":"Noticias","potentialAction":[{"@type":"SearchAction","target":{"@type":"EntryPoint","urlTemplate":"https:\/\/infoecos.com.ar\/?s={search_term_string}"},"query-input":{"@type":"PropertyValueSpecification","valueRequired":true,"valueName":"search_term_string"}}],"inLanguage":"es"},{"@type":"Organization","@id":"https:\/\/infoecos.com.ar\/#organization","name":"Infoecos","alternateName":"Noticias","url":"https:\/\/infoecos.com.ar\/","logo":{"@type":"ImageObject","inLanguage":"es","@id":"https:\/\/infoecos.com.ar\/#\/schema\/logo\/image\/","url":"https:\/\/infoecos.com.ar\/wp-content\/uploads\/2024\/03\/cropped-logo.png","contentUrl":"https:\/\/infoecos.com.ar\/wp-content\/uploads\/2024\/03\/cropped-logo.png","width":374,"height":90,"caption":"Infoecos"},"image":{"@id":"https:\/\/infoecos.com.ar\/#\/schema\/logo\/image\/"},"sameAs":["https:\/\/www.facebook.com\/profile.php?id=100063200290284","https:\/\/x.com\/infoecos"]},{"@type":"Person","@id":"https:\/\/infoecos.com.ar\/#\/schema\/person\/8f5ace5ce73b4b4aac4b7245aee6f191","name":"Jorge Matheus","url":"https:\/\/infoecos.com.ar\/index.php\/author\/jomatheus\/"}]}},"featured_image_urls":{"full":["https:\/\/infoecos.com.ar\/wp-content\/uploads\/bancocentral.jpg",827,466,false],"thumbnail":["https:\/\/infoecos.com.ar\/wp-content\/uploads\/bancocentral-150x150.jpg",150,150,true],"medium":["https:\/\/infoecos.com.ar\/wp-content\/uploads\/bancocentral-460x259.jpg",460,259,true],"medium_large":["https:\/\/infoecos.com.ar\/wp-content\/uploads\/bancocentral-768x433.jpg",640,361,true],"large":["https:\/\/infoecos.com.ar\/wp-content\/uploads\/bancocentral.jpg",640,361,false],"1536x1536":["https:\/\/infoecos.com.ar\/wp-content\/uploads\/bancocentral.jpg",827,466,false],"2048x2048":["https:\/\/infoecos.com.ar\/wp-content\/uploads\/bancocentral.jpg",827,466,false],"covernews-slider-full":["https:\/\/infoecos.com.ar\/wp-content\/uploads\/bancocentral.jpg",827,466,false],"covernews-slider-center":["https:\/\/infoecos.com.ar\/wp-content\/uploads\/bancocentral.jpg",800,451,false],"covernews-featured":["https:\/\/infoecos.com.ar\/wp-content\/uploads\/bancocentral.jpg",827,466,false],"covernews-medium":["https:\/\/infoecos.com.ar\/wp-content\/uploads\/bancocentral-720x380.jpg",540,285,true],"covernews-medium-square":["https:\/\/infoecos.com.ar\/wp-content\/uploads\/bancocentral-675x450.jpg",375,250,true]},"author_info":{"info":["Jorge Matheus"]},"category_info":"<a href=\"https:\/\/infoecos.com.ar\/index.php\/category\/c2nota1\/\" rel=\"category tag\">C2 nota 1<\/a>","tag_info":"C2 nota 1","comment_count":"0","_links":{"self":[{"href":"https:\/\/infoecos.com.ar\/index.php\/wp-json\/wp\/v2\/posts\/116225"}],"collection":[{"href":"https:\/\/infoecos.com.ar\/index.php\/wp-json\/wp\/v2\/posts"}],"about":[{"href":"https:\/\/infoecos.com.ar\/index.php\/wp-json\/wp\/v2\/types\/post"}],"author":[{"embeddable":true,"href":"https:\/\/infoecos.com.ar\/index.php\/wp-json\/wp\/v2\/users\/2"}],"replies":[{"embeddable":true,"href":"https:\/\/infoecos.com.ar\/index.php\/wp-json\/wp\/v2\/comments?post=116225"}],"version-history":[{"count":1,"href":"https:\/\/infoecos.com.ar\/index.php\/wp-json\/wp\/v2\/posts\/116225\/revisions"}],"predecessor-version":[{"id":116226,"href":"https:\/\/infoecos.com.ar\/index.php\/wp-json\/wp\/v2\/posts\/116225\/revisions\/116226"}],"wp:featuredmedia":[{"embeddable":true,"href":"https:\/\/infoecos.com.ar\/index.php\/wp-json\/wp\/v2\/media\/60143"}],"wp:attachment":[{"href":"https:\/\/infoecos.com.ar\/index.php\/wp-json\/wp\/v2\/media?parent=116225"}],"wp:term":[{"taxonomy":"category","embeddable":true,"href":"https:\/\/infoecos.com.ar\/index.php\/wp-json\/wp\/v2\/categories?post=116225"},{"taxonomy":"post_tag","embeddable":true,"href":"https:\/\/infoecos.com.ar\/index.php\/wp-json\/wp\/v2\/tags?post=116225"}],"curies":[{"name":"wp","href":"https:\/\/api.w.org\/{rel}","templated":true}]}}