{"id":116227,"date":"2023-12-12T23:32:08","date_gmt":"2023-12-13T02:32:08","guid":{"rendered":"https:\/\/infoecos.com.ar\/?p=116227"},"modified":"2023-12-14T23:59:35","modified_gmt":"2023-12-15T02:59:35","slug":"mas-criticas-que-apoyo-recibieron-las-medidas-anunciadas-por-el-gobierno-nacional","status":"publish","type":"post","link":"https:\/\/infoecos.com.ar\/index.php\/mas-criticas-que-apoyo-recibieron-las-medidas-anunciadas-por-el-gobierno-nacional\/","title":{"rendered":"M\u00e1s cr\u00edticas que apoyo recibieron las medidas anunciadas por el Gobierno Nacional"},"content":{"rendered":"\n<figure class=\"wp-block-image alignright size-full\"><img loading=\"lazy\" decoding=\"async\" width=\"400\" height=\"228\" src=\"https:\/\/infoecos.com.ar\/wp-content\/uploads\/2023\/12\/image-66.png\" alt=\"\" class=\"wp-image-116228\"\/><\/figure>\n\n\n\n<p>Mientras algunos apoyaron las decisiones del jefe de Hacienda, otros criticaron la falta de medidas para algunos sectores cr\u00edticos como los jubilados.<\/p>\n\n\n\n<p>\u00abLas medidas van todas en el sentido correcto, con mejoras de precios relativos para sector energ\u00e9tico y externo, lo que quiere decir que se corrige la falta de energ\u00eda y d\u00f3lares. Fuerte sesgo fiscalista\u00bb, empez\u00f3 destacando&nbsp;<strong>Mart\u00edn Tetaz<\/strong>.<\/p>\n\n\n\n<p>Sin embargo, el diputado de&nbsp;<strong>Juntos por el Cambio&nbsp;<\/strong>mostr\u00f3 su desacuerdo con \u00abel d\u00f3lar fijo y&nbsp;las retenciones\u00bb. \u00abGran acierto empezar duplicando AUH. Falta anunciar un nuevo r\u00e9gimen monetario de shock, que transmita la certeza de que cambian las reglas de juego, para que se desplome la inflaci\u00f3n\u00bb, finaliz\u00f3.<\/p>\n\n\n\n<p>\u00abLos argentinos entendemos que la crisis es grande y que as\u00ed no podemos seguir. Pero le pido al Gobierno que as\u00ed como pens\u00f3 en subir la asignaci\u00f3n por hijo piense en los Jubilados, que ya no dan m\u00e1s. El que trabaj\u00f3 toda su vida no puede sostener un ajuste\u00bb, expres\u00f3 por su parte&nbsp;<strong>Paula Oliveto<\/strong>, diputada nacional por la Coalici\u00f3n C\u00edvica.<\/p>\n\n\n\n<p><strong>Graciela Oca\u00f1a<\/strong>, legisladora en la Ciudad de Buenos Aires, en tanto,&nbsp;<strong>&nbsp;<\/strong>se expres\u00f3 en esa misma l\u00ednea y apunt\u00f3 contra el funcionario por \u00abno mencionar&nbsp;a los jubilados en su discurso\u00bb.<\/p>\n\n\n\n<p>\u00ab\u00bfAcaso son parte del ajuste? Los que perciben la m\u00ednima apenas superan los 100 mil pesos m\u00e1s bonos que pierden vigencia a partir de enero. Es imperioso saber qu\u00e9 pasar\u00e1 con sus haberes. M\u00e1s de 6 millones de personas esperaban estos anuncios. Trabajaron y aportaron toda su vida y ni siquiera fueron mencionados por el Ministro\u00bb, dispar\u00f3.<\/p>\n\n\n\n<p>La excandidata a presidenta&nbsp;<strong>Myriam Bregman<\/strong>, cruz\u00f3 al Gobierno y asegur\u00f3 que comunicaron una \u00abmonstruosa transferencia\u00bb desde los trabajadores hacia \u00ablos sectores concentrados de la econom\u00eda\u00bb. \u00abLa casta est\u00e1 feliz\u00bb, agreg\u00f3.<\/p>\n\n\n\n<p>El legislador porte\u00f1o,&nbsp;<strong>Gabriel Solano<\/strong>, quien directamente tild\u00f3 al anunci\u00f3 como un \u00abverdadero Rodrigazo\u00bb que ir\u00e1 acompa\u00f1ado de \u00abdevaluaci\u00f3n, tarifazos, suspensi\u00f3n de la obra p\u00fablica, licuaci\u00f3n de salarios, jubilaciones y planes sociales, m\u00e1s despidos en la administraci\u00f3n p\u00fablica\u00bb.<\/p>\n\n\n\n<p><strong>Fuente: https:\/\/www.mdzol.com\/<\/strong><\/p>\n","protected":false},"excerpt":{"rendered":"<p>Mientras algunos apoyaron las decisiones del jefe de Hacienda, otros criticaron la falta de medidas para algunos sectores cr\u00edticos como los jubilados<\/p>\n","protected":false},"author":2,"featured_media":116228,"comment_status":"closed","ping_status":"open","sticky":false,"template":"","format":"standard","meta":{"footnotes":""},"categories":[42],"tags":[9701],"class_list":["post-116227","post","type-post","status-publish","format-standard","has-post-thumbnail","hentry","category-inferior3","tag-economia-y-politica-argentina"],"yoast_head":"<!-- This site is optimized with the Yoast SEO plugin v23.4 - https:\/\/yoast.com\/wordpress\/plugins\/seo\/ -->\n<title>M\u00e1s cr\u00edticas que apoyo recibieron las medidas anunciadas por el Gobierno Nacional - Infoecos<\/title>\n<meta name=\"robots\" content=\"index, follow, max-snippet:-1, max-image-preview:large, max-video-preview:-1\" \/>\n<link rel=\"canonical\" href=\"https:\/\/infoecos.com.ar\/index.php\/mas-criticas-que-apoyo-recibieron-las-medidas-anunciadas-por-el-gobierno-nacional\/\" \/>\n<meta property=\"og:locale\" content=\"es_ES\" \/>\n<meta property=\"og:type\" content=\"article\" \/>\n<meta property=\"og:title\" content=\"M\u00e1s cr\u00edticas que apoyo recibieron las medidas anunciadas por el Gobierno Nacional - Infoecos\" \/>\n<meta property=\"og:description\" content=\"Mientras algunos apoyaron las decisiones del jefe de Hacienda, otros criticaron la falta de medidas para algunos sectores cr\u00edticos como los jubilados\" \/>\n<meta property=\"og:url\" content=\"https:\/\/infoecos.com.ar\/index.php\/mas-criticas-que-apoyo-recibieron-las-medidas-anunciadas-por-el-gobierno-nacional\/\" \/>\n<meta property=\"og:site_name\" content=\"Infoecos\" \/>\n<meta property=\"article:publisher\" content=\"https:\/\/www.facebook.com\/profile.php?id=100063200290284\" \/>\n<meta property=\"article:published_time\" content=\"2023-12-13T02:32:08+00:00\" \/>\n<meta property=\"article:modified_time\" content=\"2023-12-15T02:59:35+00:00\" \/>\n<meta property=\"og:image\" content=\"https:\/\/infoecos.com.ar\/wp-content\/uploads\/2023\/12\/image-66.png\" \/>\n\t<meta property=\"og:image:width\" content=\"400\" \/>\n\t<meta property=\"og:image:height\" content=\"228\" \/>\n\t<meta property=\"og:image:type\" content=\"image\/png\" \/>\n<meta name=\"author\" content=\"Jorge Matheus\" \/>\n<meta name=\"twitter:card\" content=\"summary_large_image\" \/>\n<meta name=\"twitter:creator\" content=\"@infoecos\" \/>\n<meta name=\"twitter:site\" content=\"@infoecos\" \/>\n<meta name=\"twitter:label1\" content=\"Escrito por\" \/>\n\t<meta name=\"twitter:data1\" content=\"Jorge Matheus\" \/>\n\t<meta name=\"twitter:label2\" content=\"Tiempo de lectura\" \/>\n\t<meta name=\"twitter:data2\" content=\"2 minutos\" \/>\n<script type=\"application\/ld+json\" class=\"yoast-schema-graph\">{\"@context\":\"https:\/\/schema.org\",\"@graph\":[{\"@type\":\"Article\",\"@id\":\"https:\/\/infoecos.com.ar\/index.php\/mas-criticas-que-apoyo-recibieron-las-medidas-anunciadas-por-el-gobierno-nacional\/#article\",\"isPartOf\":{\"@id\":\"https:\/\/infoecos.com.ar\/index.php\/mas-criticas-que-apoyo-recibieron-las-medidas-anunciadas-por-el-gobierno-nacional\/\"},\"author\":{\"name\":\"Jorge Matheus\",\"@id\":\"https:\/\/infoecos.com.ar\/#\/schema\/person\/8f5ace5ce73b4b4aac4b7245aee6f191\"},\"headline\":\"M\u00e1s cr\u00edticas que apoyo recibieron las medidas anunciadas por el Gobierno Nacional\",\"datePublished\":\"2023-12-13T02:32:08+00:00\",\"dateModified\":\"2023-12-15T02:59:35+00:00\",\"mainEntityOfPage\":{\"@id\":\"https:\/\/infoecos.com.ar\/index.php\/mas-criticas-que-apoyo-recibieron-las-medidas-anunciadas-por-el-gobierno-nacional\/\"},\"wordCount\":382,\"publisher\":{\"@id\":\"https:\/\/infoecos.com.ar\/#organization\"},\"image\":{\"@id\":\"https:\/\/infoecos.com.ar\/index.php\/mas-criticas-que-apoyo-recibieron-las-medidas-anunciadas-por-el-gobierno-nacional\/#primaryimage\"},\"thumbnailUrl\":\"https:\/\/infoecos.com.ar\/wp-content\/uploads\/2023\/12\/image-66.png\",\"keywords\":[\"ECONOM\u00cdA Y POL\u00cdTICA ARGENTINA\"],\"articleSection\":[\"Bloque inferior - 3\"],\"inLanguage\":\"es\"},{\"@type\":\"WebPage\",\"@id\":\"https:\/\/infoecos.com.ar\/index.php\/mas-criticas-que-apoyo-recibieron-las-medidas-anunciadas-por-el-gobierno-nacional\/\",\"url\":\"https:\/\/infoecos.com.ar\/index.php\/mas-criticas-que-apoyo-recibieron-las-medidas-anunciadas-por-el-gobierno-nacional\/\",\"name\":\"M\u00e1s cr\u00edticas que apoyo recibieron las medidas anunciadas por el Gobierno Nacional - Infoecos\",\"isPartOf\":{\"@id\":\"https:\/\/infoecos.com.ar\/#website\"},\"primaryImageOfPage\":{\"@id\":\"https:\/\/infoecos.com.ar\/index.php\/mas-criticas-que-apoyo-recibieron-las-medidas-anunciadas-por-el-gobierno-nacional\/#primaryimage\"},\"image\":{\"@id\":\"https:\/\/infoecos.com.ar\/index.php\/mas-criticas-que-apoyo-recibieron-las-medidas-anunciadas-por-el-gobierno-nacional\/#primaryimage\"},\"thumbnailUrl\":\"https:\/\/infoecos.com.ar\/wp-content\/uploads\/2023\/12\/image-66.png\",\"datePublished\":\"2023-12-13T02:32:08+00:00\",\"dateModified\":\"2023-12-15T02:59:35+00:00\",\"breadcrumb\":{\"@id\":\"https:\/\/infoecos.com.ar\/index.php\/mas-criticas-que-apoyo-recibieron-las-medidas-anunciadas-por-el-gobierno-nacional\/#breadcrumb\"},\"inLanguage\":\"es\",\"potentialAction\":[{\"@type\":\"ReadAction\",\"target\":[\"https:\/\/infoecos.com.ar\/index.php\/mas-criticas-que-apoyo-recibieron-las-medidas-anunciadas-por-el-gobierno-nacional\/\"]}]},{\"@type\":\"ImageObject\",\"inLanguage\":\"es\",\"@id\":\"https:\/\/infoecos.com.ar\/index.php\/mas-criticas-que-apoyo-recibieron-las-medidas-anunciadas-por-el-gobierno-nacional\/#primaryimage\",\"url\":\"https:\/\/infoecos.com.ar\/wp-content\/uploads\/2023\/12\/image-66.png\",\"contentUrl\":\"https:\/\/infoecos.com.ar\/wp-content\/uploads\/2023\/12\/image-66.png\",\"width\":400,\"height\":228},{\"@type\":\"BreadcrumbList\",\"@id\":\"https:\/\/infoecos.com.ar\/index.php\/mas-criticas-que-apoyo-recibieron-las-medidas-anunciadas-por-el-gobierno-nacional\/#breadcrumb\",\"itemListElement\":[{\"@type\":\"ListItem\",\"position\":1,\"name\":\"Portada\",\"item\":\"https:\/\/infoecos.com.ar\/\"},{\"@type\":\"ListItem\",\"position\":2,\"name\":\"M\u00e1s cr\u00edticas que apoyo recibieron las medidas anunciadas por el Gobierno Nacional\"}]},{\"@type\":\"WebSite\",\"@id\":\"https:\/\/infoecos.com.ar\/#website\",\"url\":\"https:\/\/infoecos.com.ar\/\",\"name\":\"Infoecos\",\"description\":\"Noticias de trenque lauquen y la zona\",\"publisher\":{\"@id\":\"https:\/\/infoecos.com.ar\/#organization\"},\"alternateName\":\"Noticias\",\"potentialAction\":[{\"@type\":\"SearchAction\",\"target\":{\"@type\":\"EntryPoint\",\"urlTemplate\":\"https:\/\/infoecos.com.ar\/?s={search_term_string}\"},\"query-input\":{\"@type\":\"PropertyValueSpecification\",\"valueRequired\":true,\"valueName\":\"search_term_string\"}}],\"inLanguage\":\"es\"},{\"@type\":\"Organization\",\"@id\":\"https:\/\/infoecos.com.ar\/#organization\",\"name\":\"Infoecos\",\"alternateName\":\"Noticias\",\"url\":\"https:\/\/infoecos.com.ar\/\",\"logo\":{\"@type\":\"ImageObject\",\"inLanguage\":\"es\",\"@id\":\"https:\/\/infoecos.com.ar\/#\/schema\/logo\/image\/\",\"url\":\"https:\/\/infoecos.com.ar\/wp-content\/uploads\/2024\/03\/cropped-logo.png\",\"contentUrl\":\"https:\/\/infoecos.com.ar\/wp-content\/uploads\/2024\/03\/cropped-logo.png\",\"width\":374,\"height\":90,\"caption\":\"Infoecos\"},\"image\":{\"@id\":\"https:\/\/infoecos.com.ar\/#\/schema\/logo\/image\/\"},\"sameAs\":[\"https:\/\/www.facebook.com\/profile.php?id=100063200290284\",\"https:\/\/x.com\/infoecos\"]},{\"@type\":\"Person\",\"@id\":\"https:\/\/infoecos.com.ar\/#\/schema\/person\/8f5ace5ce73b4b4aac4b7245aee6f191\",\"name\":\"Jorge Matheus\",\"url\":\"https:\/\/infoecos.com.ar\/index.php\/author\/jomatheus\/\"}]}<\/script>\n<!-- \/ Yoast SEO plugin. -->","yoast_head_json":{"title":"M\u00e1s cr\u00edticas que apoyo recibieron las medidas anunciadas por el Gobierno Nacional - Infoecos","robots":{"index":"index","follow":"follow","max-snippet":"max-snippet:-1","max-image-preview":"max-image-preview:large","max-video-preview":"max-video-preview:-1"},"canonical":"https:\/\/infoecos.com.ar\/index.php\/mas-criticas-que-apoyo-recibieron-las-medidas-anunciadas-por-el-gobierno-nacional\/","og_locale":"es_ES","og_type":"article","og_title":"M\u00e1s cr\u00edticas que apoyo recibieron las medidas anunciadas por el Gobierno Nacional - Infoecos","og_description":"Mientras algunos apoyaron las decisiones del jefe de Hacienda, otros criticaron la falta de medidas para algunos sectores cr\u00edticos como los jubilados","og_url":"https:\/\/infoecos.com.ar\/index.php\/mas-criticas-que-apoyo-recibieron-las-medidas-anunciadas-por-el-gobierno-nacional\/","og_site_name":"Infoecos","article_publisher":"https:\/\/www.facebook.com\/profile.php?id=100063200290284","article_published_time":"2023-12-13T02:32:08+00:00","article_modified_time":"2023-12-15T02:59:35+00:00","og_image":[{"width":400,"height":228,"url":"https:\/\/infoecos.com.ar\/wp-content\/uploads\/2023\/12\/image-66.png","type":"image\/png"}],"author":"Jorge Matheus","twitter_card":"summary_large_image","twitter_creator":"@infoecos","twitter_site":"@infoecos","twitter_misc":{"Escrito por":"Jorge Matheus","Tiempo de lectura":"2 minutos"},"schema":{"@context":"https:\/\/schema.org","@graph":[{"@type":"Article","@id":"https:\/\/infoecos.com.ar\/index.php\/mas-criticas-que-apoyo-recibieron-las-medidas-anunciadas-por-el-gobierno-nacional\/#article","isPartOf":{"@id":"https:\/\/infoecos.com.ar\/index.php\/mas-criticas-que-apoyo-recibieron-las-medidas-anunciadas-por-el-gobierno-nacional\/"},"author":{"name":"Jorge Matheus","@id":"https:\/\/infoecos.com.ar\/#\/schema\/person\/8f5ace5ce73b4b4aac4b7245aee6f191"},"headline":"M\u00e1s cr\u00edticas que apoyo recibieron las medidas anunciadas por el Gobierno Nacional","datePublished":"2023-12-13T02:32:08+00:00","dateModified":"2023-12-15T02:59:35+00:00","mainEntityOfPage":{"@id":"https:\/\/infoecos.com.ar\/index.php\/mas-criticas-que-apoyo-recibieron-las-medidas-anunciadas-por-el-gobierno-nacional\/"},"wordCount":382,"publisher":{"@id":"https:\/\/infoecos.com.ar\/#organization"},"image":{"@id":"https:\/\/infoecos.com.ar\/index.php\/mas-criticas-que-apoyo-recibieron-las-medidas-anunciadas-por-el-gobierno-nacional\/#primaryimage"},"thumbnailUrl":"https:\/\/infoecos.com.ar\/wp-content\/uploads\/2023\/12\/image-66.png","keywords":["ECONOM\u00cdA Y POL\u00cdTICA ARGENTINA"],"articleSection":["Bloque inferior - 3"],"inLanguage":"es"},{"@type":"WebPage","@id":"https:\/\/infoecos.com.ar\/index.php\/mas-criticas-que-apoyo-recibieron-las-medidas-anunciadas-por-el-gobierno-nacional\/","url":"https:\/\/infoecos.com.ar\/index.php\/mas-criticas-que-apoyo-recibieron-las-medidas-anunciadas-por-el-gobierno-nacional\/","name":"M\u00e1s cr\u00edticas que apoyo recibieron las medidas anunciadas por el Gobierno Nacional - Infoecos","isPartOf":{"@id":"https:\/\/infoecos.com.ar\/#website"},"primaryImageOfPage":{"@id":"https:\/\/infoecos.com.ar\/index.php\/mas-criticas-que-apoyo-recibieron-las-medidas-anunciadas-por-el-gobierno-nacional\/#primaryimage"},"image":{"@id":"https:\/\/infoecos.com.ar\/index.php\/mas-criticas-que-apoyo-recibieron-las-medidas-anunciadas-por-el-gobierno-nacional\/#primaryimage"},"thumbnailUrl":"https:\/\/infoecos.com.ar\/wp-content\/uploads\/2023\/12\/image-66.png","datePublished":"2023-12-13T02:32:08+00:00","dateModified":"2023-12-15T02:59:35+00:00","breadcrumb":{"@id":"https:\/\/infoecos.com.ar\/index.php\/mas-criticas-que-apoyo-recibieron-las-medidas-anunciadas-por-el-gobierno-nacional\/#breadcrumb"},"inLanguage":"es","potentialAction":[{"@type":"ReadAction","target":["https:\/\/infoecos.com.ar\/index.php\/mas-criticas-que-apoyo-recibieron-las-medidas-anunciadas-por-el-gobierno-nacional\/"]}]},{"@type":"ImageObject","inLanguage":"es","@id":"https:\/\/infoecos.com.ar\/index.php\/mas-criticas-que-apoyo-recibieron-las-medidas-anunciadas-por-el-gobierno-nacional\/#primaryimage","url":"https:\/\/infoecos.com.ar\/wp-content\/uploads\/2023\/12\/image-66.png","contentUrl":"https:\/\/infoecos.com.ar\/wp-content\/uploads\/2023\/12\/image-66.png","width":400,"height":228},{"@type":"BreadcrumbList","@id":"https:\/\/infoecos.com.ar\/index.php\/mas-criticas-que-apoyo-recibieron-las-medidas-anunciadas-por-el-gobierno-nacional\/#breadcrumb","itemListElement":[{"@type":"ListItem","position":1,"name":"Portada","item":"https:\/\/infoecos.com.ar\/"},{"@type":"ListItem","position":2,"name":"M\u00e1s cr\u00edticas que apoyo recibieron las medidas anunciadas por el Gobierno Nacional"}]},{"@type":"WebSite","@id":"https:\/\/infoecos.com.ar\/#website","url":"https:\/\/infoecos.com.ar\/","name":"Infoecos","description":"Noticias de trenque lauquen y la zona","publisher":{"@id":"https:\/\/infoecos.com.ar\/#organization"},"alternateName":"Noticias","potentialAction":[{"@type":"SearchAction","target":{"@type":"EntryPoint","urlTemplate":"https:\/\/infoecos.com.ar\/?s={search_term_string}"},"query-input":{"@type":"PropertyValueSpecification","valueRequired":true,"valueName":"search_term_string"}}],"inLanguage":"es"},{"@type":"Organization","@id":"https:\/\/infoecos.com.ar\/#organization","name":"Infoecos","alternateName":"Noticias","url":"https:\/\/infoecos.com.ar\/","logo":{"@type":"ImageObject","inLanguage":"es","@id":"https:\/\/infoecos.com.ar\/#\/schema\/logo\/image\/","url":"https:\/\/infoecos.com.ar\/wp-content\/uploads\/2024\/03\/cropped-logo.png","contentUrl":"https:\/\/infoecos.com.ar\/wp-content\/uploads\/2024\/03\/cropped-logo.png","width":374,"height":90,"caption":"Infoecos"},"image":{"@id":"https:\/\/infoecos.com.ar\/#\/schema\/logo\/image\/"},"sameAs":["https:\/\/www.facebook.com\/profile.php?id=100063200290284","https:\/\/x.com\/infoecos"]},{"@type":"Person","@id":"https:\/\/infoecos.com.ar\/#\/schema\/person\/8f5ace5ce73b4b4aac4b7245aee6f191","name":"Jorge Matheus","url":"https:\/\/infoecos.com.ar\/index.php\/author\/jomatheus\/"}]}},"featured_image_urls":{"full":["https:\/\/infoecos.com.ar\/wp-content\/uploads\/2023\/12\/image-66.png",400,228,false],"thumbnail":["https:\/\/infoecos.com.ar\/wp-content\/uploads\/2023\/12\/image-66-300x150.png",300,150,true],"medium":["https:\/\/infoecos.com.ar\/wp-content\/uploads\/2023\/12\/image-66.png",400,228,false],"medium_large":["https:\/\/infoecos.com.ar\/wp-content\/uploads\/2023\/12\/image-66.png",400,228,false],"large":["https:\/\/infoecos.com.ar\/wp-content\/uploads\/2023\/12\/image-66.png",400,228,false],"1536x1536":["https:\/\/infoecos.com.ar\/wp-content\/uploads\/2023\/12\/image-66.png",400,228,false],"2048x2048":["https:\/\/infoecos.com.ar\/wp-content\/uploads\/2023\/12\/image-66.png",400,228,false],"covernews-slider-full":["https:\/\/infoecos.com.ar\/wp-content\/uploads\/2023\/12\/image-66.png",400,228,false],"covernews-slider-center":["https:\/\/infoecos.com.ar\/wp-content\/uploads\/2023\/12\/image-66.png",400,228,false],"covernews-featured":["https:\/\/infoecos.com.ar\/wp-content\/uploads\/2023\/12\/image-66.png",400,228,false],"covernews-medium":["https:\/\/infoecos.com.ar\/wp-content\/uploads\/2023\/12\/image-66.png",400,228,false],"covernews-medium-square":["https:\/\/infoecos.com.ar\/wp-content\/uploads\/2023\/12\/image-66.png",400,228,false]},"author_info":{"info":["Jorge Matheus"]},"category_info":"<a href=\"https:\/\/infoecos.com.ar\/index.php\/category\/inferior3\/\" rel=\"category tag\">Bloque inferior - 3<\/a>","tag_info":"Bloque inferior - 3","comment_count":"0","_links":{"self":[{"href":"https:\/\/infoecos.com.ar\/index.php\/wp-json\/wp\/v2\/posts\/116227"}],"collection":[{"href":"https:\/\/infoecos.com.ar\/index.php\/wp-json\/wp\/v2\/posts"}],"about":[{"href":"https:\/\/infoecos.com.ar\/index.php\/wp-json\/wp\/v2\/types\/post"}],"author":[{"embeddable":true,"href":"https:\/\/infoecos.com.ar\/index.php\/wp-json\/wp\/v2\/users\/2"}],"replies":[{"embeddable":true,"href":"https:\/\/infoecos.com.ar\/index.php\/wp-json\/wp\/v2\/comments?post=116227"}],"version-history":[{"count":2,"href":"https:\/\/infoecos.com.ar\/index.php\/wp-json\/wp\/v2\/posts\/116227\/revisions"}],"predecessor-version":[{"id":116276,"href":"https:\/\/infoecos.com.ar\/index.php\/wp-json\/wp\/v2\/posts\/116227\/revisions\/116276"}],"wp:featuredmedia":[{"embeddable":true,"href":"https:\/\/infoecos.com.ar\/index.php\/wp-json\/wp\/v2\/media\/116228"}],"wp:attachment":[{"href":"https:\/\/infoecos.com.ar\/index.php\/wp-json\/wp\/v2\/media?parent=116227"}],"wp:term":[{"taxonomy":"category","embeddable":true,"href":"https:\/\/infoecos.com.ar\/index.php\/wp-json\/wp\/v2\/categories?post=116227"},{"taxonomy":"post_tag","embeddable":true,"href":"https:\/\/infoecos.com.ar\/index.php\/wp-json\/wp\/v2\/tags?post=116227"}],"curies":[{"name":"wp","href":"https:\/\/api.w.org\/{rel}","templated":true}]}}