{"id":116272,"date":"2023-12-13T14:45:51","date_gmt":"2023-12-13T17:45:51","guid":{"rendered":"https:\/\/infoecos.com.ar\/?p=116272"},"modified":"2023-12-15T00:02:59","modified_gmt":"2023-12-15T03:02:59","slug":"mucha-mas-creatividad-mucha-mas-militancia-para-seguir-adelante","status":"publish","type":"post","link":"https:\/\/infoecos.com.ar\/index.php\/mucha-mas-creatividad-mucha-mas-militancia-para-seguir-adelante\/","title":{"rendered":"\u201cMucha m\u00e1s creatividad, mucha m\u00e1s militancia, para seguir adelante\u201d"},"content":{"rendered":"\n<figure class=\"wp-block-image alignright size-full is-resized\"><img loading=\"lazy\" decoding=\"async\" src=\"https:\/\/infoecos.com.ar\/wp-content\/uploads\/2023\/12\/image-75.png\" alt=\"\" class=\"wp-image-116273\" width=\"279\" height=\"208\" srcset=\"https:\/\/infoecos.com.ar\/wp-content\/uploads\/2023\/12\/image-75.png 1140w, https:\/\/infoecos.com.ar\/wp-content\/uploads\/2023\/12\/image-75-800x600.png 800w, https:\/\/infoecos.com.ar\/wp-content\/uploads\/2023\/12\/image-75-768x576.png 768w, https:\/\/infoecos.com.ar\/wp-content\/uploads\/2023\/12\/image-75-1024x768.png 1024w\" sizes=\"(max-width: 279px) 100vw, 279px\" \/><\/figure>\n\n\n\n<p>El&nbsp;<strong>gobernador de la provincia de Buenos Aires<\/strong>,&nbsp;<strong>Axel Kicillof<\/strong>, le tom\u00f3 juramento a los&nbsp;<strong>ministros&nbsp;<\/strong>que lo acompa\u00f1ar\u00e1n los pr\u00f3ximos a\u00f1os.<\/p>\n\n\n\n<p><strong>Kicillof&nbsp;<\/strong>se refiri\u00f3 a los cambios que debi\u00f3 aplicar en su&nbsp;<strong>Gabinete&nbsp;<\/strong>de cara al segundo mandato, al tiempo que les agradeci\u00f3 a los funcionarios que lo acompa\u00f1aron durante los primeros cuatro a\u00f1os por haber enfrentado con \u00e9l las vicisitudes de su primera gesti\u00f3n.&nbsp;<strong>\u201cHab\u00eda que poner en pi\u00e9 a la provincia y lo hemos hecho en momentos complejos<\/strong>\u201d, sostuvo.<\/p>\n\n\n\n<p>\u201c<strong>Vamos a tener que poner mucha m\u00e1s creatividad, mucha m\u00e1s militancia, para seguir adelante<\/strong>\u201d, areng\u00f3 a sus ministros. <\/p>\n\n\n\n<figure class=\"wp-block-embed is-type-video is-provider-youtube wp-block-embed-youtube wp-embed-aspect-16-9 wp-has-aspect-ratio\"><div class=\"wp-block-embed__wrapper\">\n<iframe loading=\"lazy\" title=\"Ceremonia de jura de ministros y ministras del gabinete provincial\" width=\"640\" height=\"360\" src=\"https:\/\/www.youtube.com\/embed\/udlfjaLMBJc?feature=oembed\" frameborder=\"0\" allow=\"accelerometer; autoplay; clipboard-write; encrypted-media; gyroscope; picture-in-picture; web-share\" referrerpolicy=\"strict-origin-when-cross-origin\" allowfullscreen><\/iframe>\n<\/div><\/figure>\n\n\n\n<p><strong>Gabinete<\/strong><\/p>\n\n\n\n<p><strong>Carlos Bianco como ministro de Gobierno<\/strong>, mientras <strong>Cristina \u00c1lvarez Rodr\u00edguez<\/strong>&nbsp;como&nbsp;<strong>jefa de Asesores<\/strong>&nbsp;.<\/p>\n\n\n\n<p>El exministro de Obras P\u00fablicas nacional,&nbsp;<strong>Gabriel Katopodis<\/strong>, en el \u00e1rea de&nbsp;<strong>Infraestructura<\/strong>.<\/p>\n\n\n\n<p>El ex secretario de Justicia de la naci\u00f3n,&nbsp;<strong>Juan Mart\u00edn Mena<\/strong>, en&nbsp;<strong>Justicia y Derechos Humanos<\/strong>.<\/p>\n\n\n\n<p>La exministra de Econom\u00eda nacional,&nbsp;<strong>Silvina Batakis<\/strong>, en la cartera de&nbsp;<strong>H\u00e1bitat.<\/strong><\/p>\n\n\n\n<p>Entre los&nbsp;<strong>funcionarios que seguir\u00e1n en su cargo<\/strong>, Kicillof ratific\u00f3 a&nbsp;<strong>J\u00e9sica Rey<\/strong>&nbsp;(Comunicaci\u00f3n P\u00fablica),&nbsp;<strong>Pablo L\u00f3pez<\/strong>&nbsp;(Econom\u00eda),&nbsp;<strong>Augusto Costa<\/strong>&nbsp;(Producci\u00f3n),&nbsp;<strong>Cristian Girard<\/strong>&nbsp;(ARBA),&nbsp;<strong>Javier Rodr\u00edguez<\/strong>&nbsp;(Desarrollo Agrario) y&nbsp;<strong>Agustina Vila<\/strong>&nbsp;(Secretar\u00eda General).<\/p>\n\n\n\n<p>Adem\u00e1s,&nbsp;<strong>Andr\u00e9s Larroque<\/strong>&nbsp;seguir\u00e1 al frente del&nbsp;<strong>Ministerio de Desarrollo de la Comunidad<\/strong>, mientras que&nbsp;<strong>Nicol\u00e1s Kreplak<\/strong>&nbsp;har\u00e1 lo propio en&nbsp;<strong>Salud,<\/strong>&nbsp;<strong>Walter Correa<\/strong>&nbsp;en&nbsp;<strong>Trabajo<\/strong>&nbsp;y&nbsp;<strong>Alberto Sileoni<\/strong>&nbsp;en la&nbsp;<strong>Direcci\u00f3n General de Cultura y Educaci\u00f3n<\/strong>.<\/p>\n\n\n\n<p>Al frente del&nbsp;<strong>Ministerio de Seguridad<\/strong>&nbsp;estar\u00e1&nbsp;<strong>Javier Alonso<\/strong>.<\/p>\n\n\n\n<p><strong>Juan Cuattromo<\/strong>&nbsp;continuar\u00e1 como&nbsp;<strong>presidente del Banco Provincia<\/strong>, en tanto la extitular de AYSA,&nbsp;<strong>Malena Galmarini<\/strong>, ocupar\u00e1 el cargo de presidenta del&nbsp;<strong>Grupo Provincia<\/strong>&nbsp;y&nbsp;<strong>Ariel Lieutier<\/strong>&nbsp;continuar\u00e1 al frente de&nbsp;<strong>Provincia Servicios Financieros<\/strong>.<\/p>\n","protected":false},"excerpt":{"rendered":"<p>El\u00a0gobernador de la provincia de Buenos Aires,\u00a0Axel Kicillof, le tom\u00f3 juramento a los\u00a0ministros\u00a0que lo acompa\u00f1ar\u00e1n los pr\u00f3ximos a\u00f1os<\/p>\n","protected":false},"author":2,"featured_media":116274,"comment_status":"closed","ping_status":"open","sticky":false,"template":"","format":"standard","meta":{"footnotes":""},"categories":[44],"tags":[9705],"class_list":["post-116272","post","type-post","status-publish","format-standard","has-post-thumbnail","hentry","category-inferior5","tag-kicillof-jura-de-ministros"],"yoast_head":"<!-- This site is optimized with the Yoast SEO plugin v23.4 - https:\/\/yoast.com\/wordpress\/plugins\/seo\/ -->\n<title>\u201cMucha m\u00e1s creatividad, mucha m\u00e1s militancia, para seguir adelante\u201d - Infoecos<\/title>\n<meta name=\"robots\" content=\"index, follow, max-snippet:-1, max-image-preview:large, max-video-preview:-1\" \/>\n<link rel=\"canonical\" href=\"https:\/\/infoecos.com.ar\/index.php\/mucha-mas-creatividad-mucha-mas-militancia-para-seguir-adelante\/\" \/>\n<meta property=\"og:locale\" content=\"es_ES\" \/>\n<meta property=\"og:type\" content=\"article\" \/>\n<meta property=\"og:title\" content=\"\u201cMucha m\u00e1s creatividad, mucha m\u00e1s militancia, para seguir adelante\u201d - Infoecos\" \/>\n<meta property=\"og:description\" content=\"El\u00a0gobernador de la provincia de Buenos Aires,\u00a0Axel Kicillof, le tom\u00f3 juramento a los\u00a0ministros\u00a0que lo acompa\u00f1ar\u00e1n los pr\u00f3ximos a\u00f1os\" \/>\n<meta property=\"og:url\" content=\"https:\/\/infoecos.com.ar\/index.php\/mucha-mas-creatividad-mucha-mas-militancia-para-seguir-adelante\/\" \/>\n<meta property=\"og:site_name\" content=\"Infoecos\" \/>\n<meta property=\"article:publisher\" content=\"https:\/\/www.facebook.com\/profile.php?id=100063200290284\" \/>\n<meta property=\"article:published_time\" content=\"2023-12-13T17:45:51+00:00\" \/>\n<meta property=\"article:modified_time\" content=\"2023-12-15T03:02:59+00:00\" \/>\n<meta property=\"og:image\" content=\"https:\/\/infoecos.com.ar\/wp-content\/uploads\/2023\/12\/GBPkWxwWQAILNw0.jpg\" \/>\n\t<meta property=\"og:image:width\" content=\"2048\" \/>\n\t<meta property=\"og:image:height\" content=\"1536\" \/>\n\t<meta property=\"og:image:type\" content=\"image\/jpeg\" \/>\n<meta name=\"author\" content=\"Jorge Matheus\" \/>\n<meta name=\"twitter:card\" content=\"summary_large_image\" \/>\n<meta name=\"twitter:creator\" content=\"@infoecos\" \/>\n<meta name=\"twitter:site\" content=\"@infoecos\" \/>\n<meta name=\"twitter:label1\" content=\"Escrito por\" \/>\n\t<meta name=\"twitter:data1\" content=\"Jorge Matheus\" \/>\n\t<meta name=\"twitter:label2\" content=\"Tiempo de lectura\" \/>\n\t<meta name=\"twitter:data2\" content=\"2 minutos\" \/>\n<script type=\"application\/ld+json\" class=\"yoast-schema-graph\">{\"@context\":\"https:\/\/schema.org\",\"@graph\":[{\"@type\":\"Article\",\"@id\":\"https:\/\/infoecos.com.ar\/index.php\/mucha-mas-creatividad-mucha-mas-militancia-para-seguir-adelante\/#article\",\"isPartOf\":{\"@id\":\"https:\/\/infoecos.com.ar\/index.php\/mucha-mas-creatividad-mucha-mas-militancia-para-seguir-adelante\/\"},\"author\":{\"name\":\"Jorge Matheus\",\"@id\":\"https:\/\/infoecos.com.ar\/#\/schema\/person\/8f5ace5ce73b4b4aac4b7245aee6f191\"},\"headline\":\"\u201cMucha m\u00e1s creatividad, mucha m\u00e1s militancia, para seguir adelante\u201d\",\"datePublished\":\"2023-12-13T17:45:51+00:00\",\"dateModified\":\"2023-12-15T03:02:59+00:00\",\"mainEntityOfPage\":{\"@id\":\"https:\/\/infoecos.com.ar\/index.php\/mucha-mas-creatividad-mucha-mas-militancia-para-seguir-adelante\/\"},\"wordCount\":375,\"publisher\":{\"@id\":\"https:\/\/infoecos.com.ar\/#organization\"},\"image\":{\"@id\":\"https:\/\/infoecos.com.ar\/index.php\/mucha-mas-creatividad-mucha-mas-militancia-para-seguir-adelante\/#primaryimage\"},\"thumbnailUrl\":\"https:\/\/infoecos.com.ar\/wp-content\/uploads\/2023\/12\/GBPkWxwWQAILNw0.jpg\",\"keywords\":[\"Kicillof - Jura de ministros\"],\"articleSection\":[\"Bloque inferior - 5\"],\"inLanguage\":\"es\"},{\"@type\":\"WebPage\",\"@id\":\"https:\/\/infoecos.com.ar\/index.php\/mucha-mas-creatividad-mucha-mas-militancia-para-seguir-adelante\/\",\"url\":\"https:\/\/infoecos.com.ar\/index.php\/mucha-mas-creatividad-mucha-mas-militancia-para-seguir-adelante\/\",\"name\":\"\u201cMucha m\u00e1s creatividad, mucha m\u00e1s militancia, para seguir adelante\u201d - Infoecos\",\"isPartOf\":{\"@id\":\"https:\/\/infoecos.com.ar\/#website\"},\"primaryImageOfPage\":{\"@id\":\"https:\/\/infoecos.com.ar\/index.php\/mucha-mas-creatividad-mucha-mas-militancia-para-seguir-adelante\/#primaryimage\"},\"image\":{\"@id\":\"https:\/\/infoecos.com.ar\/index.php\/mucha-mas-creatividad-mucha-mas-militancia-para-seguir-adelante\/#primaryimage\"},\"thumbnailUrl\":\"https:\/\/infoecos.com.ar\/wp-content\/uploads\/2023\/12\/GBPkWxwWQAILNw0.jpg\",\"datePublished\":\"2023-12-13T17:45:51+00:00\",\"dateModified\":\"2023-12-15T03:02:59+00:00\",\"breadcrumb\":{\"@id\":\"https:\/\/infoecos.com.ar\/index.php\/mucha-mas-creatividad-mucha-mas-militancia-para-seguir-adelante\/#breadcrumb\"},\"inLanguage\":\"es\",\"potentialAction\":[{\"@type\":\"ReadAction\",\"target\":[\"https:\/\/infoecos.com.ar\/index.php\/mucha-mas-creatividad-mucha-mas-militancia-para-seguir-adelante\/\"]}]},{\"@type\":\"ImageObject\",\"inLanguage\":\"es\",\"@id\":\"https:\/\/infoecos.com.ar\/index.php\/mucha-mas-creatividad-mucha-mas-militancia-para-seguir-adelante\/#primaryimage\",\"url\":\"https:\/\/infoecos.com.ar\/wp-content\/uploads\/2023\/12\/GBPkWxwWQAILNw0.jpg\",\"contentUrl\":\"https:\/\/infoecos.com.ar\/wp-content\/uploads\/2023\/12\/GBPkWxwWQAILNw0.jpg\",\"width\":2048,\"height\":1536},{\"@type\":\"BreadcrumbList\",\"@id\":\"https:\/\/infoecos.com.ar\/index.php\/mucha-mas-creatividad-mucha-mas-militancia-para-seguir-adelante\/#breadcrumb\",\"itemListElement\":[{\"@type\":\"ListItem\",\"position\":1,\"name\":\"Portada\",\"item\":\"https:\/\/infoecos.com.ar\/\"},{\"@type\":\"ListItem\",\"position\":2,\"name\":\"\u201cMucha m\u00e1s creatividad, mucha m\u00e1s militancia, para seguir adelante\u201d\"}]},{\"@type\":\"WebSite\",\"@id\":\"https:\/\/infoecos.com.ar\/#website\",\"url\":\"https:\/\/infoecos.com.ar\/\",\"name\":\"Infoecos\",\"description\":\"Noticias de trenque lauquen y la zona\",\"publisher\":{\"@id\":\"https:\/\/infoecos.com.ar\/#organization\"},\"alternateName\":\"Noticias\",\"potentialAction\":[{\"@type\":\"SearchAction\",\"target\":{\"@type\":\"EntryPoint\",\"urlTemplate\":\"https:\/\/infoecos.com.ar\/?s={search_term_string}\"},\"query-input\":{\"@type\":\"PropertyValueSpecification\",\"valueRequired\":true,\"valueName\":\"search_term_string\"}}],\"inLanguage\":\"es\"},{\"@type\":\"Organization\",\"@id\":\"https:\/\/infoecos.com.ar\/#organization\",\"name\":\"Infoecos\",\"alternateName\":\"Noticias\",\"url\":\"https:\/\/infoecos.com.ar\/\",\"logo\":{\"@type\":\"ImageObject\",\"inLanguage\":\"es\",\"@id\":\"https:\/\/infoecos.com.ar\/#\/schema\/logo\/image\/\",\"url\":\"https:\/\/infoecos.com.ar\/wp-content\/uploads\/2024\/03\/cropped-logo.png\",\"contentUrl\":\"https:\/\/infoecos.com.ar\/wp-content\/uploads\/2024\/03\/cropped-logo.png\",\"width\":374,\"height\":90,\"caption\":\"Infoecos\"},\"image\":{\"@id\":\"https:\/\/infoecos.com.ar\/#\/schema\/logo\/image\/\"},\"sameAs\":[\"https:\/\/www.facebook.com\/profile.php?id=100063200290284\",\"https:\/\/x.com\/infoecos\"]},{\"@type\":\"Person\",\"@id\":\"https:\/\/infoecos.com.ar\/#\/schema\/person\/8f5ace5ce73b4b4aac4b7245aee6f191\",\"name\":\"Jorge Matheus\",\"url\":\"https:\/\/infoecos.com.ar\/index.php\/author\/jomatheus\/\"}]}<\/script>\n<!-- \/ Yoast SEO plugin. -->","yoast_head_json":{"title":"\u201cMucha m\u00e1s creatividad, mucha m\u00e1s militancia, para seguir adelante\u201d - Infoecos","robots":{"index":"index","follow":"follow","max-snippet":"max-snippet:-1","max-image-preview":"max-image-preview:large","max-video-preview":"max-video-preview:-1"},"canonical":"https:\/\/infoecos.com.ar\/index.php\/mucha-mas-creatividad-mucha-mas-militancia-para-seguir-adelante\/","og_locale":"es_ES","og_type":"article","og_title":"\u201cMucha m\u00e1s creatividad, mucha m\u00e1s militancia, para seguir adelante\u201d - Infoecos","og_description":"El\u00a0gobernador de la provincia de Buenos Aires,\u00a0Axel Kicillof, le tom\u00f3 juramento a los\u00a0ministros\u00a0que lo acompa\u00f1ar\u00e1n los pr\u00f3ximos a\u00f1os","og_url":"https:\/\/infoecos.com.ar\/index.php\/mucha-mas-creatividad-mucha-mas-militancia-para-seguir-adelante\/","og_site_name":"Infoecos","article_publisher":"https:\/\/www.facebook.com\/profile.php?id=100063200290284","article_published_time":"2023-12-13T17:45:51+00:00","article_modified_time":"2023-12-15T03:02:59+00:00","og_image":[{"width":2048,"height":1536,"url":"https:\/\/infoecos.com.ar\/wp-content\/uploads\/2023\/12\/GBPkWxwWQAILNw0.jpg","type":"image\/jpeg"}],"author":"Jorge Matheus","twitter_card":"summary_large_image","twitter_creator":"@infoecos","twitter_site":"@infoecos","twitter_misc":{"Escrito por":"Jorge Matheus","Tiempo de lectura":"2 minutos"},"schema":{"@context":"https:\/\/schema.org","@graph":[{"@type":"Article","@id":"https:\/\/infoecos.com.ar\/index.php\/mucha-mas-creatividad-mucha-mas-militancia-para-seguir-adelante\/#article","isPartOf":{"@id":"https:\/\/infoecos.com.ar\/index.php\/mucha-mas-creatividad-mucha-mas-militancia-para-seguir-adelante\/"},"author":{"name":"Jorge Matheus","@id":"https:\/\/infoecos.com.ar\/#\/schema\/person\/8f5ace5ce73b4b4aac4b7245aee6f191"},"headline":"\u201cMucha m\u00e1s creatividad, mucha m\u00e1s militancia, para seguir adelante\u201d","datePublished":"2023-12-13T17:45:51+00:00","dateModified":"2023-12-15T03:02:59+00:00","mainEntityOfPage":{"@id":"https:\/\/infoecos.com.ar\/index.php\/mucha-mas-creatividad-mucha-mas-militancia-para-seguir-adelante\/"},"wordCount":375,"publisher":{"@id":"https:\/\/infoecos.com.ar\/#organization"},"image":{"@id":"https:\/\/infoecos.com.ar\/index.php\/mucha-mas-creatividad-mucha-mas-militancia-para-seguir-adelante\/#primaryimage"},"thumbnailUrl":"https:\/\/infoecos.com.ar\/wp-content\/uploads\/2023\/12\/GBPkWxwWQAILNw0.jpg","keywords":["Kicillof - Jura de ministros"],"articleSection":["Bloque inferior - 5"],"inLanguage":"es"},{"@type":"WebPage","@id":"https:\/\/infoecos.com.ar\/index.php\/mucha-mas-creatividad-mucha-mas-militancia-para-seguir-adelante\/","url":"https:\/\/infoecos.com.ar\/index.php\/mucha-mas-creatividad-mucha-mas-militancia-para-seguir-adelante\/","name":"\u201cMucha m\u00e1s creatividad, mucha m\u00e1s militancia, para seguir adelante\u201d - Infoecos","isPartOf":{"@id":"https:\/\/infoecos.com.ar\/#website"},"primaryImageOfPage":{"@id":"https:\/\/infoecos.com.ar\/index.php\/mucha-mas-creatividad-mucha-mas-militancia-para-seguir-adelante\/#primaryimage"},"image":{"@id":"https:\/\/infoecos.com.ar\/index.php\/mucha-mas-creatividad-mucha-mas-militancia-para-seguir-adelante\/#primaryimage"},"thumbnailUrl":"https:\/\/infoecos.com.ar\/wp-content\/uploads\/2023\/12\/GBPkWxwWQAILNw0.jpg","datePublished":"2023-12-13T17:45:51+00:00","dateModified":"2023-12-15T03:02:59+00:00","breadcrumb":{"@id":"https:\/\/infoecos.com.ar\/index.php\/mucha-mas-creatividad-mucha-mas-militancia-para-seguir-adelante\/#breadcrumb"},"inLanguage":"es","potentialAction":[{"@type":"ReadAction","target":["https:\/\/infoecos.com.ar\/index.php\/mucha-mas-creatividad-mucha-mas-militancia-para-seguir-adelante\/"]}]},{"@type":"ImageObject","inLanguage":"es","@id":"https:\/\/infoecos.com.ar\/index.php\/mucha-mas-creatividad-mucha-mas-militancia-para-seguir-adelante\/#primaryimage","url":"https:\/\/infoecos.com.ar\/wp-content\/uploads\/2023\/12\/GBPkWxwWQAILNw0.jpg","contentUrl":"https:\/\/infoecos.com.ar\/wp-content\/uploads\/2023\/12\/GBPkWxwWQAILNw0.jpg","width":2048,"height":1536},{"@type":"BreadcrumbList","@id":"https:\/\/infoecos.com.ar\/index.php\/mucha-mas-creatividad-mucha-mas-militancia-para-seguir-adelante\/#breadcrumb","itemListElement":[{"@type":"ListItem","position":1,"name":"Portada","item":"https:\/\/infoecos.com.ar\/"},{"@type":"ListItem","position":2,"name":"\u201cMucha m\u00e1s creatividad, mucha m\u00e1s militancia, para seguir adelante\u201d"}]},{"@type":"WebSite","@id":"https:\/\/infoecos.com.ar\/#website","url":"https:\/\/infoecos.com.ar\/","name":"Infoecos","description":"Noticias de trenque lauquen y la zona","publisher":{"@id":"https:\/\/infoecos.com.ar\/#organization"},"alternateName":"Noticias","potentialAction":[{"@type":"SearchAction","target":{"@type":"EntryPoint","urlTemplate":"https:\/\/infoecos.com.ar\/?s={search_term_string}"},"query-input":{"@type":"PropertyValueSpecification","valueRequired":true,"valueName":"search_term_string"}}],"inLanguage":"es"},{"@type":"Organization","@id":"https:\/\/infoecos.com.ar\/#organization","name":"Infoecos","alternateName":"Noticias","url":"https:\/\/infoecos.com.ar\/","logo":{"@type":"ImageObject","inLanguage":"es","@id":"https:\/\/infoecos.com.ar\/#\/schema\/logo\/image\/","url":"https:\/\/infoecos.com.ar\/wp-content\/uploads\/2024\/03\/cropped-logo.png","contentUrl":"https:\/\/infoecos.com.ar\/wp-content\/uploads\/2024\/03\/cropped-logo.png","width":374,"height":90,"caption":"Infoecos"},"image":{"@id":"https:\/\/infoecos.com.ar\/#\/schema\/logo\/image\/"},"sameAs":["https:\/\/www.facebook.com\/profile.php?id=100063200290284","https:\/\/x.com\/infoecos"]},{"@type":"Person","@id":"https:\/\/infoecos.com.ar\/#\/schema\/person\/8f5ace5ce73b4b4aac4b7245aee6f191","name":"Jorge Matheus","url":"https:\/\/infoecos.com.ar\/index.php\/author\/jomatheus\/"}]}},"featured_image_urls":{"full":["https:\/\/infoecos.com.ar\/wp-content\/uploads\/2023\/12\/GBPkWxwWQAILNw0.jpg",2048,1536,false],"thumbnail":["https:\/\/infoecos.com.ar\/wp-content\/uploads\/2023\/12\/GBPkWxwWQAILNw0-300x150.jpg",300,150,true],"medium":["https:\/\/infoecos.com.ar\/wp-content\/uploads\/2023\/12\/GBPkWxwWQAILNw0-800x600.jpg",800,600,true],"medium_large":["https:\/\/infoecos.com.ar\/wp-content\/uploads\/2023\/12\/GBPkWxwWQAILNw0-768x576.jpg",640,480,true],"large":["https:\/\/infoecos.com.ar\/wp-content\/uploads\/2023\/12\/GBPkWxwWQAILNw0-1600x1200.jpg",640,480,true],"1536x1536":["https:\/\/infoecos.com.ar\/wp-content\/uploads\/2023\/12\/GBPkWxwWQAILNw0-1536x1152.jpg",1536,1152,true],"2048x2048":["https:\/\/infoecos.com.ar\/wp-content\/uploads\/2023\/12\/GBPkWxwWQAILNw0.jpg",2048,1536,false],"covernews-slider-full":["https:\/\/infoecos.com.ar\/wp-content\/uploads\/2023\/12\/GBPkWxwWQAILNw0-1536x1020.jpg",1077,715,true],"covernews-slider-center":["https:\/\/infoecos.com.ar\/wp-content\/uploads\/2023\/12\/GBPkWxwWQAILNw0-936x897.jpg",522,500,true],"covernews-featured":["https:\/\/infoecos.com.ar\/wp-content\/uploads\/2023\/12\/GBPkWxwWQAILNw0-1024x768.jpg",1024,768,true],"covernews-medium":["https:\/\/infoecos.com.ar\/wp-content\/uploads\/2023\/12\/GBPkWxwWQAILNw0-720x380.jpg",540,285,true],"covernews-medium-square":["https:\/\/infoecos.com.ar\/wp-content\/uploads\/2023\/12\/GBPkWxwWQAILNw0-675x450.jpg",375,250,true]},"author_info":{"info":["Jorge Matheus"]},"category_info":"<a href=\"https:\/\/infoecos.com.ar\/index.php\/category\/inferior5\/\" rel=\"category tag\">Bloque inferior - 5<\/a>","tag_info":"Bloque inferior - 5","comment_count":"0","_links":{"self":[{"href":"https:\/\/infoecos.com.ar\/index.php\/wp-json\/wp\/v2\/posts\/116272"}],"collection":[{"href":"https:\/\/infoecos.com.ar\/index.php\/wp-json\/wp\/v2\/posts"}],"about":[{"href":"https:\/\/infoecos.com.ar\/index.php\/wp-json\/wp\/v2\/types\/post"}],"author":[{"embeddable":true,"href":"https:\/\/infoecos.com.ar\/index.php\/wp-json\/wp\/v2\/users\/2"}],"replies":[{"embeddable":true,"href":"https:\/\/infoecos.com.ar\/index.php\/wp-json\/wp\/v2\/comments?post=116272"}],"version-history":[{"count":2,"href":"https:\/\/infoecos.com.ar\/index.php\/wp-json\/wp\/v2\/posts\/116272\/revisions"}],"predecessor-version":[{"id":116380,"href":"https:\/\/infoecos.com.ar\/index.php\/wp-json\/wp\/v2\/posts\/116272\/revisions\/116380"}],"wp:featuredmedia":[{"embeddable":true,"href":"https:\/\/infoecos.com.ar\/index.php\/wp-json\/wp\/v2\/media\/116274"}],"wp:attachment":[{"href":"https:\/\/infoecos.com.ar\/index.php\/wp-json\/wp\/v2\/media?parent=116272"}],"wp:term":[{"taxonomy":"category","embeddable":true,"href":"https:\/\/infoecos.com.ar\/index.php\/wp-json\/wp\/v2\/categories?post=116272"},{"taxonomy":"post_tag","embeddable":true,"href":"https:\/\/infoecos.com.ar\/index.php\/wp-json\/wp\/v2\/tags?post=116272"}],"curies":[{"name":"wp","href":"https:\/\/api.w.org\/{rel}","templated":true}]}}