{"id":116278,"date":"2023-12-13T17:53:24","date_gmt":"2023-12-13T20:53:24","guid":{"rendered":"https:\/\/infoecos.com.ar\/?p=116278"},"modified":"2023-12-15T00:03:21","modified_gmt":"2023-12-15T03:03:21","slug":"la-inflacion-de-noviembre-en-argentina-12-8","status":"publish","type":"post","link":"https:\/\/infoecos.com.ar\/index.php\/la-inflacion-de-noviembre-en-argentina-12-8\/","title":{"rendered":"La inflaci\u00f3n de noviembre en Argentina: 12.8 %"},"content":{"rendered":"\n<p>El Instituto Nacional de Estad\u00edsticas y Censos (Indec) difundi\u00f3 el dato de inflaci\u00f3n de noviembre, que present\u00f3 una suba del 12,8% el mes pasado y del 160,9% el \u00faltimo a\u00f1o. Adem\u00e1s, desde enero, la inflaci\u00f3n minorista fue del 148x%. De este modo, en los cuatro a\u00f1os de gesti\u00f3n de Alberto Fern\u00e1ndez se acumul\u00f3 una suba de precios del 1.000 por ciento, el mayor \u00edndice desde la hiperinflaci\u00f3n de 1990.<\/p>\n\n\n\n<p>En particular, los alimentos y bebidas subieron 15,7% el mes pasado y el 170% el \u00faltimo a\u00f1o.<\/p>\n\n\n\n<figure class=\"wp-block-gallery has-nested-images columns-default is-cropped wp-block-gallery-1 is-layout-flex wp-block-gallery-is-layout-flex\">\n<figure class=\"wp-block-image size-large\"><img loading=\"lazy\" decoding=\"async\" width=\"680\" height=\"390\" data-id=\"116279\" src=\"https:\/\/infoecos.com.ar\/wp-content\/uploads\/2023\/12\/GBP-XhZXkAAgmx5.jpg\" alt=\"\" class=\"wp-image-116279\"\/><\/figure>\n\n\n\n<figure class=\"wp-block-image size-large\"><img loading=\"lazy\" decoding=\"async\" width=\"680\" height=\"419\" data-id=\"116281\" src=\"https:\/\/infoecos.com.ar\/wp-content\/uploads\/2023\/12\/GBQA42fXQAAsNI3.jpg\" alt=\"\" class=\"wp-image-116281\"\/><\/figure>\n\n\n\n<figure class=\"wp-block-image size-large\"><img loading=\"lazy\" decoding=\"async\" width=\"679\" height=\"436\" data-id=\"116280\" src=\"https:\/\/infoecos.com.ar\/wp-content\/uploads\/2023\/12\/GBQBk6IWsAANSQX.jpg\" alt=\"\" class=\"wp-image-116280\"\/><\/figure>\n<\/figure>\n","protected":false},"excerpt":{"rendered":"<p>\u00abLa divisi\u00f3n con mayor incidencia en todas las regiones fue Alimentos y bebidas no alcoh\u00f3licas (15,7%). Al interior de la divisi\u00f3n tuvieron mayor incidencia las subas de Carnes y derivados, Aguas minerales, bebidas gaseosas y jugos, y Pan y cereales. Las dos divisiones que registraron las menores variaciones en noviembre fueron Vivienda, agua, electricidad y otros combustibles (7,1%) y Educaci\u00f3n (8,3%). A nivel de las categor\u00edas, el IPC N\u00facleo (13,4%)\u00bb, precis\u00f3 el organismo liderado por Marco Lavagna.<\/p>\n","protected":false},"author":2,"featured_media":116279,"comment_status":"closed","ping_status":"open","sticky":false,"template":"","format":"standard","meta":{"footnotes":""},"categories":[26],"tags":[516],"class_list":["post-116278","post","type-post","status-publish","format-standard","has-post-thumbnail","hentry","category-inferior6","tag-economia-nacional"],"yoast_head":"<!-- This site is optimized with the Yoast SEO plugin v23.4 - https:\/\/yoast.com\/wordpress\/plugins\/seo\/ -->\n<title>La inflaci\u00f3n de noviembre en Argentina: 12.8 % - Infoecos<\/title>\n<meta name=\"robots\" content=\"index, follow, max-snippet:-1, max-image-preview:large, max-video-preview:-1\" \/>\n<link rel=\"canonical\" href=\"https:\/\/infoecos.com.ar\/index.php\/la-inflacion-de-noviembre-en-argentina-12-8\/\" \/>\n<meta property=\"og:locale\" content=\"es_ES\" \/>\n<meta property=\"og:type\" content=\"article\" \/>\n<meta property=\"og:title\" content=\"La inflaci\u00f3n de noviembre en Argentina: 12.8 % - Infoecos\" \/>\n<meta property=\"og:description\" content=\"&quot;La divisi\u00f3n con mayor incidencia en todas las regiones fue Alimentos y bebidas no alcoh\u00f3licas (15,7%). Al interior de la divisi\u00f3n tuvieron mayor incidencia las subas de Carnes y derivados, Aguas minerales, bebidas gaseosas y jugos, y Pan y cereales. Las dos divisiones que registraron las menores variaciones en noviembre fueron Vivienda, agua, electricidad y otros combustibles (7,1%) y Educaci\u00f3n (8,3%). A nivel de las categor\u00edas, el IPC N\u00facleo (13,4%)&quot;, precis\u00f3 el organismo liderado por Marco Lavagna.\" \/>\n<meta property=\"og:url\" content=\"https:\/\/infoecos.com.ar\/index.php\/la-inflacion-de-noviembre-en-argentina-12-8\/\" \/>\n<meta property=\"og:site_name\" content=\"Infoecos\" \/>\n<meta property=\"article:publisher\" content=\"https:\/\/www.facebook.com\/profile.php?id=100063200290284\" \/>\n<meta property=\"article:published_time\" content=\"2023-12-13T20:53:24+00:00\" \/>\n<meta property=\"article:modified_time\" content=\"2023-12-15T03:03:21+00:00\" \/>\n<meta property=\"og:image\" content=\"https:\/\/infoecos.com.ar\/wp-content\/uploads\/2023\/12\/GBP-XhZXkAAgmx5.jpg\" \/>\n\t<meta property=\"og:image:width\" content=\"680\" \/>\n\t<meta property=\"og:image:height\" content=\"390\" \/>\n\t<meta property=\"og:image:type\" content=\"image\/jpeg\" \/>\n<meta name=\"author\" content=\"Jorge Matheus\" \/>\n<meta name=\"twitter:card\" content=\"summary_large_image\" \/>\n<meta name=\"twitter:creator\" content=\"@infoecos\" \/>\n<meta name=\"twitter:site\" content=\"@infoecos\" \/>\n<meta name=\"twitter:label1\" content=\"Escrito por\" \/>\n\t<meta name=\"twitter:data1\" content=\"Jorge Matheus\" \/>\n\t<meta name=\"twitter:label2\" content=\"Tiempo de lectura\" \/>\n\t<meta name=\"twitter:data2\" content=\"1 minuto\" \/>\n<script type=\"application\/ld+json\" class=\"yoast-schema-graph\">{\"@context\":\"https:\/\/schema.org\",\"@graph\":[{\"@type\":\"Article\",\"@id\":\"https:\/\/infoecos.com.ar\/index.php\/la-inflacion-de-noviembre-en-argentina-12-8\/#article\",\"isPartOf\":{\"@id\":\"https:\/\/infoecos.com.ar\/index.php\/la-inflacion-de-noviembre-en-argentina-12-8\/\"},\"author\":{\"name\":\"Jorge Matheus\",\"@id\":\"https:\/\/infoecos.com.ar\/#\/schema\/person\/8f5ace5ce73b4b4aac4b7245aee6f191\"},\"headline\":\"La inflaci\u00f3n de noviembre en Argentina: 12.8 %\",\"datePublished\":\"2023-12-13T20:53:24+00:00\",\"dateModified\":\"2023-12-15T03:03:21+00:00\",\"mainEntityOfPage\":{\"@id\":\"https:\/\/infoecos.com.ar\/index.php\/la-inflacion-de-noviembre-en-argentina-12-8\/\"},\"wordCount\":97,\"publisher\":{\"@id\":\"https:\/\/infoecos.com.ar\/#organization\"},\"image\":{\"@id\":\"https:\/\/infoecos.com.ar\/index.php\/la-inflacion-de-noviembre-en-argentina-12-8\/#primaryimage\"},\"thumbnailUrl\":\"https:\/\/infoecos.com.ar\/wp-content\/uploads\/2023\/12\/GBP-XhZXkAAgmx5.jpg\",\"keywords\":[\"ECONOM\u00cdA NACIONAL\"],\"articleSection\":[\"Bloque inferior - 6\"],\"inLanguage\":\"es\"},{\"@type\":\"WebPage\",\"@id\":\"https:\/\/infoecos.com.ar\/index.php\/la-inflacion-de-noviembre-en-argentina-12-8\/\",\"url\":\"https:\/\/infoecos.com.ar\/index.php\/la-inflacion-de-noviembre-en-argentina-12-8\/\",\"name\":\"La inflaci\u00f3n de noviembre en Argentina: 12.8 % - Infoecos\",\"isPartOf\":{\"@id\":\"https:\/\/infoecos.com.ar\/#website\"},\"primaryImageOfPage\":{\"@id\":\"https:\/\/infoecos.com.ar\/index.php\/la-inflacion-de-noviembre-en-argentina-12-8\/#primaryimage\"},\"image\":{\"@id\":\"https:\/\/infoecos.com.ar\/index.php\/la-inflacion-de-noviembre-en-argentina-12-8\/#primaryimage\"},\"thumbnailUrl\":\"https:\/\/infoecos.com.ar\/wp-content\/uploads\/2023\/12\/GBP-XhZXkAAgmx5.jpg\",\"datePublished\":\"2023-12-13T20:53:24+00:00\",\"dateModified\":\"2023-12-15T03:03:21+00:00\",\"breadcrumb\":{\"@id\":\"https:\/\/infoecos.com.ar\/index.php\/la-inflacion-de-noviembre-en-argentina-12-8\/#breadcrumb\"},\"inLanguage\":\"es\",\"potentialAction\":[{\"@type\":\"ReadAction\",\"target\":[\"https:\/\/infoecos.com.ar\/index.php\/la-inflacion-de-noviembre-en-argentina-12-8\/\"]}]},{\"@type\":\"ImageObject\",\"inLanguage\":\"es\",\"@id\":\"https:\/\/infoecos.com.ar\/index.php\/la-inflacion-de-noviembre-en-argentina-12-8\/#primaryimage\",\"url\":\"https:\/\/infoecos.com.ar\/wp-content\/uploads\/2023\/12\/GBP-XhZXkAAgmx5.jpg\",\"contentUrl\":\"https:\/\/infoecos.com.ar\/wp-content\/uploads\/2023\/12\/GBP-XhZXkAAgmx5.jpg\",\"width\":680,\"height\":390},{\"@type\":\"BreadcrumbList\",\"@id\":\"https:\/\/infoecos.com.ar\/index.php\/la-inflacion-de-noviembre-en-argentina-12-8\/#breadcrumb\",\"itemListElement\":[{\"@type\":\"ListItem\",\"position\":1,\"name\":\"Portada\",\"item\":\"https:\/\/infoecos.com.ar\/\"},{\"@type\":\"ListItem\",\"position\":2,\"name\":\"La inflaci\u00f3n de noviembre en Argentina: 12.8 %\"}]},{\"@type\":\"WebSite\",\"@id\":\"https:\/\/infoecos.com.ar\/#website\",\"url\":\"https:\/\/infoecos.com.ar\/\",\"name\":\"Infoecos\",\"description\":\"Noticias de trenque lauquen y la zona\",\"publisher\":{\"@id\":\"https:\/\/infoecos.com.ar\/#organization\"},\"alternateName\":\"Noticias\",\"potentialAction\":[{\"@type\":\"SearchAction\",\"target\":{\"@type\":\"EntryPoint\",\"urlTemplate\":\"https:\/\/infoecos.com.ar\/?s={search_term_string}\"},\"query-input\":{\"@type\":\"PropertyValueSpecification\",\"valueRequired\":true,\"valueName\":\"search_term_string\"}}],\"inLanguage\":\"es\"},{\"@type\":\"Organization\",\"@id\":\"https:\/\/infoecos.com.ar\/#organization\",\"name\":\"Infoecos\",\"alternateName\":\"Noticias\",\"url\":\"https:\/\/infoecos.com.ar\/\",\"logo\":{\"@type\":\"ImageObject\",\"inLanguage\":\"es\",\"@id\":\"https:\/\/infoecos.com.ar\/#\/schema\/logo\/image\/\",\"url\":\"https:\/\/infoecos.com.ar\/wp-content\/uploads\/2024\/03\/cropped-logo.png\",\"contentUrl\":\"https:\/\/infoecos.com.ar\/wp-content\/uploads\/2024\/03\/cropped-logo.png\",\"width\":374,\"height\":90,\"caption\":\"Infoecos\"},\"image\":{\"@id\":\"https:\/\/infoecos.com.ar\/#\/schema\/logo\/image\/\"},\"sameAs\":[\"https:\/\/www.facebook.com\/profile.php?id=100063200290284\",\"https:\/\/x.com\/infoecos\"]},{\"@type\":\"Person\",\"@id\":\"https:\/\/infoecos.com.ar\/#\/schema\/person\/8f5ace5ce73b4b4aac4b7245aee6f191\",\"name\":\"Jorge Matheus\",\"url\":\"https:\/\/infoecos.com.ar\/index.php\/author\/jomatheus\/\"}]}<\/script>\n<!-- \/ Yoast SEO plugin. -->","yoast_head_json":{"title":"La inflaci\u00f3n de noviembre en Argentina: 12.8 % - Infoecos","robots":{"index":"index","follow":"follow","max-snippet":"max-snippet:-1","max-image-preview":"max-image-preview:large","max-video-preview":"max-video-preview:-1"},"canonical":"https:\/\/infoecos.com.ar\/index.php\/la-inflacion-de-noviembre-en-argentina-12-8\/","og_locale":"es_ES","og_type":"article","og_title":"La inflaci\u00f3n de noviembre en Argentina: 12.8 % - Infoecos","og_description":"\"La divisi\u00f3n con mayor incidencia en todas las regiones fue Alimentos y bebidas no alcoh\u00f3licas (15,7%). Al interior de la divisi\u00f3n tuvieron mayor incidencia las subas de Carnes y derivados, Aguas minerales, bebidas gaseosas y jugos, y Pan y cereales. Las dos divisiones que registraron las menores variaciones en noviembre fueron Vivienda, agua, electricidad y otros combustibles (7,1%) y Educaci\u00f3n (8,3%). A nivel de las categor\u00edas, el IPC N\u00facleo (13,4%)\", precis\u00f3 el organismo liderado por Marco Lavagna.","og_url":"https:\/\/infoecos.com.ar\/index.php\/la-inflacion-de-noviembre-en-argentina-12-8\/","og_site_name":"Infoecos","article_publisher":"https:\/\/www.facebook.com\/profile.php?id=100063200290284","article_published_time":"2023-12-13T20:53:24+00:00","article_modified_time":"2023-12-15T03:03:21+00:00","og_image":[{"width":680,"height":390,"url":"https:\/\/infoecos.com.ar\/wp-content\/uploads\/2023\/12\/GBP-XhZXkAAgmx5.jpg","type":"image\/jpeg"}],"author":"Jorge Matheus","twitter_card":"summary_large_image","twitter_creator":"@infoecos","twitter_site":"@infoecos","twitter_misc":{"Escrito por":"Jorge Matheus","Tiempo de lectura":"1 minuto"},"schema":{"@context":"https:\/\/schema.org","@graph":[{"@type":"Article","@id":"https:\/\/infoecos.com.ar\/index.php\/la-inflacion-de-noviembre-en-argentina-12-8\/#article","isPartOf":{"@id":"https:\/\/infoecos.com.ar\/index.php\/la-inflacion-de-noviembre-en-argentina-12-8\/"},"author":{"name":"Jorge Matheus","@id":"https:\/\/infoecos.com.ar\/#\/schema\/person\/8f5ace5ce73b4b4aac4b7245aee6f191"},"headline":"La inflaci\u00f3n de noviembre en Argentina: 12.8 %","datePublished":"2023-12-13T20:53:24+00:00","dateModified":"2023-12-15T03:03:21+00:00","mainEntityOfPage":{"@id":"https:\/\/infoecos.com.ar\/index.php\/la-inflacion-de-noviembre-en-argentina-12-8\/"},"wordCount":97,"publisher":{"@id":"https:\/\/infoecos.com.ar\/#organization"},"image":{"@id":"https:\/\/infoecos.com.ar\/index.php\/la-inflacion-de-noviembre-en-argentina-12-8\/#primaryimage"},"thumbnailUrl":"https:\/\/infoecos.com.ar\/wp-content\/uploads\/2023\/12\/GBP-XhZXkAAgmx5.jpg","keywords":["ECONOM\u00cdA NACIONAL"],"articleSection":["Bloque inferior - 6"],"inLanguage":"es"},{"@type":"WebPage","@id":"https:\/\/infoecos.com.ar\/index.php\/la-inflacion-de-noviembre-en-argentina-12-8\/","url":"https:\/\/infoecos.com.ar\/index.php\/la-inflacion-de-noviembre-en-argentina-12-8\/","name":"La inflaci\u00f3n de noviembre en Argentina: 12.8 % - Infoecos","isPartOf":{"@id":"https:\/\/infoecos.com.ar\/#website"},"primaryImageOfPage":{"@id":"https:\/\/infoecos.com.ar\/index.php\/la-inflacion-de-noviembre-en-argentina-12-8\/#primaryimage"},"image":{"@id":"https:\/\/infoecos.com.ar\/index.php\/la-inflacion-de-noviembre-en-argentina-12-8\/#primaryimage"},"thumbnailUrl":"https:\/\/infoecos.com.ar\/wp-content\/uploads\/2023\/12\/GBP-XhZXkAAgmx5.jpg","datePublished":"2023-12-13T20:53:24+00:00","dateModified":"2023-12-15T03:03:21+00:00","breadcrumb":{"@id":"https:\/\/infoecos.com.ar\/index.php\/la-inflacion-de-noviembre-en-argentina-12-8\/#breadcrumb"},"inLanguage":"es","potentialAction":[{"@type":"ReadAction","target":["https:\/\/infoecos.com.ar\/index.php\/la-inflacion-de-noviembre-en-argentina-12-8\/"]}]},{"@type":"ImageObject","inLanguage":"es","@id":"https:\/\/infoecos.com.ar\/index.php\/la-inflacion-de-noviembre-en-argentina-12-8\/#primaryimage","url":"https:\/\/infoecos.com.ar\/wp-content\/uploads\/2023\/12\/GBP-XhZXkAAgmx5.jpg","contentUrl":"https:\/\/infoecos.com.ar\/wp-content\/uploads\/2023\/12\/GBP-XhZXkAAgmx5.jpg","width":680,"height":390},{"@type":"BreadcrumbList","@id":"https:\/\/infoecos.com.ar\/index.php\/la-inflacion-de-noviembre-en-argentina-12-8\/#breadcrumb","itemListElement":[{"@type":"ListItem","position":1,"name":"Portada","item":"https:\/\/infoecos.com.ar\/"},{"@type":"ListItem","position":2,"name":"La inflaci\u00f3n de noviembre en Argentina: 12.8 %"}]},{"@type":"WebSite","@id":"https:\/\/infoecos.com.ar\/#website","url":"https:\/\/infoecos.com.ar\/","name":"Infoecos","description":"Noticias de trenque lauquen y la zona","publisher":{"@id":"https:\/\/infoecos.com.ar\/#organization"},"alternateName":"Noticias","potentialAction":[{"@type":"SearchAction","target":{"@type":"EntryPoint","urlTemplate":"https:\/\/infoecos.com.ar\/?s={search_term_string}"},"query-input":{"@type":"PropertyValueSpecification","valueRequired":true,"valueName":"search_term_string"}}],"inLanguage":"es"},{"@type":"Organization","@id":"https:\/\/infoecos.com.ar\/#organization","name":"Infoecos","alternateName":"Noticias","url":"https:\/\/infoecos.com.ar\/","logo":{"@type":"ImageObject","inLanguage":"es","@id":"https:\/\/infoecos.com.ar\/#\/schema\/logo\/image\/","url":"https:\/\/infoecos.com.ar\/wp-content\/uploads\/2024\/03\/cropped-logo.png","contentUrl":"https:\/\/infoecos.com.ar\/wp-content\/uploads\/2024\/03\/cropped-logo.png","width":374,"height":90,"caption":"Infoecos"},"image":{"@id":"https:\/\/infoecos.com.ar\/#\/schema\/logo\/image\/"},"sameAs":["https:\/\/www.facebook.com\/profile.php?id=100063200290284","https:\/\/x.com\/infoecos"]},{"@type":"Person","@id":"https:\/\/infoecos.com.ar\/#\/schema\/person\/8f5ace5ce73b4b4aac4b7245aee6f191","name":"Jorge Matheus","url":"https:\/\/infoecos.com.ar\/index.php\/author\/jomatheus\/"}]}},"featured_image_urls":{"full":["https:\/\/infoecos.com.ar\/wp-content\/uploads\/2023\/12\/GBP-XhZXkAAgmx5.jpg",680,390,false],"thumbnail":["https:\/\/infoecos.com.ar\/wp-content\/uploads\/2023\/12\/GBP-XhZXkAAgmx5-300x150.jpg",300,150,true],"medium":["https:\/\/infoecos.com.ar\/wp-content\/uploads\/2023\/12\/GBP-XhZXkAAgmx5.jpg",680,390,false],"medium_large":["https:\/\/infoecos.com.ar\/wp-content\/uploads\/2023\/12\/GBP-XhZXkAAgmx5.jpg",640,367,false],"large":["https:\/\/infoecos.com.ar\/wp-content\/uploads\/2023\/12\/GBP-XhZXkAAgmx5.jpg",640,367,false],"1536x1536":["https:\/\/infoecos.com.ar\/wp-content\/uploads\/2023\/12\/GBP-XhZXkAAgmx5.jpg",680,390,false],"2048x2048":["https:\/\/infoecos.com.ar\/wp-content\/uploads\/2023\/12\/GBP-XhZXkAAgmx5.jpg",680,390,false],"covernews-slider-full":["https:\/\/infoecos.com.ar\/wp-content\/uploads\/2023\/12\/GBP-XhZXkAAgmx5.jpg",680,390,false],"covernews-slider-center":["https:\/\/infoecos.com.ar\/wp-content\/uploads\/2023\/12\/GBP-XhZXkAAgmx5.jpg",680,390,false],"covernews-featured":["https:\/\/infoecos.com.ar\/wp-content\/uploads\/2023\/12\/GBP-XhZXkAAgmx5.jpg",680,390,false],"covernews-medium":["https:\/\/infoecos.com.ar\/wp-content\/uploads\/2023\/12\/GBP-XhZXkAAgmx5-680x380.jpg",540,302,true],"covernews-medium-square":["https:\/\/infoecos.com.ar\/wp-content\/uploads\/2023\/12\/GBP-XhZXkAAgmx5-675x390.jpg",400,231,true]},"author_info":{"info":["Jorge Matheus"]},"category_info":"<a href=\"https:\/\/infoecos.com.ar\/index.php\/category\/inferior6\/\" rel=\"category tag\">Bloque inferior - 6<\/a>","tag_info":"Bloque inferior - 6","comment_count":"0","_links":{"self":[{"href":"https:\/\/infoecos.com.ar\/index.php\/wp-json\/wp\/v2\/posts\/116278"}],"collection":[{"href":"https:\/\/infoecos.com.ar\/index.php\/wp-json\/wp\/v2\/posts"}],"about":[{"href":"https:\/\/infoecos.com.ar\/index.php\/wp-json\/wp\/v2\/types\/post"}],"author":[{"embeddable":true,"href":"https:\/\/infoecos.com.ar\/index.php\/wp-json\/wp\/v2\/users\/2"}],"replies":[{"embeddable":true,"href":"https:\/\/infoecos.com.ar\/index.php\/wp-json\/wp\/v2\/comments?post=116278"}],"version-history":[{"count":1,"href":"https:\/\/infoecos.com.ar\/index.php\/wp-json\/wp\/v2\/posts\/116278\/revisions"}],"predecessor-version":[{"id":116282,"href":"https:\/\/infoecos.com.ar\/index.php\/wp-json\/wp\/v2\/posts\/116278\/revisions\/116282"}],"wp:featuredmedia":[{"embeddable":true,"href":"https:\/\/infoecos.com.ar\/index.php\/wp-json\/wp\/v2\/media\/116279"}],"wp:attachment":[{"href":"https:\/\/infoecos.com.ar\/index.php\/wp-json\/wp\/v2\/media?parent=116278"}],"wp:term":[{"taxonomy":"category","embeddable":true,"href":"https:\/\/infoecos.com.ar\/index.php\/wp-json\/wp\/v2\/categories?post=116278"},{"taxonomy":"post_tag","embeddable":true,"href":"https:\/\/infoecos.com.ar\/index.php\/wp-json\/wp\/v2\/tags?post=116278"}],"curies":[{"name":"wp","href":"https:\/\/api.w.org\/{rel}","templated":true}]}}