{"id":116283,"date":"2023-12-13T18:27:22","date_gmt":"2023-12-13T21:27:22","guid":{"rendered":"https:\/\/infoecos.com.ar\/?p=116283"},"modified":"2023-12-13T18:27:23","modified_gmt":"2023-12-13T21:27:23","slug":"tremendo-apriete-al-bolsillo-del-pueblo-aumentaron-los-combustibles-un-37","status":"publish","type":"post","link":"https:\/\/infoecos.com.ar\/index.php\/tremendo-apriete-al-bolsillo-del-pueblo-aumentaron-los-combustibles-un-37\/","title":{"rendered":"Tremendo apriete al bolsillo del Pueblo: aumentaron los combustibles un 37 %"},"content":{"rendered":"\n<figure class=\"wp-block-image alignright size-large is-resized\"><img loading=\"lazy\" decoding=\"async\" src=\"https:\/\/infoecos.com.ar\/wp-content\/uploads\/2020\/08\/surtidores-920x611.jpg\" alt=\"\" class=\"wp-image-66209\" width=\"458\" height=\"303\" srcset=\"https:\/\/infoecos.com.ar\/wp-content\/uploads\/2020\/08\/surtidores-920x611.jpg 920w, https:\/\/infoecos.com.ar\/wp-content\/uploads\/2020\/08\/surtidores-460x305.jpg 460w, https:\/\/infoecos.com.ar\/wp-content\/uploads\/2020\/08\/surtidores-768x510.jpg 768w, https:\/\/infoecos.com.ar\/wp-content\/uploads\/2020\/08\/surtidores.jpg 1024w\" sizes=\"(max-width: 458px) 100vw, 458px\" \/><\/figure>\n\n\n\n<p>Los precios de<strong>\u00a0la nafta y el gasoil aumentar\u00e1n un 37% promedio<\/strong>, de acuerdo a lo trascendido respecto de la decisi\u00f3n de\u00a0<strong>YPF\u00a0<\/strong>y<strong>\u00a0Shell<\/strong>, luego de las medidas anunciadas por el ministro de Econom\u00eda, Luis Caputo.<\/p>\n\n\n\n<p>El nuevo incremento configura el cuarto en las \u00faltimas tres semanas y tiene lugar luego de que el titular del Palacio de Hacienda convalidara<strong>\u00a0una devaluaci\u00f3n del 54% del peso<\/strong>, lo que signific\u00f3 una suba inmediata del 118% en la cotizaci\u00f3n del d\u00f3lar oficial para comercio exterior, que pas\u00f3\u00a0<strong>de $366 a $800<\/strong>.<\/p>\n\n\n\n<p><\/p>\n","protected":false},"excerpt":{"rendered":"<p>El nuevo incremento configura el cuarto en las \u00faltimas tres semanas y tiene lugar luego de que el titular del Palacio de Hacienda convalidara\u00a0una devaluaci\u00f3n del 54% del peso<\/p>\n","protected":false},"author":2,"featured_media":66273,"comment_status":"closed","ping_status":"open","sticky":false,"template":"","format":"standard","meta":{"footnotes":""},"categories":[1613],"tags":[9706],"class_list":["post-116283","post","type-post","status-publish","format-standard","has-post-thumbnail","hentry","category-noticia-secundaria","tag-economia-y-politica-nacional"],"yoast_head":"<!-- This site is optimized with the Yoast SEO plugin v23.4 - https:\/\/yoast.com\/wordpress\/plugins\/seo\/ -->\n<title>Tremendo apriete al bolsillo del Pueblo: aumentaron los combustibles un 37 % - Infoecos<\/title>\n<meta name=\"robots\" content=\"index, follow, max-snippet:-1, max-image-preview:large, max-video-preview:-1\" \/>\n<link rel=\"canonical\" href=\"https:\/\/infoecos.com.ar\/index.php\/tremendo-apriete-al-bolsillo-del-pueblo-aumentaron-los-combustibles-un-37\/\" \/>\n<meta property=\"og:locale\" content=\"es_ES\" \/>\n<meta property=\"og:type\" content=\"article\" \/>\n<meta property=\"og:title\" content=\"Tremendo apriete al bolsillo del Pueblo: aumentaron los combustibles un 37 % - Infoecos\" \/>\n<meta property=\"og:description\" content=\"El nuevo incremento configura el cuarto en las \u00faltimas tres semanas y tiene lugar luego de que el titular del Palacio de Hacienda convalidara\u00a0una devaluaci\u00f3n del 54% del peso\" \/>\n<meta property=\"og:url\" content=\"https:\/\/infoecos.com.ar\/index.php\/tremendo-apriete-al-bolsillo-del-pueblo-aumentaron-los-combustibles-un-37\/\" \/>\n<meta property=\"og:site_name\" content=\"Infoecos\" \/>\n<meta property=\"article:publisher\" content=\"https:\/\/www.facebook.com\/profile.php?id=100063200290284\" \/>\n<meta property=\"article:published_time\" content=\"2023-12-13T21:27:22+00:00\" \/>\n<meta property=\"article:modified_time\" content=\"2023-12-13T21:27:23+00:00\" \/>\n<meta property=\"og:image\" content=\"https:\/\/infoecos.com.ar\/wp-content\/uploads\/2020\/08\/descarga.jpg\" \/>\n\t<meta property=\"og:image:width\" content=\"212\" \/>\n\t<meta property=\"og:image:height\" content=\"119\" \/>\n\t<meta property=\"og:image:type\" content=\"image\/jpeg\" \/>\n<meta name=\"author\" content=\"Jorge Matheus\" \/>\n<meta name=\"twitter:card\" content=\"summary_large_image\" \/>\n<meta name=\"twitter:creator\" content=\"@infoecos\" \/>\n<meta name=\"twitter:site\" content=\"@infoecos\" \/>\n<meta name=\"twitter:label1\" content=\"Escrito por\" \/>\n\t<meta name=\"twitter:data1\" content=\"Jorge Matheus\" \/>\n\t<meta name=\"twitter:label2\" content=\"Tiempo de lectura\" \/>\n\t<meta name=\"twitter:data2\" content=\"1 minuto\" \/>\n<script type=\"application\/ld+json\" class=\"yoast-schema-graph\">{\"@context\":\"https:\/\/schema.org\",\"@graph\":[{\"@type\":\"Article\",\"@id\":\"https:\/\/infoecos.com.ar\/index.php\/tremendo-apriete-al-bolsillo-del-pueblo-aumentaron-los-combustibles-un-37\/#article\",\"isPartOf\":{\"@id\":\"https:\/\/infoecos.com.ar\/index.php\/tremendo-apriete-al-bolsillo-del-pueblo-aumentaron-los-combustibles-un-37\/\"},\"author\":{\"name\":\"Jorge Matheus\",\"@id\":\"https:\/\/infoecos.com.ar\/#\/schema\/person\/8f5ace5ce73b4b4aac4b7245aee6f191\"},\"headline\":\"Tremendo apriete al bolsillo del Pueblo: aumentaron los combustibles un 37 %\",\"datePublished\":\"2023-12-13T21:27:22+00:00\",\"dateModified\":\"2023-12-13T21:27:23+00:00\",\"mainEntityOfPage\":{\"@id\":\"https:\/\/infoecos.com.ar\/index.php\/tremendo-apriete-al-bolsillo-del-pueblo-aumentaron-los-combustibles-un-37\/\"},\"wordCount\":101,\"publisher\":{\"@id\":\"https:\/\/infoecos.com.ar\/#organization\"},\"image\":{\"@id\":\"https:\/\/infoecos.com.ar\/index.php\/tremendo-apriete-al-bolsillo-del-pueblo-aumentaron-los-combustibles-un-37\/#primaryimage\"},\"thumbnailUrl\":\"https:\/\/infoecos.com.ar\/wp-content\/uploads\/2020\/08\/descarga.jpg\",\"keywords\":[\"econom\u00eda y pol\u00edtica nacional\"],\"articleSection\":[\"Noticia Secundaria\"],\"inLanguage\":\"es\"},{\"@type\":\"WebPage\",\"@id\":\"https:\/\/infoecos.com.ar\/index.php\/tremendo-apriete-al-bolsillo-del-pueblo-aumentaron-los-combustibles-un-37\/\",\"url\":\"https:\/\/infoecos.com.ar\/index.php\/tremendo-apriete-al-bolsillo-del-pueblo-aumentaron-los-combustibles-un-37\/\",\"name\":\"Tremendo apriete al bolsillo del Pueblo: aumentaron los combustibles un 37 % - Infoecos\",\"isPartOf\":{\"@id\":\"https:\/\/infoecos.com.ar\/#website\"},\"primaryImageOfPage\":{\"@id\":\"https:\/\/infoecos.com.ar\/index.php\/tremendo-apriete-al-bolsillo-del-pueblo-aumentaron-los-combustibles-un-37\/#primaryimage\"},\"image\":{\"@id\":\"https:\/\/infoecos.com.ar\/index.php\/tremendo-apriete-al-bolsillo-del-pueblo-aumentaron-los-combustibles-un-37\/#primaryimage\"},\"thumbnailUrl\":\"https:\/\/infoecos.com.ar\/wp-content\/uploads\/2020\/08\/descarga.jpg\",\"datePublished\":\"2023-12-13T21:27:22+00:00\",\"dateModified\":\"2023-12-13T21:27:23+00:00\",\"breadcrumb\":{\"@id\":\"https:\/\/infoecos.com.ar\/index.php\/tremendo-apriete-al-bolsillo-del-pueblo-aumentaron-los-combustibles-un-37\/#breadcrumb\"},\"inLanguage\":\"es\",\"potentialAction\":[{\"@type\":\"ReadAction\",\"target\":[\"https:\/\/infoecos.com.ar\/index.php\/tremendo-apriete-al-bolsillo-del-pueblo-aumentaron-los-combustibles-un-37\/\"]}]},{\"@type\":\"ImageObject\",\"inLanguage\":\"es\",\"@id\":\"https:\/\/infoecos.com.ar\/index.php\/tremendo-apriete-al-bolsillo-del-pueblo-aumentaron-los-combustibles-un-37\/#primaryimage\",\"url\":\"https:\/\/infoecos.com.ar\/wp-content\/uploads\/2020\/08\/descarga.jpg\",\"contentUrl\":\"https:\/\/infoecos.com.ar\/wp-content\/uploads\/2020\/08\/descarga.jpg\",\"width\":212,\"height\":119},{\"@type\":\"BreadcrumbList\",\"@id\":\"https:\/\/infoecos.com.ar\/index.php\/tremendo-apriete-al-bolsillo-del-pueblo-aumentaron-los-combustibles-un-37\/#breadcrumb\",\"itemListElement\":[{\"@type\":\"ListItem\",\"position\":1,\"name\":\"Portada\",\"item\":\"https:\/\/infoecos.com.ar\/\"},{\"@type\":\"ListItem\",\"position\":2,\"name\":\"Tremendo apriete al bolsillo del Pueblo: aumentaron los combustibles un 37 %\"}]},{\"@type\":\"WebSite\",\"@id\":\"https:\/\/infoecos.com.ar\/#website\",\"url\":\"https:\/\/infoecos.com.ar\/\",\"name\":\"Infoecos\",\"description\":\"Noticias de trenque lauquen y la zona\",\"publisher\":{\"@id\":\"https:\/\/infoecos.com.ar\/#organization\"},\"alternateName\":\"Noticias\",\"potentialAction\":[{\"@type\":\"SearchAction\",\"target\":{\"@type\":\"EntryPoint\",\"urlTemplate\":\"https:\/\/infoecos.com.ar\/?s={search_term_string}\"},\"query-input\":{\"@type\":\"PropertyValueSpecification\",\"valueRequired\":true,\"valueName\":\"search_term_string\"}}],\"inLanguage\":\"es\"},{\"@type\":\"Organization\",\"@id\":\"https:\/\/infoecos.com.ar\/#organization\",\"name\":\"Infoecos\",\"alternateName\":\"Noticias\",\"url\":\"https:\/\/infoecos.com.ar\/\",\"logo\":{\"@type\":\"ImageObject\",\"inLanguage\":\"es\",\"@id\":\"https:\/\/infoecos.com.ar\/#\/schema\/logo\/image\/\",\"url\":\"https:\/\/infoecos.com.ar\/wp-content\/uploads\/2024\/03\/cropped-logo.png\",\"contentUrl\":\"https:\/\/infoecos.com.ar\/wp-content\/uploads\/2024\/03\/cropped-logo.png\",\"width\":374,\"height\":90,\"caption\":\"Infoecos\"},\"image\":{\"@id\":\"https:\/\/infoecos.com.ar\/#\/schema\/logo\/image\/\"},\"sameAs\":[\"https:\/\/www.facebook.com\/profile.php?id=100063200290284\",\"https:\/\/x.com\/infoecos\"]},{\"@type\":\"Person\",\"@id\":\"https:\/\/infoecos.com.ar\/#\/schema\/person\/8f5ace5ce73b4b4aac4b7245aee6f191\",\"name\":\"Jorge Matheus\",\"url\":\"https:\/\/infoecos.com.ar\/index.php\/author\/jomatheus\/\"}]}<\/script>\n<!-- \/ Yoast SEO plugin. -->","yoast_head_json":{"title":"Tremendo apriete al bolsillo del Pueblo: aumentaron los combustibles un 37 % - Infoecos","robots":{"index":"index","follow":"follow","max-snippet":"max-snippet:-1","max-image-preview":"max-image-preview:large","max-video-preview":"max-video-preview:-1"},"canonical":"https:\/\/infoecos.com.ar\/index.php\/tremendo-apriete-al-bolsillo-del-pueblo-aumentaron-los-combustibles-un-37\/","og_locale":"es_ES","og_type":"article","og_title":"Tremendo apriete al bolsillo del Pueblo: aumentaron los combustibles un 37 % - Infoecos","og_description":"El nuevo incremento configura el cuarto en las \u00faltimas tres semanas y tiene lugar luego de que el titular del Palacio de Hacienda convalidara\u00a0una devaluaci\u00f3n del 54% del peso","og_url":"https:\/\/infoecos.com.ar\/index.php\/tremendo-apriete-al-bolsillo-del-pueblo-aumentaron-los-combustibles-un-37\/","og_site_name":"Infoecos","article_publisher":"https:\/\/www.facebook.com\/profile.php?id=100063200290284","article_published_time":"2023-12-13T21:27:22+00:00","article_modified_time":"2023-12-13T21:27:23+00:00","og_image":[{"width":212,"height":119,"url":"https:\/\/infoecos.com.ar\/wp-content\/uploads\/2020\/08\/descarga.jpg","type":"image\/jpeg"}],"author":"Jorge Matheus","twitter_card":"summary_large_image","twitter_creator":"@infoecos","twitter_site":"@infoecos","twitter_misc":{"Escrito por":"Jorge Matheus","Tiempo de lectura":"1 minuto"},"schema":{"@context":"https:\/\/schema.org","@graph":[{"@type":"Article","@id":"https:\/\/infoecos.com.ar\/index.php\/tremendo-apriete-al-bolsillo-del-pueblo-aumentaron-los-combustibles-un-37\/#article","isPartOf":{"@id":"https:\/\/infoecos.com.ar\/index.php\/tremendo-apriete-al-bolsillo-del-pueblo-aumentaron-los-combustibles-un-37\/"},"author":{"name":"Jorge Matheus","@id":"https:\/\/infoecos.com.ar\/#\/schema\/person\/8f5ace5ce73b4b4aac4b7245aee6f191"},"headline":"Tremendo apriete al bolsillo del Pueblo: aumentaron los combustibles un 37 %","datePublished":"2023-12-13T21:27:22+00:00","dateModified":"2023-12-13T21:27:23+00:00","mainEntityOfPage":{"@id":"https:\/\/infoecos.com.ar\/index.php\/tremendo-apriete-al-bolsillo-del-pueblo-aumentaron-los-combustibles-un-37\/"},"wordCount":101,"publisher":{"@id":"https:\/\/infoecos.com.ar\/#organization"},"image":{"@id":"https:\/\/infoecos.com.ar\/index.php\/tremendo-apriete-al-bolsillo-del-pueblo-aumentaron-los-combustibles-un-37\/#primaryimage"},"thumbnailUrl":"https:\/\/infoecos.com.ar\/wp-content\/uploads\/2020\/08\/descarga.jpg","keywords":["econom\u00eda y pol\u00edtica nacional"],"articleSection":["Noticia Secundaria"],"inLanguage":"es"},{"@type":"WebPage","@id":"https:\/\/infoecos.com.ar\/index.php\/tremendo-apriete-al-bolsillo-del-pueblo-aumentaron-los-combustibles-un-37\/","url":"https:\/\/infoecos.com.ar\/index.php\/tremendo-apriete-al-bolsillo-del-pueblo-aumentaron-los-combustibles-un-37\/","name":"Tremendo apriete al bolsillo del Pueblo: aumentaron los combustibles un 37 % - Infoecos","isPartOf":{"@id":"https:\/\/infoecos.com.ar\/#website"},"primaryImageOfPage":{"@id":"https:\/\/infoecos.com.ar\/index.php\/tremendo-apriete-al-bolsillo-del-pueblo-aumentaron-los-combustibles-un-37\/#primaryimage"},"image":{"@id":"https:\/\/infoecos.com.ar\/index.php\/tremendo-apriete-al-bolsillo-del-pueblo-aumentaron-los-combustibles-un-37\/#primaryimage"},"thumbnailUrl":"https:\/\/infoecos.com.ar\/wp-content\/uploads\/2020\/08\/descarga.jpg","datePublished":"2023-12-13T21:27:22+00:00","dateModified":"2023-12-13T21:27:23+00:00","breadcrumb":{"@id":"https:\/\/infoecos.com.ar\/index.php\/tremendo-apriete-al-bolsillo-del-pueblo-aumentaron-los-combustibles-un-37\/#breadcrumb"},"inLanguage":"es","potentialAction":[{"@type":"ReadAction","target":["https:\/\/infoecos.com.ar\/index.php\/tremendo-apriete-al-bolsillo-del-pueblo-aumentaron-los-combustibles-un-37\/"]}]},{"@type":"ImageObject","inLanguage":"es","@id":"https:\/\/infoecos.com.ar\/index.php\/tremendo-apriete-al-bolsillo-del-pueblo-aumentaron-los-combustibles-un-37\/#primaryimage","url":"https:\/\/infoecos.com.ar\/wp-content\/uploads\/2020\/08\/descarga.jpg","contentUrl":"https:\/\/infoecos.com.ar\/wp-content\/uploads\/2020\/08\/descarga.jpg","width":212,"height":119},{"@type":"BreadcrumbList","@id":"https:\/\/infoecos.com.ar\/index.php\/tremendo-apriete-al-bolsillo-del-pueblo-aumentaron-los-combustibles-un-37\/#breadcrumb","itemListElement":[{"@type":"ListItem","position":1,"name":"Portada","item":"https:\/\/infoecos.com.ar\/"},{"@type":"ListItem","position":2,"name":"Tremendo apriete al bolsillo del Pueblo: aumentaron los combustibles un 37 %"}]},{"@type":"WebSite","@id":"https:\/\/infoecos.com.ar\/#website","url":"https:\/\/infoecos.com.ar\/","name":"Infoecos","description":"Noticias de trenque lauquen y la zona","publisher":{"@id":"https:\/\/infoecos.com.ar\/#organization"},"alternateName":"Noticias","potentialAction":[{"@type":"SearchAction","target":{"@type":"EntryPoint","urlTemplate":"https:\/\/infoecos.com.ar\/?s={search_term_string}"},"query-input":{"@type":"PropertyValueSpecification","valueRequired":true,"valueName":"search_term_string"}}],"inLanguage":"es"},{"@type":"Organization","@id":"https:\/\/infoecos.com.ar\/#organization","name":"Infoecos","alternateName":"Noticias","url":"https:\/\/infoecos.com.ar\/","logo":{"@type":"ImageObject","inLanguage":"es","@id":"https:\/\/infoecos.com.ar\/#\/schema\/logo\/image\/","url":"https:\/\/infoecos.com.ar\/wp-content\/uploads\/2024\/03\/cropped-logo.png","contentUrl":"https:\/\/infoecos.com.ar\/wp-content\/uploads\/2024\/03\/cropped-logo.png","width":374,"height":90,"caption":"Infoecos"},"image":{"@id":"https:\/\/infoecos.com.ar\/#\/schema\/logo\/image\/"},"sameAs":["https:\/\/www.facebook.com\/profile.php?id=100063200290284","https:\/\/x.com\/infoecos"]},{"@type":"Person","@id":"https:\/\/infoecos.com.ar\/#\/schema\/person\/8f5ace5ce73b4b4aac4b7245aee6f191","name":"Jorge Matheus","url":"https:\/\/infoecos.com.ar\/index.php\/author\/jomatheus\/"}]}},"featured_image_urls":{"full":["https:\/\/infoecos.com.ar\/wp-content\/uploads\/2020\/08\/descarga.jpg",212,119,false],"thumbnail":["https:\/\/infoecos.com.ar\/wp-content\/uploads\/2020\/08\/descarga-150x119.jpg",150,119,true],"medium":["https:\/\/infoecos.com.ar\/wp-content\/uploads\/2020\/08\/descarga.jpg",212,119,false],"medium_large":["https:\/\/infoecos.com.ar\/wp-content\/uploads\/2020\/08\/descarga.jpg",212,119,false],"large":["https:\/\/infoecos.com.ar\/wp-content\/uploads\/2020\/08\/descarga.jpg",212,119,false],"1536x1536":["https:\/\/infoecos.com.ar\/wp-content\/uploads\/2020\/08\/descarga.jpg",212,119,false],"2048x2048":["https:\/\/infoecos.com.ar\/wp-content\/uploads\/2020\/08\/descarga.jpg",212,119,false],"covernews-slider-full":["https:\/\/infoecos.com.ar\/wp-content\/uploads\/2020\/08\/descarga.jpg",212,119,false],"covernews-slider-center":["https:\/\/infoecos.com.ar\/wp-content\/uploads\/2020\/08\/descarga.jpg",212,119,false],"covernews-featured":["https:\/\/infoecos.com.ar\/wp-content\/uploads\/2020\/08\/descarga.jpg",212,119,false],"covernews-medium":["https:\/\/infoecos.com.ar\/wp-content\/uploads\/2020\/08\/descarga.jpg",212,119,false],"covernews-medium-square":["https:\/\/infoecos.com.ar\/wp-content\/uploads\/2020\/08\/descarga.jpg",212,119,false]},"author_info":{"info":["Jorge Matheus"]},"category_info":"<a href=\"https:\/\/infoecos.com.ar\/index.php\/category\/noticia-secundaria\/\" rel=\"category tag\">Noticia Secundaria<\/a>","tag_info":"Noticia Secundaria","comment_count":"0","_links":{"self":[{"href":"https:\/\/infoecos.com.ar\/index.php\/wp-json\/wp\/v2\/posts\/116283"}],"collection":[{"href":"https:\/\/infoecos.com.ar\/index.php\/wp-json\/wp\/v2\/posts"}],"about":[{"href":"https:\/\/infoecos.com.ar\/index.php\/wp-json\/wp\/v2\/types\/post"}],"author":[{"embeddable":true,"href":"https:\/\/infoecos.com.ar\/index.php\/wp-json\/wp\/v2\/users\/2"}],"replies":[{"embeddable":true,"href":"https:\/\/infoecos.com.ar\/index.php\/wp-json\/wp\/v2\/comments?post=116283"}],"version-history":[{"count":1,"href":"https:\/\/infoecos.com.ar\/index.php\/wp-json\/wp\/v2\/posts\/116283\/revisions"}],"predecessor-version":[{"id":116284,"href":"https:\/\/infoecos.com.ar\/index.php\/wp-json\/wp\/v2\/posts\/116283\/revisions\/116284"}],"wp:featuredmedia":[{"embeddable":true,"href":"https:\/\/infoecos.com.ar\/index.php\/wp-json\/wp\/v2\/media\/66273"}],"wp:attachment":[{"href":"https:\/\/infoecos.com.ar\/index.php\/wp-json\/wp\/v2\/media?parent=116283"}],"wp:term":[{"taxonomy":"category","embeddable":true,"href":"https:\/\/infoecos.com.ar\/index.php\/wp-json\/wp\/v2\/categories?post=116283"},{"taxonomy":"post_tag","embeddable":true,"href":"https:\/\/infoecos.com.ar\/index.php\/wp-json\/wp\/v2\/tags?post=116283"}],"curies":[{"name":"wp","href":"https:\/\/api.w.org\/{rel}","templated":true}]}}