{"id":116315,"date":"2023-12-14T10:21:24","date_gmt":"2023-12-14T13:21:24","guid":{"rendered":"https:\/\/infoecos.com.ar\/?p=116315"},"modified":"2023-12-14T23:54:00","modified_gmt":"2023-12-15T02:54:00","slug":"informe-policia-comunal-pehuajo-aprehension-por-agresion-a-progenitores-y-por-desobediencia-flagrante","status":"publish","type":"post","link":"https:\/\/infoecos.com.ar\/index.php\/informe-policia-comunal-pehuajo-aprehension-por-agresion-a-progenitores-y-por-desobediencia-flagrante\/","title":{"rendered":"Informe Polic\u00eda Comunal Pehuaj\u00f3: aprehensi\u00f3n por agresi\u00f3n a progenitores, y desobediencia flagrante"},"content":{"rendered":"\n<figure class=\"wp-block-image alignright size-full is-resized\"><img loading=\"lazy\" decoding=\"async\" src=\"https:\/\/infoecos.com.ar\/wp-content\/uploads\/2023\/12\/image-85.png\" alt=\"\" class=\"wp-image-116316\" width=\"236\" height=\"347\" srcset=\"https:\/\/infoecos.com.ar\/wp-content\/uploads\/2023\/12\/image-85.png 649w, https:\/\/infoecos.com.ar\/wp-content\/uploads\/2023\/12\/image-85-544x800.png 544w\" sizes=\"(max-width: 236px) 100vw, 236px\" \/><\/figure>\n\n\n\n<p><strong>Menor agredi\u00f3 a su progenitor<\/strong><\/p>\n\n\n\n<p>Se aprehendi\u00f3 a un menor de 14 a\u00f1o en calle Avda. Sastre y Zuviria de Pehuaj\u00f3. Da\u00f1aba un veh\u00edculo Chevrolet Corsa, propiedad de su progenitor, masculino mayor de edad, quien se hallaba en el lugar de los hechos con un lesi\u00f3n de arma blanca en el pecho. El agredido, previo ser atendido en el Hospital de Pehuaj\u00f3, present\u00f3 una denuncia penal. Adujo que la agresi\u00f3n provino de parte de su hijo menor, quien result\u00f3 aprehendido en primera instancia por el Da\u00f1o Flagrante y Tentativa de Homicidio. Qued\u00f3 a disposici\u00f3n del Fuero de Responsabilidad Penal Juvenil de Trenque Lauquen. <\/p>\n\n\n\n<p><strong>Agresi\u00f3n a sus progenitores y a la Polic\u00eda<\/strong><\/p>\n\n\n\n<p>Se procedi\u00f3 a la aprehensi\u00f3n de Wencesalo Michelli de 23 a\u00f1os. En la calle Lavard\u00e9n al 1050, agred\u00eda a sus progenitores. Al observar la presencia de los uniformados arremeti\u00f3 contra estos. Fue reducido, arrestado y puesto a disposici\u00f3n de la Fiscal\u00eda en turno.<\/p>\n\n\n\n<p><strong>Aprehenden a dos mujeres por el delito de Desobediencia Flagrante<\/strong><\/p>\n\n\n\n<p>En dos episodios distintos delito de Desobediencia Flagrante. Resultaron aprehendidas dos mujeres, fueron identificadas en el primer caso como Ferreyra Lourdes de 20 a\u00f1os, y en el segundo como Mar\u00eda de los Angeles Adrover, de 41 a\u00f1os. <\/p>\n\n\n\n<p>Ambas registran procesos judiciales iniciados en Comisaria de la Mujer y la Familia de Pehuaj\u00f3, con medidas ordenadas por el Juzgado de la Familia de Pehuaj\u00f3.<\/p>\n\n\n\n<p>En el transcurso del proceso penal iniciado para ambas femeninas, el fiscal en turno, doctor Luis Caldentey, previo a indagarlas, les otorg\u00f3 su libertad.<\/p>\n\n\n\n<p><\/p>\n","protected":false},"excerpt":{"rendered":"<p>Un menor agredi\u00f3 a su progenitor; una persona de 23 a\u00f1os golpe\u00f3 a sus progenitores y a la Polic\u00eda; dos mujeres detenidos p\u00f3r Desobediencia Flagrante<\/p>\n","protected":false},"author":2,"featured_media":116316,"comment_status":"closed","ping_status":"open","sticky":false,"template":"","format":"standard","meta":{"footnotes":""},"categories":[198],"tags":[9711],"class_list":["post-116315","post","type-post","status-publish","format-standard","has-post-thumbnail","hentry","category-c1nota5","tag-seguridad-y-justicia"],"yoast_head":"<!-- This site is optimized with the Yoast SEO plugin v23.4 - https:\/\/yoast.com\/wordpress\/plugins\/seo\/ -->\n<title>Informe Polic\u00eda Comunal Pehuaj\u00f3: aprehensi\u00f3n por agresi\u00f3n a progenitores, y desobediencia flagrante - Infoecos<\/title>\n<meta name=\"robots\" content=\"index, follow, max-snippet:-1, max-image-preview:large, max-video-preview:-1\" \/>\n<link rel=\"canonical\" href=\"https:\/\/infoecos.com.ar\/index.php\/informe-policia-comunal-pehuajo-aprehension-por-agresion-a-progenitores-y-por-desobediencia-flagrante\/\" \/>\n<meta property=\"og:locale\" content=\"es_ES\" \/>\n<meta property=\"og:type\" content=\"article\" \/>\n<meta property=\"og:title\" content=\"Informe Polic\u00eda Comunal Pehuaj\u00f3: aprehensi\u00f3n por agresi\u00f3n a progenitores, y desobediencia flagrante - Infoecos\" \/>\n<meta property=\"og:description\" content=\"Un menor agredi\u00f3 a su progenitor; una persona de 23 a\u00f1os golpe\u00f3 a sus progenitores y a la Polic\u00eda; dos mujeres detenidos p\u00f3r Desobediencia Flagrante\" \/>\n<meta property=\"og:url\" content=\"https:\/\/infoecos.com.ar\/index.php\/informe-policia-comunal-pehuajo-aprehension-por-agresion-a-progenitores-y-por-desobediencia-flagrante\/\" \/>\n<meta property=\"og:site_name\" content=\"Infoecos\" \/>\n<meta property=\"article:publisher\" content=\"https:\/\/www.facebook.com\/profile.php?id=100063200290284\" \/>\n<meta property=\"article:published_time\" content=\"2023-12-14T13:21:24+00:00\" \/>\n<meta property=\"article:modified_time\" content=\"2023-12-15T02:54:00+00:00\" \/>\n<meta property=\"og:image\" content=\"https:\/\/infoecos.com.ar\/wp-content\/uploads\/2023\/12\/image-85.png\" \/>\n\t<meta property=\"og:image:width\" content=\"649\" \/>\n\t<meta property=\"og:image:height\" content=\"954\" \/>\n\t<meta property=\"og:image:type\" content=\"image\/png\" \/>\n<meta name=\"author\" content=\"Jorge Matheus\" \/>\n<meta name=\"twitter:card\" content=\"summary_large_image\" \/>\n<meta name=\"twitter:creator\" content=\"@infoecos\" \/>\n<meta name=\"twitter:site\" content=\"@infoecos\" \/>\n<meta name=\"twitter:label1\" content=\"Escrito por\" \/>\n\t<meta name=\"twitter:data1\" content=\"Jorge Matheus\" \/>\n\t<meta name=\"twitter:label2\" content=\"Tiempo de lectura\" \/>\n\t<meta name=\"twitter:data2\" content=\"2 minutos\" \/>\n<script type=\"application\/ld+json\" class=\"yoast-schema-graph\">{\"@context\":\"https:\/\/schema.org\",\"@graph\":[{\"@type\":\"Article\",\"@id\":\"https:\/\/infoecos.com.ar\/index.php\/informe-policia-comunal-pehuajo-aprehension-por-agresion-a-progenitores-y-por-desobediencia-flagrante\/#article\",\"isPartOf\":{\"@id\":\"https:\/\/infoecos.com.ar\/index.php\/informe-policia-comunal-pehuajo-aprehension-por-agresion-a-progenitores-y-por-desobediencia-flagrante\/\"},\"author\":{\"name\":\"Jorge Matheus\",\"@id\":\"https:\/\/infoecos.com.ar\/#\/schema\/person\/8f5ace5ce73b4b4aac4b7245aee6f191\"},\"headline\":\"Informe Polic\u00eda Comunal Pehuaj\u00f3: aprehensi\u00f3n por agresi\u00f3n a progenitores, y desobediencia flagrante\",\"datePublished\":\"2023-12-14T13:21:24+00:00\",\"dateModified\":\"2023-12-15T02:54:00+00:00\",\"mainEntityOfPage\":{\"@id\":\"https:\/\/infoecos.com.ar\/index.php\/informe-policia-comunal-pehuajo-aprehension-por-agresion-a-progenitores-y-por-desobediencia-flagrante\/\"},\"wordCount\":279,\"publisher\":{\"@id\":\"https:\/\/infoecos.com.ar\/#organization\"},\"image\":{\"@id\":\"https:\/\/infoecos.com.ar\/index.php\/informe-policia-comunal-pehuajo-aprehension-por-agresion-a-progenitores-y-por-desobediencia-flagrante\/#primaryimage\"},\"thumbnailUrl\":\"https:\/\/infoecos.com.ar\/wp-content\/uploads\/2023\/12\/image-85.png\",\"keywords\":[\"seguridad y justicia\"],\"articleSection\":[\"C1 nota 5\"],\"inLanguage\":\"es\"},{\"@type\":\"WebPage\",\"@id\":\"https:\/\/infoecos.com.ar\/index.php\/informe-policia-comunal-pehuajo-aprehension-por-agresion-a-progenitores-y-por-desobediencia-flagrante\/\",\"url\":\"https:\/\/infoecos.com.ar\/index.php\/informe-policia-comunal-pehuajo-aprehension-por-agresion-a-progenitores-y-por-desobediencia-flagrante\/\",\"name\":\"Informe Polic\u00eda Comunal Pehuaj\u00f3: aprehensi\u00f3n por agresi\u00f3n a progenitores, y desobediencia flagrante - Infoecos\",\"isPartOf\":{\"@id\":\"https:\/\/infoecos.com.ar\/#website\"},\"primaryImageOfPage\":{\"@id\":\"https:\/\/infoecos.com.ar\/index.php\/informe-policia-comunal-pehuajo-aprehension-por-agresion-a-progenitores-y-por-desobediencia-flagrante\/#primaryimage\"},\"image\":{\"@id\":\"https:\/\/infoecos.com.ar\/index.php\/informe-policia-comunal-pehuajo-aprehension-por-agresion-a-progenitores-y-por-desobediencia-flagrante\/#primaryimage\"},\"thumbnailUrl\":\"https:\/\/infoecos.com.ar\/wp-content\/uploads\/2023\/12\/image-85.png\",\"datePublished\":\"2023-12-14T13:21:24+00:00\",\"dateModified\":\"2023-12-15T02:54:00+00:00\",\"breadcrumb\":{\"@id\":\"https:\/\/infoecos.com.ar\/index.php\/informe-policia-comunal-pehuajo-aprehension-por-agresion-a-progenitores-y-por-desobediencia-flagrante\/#breadcrumb\"},\"inLanguage\":\"es\",\"potentialAction\":[{\"@type\":\"ReadAction\",\"target\":[\"https:\/\/infoecos.com.ar\/index.php\/informe-policia-comunal-pehuajo-aprehension-por-agresion-a-progenitores-y-por-desobediencia-flagrante\/\"]}]},{\"@type\":\"ImageObject\",\"inLanguage\":\"es\",\"@id\":\"https:\/\/infoecos.com.ar\/index.php\/informe-policia-comunal-pehuajo-aprehension-por-agresion-a-progenitores-y-por-desobediencia-flagrante\/#primaryimage\",\"url\":\"https:\/\/infoecos.com.ar\/wp-content\/uploads\/2023\/12\/image-85.png\",\"contentUrl\":\"https:\/\/infoecos.com.ar\/wp-content\/uploads\/2023\/12\/image-85.png\",\"width\":649,\"height\":954},{\"@type\":\"BreadcrumbList\",\"@id\":\"https:\/\/infoecos.com.ar\/index.php\/informe-policia-comunal-pehuajo-aprehension-por-agresion-a-progenitores-y-por-desobediencia-flagrante\/#breadcrumb\",\"itemListElement\":[{\"@type\":\"ListItem\",\"position\":1,\"name\":\"Portada\",\"item\":\"https:\/\/infoecos.com.ar\/\"},{\"@type\":\"ListItem\",\"position\":2,\"name\":\"Informe Polic\u00eda Comunal Pehuaj\u00f3: aprehensi\u00f3n por agresi\u00f3n a progenitores, y desobediencia flagrante\"}]},{\"@type\":\"WebSite\",\"@id\":\"https:\/\/infoecos.com.ar\/#website\",\"url\":\"https:\/\/infoecos.com.ar\/\",\"name\":\"Infoecos\",\"description\":\"Noticias de trenque lauquen y la zona\",\"publisher\":{\"@id\":\"https:\/\/infoecos.com.ar\/#organization\"},\"alternateName\":\"Noticias\",\"potentialAction\":[{\"@type\":\"SearchAction\",\"target\":{\"@type\":\"EntryPoint\",\"urlTemplate\":\"https:\/\/infoecos.com.ar\/?s={search_term_string}\"},\"query-input\":{\"@type\":\"PropertyValueSpecification\",\"valueRequired\":true,\"valueName\":\"search_term_string\"}}],\"inLanguage\":\"es\"},{\"@type\":\"Organization\",\"@id\":\"https:\/\/infoecos.com.ar\/#organization\",\"name\":\"Infoecos\",\"alternateName\":\"Noticias\",\"url\":\"https:\/\/infoecos.com.ar\/\",\"logo\":{\"@type\":\"ImageObject\",\"inLanguage\":\"es\",\"@id\":\"https:\/\/infoecos.com.ar\/#\/schema\/logo\/image\/\",\"url\":\"https:\/\/infoecos.com.ar\/wp-content\/uploads\/2024\/03\/cropped-logo.png\",\"contentUrl\":\"https:\/\/infoecos.com.ar\/wp-content\/uploads\/2024\/03\/cropped-logo.png\",\"width\":374,\"height\":90,\"caption\":\"Infoecos\"},\"image\":{\"@id\":\"https:\/\/infoecos.com.ar\/#\/schema\/logo\/image\/\"},\"sameAs\":[\"https:\/\/www.facebook.com\/profile.php?id=100063200290284\",\"https:\/\/x.com\/infoecos\"]},{\"@type\":\"Person\",\"@id\":\"https:\/\/infoecos.com.ar\/#\/schema\/person\/8f5ace5ce73b4b4aac4b7245aee6f191\",\"name\":\"Jorge Matheus\",\"url\":\"https:\/\/infoecos.com.ar\/index.php\/author\/jomatheus\/\"}]}<\/script>\n<!-- \/ Yoast SEO plugin. -->","yoast_head_json":{"title":"Informe Polic\u00eda Comunal Pehuaj\u00f3: aprehensi\u00f3n por agresi\u00f3n a progenitores, y desobediencia flagrante - Infoecos","robots":{"index":"index","follow":"follow","max-snippet":"max-snippet:-1","max-image-preview":"max-image-preview:large","max-video-preview":"max-video-preview:-1"},"canonical":"https:\/\/infoecos.com.ar\/index.php\/informe-policia-comunal-pehuajo-aprehension-por-agresion-a-progenitores-y-por-desobediencia-flagrante\/","og_locale":"es_ES","og_type":"article","og_title":"Informe Polic\u00eda Comunal Pehuaj\u00f3: aprehensi\u00f3n por agresi\u00f3n a progenitores, y desobediencia flagrante - Infoecos","og_description":"Un menor agredi\u00f3 a su progenitor; una persona de 23 a\u00f1os golpe\u00f3 a sus progenitores y a la Polic\u00eda; dos mujeres detenidos p\u00f3r Desobediencia Flagrante","og_url":"https:\/\/infoecos.com.ar\/index.php\/informe-policia-comunal-pehuajo-aprehension-por-agresion-a-progenitores-y-por-desobediencia-flagrante\/","og_site_name":"Infoecos","article_publisher":"https:\/\/www.facebook.com\/profile.php?id=100063200290284","article_published_time":"2023-12-14T13:21:24+00:00","article_modified_time":"2023-12-15T02:54:00+00:00","og_image":[{"width":649,"height":954,"url":"https:\/\/infoecos.com.ar\/wp-content\/uploads\/2023\/12\/image-85.png","type":"image\/png"}],"author":"Jorge Matheus","twitter_card":"summary_large_image","twitter_creator":"@infoecos","twitter_site":"@infoecos","twitter_misc":{"Escrito por":"Jorge Matheus","Tiempo de lectura":"2 minutos"},"schema":{"@context":"https:\/\/schema.org","@graph":[{"@type":"Article","@id":"https:\/\/infoecos.com.ar\/index.php\/informe-policia-comunal-pehuajo-aprehension-por-agresion-a-progenitores-y-por-desobediencia-flagrante\/#article","isPartOf":{"@id":"https:\/\/infoecos.com.ar\/index.php\/informe-policia-comunal-pehuajo-aprehension-por-agresion-a-progenitores-y-por-desobediencia-flagrante\/"},"author":{"name":"Jorge Matheus","@id":"https:\/\/infoecos.com.ar\/#\/schema\/person\/8f5ace5ce73b4b4aac4b7245aee6f191"},"headline":"Informe Polic\u00eda Comunal Pehuaj\u00f3: aprehensi\u00f3n por agresi\u00f3n a progenitores, y desobediencia flagrante","datePublished":"2023-12-14T13:21:24+00:00","dateModified":"2023-12-15T02:54:00+00:00","mainEntityOfPage":{"@id":"https:\/\/infoecos.com.ar\/index.php\/informe-policia-comunal-pehuajo-aprehension-por-agresion-a-progenitores-y-por-desobediencia-flagrante\/"},"wordCount":279,"publisher":{"@id":"https:\/\/infoecos.com.ar\/#organization"},"image":{"@id":"https:\/\/infoecos.com.ar\/index.php\/informe-policia-comunal-pehuajo-aprehension-por-agresion-a-progenitores-y-por-desobediencia-flagrante\/#primaryimage"},"thumbnailUrl":"https:\/\/infoecos.com.ar\/wp-content\/uploads\/2023\/12\/image-85.png","keywords":["seguridad y justicia"],"articleSection":["C1 nota 5"],"inLanguage":"es"},{"@type":"WebPage","@id":"https:\/\/infoecos.com.ar\/index.php\/informe-policia-comunal-pehuajo-aprehension-por-agresion-a-progenitores-y-por-desobediencia-flagrante\/","url":"https:\/\/infoecos.com.ar\/index.php\/informe-policia-comunal-pehuajo-aprehension-por-agresion-a-progenitores-y-por-desobediencia-flagrante\/","name":"Informe Polic\u00eda Comunal Pehuaj\u00f3: aprehensi\u00f3n por agresi\u00f3n a progenitores, y desobediencia flagrante - Infoecos","isPartOf":{"@id":"https:\/\/infoecos.com.ar\/#website"},"primaryImageOfPage":{"@id":"https:\/\/infoecos.com.ar\/index.php\/informe-policia-comunal-pehuajo-aprehension-por-agresion-a-progenitores-y-por-desobediencia-flagrante\/#primaryimage"},"image":{"@id":"https:\/\/infoecos.com.ar\/index.php\/informe-policia-comunal-pehuajo-aprehension-por-agresion-a-progenitores-y-por-desobediencia-flagrante\/#primaryimage"},"thumbnailUrl":"https:\/\/infoecos.com.ar\/wp-content\/uploads\/2023\/12\/image-85.png","datePublished":"2023-12-14T13:21:24+00:00","dateModified":"2023-12-15T02:54:00+00:00","breadcrumb":{"@id":"https:\/\/infoecos.com.ar\/index.php\/informe-policia-comunal-pehuajo-aprehension-por-agresion-a-progenitores-y-por-desobediencia-flagrante\/#breadcrumb"},"inLanguage":"es","potentialAction":[{"@type":"ReadAction","target":["https:\/\/infoecos.com.ar\/index.php\/informe-policia-comunal-pehuajo-aprehension-por-agresion-a-progenitores-y-por-desobediencia-flagrante\/"]}]},{"@type":"ImageObject","inLanguage":"es","@id":"https:\/\/infoecos.com.ar\/index.php\/informe-policia-comunal-pehuajo-aprehension-por-agresion-a-progenitores-y-por-desobediencia-flagrante\/#primaryimage","url":"https:\/\/infoecos.com.ar\/wp-content\/uploads\/2023\/12\/image-85.png","contentUrl":"https:\/\/infoecos.com.ar\/wp-content\/uploads\/2023\/12\/image-85.png","width":649,"height":954},{"@type":"BreadcrumbList","@id":"https:\/\/infoecos.com.ar\/index.php\/informe-policia-comunal-pehuajo-aprehension-por-agresion-a-progenitores-y-por-desobediencia-flagrante\/#breadcrumb","itemListElement":[{"@type":"ListItem","position":1,"name":"Portada","item":"https:\/\/infoecos.com.ar\/"},{"@type":"ListItem","position":2,"name":"Informe Polic\u00eda Comunal Pehuaj\u00f3: aprehensi\u00f3n por agresi\u00f3n a progenitores, y desobediencia flagrante"}]},{"@type":"WebSite","@id":"https:\/\/infoecos.com.ar\/#website","url":"https:\/\/infoecos.com.ar\/","name":"Infoecos","description":"Noticias de trenque lauquen y la zona","publisher":{"@id":"https:\/\/infoecos.com.ar\/#organization"},"alternateName":"Noticias","potentialAction":[{"@type":"SearchAction","target":{"@type":"EntryPoint","urlTemplate":"https:\/\/infoecos.com.ar\/?s={search_term_string}"},"query-input":{"@type":"PropertyValueSpecification","valueRequired":true,"valueName":"search_term_string"}}],"inLanguage":"es"},{"@type":"Organization","@id":"https:\/\/infoecos.com.ar\/#organization","name":"Infoecos","alternateName":"Noticias","url":"https:\/\/infoecos.com.ar\/","logo":{"@type":"ImageObject","inLanguage":"es","@id":"https:\/\/infoecos.com.ar\/#\/schema\/logo\/image\/","url":"https:\/\/infoecos.com.ar\/wp-content\/uploads\/2024\/03\/cropped-logo.png","contentUrl":"https:\/\/infoecos.com.ar\/wp-content\/uploads\/2024\/03\/cropped-logo.png","width":374,"height":90,"caption":"Infoecos"},"image":{"@id":"https:\/\/infoecos.com.ar\/#\/schema\/logo\/image\/"},"sameAs":["https:\/\/www.facebook.com\/profile.php?id=100063200290284","https:\/\/x.com\/infoecos"]},{"@type":"Person","@id":"https:\/\/infoecos.com.ar\/#\/schema\/person\/8f5ace5ce73b4b4aac4b7245aee6f191","name":"Jorge Matheus","url":"https:\/\/infoecos.com.ar\/index.php\/author\/jomatheus\/"}]}},"featured_image_urls":{"full":["https:\/\/infoecos.com.ar\/wp-content\/uploads\/2023\/12\/image-85.png",649,954,false],"thumbnail":["https:\/\/infoecos.com.ar\/wp-content\/uploads\/2023\/12\/image-85-300x150.png",300,150,true],"medium":["https:\/\/infoecos.com.ar\/wp-content\/uploads\/2023\/12\/image-85-544x800.png",544,800,true],"medium_large":["https:\/\/infoecos.com.ar\/wp-content\/uploads\/2023\/12\/image-85.png",640,941,false],"large":["https:\/\/infoecos.com.ar\/wp-content\/uploads\/2023\/12\/image-85.png",640,941,false],"1536x1536":["https:\/\/infoecos.com.ar\/wp-content\/uploads\/2023\/12\/image-85.png",649,954,false],"2048x2048":["https:\/\/infoecos.com.ar\/wp-content\/uploads\/2023\/12\/image-85.png",649,954,false],"covernews-slider-full":["https:\/\/infoecos.com.ar\/wp-content\/uploads\/2023\/12\/image-85.png",486,715,false],"covernews-slider-center":["https:\/\/infoecos.com.ar\/wp-content\/uploads\/2023\/12\/image-85-649x897.png",362,500,true],"covernews-featured":["https:\/\/infoecos.com.ar\/wp-content\/uploads\/2023\/12\/image-85.png",649,954,false],"covernews-medium":["https:\/\/infoecos.com.ar\/wp-content\/uploads\/2023\/12\/image-85-649x380.png",540,316,true],"covernews-medium-square":["https:\/\/infoecos.com.ar\/wp-content\/uploads\/2023\/12\/image-85-649x450.png",361,250,true]},"author_info":{"info":["Jorge Matheus"]},"category_info":"<a href=\"https:\/\/infoecos.com.ar\/index.php\/category\/c1nota5\/\" rel=\"category tag\">C1 nota 5<\/a>","tag_info":"C1 nota 5","comment_count":"0","_links":{"self":[{"href":"https:\/\/infoecos.com.ar\/index.php\/wp-json\/wp\/v2\/posts\/116315"}],"collection":[{"href":"https:\/\/infoecos.com.ar\/index.php\/wp-json\/wp\/v2\/posts"}],"about":[{"href":"https:\/\/infoecos.com.ar\/index.php\/wp-json\/wp\/v2\/types\/post"}],"author":[{"embeddable":true,"href":"https:\/\/infoecos.com.ar\/index.php\/wp-json\/wp\/v2\/users\/2"}],"replies":[{"embeddable":true,"href":"https:\/\/infoecos.com.ar\/index.php\/wp-json\/wp\/v2\/comments?post=116315"}],"version-history":[{"count":2,"href":"https:\/\/infoecos.com.ar\/index.php\/wp-json\/wp\/v2\/posts\/116315\/revisions"}],"predecessor-version":[{"id":116319,"href":"https:\/\/infoecos.com.ar\/index.php\/wp-json\/wp\/v2\/posts\/116315\/revisions\/116319"}],"wp:featuredmedia":[{"embeddable":true,"href":"https:\/\/infoecos.com.ar\/index.php\/wp-json\/wp\/v2\/media\/116316"}],"wp:attachment":[{"href":"https:\/\/infoecos.com.ar\/index.php\/wp-json\/wp\/v2\/media?parent=116315"}],"wp:term":[{"taxonomy":"category","embeddable":true,"href":"https:\/\/infoecos.com.ar\/index.php\/wp-json\/wp\/v2\/categories?post=116315"},{"taxonomy":"post_tag","embeddable":true,"href":"https:\/\/infoecos.com.ar\/index.php\/wp-json\/wp\/v2\/tags?post=116315"}],"curies":[{"name":"wp","href":"https:\/\/api.w.org\/{rel}","templated":true}]}}