{"id":116334,"date":"2023-12-14T15:17:04","date_gmt":"2023-12-14T18:17:04","guid":{"rendered":"https:\/\/infoecos.com.ar\/?p=116334"},"modified":"2023-12-16T12:26:12","modified_gmt":"2023-12-16T15:26:12","slug":"concurso-de-vidrieras-navidenas-en-trenque-lauquen","status":"publish","type":"post","link":"https:\/\/infoecos.com.ar\/index.php\/concurso-de-vidrieras-navidenas-en-trenque-lauquen\/","title":{"rendered":"Concurso de \u00abVidrieras Navide\u00f1as\u00bb en Trenque Lauquen"},"content":{"rendered":"\n<p>La subsecretar\u00eda de Desarrollo Econ\u00f3mico y Productivo del Municipio de Trenque Lauquen, a cargo de Germ\u00e1n Lauro, lanza una nueva edici\u00f3n del Concurso \u201c<em>Vidrieras Navide\u00f1as<\/em>\u201d mediante el cual se invita a los comerciantes del distrito a decorar el frente\/vidriera de sus locales con adornos navide\u00f1os y enviar una foto al correo electr\u00f3nico: <a href=\"mailto:vidrierasnavidad@gmail.com\">vidrierasnavidad@gmail.com<\/a> <\/p>\n\n\n\n<p>Los comerciantes interesados\/as tendr\u00e1n tiempo hasta el jueves 21 para enviar la foto, que deber\u00e1 estar acompa\u00f1ada por el nombre del propietario, nombre del comercio y su ubicaci\u00f3n, y el n\u00famero de tel\u00e9fono de contacto.<\/p>\n\n\n\n<figure class=\"wp-block-image aligncenter size-large is-resized\"><img loading=\"lazy\" decoding=\"async\" src=\"https:\/\/infoecos.com.ar\/wp-content\/uploads\/2023\/12\/Concurso-Vidrieras-Navidenas-1600x1600.jpg\" alt=\"\" class=\"wp-image-116335\" width=\"498\" height=\"498\" srcset=\"https:\/\/infoecos.com.ar\/wp-content\/uploads\/2023\/12\/Concurso-Vidrieras-Navidenas.jpg 1600w, https:\/\/infoecos.com.ar\/wp-content\/uploads\/2023\/12\/Concurso-Vidrieras-Navidenas-800x800.jpg 800w, https:\/\/infoecos.com.ar\/wp-content\/uploads\/2023\/12\/Concurso-Vidrieras-Navidenas-768x768.jpg 768w, https:\/\/infoecos.com.ar\/wp-content\/uploads\/2023\/12\/Concurso-Vidrieras-Navidenas-1536x1536.jpg 1536w, https:\/\/infoecos.com.ar\/wp-content\/uploads\/2023\/12\/Concurso-Vidrieras-Navidenas-1024x1024.jpg 1024w\" sizes=\"(max-width: 498px) 100vw, 498px\" \/><\/figure>\n\n\n\n<p>Al d\u00eda siguientelas fotos de los comercios que participen del concurso se subir\u00e1n en forma simult\u00e1nea a la p\u00e1gina de Facebook del Municipio y hasta el viernes 29 de diciembre los vecinos\/as podr\u00e1n votar poniendo Like (me Gusta) en la foto que elijan.<\/p>\n\n\n\n<p>El martes 2 de enero se conocer\u00e1n los comercios ganadores de acuerdo a la cantidad de \u00abMe gusta\u00bb que cada foto haya recibido. Los premios para los comerciantes de las vidrieras ganadoras son \u00f3rdenes de compra por $130.000, $70.000 y $50.000.<\/p>\n\n\n\n<p>\u201cEstamos invitando a los comerciantes a participar de una nueva edici\u00f3n del Concurso Vidrieras Navide\u00f1as, la idea es que manden una sola foto por comercio con todos los datos, y habr\u00e1 tres premios en \u00f3rdenes de compra\u201d, coment\u00f3 esta ma\u00f1ana (jueves) Mercedes de Castro, de la oficina de Turismo del Municipio.<\/p>\n","protected":false},"excerpt":{"rendered":"<p>Los comerciantes interesados\/as tendr\u00e1n tiempo hasta el jueves 21 para enviar la foto, que deber\u00e1 estar acompa\u00f1ada por el nombre del propietario, nombre del comercio y su ubicaci\u00f3n, y el n\u00famero de tel\u00e9fono de contacto.<\/p>\n","protected":false},"author":2,"featured_media":61344,"comment_status":"closed","ping_status":"open","sticky":false,"template":"","format":"standard","meta":{"footnotes":""},"categories":[48],"tags":[9714],"class_list":["post-116334","post","type-post","status-publish","format-standard","has-post-thumbnail","hentry","category-c2nota3","tag-nueva-edicion"],"yoast_head":"<!-- This site is optimized with the Yoast SEO plugin v23.4 - https:\/\/yoast.com\/wordpress\/plugins\/seo\/ -->\n<title>Concurso de &quot;Vidrieras Navide\u00f1as&quot; en Trenque Lauquen - Infoecos<\/title>\n<meta name=\"robots\" content=\"index, follow, max-snippet:-1, max-image-preview:large, max-video-preview:-1\" \/>\n<link rel=\"canonical\" href=\"https:\/\/infoecos.com.ar\/index.php\/concurso-de-vidrieras-navidenas-en-trenque-lauquen\/\" \/>\n<meta property=\"og:locale\" content=\"es_ES\" \/>\n<meta property=\"og:type\" content=\"article\" \/>\n<meta property=\"og:title\" content=\"Concurso de &quot;Vidrieras Navide\u00f1as&quot; en Trenque Lauquen - Infoecos\" \/>\n<meta property=\"og:description\" content=\"Los comerciantes interesados\/as tendr\u00e1n tiempo hasta el jueves 21 para enviar la foto, que deber\u00e1 estar acompa\u00f1ada por el nombre del propietario, nombre del comercio y su ubicaci\u00f3n, y el n\u00famero de tel\u00e9fono de contacto.\" \/>\n<meta property=\"og:url\" content=\"https:\/\/infoecos.com.ar\/index.php\/concurso-de-vidrieras-navidenas-en-trenque-lauquen\/\" \/>\n<meta property=\"og:site_name\" content=\"Infoecos\" \/>\n<meta property=\"article:publisher\" content=\"https:\/\/www.facebook.com\/profile.php?id=100063200290284\" \/>\n<meta property=\"article:published_time\" content=\"2023-12-14T18:17:04+00:00\" \/>\n<meta property=\"article:modified_time\" content=\"2023-12-16T15:26:12+00:00\" \/>\n<meta property=\"og:image\" content=\"https:\/\/infoecos.com.ar\/wp-content\/uploads\/tl21centro-1-scaled.jpg\" \/>\n\t<meta property=\"og:image:width\" content=\"2560\" \/>\n\t<meta property=\"og:image:height\" content=\"1920\" \/>\n\t<meta property=\"og:image:type\" content=\"image\/jpeg\" \/>\n<meta name=\"author\" content=\"Jorge Matheus\" \/>\n<meta name=\"twitter:card\" content=\"summary_large_image\" \/>\n<meta name=\"twitter:creator\" content=\"@infoecos\" \/>\n<meta name=\"twitter:site\" content=\"@infoecos\" \/>\n<meta name=\"twitter:label1\" content=\"Escrito por\" \/>\n\t<meta name=\"twitter:data1\" content=\"Jorge Matheus\" \/>\n\t<meta name=\"twitter:label2\" content=\"Tiempo de lectura\" \/>\n\t<meta name=\"twitter:data2\" content=\"2 minutos\" \/>\n<script type=\"application\/ld+json\" class=\"yoast-schema-graph\">{\"@context\":\"https:\/\/schema.org\",\"@graph\":[{\"@type\":\"Article\",\"@id\":\"https:\/\/infoecos.com.ar\/index.php\/concurso-de-vidrieras-navidenas-en-trenque-lauquen\/#article\",\"isPartOf\":{\"@id\":\"https:\/\/infoecos.com.ar\/index.php\/concurso-de-vidrieras-navidenas-en-trenque-lauquen\/\"},\"author\":{\"name\":\"Jorge Matheus\",\"@id\":\"https:\/\/infoecos.com.ar\/#\/schema\/person\/8f5ace5ce73b4b4aac4b7245aee6f191\"},\"headline\":\"Concurso de \u00abVidrieras Navide\u00f1as\u00bb en Trenque Lauquen\",\"datePublished\":\"2023-12-14T18:17:04+00:00\",\"dateModified\":\"2023-12-16T15:26:12+00:00\",\"mainEntityOfPage\":{\"@id\":\"https:\/\/infoecos.com.ar\/index.php\/concurso-de-vidrieras-navidenas-en-trenque-lauquen\/\"},\"wordCount\":251,\"publisher\":{\"@id\":\"https:\/\/infoecos.com.ar\/#organization\"},\"image\":{\"@id\":\"https:\/\/infoecos.com.ar\/index.php\/concurso-de-vidrieras-navidenas-en-trenque-lauquen\/#primaryimage\"},\"thumbnailUrl\":\"https:\/\/infoecos.com.ar\/wp-content\/uploads\/tl21centro-1-scaled.jpg\",\"keywords\":[\"nueva edici\u00f3n\"],\"articleSection\":[\"C2 N3\"],\"inLanguage\":\"es\"},{\"@type\":\"WebPage\",\"@id\":\"https:\/\/infoecos.com.ar\/index.php\/concurso-de-vidrieras-navidenas-en-trenque-lauquen\/\",\"url\":\"https:\/\/infoecos.com.ar\/index.php\/concurso-de-vidrieras-navidenas-en-trenque-lauquen\/\",\"name\":\"Concurso de \\\"Vidrieras Navide\u00f1as\\\" en Trenque Lauquen - Infoecos\",\"isPartOf\":{\"@id\":\"https:\/\/infoecos.com.ar\/#website\"},\"primaryImageOfPage\":{\"@id\":\"https:\/\/infoecos.com.ar\/index.php\/concurso-de-vidrieras-navidenas-en-trenque-lauquen\/#primaryimage\"},\"image\":{\"@id\":\"https:\/\/infoecos.com.ar\/index.php\/concurso-de-vidrieras-navidenas-en-trenque-lauquen\/#primaryimage\"},\"thumbnailUrl\":\"https:\/\/infoecos.com.ar\/wp-content\/uploads\/tl21centro-1-scaled.jpg\",\"datePublished\":\"2023-12-14T18:17:04+00:00\",\"dateModified\":\"2023-12-16T15:26:12+00:00\",\"breadcrumb\":{\"@id\":\"https:\/\/infoecos.com.ar\/index.php\/concurso-de-vidrieras-navidenas-en-trenque-lauquen\/#breadcrumb\"},\"inLanguage\":\"es\",\"potentialAction\":[{\"@type\":\"ReadAction\",\"target\":[\"https:\/\/infoecos.com.ar\/index.php\/concurso-de-vidrieras-navidenas-en-trenque-lauquen\/\"]}]},{\"@type\":\"ImageObject\",\"inLanguage\":\"es\",\"@id\":\"https:\/\/infoecos.com.ar\/index.php\/concurso-de-vidrieras-navidenas-en-trenque-lauquen\/#primaryimage\",\"url\":\"https:\/\/infoecos.com.ar\/wp-content\/uploads\/tl21centro-1-scaled.jpg\",\"contentUrl\":\"https:\/\/infoecos.com.ar\/wp-content\/uploads\/tl21centro-1-scaled.jpg\",\"width\":2560,\"height\":1920,\"caption\":\"Trenque Lauquen - Centro\"},{\"@type\":\"BreadcrumbList\",\"@id\":\"https:\/\/infoecos.com.ar\/index.php\/concurso-de-vidrieras-navidenas-en-trenque-lauquen\/#breadcrumb\",\"itemListElement\":[{\"@type\":\"ListItem\",\"position\":1,\"name\":\"Portada\",\"item\":\"https:\/\/infoecos.com.ar\/\"},{\"@type\":\"ListItem\",\"position\":2,\"name\":\"Concurso de \u00abVidrieras Navide\u00f1as\u00bb en Trenque Lauquen\"}]},{\"@type\":\"WebSite\",\"@id\":\"https:\/\/infoecos.com.ar\/#website\",\"url\":\"https:\/\/infoecos.com.ar\/\",\"name\":\"Infoecos\",\"description\":\"Noticias de trenque lauquen y la zona\",\"publisher\":{\"@id\":\"https:\/\/infoecos.com.ar\/#organization\"},\"alternateName\":\"Noticias\",\"potentialAction\":[{\"@type\":\"SearchAction\",\"target\":{\"@type\":\"EntryPoint\",\"urlTemplate\":\"https:\/\/infoecos.com.ar\/?s={search_term_string}\"},\"query-input\":{\"@type\":\"PropertyValueSpecification\",\"valueRequired\":true,\"valueName\":\"search_term_string\"}}],\"inLanguage\":\"es\"},{\"@type\":\"Organization\",\"@id\":\"https:\/\/infoecos.com.ar\/#organization\",\"name\":\"Infoecos\",\"alternateName\":\"Noticias\",\"url\":\"https:\/\/infoecos.com.ar\/\",\"logo\":{\"@type\":\"ImageObject\",\"inLanguage\":\"es\",\"@id\":\"https:\/\/infoecos.com.ar\/#\/schema\/logo\/image\/\",\"url\":\"https:\/\/infoecos.com.ar\/wp-content\/uploads\/2024\/03\/cropped-logo.png\",\"contentUrl\":\"https:\/\/infoecos.com.ar\/wp-content\/uploads\/2024\/03\/cropped-logo.png\",\"width\":374,\"height\":90,\"caption\":\"Infoecos\"},\"image\":{\"@id\":\"https:\/\/infoecos.com.ar\/#\/schema\/logo\/image\/\"},\"sameAs\":[\"https:\/\/www.facebook.com\/profile.php?id=100063200290284\",\"https:\/\/x.com\/infoecos\"]},{\"@type\":\"Person\",\"@id\":\"https:\/\/infoecos.com.ar\/#\/schema\/person\/8f5ace5ce73b4b4aac4b7245aee6f191\",\"name\":\"Jorge Matheus\",\"url\":\"https:\/\/infoecos.com.ar\/index.php\/author\/jomatheus\/\"}]}<\/script>\n<!-- \/ Yoast SEO plugin. -->","yoast_head_json":{"title":"Concurso de \"Vidrieras Navide\u00f1as\" en Trenque Lauquen - Infoecos","robots":{"index":"index","follow":"follow","max-snippet":"max-snippet:-1","max-image-preview":"max-image-preview:large","max-video-preview":"max-video-preview:-1"},"canonical":"https:\/\/infoecos.com.ar\/index.php\/concurso-de-vidrieras-navidenas-en-trenque-lauquen\/","og_locale":"es_ES","og_type":"article","og_title":"Concurso de \"Vidrieras Navide\u00f1as\" en Trenque Lauquen - Infoecos","og_description":"Los comerciantes interesados\/as tendr\u00e1n tiempo hasta el jueves 21 para enviar la foto, que deber\u00e1 estar acompa\u00f1ada por el nombre del propietario, nombre del comercio y su ubicaci\u00f3n, y el n\u00famero de tel\u00e9fono de contacto.","og_url":"https:\/\/infoecos.com.ar\/index.php\/concurso-de-vidrieras-navidenas-en-trenque-lauquen\/","og_site_name":"Infoecos","article_publisher":"https:\/\/www.facebook.com\/profile.php?id=100063200290284","article_published_time":"2023-12-14T18:17:04+00:00","article_modified_time":"2023-12-16T15:26:12+00:00","og_image":[{"width":2560,"height":1920,"url":"https:\/\/infoecos.com.ar\/wp-content\/uploads\/tl21centro-1-scaled.jpg","type":"image\/jpeg"}],"author":"Jorge Matheus","twitter_card":"summary_large_image","twitter_creator":"@infoecos","twitter_site":"@infoecos","twitter_misc":{"Escrito por":"Jorge Matheus","Tiempo de lectura":"2 minutos"},"schema":{"@context":"https:\/\/schema.org","@graph":[{"@type":"Article","@id":"https:\/\/infoecos.com.ar\/index.php\/concurso-de-vidrieras-navidenas-en-trenque-lauquen\/#article","isPartOf":{"@id":"https:\/\/infoecos.com.ar\/index.php\/concurso-de-vidrieras-navidenas-en-trenque-lauquen\/"},"author":{"name":"Jorge Matheus","@id":"https:\/\/infoecos.com.ar\/#\/schema\/person\/8f5ace5ce73b4b4aac4b7245aee6f191"},"headline":"Concurso de \u00abVidrieras Navide\u00f1as\u00bb en Trenque Lauquen","datePublished":"2023-12-14T18:17:04+00:00","dateModified":"2023-12-16T15:26:12+00:00","mainEntityOfPage":{"@id":"https:\/\/infoecos.com.ar\/index.php\/concurso-de-vidrieras-navidenas-en-trenque-lauquen\/"},"wordCount":251,"publisher":{"@id":"https:\/\/infoecos.com.ar\/#organization"},"image":{"@id":"https:\/\/infoecos.com.ar\/index.php\/concurso-de-vidrieras-navidenas-en-trenque-lauquen\/#primaryimage"},"thumbnailUrl":"https:\/\/infoecos.com.ar\/wp-content\/uploads\/tl21centro-1-scaled.jpg","keywords":["nueva edici\u00f3n"],"articleSection":["C2 N3"],"inLanguage":"es"},{"@type":"WebPage","@id":"https:\/\/infoecos.com.ar\/index.php\/concurso-de-vidrieras-navidenas-en-trenque-lauquen\/","url":"https:\/\/infoecos.com.ar\/index.php\/concurso-de-vidrieras-navidenas-en-trenque-lauquen\/","name":"Concurso de \"Vidrieras Navide\u00f1as\" en Trenque Lauquen - Infoecos","isPartOf":{"@id":"https:\/\/infoecos.com.ar\/#website"},"primaryImageOfPage":{"@id":"https:\/\/infoecos.com.ar\/index.php\/concurso-de-vidrieras-navidenas-en-trenque-lauquen\/#primaryimage"},"image":{"@id":"https:\/\/infoecos.com.ar\/index.php\/concurso-de-vidrieras-navidenas-en-trenque-lauquen\/#primaryimage"},"thumbnailUrl":"https:\/\/infoecos.com.ar\/wp-content\/uploads\/tl21centro-1-scaled.jpg","datePublished":"2023-12-14T18:17:04+00:00","dateModified":"2023-12-16T15:26:12+00:00","breadcrumb":{"@id":"https:\/\/infoecos.com.ar\/index.php\/concurso-de-vidrieras-navidenas-en-trenque-lauquen\/#breadcrumb"},"inLanguage":"es","potentialAction":[{"@type":"ReadAction","target":["https:\/\/infoecos.com.ar\/index.php\/concurso-de-vidrieras-navidenas-en-trenque-lauquen\/"]}]},{"@type":"ImageObject","inLanguage":"es","@id":"https:\/\/infoecos.com.ar\/index.php\/concurso-de-vidrieras-navidenas-en-trenque-lauquen\/#primaryimage","url":"https:\/\/infoecos.com.ar\/wp-content\/uploads\/tl21centro-1-scaled.jpg","contentUrl":"https:\/\/infoecos.com.ar\/wp-content\/uploads\/tl21centro-1-scaled.jpg","width":2560,"height":1920,"caption":"Trenque Lauquen - Centro"},{"@type":"BreadcrumbList","@id":"https:\/\/infoecos.com.ar\/index.php\/concurso-de-vidrieras-navidenas-en-trenque-lauquen\/#breadcrumb","itemListElement":[{"@type":"ListItem","position":1,"name":"Portada","item":"https:\/\/infoecos.com.ar\/"},{"@type":"ListItem","position":2,"name":"Concurso de \u00abVidrieras Navide\u00f1as\u00bb en Trenque Lauquen"}]},{"@type":"WebSite","@id":"https:\/\/infoecos.com.ar\/#website","url":"https:\/\/infoecos.com.ar\/","name":"Infoecos","description":"Noticias de trenque lauquen y la zona","publisher":{"@id":"https:\/\/infoecos.com.ar\/#organization"},"alternateName":"Noticias","potentialAction":[{"@type":"SearchAction","target":{"@type":"EntryPoint","urlTemplate":"https:\/\/infoecos.com.ar\/?s={search_term_string}"},"query-input":{"@type":"PropertyValueSpecification","valueRequired":true,"valueName":"search_term_string"}}],"inLanguage":"es"},{"@type":"Organization","@id":"https:\/\/infoecos.com.ar\/#organization","name":"Infoecos","alternateName":"Noticias","url":"https:\/\/infoecos.com.ar\/","logo":{"@type":"ImageObject","inLanguage":"es","@id":"https:\/\/infoecos.com.ar\/#\/schema\/logo\/image\/","url":"https:\/\/infoecos.com.ar\/wp-content\/uploads\/2024\/03\/cropped-logo.png","contentUrl":"https:\/\/infoecos.com.ar\/wp-content\/uploads\/2024\/03\/cropped-logo.png","width":374,"height":90,"caption":"Infoecos"},"image":{"@id":"https:\/\/infoecos.com.ar\/#\/schema\/logo\/image\/"},"sameAs":["https:\/\/www.facebook.com\/profile.php?id=100063200290284","https:\/\/x.com\/infoecos"]},{"@type":"Person","@id":"https:\/\/infoecos.com.ar\/#\/schema\/person\/8f5ace5ce73b4b4aac4b7245aee6f191","name":"Jorge Matheus","url":"https:\/\/infoecos.com.ar\/index.php\/author\/jomatheus\/"}]}},"featured_image_urls":{"full":["https:\/\/infoecos.com.ar\/wp-content\/uploads\/tl21centro-1-scaled.jpg",2560,1920,false],"thumbnail":["https:\/\/infoecos.com.ar\/wp-content\/uploads\/tl21centro-1-150x150.jpg",150,150,true],"medium":["https:\/\/infoecos.com.ar\/wp-content\/uploads\/tl21centro-1-460x345.jpg",460,345,true],"medium_large":["https:\/\/infoecos.com.ar\/wp-content\/uploads\/tl21centro-1-768x576.jpg",640,480,true],"large":["https:\/\/infoecos.com.ar\/wp-content\/uploads\/tl21centro-1-920x690.jpg",640,480,true],"1536x1536":["https:\/\/infoecos.com.ar\/wp-content\/uploads\/tl21centro-1-1536x1152.jpg",1536,1152,true],"2048x2048":["https:\/\/infoecos.com.ar\/wp-content\/uploads\/tl21centro-1-2048x1536.jpg",2048,1536,true],"covernews-slider-full":["https:\/\/infoecos.com.ar\/wp-content\/uploads\/tl21centro-1-1536x1020.jpg",1077,715,true],"covernews-slider-center":["https:\/\/infoecos.com.ar\/wp-content\/uploads\/tl21centro-1-936x897.jpg",522,500,true],"covernews-featured":["https:\/\/infoecos.com.ar\/wp-content\/uploads\/tl21centro-1-1024x768.jpg",1024,768,true],"covernews-medium":["https:\/\/infoecos.com.ar\/wp-content\/uploads\/tl21centro-1-720x380.jpg",540,285,true],"covernews-medium-square":["https:\/\/infoecos.com.ar\/wp-content\/uploads\/tl21centro-1-675x450.jpg",375,250,true]},"author_info":{"info":["Jorge Matheus"]},"category_info":"<a href=\"https:\/\/infoecos.com.ar\/index.php\/category\/c2nota3\/\" rel=\"category tag\">C2 N3<\/a>","tag_info":"C2 N3","comment_count":"0","_links":{"self":[{"href":"https:\/\/infoecos.com.ar\/index.php\/wp-json\/wp\/v2\/posts\/116334"}],"collection":[{"href":"https:\/\/infoecos.com.ar\/index.php\/wp-json\/wp\/v2\/posts"}],"about":[{"href":"https:\/\/infoecos.com.ar\/index.php\/wp-json\/wp\/v2\/types\/post"}],"author":[{"embeddable":true,"href":"https:\/\/infoecos.com.ar\/index.php\/wp-json\/wp\/v2\/users\/2"}],"replies":[{"embeddable":true,"href":"https:\/\/infoecos.com.ar\/index.php\/wp-json\/wp\/v2\/comments?post=116334"}],"version-history":[{"count":1,"href":"https:\/\/infoecos.com.ar\/index.php\/wp-json\/wp\/v2\/posts\/116334\/revisions"}],"predecessor-version":[{"id":116336,"href":"https:\/\/infoecos.com.ar\/index.php\/wp-json\/wp\/v2\/posts\/116334\/revisions\/116336"}],"wp:featuredmedia":[{"embeddable":true,"href":"https:\/\/infoecos.com.ar\/index.php\/wp-json\/wp\/v2\/media\/61344"}],"wp:attachment":[{"href":"https:\/\/infoecos.com.ar\/index.php\/wp-json\/wp\/v2\/media?parent=116334"}],"wp:term":[{"taxonomy":"category","embeddable":true,"href":"https:\/\/infoecos.com.ar\/index.php\/wp-json\/wp\/v2\/categories?post=116334"},{"taxonomy":"post_tag","embeddable":true,"href":"https:\/\/infoecos.com.ar\/index.php\/wp-json\/wp\/v2\/tags?post=116334"}],"curies":[{"name":"wp","href":"https:\/\/api.w.org\/{rel}","templated":true}]}}