{"id":116337,"date":"2023-12-14T19:58:23","date_gmt":"2023-12-14T22:58:23","guid":{"rendered":"https:\/\/infoecos.com.ar\/?p=116337"},"modified":"2023-12-14T23:09:54","modified_gmt":"2023-12-15T02:09:54","slug":"lluvia-hasta-las-19-45-en-distintos-puntos-de-la-region-oeste-y-sudoeste-de-la-provincia","status":"publish","type":"post","link":"https:\/\/infoecos.com.ar\/index.php\/lluvia-hasta-las-19-45-en-distintos-puntos-de-la-region-oeste-y-sudoeste-de-la-provincia\/","title":{"rendered":"Lluvia en distintos puntos de la regi\u00f3n oeste y sudoeste de la provincia"},"content":{"rendered":"\n<figure class=\"wp-block-image alignright size-full is-resized\"><img loading=\"lazy\" decoding=\"async\" src=\"https:\/\/infoecos.com.ar\/wp-content\/uploads\/2023\/12\/image-87.png\" alt=\"\" class=\"wp-image-116339\" width=\"322\" height=\"242\"\/><\/figure>\n\n\n\n<p><strong>Salazar<\/strong>, Santa In\u00e9s, 20 mm<\/p>\n\n\n\n<p><strong>Victorino de la Plaza<\/strong>, Establecimiento El Mirador, 80 mm<\/p>\n\n\n\n<p><strong>Garr\u00e9<\/strong>, Establecimiento El Gordo, 59 mm<\/p>\n\n\n\n<p><strong>Girodias<\/strong>, 59 mm<\/p>\n\n\n\n<p><strong>Garr\u00e9<\/strong>, Establecimiento La Martina, 75 mm<\/p>\n\n\n\n<p><strong>Mones Caz\u00f3n<\/strong>, Establecimiento El Jag\u00fcelito, 28 mm<\/p>\n\n\n\n<p><strong>Girodias<\/strong>, 75 mm<\/p>\n\n\n\n<p><strong>Andant<\/strong>, Establecimiento San Alfredo, 48 mm<\/p>\n\n\n\n<p><strong>Mones Caz\u00f3n<\/strong>, Establecimiento San Jos\u00e9, 12 mm..<\/p>\n\n\n\n<p><strong>Bonifacio<\/strong>, Establecimiento Los Pl\u00e1tanos Norte, 60 mm<\/p>\n\n\n\n<p><strong>Mones Caz\u00f3n<\/strong>, Secci\u00f3n Quintas, 11 mm<\/p>\n\n\n\n<p><strong>Mones Caz\u00f3n<\/strong>, Establecimiento San Jorge, 28 mm<\/p>\n\n\n\n<p><strong>Salazar<\/strong>, 19 mm.<\/p>\n\n\n\n<p><strong>Urdampilleta<\/strong>, Establecimiento El Deseado, 20 mm<\/p>\n\n\n\n<p><strong>Girod\u00edas<\/strong>, Establecimiento La Uni\u00f3n, 71 mm<\/p>\n\n\n\n<p><strong>Salazar<\/strong>, Establecimiento El Indio, 45 mm<\/p>\n\n\n\n<p><strong>Daireaux,<\/strong> 40 mm<\/p>\n\n\n\n<p><strong>Diario de Rivera<\/strong><\/p>\n\n\n\n<p><strong>Carhu\u00e9<\/strong> 13 mm<\/p>\n\n\n\n<p><strong>Villa Maza <\/strong>12 mm<\/p>\n\n\n\n<p><strong>Pje. Cilley<\/strong> 12 mm<\/p>\n\n\n\n<p><strong>Puan<\/strong> 4 mm<\/p>\n\n\n\n<p><strong>Guamin\u00ed<\/strong> 33 mm<\/p>\n\n\n\n<p><strong>Salliquel\u00f3<\/strong> 45 mm<\/p>\n\n\n\n<p><strong>Quenum\u00e1<\/strong> 45 mm<\/p>\n\n\n\n<p><strong>Casbas<\/strong> 56 mm<\/p>\n\n\n\n<p><strong>Tres Lomas <\/strong>92 mm<\/p>\n\n\n\n<p><strong>Espartillar<\/strong> 13 mm<\/p>\n\n\n\n<p><strong>Garr\u00e9<\/strong> 74 mm<\/p>\n\n\n\n<p><strong>Pig\u00fc\u00e9<\/strong> 5 mm<\/p>\n\n\n\n<p><strong>Saavedra<\/strong> 3 mm<\/p>\n\n\n\n<p><strong>Huanguel\u00e9n<\/strong> 45 mm<\/p>\n\n\n\n<p><strong>Bonifacio<\/strong> 75 mm<\/p>\n\n\n\n<p><strong>Cura Malal<\/strong> 32 mm<\/p>\n\n\n\n<p><strong>Arroyo Venado<\/strong> 33 mm<\/p>\n\n\n\n<p><strong>30 de Agosto<\/strong>, 68 mm<\/p>\n\n\n\n<p><strong>Laguna Alsina<\/strong>, Balanza El Mingo, 94 mm<\/p>\n\n\n\n<p><strong>Lavalle<\/strong>, 47 mm.<\/p>\n\n\n\n<p><strong>La Larga<\/strong>, Establecimiento Santa Rosa, 50 mm. La Larga<\/p>\n\n\n\n<p><strong>Coraceros<\/strong>, Establecimiento La Magdalena, 42 mm<\/p>\n\n\n\n<p><strong>Bonifacio<\/strong>, 85 mm.<\/p>\n\n\n\n<p><strong>Trenque Lauquen<\/strong>, 5 mm<\/p>\n\n\n\n<p><a href=\"https:\/\/www.facebook.com\/ad_center\/create\/boostpost\/?entry_point=www_profile_plus_timeline&amp;page_id=127042830655226&amp;target_id=683613180422019&amp;__cft__[0]=AZXC77U30E8dRbogfKsLy1lBqYrY1s-J8gzUQbnA3wTNFyb0OOiwHd5u00P6SRAK2RFxSOaoZyyBJMpuc4uZXR0I-gaYesN4MCzwr0TdiPX1F9MczS06D71FmUG2F1jdFjcS0VkjDPYZIRss5PqaQWpHqIJCgnExF6lFhAvXzwNUBw&amp;__tn__=*W-R\"><\/a><\/p>\n","protected":false},"excerpt":{"rendered":"<p>Salazar, Santa In\u00e9s, 20 mm Victorino de la Plaza, Establecimiento El Mirador, 80 mm Garr\u00e9,&#8230;<\/p>\n","protected":false},"author":2,"featured_media":116339,"comment_status":"closed","ping_status":"open","sticky":false,"template":"","format":"standard","meta":{"footnotes":""},"categories":[1613],"tags":[9718],"class_list":["post-116337","post","type-post","status-publish","format-standard","has-post-thumbnail","hentry","category-noticia-secundaria","tag-t-lauquen-5-mm-30-de-agosto-68"],"yoast_head":"<!-- This site is optimized with the Yoast SEO plugin v23.4 - https:\/\/yoast.com\/wordpress\/plugins\/seo\/ -->\n<title>Lluvia en distintos puntos de la regi\u00f3n oeste y sudoeste de la provincia - Infoecos<\/title>\n<meta name=\"robots\" content=\"index, follow, max-snippet:-1, max-image-preview:large, max-video-preview:-1\" \/>\n<link rel=\"canonical\" href=\"https:\/\/infoecos.com.ar\/index.php\/lluvia-hasta-las-19-45-en-distintos-puntos-de-la-region-oeste-y-sudoeste-de-la-provincia\/\" \/>\n<meta property=\"og:locale\" content=\"es_ES\" \/>\n<meta property=\"og:type\" content=\"article\" \/>\n<meta property=\"og:title\" content=\"Lluvia en distintos puntos de la regi\u00f3n oeste y sudoeste de la provincia - Infoecos\" \/>\n<meta property=\"og:description\" content=\"Salazar, Santa In\u00e9s, 20 mm Victorino de la Plaza, Establecimiento El Mirador, 80 mm Garr\u00e9,...\" \/>\n<meta property=\"og:url\" content=\"https:\/\/infoecos.com.ar\/index.php\/lluvia-hasta-las-19-45-en-distintos-puntos-de-la-region-oeste-y-sudoeste-de-la-provincia\/\" \/>\n<meta property=\"og:site_name\" content=\"Infoecos\" \/>\n<meta property=\"article:publisher\" content=\"https:\/\/www.facebook.com\/profile.php?id=100063200290284\" \/>\n<meta property=\"article:published_time\" content=\"2023-12-14T22:58:23+00:00\" \/>\n<meta property=\"article:modified_time\" content=\"2023-12-15T02:09:54+00:00\" \/>\n<meta property=\"og:image\" content=\"https:\/\/infoecos.com.ar\/wp-content\/uploads\/2023\/12\/image-87.png\" \/>\n\t<meta property=\"og:image:width\" content=\"480\" \/>\n\t<meta property=\"og:image:height\" content=\"360\" \/>\n\t<meta property=\"og:image:type\" content=\"image\/png\" \/>\n<meta name=\"author\" content=\"Jorge Matheus\" \/>\n<meta name=\"twitter:card\" content=\"summary_large_image\" \/>\n<meta name=\"twitter:creator\" content=\"@infoecos\" \/>\n<meta name=\"twitter:site\" content=\"@infoecos\" \/>\n<meta name=\"twitter:label1\" content=\"Escrito por\" \/>\n\t<meta name=\"twitter:data1\" content=\"Jorge Matheus\" \/>\n\t<meta name=\"twitter:label2\" content=\"Tiempo de lectura\" \/>\n\t<meta name=\"twitter:data2\" content=\"2 minutos\" \/>\n<script type=\"application\/ld+json\" class=\"yoast-schema-graph\">{\"@context\":\"https:\/\/schema.org\",\"@graph\":[{\"@type\":\"Article\",\"@id\":\"https:\/\/infoecos.com.ar\/index.php\/lluvia-hasta-las-19-45-en-distintos-puntos-de-la-region-oeste-y-sudoeste-de-la-provincia\/#article\",\"isPartOf\":{\"@id\":\"https:\/\/infoecos.com.ar\/index.php\/lluvia-hasta-las-19-45-en-distintos-puntos-de-la-region-oeste-y-sudoeste-de-la-provincia\/\"},\"author\":{\"name\":\"Jorge Matheus\",\"@id\":\"https:\/\/infoecos.com.ar\/#\/schema\/person\/8f5ace5ce73b4b4aac4b7245aee6f191\"},\"headline\":\"Lluvia en distintos puntos de la regi\u00f3n oeste y sudoeste de la provincia\",\"datePublished\":\"2023-12-14T22:58:23+00:00\",\"dateModified\":\"2023-12-15T02:09:54+00:00\",\"mainEntityOfPage\":{\"@id\":\"https:\/\/infoecos.com.ar\/index.php\/lluvia-hasta-las-19-45-en-distintos-puntos-de-la-region-oeste-y-sudoeste-de-la-provincia\/\"},\"wordCount\":175,\"publisher\":{\"@id\":\"https:\/\/infoecos.com.ar\/#organization\"},\"image\":{\"@id\":\"https:\/\/infoecos.com.ar\/index.php\/lluvia-hasta-las-19-45-en-distintos-puntos-de-la-region-oeste-y-sudoeste-de-la-provincia\/#primaryimage\"},\"thumbnailUrl\":\"https:\/\/infoecos.com.ar\/wp-content\/uploads\/2023\/12\/image-87.png\",\"keywords\":[\"t.lauquen: 5 mm. 30 de Agosto: 68\"],\"articleSection\":[\"Noticia Secundaria\"],\"inLanguage\":\"es\"},{\"@type\":\"WebPage\",\"@id\":\"https:\/\/infoecos.com.ar\/index.php\/lluvia-hasta-las-19-45-en-distintos-puntos-de-la-region-oeste-y-sudoeste-de-la-provincia\/\",\"url\":\"https:\/\/infoecos.com.ar\/index.php\/lluvia-hasta-las-19-45-en-distintos-puntos-de-la-region-oeste-y-sudoeste-de-la-provincia\/\",\"name\":\"Lluvia en distintos puntos de la regi\u00f3n oeste y sudoeste de la provincia - Infoecos\",\"isPartOf\":{\"@id\":\"https:\/\/infoecos.com.ar\/#website\"},\"primaryImageOfPage\":{\"@id\":\"https:\/\/infoecos.com.ar\/index.php\/lluvia-hasta-las-19-45-en-distintos-puntos-de-la-region-oeste-y-sudoeste-de-la-provincia\/#primaryimage\"},\"image\":{\"@id\":\"https:\/\/infoecos.com.ar\/index.php\/lluvia-hasta-las-19-45-en-distintos-puntos-de-la-region-oeste-y-sudoeste-de-la-provincia\/#primaryimage\"},\"thumbnailUrl\":\"https:\/\/infoecos.com.ar\/wp-content\/uploads\/2023\/12\/image-87.png\",\"datePublished\":\"2023-12-14T22:58:23+00:00\",\"dateModified\":\"2023-12-15T02:09:54+00:00\",\"breadcrumb\":{\"@id\":\"https:\/\/infoecos.com.ar\/index.php\/lluvia-hasta-las-19-45-en-distintos-puntos-de-la-region-oeste-y-sudoeste-de-la-provincia\/#breadcrumb\"},\"inLanguage\":\"es\",\"potentialAction\":[{\"@type\":\"ReadAction\",\"target\":[\"https:\/\/infoecos.com.ar\/index.php\/lluvia-hasta-las-19-45-en-distintos-puntos-de-la-region-oeste-y-sudoeste-de-la-provincia\/\"]}]},{\"@type\":\"ImageObject\",\"inLanguage\":\"es\",\"@id\":\"https:\/\/infoecos.com.ar\/index.php\/lluvia-hasta-las-19-45-en-distintos-puntos-de-la-region-oeste-y-sudoeste-de-la-provincia\/#primaryimage\",\"url\":\"https:\/\/infoecos.com.ar\/wp-content\/uploads\/2023\/12\/image-87.png\",\"contentUrl\":\"https:\/\/infoecos.com.ar\/wp-content\/uploads\/2023\/12\/image-87.png\",\"width\":480,\"height\":360},{\"@type\":\"BreadcrumbList\",\"@id\":\"https:\/\/infoecos.com.ar\/index.php\/lluvia-hasta-las-19-45-en-distintos-puntos-de-la-region-oeste-y-sudoeste-de-la-provincia\/#breadcrumb\",\"itemListElement\":[{\"@type\":\"ListItem\",\"position\":1,\"name\":\"Portada\",\"item\":\"https:\/\/infoecos.com.ar\/\"},{\"@type\":\"ListItem\",\"position\":2,\"name\":\"Lluvia en distintos puntos de la regi\u00f3n oeste y sudoeste de la provincia\"}]},{\"@type\":\"WebSite\",\"@id\":\"https:\/\/infoecos.com.ar\/#website\",\"url\":\"https:\/\/infoecos.com.ar\/\",\"name\":\"Infoecos\",\"description\":\"Noticias de trenque lauquen y la zona\",\"publisher\":{\"@id\":\"https:\/\/infoecos.com.ar\/#organization\"},\"alternateName\":\"Noticias\",\"potentialAction\":[{\"@type\":\"SearchAction\",\"target\":{\"@type\":\"EntryPoint\",\"urlTemplate\":\"https:\/\/infoecos.com.ar\/?s={search_term_string}\"},\"query-input\":{\"@type\":\"PropertyValueSpecification\",\"valueRequired\":true,\"valueName\":\"search_term_string\"}}],\"inLanguage\":\"es\"},{\"@type\":\"Organization\",\"@id\":\"https:\/\/infoecos.com.ar\/#organization\",\"name\":\"Infoecos\",\"alternateName\":\"Noticias\",\"url\":\"https:\/\/infoecos.com.ar\/\",\"logo\":{\"@type\":\"ImageObject\",\"inLanguage\":\"es\",\"@id\":\"https:\/\/infoecos.com.ar\/#\/schema\/logo\/image\/\",\"url\":\"https:\/\/infoecos.com.ar\/wp-content\/uploads\/2024\/03\/cropped-logo.png\",\"contentUrl\":\"https:\/\/infoecos.com.ar\/wp-content\/uploads\/2024\/03\/cropped-logo.png\",\"width\":374,\"height\":90,\"caption\":\"Infoecos\"},\"image\":{\"@id\":\"https:\/\/infoecos.com.ar\/#\/schema\/logo\/image\/\"},\"sameAs\":[\"https:\/\/www.facebook.com\/profile.php?id=100063200290284\",\"https:\/\/x.com\/infoecos\"]},{\"@type\":\"Person\",\"@id\":\"https:\/\/infoecos.com.ar\/#\/schema\/person\/8f5ace5ce73b4b4aac4b7245aee6f191\",\"name\":\"Jorge Matheus\",\"url\":\"https:\/\/infoecos.com.ar\/index.php\/author\/jomatheus\/\"}]}<\/script>\n<!-- \/ Yoast SEO plugin. -->","yoast_head_json":{"title":"Lluvia en distintos puntos de la regi\u00f3n oeste y sudoeste de la provincia - Infoecos","robots":{"index":"index","follow":"follow","max-snippet":"max-snippet:-1","max-image-preview":"max-image-preview:large","max-video-preview":"max-video-preview:-1"},"canonical":"https:\/\/infoecos.com.ar\/index.php\/lluvia-hasta-las-19-45-en-distintos-puntos-de-la-region-oeste-y-sudoeste-de-la-provincia\/","og_locale":"es_ES","og_type":"article","og_title":"Lluvia en distintos puntos de la regi\u00f3n oeste y sudoeste de la provincia - Infoecos","og_description":"Salazar, Santa In\u00e9s, 20 mm Victorino de la Plaza, Establecimiento El Mirador, 80 mm Garr\u00e9,...","og_url":"https:\/\/infoecos.com.ar\/index.php\/lluvia-hasta-las-19-45-en-distintos-puntos-de-la-region-oeste-y-sudoeste-de-la-provincia\/","og_site_name":"Infoecos","article_publisher":"https:\/\/www.facebook.com\/profile.php?id=100063200290284","article_published_time":"2023-12-14T22:58:23+00:00","article_modified_time":"2023-12-15T02:09:54+00:00","og_image":[{"width":480,"height":360,"url":"https:\/\/infoecos.com.ar\/wp-content\/uploads\/2023\/12\/image-87.png","type":"image\/png"}],"author":"Jorge Matheus","twitter_card":"summary_large_image","twitter_creator":"@infoecos","twitter_site":"@infoecos","twitter_misc":{"Escrito por":"Jorge Matheus","Tiempo de lectura":"2 minutos"},"schema":{"@context":"https:\/\/schema.org","@graph":[{"@type":"Article","@id":"https:\/\/infoecos.com.ar\/index.php\/lluvia-hasta-las-19-45-en-distintos-puntos-de-la-region-oeste-y-sudoeste-de-la-provincia\/#article","isPartOf":{"@id":"https:\/\/infoecos.com.ar\/index.php\/lluvia-hasta-las-19-45-en-distintos-puntos-de-la-region-oeste-y-sudoeste-de-la-provincia\/"},"author":{"name":"Jorge Matheus","@id":"https:\/\/infoecos.com.ar\/#\/schema\/person\/8f5ace5ce73b4b4aac4b7245aee6f191"},"headline":"Lluvia en distintos puntos de la regi\u00f3n oeste y sudoeste de la provincia","datePublished":"2023-12-14T22:58:23+00:00","dateModified":"2023-12-15T02:09:54+00:00","mainEntityOfPage":{"@id":"https:\/\/infoecos.com.ar\/index.php\/lluvia-hasta-las-19-45-en-distintos-puntos-de-la-region-oeste-y-sudoeste-de-la-provincia\/"},"wordCount":175,"publisher":{"@id":"https:\/\/infoecos.com.ar\/#organization"},"image":{"@id":"https:\/\/infoecos.com.ar\/index.php\/lluvia-hasta-las-19-45-en-distintos-puntos-de-la-region-oeste-y-sudoeste-de-la-provincia\/#primaryimage"},"thumbnailUrl":"https:\/\/infoecos.com.ar\/wp-content\/uploads\/2023\/12\/image-87.png","keywords":["t.lauquen: 5 mm. 30 de Agosto: 68"],"articleSection":["Noticia Secundaria"],"inLanguage":"es"},{"@type":"WebPage","@id":"https:\/\/infoecos.com.ar\/index.php\/lluvia-hasta-las-19-45-en-distintos-puntos-de-la-region-oeste-y-sudoeste-de-la-provincia\/","url":"https:\/\/infoecos.com.ar\/index.php\/lluvia-hasta-las-19-45-en-distintos-puntos-de-la-region-oeste-y-sudoeste-de-la-provincia\/","name":"Lluvia en distintos puntos de la regi\u00f3n oeste y sudoeste de la provincia - Infoecos","isPartOf":{"@id":"https:\/\/infoecos.com.ar\/#website"},"primaryImageOfPage":{"@id":"https:\/\/infoecos.com.ar\/index.php\/lluvia-hasta-las-19-45-en-distintos-puntos-de-la-region-oeste-y-sudoeste-de-la-provincia\/#primaryimage"},"image":{"@id":"https:\/\/infoecos.com.ar\/index.php\/lluvia-hasta-las-19-45-en-distintos-puntos-de-la-region-oeste-y-sudoeste-de-la-provincia\/#primaryimage"},"thumbnailUrl":"https:\/\/infoecos.com.ar\/wp-content\/uploads\/2023\/12\/image-87.png","datePublished":"2023-12-14T22:58:23+00:00","dateModified":"2023-12-15T02:09:54+00:00","breadcrumb":{"@id":"https:\/\/infoecos.com.ar\/index.php\/lluvia-hasta-las-19-45-en-distintos-puntos-de-la-region-oeste-y-sudoeste-de-la-provincia\/#breadcrumb"},"inLanguage":"es","potentialAction":[{"@type":"ReadAction","target":["https:\/\/infoecos.com.ar\/index.php\/lluvia-hasta-las-19-45-en-distintos-puntos-de-la-region-oeste-y-sudoeste-de-la-provincia\/"]}]},{"@type":"ImageObject","inLanguage":"es","@id":"https:\/\/infoecos.com.ar\/index.php\/lluvia-hasta-las-19-45-en-distintos-puntos-de-la-region-oeste-y-sudoeste-de-la-provincia\/#primaryimage","url":"https:\/\/infoecos.com.ar\/wp-content\/uploads\/2023\/12\/image-87.png","contentUrl":"https:\/\/infoecos.com.ar\/wp-content\/uploads\/2023\/12\/image-87.png","width":480,"height":360},{"@type":"BreadcrumbList","@id":"https:\/\/infoecos.com.ar\/index.php\/lluvia-hasta-las-19-45-en-distintos-puntos-de-la-region-oeste-y-sudoeste-de-la-provincia\/#breadcrumb","itemListElement":[{"@type":"ListItem","position":1,"name":"Portada","item":"https:\/\/infoecos.com.ar\/"},{"@type":"ListItem","position":2,"name":"Lluvia en distintos puntos de la regi\u00f3n oeste y sudoeste de la provincia"}]},{"@type":"WebSite","@id":"https:\/\/infoecos.com.ar\/#website","url":"https:\/\/infoecos.com.ar\/","name":"Infoecos","description":"Noticias de trenque lauquen y la zona","publisher":{"@id":"https:\/\/infoecos.com.ar\/#organization"},"alternateName":"Noticias","potentialAction":[{"@type":"SearchAction","target":{"@type":"EntryPoint","urlTemplate":"https:\/\/infoecos.com.ar\/?s={search_term_string}"},"query-input":{"@type":"PropertyValueSpecification","valueRequired":true,"valueName":"search_term_string"}}],"inLanguage":"es"},{"@type":"Organization","@id":"https:\/\/infoecos.com.ar\/#organization","name":"Infoecos","alternateName":"Noticias","url":"https:\/\/infoecos.com.ar\/","logo":{"@type":"ImageObject","inLanguage":"es","@id":"https:\/\/infoecos.com.ar\/#\/schema\/logo\/image\/","url":"https:\/\/infoecos.com.ar\/wp-content\/uploads\/2024\/03\/cropped-logo.png","contentUrl":"https:\/\/infoecos.com.ar\/wp-content\/uploads\/2024\/03\/cropped-logo.png","width":374,"height":90,"caption":"Infoecos"},"image":{"@id":"https:\/\/infoecos.com.ar\/#\/schema\/logo\/image\/"},"sameAs":["https:\/\/www.facebook.com\/profile.php?id=100063200290284","https:\/\/x.com\/infoecos"]},{"@type":"Person","@id":"https:\/\/infoecos.com.ar\/#\/schema\/person\/8f5ace5ce73b4b4aac4b7245aee6f191","name":"Jorge Matheus","url":"https:\/\/infoecos.com.ar\/index.php\/author\/jomatheus\/"}]}},"featured_image_urls":{"full":["https:\/\/infoecos.com.ar\/wp-content\/uploads\/2023\/12\/image-87.png",480,360,false],"thumbnail":["https:\/\/infoecos.com.ar\/wp-content\/uploads\/2023\/12\/image-87-300x150.png",300,150,true],"medium":["https:\/\/infoecos.com.ar\/wp-content\/uploads\/2023\/12\/image-87.png",480,360,false],"medium_large":["https:\/\/infoecos.com.ar\/wp-content\/uploads\/2023\/12\/image-87.png",480,360,false],"large":["https:\/\/infoecos.com.ar\/wp-content\/uploads\/2023\/12\/image-87.png",480,360,false],"1536x1536":["https:\/\/infoecos.com.ar\/wp-content\/uploads\/2023\/12\/image-87.png",480,360,false],"2048x2048":["https:\/\/infoecos.com.ar\/wp-content\/uploads\/2023\/12\/image-87.png",480,360,false],"covernews-slider-full":["https:\/\/infoecos.com.ar\/wp-content\/uploads\/2023\/12\/image-87.png",480,360,false],"covernews-slider-center":["https:\/\/infoecos.com.ar\/wp-content\/uploads\/2023\/12\/image-87.png",480,360,false],"covernews-featured":["https:\/\/infoecos.com.ar\/wp-content\/uploads\/2023\/12\/image-87.png",480,360,false],"covernews-medium":["https:\/\/infoecos.com.ar\/wp-content\/uploads\/2023\/12\/image-87.png",453,340,false],"covernews-medium-square":["https:\/\/infoecos.com.ar\/wp-content\/uploads\/2023\/12\/image-87.png",333,250,false]},"author_info":{"info":["Jorge Matheus"]},"category_info":"<a href=\"https:\/\/infoecos.com.ar\/index.php\/category\/noticia-secundaria\/\" rel=\"category tag\">Noticia Secundaria<\/a>","tag_info":"Noticia Secundaria","comment_count":"0","_links":{"self":[{"href":"https:\/\/infoecos.com.ar\/index.php\/wp-json\/wp\/v2\/posts\/116337"}],"collection":[{"href":"https:\/\/infoecos.com.ar\/index.php\/wp-json\/wp\/v2\/posts"}],"about":[{"href":"https:\/\/infoecos.com.ar\/index.php\/wp-json\/wp\/v2\/types\/post"}],"author":[{"embeddable":true,"href":"https:\/\/infoecos.com.ar\/index.php\/wp-json\/wp\/v2\/users\/2"}],"replies":[{"embeddable":true,"href":"https:\/\/infoecos.com.ar\/index.php\/wp-json\/wp\/v2\/comments?post=116337"}],"version-history":[{"count":5,"href":"https:\/\/infoecos.com.ar\/index.php\/wp-json\/wp\/v2\/posts\/116337\/revisions"}],"predecessor-version":[{"id":116362,"href":"https:\/\/infoecos.com.ar\/index.php\/wp-json\/wp\/v2\/posts\/116337\/revisions\/116362"}],"wp:featuredmedia":[{"embeddable":true,"href":"https:\/\/infoecos.com.ar\/index.php\/wp-json\/wp\/v2\/media\/116339"}],"wp:attachment":[{"href":"https:\/\/infoecos.com.ar\/index.php\/wp-json\/wp\/v2\/media?parent=116337"}],"wp:term":[{"taxonomy":"category","embeddable":true,"href":"https:\/\/infoecos.com.ar\/index.php\/wp-json\/wp\/v2\/categories?post=116337"},{"taxonomy":"post_tag","embeddable":true,"href":"https:\/\/infoecos.com.ar\/index.php\/wp-json\/wp\/v2\/tags?post=116337"}],"curies":[{"name":"wp","href":"https:\/\/api.w.org\/{rel}","templated":true}]}}