{"id":116376,"date":"2023-12-14T23:50:48","date_gmt":"2023-12-15T02:50:48","guid":{"rendered":"https:\/\/infoecos.com.ar\/?p=116376"},"modified":"2023-12-15T16:11:40","modified_gmt":"2023-12-15T19:11:40","slug":"sesion-extraordinaria-del-concejo-deliberante-para-tratar-un-proyecto-del-ejecutivo","status":"publish","type":"post","link":"https:\/\/infoecos.com.ar\/index.php\/sesion-extraordinaria-del-concejo-deliberante-para-tratar-un-proyecto-del-ejecutivo\/","title":{"rendered":"Sesi\u00f3n extraordinaria del Concejo Deliberante para tratar un proyecto del Ejecutivo"},"content":{"rendered":"\n<figure class=\"wp-block-image alignright size-full is-resized\"><img loading=\"lazy\" decoding=\"async\" src=\"https:\/\/infoecos.com.ar\/wp-content\/uploads\/2023\/12\/concejodeliberante-920x690-1.jpg\" alt=\"\" class=\"wp-image-115925\" width=\"388\" height=\"290\" srcset=\"https:\/\/infoecos.com.ar\/wp-content\/uploads\/2023\/12\/concejodeliberante-920x690-1.jpg 920w, https:\/\/infoecos.com.ar\/wp-content\/uploads\/2023\/12\/concejodeliberante-920x690-1-800x600.jpg 800w, https:\/\/infoecos.com.ar\/wp-content\/uploads\/2023\/12\/concejodeliberante-920x690-1-768x576.jpg 768w\" sizes=\"(max-width: 388px) 100vw, 388px\" \/><\/figure>\n\n\n\n<p>Hoy, a partir de las 21 horas, la nueva conformaci\u00f3n del Concejo Deliberante sesionar\u00e1 por primera vez en el marco de la 3ra. Sesi\u00f3n Extraordinaria del a\u00f1o, convocada mediante el Decreto n\u00b0 2200 que lleva la firma de la presidente del Cuerpo legislativo, concejal Marta Bathis.<\/p>\n\n\n\n<p>La Sesi\u00f3n, solicitada por escrito por el Departamento Ejecutivo en car\u00e1cter de urgencia, tendr\u00e1 como finalidad el tratamiento y la puesta a votaci\u00f3n de una \u00fanica iniciativa de Ordenanza, mediante la cual se aceptar\u00e1 la oferta presentada por la firma Rayos y Dinan S.A., en el marco de la Licitaci\u00f3n P\u00fablica n\u00b0 20 de 2023, para la adquisici\u00f3n de un \u201cArco en C\u201d con destino al Hospital Municipal \u201cDr. Pedro T. Orellana\u201d.<\/p>\n","protected":false},"excerpt":{"rendered":"<p>Tratamiento y puesta a votaci\u00f3n de una \u00fanica iniciativa de Ordenanza, mediante la cual se aceptar\u00e1 la oferta presentada por la firma Rayos y Dinan S.A., para la adquisici\u00f3n de un \u201cArco en C\u201d con destino al Hospital Municipal <\/p>\n","protected":false},"author":2,"featured_media":115925,"comment_status":"closed","ping_status":"open","sticky":false,"template":"","format":"standard","meta":{"footnotes":""},"categories":[1613],"tags":[9722],"class_list":["post-116376","post","type-post","status-publish","format-standard","has-post-thumbnail","hentry","category-noticia-secundaria","tag-esta-noche-2"],"yoast_head":"<!-- This site is optimized with the Yoast SEO plugin v23.4 - https:\/\/yoast.com\/wordpress\/plugins\/seo\/ -->\n<title>Sesi\u00f3n extraordinaria del Concejo Deliberante para tratar un proyecto del Ejecutivo - Infoecos<\/title>\n<meta name=\"robots\" content=\"index, follow, max-snippet:-1, max-image-preview:large, max-video-preview:-1\" \/>\n<link rel=\"canonical\" href=\"https:\/\/infoecos.com.ar\/index.php\/sesion-extraordinaria-del-concejo-deliberante-para-tratar-un-proyecto-del-ejecutivo\/\" \/>\n<meta property=\"og:locale\" content=\"es_ES\" \/>\n<meta property=\"og:type\" content=\"article\" \/>\n<meta property=\"og:title\" content=\"Sesi\u00f3n extraordinaria del Concejo Deliberante para tratar un proyecto del Ejecutivo - Infoecos\" \/>\n<meta property=\"og:description\" content=\"Tratamiento y puesta a votaci\u00f3n de una \u00fanica iniciativa de Ordenanza, mediante la cual se aceptar\u00e1 la oferta presentada por la firma Rayos y Dinan S.A., para la adquisici\u00f3n de un \u201cArco en C\u201d con destino al Hospital Municipal\" \/>\n<meta property=\"og:url\" content=\"https:\/\/infoecos.com.ar\/index.php\/sesion-extraordinaria-del-concejo-deliberante-para-tratar-un-proyecto-del-ejecutivo\/\" \/>\n<meta property=\"og:site_name\" content=\"Infoecos\" \/>\n<meta property=\"article:publisher\" content=\"https:\/\/www.facebook.com\/profile.php?id=100063200290284\" \/>\n<meta property=\"article:published_time\" content=\"2023-12-15T02:50:48+00:00\" \/>\n<meta property=\"article:modified_time\" content=\"2023-12-15T19:11:40+00:00\" \/>\n<meta property=\"og:image\" content=\"https:\/\/infoecos.com.ar\/wp-content\/uploads\/2023\/12\/concejodeliberante-920x690-1.jpg\" \/>\n\t<meta property=\"og:image:width\" content=\"920\" \/>\n\t<meta property=\"og:image:height\" content=\"690\" \/>\n\t<meta property=\"og:image:type\" content=\"image\/jpeg\" \/>\n<meta name=\"author\" content=\"Jorge Matheus\" \/>\n<meta name=\"twitter:card\" content=\"summary_large_image\" \/>\n<meta name=\"twitter:creator\" content=\"@infoecos\" \/>\n<meta name=\"twitter:site\" content=\"@infoecos\" \/>\n<meta name=\"twitter:label1\" content=\"Escrito por\" \/>\n\t<meta name=\"twitter:data1\" content=\"Jorge Matheus\" \/>\n\t<meta name=\"twitter:label2\" content=\"Tiempo de lectura\" \/>\n\t<meta name=\"twitter:data2\" content=\"1 minuto\" \/>\n<script type=\"application\/ld+json\" class=\"yoast-schema-graph\">{\"@context\":\"https:\/\/schema.org\",\"@graph\":[{\"@type\":\"Article\",\"@id\":\"https:\/\/infoecos.com.ar\/index.php\/sesion-extraordinaria-del-concejo-deliberante-para-tratar-un-proyecto-del-ejecutivo\/#article\",\"isPartOf\":{\"@id\":\"https:\/\/infoecos.com.ar\/index.php\/sesion-extraordinaria-del-concejo-deliberante-para-tratar-un-proyecto-del-ejecutivo\/\"},\"author\":{\"name\":\"Jorge Matheus\",\"@id\":\"https:\/\/infoecos.com.ar\/#\/schema\/person\/8f5ace5ce73b4b4aac4b7245aee6f191\"},\"headline\":\"Sesi\u00f3n extraordinaria del Concejo Deliberante para tratar un proyecto del Ejecutivo\",\"datePublished\":\"2023-12-15T02:50:48+00:00\",\"dateModified\":\"2023-12-15T19:11:40+00:00\",\"mainEntityOfPage\":{\"@id\":\"https:\/\/infoecos.com.ar\/index.php\/sesion-extraordinaria-del-concejo-deliberante-para-tratar-un-proyecto-del-ejecutivo\/\"},\"wordCount\":136,\"publisher\":{\"@id\":\"https:\/\/infoecos.com.ar\/#organization\"},\"image\":{\"@id\":\"https:\/\/infoecos.com.ar\/index.php\/sesion-extraordinaria-del-concejo-deliberante-para-tratar-un-proyecto-del-ejecutivo\/#primaryimage\"},\"thumbnailUrl\":\"https:\/\/infoecos.com.ar\/wp-content\/uploads\/2023\/12\/concejodeliberante-920x690-1.jpg\",\"keywords\":[\"esta noche\"],\"articleSection\":[\"Noticia Secundaria\"],\"inLanguage\":\"es\"},{\"@type\":\"WebPage\",\"@id\":\"https:\/\/infoecos.com.ar\/index.php\/sesion-extraordinaria-del-concejo-deliberante-para-tratar-un-proyecto-del-ejecutivo\/\",\"url\":\"https:\/\/infoecos.com.ar\/index.php\/sesion-extraordinaria-del-concejo-deliberante-para-tratar-un-proyecto-del-ejecutivo\/\",\"name\":\"Sesi\u00f3n extraordinaria del Concejo Deliberante para tratar un proyecto del Ejecutivo - Infoecos\",\"isPartOf\":{\"@id\":\"https:\/\/infoecos.com.ar\/#website\"},\"primaryImageOfPage\":{\"@id\":\"https:\/\/infoecos.com.ar\/index.php\/sesion-extraordinaria-del-concejo-deliberante-para-tratar-un-proyecto-del-ejecutivo\/#primaryimage\"},\"image\":{\"@id\":\"https:\/\/infoecos.com.ar\/index.php\/sesion-extraordinaria-del-concejo-deliberante-para-tratar-un-proyecto-del-ejecutivo\/#primaryimage\"},\"thumbnailUrl\":\"https:\/\/infoecos.com.ar\/wp-content\/uploads\/2023\/12\/concejodeliberante-920x690-1.jpg\",\"datePublished\":\"2023-12-15T02:50:48+00:00\",\"dateModified\":\"2023-12-15T19:11:40+00:00\",\"breadcrumb\":{\"@id\":\"https:\/\/infoecos.com.ar\/index.php\/sesion-extraordinaria-del-concejo-deliberante-para-tratar-un-proyecto-del-ejecutivo\/#breadcrumb\"},\"inLanguage\":\"es\",\"potentialAction\":[{\"@type\":\"ReadAction\",\"target\":[\"https:\/\/infoecos.com.ar\/index.php\/sesion-extraordinaria-del-concejo-deliberante-para-tratar-un-proyecto-del-ejecutivo\/\"]}]},{\"@type\":\"ImageObject\",\"inLanguage\":\"es\",\"@id\":\"https:\/\/infoecos.com.ar\/index.php\/sesion-extraordinaria-del-concejo-deliberante-para-tratar-un-proyecto-del-ejecutivo\/#primaryimage\",\"url\":\"https:\/\/infoecos.com.ar\/wp-content\/uploads\/2023\/12\/concejodeliberante-920x690-1.jpg\",\"contentUrl\":\"https:\/\/infoecos.com.ar\/wp-content\/uploads\/2023\/12\/concejodeliberante-920x690-1.jpg\",\"width\":920,\"height\":690},{\"@type\":\"BreadcrumbList\",\"@id\":\"https:\/\/infoecos.com.ar\/index.php\/sesion-extraordinaria-del-concejo-deliberante-para-tratar-un-proyecto-del-ejecutivo\/#breadcrumb\",\"itemListElement\":[{\"@type\":\"ListItem\",\"position\":1,\"name\":\"Portada\",\"item\":\"https:\/\/infoecos.com.ar\/\"},{\"@type\":\"ListItem\",\"position\":2,\"name\":\"Sesi\u00f3n extraordinaria del Concejo Deliberante para tratar un proyecto del Ejecutivo\"}]},{\"@type\":\"WebSite\",\"@id\":\"https:\/\/infoecos.com.ar\/#website\",\"url\":\"https:\/\/infoecos.com.ar\/\",\"name\":\"Infoecos\",\"description\":\"Noticias de trenque lauquen y la zona\",\"publisher\":{\"@id\":\"https:\/\/infoecos.com.ar\/#organization\"},\"alternateName\":\"Noticias\",\"potentialAction\":[{\"@type\":\"SearchAction\",\"target\":{\"@type\":\"EntryPoint\",\"urlTemplate\":\"https:\/\/infoecos.com.ar\/?s={search_term_string}\"},\"query-input\":{\"@type\":\"PropertyValueSpecification\",\"valueRequired\":true,\"valueName\":\"search_term_string\"}}],\"inLanguage\":\"es\"},{\"@type\":\"Organization\",\"@id\":\"https:\/\/infoecos.com.ar\/#organization\",\"name\":\"Infoecos\",\"alternateName\":\"Noticias\",\"url\":\"https:\/\/infoecos.com.ar\/\",\"logo\":{\"@type\":\"ImageObject\",\"inLanguage\":\"es\",\"@id\":\"https:\/\/infoecos.com.ar\/#\/schema\/logo\/image\/\",\"url\":\"https:\/\/infoecos.com.ar\/wp-content\/uploads\/2024\/03\/cropped-logo.png\",\"contentUrl\":\"https:\/\/infoecos.com.ar\/wp-content\/uploads\/2024\/03\/cropped-logo.png\",\"width\":374,\"height\":90,\"caption\":\"Infoecos\"},\"image\":{\"@id\":\"https:\/\/infoecos.com.ar\/#\/schema\/logo\/image\/\"},\"sameAs\":[\"https:\/\/www.facebook.com\/profile.php?id=100063200290284\",\"https:\/\/x.com\/infoecos\"]},{\"@type\":\"Person\",\"@id\":\"https:\/\/infoecos.com.ar\/#\/schema\/person\/8f5ace5ce73b4b4aac4b7245aee6f191\",\"name\":\"Jorge Matheus\",\"url\":\"https:\/\/infoecos.com.ar\/index.php\/author\/jomatheus\/\"}]}<\/script>\n<!-- \/ Yoast SEO plugin. -->","yoast_head_json":{"title":"Sesi\u00f3n extraordinaria del Concejo Deliberante para tratar un proyecto del Ejecutivo - Infoecos","robots":{"index":"index","follow":"follow","max-snippet":"max-snippet:-1","max-image-preview":"max-image-preview:large","max-video-preview":"max-video-preview:-1"},"canonical":"https:\/\/infoecos.com.ar\/index.php\/sesion-extraordinaria-del-concejo-deliberante-para-tratar-un-proyecto-del-ejecutivo\/","og_locale":"es_ES","og_type":"article","og_title":"Sesi\u00f3n extraordinaria del Concejo Deliberante para tratar un proyecto del Ejecutivo - Infoecos","og_description":"Tratamiento y puesta a votaci\u00f3n de una \u00fanica iniciativa de Ordenanza, mediante la cual se aceptar\u00e1 la oferta presentada por la firma Rayos y Dinan S.A., para la adquisici\u00f3n de un \u201cArco en C\u201d con destino al Hospital Municipal","og_url":"https:\/\/infoecos.com.ar\/index.php\/sesion-extraordinaria-del-concejo-deliberante-para-tratar-un-proyecto-del-ejecutivo\/","og_site_name":"Infoecos","article_publisher":"https:\/\/www.facebook.com\/profile.php?id=100063200290284","article_published_time":"2023-12-15T02:50:48+00:00","article_modified_time":"2023-12-15T19:11:40+00:00","og_image":[{"width":920,"height":690,"url":"https:\/\/infoecos.com.ar\/wp-content\/uploads\/2023\/12\/concejodeliberante-920x690-1.jpg","type":"image\/jpeg"}],"author":"Jorge Matheus","twitter_card":"summary_large_image","twitter_creator":"@infoecos","twitter_site":"@infoecos","twitter_misc":{"Escrito por":"Jorge Matheus","Tiempo de lectura":"1 minuto"},"schema":{"@context":"https:\/\/schema.org","@graph":[{"@type":"Article","@id":"https:\/\/infoecos.com.ar\/index.php\/sesion-extraordinaria-del-concejo-deliberante-para-tratar-un-proyecto-del-ejecutivo\/#article","isPartOf":{"@id":"https:\/\/infoecos.com.ar\/index.php\/sesion-extraordinaria-del-concejo-deliberante-para-tratar-un-proyecto-del-ejecutivo\/"},"author":{"name":"Jorge Matheus","@id":"https:\/\/infoecos.com.ar\/#\/schema\/person\/8f5ace5ce73b4b4aac4b7245aee6f191"},"headline":"Sesi\u00f3n extraordinaria del Concejo Deliberante para tratar un proyecto del Ejecutivo","datePublished":"2023-12-15T02:50:48+00:00","dateModified":"2023-12-15T19:11:40+00:00","mainEntityOfPage":{"@id":"https:\/\/infoecos.com.ar\/index.php\/sesion-extraordinaria-del-concejo-deliberante-para-tratar-un-proyecto-del-ejecutivo\/"},"wordCount":136,"publisher":{"@id":"https:\/\/infoecos.com.ar\/#organization"},"image":{"@id":"https:\/\/infoecos.com.ar\/index.php\/sesion-extraordinaria-del-concejo-deliberante-para-tratar-un-proyecto-del-ejecutivo\/#primaryimage"},"thumbnailUrl":"https:\/\/infoecos.com.ar\/wp-content\/uploads\/2023\/12\/concejodeliberante-920x690-1.jpg","keywords":["esta noche"],"articleSection":["Noticia Secundaria"],"inLanguage":"es"},{"@type":"WebPage","@id":"https:\/\/infoecos.com.ar\/index.php\/sesion-extraordinaria-del-concejo-deliberante-para-tratar-un-proyecto-del-ejecutivo\/","url":"https:\/\/infoecos.com.ar\/index.php\/sesion-extraordinaria-del-concejo-deliberante-para-tratar-un-proyecto-del-ejecutivo\/","name":"Sesi\u00f3n extraordinaria del Concejo Deliberante para tratar un proyecto del Ejecutivo - Infoecos","isPartOf":{"@id":"https:\/\/infoecos.com.ar\/#website"},"primaryImageOfPage":{"@id":"https:\/\/infoecos.com.ar\/index.php\/sesion-extraordinaria-del-concejo-deliberante-para-tratar-un-proyecto-del-ejecutivo\/#primaryimage"},"image":{"@id":"https:\/\/infoecos.com.ar\/index.php\/sesion-extraordinaria-del-concejo-deliberante-para-tratar-un-proyecto-del-ejecutivo\/#primaryimage"},"thumbnailUrl":"https:\/\/infoecos.com.ar\/wp-content\/uploads\/2023\/12\/concejodeliberante-920x690-1.jpg","datePublished":"2023-12-15T02:50:48+00:00","dateModified":"2023-12-15T19:11:40+00:00","breadcrumb":{"@id":"https:\/\/infoecos.com.ar\/index.php\/sesion-extraordinaria-del-concejo-deliberante-para-tratar-un-proyecto-del-ejecutivo\/#breadcrumb"},"inLanguage":"es","potentialAction":[{"@type":"ReadAction","target":["https:\/\/infoecos.com.ar\/index.php\/sesion-extraordinaria-del-concejo-deliberante-para-tratar-un-proyecto-del-ejecutivo\/"]}]},{"@type":"ImageObject","inLanguage":"es","@id":"https:\/\/infoecos.com.ar\/index.php\/sesion-extraordinaria-del-concejo-deliberante-para-tratar-un-proyecto-del-ejecutivo\/#primaryimage","url":"https:\/\/infoecos.com.ar\/wp-content\/uploads\/2023\/12\/concejodeliberante-920x690-1.jpg","contentUrl":"https:\/\/infoecos.com.ar\/wp-content\/uploads\/2023\/12\/concejodeliberante-920x690-1.jpg","width":920,"height":690},{"@type":"BreadcrumbList","@id":"https:\/\/infoecos.com.ar\/index.php\/sesion-extraordinaria-del-concejo-deliberante-para-tratar-un-proyecto-del-ejecutivo\/#breadcrumb","itemListElement":[{"@type":"ListItem","position":1,"name":"Portada","item":"https:\/\/infoecos.com.ar\/"},{"@type":"ListItem","position":2,"name":"Sesi\u00f3n extraordinaria del Concejo Deliberante para tratar un proyecto del Ejecutivo"}]},{"@type":"WebSite","@id":"https:\/\/infoecos.com.ar\/#website","url":"https:\/\/infoecos.com.ar\/","name":"Infoecos","description":"Noticias de trenque lauquen y la zona","publisher":{"@id":"https:\/\/infoecos.com.ar\/#organization"},"alternateName":"Noticias","potentialAction":[{"@type":"SearchAction","target":{"@type":"EntryPoint","urlTemplate":"https:\/\/infoecos.com.ar\/?s={search_term_string}"},"query-input":{"@type":"PropertyValueSpecification","valueRequired":true,"valueName":"search_term_string"}}],"inLanguage":"es"},{"@type":"Organization","@id":"https:\/\/infoecos.com.ar\/#organization","name":"Infoecos","alternateName":"Noticias","url":"https:\/\/infoecos.com.ar\/","logo":{"@type":"ImageObject","inLanguage":"es","@id":"https:\/\/infoecos.com.ar\/#\/schema\/logo\/image\/","url":"https:\/\/infoecos.com.ar\/wp-content\/uploads\/2024\/03\/cropped-logo.png","contentUrl":"https:\/\/infoecos.com.ar\/wp-content\/uploads\/2024\/03\/cropped-logo.png","width":374,"height":90,"caption":"Infoecos"},"image":{"@id":"https:\/\/infoecos.com.ar\/#\/schema\/logo\/image\/"},"sameAs":["https:\/\/www.facebook.com\/profile.php?id=100063200290284","https:\/\/x.com\/infoecos"]},{"@type":"Person","@id":"https:\/\/infoecos.com.ar\/#\/schema\/person\/8f5ace5ce73b4b4aac4b7245aee6f191","name":"Jorge Matheus","url":"https:\/\/infoecos.com.ar\/index.php\/author\/jomatheus\/"}]}},"featured_image_urls":{"full":["https:\/\/infoecos.com.ar\/wp-content\/uploads\/2023\/12\/concejodeliberante-920x690-1.jpg",920,690,false],"thumbnail":["https:\/\/infoecos.com.ar\/wp-content\/uploads\/2023\/12\/concejodeliberante-920x690-1-300x150.jpg",300,150,true],"medium":["https:\/\/infoecos.com.ar\/wp-content\/uploads\/2023\/12\/concejodeliberante-920x690-1-800x600.jpg",800,600,true],"medium_large":["https:\/\/infoecos.com.ar\/wp-content\/uploads\/2023\/12\/concejodeliberante-920x690-1-768x576.jpg",640,480,true],"large":["https:\/\/infoecos.com.ar\/wp-content\/uploads\/2023\/12\/concejodeliberante-920x690-1.jpg",640,480,false],"1536x1536":["https:\/\/infoecos.com.ar\/wp-content\/uploads\/2023\/12\/concejodeliberante-920x690-1.jpg",920,690,false],"2048x2048":["https:\/\/infoecos.com.ar\/wp-content\/uploads\/2023\/12\/concejodeliberante-920x690-1.jpg",920,690,false],"covernews-slider-full":["https:\/\/infoecos.com.ar\/wp-content\/uploads\/2023\/12\/concejodeliberante-920x690-1.jpg",920,690,false],"covernews-slider-center":["https:\/\/infoecos.com.ar\/wp-content\/uploads\/2023\/12\/concejodeliberante-920x690-1.jpg",667,500,false],"covernews-featured":["https:\/\/infoecos.com.ar\/wp-content\/uploads\/2023\/12\/concejodeliberante-920x690-1.jpg",920,690,false],"covernews-medium":["https:\/\/infoecos.com.ar\/wp-content\/uploads\/2023\/12\/concejodeliberante-920x690-1-720x380.jpg",540,285,true],"covernews-medium-square":["https:\/\/infoecos.com.ar\/wp-content\/uploads\/2023\/12\/concejodeliberante-920x690-1-675x450.jpg",375,250,true]},"author_info":{"info":["Jorge Matheus"]},"category_info":"<a href=\"https:\/\/infoecos.com.ar\/index.php\/category\/noticia-secundaria\/\" rel=\"category tag\">Noticia Secundaria<\/a>","tag_info":"Noticia Secundaria","comment_count":"0","_links":{"self":[{"href":"https:\/\/infoecos.com.ar\/index.php\/wp-json\/wp\/v2\/posts\/116376"}],"collection":[{"href":"https:\/\/infoecos.com.ar\/index.php\/wp-json\/wp\/v2\/posts"}],"about":[{"href":"https:\/\/infoecos.com.ar\/index.php\/wp-json\/wp\/v2\/types\/post"}],"author":[{"embeddable":true,"href":"https:\/\/infoecos.com.ar\/index.php\/wp-json\/wp\/v2\/users\/2"}],"replies":[{"embeddable":true,"href":"https:\/\/infoecos.com.ar\/index.php\/wp-json\/wp\/v2\/comments?post=116376"}],"version-history":[{"count":1,"href":"https:\/\/infoecos.com.ar\/index.php\/wp-json\/wp\/v2\/posts\/116376\/revisions"}],"predecessor-version":[{"id":116377,"href":"https:\/\/infoecos.com.ar\/index.php\/wp-json\/wp\/v2\/posts\/116376\/revisions\/116377"}],"wp:featuredmedia":[{"embeddable":true,"href":"https:\/\/infoecos.com.ar\/index.php\/wp-json\/wp\/v2\/media\/115925"}],"wp:attachment":[{"href":"https:\/\/infoecos.com.ar\/index.php\/wp-json\/wp\/v2\/media?parent=116376"}],"wp:term":[{"taxonomy":"category","embeddable":true,"href":"https:\/\/infoecos.com.ar\/index.php\/wp-json\/wp\/v2\/categories?post=116376"},{"taxonomy":"post_tag","embeddable":true,"href":"https:\/\/infoecos.com.ar\/index.php\/wp-json\/wp\/v2\/tags?post=116376"}],"curies":[{"name":"wp","href":"https:\/\/api.w.org\/{rel}","templated":true}]}}