{"id":116393,"date":"2023-12-15T17:48:20","date_gmt":"2023-12-15T20:48:20","guid":{"rendered":"https:\/\/infoecos.com.ar\/?p=116393"},"modified":"2023-12-15T17:48:21","modified_gmt":"2023-12-15T20:48:21","slug":"telefono-para-el-ministerio-de-desarrollo-rural-de-la-provincia-de-buenos-aires","status":"publish","type":"post","link":"https:\/\/infoecos.com.ar\/index.php\/telefono-para-el-ministerio-de-desarrollo-rural-de-la-provincia-de-buenos-aires\/","title":{"rendered":"Tel\u00e9fono para el Ministerio de Desarrollo Rural de la provincia de Buenos Aires"},"content":{"rendered":"\n<figure class=\"wp-block-image alignright size-full is-resized\"><img loading=\"lazy\" decoding=\"async\" src=\"https:\/\/infoecos.com.ar\/wp-content\/uploads\/resultado-de-imagen-para-telefono-celular.jpeg\" alt=\"\" class=\"wp-image-53600\" width=\"383\" height=\"216\"\/><figcaption class=\"wp-element-caption\">Tel\u00e9fono celular<\/figcaption><\/figure>\n\n\n\n<p>* Gracias a un se\u00f1or que reside en Salazar nuestras cuentas cuentan con los datos, apenas se registran, de una amplia regi\u00f3n del territorio bonaerense.<\/p>\n\n\n\n<p>No deber\u00eda ser esa la tarea, por m\u00e1s generosidad y vocaci\u00f3n period\u00edstica que exista, habida cuenta que la lluvia representa casi una \u00abbendici\u00f3n\u00bb en el interior de nuestra provincia. Es una responsabilidad del Estado que, adem\u00e1s, tiene todos las reparticiones para cumplirla.<\/p>\n\n\n\n<p>La provincia de <a><\/a>La Pampa concreta esta informaci\u00f3n de inter\u00e9s para la producci\u00f3n, fundamentalmente, a trav\u00e9s de la Direcci\u00f3n de Comunicaciones de su Polic\u00eda. Buenos Aires lo podr\u00eda hacer mediante los Comandos de Patrulla Rural que hay en cada distrito \u00f3 Comisar\u00edas.<\/p>\n","protected":false},"excerpt":{"rendered":"<p>La provincia de La Pampa concreta esta informaci\u00f3n de inter\u00e9s para la producci\u00f3n, fundamentalmente, a trav\u00e9s de la Direcci\u00f3n de Comunicaciones de su Polic\u00eda<\/p>\n","protected":false},"author":2,"featured_media":53600,"comment_status":"closed","ping_status":"open","sticky":false,"template":"","format":"standard","meta":{"footnotes":""},"categories":[47],"tags":[9335],"class_list":["post-116393","post","type-post","status-publish","format-standard","has-post-thumbnail","hentry","category-c3nota2","tag-lluvias"],"yoast_head":"<!-- This site is optimized with the Yoast SEO plugin v23.4 - https:\/\/yoast.com\/wordpress\/plugins\/seo\/ -->\n<title>Tel\u00e9fono para el Ministerio de Desarrollo Rural de la provincia de Buenos Aires - Infoecos<\/title>\n<meta name=\"robots\" content=\"index, follow, max-snippet:-1, max-image-preview:large, max-video-preview:-1\" \/>\n<link rel=\"canonical\" href=\"https:\/\/infoecos.com.ar\/index.php\/telefono-para-el-ministerio-de-desarrollo-rural-de-la-provincia-de-buenos-aires\/\" \/>\n<meta property=\"og:locale\" content=\"es_ES\" \/>\n<meta property=\"og:type\" content=\"article\" \/>\n<meta property=\"og:title\" content=\"Tel\u00e9fono para el Ministerio de Desarrollo Rural de la provincia de Buenos Aires - Infoecos\" \/>\n<meta property=\"og:description\" content=\"La provincia de La Pampa concreta esta informaci\u00f3n de inter\u00e9s para la producci\u00f3n, fundamentalmente, a trav\u00e9s de la Direcci\u00f3n de Comunicaciones de su Polic\u00eda\" \/>\n<meta property=\"og:url\" content=\"https:\/\/infoecos.com.ar\/index.php\/telefono-para-el-ministerio-de-desarrollo-rural-de-la-provincia-de-buenos-aires\/\" \/>\n<meta property=\"og:site_name\" content=\"Infoecos\" \/>\n<meta property=\"article:publisher\" content=\"https:\/\/www.facebook.com\/profile.php?id=100063200290284\" \/>\n<meta property=\"article:published_time\" content=\"2023-12-15T20:48:20+00:00\" \/>\n<meta property=\"article:modified_time\" content=\"2023-12-15T20:48:21+00:00\" \/>\n<meta property=\"og:image\" content=\"https:\/\/infoecos.com.ar\/wp-content\/uploads\/resultado-de-imagen-para-telefono-celular.jpeg\" \/>\n\t<meta property=\"og:image:width\" content=\"900\" \/>\n\t<meta property=\"og:image:height\" content=\"507\" \/>\n\t<meta property=\"og:image:type\" content=\"image\/jpeg\" \/>\n<meta name=\"author\" content=\"Jorge Matheus\" \/>\n<meta name=\"twitter:card\" content=\"summary_large_image\" \/>\n<meta name=\"twitter:creator\" content=\"@infoecos\" \/>\n<meta name=\"twitter:site\" content=\"@infoecos\" \/>\n<meta name=\"twitter:label1\" content=\"Escrito por\" \/>\n\t<meta name=\"twitter:data1\" content=\"Jorge Matheus\" \/>\n\t<meta name=\"twitter:label2\" content=\"Tiempo de lectura\" \/>\n\t<meta name=\"twitter:data2\" content=\"1 minuto\" \/>\n<script type=\"application\/ld+json\" class=\"yoast-schema-graph\">{\"@context\":\"https:\/\/schema.org\",\"@graph\":[{\"@type\":\"Article\",\"@id\":\"https:\/\/infoecos.com.ar\/index.php\/telefono-para-el-ministerio-de-desarrollo-rural-de-la-provincia-de-buenos-aires\/#article\",\"isPartOf\":{\"@id\":\"https:\/\/infoecos.com.ar\/index.php\/telefono-para-el-ministerio-de-desarrollo-rural-de-la-provincia-de-buenos-aires\/\"},\"author\":{\"name\":\"Jorge Matheus\",\"@id\":\"https:\/\/infoecos.com.ar\/#\/schema\/person\/8f5ace5ce73b4b4aac4b7245aee6f191\"},\"headline\":\"Tel\u00e9fono para el Ministerio de Desarrollo Rural de la provincia de Buenos Aires\",\"datePublished\":\"2023-12-15T20:48:20+00:00\",\"dateModified\":\"2023-12-15T20:48:21+00:00\",\"mainEntityOfPage\":{\"@id\":\"https:\/\/infoecos.com.ar\/index.php\/telefono-para-el-ministerio-de-desarrollo-rural-de-la-provincia-de-buenos-aires\/\"},\"wordCount\":140,\"publisher\":{\"@id\":\"https:\/\/infoecos.com.ar\/#organization\"},\"image\":{\"@id\":\"https:\/\/infoecos.com.ar\/index.php\/telefono-para-el-ministerio-de-desarrollo-rural-de-la-provincia-de-buenos-aires\/#primaryimage\"},\"thumbnailUrl\":\"\",\"keywords\":[\"lluvias\"],\"articleSection\":[\"C3 N2\"],\"inLanguage\":\"es\"},{\"@type\":\"WebPage\",\"@id\":\"https:\/\/infoecos.com.ar\/index.php\/telefono-para-el-ministerio-de-desarrollo-rural-de-la-provincia-de-buenos-aires\/\",\"url\":\"https:\/\/infoecos.com.ar\/index.php\/telefono-para-el-ministerio-de-desarrollo-rural-de-la-provincia-de-buenos-aires\/\",\"name\":\"Tel\u00e9fono para el Ministerio de Desarrollo Rural de la provincia de Buenos Aires - Infoecos\",\"isPartOf\":{\"@id\":\"https:\/\/infoecos.com.ar\/#website\"},\"primaryImageOfPage\":{\"@id\":\"https:\/\/infoecos.com.ar\/index.php\/telefono-para-el-ministerio-de-desarrollo-rural-de-la-provincia-de-buenos-aires\/#primaryimage\"},\"image\":{\"@id\":\"https:\/\/infoecos.com.ar\/index.php\/telefono-para-el-ministerio-de-desarrollo-rural-de-la-provincia-de-buenos-aires\/#primaryimage\"},\"thumbnailUrl\":\"\",\"datePublished\":\"2023-12-15T20:48:20+00:00\",\"dateModified\":\"2023-12-15T20:48:21+00:00\",\"breadcrumb\":{\"@id\":\"https:\/\/infoecos.com.ar\/index.php\/telefono-para-el-ministerio-de-desarrollo-rural-de-la-provincia-de-buenos-aires\/#breadcrumb\"},\"inLanguage\":\"es\",\"potentialAction\":[{\"@type\":\"ReadAction\",\"target\":[\"https:\/\/infoecos.com.ar\/index.php\/telefono-para-el-ministerio-de-desarrollo-rural-de-la-provincia-de-buenos-aires\/\"]}]},{\"@type\":\"ImageObject\",\"inLanguage\":\"es\",\"@id\":\"https:\/\/infoecos.com.ar\/index.php\/telefono-para-el-ministerio-de-desarrollo-rural-de-la-provincia-de-buenos-aires\/#primaryimage\",\"url\":\"\",\"contentUrl\":\"\"},{\"@type\":\"BreadcrumbList\",\"@id\":\"https:\/\/infoecos.com.ar\/index.php\/telefono-para-el-ministerio-de-desarrollo-rural-de-la-provincia-de-buenos-aires\/#breadcrumb\",\"itemListElement\":[{\"@type\":\"ListItem\",\"position\":1,\"name\":\"Portada\",\"item\":\"https:\/\/infoecos.com.ar\/\"},{\"@type\":\"ListItem\",\"position\":2,\"name\":\"Tel\u00e9fono para el Ministerio de Desarrollo Rural de la provincia de Buenos Aires\"}]},{\"@type\":\"WebSite\",\"@id\":\"https:\/\/infoecos.com.ar\/#website\",\"url\":\"https:\/\/infoecos.com.ar\/\",\"name\":\"Infoecos\",\"description\":\"Noticias de trenque lauquen y la zona\",\"publisher\":{\"@id\":\"https:\/\/infoecos.com.ar\/#organization\"},\"alternateName\":\"Noticias\",\"potentialAction\":[{\"@type\":\"SearchAction\",\"target\":{\"@type\":\"EntryPoint\",\"urlTemplate\":\"https:\/\/infoecos.com.ar\/?s={search_term_string}\"},\"query-input\":{\"@type\":\"PropertyValueSpecification\",\"valueRequired\":true,\"valueName\":\"search_term_string\"}}],\"inLanguage\":\"es\"},{\"@type\":\"Organization\",\"@id\":\"https:\/\/infoecos.com.ar\/#organization\",\"name\":\"Infoecos\",\"alternateName\":\"Noticias\",\"url\":\"https:\/\/infoecos.com.ar\/\",\"logo\":{\"@type\":\"ImageObject\",\"inLanguage\":\"es\",\"@id\":\"https:\/\/infoecos.com.ar\/#\/schema\/logo\/image\/\",\"url\":\"https:\/\/infoecos.com.ar\/wp-content\/uploads\/2024\/03\/cropped-logo.png\",\"contentUrl\":\"https:\/\/infoecos.com.ar\/wp-content\/uploads\/2024\/03\/cropped-logo.png\",\"width\":374,\"height\":90,\"caption\":\"Infoecos\"},\"image\":{\"@id\":\"https:\/\/infoecos.com.ar\/#\/schema\/logo\/image\/\"},\"sameAs\":[\"https:\/\/www.facebook.com\/profile.php?id=100063200290284\",\"https:\/\/x.com\/infoecos\"]},{\"@type\":\"Person\",\"@id\":\"https:\/\/infoecos.com.ar\/#\/schema\/person\/8f5ace5ce73b4b4aac4b7245aee6f191\",\"name\":\"Jorge Matheus\",\"url\":\"https:\/\/infoecos.com.ar\/index.php\/author\/jomatheus\/\"}]}<\/script>\n<!-- \/ Yoast SEO plugin. -->","yoast_head_json":{"title":"Tel\u00e9fono para el Ministerio de Desarrollo Rural de la provincia de Buenos Aires - Infoecos","robots":{"index":"index","follow":"follow","max-snippet":"max-snippet:-1","max-image-preview":"max-image-preview:large","max-video-preview":"max-video-preview:-1"},"canonical":"https:\/\/infoecos.com.ar\/index.php\/telefono-para-el-ministerio-de-desarrollo-rural-de-la-provincia-de-buenos-aires\/","og_locale":"es_ES","og_type":"article","og_title":"Tel\u00e9fono para el Ministerio de Desarrollo Rural de la provincia de Buenos Aires - Infoecos","og_description":"La provincia de La Pampa concreta esta informaci\u00f3n de inter\u00e9s para la producci\u00f3n, fundamentalmente, a trav\u00e9s de la Direcci\u00f3n de Comunicaciones de su Polic\u00eda","og_url":"https:\/\/infoecos.com.ar\/index.php\/telefono-para-el-ministerio-de-desarrollo-rural-de-la-provincia-de-buenos-aires\/","og_site_name":"Infoecos","article_publisher":"https:\/\/www.facebook.com\/profile.php?id=100063200290284","article_published_time":"2023-12-15T20:48:20+00:00","article_modified_time":"2023-12-15T20:48:21+00:00","og_image":[{"width":900,"height":507,"url":"https:\/\/infoecos.com.ar\/wp-content\/uploads\/resultado-de-imagen-para-telefono-celular.jpeg","type":"image\/jpeg"}],"author":"Jorge Matheus","twitter_card":"summary_large_image","twitter_creator":"@infoecos","twitter_site":"@infoecos","twitter_misc":{"Escrito por":"Jorge Matheus","Tiempo de lectura":"1 minuto"},"schema":{"@context":"https:\/\/schema.org","@graph":[{"@type":"Article","@id":"https:\/\/infoecos.com.ar\/index.php\/telefono-para-el-ministerio-de-desarrollo-rural-de-la-provincia-de-buenos-aires\/#article","isPartOf":{"@id":"https:\/\/infoecos.com.ar\/index.php\/telefono-para-el-ministerio-de-desarrollo-rural-de-la-provincia-de-buenos-aires\/"},"author":{"name":"Jorge Matheus","@id":"https:\/\/infoecos.com.ar\/#\/schema\/person\/8f5ace5ce73b4b4aac4b7245aee6f191"},"headline":"Tel\u00e9fono para el Ministerio de Desarrollo Rural de la provincia de Buenos Aires","datePublished":"2023-12-15T20:48:20+00:00","dateModified":"2023-12-15T20:48:21+00:00","mainEntityOfPage":{"@id":"https:\/\/infoecos.com.ar\/index.php\/telefono-para-el-ministerio-de-desarrollo-rural-de-la-provincia-de-buenos-aires\/"},"wordCount":140,"publisher":{"@id":"https:\/\/infoecos.com.ar\/#organization"},"image":{"@id":"https:\/\/infoecos.com.ar\/index.php\/telefono-para-el-ministerio-de-desarrollo-rural-de-la-provincia-de-buenos-aires\/#primaryimage"},"thumbnailUrl":"","keywords":["lluvias"],"articleSection":["C3 N2"],"inLanguage":"es"},{"@type":"WebPage","@id":"https:\/\/infoecos.com.ar\/index.php\/telefono-para-el-ministerio-de-desarrollo-rural-de-la-provincia-de-buenos-aires\/","url":"https:\/\/infoecos.com.ar\/index.php\/telefono-para-el-ministerio-de-desarrollo-rural-de-la-provincia-de-buenos-aires\/","name":"Tel\u00e9fono para el Ministerio de Desarrollo Rural de la provincia de Buenos Aires - Infoecos","isPartOf":{"@id":"https:\/\/infoecos.com.ar\/#website"},"primaryImageOfPage":{"@id":"https:\/\/infoecos.com.ar\/index.php\/telefono-para-el-ministerio-de-desarrollo-rural-de-la-provincia-de-buenos-aires\/#primaryimage"},"image":{"@id":"https:\/\/infoecos.com.ar\/index.php\/telefono-para-el-ministerio-de-desarrollo-rural-de-la-provincia-de-buenos-aires\/#primaryimage"},"thumbnailUrl":"","datePublished":"2023-12-15T20:48:20+00:00","dateModified":"2023-12-15T20:48:21+00:00","breadcrumb":{"@id":"https:\/\/infoecos.com.ar\/index.php\/telefono-para-el-ministerio-de-desarrollo-rural-de-la-provincia-de-buenos-aires\/#breadcrumb"},"inLanguage":"es","potentialAction":[{"@type":"ReadAction","target":["https:\/\/infoecos.com.ar\/index.php\/telefono-para-el-ministerio-de-desarrollo-rural-de-la-provincia-de-buenos-aires\/"]}]},{"@type":"ImageObject","inLanguage":"es","@id":"https:\/\/infoecos.com.ar\/index.php\/telefono-para-el-ministerio-de-desarrollo-rural-de-la-provincia-de-buenos-aires\/#primaryimage","url":"","contentUrl":""},{"@type":"BreadcrumbList","@id":"https:\/\/infoecos.com.ar\/index.php\/telefono-para-el-ministerio-de-desarrollo-rural-de-la-provincia-de-buenos-aires\/#breadcrumb","itemListElement":[{"@type":"ListItem","position":1,"name":"Portada","item":"https:\/\/infoecos.com.ar\/"},{"@type":"ListItem","position":2,"name":"Tel\u00e9fono para el Ministerio de Desarrollo Rural de la provincia de Buenos Aires"}]},{"@type":"WebSite","@id":"https:\/\/infoecos.com.ar\/#website","url":"https:\/\/infoecos.com.ar\/","name":"Infoecos","description":"Noticias de trenque lauquen y la zona","publisher":{"@id":"https:\/\/infoecos.com.ar\/#organization"},"alternateName":"Noticias","potentialAction":[{"@type":"SearchAction","target":{"@type":"EntryPoint","urlTemplate":"https:\/\/infoecos.com.ar\/?s={search_term_string}"},"query-input":{"@type":"PropertyValueSpecification","valueRequired":true,"valueName":"search_term_string"}}],"inLanguage":"es"},{"@type":"Organization","@id":"https:\/\/infoecos.com.ar\/#organization","name":"Infoecos","alternateName":"Noticias","url":"https:\/\/infoecos.com.ar\/","logo":{"@type":"ImageObject","inLanguage":"es","@id":"https:\/\/infoecos.com.ar\/#\/schema\/logo\/image\/","url":"https:\/\/infoecos.com.ar\/wp-content\/uploads\/2024\/03\/cropped-logo.png","contentUrl":"https:\/\/infoecos.com.ar\/wp-content\/uploads\/2024\/03\/cropped-logo.png","width":374,"height":90,"caption":"Infoecos"},"image":{"@id":"https:\/\/infoecos.com.ar\/#\/schema\/logo\/image\/"},"sameAs":["https:\/\/www.facebook.com\/profile.php?id=100063200290284","https:\/\/x.com\/infoecos"]},{"@type":"Person","@id":"https:\/\/infoecos.com.ar\/#\/schema\/person\/8f5ace5ce73b4b4aac4b7245aee6f191","name":"Jorge Matheus","url":"https:\/\/infoecos.com.ar\/index.php\/author\/jomatheus\/"}]}},"featured_image_urls":{"full":"","thumbnail":"","medium":"","medium_large":"","large":"","1536x1536":"","2048x2048":"","covernews-slider-full":"","covernews-slider-center":"","covernews-featured":"","covernews-medium":"","covernews-medium-square":""},"author_info":{"info":["Jorge Matheus"]},"category_info":"<a href=\"https:\/\/infoecos.com.ar\/index.php\/category\/c3nota2\/\" rel=\"category tag\">C3 N2<\/a>","tag_info":"C3 N2","comment_count":"0","_links":{"self":[{"href":"https:\/\/infoecos.com.ar\/index.php\/wp-json\/wp\/v2\/posts\/116393"}],"collection":[{"href":"https:\/\/infoecos.com.ar\/index.php\/wp-json\/wp\/v2\/posts"}],"about":[{"href":"https:\/\/infoecos.com.ar\/index.php\/wp-json\/wp\/v2\/types\/post"}],"author":[{"embeddable":true,"href":"https:\/\/infoecos.com.ar\/index.php\/wp-json\/wp\/v2\/users\/2"}],"replies":[{"embeddable":true,"href":"https:\/\/infoecos.com.ar\/index.php\/wp-json\/wp\/v2\/comments?post=116393"}],"version-history":[{"count":1,"href":"https:\/\/infoecos.com.ar\/index.php\/wp-json\/wp\/v2\/posts\/116393\/revisions"}],"predecessor-version":[{"id":116394,"href":"https:\/\/infoecos.com.ar\/index.php\/wp-json\/wp\/v2\/posts\/116393\/revisions\/116394"}],"wp:featuredmedia":[{"embeddable":true,"href":"https:\/\/infoecos.com.ar\/index.php\/wp-json\/"}],"wp:attachment":[{"href":"https:\/\/infoecos.com.ar\/index.php\/wp-json\/wp\/v2\/media?parent=116393"}],"wp:term":[{"taxonomy":"category","embeddable":true,"href":"https:\/\/infoecos.com.ar\/index.php\/wp-json\/wp\/v2\/categories?post=116393"},{"taxonomy":"post_tag","embeddable":true,"href":"https:\/\/infoecos.com.ar\/index.php\/wp-json\/wp\/v2\/tags?post=116393"}],"curies":[{"name":"wp","href":"https:\/\/api.w.org\/{rel}","templated":true}]}}