{"id":116407,"date":"2023-12-16T11:40:07","date_gmt":"2023-12-16T14:40:07","guid":{"rendered":"https:\/\/infoecos.com.ar\/?p=116407"},"modified":"2023-12-16T11:40:08","modified_gmt":"2023-12-16T14:40:08","slug":"las-radios-de-trenque-lauquen-arrancaron-primero-recoulat-hablo-de-todo-un-poco","status":"publish","type":"post","link":"https:\/\/infoecos.com.ar\/index.php\/las-radios-de-trenque-lauquen-arrancaron-primero-recoulat-hablo-de-todo-un-poco\/","title":{"rendered":"Las Radios de Trenque Lauquen arrancaron primero: Recoulat habl\u00f3 de todo un poco"},"content":{"rendered":"\n<p>El intendente municipal de Trenque Lauquen, Francisco Recoulat, se\u00f1al\u00f3 este viernes en una de sus primeras entrevistas period\u00edsticas despu\u00e9s de haber asumido el pasado lunes, en torno a las medidas econ\u00f3micas anunciadas por el Gobierno Nacional y su implicancia en el funcionamiento del andamiaje municipal que <strong>\u00abestamos ante una nueva gesti\u00f3n y una nueva realidad, a la que deberemos adaptarnos, achicando gastos en las diferentes \u00e1reas\u00bb<\/strong>.<\/p>\n\n\n\n<figure class=\"wp-block-image alignright size-full is-resized\"><img loading=\"lazy\" decoding=\"async\" src=\"https:\/\/infoecos.com.ar\/wp-content\/uploads\/2023\/12\/image-92.png\" alt=\"\" class=\"wp-image-116383\" width=\"360\" height=\"269\" srcset=\"https:\/\/infoecos.com.ar\/wp-content\/uploads\/2023\/12\/image-92.png 1166w, https:\/\/infoecos.com.ar\/wp-content\/uploads\/2023\/12\/image-92-800x600.png 800w, https:\/\/infoecos.com.ar\/wp-content\/uploads\/2023\/12\/image-92-768x576.png 768w, https:\/\/infoecos.com.ar\/wp-content\/uploads\/2023\/12\/image-92-1024x768.png 1024w\" sizes=\"(max-width: 360px) 100vw, 360px\" \/><\/figure>\n\n\n\n<p><strong>\u00abDe efectivarse en un cien por ciento lo anunciado por el gobierno nacional en relaci\u00f3n a las obras p\u00fablicas sin iniciar, tendremos un ingreso menor a los 4.000 millones de pesos para el a\u00f1o pr\u00f3ximo, pu\u00e9s afectar\u00e1 la construcci\u00f3n del Jard\u00edn de Infantes en la Ampliaci\u00f3n Urbana, de 56 viviendas y el edificio del Instituto Superior de Formaci\u00f3n Docente n\u00famero 40\u00bb<\/strong>, apunt\u00f3. <strong>\u00abPese a ello seguiremos las gestiones, porque son realizaciones importantes que no podemos perder\u00bb<\/strong>, expuso en un tono claramente sin resignaci\u00f3n, pero contemporizador.<\/p>\n\n\n\n<p>En cuanto a los recursos que deben llegar desde el gobierno de la provincia de Buenos Aires, el intendente indic\u00f3 que <strong>\u00abesta semana asumieron los ministros del gobernador, por lo que trabajaremos de lleno de aqu\u00ed en m\u00e1s en torno a las deudas que hay con el municipio en distintos \u00e1mbitos y la del IOMA\u00bb<\/strong>.<\/p>\n\n\n\n<p>Con respecto a los empleados municipales y la pol\u00edtica salarial, Recoulat asegur\u00f3 que se cuenta con los recursos inmediatos, sueldos y aguinaldo, y que este viernes hab\u00eda firmado el decreto mediante el cual se cumplir\u00e1 con el pago del bono acordado con el gremio, en la gesti\u00f3n de Miguel (Fern\u00e1ndez). <strong>\u00abEsto representar\u00e1 una erogaci\u00f3n superior a los 1.400 millones de pesos\u00bb<\/strong>, indic\u00f3.<\/p>\n\n\n\n<figure class=\"wp-block-image alignright size-full is-resized\"><img loading=\"lazy\" decoding=\"async\" src=\"https:\/\/infoecos.com.ar\/wp-content\/uploads\/2023\/12\/image-92.png\" alt=\"\" class=\"wp-image-116383\" width=\"354\" height=\"265\" srcset=\"https:\/\/infoecos.com.ar\/wp-content\/uploads\/2023\/12\/image-92.png 1166w, https:\/\/infoecos.com.ar\/wp-content\/uploads\/2023\/12\/image-92-800x600.png 800w, https:\/\/infoecos.com.ar\/wp-content\/uploads\/2023\/12\/image-92-768x576.png 768w, https:\/\/infoecos.com.ar\/wp-content\/uploads\/2023\/12\/image-92-1024x768.png 1024w\" sizes=\"(max-width: 354px) 100vw, 354px\" \/><\/figure>\n\n\n\n<p>El flamante titular del ejecutivo expuso que <strong>\u00aben la primera reuni\u00f3n que mantuvo con su equipo pidi\u00f3 a cada uno de los responsables que est\u00e9n cerca de la comunidad. Todos somos servidores p\u00fablicos y con ese principio debemos actuar, atendiendo a los vecinos, siendo serios y responsables ante cada situaci\u00f3n en particular\u00bb<\/strong>. Recoulat manifest\u00f3 que \u00ab<strong>debemos ser cautos, ordenados y muy responsables\u00bb y que la semana pr\u00f3xima \u00abse reunir\u00e1n nuevamente todas las \u00e1reas en conjunto para que presenten un plan que permita tener claro donde habr\u00e1 reducci\u00f3n de gastos, porque hay recursos, pero no tantos\u00bb<\/strong>. Con relaci\u00f3n a obras se\u00f1al\u00f3 que <strong>\u00abhay un listado, que ser\u00e1 necesario modificar en cuanto a las prioridades\u00bb.<\/strong><\/p>\n\n\n\n<p><strong>\u00abSe trabaja en la elaboraci\u00f3n del Presupuesto del a\u00f1o pr\u00f3ximo para elevar a consideraci\u00f3n del Concejo Deliberante\u00bb<\/strong>, se\u00f1al\u00f3 para agregar que <strong>\u00abse establece aumentos en las tasas porque no se mueven desde febrero de este a\u00f1o, pero tratando que est\u00e9n ajustados a la realidad de los vecinos. Son momentos de hacer un sacrificio de ambas partes<\/strong>\u00ab.<\/p>\n\n\n\n<p>(<strong>Tramos de la entrevista en LU 11 Radioemisora del Oeste<\/strong>)<\/p>\n","protected":false},"excerpt":{"rendered":"<p>Recoulat asegur\u00f3 que se cuenta con los recursos inmediatos, sueldos y aguinaldo, y que este viernes hab\u00eda firmado el decreto mediante el cual se cumplir\u00e1 con el pago del bono acordado con el gremio, en la gesti\u00f3n de Miguel (Fern\u00e1ndez). \u00abEsto representar\u00e1 una erogaci\u00f3n superior a los 1.400 millones de pesos\u00bb, indic\u00f3.<\/p>\n","protected":false},"author":2,"featured_media":116383,"comment_status":"closed","ping_status":"open","sticky":false,"template":"","format":"standard","meta":{"footnotes":""},"categories":[1613],"tags":[9726],"class_list":["post-116407","post","type-post","status-publish","format-standard","has-post-thumbnail","hentry","category-noticia-secundaria","tag-declaraciones-el-viernes"],"yoast_head":"<!-- This site is optimized with the Yoast SEO plugin v23.4 - https:\/\/yoast.com\/wordpress\/plugins\/seo\/ -->\n<title>Las Radios de Trenque Lauquen arrancaron primero: Recoulat habl\u00f3 de todo un poco - Infoecos<\/title>\n<meta name=\"robots\" content=\"index, follow, max-snippet:-1, max-image-preview:large, max-video-preview:-1\" \/>\n<link rel=\"canonical\" href=\"https:\/\/infoecos.com.ar\/index.php\/las-radios-de-trenque-lauquen-arrancaron-primero-recoulat-hablo-de-todo-un-poco\/\" \/>\n<meta property=\"og:locale\" content=\"es_ES\" \/>\n<meta property=\"og:type\" content=\"article\" \/>\n<meta property=\"og:title\" content=\"Las Radios de Trenque Lauquen arrancaron primero: Recoulat habl\u00f3 de todo un poco - Infoecos\" \/>\n<meta property=\"og:description\" content=\"Recoulat asegur\u00f3 que se cuenta con los recursos inmediatos, sueldos y aguinaldo, y que este viernes hab\u00eda firmado el decreto mediante el cual se cumplir\u00e1 con el pago del bono acordado con el gremio, en la gesti\u00f3n de Miguel (Fern\u00e1ndez). &quot;Esto representar\u00e1 una erogaci\u00f3n superior a los 1.400 millones de pesos&quot;, indic\u00f3.\" \/>\n<meta property=\"og:url\" content=\"https:\/\/infoecos.com.ar\/index.php\/las-radios-de-trenque-lauquen-arrancaron-primero-recoulat-hablo-de-todo-un-poco\/\" \/>\n<meta property=\"og:site_name\" content=\"Infoecos\" \/>\n<meta property=\"article:publisher\" content=\"https:\/\/www.facebook.com\/profile.php?id=100063200290284\" \/>\n<meta property=\"article:published_time\" content=\"2023-12-16T14:40:07+00:00\" \/>\n<meta property=\"article:modified_time\" content=\"2023-12-16T14:40:08+00:00\" \/>\n<meta property=\"og:image\" content=\"https:\/\/infoecos.com.ar\/wp-content\/uploads\/2023\/12\/image-92.png\" \/>\n\t<meta property=\"og:image:width\" content=\"640\" \/>\n\t<meta property=\"og:image:height\" content=\"480\" \/>\n\t<meta property=\"og:image:type\" content=\"image\/png\" \/>\n<meta name=\"author\" content=\"Jorge Matheus\" \/>\n<meta name=\"twitter:card\" content=\"summary_large_image\" \/>\n<meta name=\"twitter:creator\" content=\"@infoecos\" \/>\n<meta name=\"twitter:site\" content=\"@infoecos\" \/>\n<meta name=\"twitter:label1\" content=\"Escrito por\" \/>\n\t<meta name=\"twitter:data1\" content=\"Jorge Matheus\" \/>\n\t<meta name=\"twitter:label2\" content=\"Tiempo de lectura\" \/>\n\t<meta name=\"twitter:data2\" content=\"3 minutos\" \/>\n<script type=\"application\/ld+json\" class=\"yoast-schema-graph\">{\"@context\":\"https:\/\/schema.org\",\"@graph\":[{\"@type\":\"Article\",\"@id\":\"https:\/\/infoecos.com.ar\/index.php\/las-radios-de-trenque-lauquen-arrancaron-primero-recoulat-hablo-de-todo-un-poco\/#article\",\"isPartOf\":{\"@id\":\"https:\/\/infoecos.com.ar\/index.php\/las-radios-de-trenque-lauquen-arrancaron-primero-recoulat-hablo-de-todo-un-poco\/\"},\"author\":{\"name\":\"Jorge Matheus\",\"@id\":\"https:\/\/infoecos.com.ar\/#\/schema\/person\/8f5ace5ce73b4b4aac4b7245aee6f191\"},\"headline\":\"Las Radios de Trenque Lauquen arrancaron primero: Recoulat habl\u00f3 de todo un poco\",\"datePublished\":\"2023-12-16T14:40:07+00:00\",\"dateModified\":\"2023-12-16T14:40:08+00:00\",\"mainEntityOfPage\":{\"@id\":\"https:\/\/infoecos.com.ar\/index.php\/las-radios-de-trenque-lauquen-arrancaron-primero-recoulat-hablo-de-todo-un-poco\/\"},\"wordCount\":493,\"publisher\":{\"@id\":\"https:\/\/infoecos.com.ar\/#organization\"},\"image\":{\"@id\":\"https:\/\/infoecos.com.ar\/index.php\/las-radios-de-trenque-lauquen-arrancaron-primero-recoulat-hablo-de-todo-un-poco\/#primaryimage\"},\"thumbnailUrl\":\"https:\/\/infoecos.com.ar\/wp-content\/uploads\/2023\/12\/image-92.png\",\"keywords\":[\"declaraciones el viernes\"],\"articleSection\":[\"Noticia Secundaria\"],\"inLanguage\":\"es\"},{\"@type\":\"WebPage\",\"@id\":\"https:\/\/infoecos.com.ar\/index.php\/las-radios-de-trenque-lauquen-arrancaron-primero-recoulat-hablo-de-todo-un-poco\/\",\"url\":\"https:\/\/infoecos.com.ar\/index.php\/las-radios-de-trenque-lauquen-arrancaron-primero-recoulat-hablo-de-todo-un-poco\/\",\"name\":\"Las Radios de Trenque Lauquen arrancaron primero: Recoulat habl\u00f3 de todo un poco - Infoecos\",\"isPartOf\":{\"@id\":\"https:\/\/infoecos.com.ar\/#website\"},\"primaryImageOfPage\":{\"@id\":\"https:\/\/infoecos.com.ar\/index.php\/las-radios-de-trenque-lauquen-arrancaron-primero-recoulat-hablo-de-todo-un-poco\/#primaryimage\"},\"image\":{\"@id\":\"https:\/\/infoecos.com.ar\/index.php\/las-radios-de-trenque-lauquen-arrancaron-primero-recoulat-hablo-de-todo-un-poco\/#primaryimage\"},\"thumbnailUrl\":\"https:\/\/infoecos.com.ar\/wp-content\/uploads\/2023\/12\/image-92.png\",\"datePublished\":\"2023-12-16T14:40:07+00:00\",\"dateModified\":\"2023-12-16T14:40:08+00:00\",\"breadcrumb\":{\"@id\":\"https:\/\/infoecos.com.ar\/index.php\/las-radios-de-trenque-lauquen-arrancaron-primero-recoulat-hablo-de-todo-un-poco\/#breadcrumb\"},\"inLanguage\":\"es\",\"potentialAction\":[{\"@type\":\"ReadAction\",\"target\":[\"https:\/\/infoecos.com.ar\/index.php\/las-radios-de-trenque-lauquen-arrancaron-primero-recoulat-hablo-de-todo-un-poco\/\"]}]},{\"@type\":\"ImageObject\",\"inLanguage\":\"es\",\"@id\":\"https:\/\/infoecos.com.ar\/index.php\/las-radios-de-trenque-lauquen-arrancaron-primero-recoulat-hablo-de-todo-un-poco\/#primaryimage\",\"url\":\"https:\/\/infoecos.com.ar\/wp-content\/uploads\/2023\/12\/image-92.png\",\"contentUrl\":\"https:\/\/infoecos.com.ar\/wp-content\/uploads\/2023\/12\/image-92.png\",\"width\":1166,\"height\":875},{\"@type\":\"BreadcrumbList\",\"@id\":\"https:\/\/infoecos.com.ar\/index.php\/las-radios-de-trenque-lauquen-arrancaron-primero-recoulat-hablo-de-todo-un-poco\/#breadcrumb\",\"itemListElement\":[{\"@type\":\"ListItem\",\"position\":1,\"name\":\"Portada\",\"item\":\"https:\/\/infoecos.com.ar\/\"},{\"@type\":\"ListItem\",\"position\":2,\"name\":\"Las Radios de Trenque Lauquen arrancaron primero: Recoulat habl\u00f3 de todo un poco\"}]},{\"@type\":\"WebSite\",\"@id\":\"https:\/\/infoecos.com.ar\/#website\",\"url\":\"https:\/\/infoecos.com.ar\/\",\"name\":\"Infoecos\",\"description\":\"Noticias de trenque lauquen y la zona\",\"publisher\":{\"@id\":\"https:\/\/infoecos.com.ar\/#organization\"},\"alternateName\":\"Noticias\",\"potentialAction\":[{\"@type\":\"SearchAction\",\"target\":{\"@type\":\"EntryPoint\",\"urlTemplate\":\"https:\/\/infoecos.com.ar\/?s={search_term_string}\"},\"query-input\":{\"@type\":\"PropertyValueSpecification\",\"valueRequired\":true,\"valueName\":\"search_term_string\"}}],\"inLanguage\":\"es\"},{\"@type\":\"Organization\",\"@id\":\"https:\/\/infoecos.com.ar\/#organization\",\"name\":\"Infoecos\",\"alternateName\":\"Noticias\",\"url\":\"https:\/\/infoecos.com.ar\/\",\"logo\":{\"@type\":\"ImageObject\",\"inLanguage\":\"es\",\"@id\":\"https:\/\/infoecos.com.ar\/#\/schema\/logo\/image\/\",\"url\":\"https:\/\/infoecos.com.ar\/wp-content\/uploads\/2024\/03\/cropped-logo.png\",\"contentUrl\":\"https:\/\/infoecos.com.ar\/wp-content\/uploads\/2024\/03\/cropped-logo.png\",\"width\":374,\"height\":90,\"caption\":\"Infoecos\"},\"image\":{\"@id\":\"https:\/\/infoecos.com.ar\/#\/schema\/logo\/image\/\"},\"sameAs\":[\"https:\/\/www.facebook.com\/profile.php?id=100063200290284\",\"https:\/\/x.com\/infoecos\"]},{\"@type\":\"Person\",\"@id\":\"https:\/\/infoecos.com.ar\/#\/schema\/person\/8f5ace5ce73b4b4aac4b7245aee6f191\",\"name\":\"Jorge Matheus\",\"url\":\"https:\/\/infoecos.com.ar\/index.php\/author\/jomatheus\/\"}]}<\/script>\n<!-- \/ Yoast SEO plugin. -->","yoast_head_json":{"title":"Las Radios de Trenque Lauquen arrancaron primero: Recoulat habl\u00f3 de todo un poco - Infoecos","robots":{"index":"index","follow":"follow","max-snippet":"max-snippet:-1","max-image-preview":"max-image-preview:large","max-video-preview":"max-video-preview:-1"},"canonical":"https:\/\/infoecos.com.ar\/index.php\/las-radios-de-trenque-lauquen-arrancaron-primero-recoulat-hablo-de-todo-un-poco\/","og_locale":"es_ES","og_type":"article","og_title":"Las Radios de Trenque Lauquen arrancaron primero: Recoulat habl\u00f3 de todo un poco - Infoecos","og_description":"Recoulat asegur\u00f3 que se cuenta con los recursos inmediatos, sueldos y aguinaldo, y que este viernes hab\u00eda firmado el decreto mediante el cual se cumplir\u00e1 con el pago del bono acordado con el gremio, en la gesti\u00f3n de Miguel (Fern\u00e1ndez). \"Esto representar\u00e1 una erogaci\u00f3n superior a los 1.400 millones de pesos\", indic\u00f3.","og_url":"https:\/\/infoecos.com.ar\/index.php\/las-radios-de-trenque-lauquen-arrancaron-primero-recoulat-hablo-de-todo-un-poco\/","og_site_name":"Infoecos","article_publisher":"https:\/\/www.facebook.com\/profile.php?id=100063200290284","article_published_time":"2023-12-16T14:40:07+00:00","article_modified_time":"2023-12-16T14:40:08+00:00","og_image":[{"url":"https:\/\/infoecos.com.ar\/wp-content\/uploads\/2023\/12\/image-92.png","width":640,"height":480,"type":"image\/png"}],"author":"Jorge Matheus","twitter_card":"summary_large_image","twitter_creator":"@infoecos","twitter_site":"@infoecos","twitter_misc":{"Escrito por":"Jorge Matheus","Tiempo de lectura":"3 minutos"},"schema":{"@context":"https:\/\/schema.org","@graph":[{"@type":"Article","@id":"https:\/\/infoecos.com.ar\/index.php\/las-radios-de-trenque-lauquen-arrancaron-primero-recoulat-hablo-de-todo-un-poco\/#article","isPartOf":{"@id":"https:\/\/infoecos.com.ar\/index.php\/las-radios-de-trenque-lauquen-arrancaron-primero-recoulat-hablo-de-todo-un-poco\/"},"author":{"name":"Jorge Matheus","@id":"https:\/\/infoecos.com.ar\/#\/schema\/person\/8f5ace5ce73b4b4aac4b7245aee6f191"},"headline":"Las Radios de Trenque Lauquen arrancaron primero: Recoulat habl\u00f3 de todo un poco","datePublished":"2023-12-16T14:40:07+00:00","dateModified":"2023-12-16T14:40:08+00:00","mainEntityOfPage":{"@id":"https:\/\/infoecos.com.ar\/index.php\/las-radios-de-trenque-lauquen-arrancaron-primero-recoulat-hablo-de-todo-un-poco\/"},"wordCount":493,"publisher":{"@id":"https:\/\/infoecos.com.ar\/#organization"},"image":{"@id":"https:\/\/infoecos.com.ar\/index.php\/las-radios-de-trenque-lauquen-arrancaron-primero-recoulat-hablo-de-todo-un-poco\/#primaryimage"},"thumbnailUrl":"https:\/\/infoecos.com.ar\/wp-content\/uploads\/2023\/12\/image-92.png","keywords":["declaraciones el viernes"],"articleSection":["Noticia Secundaria"],"inLanguage":"es"},{"@type":"WebPage","@id":"https:\/\/infoecos.com.ar\/index.php\/las-radios-de-trenque-lauquen-arrancaron-primero-recoulat-hablo-de-todo-un-poco\/","url":"https:\/\/infoecos.com.ar\/index.php\/las-radios-de-trenque-lauquen-arrancaron-primero-recoulat-hablo-de-todo-un-poco\/","name":"Las Radios de Trenque Lauquen arrancaron primero: Recoulat habl\u00f3 de todo un poco - Infoecos","isPartOf":{"@id":"https:\/\/infoecos.com.ar\/#website"},"primaryImageOfPage":{"@id":"https:\/\/infoecos.com.ar\/index.php\/las-radios-de-trenque-lauquen-arrancaron-primero-recoulat-hablo-de-todo-un-poco\/#primaryimage"},"image":{"@id":"https:\/\/infoecos.com.ar\/index.php\/las-radios-de-trenque-lauquen-arrancaron-primero-recoulat-hablo-de-todo-un-poco\/#primaryimage"},"thumbnailUrl":"https:\/\/infoecos.com.ar\/wp-content\/uploads\/2023\/12\/image-92.png","datePublished":"2023-12-16T14:40:07+00:00","dateModified":"2023-12-16T14:40:08+00:00","breadcrumb":{"@id":"https:\/\/infoecos.com.ar\/index.php\/las-radios-de-trenque-lauquen-arrancaron-primero-recoulat-hablo-de-todo-un-poco\/#breadcrumb"},"inLanguage":"es","potentialAction":[{"@type":"ReadAction","target":["https:\/\/infoecos.com.ar\/index.php\/las-radios-de-trenque-lauquen-arrancaron-primero-recoulat-hablo-de-todo-un-poco\/"]}]},{"@type":"ImageObject","inLanguage":"es","@id":"https:\/\/infoecos.com.ar\/index.php\/las-radios-de-trenque-lauquen-arrancaron-primero-recoulat-hablo-de-todo-un-poco\/#primaryimage","url":"https:\/\/infoecos.com.ar\/wp-content\/uploads\/2023\/12\/image-92.png","contentUrl":"https:\/\/infoecos.com.ar\/wp-content\/uploads\/2023\/12\/image-92.png","width":1166,"height":875},{"@type":"BreadcrumbList","@id":"https:\/\/infoecos.com.ar\/index.php\/las-radios-de-trenque-lauquen-arrancaron-primero-recoulat-hablo-de-todo-un-poco\/#breadcrumb","itemListElement":[{"@type":"ListItem","position":1,"name":"Portada","item":"https:\/\/infoecos.com.ar\/"},{"@type":"ListItem","position":2,"name":"Las Radios de Trenque Lauquen arrancaron primero: Recoulat habl\u00f3 de todo un poco"}]},{"@type":"WebSite","@id":"https:\/\/infoecos.com.ar\/#website","url":"https:\/\/infoecos.com.ar\/","name":"Infoecos","description":"Noticias de trenque lauquen y la zona","publisher":{"@id":"https:\/\/infoecos.com.ar\/#organization"},"alternateName":"Noticias","potentialAction":[{"@type":"SearchAction","target":{"@type":"EntryPoint","urlTemplate":"https:\/\/infoecos.com.ar\/?s={search_term_string}"},"query-input":{"@type":"PropertyValueSpecification","valueRequired":true,"valueName":"search_term_string"}}],"inLanguage":"es"},{"@type":"Organization","@id":"https:\/\/infoecos.com.ar\/#organization","name":"Infoecos","alternateName":"Noticias","url":"https:\/\/infoecos.com.ar\/","logo":{"@type":"ImageObject","inLanguage":"es","@id":"https:\/\/infoecos.com.ar\/#\/schema\/logo\/image\/","url":"https:\/\/infoecos.com.ar\/wp-content\/uploads\/2024\/03\/cropped-logo.png","contentUrl":"https:\/\/infoecos.com.ar\/wp-content\/uploads\/2024\/03\/cropped-logo.png","width":374,"height":90,"caption":"Infoecos"},"image":{"@id":"https:\/\/infoecos.com.ar\/#\/schema\/logo\/image\/"},"sameAs":["https:\/\/www.facebook.com\/profile.php?id=100063200290284","https:\/\/x.com\/infoecos"]},{"@type":"Person","@id":"https:\/\/infoecos.com.ar\/#\/schema\/person\/8f5ace5ce73b4b4aac4b7245aee6f191","name":"Jorge Matheus","url":"https:\/\/infoecos.com.ar\/index.php\/author\/jomatheus\/"}]}},"featured_image_urls":{"full":["https:\/\/infoecos.com.ar\/wp-content\/uploads\/2023\/12\/image-92.png",1166,875,false],"thumbnail":["https:\/\/infoecos.com.ar\/wp-content\/uploads\/2023\/12\/image-92-300x150.png",300,150,true],"medium":["https:\/\/infoecos.com.ar\/wp-content\/uploads\/2023\/12\/image-92-800x600.png",800,600,true],"medium_large":["https:\/\/infoecos.com.ar\/wp-content\/uploads\/2023\/12\/image-92-768x576.png",640,480,true],"large":["https:\/\/infoecos.com.ar\/wp-content\/uploads\/2023\/12\/image-92.png",640,480,false],"1536x1536":["https:\/\/infoecos.com.ar\/wp-content\/uploads\/2023\/12\/image-92.png",1166,875,false],"2048x2048":["https:\/\/infoecos.com.ar\/wp-content\/uploads\/2023\/12\/image-92.png",1166,875,false],"covernews-slider-full":["https:\/\/infoecos.com.ar\/wp-content\/uploads\/2023\/12\/image-92.png",953,715,false],"covernews-slider-center":["https:\/\/infoecos.com.ar\/wp-content\/uploads\/2023\/12\/image-92-936x875.png",535,500,true],"covernews-featured":["https:\/\/infoecos.com.ar\/wp-content\/uploads\/2023\/12\/image-92-1024x768.png",1024,768,true],"covernews-medium":["https:\/\/infoecos.com.ar\/wp-content\/uploads\/2023\/12\/image-92-720x380.png",540,285,true],"covernews-medium-square":["https:\/\/infoecos.com.ar\/wp-content\/uploads\/2023\/12\/image-92-675x450.png",375,250,true]},"author_info":{"info":["Jorge Matheus"]},"category_info":"<a href=\"https:\/\/infoecos.com.ar\/index.php\/category\/noticia-secundaria\/\" rel=\"category tag\">Noticia Secundaria<\/a>","tag_info":"Noticia Secundaria","comment_count":"0","_links":{"self":[{"href":"https:\/\/infoecos.com.ar\/index.php\/wp-json\/wp\/v2\/posts\/116407"}],"collection":[{"href":"https:\/\/infoecos.com.ar\/index.php\/wp-json\/wp\/v2\/posts"}],"about":[{"href":"https:\/\/infoecos.com.ar\/index.php\/wp-json\/wp\/v2\/types\/post"}],"author":[{"embeddable":true,"href":"https:\/\/infoecos.com.ar\/index.php\/wp-json\/wp\/v2\/users\/2"}],"replies":[{"embeddable":true,"href":"https:\/\/infoecos.com.ar\/index.php\/wp-json\/wp\/v2\/comments?post=116407"}],"version-history":[{"count":1,"href":"https:\/\/infoecos.com.ar\/index.php\/wp-json\/wp\/v2\/posts\/116407\/revisions"}],"predecessor-version":[{"id":116408,"href":"https:\/\/infoecos.com.ar\/index.php\/wp-json\/wp\/v2\/posts\/116407\/revisions\/116408"}],"wp:featuredmedia":[{"embeddable":true,"href":"https:\/\/infoecos.com.ar\/index.php\/wp-json\/wp\/v2\/media\/116383"}],"wp:attachment":[{"href":"https:\/\/infoecos.com.ar\/index.php\/wp-json\/wp\/v2\/media?parent=116407"}],"wp:term":[{"taxonomy":"category","embeddable":true,"href":"https:\/\/infoecos.com.ar\/index.php\/wp-json\/wp\/v2\/categories?post=116407"},{"taxonomy":"post_tag","embeddable":true,"href":"https:\/\/infoecos.com.ar\/index.php\/wp-json\/wp\/v2\/tags?post=116407"}],"curies":[{"name":"wp","href":"https:\/\/api.w.org\/{rel}","templated":true}]}}