{"id":116409,"date":"2023-12-16T11:59:59","date_gmt":"2023-12-16T14:59:59","guid":{"rendered":"https:\/\/infoecos.com.ar\/?p=116409"},"modified":"2023-12-16T19:51:58","modified_gmt":"2023-12-16T22:51:58","slug":"por-unanimidad-el-concejo-deliberante-aprobo-licitaciones-para-el-hospital-de-trenque-lauquen","status":"publish","type":"post","link":"https:\/\/infoecos.com.ar\/index.php\/por-unanimidad-el-concejo-deliberante-aprobo-licitaciones-para-el-hospital-de-trenque-lauquen\/","title":{"rendered":"Por unanimidad el Concejo Deliberante aprob\u00f3 licitaciones para el Hospital de Trenque Lauquen"},"content":{"rendered":"\n<p>El Concejo Deliberante de Trenque Lauquen sancion\u00f3 en car\u00e1cter de urgencia y de manera un\u00e1nime dos licitaciones para que el Departamento Ejecutivo pueda adquirir en lo inmediato, y a valores m\u00e1s convenientes, equipamiento para el Hospital Municipal.<\/p>\n\n\n\n<p>Fue en el marco de la 3ra. y 4ta. Sesi\u00f3n Extraordinaria del a\u00f1o, ambas solicitadas por el propio Ejecutivo Municipal, a fin de convalidar dos licitaciones p\u00fablicas para las cuales se presentaron dos empresas oferentes para cada una de ellas. La firma Rayos y Dinan S.A. proveer\u00e1 un \u201cArco en C\u201d mientras que la empresa Intec S.R.L. proveer\u00e1 un transductor marca General Electric, equipamiento que tendr\u00e1 como destino el Hospital Municipal \u201cPedro T. Orellana\u201d.<\/p>\n\n\n\n<figure class=\"wp-block-gallery has-nested-images columns-default is-cropped wp-block-gallery-1 is-layout-flex wp-block-gallery-is-layout-flex\">\n<figure class=\"wp-block-image size-large\"><img loading=\"lazy\" decoding=\"async\" width=\"1166\" height=\"875\" data-id=\"116415\" src=\"https:\/\/infoecos.com.ar\/wp-content\/uploads\/2023\/12\/concejodelibeante8.jpg\" alt=\"\" class=\"wp-image-116415\" srcset=\"https:\/\/infoecos.com.ar\/wp-content\/uploads\/2023\/12\/concejodelibeante8.jpg 1166w, https:\/\/infoecos.com.ar\/wp-content\/uploads\/2023\/12\/concejodelibeante8-800x600.jpg 800w, https:\/\/infoecos.com.ar\/wp-content\/uploads\/2023\/12\/concejodelibeante8-768x576.jpg 768w, https:\/\/infoecos.com.ar\/wp-content\/uploads\/2023\/12\/concejodelibeante8-1024x768.jpg 1024w\" sizes=\"(max-width: 1166px) 100vw, 1166px\" \/><figcaption class=\"wp-element-caption\">Concejo Deliberante G\u00f3mez <\/figcaption><\/figure>\n\n\n\n<figure class=\"wp-block-image size-large\"><img loading=\"lazy\" decoding=\"async\" width=\"1166\" height=\"875\" data-id=\"116410\" src=\"https:\/\/infoecos.com.ar\/wp-content\/uploads\/2023\/12\/concejodeliberan1.jpg\" alt=\"\" class=\"wp-image-116410\" srcset=\"https:\/\/infoecos.com.ar\/wp-content\/uploads\/2023\/12\/concejodeliberan1.jpg 1166w, https:\/\/infoecos.com.ar\/wp-content\/uploads\/2023\/12\/concejodeliberan1-800x600.jpg 800w, https:\/\/infoecos.com.ar\/wp-content\/uploads\/2023\/12\/concejodeliberan1-768x576.jpg 768w, https:\/\/infoecos.com.ar\/wp-content\/uploads\/2023\/12\/concejodeliberan1-1024x768.jpg 1024w\" sizes=\"(max-width: 1166px) 100vw, 1166px\" \/><figcaption class=\"wp-element-caption\">Concejo Deliberante Monz\u00f3 y Vidal<\/figcaption><\/figure>\n\n\n\n<figure class=\"wp-block-image size-large\"><img loading=\"lazy\" decoding=\"async\" width=\"1166\" height=\"875\" data-id=\"116414\" src=\"https:\/\/infoecos.com.ar\/wp-content\/uploads\/2023\/12\/concejodeliberante2.jpg\" alt=\"\" class=\"wp-image-116414\" srcset=\"https:\/\/infoecos.com.ar\/wp-content\/uploads\/2023\/12\/concejodeliberante2.jpg 1166w, https:\/\/infoecos.com.ar\/wp-content\/uploads\/2023\/12\/concejodeliberante2-800x600.jpg 800w, https:\/\/infoecos.com.ar\/wp-content\/uploads\/2023\/12\/concejodeliberante2-768x576.jpg 768w, https:\/\/infoecos.com.ar\/wp-content\/uploads\/2023\/12\/concejodeliberante2-1024x768.jpg 1024w\" sizes=\"(max-width: 1166px) 100vw, 1166px\" \/><figcaption class=\"wp-element-caption\">Concejo Deliberante panor\u00e1mica <\/figcaption><\/figure>\n\n\n\n<figure class=\"wp-block-image size-large\"><img loading=\"lazy\" decoding=\"async\" width=\"1166\" height=\"875\" data-id=\"116416\" src=\"https:\/\/infoecos.com.ar\/wp-content\/uploads\/2023\/12\/concejodeliberante3.jpg\" alt=\"\" class=\"wp-image-116416\" srcset=\"https:\/\/infoecos.com.ar\/wp-content\/uploads\/2023\/12\/concejodeliberante3.jpg 1166w, https:\/\/infoecos.com.ar\/wp-content\/uploads\/2023\/12\/concejodeliberante3-800x600.jpg 800w, https:\/\/infoecos.com.ar\/wp-content\/uploads\/2023\/12\/concejodeliberante3-768x576.jpg 768w, https:\/\/infoecos.com.ar\/wp-content\/uploads\/2023\/12\/concejodeliberante3-1024x768.jpg 1024w\" sizes=\"(max-width: 1166px) 100vw, 1166px\" \/><figcaption class=\"wp-element-caption\">Concejo Deliberante Bories y Ferreira <\/figcaption><\/figure>\n\n\n\n<figure class=\"wp-block-image size-large\"><img loading=\"lazy\" decoding=\"async\" width=\"1166\" height=\"875\" data-id=\"116411\" src=\"https:\/\/infoecos.com.ar\/wp-content\/uploads\/2023\/12\/concejodeliberante4.jpg\" alt=\"\" class=\"wp-image-116411\" srcset=\"https:\/\/infoecos.com.ar\/wp-content\/uploads\/2023\/12\/concejodeliberante4.jpg 1166w, https:\/\/infoecos.com.ar\/wp-content\/uploads\/2023\/12\/concejodeliberante4-800x600.jpg 800w, https:\/\/infoecos.com.ar\/wp-content\/uploads\/2023\/12\/concejodeliberante4-768x576.jpg 768w, https:\/\/infoecos.com.ar\/wp-content\/uploads\/2023\/12\/concejodeliberante4-1024x768.jpg 1024w\" sizes=\"(max-width: 1166px) 100vw, 1166px\" \/><figcaption class=\"wp-element-caption\">Concejo Deliberante Marta Bathis <\/figcaption><\/figure>\n\n\n\n<figure class=\"wp-block-image size-large\"><img loading=\"lazy\" decoding=\"async\" width=\"1166\" height=\"875\" data-id=\"116412\" src=\"https:\/\/infoecos.com.ar\/wp-content\/uploads\/2023\/12\/concejodeliberante5.jpg\" alt=\"\" class=\"wp-image-116412\" srcset=\"https:\/\/infoecos.com.ar\/wp-content\/uploads\/2023\/12\/concejodeliberante5.jpg 1166w, https:\/\/infoecos.com.ar\/wp-content\/uploads\/2023\/12\/concejodeliberante5-800x600.jpg 800w, https:\/\/infoecos.com.ar\/wp-content\/uploads\/2023\/12\/concejodeliberante5-768x576.jpg 768w, https:\/\/infoecos.com.ar\/wp-content\/uploads\/2023\/12\/concejodeliberante5-1024x768.jpg 1024w\" sizes=\"(max-width: 1166px) 100vw, 1166px\" \/><figcaption class=\"wp-element-caption\">Concejo Deliberante Fern\u00e1ndez y Amador <\/figcaption><\/figure>\n\n\n\n<figure class=\"wp-block-image size-large\"><img loading=\"lazy\" decoding=\"async\" width=\"1166\" height=\"875\" data-id=\"116417\" src=\"https:\/\/infoecos.com.ar\/wp-content\/uploads\/2023\/12\/concejodeliberante6.jpg\" alt=\"\" class=\"wp-image-116417\" srcset=\"https:\/\/infoecos.com.ar\/wp-content\/uploads\/2023\/12\/concejodeliberante6.jpg 1166w, https:\/\/infoecos.com.ar\/wp-content\/uploads\/2023\/12\/concejodeliberante6-800x600.jpg 800w, https:\/\/infoecos.com.ar\/wp-content\/uploads\/2023\/12\/concejodeliberante6-768x576.jpg 768w, https:\/\/infoecos.com.ar\/wp-content\/uploads\/2023\/12\/concejodeliberante6-1024x768.jpg 1024w\" sizes=\"(max-width: 1166px) 100vw, 1166px\" \/><figcaption class=\"wp-element-caption\">Concejo Deliberante Badino <\/figcaption><\/figure>\n\n\n\n<figure class=\"wp-block-image size-large\"><img loading=\"lazy\" decoding=\"async\" width=\"1166\" height=\"875\" data-id=\"116418\" src=\"https:\/\/infoecos.com.ar\/wp-content\/uploads\/2023\/12\/concejodeliberante7.jpg\" alt=\"\" class=\"wp-image-116418\" srcset=\"https:\/\/infoecos.com.ar\/wp-content\/uploads\/2023\/12\/concejodeliberante7.jpg 1166w, https:\/\/infoecos.com.ar\/wp-content\/uploads\/2023\/12\/concejodeliberante7-800x600.jpg 800w, https:\/\/infoecos.com.ar\/wp-content\/uploads\/2023\/12\/concejodeliberante7-768x576.jpg 768w, https:\/\/infoecos.com.ar\/wp-content\/uploads\/2023\/12\/concejodeliberante7-1024x768.jpg 1024w\" sizes=\"(max-width: 1166px) 100vw, 1166px\" \/><figcaption class=\"wp-element-caption\">Concejo Deliberante Monz\u00f3 <\/figcaption><\/figure>\n\n\n\n<figure class=\"wp-block-image size-large\"><img loading=\"lazy\" decoding=\"async\" width=\"1166\" height=\"875\" data-id=\"116413\" src=\"https:\/\/infoecos.com.ar\/wp-content\/uploads\/2023\/12\/concejodeliberante8.jpg\" alt=\"\" class=\"wp-image-116413\" srcset=\"https:\/\/infoecos.com.ar\/wp-content\/uploads\/2023\/12\/concejodeliberante8.jpg 1166w, https:\/\/infoecos.com.ar\/wp-content\/uploads\/2023\/12\/concejodeliberante8-800x600.jpg 800w, https:\/\/infoecos.com.ar\/wp-content\/uploads\/2023\/12\/concejodeliberante8-768x576.jpg 768w, https:\/\/infoecos.com.ar\/wp-content\/uploads\/2023\/12\/concejodeliberante8-1024x768.jpg 1024w\" sizes=\"(max-width: 1166px) 100vw, 1166px\" \/><figcaption class=\"wp-element-caption\">Concejo Deliberante panor\u00e1mica <\/figcaption><\/figure>\n<\/figure>\n","protected":false},"excerpt":{"rendered":"<p>Se presentaron dos empresas oferentes para cada una de ellas<\/p>\n","protected":false},"author":2,"featured_media":116413,"comment_status":"closed","ping_status":"open","sticky":false,"template":"","format":"standard","meta":{"footnotes":""},"categories":[1613],"tags":[9728],"class_list":["post-116409","post","type-post","status-publish","format-standard","has-post-thumbnail","hentry","category-noticia-secundaria","tag-sesiones-extraordinarias"],"yoast_head":"<!-- This site is optimized with the Yoast SEO plugin v23.4 - https:\/\/yoast.com\/wordpress\/plugins\/seo\/ -->\n<title>Por unanimidad el Concejo Deliberante aprob\u00f3 licitaciones para el Hospital de Trenque Lauquen - Infoecos<\/title>\n<meta name=\"robots\" content=\"index, follow, max-snippet:-1, max-image-preview:large, max-video-preview:-1\" \/>\n<link rel=\"canonical\" href=\"https:\/\/infoecos.com.ar\/index.php\/por-unanimidad-el-concejo-deliberante-aprobo-licitaciones-para-el-hospital-de-trenque-lauquen\/\" \/>\n<meta property=\"og:locale\" content=\"es_ES\" \/>\n<meta property=\"og:type\" content=\"article\" \/>\n<meta property=\"og:title\" content=\"Por unanimidad el Concejo Deliberante aprob\u00f3 licitaciones para el Hospital de Trenque Lauquen - Infoecos\" \/>\n<meta property=\"og:description\" content=\"Se presentaron dos empresas oferentes para cada una de ellas\" \/>\n<meta property=\"og:url\" content=\"https:\/\/infoecos.com.ar\/index.php\/por-unanimidad-el-concejo-deliberante-aprobo-licitaciones-para-el-hospital-de-trenque-lauquen\/\" \/>\n<meta property=\"og:site_name\" content=\"Infoecos\" \/>\n<meta property=\"article:publisher\" content=\"https:\/\/www.facebook.com\/profile.php?id=100063200290284\" \/>\n<meta property=\"article:published_time\" content=\"2023-12-16T14:59:59+00:00\" \/>\n<meta property=\"article:modified_time\" content=\"2023-12-16T22:51:58+00:00\" \/>\n<meta property=\"og:image\" content=\"https:\/\/infoecos.com.ar\/wp-content\/uploads\/2023\/12\/concejodeliberante8.jpg\" \/>\n\t<meta property=\"og:image:width\" content=\"1166\" \/>\n\t<meta property=\"og:image:height\" content=\"875\" \/>\n\t<meta property=\"og:image:type\" content=\"image\/jpeg\" \/>\n<meta name=\"author\" content=\"Jorge Matheus\" \/>\n<meta name=\"twitter:card\" content=\"summary_large_image\" \/>\n<meta name=\"twitter:creator\" content=\"@infoecos\" \/>\n<meta name=\"twitter:site\" content=\"@infoecos\" \/>\n<meta name=\"twitter:label1\" content=\"Escrito por\" \/>\n\t<meta name=\"twitter:data1\" content=\"Jorge Matheus\" \/>\n\t<meta name=\"twitter:label2\" content=\"Tiempo de lectura\" \/>\n\t<meta name=\"twitter:data2\" content=\"3 minutos\" \/>\n<script type=\"application\/ld+json\" class=\"yoast-schema-graph\">{\"@context\":\"https:\/\/schema.org\",\"@graph\":[{\"@type\":\"Article\",\"@id\":\"https:\/\/infoecos.com.ar\/index.php\/por-unanimidad-el-concejo-deliberante-aprobo-licitaciones-para-el-hospital-de-trenque-lauquen\/#article\",\"isPartOf\":{\"@id\":\"https:\/\/infoecos.com.ar\/index.php\/por-unanimidad-el-concejo-deliberante-aprobo-licitaciones-para-el-hospital-de-trenque-lauquen\/\"},\"author\":{\"name\":\"Jorge Matheus\",\"@id\":\"https:\/\/infoecos.com.ar\/#\/schema\/person\/8f5ace5ce73b4b4aac4b7245aee6f191\"},\"headline\":\"Por unanimidad el Concejo Deliberante aprob\u00f3 licitaciones para el Hospital de Trenque Lauquen\",\"datePublished\":\"2023-12-16T14:59:59+00:00\",\"dateModified\":\"2023-12-16T22:51:58+00:00\",\"mainEntityOfPage\":{\"@id\":\"https:\/\/infoecos.com.ar\/index.php\/por-unanimidad-el-concejo-deliberante-aprobo-licitaciones-para-el-hospital-de-trenque-lauquen\/\"},\"wordCount\":171,\"publisher\":{\"@id\":\"https:\/\/infoecos.com.ar\/#organization\"},\"image\":{\"@id\":\"https:\/\/infoecos.com.ar\/index.php\/por-unanimidad-el-concejo-deliberante-aprobo-licitaciones-para-el-hospital-de-trenque-lauquen\/#primaryimage\"},\"thumbnailUrl\":\"https:\/\/infoecos.com.ar\/wp-content\/uploads\/2023\/12\/concejodeliberante8.jpg\",\"keywords\":[\"sesiones extraordinarias\"],\"articleSection\":[\"Noticia Secundaria\"],\"inLanguage\":\"es\"},{\"@type\":\"WebPage\",\"@id\":\"https:\/\/infoecos.com.ar\/index.php\/por-unanimidad-el-concejo-deliberante-aprobo-licitaciones-para-el-hospital-de-trenque-lauquen\/\",\"url\":\"https:\/\/infoecos.com.ar\/index.php\/por-unanimidad-el-concejo-deliberante-aprobo-licitaciones-para-el-hospital-de-trenque-lauquen\/\",\"name\":\"Por unanimidad el Concejo Deliberante aprob\u00f3 licitaciones para el Hospital de Trenque Lauquen - Infoecos\",\"isPartOf\":{\"@id\":\"https:\/\/infoecos.com.ar\/#website\"},\"primaryImageOfPage\":{\"@id\":\"https:\/\/infoecos.com.ar\/index.php\/por-unanimidad-el-concejo-deliberante-aprobo-licitaciones-para-el-hospital-de-trenque-lauquen\/#primaryimage\"},\"image\":{\"@id\":\"https:\/\/infoecos.com.ar\/index.php\/por-unanimidad-el-concejo-deliberante-aprobo-licitaciones-para-el-hospital-de-trenque-lauquen\/#primaryimage\"},\"thumbnailUrl\":\"https:\/\/infoecos.com.ar\/wp-content\/uploads\/2023\/12\/concejodeliberante8.jpg\",\"datePublished\":\"2023-12-16T14:59:59+00:00\",\"dateModified\":\"2023-12-16T22:51:58+00:00\",\"breadcrumb\":{\"@id\":\"https:\/\/infoecos.com.ar\/index.php\/por-unanimidad-el-concejo-deliberante-aprobo-licitaciones-para-el-hospital-de-trenque-lauquen\/#breadcrumb\"},\"inLanguage\":\"es\",\"potentialAction\":[{\"@type\":\"ReadAction\",\"target\":[\"https:\/\/infoecos.com.ar\/index.php\/por-unanimidad-el-concejo-deliberante-aprobo-licitaciones-para-el-hospital-de-trenque-lauquen\/\"]}]},{\"@type\":\"ImageObject\",\"inLanguage\":\"es\",\"@id\":\"https:\/\/infoecos.com.ar\/index.php\/por-unanimidad-el-concejo-deliberante-aprobo-licitaciones-para-el-hospital-de-trenque-lauquen\/#primaryimage\",\"url\":\"https:\/\/infoecos.com.ar\/wp-content\/uploads\/2023\/12\/concejodeliberante8.jpg\",\"contentUrl\":\"https:\/\/infoecos.com.ar\/wp-content\/uploads\/2023\/12\/concejodeliberante8.jpg\",\"width\":1166,\"height\":875},{\"@type\":\"BreadcrumbList\",\"@id\":\"https:\/\/infoecos.com.ar\/index.php\/por-unanimidad-el-concejo-deliberante-aprobo-licitaciones-para-el-hospital-de-trenque-lauquen\/#breadcrumb\",\"itemListElement\":[{\"@type\":\"ListItem\",\"position\":1,\"name\":\"Portada\",\"item\":\"https:\/\/infoecos.com.ar\/\"},{\"@type\":\"ListItem\",\"position\":2,\"name\":\"Por unanimidad el Concejo Deliberante aprob\u00f3 licitaciones para el Hospital de Trenque Lauquen\"}]},{\"@type\":\"WebSite\",\"@id\":\"https:\/\/infoecos.com.ar\/#website\",\"url\":\"https:\/\/infoecos.com.ar\/\",\"name\":\"Infoecos\",\"description\":\"Noticias de trenque lauquen y la zona\",\"publisher\":{\"@id\":\"https:\/\/infoecos.com.ar\/#organization\"},\"alternateName\":\"Noticias\",\"potentialAction\":[{\"@type\":\"SearchAction\",\"target\":{\"@type\":\"EntryPoint\",\"urlTemplate\":\"https:\/\/infoecos.com.ar\/?s={search_term_string}\"},\"query-input\":{\"@type\":\"PropertyValueSpecification\",\"valueRequired\":true,\"valueName\":\"search_term_string\"}}],\"inLanguage\":\"es\"},{\"@type\":\"Organization\",\"@id\":\"https:\/\/infoecos.com.ar\/#organization\",\"name\":\"Infoecos\",\"alternateName\":\"Noticias\",\"url\":\"https:\/\/infoecos.com.ar\/\",\"logo\":{\"@type\":\"ImageObject\",\"inLanguage\":\"es\",\"@id\":\"https:\/\/infoecos.com.ar\/#\/schema\/logo\/image\/\",\"url\":\"https:\/\/infoecos.com.ar\/wp-content\/uploads\/2024\/03\/cropped-logo.png\",\"contentUrl\":\"https:\/\/infoecos.com.ar\/wp-content\/uploads\/2024\/03\/cropped-logo.png\",\"width\":374,\"height\":90,\"caption\":\"Infoecos\"},\"image\":{\"@id\":\"https:\/\/infoecos.com.ar\/#\/schema\/logo\/image\/\"},\"sameAs\":[\"https:\/\/www.facebook.com\/profile.php?id=100063200290284\",\"https:\/\/x.com\/infoecos\"]},{\"@type\":\"Person\",\"@id\":\"https:\/\/infoecos.com.ar\/#\/schema\/person\/8f5ace5ce73b4b4aac4b7245aee6f191\",\"name\":\"Jorge Matheus\",\"url\":\"https:\/\/infoecos.com.ar\/index.php\/author\/jomatheus\/\"}]}<\/script>\n<!-- \/ Yoast SEO plugin. -->","yoast_head_json":{"title":"Por unanimidad el Concejo Deliberante aprob\u00f3 licitaciones para el Hospital de Trenque Lauquen - Infoecos","robots":{"index":"index","follow":"follow","max-snippet":"max-snippet:-1","max-image-preview":"max-image-preview:large","max-video-preview":"max-video-preview:-1"},"canonical":"https:\/\/infoecos.com.ar\/index.php\/por-unanimidad-el-concejo-deliberante-aprobo-licitaciones-para-el-hospital-de-trenque-lauquen\/","og_locale":"es_ES","og_type":"article","og_title":"Por unanimidad el Concejo Deliberante aprob\u00f3 licitaciones para el Hospital de Trenque Lauquen - Infoecos","og_description":"Se presentaron dos empresas oferentes para cada una de ellas","og_url":"https:\/\/infoecos.com.ar\/index.php\/por-unanimidad-el-concejo-deliberante-aprobo-licitaciones-para-el-hospital-de-trenque-lauquen\/","og_site_name":"Infoecos","article_publisher":"https:\/\/www.facebook.com\/profile.php?id=100063200290284","article_published_time":"2023-12-16T14:59:59+00:00","article_modified_time":"2023-12-16T22:51:58+00:00","og_image":[{"width":1166,"height":875,"url":"https:\/\/infoecos.com.ar\/wp-content\/uploads\/2023\/12\/concejodeliberante8.jpg","type":"image\/jpeg"}],"author":"Jorge Matheus","twitter_card":"summary_large_image","twitter_creator":"@infoecos","twitter_site":"@infoecos","twitter_misc":{"Escrito por":"Jorge Matheus","Tiempo de lectura":"3 minutos"},"schema":{"@context":"https:\/\/schema.org","@graph":[{"@type":"Article","@id":"https:\/\/infoecos.com.ar\/index.php\/por-unanimidad-el-concejo-deliberante-aprobo-licitaciones-para-el-hospital-de-trenque-lauquen\/#article","isPartOf":{"@id":"https:\/\/infoecos.com.ar\/index.php\/por-unanimidad-el-concejo-deliberante-aprobo-licitaciones-para-el-hospital-de-trenque-lauquen\/"},"author":{"name":"Jorge Matheus","@id":"https:\/\/infoecos.com.ar\/#\/schema\/person\/8f5ace5ce73b4b4aac4b7245aee6f191"},"headline":"Por unanimidad el Concejo Deliberante aprob\u00f3 licitaciones para el Hospital de Trenque Lauquen","datePublished":"2023-12-16T14:59:59+00:00","dateModified":"2023-12-16T22:51:58+00:00","mainEntityOfPage":{"@id":"https:\/\/infoecos.com.ar\/index.php\/por-unanimidad-el-concejo-deliberante-aprobo-licitaciones-para-el-hospital-de-trenque-lauquen\/"},"wordCount":171,"publisher":{"@id":"https:\/\/infoecos.com.ar\/#organization"},"image":{"@id":"https:\/\/infoecos.com.ar\/index.php\/por-unanimidad-el-concejo-deliberante-aprobo-licitaciones-para-el-hospital-de-trenque-lauquen\/#primaryimage"},"thumbnailUrl":"https:\/\/infoecos.com.ar\/wp-content\/uploads\/2023\/12\/concejodeliberante8.jpg","keywords":["sesiones extraordinarias"],"articleSection":["Noticia Secundaria"],"inLanguage":"es"},{"@type":"WebPage","@id":"https:\/\/infoecos.com.ar\/index.php\/por-unanimidad-el-concejo-deliberante-aprobo-licitaciones-para-el-hospital-de-trenque-lauquen\/","url":"https:\/\/infoecos.com.ar\/index.php\/por-unanimidad-el-concejo-deliberante-aprobo-licitaciones-para-el-hospital-de-trenque-lauquen\/","name":"Por unanimidad el Concejo Deliberante aprob\u00f3 licitaciones para el Hospital de Trenque Lauquen - Infoecos","isPartOf":{"@id":"https:\/\/infoecos.com.ar\/#website"},"primaryImageOfPage":{"@id":"https:\/\/infoecos.com.ar\/index.php\/por-unanimidad-el-concejo-deliberante-aprobo-licitaciones-para-el-hospital-de-trenque-lauquen\/#primaryimage"},"image":{"@id":"https:\/\/infoecos.com.ar\/index.php\/por-unanimidad-el-concejo-deliberante-aprobo-licitaciones-para-el-hospital-de-trenque-lauquen\/#primaryimage"},"thumbnailUrl":"https:\/\/infoecos.com.ar\/wp-content\/uploads\/2023\/12\/concejodeliberante8.jpg","datePublished":"2023-12-16T14:59:59+00:00","dateModified":"2023-12-16T22:51:58+00:00","breadcrumb":{"@id":"https:\/\/infoecos.com.ar\/index.php\/por-unanimidad-el-concejo-deliberante-aprobo-licitaciones-para-el-hospital-de-trenque-lauquen\/#breadcrumb"},"inLanguage":"es","potentialAction":[{"@type":"ReadAction","target":["https:\/\/infoecos.com.ar\/index.php\/por-unanimidad-el-concejo-deliberante-aprobo-licitaciones-para-el-hospital-de-trenque-lauquen\/"]}]},{"@type":"ImageObject","inLanguage":"es","@id":"https:\/\/infoecos.com.ar\/index.php\/por-unanimidad-el-concejo-deliberante-aprobo-licitaciones-para-el-hospital-de-trenque-lauquen\/#primaryimage","url":"https:\/\/infoecos.com.ar\/wp-content\/uploads\/2023\/12\/concejodeliberante8.jpg","contentUrl":"https:\/\/infoecos.com.ar\/wp-content\/uploads\/2023\/12\/concejodeliberante8.jpg","width":1166,"height":875},{"@type":"BreadcrumbList","@id":"https:\/\/infoecos.com.ar\/index.php\/por-unanimidad-el-concejo-deliberante-aprobo-licitaciones-para-el-hospital-de-trenque-lauquen\/#breadcrumb","itemListElement":[{"@type":"ListItem","position":1,"name":"Portada","item":"https:\/\/infoecos.com.ar\/"},{"@type":"ListItem","position":2,"name":"Por unanimidad el Concejo Deliberante aprob\u00f3 licitaciones para el Hospital de Trenque Lauquen"}]},{"@type":"WebSite","@id":"https:\/\/infoecos.com.ar\/#website","url":"https:\/\/infoecos.com.ar\/","name":"Infoecos","description":"Noticias de trenque lauquen y la zona","publisher":{"@id":"https:\/\/infoecos.com.ar\/#organization"},"alternateName":"Noticias","potentialAction":[{"@type":"SearchAction","target":{"@type":"EntryPoint","urlTemplate":"https:\/\/infoecos.com.ar\/?s={search_term_string}"},"query-input":{"@type":"PropertyValueSpecification","valueRequired":true,"valueName":"search_term_string"}}],"inLanguage":"es"},{"@type":"Organization","@id":"https:\/\/infoecos.com.ar\/#organization","name":"Infoecos","alternateName":"Noticias","url":"https:\/\/infoecos.com.ar\/","logo":{"@type":"ImageObject","inLanguage":"es","@id":"https:\/\/infoecos.com.ar\/#\/schema\/logo\/image\/","url":"https:\/\/infoecos.com.ar\/wp-content\/uploads\/2024\/03\/cropped-logo.png","contentUrl":"https:\/\/infoecos.com.ar\/wp-content\/uploads\/2024\/03\/cropped-logo.png","width":374,"height":90,"caption":"Infoecos"},"image":{"@id":"https:\/\/infoecos.com.ar\/#\/schema\/logo\/image\/"},"sameAs":["https:\/\/www.facebook.com\/profile.php?id=100063200290284","https:\/\/x.com\/infoecos"]},{"@type":"Person","@id":"https:\/\/infoecos.com.ar\/#\/schema\/person\/8f5ace5ce73b4b4aac4b7245aee6f191","name":"Jorge Matheus","url":"https:\/\/infoecos.com.ar\/index.php\/author\/jomatheus\/"}]}},"featured_image_urls":{"full":["https:\/\/infoecos.com.ar\/wp-content\/uploads\/2023\/12\/concejodeliberante8.jpg",1166,875,false],"thumbnail":["https:\/\/infoecos.com.ar\/wp-content\/uploads\/2023\/12\/concejodeliberante8-300x150.jpg",300,150,true],"medium":["https:\/\/infoecos.com.ar\/wp-content\/uploads\/2023\/12\/concejodeliberante8-800x600.jpg",800,600,true],"medium_large":["https:\/\/infoecos.com.ar\/wp-content\/uploads\/2023\/12\/concejodeliberante8-768x576.jpg",640,480,true],"large":["https:\/\/infoecos.com.ar\/wp-content\/uploads\/2023\/12\/concejodeliberante8.jpg",640,480,false],"1536x1536":["https:\/\/infoecos.com.ar\/wp-content\/uploads\/2023\/12\/concejodeliberante8.jpg",1166,875,false],"2048x2048":["https:\/\/infoecos.com.ar\/wp-content\/uploads\/2023\/12\/concejodeliberante8.jpg",1166,875,false],"covernews-slider-full":["https:\/\/infoecos.com.ar\/wp-content\/uploads\/2023\/12\/concejodeliberante8.jpg",953,715,false],"covernews-slider-center":["https:\/\/infoecos.com.ar\/wp-content\/uploads\/2023\/12\/concejodeliberante8-936x875.jpg",535,500,true],"covernews-featured":["https:\/\/infoecos.com.ar\/wp-content\/uploads\/2023\/12\/concejodeliberante8-1024x768.jpg",1024,768,true],"covernews-medium":["https:\/\/infoecos.com.ar\/wp-content\/uploads\/2023\/12\/concejodeliberante8-720x380.jpg",540,285,true],"covernews-medium-square":["https:\/\/infoecos.com.ar\/wp-content\/uploads\/2023\/12\/concejodeliberante8-675x450.jpg",375,250,true]},"author_info":{"info":["Jorge Matheus"]},"category_info":"<a href=\"https:\/\/infoecos.com.ar\/index.php\/category\/noticia-secundaria\/\" rel=\"category tag\">Noticia Secundaria<\/a>","tag_info":"Noticia Secundaria","comment_count":"0","_links":{"self":[{"href":"https:\/\/infoecos.com.ar\/index.php\/wp-json\/wp\/v2\/posts\/116409"}],"collection":[{"href":"https:\/\/infoecos.com.ar\/index.php\/wp-json\/wp\/v2\/posts"}],"about":[{"href":"https:\/\/infoecos.com.ar\/index.php\/wp-json\/wp\/v2\/types\/post"}],"author":[{"embeddable":true,"href":"https:\/\/infoecos.com.ar\/index.php\/wp-json\/wp\/v2\/users\/2"}],"replies":[{"embeddable":true,"href":"https:\/\/infoecos.com.ar\/index.php\/wp-json\/wp\/v2\/comments?post=116409"}],"version-history":[{"count":1,"href":"https:\/\/infoecos.com.ar\/index.php\/wp-json\/wp\/v2\/posts\/116409\/revisions"}],"predecessor-version":[{"id":116419,"href":"https:\/\/infoecos.com.ar\/index.php\/wp-json\/wp\/v2\/posts\/116409\/revisions\/116419"}],"wp:featuredmedia":[{"embeddable":true,"href":"https:\/\/infoecos.com.ar\/index.php\/wp-json\/wp\/v2\/media\/116413"}],"wp:attachment":[{"href":"https:\/\/infoecos.com.ar\/index.php\/wp-json\/wp\/v2\/media?parent=116409"}],"wp:term":[{"taxonomy":"category","embeddable":true,"href":"https:\/\/infoecos.com.ar\/index.php\/wp-json\/wp\/v2\/categories?post=116409"},{"taxonomy":"post_tag","embeddable":true,"href":"https:\/\/infoecos.com.ar\/index.php\/wp-json\/wp\/v2\/tags?post=116409"}],"curies":[{"name":"wp","href":"https:\/\/api.w.org\/{rel}","templated":true}]}}