{"id":116420,"date":"2023-12-16T12:11:53","date_gmt":"2023-12-16T15:11:53","guid":{"rendered":"https:\/\/infoecos.com.ar\/?p=116420"},"modified":"2023-12-16T12:11:54","modified_gmt":"2023-12-16T15:11:54","slug":"rivadavia-caso-positivo-de-triquinosis-en-una-muestra-de-cerdo","status":"publish","type":"post","link":"https:\/\/infoecos.com.ar\/index.php\/rivadavia-caso-positivo-de-triquinosis-en-una-muestra-de-cerdo\/","title":{"rendered":"Rivadavia: caso positivo de triquinosis en una muestra de cerdo"},"content":{"rendered":"\n<figure class=\"wp-block-image alignright size-full is-resized\"><img loading=\"lazy\" decoding=\"async\" src=\"https:\/\/infoecos.com.ar\/wp-content\/uploads\/2023\/12\/image-93.png\" alt=\"\" class=\"wp-image-116421\" width=\"217\" height=\"290\" srcset=\"https:\/\/infoecos.com.ar\/wp-content\/uploads\/2023\/12\/image-93.png 720w, https:\/\/infoecos.com.ar\/wp-content\/uploads\/2023\/12\/image-93-598x800.png 598w\" sizes=\"(max-width: 217px) 100vw, 217px\" \/><\/figure>\n\n\n\n<p>La Jefatura de Bromatolog\u00eda de la Municipalidad de Rivadavia inform\u00f3 que se ha detectado un caso positivo de triquinosis, en una muestra de cerdo, en la ciudad de Am\u00e9rica.<\/p>\n\n\n\n<p>Las autoridades sanitarias est\u00e1n llevando a cabo una investigaci\u00f3n para determinar el origen, y tomar las medidas necesarias para prevenir la propagaci\u00f3n.<\/p>\n\n\n\n<p>Es fundamental que la poblaci\u00f3n tome precauciones al momento de consumir carne, asegur\u00e1ndose de cocinarla adecuadamente para eliminar cualquier riesgo de contaminaci\u00f3n por triquinosis.<\/p>\n\n\n\n<p>Se recuerda que las personas que producen embutidos caseros o realizan manufacturas, pueden realizar gratuitamente los an\u00e1lisis correspondientes en el Laboratorio Municipal de lunes a viernes de 6 a 14 hs.<\/p>\n","protected":false},"excerpt":{"rendered":"<p>Fuente: masternews.com.ar. Las autoridades sanitarias est\u00e1n llevando a cabo una investigaci\u00f3n para determinar el origen, y tomar las medidas necesarias para prevenir la propagaci\u00f3n<\/p>\n","protected":false},"author":2,"featured_media":47637,"comment_status":"closed","ping_status":"open","sticky":false,"template":"","format":"standard","meta":{"footnotes":""},"categories":[29],"tags":[9729],"class_list":["post-116420","post","type-post","status-publish","format-standard","has-post-thumbnail","hentry","category-c2nota1","tag-informacion-sanitaria"],"yoast_head":"<!-- This site is optimized with the Yoast SEO plugin v23.4 - https:\/\/yoast.com\/wordpress\/plugins\/seo\/ -->\n<title>Rivadavia: caso positivo de triquinosis en una muestra de cerdo - Infoecos<\/title>\n<meta name=\"robots\" content=\"index, follow, max-snippet:-1, max-image-preview:large, max-video-preview:-1\" \/>\n<link rel=\"canonical\" href=\"https:\/\/infoecos.com.ar\/index.php\/rivadavia-caso-positivo-de-triquinosis-en-una-muestra-de-cerdo\/\" \/>\n<meta property=\"og:locale\" content=\"es_ES\" \/>\n<meta property=\"og:type\" content=\"article\" \/>\n<meta property=\"og:title\" content=\"Rivadavia: caso positivo de triquinosis en una muestra de cerdo - Infoecos\" \/>\n<meta property=\"og:description\" content=\"Fuente: masternews.com.ar. Las autoridades sanitarias est\u00e1n llevando a cabo una investigaci\u00f3n para determinar el origen, y tomar las medidas necesarias para prevenir la propagaci\u00f3n\" \/>\n<meta property=\"og:url\" content=\"https:\/\/infoecos.com.ar\/index.php\/rivadavia-caso-positivo-de-triquinosis-en-una-muestra-de-cerdo\/\" \/>\n<meta property=\"og:site_name\" content=\"Infoecos\" \/>\n<meta property=\"article:publisher\" content=\"https:\/\/www.facebook.com\/profile.php?id=100063200290284\" \/>\n<meta property=\"article:published_time\" content=\"2023-12-16T15:11:53+00:00\" \/>\n<meta property=\"article:modified_time\" content=\"2023-12-16T15:11:54+00:00\" \/>\n<meta property=\"og:image\" content=\"https:\/\/infoecos.com.ar\/wp-content\/uploads\/carne-de-cerdo-porcina.jpg\" \/>\n\t<meta property=\"og:image:width\" content=\"960\" \/>\n\t<meta property=\"og:image:height\" content=\"426\" \/>\n\t<meta property=\"og:image:type\" content=\"image\/jpeg\" \/>\n<meta name=\"author\" content=\"Jorge Matheus\" \/>\n<meta name=\"twitter:card\" content=\"summary_large_image\" \/>\n<meta name=\"twitter:creator\" content=\"@infoecos\" \/>\n<meta name=\"twitter:site\" content=\"@infoecos\" \/>\n<meta name=\"twitter:label1\" content=\"Escrito por\" \/>\n\t<meta name=\"twitter:data1\" content=\"Jorge Matheus\" \/>\n\t<meta name=\"twitter:label2\" content=\"Tiempo de lectura\" \/>\n\t<meta name=\"twitter:data2\" content=\"1 minuto\" \/>\n<script type=\"application\/ld+json\" class=\"yoast-schema-graph\">{\"@context\":\"https:\/\/schema.org\",\"@graph\":[{\"@type\":\"Article\",\"@id\":\"https:\/\/infoecos.com.ar\/index.php\/rivadavia-caso-positivo-de-triquinosis-en-una-muestra-de-cerdo\/#article\",\"isPartOf\":{\"@id\":\"https:\/\/infoecos.com.ar\/index.php\/rivadavia-caso-positivo-de-triquinosis-en-una-muestra-de-cerdo\/\"},\"author\":{\"name\":\"Jorge Matheus\",\"@id\":\"https:\/\/infoecos.com.ar\/#\/schema\/person\/8f5ace5ce73b4b4aac4b7245aee6f191\"},\"headline\":\"Rivadavia: caso positivo de triquinosis en una muestra de cerdo\",\"datePublished\":\"2023-12-16T15:11:53+00:00\",\"dateModified\":\"2023-12-16T15:11:54+00:00\",\"mainEntityOfPage\":{\"@id\":\"https:\/\/infoecos.com.ar\/index.php\/rivadavia-caso-positivo-de-triquinosis-en-una-muestra-de-cerdo\/\"},\"wordCount\":123,\"publisher\":{\"@id\":\"https:\/\/infoecos.com.ar\/#organization\"},\"image\":{\"@id\":\"https:\/\/infoecos.com.ar\/index.php\/rivadavia-caso-positivo-de-triquinosis-en-una-muestra-de-cerdo\/#primaryimage\"},\"thumbnailUrl\":\"\",\"keywords\":[\"informaci\u00f3n sanitaria\"],\"articleSection\":[\"C2 nota 1\"],\"inLanguage\":\"es\"},{\"@type\":\"WebPage\",\"@id\":\"https:\/\/infoecos.com.ar\/index.php\/rivadavia-caso-positivo-de-triquinosis-en-una-muestra-de-cerdo\/\",\"url\":\"https:\/\/infoecos.com.ar\/index.php\/rivadavia-caso-positivo-de-triquinosis-en-una-muestra-de-cerdo\/\",\"name\":\"Rivadavia: caso positivo de triquinosis en una muestra de cerdo - Infoecos\",\"isPartOf\":{\"@id\":\"https:\/\/infoecos.com.ar\/#website\"},\"primaryImageOfPage\":{\"@id\":\"https:\/\/infoecos.com.ar\/index.php\/rivadavia-caso-positivo-de-triquinosis-en-una-muestra-de-cerdo\/#primaryimage\"},\"image\":{\"@id\":\"https:\/\/infoecos.com.ar\/index.php\/rivadavia-caso-positivo-de-triquinosis-en-una-muestra-de-cerdo\/#primaryimage\"},\"thumbnailUrl\":\"\",\"datePublished\":\"2023-12-16T15:11:53+00:00\",\"dateModified\":\"2023-12-16T15:11:54+00:00\",\"breadcrumb\":{\"@id\":\"https:\/\/infoecos.com.ar\/index.php\/rivadavia-caso-positivo-de-triquinosis-en-una-muestra-de-cerdo\/#breadcrumb\"},\"inLanguage\":\"es\",\"potentialAction\":[{\"@type\":\"ReadAction\",\"target\":[\"https:\/\/infoecos.com.ar\/index.php\/rivadavia-caso-positivo-de-triquinosis-en-una-muestra-de-cerdo\/\"]}]},{\"@type\":\"ImageObject\",\"inLanguage\":\"es\",\"@id\":\"https:\/\/infoecos.com.ar\/index.php\/rivadavia-caso-positivo-de-triquinosis-en-una-muestra-de-cerdo\/#primaryimage\",\"url\":\"\",\"contentUrl\":\"\"},{\"@type\":\"BreadcrumbList\",\"@id\":\"https:\/\/infoecos.com.ar\/index.php\/rivadavia-caso-positivo-de-triquinosis-en-una-muestra-de-cerdo\/#breadcrumb\",\"itemListElement\":[{\"@type\":\"ListItem\",\"position\":1,\"name\":\"Portada\",\"item\":\"https:\/\/infoecos.com.ar\/\"},{\"@type\":\"ListItem\",\"position\":2,\"name\":\"Rivadavia: caso positivo de triquinosis en una muestra de cerdo\"}]},{\"@type\":\"WebSite\",\"@id\":\"https:\/\/infoecos.com.ar\/#website\",\"url\":\"https:\/\/infoecos.com.ar\/\",\"name\":\"Infoecos\",\"description\":\"Noticias de trenque lauquen y la zona\",\"publisher\":{\"@id\":\"https:\/\/infoecos.com.ar\/#organization\"},\"alternateName\":\"Noticias\",\"potentialAction\":[{\"@type\":\"SearchAction\",\"target\":{\"@type\":\"EntryPoint\",\"urlTemplate\":\"https:\/\/infoecos.com.ar\/?s={search_term_string}\"},\"query-input\":{\"@type\":\"PropertyValueSpecification\",\"valueRequired\":true,\"valueName\":\"search_term_string\"}}],\"inLanguage\":\"es\"},{\"@type\":\"Organization\",\"@id\":\"https:\/\/infoecos.com.ar\/#organization\",\"name\":\"Infoecos\",\"alternateName\":\"Noticias\",\"url\":\"https:\/\/infoecos.com.ar\/\",\"logo\":{\"@type\":\"ImageObject\",\"inLanguage\":\"es\",\"@id\":\"https:\/\/infoecos.com.ar\/#\/schema\/logo\/image\/\",\"url\":\"https:\/\/infoecos.com.ar\/wp-content\/uploads\/2024\/03\/cropped-logo.png\",\"contentUrl\":\"https:\/\/infoecos.com.ar\/wp-content\/uploads\/2024\/03\/cropped-logo.png\",\"width\":374,\"height\":90,\"caption\":\"Infoecos\"},\"image\":{\"@id\":\"https:\/\/infoecos.com.ar\/#\/schema\/logo\/image\/\"},\"sameAs\":[\"https:\/\/www.facebook.com\/profile.php?id=100063200290284\",\"https:\/\/x.com\/infoecos\"]},{\"@type\":\"Person\",\"@id\":\"https:\/\/infoecos.com.ar\/#\/schema\/person\/8f5ace5ce73b4b4aac4b7245aee6f191\",\"name\":\"Jorge Matheus\",\"url\":\"https:\/\/infoecos.com.ar\/index.php\/author\/jomatheus\/\"}]}<\/script>\n<!-- \/ Yoast SEO plugin. -->","yoast_head_json":{"title":"Rivadavia: caso positivo de triquinosis en una muestra de cerdo - Infoecos","robots":{"index":"index","follow":"follow","max-snippet":"max-snippet:-1","max-image-preview":"max-image-preview:large","max-video-preview":"max-video-preview:-1"},"canonical":"https:\/\/infoecos.com.ar\/index.php\/rivadavia-caso-positivo-de-triquinosis-en-una-muestra-de-cerdo\/","og_locale":"es_ES","og_type":"article","og_title":"Rivadavia: caso positivo de triquinosis en una muestra de cerdo - Infoecos","og_description":"Fuente: masternews.com.ar. Las autoridades sanitarias est\u00e1n llevando a cabo una investigaci\u00f3n para determinar el origen, y tomar las medidas necesarias para prevenir la propagaci\u00f3n","og_url":"https:\/\/infoecos.com.ar\/index.php\/rivadavia-caso-positivo-de-triquinosis-en-una-muestra-de-cerdo\/","og_site_name":"Infoecos","article_publisher":"https:\/\/www.facebook.com\/profile.php?id=100063200290284","article_published_time":"2023-12-16T15:11:53+00:00","article_modified_time":"2023-12-16T15:11:54+00:00","og_image":[{"width":960,"height":426,"url":"https:\/\/infoecos.com.ar\/wp-content\/uploads\/carne-de-cerdo-porcina.jpg","type":"image\/jpeg"}],"author":"Jorge Matheus","twitter_card":"summary_large_image","twitter_creator":"@infoecos","twitter_site":"@infoecos","twitter_misc":{"Escrito por":"Jorge Matheus","Tiempo de lectura":"1 minuto"},"schema":{"@context":"https:\/\/schema.org","@graph":[{"@type":"Article","@id":"https:\/\/infoecos.com.ar\/index.php\/rivadavia-caso-positivo-de-triquinosis-en-una-muestra-de-cerdo\/#article","isPartOf":{"@id":"https:\/\/infoecos.com.ar\/index.php\/rivadavia-caso-positivo-de-triquinosis-en-una-muestra-de-cerdo\/"},"author":{"name":"Jorge Matheus","@id":"https:\/\/infoecos.com.ar\/#\/schema\/person\/8f5ace5ce73b4b4aac4b7245aee6f191"},"headline":"Rivadavia: caso positivo de triquinosis en una muestra de cerdo","datePublished":"2023-12-16T15:11:53+00:00","dateModified":"2023-12-16T15:11:54+00:00","mainEntityOfPage":{"@id":"https:\/\/infoecos.com.ar\/index.php\/rivadavia-caso-positivo-de-triquinosis-en-una-muestra-de-cerdo\/"},"wordCount":123,"publisher":{"@id":"https:\/\/infoecos.com.ar\/#organization"},"image":{"@id":"https:\/\/infoecos.com.ar\/index.php\/rivadavia-caso-positivo-de-triquinosis-en-una-muestra-de-cerdo\/#primaryimage"},"thumbnailUrl":"","keywords":["informaci\u00f3n sanitaria"],"articleSection":["C2 nota 1"],"inLanguage":"es"},{"@type":"WebPage","@id":"https:\/\/infoecos.com.ar\/index.php\/rivadavia-caso-positivo-de-triquinosis-en-una-muestra-de-cerdo\/","url":"https:\/\/infoecos.com.ar\/index.php\/rivadavia-caso-positivo-de-triquinosis-en-una-muestra-de-cerdo\/","name":"Rivadavia: caso positivo de triquinosis en una muestra de cerdo - Infoecos","isPartOf":{"@id":"https:\/\/infoecos.com.ar\/#website"},"primaryImageOfPage":{"@id":"https:\/\/infoecos.com.ar\/index.php\/rivadavia-caso-positivo-de-triquinosis-en-una-muestra-de-cerdo\/#primaryimage"},"image":{"@id":"https:\/\/infoecos.com.ar\/index.php\/rivadavia-caso-positivo-de-triquinosis-en-una-muestra-de-cerdo\/#primaryimage"},"thumbnailUrl":"","datePublished":"2023-12-16T15:11:53+00:00","dateModified":"2023-12-16T15:11:54+00:00","breadcrumb":{"@id":"https:\/\/infoecos.com.ar\/index.php\/rivadavia-caso-positivo-de-triquinosis-en-una-muestra-de-cerdo\/#breadcrumb"},"inLanguage":"es","potentialAction":[{"@type":"ReadAction","target":["https:\/\/infoecos.com.ar\/index.php\/rivadavia-caso-positivo-de-triquinosis-en-una-muestra-de-cerdo\/"]}]},{"@type":"ImageObject","inLanguage":"es","@id":"https:\/\/infoecos.com.ar\/index.php\/rivadavia-caso-positivo-de-triquinosis-en-una-muestra-de-cerdo\/#primaryimage","url":"","contentUrl":""},{"@type":"BreadcrumbList","@id":"https:\/\/infoecos.com.ar\/index.php\/rivadavia-caso-positivo-de-triquinosis-en-una-muestra-de-cerdo\/#breadcrumb","itemListElement":[{"@type":"ListItem","position":1,"name":"Portada","item":"https:\/\/infoecos.com.ar\/"},{"@type":"ListItem","position":2,"name":"Rivadavia: caso positivo de triquinosis en una muestra de cerdo"}]},{"@type":"WebSite","@id":"https:\/\/infoecos.com.ar\/#website","url":"https:\/\/infoecos.com.ar\/","name":"Infoecos","description":"Noticias de trenque lauquen y la zona","publisher":{"@id":"https:\/\/infoecos.com.ar\/#organization"},"alternateName":"Noticias","potentialAction":[{"@type":"SearchAction","target":{"@type":"EntryPoint","urlTemplate":"https:\/\/infoecos.com.ar\/?s={search_term_string}"},"query-input":{"@type":"PropertyValueSpecification","valueRequired":true,"valueName":"search_term_string"}}],"inLanguage":"es"},{"@type":"Organization","@id":"https:\/\/infoecos.com.ar\/#organization","name":"Infoecos","alternateName":"Noticias","url":"https:\/\/infoecos.com.ar\/","logo":{"@type":"ImageObject","inLanguage":"es","@id":"https:\/\/infoecos.com.ar\/#\/schema\/logo\/image\/","url":"https:\/\/infoecos.com.ar\/wp-content\/uploads\/2024\/03\/cropped-logo.png","contentUrl":"https:\/\/infoecos.com.ar\/wp-content\/uploads\/2024\/03\/cropped-logo.png","width":374,"height":90,"caption":"Infoecos"},"image":{"@id":"https:\/\/infoecos.com.ar\/#\/schema\/logo\/image\/"},"sameAs":["https:\/\/www.facebook.com\/profile.php?id=100063200290284","https:\/\/x.com\/infoecos"]},{"@type":"Person","@id":"https:\/\/infoecos.com.ar\/#\/schema\/person\/8f5ace5ce73b4b4aac4b7245aee6f191","name":"Jorge Matheus","url":"https:\/\/infoecos.com.ar\/index.php\/author\/jomatheus\/"}]}},"featured_image_urls":{"full":"","thumbnail":"","medium":"","medium_large":"","large":"","1536x1536":"","2048x2048":"","covernews-slider-full":"","covernews-slider-center":"","covernews-featured":"","covernews-medium":"","covernews-medium-square":""},"author_info":{"info":["Jorge Matheus"]},"category_info":"<a href=\"https:\/\/infoecos.com.ar\/index.php\/category\/c2nota1\/\" rel=\"category tag\">C2 nota 1<\/a>","tag_info":"C2 nota 1","comment_count":"0","_links":{"self":[{"href":"https:\/\/infoecos.com.ar\/index.php\/wp-json\/wp\/v2\/posts\/116420"}],"collection":[{"href":"https:\/\/infoecos.com.ar\/index.php\/wp-json\/wp\/v2\/posts"}],"about":[{"href":"https:\/\/infoecos.com.ar\/index.php\/wp-json\/wp\/v2\/types\/post"}],"author":[{"embeddable":true,"href":"https:\/\/infoecos.com.ar\/index.php\/wp-json\/wp\/v2\/users\/2"}],"replies":[{"embeddable":true,"href":"https:\/\/infoecos.com.ar\/index.php\/wp-json\/wp\/v2\/comments?post=116420"}],"version-history":[{"count":1,"href":"https:\/\/infoecos.com.ar\/index.php\/wp-json\/wp\/v2\/posts\/116420\/revisions"}],"predecessor-version":[{"id":116422,"href":"https:\/\/infoecos.com.ar\/index.php\/wp-json\/wp\/v2\/posts\/116420\/revisions\/116422"}],"wp:featuredmedia":[{"embeddable":true,"href":"https:\/\/infoecos.com.ar\/index.php\/wp-json\/"}],"wp:attachment":[{"href":"https:\/\/infoecos.com.ar\/index.php\/wp-json\/wp\/v2\/media?parent=116420"}],"wp:term":[{"taxonomy":"category","embeddable":true,"href":"https:\/\/infoecos.com.ar\/index.php\/wp-json\/wp\/v2\/categories?post=116420"},{"taxonomy":"post_tag","embeddable":true,"href":"https:\/\/infoecos.com.ar\/index.php\/wp-json\/wp\/v2\/tags?post=116420"}],"curies":[{"name":"wp","href":"https:\/\/api.w.org\/{rel}","templated":true}]}}