{"id":116495,"date":"2023-12-18T14:10:44","date_gmt":"2023-12-18T17:10:44","guid":{"rendered":"https:\/\/infoecos.com.ar\/?p=116495"},"modified":"2023-12-19T00:07:06","modified_gmt":"2023-12-19T03:07:06","slug":"emergencia-destacaron-el-trabajo-conjunto-de-municipio-bomberos-y-cooperativa-electrica","status":"publish","type":"post","link":"https:\/\/infoecos.com.ar\/index.php\/emergencia-destacaron-el-trabajo-conjunto-de-municipio-bomberos-y-cooperativa-electrica\/","title":{"rendered":"Emergencia: destacaron el trabajo conjunto de municipio, Bomberos y Cooperativa El\u00e9ctrica"},"content":{"rendered":"\n<p>El intendente municipal, Francisco Recoulat, brind\u00f3 una conferencia de prensa en la que ofreci\u00f3 un panorama de las acciones llevadas a cabo por trabajadores y funcionarios de las distintas \u00e1reas del Municipio, junto a integrantes de Bomberos Voluntarios y Cooperativa de Electricidad, para atender la emergencia provocada por el temporal de viento y agua que el s\u00e1bado por la noche azot\u00f3 Trenque Lauquen provocando graves da\u00f1os en distintos sectores del distrito y particularmente de la ciudad cabecera.<\/p>\n\n\n\n<figure class=\"wp-block-gallery has-nested-images columns-default is-cropped wp-block-gallery-1 is-layout-flex wp-block-gallery-is-layout-flex\">\n<figure class=\"wp-block-image size-large\"><img loading=\"lazy\" decoding=\"async\" width=\"1600\" height=\"1070\" data-id=\"116497\" src=\"https:\/\/infoecos.com.ar\/wp-content\/uploads\/2023\/12\/DSC_4615-1600x1070.jpg\" alt=\"\" class=\"wp-image-116497\" srcset=\"https:\/\/infoecos.com.ar\/wp-content\/uploads\/2023\/12\/DSC_4615-1600x1070.jpg 1600w, https:\/\/infoecos.com.ar\/wp-content\/uploads\/2023\/12\/DSC_4615-800x535.jpg 800w, https:\/\/infoecos.com.ar\/wp-content\/uploads\/2023\/12\/DSC_4615-768x513.jpg 768w, https:\/\/infoecos.com.ar\/wp-content\/uploads\/2023\/12\/DSC_4615-1536x1027.jpg 1536w, https:\/\/infoecos.com.ar\/wp-content\/uploads\/2023\/12\/DSC_4615-2048x1369.jpg 2048w, https:\/\/infoecos.com.ar\/wp-content\/uploads\/2023\/12\/DSC_4615-1024x684.jpg 1024w, https:\/\/infoecos.com.ar\/wp-content\/uploads\/2023\/12\/DSC_4615-675x450.jpg 675w\" sizes=\"(max-width: 1600px) 100vw, 1600px\" \/><\/figure>\n\n\n\n<figure class=\"wp-block-image size-large\"><img loading=\"lazy\" decoding=\"async\" width=\"1600\" height=\"1070\" data-id=\"116496\" src=\"https:\/\/infoecos.com.ar\/wp-content\/uploads\/2023\/12\/DSC_4616-1600x1070.jpg\" alt=\"\" class=\"wp-image-116496\" srcset=\"https:\/\/infoecos.com.ar\/wp-content\/uploads\/2023\/12\/DSC_4616-1600x1070.jpg 1600w, https:\/\/infoecos.com.ar\/wp-content\/uploads\/2023\/12\/DSC_4616-800x535.jpg 800w, https:\/\/infoecos.com.ar\/wp-content\/uploads\/2023\/12\/DSC_4616-768x513.jpg 768w, https:\/\/infoecos.com.ar\/wp-content\/uploads\/2023\/12\/DSC_4616-1536x1027.jpg 1536w, https:\/\/infoecos.com.ar\/wp-content\/uploads\/2023\/12\/DSC_4616-2048x1369.jpg 2048w, https:\/\/infoecos.com.ar\/wp-content\/uploads\/2023\/12\/DSC_4616-1024x684.jpg 1024w, https:\/\/infoecos.com.ar\/wp-content\/uploads\/2023\/12\/DSC_4616-675x450.jpg 675w\" sizes=\"(max-width: 1600px) 100vw, 1600px\" \/><\/figure>\n\n\n\n<figure class=\"wp-block-image size-large\"><img loading=\"lazy\" decoding=\"async\" width=\"1600\" height=\"1070\" data-id=\"116498\" src=\"https:\/\/infoecos.com.ar\/wp-content\/uploads\/2023\/12\/DSC_4617-1600x1070.jpg\" alt=\"\" class=\"wp-image-116498\" srcset=\"https:\/\/infoecos.com.ar\/wp-content\/uploads\/2023\/12\/DSC_4617-1600x1070.jpg 1600w, https:\/\/infoecos.com.ar\/wp-content\/uploads\/2023\/12\/DSC_4617-800x535.jpg 800w, https:\/\/infoecos.com.ar\/wp-content\/uploads\/2023\/12\/DSC_4617-768x513.jpg 768w, https:\/\/infoecos.com.ar\/wp-content\/uploads\/2023\/12\/DSC_4617-1536x1027.jpg 1536w, https:\/\/infoecos.com.ar\/wp-content\/uploads\/2023\/12\/DSC_4617-2048x1369.jpg 2048w, https:\/\/infoecos.com.ar\/wp-content\/uploads\/2023\/12\/DSC_4617-1024x684.jpg 1024w, https:\/\/infoecos.com.ar\/wp-content\/uploads\/2023\/12\/DSC_4617-675x450.jpg 675w\" sizes=\"(max-width: 1600px) 100vw, 1600px\" \/><\/figure>\n<\/figure>\n\n\n\n<p>\u201cQuer\u00edamos agradecer a toda la comunidad por el trabajo realizado durante y despu\u00e9s del temporal, ten\u00edamos una alerta para el s\u00e1bado que lamentablemente se cumpli\u00f3, hubo distritos con grandes da\u00f1os, y en Trenque Lauquen tuvimos zonas con distinta afectaci\u00f3n\u201d, comenz\u00f3 explicando el Intendente Recoulat, en la conferencia de prensa que se desarroll\u00f3 en la direcci\u00f3n de Cultura y en la que estuvo acompa\u00f1ado por Mario Mart\u00ednez y el Ingeniero Claudio Venturi, de la Cooperativa de Electricidad de Trenque Lauquen, y Claudio Villavicencio, de Bomberos Voluntarios, adem\u00e1s de funcionarios municipales y concejales que se acercaron.<\/p>\n\n\n\n<p>\u201cEl primer objetivo de la noche era garantizar la accesibilidad de los accesos, coordinamos los trabajos en conjunto, y fuimos articulando con Bomberos y con Tr\u00e1nsito todo lo que fue la emergencia inicial\u00bb, sostuvo Recoulat.<\/p>\n\n\n\n<figure class=\"wp-block-gallery has-nested-images columns-default is-cropped wp-block-gallery-2 is-layout-flex wp-block-gallery-is-layout-flex\">\n<figure class=\"wp-block-image size-large\"><img loading=\"lazy\" decoding=\"async\" width=\"1600\" height=\"1070\" data-id=\"116504\" src=\"https:\/\/infoecos.com.ar\/wp-content\/uploads\/2023\/12\/DSC_4619-1600x1070.jpg\" alt=\"\" class=\"wp-image-116504\" srcset=\"https:\/\/infoecos.com.ar\/wp-content\/uploads\/2023\/12\/DSC_4619-1600x1070.jpg 1600w, https:\/\/infoecos.com.ar\/wp-content\/uploads\/2023\/12\/DSC_4619-800x535.jpg 800w, https:\/\/infoecos.com.ar\/wp-content\/uploads\/2023\/12\/DSC_4619-768x513.jpg 768w, https:\/\/infoecos.com.ar\/wp-content\/uploads\/2023\/12\/DSC_4619-1536x1027.jpg 1536w, https:\/\/infoecos.com.ar\/wp-content\/uploads\/2023\/12\/DSC_4619-2048x1369.jpg 2048w, https:\/\/infoecos.com.ar\/wp-content\/uploads\/2023\/12\/DSC_4619-1024x684.jpg 1024w, https:\/\/infoecos.com.ar\/wp-content\/uploads\/2023\/12\/DSC_4619-675x450.jpg 675w\" sizes=\"(max-width: 1600px) 100vw, 1600px\" \/><\/figure>\n\n\n\n<figure class=\"wp-block-image size-large\"><img loading=\"lazy\" decoding=\"async\" width=\"1600\" height=\"1070\" data-id=\"116503\" src=\"https:\/\/infoecos.com.ar\/wp-content\/uploads\/2023\/12\/DSC_4621-1600x1070.jpg\" alt=\"\" class=\"wp-image-116503\" srcset=\"https:\/\/infoecos.com.ar\/wp-content\/uploads\/2023\/12\/DSC_4621-1600x1070.jpg 1600w, https:\/\/infoecos.com.ar\/wp-content\/uploads\/2023\/12\/DSC_4621-800x535.jpg 800w, https:\/\/infoecos.com.ar\/wp-content\/uploads\/2023\/12\/DSC_4621-768x513.jpg 768w, https:\/\/infoecos.com.ar\/wp-content\/uploads\/2023\/12\/DSC_4621-1536x1027.jpg 1536w, https:\/\/infoecos.com.ar\/wp-content\/uploads\/2023\/12\/DSC_4621-2048x1369.jpg 2048w, https:\/\/infoecos.com.ar\/wp-content\/uploads\/2023\/12\/DSC_4621-1024x684.jpg 1024w, https:\/\/infoecos.com.ar\/wp-content\/uploads\/2023\/12\/DSC_4621-675x450.jpg 675w\" sizes=\"(max-width: 1600px) 100vw, 1600px\" \/><\/figure>\n\n\n\n<figure class=\"wp-block-image size-large\"><img loading=\"lazy\" decoding=\"async\" width=\"1600\" height=\"1070\" data-id=\"116502\" src=\"https:\/\/infoecos.com.ar\/wp-content\/uploads\/2023\/12\/DSC_4622-1600x1070.jpg\" alt=\"\" class=\"wp-image-116502\" srcset=\"https:\/\/infoecos.com.ar\/wp-content\/uploads\/2023\/12\/DSC_4622-1600x1070.jpg 1600w, https:\/\/infoecos.com.ar\/wp-content\/uploads\/2023\/12\/DSC_4622-800x535.jpg 800w, https:\/\/infoecos.com.ar\/wp-content\/uploads\/2023\/12\/DSC_4622-768x513.jpg 768w, https:\/\/infoecos.com.ar\/wp-content\/uploads\/2023\/12\/DSC_4622-1536x1027.jpg 1536w, https:\/\/infoecos.com.ar\/wp-content\/uploads\/2023\/12\/DSC_4622-2048x1369.jpg 2048w, https:\/\/infoecos.com.ar\/wp-content\/uploads\/2023\/12\/DSC_4622-1024x684.jpg 1024w, https:\/\/infoecos.com.ar\/wp-content\/uploads\/2023\/12\/DSC_4622-675x450.jpg 675w\" sizes=\"(max-width: 1600px) 100vw, 1600px\" \/><\/figure>\n<\/figure>\n\n\n\n<p>Asimismo, se\u00f1al\u00f3 que \u201cten\u00edamos la Ruta 5 cortada en la zona de Mari Lauquen, as\u00ed que nos comunicamos con la familia (de Euardo) Pereda para ver si pod\u00eda poner maquinaria a disposici\u00f3n para liberar la ruta\u00bb.  \u201cEsa noche misma con equipos de su establecimiento liber\u00f3 la ruta y al d\u00eda siguiente colabor\u00f3 para liberar algunas calles de la zona de Mari Lauquen, para que la Cooperativa pudiera avanzar en la soluci\u00f3n de los problemas el\u00e9ctricos\u201d, que dejaron sin la provisi\u00f3n de agua potable a la ciudad.<\/p>\n\n\n\n<p>\u201cBomberos se sum\u00f3 con todo su equipo colaborando en cada una de las cuatro \u00e1reas y la Cooperativa de Electricidad trabajando en la emergencia\u201d, dijo Recoulat, marcando las dificultades que se tuvieron que sortear como la planta de l\u00edquidos cloacales sin electricidad.<\/p>\n\n\n\n<p>\u201cTuvimos m\u00e1s de 160 empleados municipales trabajando, algunos lo hicieron el s\u00e1bado a la noche en la emergencia y otros el domingo\u00bb, expres\u00f3. <\/p>\n\n\n\n<figure class=\"wp-block-gallery has-nested-images columns-default is-cropped wp-block-gallery-3 is-layout-flex wp-block-gallery-is-layout-flex\">\n<figure class=\"wp-block-image size-large\"><img loading=\"lazy\" decoding=\"async\" width=\"1600\" height=\"1070\" data-id=\"116508\" src=\"https:\/\/infoecos.com.ar\/wp-content\/uploads\/2023\/12\/DSC_4630-1600x1070.jpg\" alt=\"\" class=\"wp-image-116508\" srcset=\"https:\/\/infoecos.com.ar\/wp-content\/uploads\/2023\/12\/DSC_4630-1600x1070.jpg 1600w, https:\/\/infoecos.com.ar\/wp-content\/uploads\/2023\/12\/DSC_4630-800x535.jpg 800w, https:\/\/infoecos.com.ar\/wp-content\/uploads\/2023\/12\/DSC_4630-768x513.jpg 768w, https:\/\/infoecos.com.ar\/wp-content\/uploads\/2023\/12\/DSC_4630-1536x1027.jpg 1536w, https:\/\/infoecos.com.ar\/wp-content\/uploads\/2023\/12\/DSC_4630-2048x1369.jpg 2048w, https:\/\/infoecos.com.ar\/wp-content\/uploads\/2023\/12\/DSC_4630-1024x684.jpg 1024w, https:\/\/infoecos.com.ar\/wp-content\/uploads\/2023\/12\/DSC_4630-675x450.jpg 675w\" sizes=\"(max-width: 1600px) 100vw, 1600px\" \/><\/figure>\n\n\n\n<figure class=\"wp-block-image size-large\"><img loading=\"lazy\" decoding=\"async\" width=\"1600\" height=\"1070\" data-id=\"116509\" src=\"https:\/\/infoecos.com.ar\/wp-content\/uploads\/2023\/12\/DSC_4632-1600x1070.jpg\" alt=\"\" class=\"wp-image-116509\" srcset=\"https:\/\/infoecos.com.ar\/wp-content\/uploads\/2023\/12\/DSC_4632-1600x1070.jpg 1600w, https:\/\/infoecos.com.ar\/wp-content\/uploads\/2023\/12\/DSC_4632-800x535.jpg 800w, https:\/\/infoecos.com.ar\/wp-content\/uploads\/2023\/12\/DSC_4632-768x513.jpg 768w, https:\/\/infoecos.com.ar\/wp-content\/uploads\/2023\/12\/DSC_4632-1536x1027.jpg 1536w, https:\/\/infoecos.com.ar\/wp-content\/uploads\/2023\/12\/DSC_4632-2048x1369.jpg 2048w, https:\/\/infoecos.com.ar\/wp-content\/uploads\/2023\/12\/DSC_4632-1024x684.jpg 1024w, https:\/\/infoecos.com.ar\/wp-content\/uploads\/2023\/12\/DSC_4632-675x450.jpg 675w\" sizes=\"(max-width: 1600px) 100vw, 1600px\" \/><\/figure>\n\n\n\n<figure class=\"wp-block-image size-large\"><img loading=\"lazy\" decoding=\"async\" width=\"1600\" height=\"1070\" data-id=\"116510\" src=\"https:\/\/infoecos.com.ar\/wp-content\/uploads\/2023\/12\/DSC_4634-1600x1070.jpg\" alt=\"\" class=\"wp-image-116510\" srcset=\"https:\/\/infoecos.com.ar\/wp-content\/uploads\/2023\/12\/DSC_4634-1600x1070.jpg 1600w, https:\/\/infoecos.com.ar\/wp-content\/uploads\/2023\/12\/DSC_4634-800x535.jpg 800w, https:\/\/infoecos.com.ar\/wp-content\/uploads\/2023\/12\/DSC_4634-768x513.jpg 768w, https:\/\/infoecos.com.ar\/wp-content\/uploads\/2023\/12\/DSC_4634-1536x1027.jpg 1536w, https:\/\/infoecos.com.ar\/wp-content\/uploads\/2023\/12\/DSC_4634-2048x1369.jpg 2048w, https:\/\/infoecos.com.ar\/wp-content\/uploads\/2023\/12\/DSC_4634-1024x684.jpg 1024w, https:\/\/infoecos.com.ar\/wp-content\/uploads\/2023\/12\/DSC_4634-675x450.jpg 675w\" sizes=\"(max-width: 1600px) 100vw, 1600px\" \/><\/figure>\n<\/figure>\n\n\n\n<p>\u201cFue un gran desaf\u00edo comunitario que se pudo resolver, y por eso quiero agradecer por el compromiso y el trabajo realizado\u201d, enfatiz\u00f3 Recoulat.<\/p>\n\n\n\n<p>Tambi\u00e9n inform\u00f3 que este lunes mantuvo contacto con la empresa Telef\u00f3nica por cables y postes ca\u00eddos.<\/p>\n\n\n\n<p>Acerca de las localidades del distrito, dijo que \u201ctuvimos precipitaciones fuertes en Garr\u00e9, Girod\u00edas. En el caso de Beruti se trabaj\u00f3 poniendo en funciones el agua potable de la localidad, se solucionaron algunas cosas y se dej\u00f3 para hoy la limpieza de la localidad\u201d.<\/p>\n\n\n\n<p>Tambi\u00e9n resalt\u00f3 el trabajo de Desarrollo Humano que atendi\u00f3 los pedidos de los vecinos\/as, que van a necesitar el acompa\u00f1amiento del Municipio, sobre todo los que sufrieron voladuras de techos y confirm\u00f3 que se puso un arquitecto del \u00e1rea de Obras p\u00fablicas a disposici\u00f3n para hacer un relevamiento de las necesidades.<\/p>\n\n\n\n<figure class=\"wp-block-gallery has-nested-images columns-default is-cropped wp-block-gallery-4 is-layout-flex wp-block-gallery-is-layout-flex\">\n<figure class=\"wp-block-image size-large\"><img loading=\"lazy\" decoding=\"async\" width=\"1600\" height=\"1070\" data-id=\"116501\" src=\"https:\/\/infoecos.com.ar\/wp-content\/uploads\/2023\/12\/DSC_4623-1600x1070.jpg\" alt=\"\" class=\"wp-image-116501\" srcset=\"https:\/\/infoecos.com.ar\/wp-content\/uploads\/2023\/12\/DSC_4623-1600x1070.jpg 1600w, https:\/\/infoecos.com.ar\/wp-content\/uploads\/2023\/12\/DSC_4623-800x535.jpg 800w, https:\/\/infoecos.com.ar\/wp-content\/uploads\/2023\/12\/DSC_4623-768x513.jpg 768w, https:\/\/infoecos.com.ar\/wp-content\/uploads\/2023\/12\/DSC_4623-1536x1027.jpg 1536w, https:\/\/infoecos.com.ar\/wp-content\/uploads\/2023\/12\/DSC_4623-2048x1369.jpg 2048w, https:\/\/infoecos.com.ar\/wp-content\/uploads\/2023\/12\/DSC_4623-1024x684.jpg 1024w, https:\/\/infoecos.com.ar\/wp-content\/uploads\/2023\/12\/DSC_4623-675x450.jpg 675w\" sizes=\"(max-width: 1600px) 100vw, 1600px\" \/><\/figure>\n\n\n\n<figure class=\"wp-block-image size-large\"><img loading=\"lazy\" decoding=\"async\" width=\"1600\" height=\"1070\" data-id=\"116499\" src=\"https:\/\/infoecos.com.ar\/wp-content\/uploads\/2023\/12\/DSC_4624-1600x1070.jpg\" alt=\"\" class=\"wp-image-116499\" srcset=\"https:\/\/infoecos.com.ar\/wp-content\/uploads\/2023\/12\/DSC_4624-1600x1070.jpg 1600w, https:\/\/infoecos.com.ar\/wp-content\/uploads\/2023\/12\/DSC_4624-800x535.jpg 800w, https:\/\/infoecos.com.ar\/wp-content\/uploads\/2023\/12\/DSC_4624-768x513.jpg 768w, https:\/\/infoecos.com.ar\/wp-content\/uploads\/2023\/12\/DSC_4624-1536x1027.jpg 1536w, https:\/\/infoecos.com.ar\/wp-content\/uploads\/2023\/12\/DSC_4624-2048x1369.jpg 2048w, https:\/\/infoecos.com.ar\/wp-content\/uploads\/2023\/12\/DSC_4624-1024x684.jpg 1024w, https:\/\/infoecos.com.ar\/wp-content\/uploads\/2023\/12\/DSC_4624-675x450.jpg 675w\" sizes=\"(max-width: 1600px) 100vw, 1600px\" \/><\/figure>\n\n\n\n<figure class=\"wp-block-image size-large\"><img loading=\"lazy\" decoding=\"async\" width=\"1600\" height=\"1070\" data-id=\"116500\" src=\"https:\/\/infoecos.com.ar\/wp-content\/uploads\/2023\/12\/DSC_4625-1600x1070.jpg\" alt=\"\" class=\"wp-image-116500\" srcset=\"https:\/\/infoecos.com.ar\/wp-content\/uploads\/2023\/12\/DSC_4625-1600x1070.jpg 1600w, https:\/\/infoecos.com.ar\/wp-content\/uploads\/2023\/12\/DSC_4625-800x535.jpg 800w, https:\/\/infoecos.com.ar\/wp-content\/uploads\/2023\/12\/DSC_4625-768x513.jpg 768w, https:\/\/infoecos.com.ar\/wp-content\/uploads\/2023\/12\/DSC_4625-1536x1027.jpg 1536w, https:\/\/infoecos.com.ar\/wp-content\/uploads\/2023\/12\/DSC_4625-2048x1369.jpg 2048w, https:\/\/infoecos.com.ar\/wp-content\/uploads\/2023\/12\/DSC_4625-1024x684.jpg 1024w, https:\/\/infoecos.com.ar\/wp-content\/uploads\/2023\/12\/DSC_4625-675x450.jpg 675w\" sizes=\"(max-width: 1600px) 100vw, 1600px\" \/><\/figure>\n<\/figure>\n\n\n\n<p>Claudio Villavicencio coment\u00f3 que \u201ccomo dijo el Intendente ten\u00edamos la cena de fin de a\u00f1o y 15 minutos antes comenz\u00f3 la tormenta; autom\u00e1ticamente los bomberos se fueron convocando al cuartel, se dio la alerta y empezaron a salir las unidades a los primeros pedidos por ca\u00eddas de \u00e1rboles\u201d.<\/p>\n\n\n\n<p>En el inicio de la emergencia se atendieron 200 pedidos y explic\u00f3 que se fueron atendiendo en base a prioridades. Tambi\u00e9n coment\u00f3 que se trabaj\u00f3 en forma articulada con el Municipio, para liberar accesos y calles de la ciudad.<\/p>\n\n\n\n<p>\u201cEs un orgullo trabajar as\u00ed, en forma coordinada y en colaboraci\u00f3n con los trabajadores y equipos\u201d, dijo Villavicencio para manifestar que \u201ctrabajar en conjunto sirve, y tenemos que seguir as\u00ed\u201d.<\/p>\n\n\n\n<p>\u201cEs la primera vez que estoy tan conforme, y mi gente tambi\u00e9n lo est\u00e1 de la forma en que se trabaj\u00f3 y nos sent\u00edamos apoyados\u201d, dijo.<\/p>\n\n\n\n<figure class=\"wp-block-gallery has-nested-images columns-default is-cropped wp-block-gallery-5 is-layout-flex wp-block-gallery-is-layout-flex\">\n<figure class=\"wp-block-image size-large\"><img loading=\"lazy\" decoding=\"async\" width=\"1600\" height=\"1070\" data-id=\"116506\" src=\"https:\/\/infoecos.com.ar\/wp-content\/uploads\/2023\/12\/DSC_4627-1600x1070.jpg\" alt=\"\" class=\"wp-image-116506\" srcset=\"https:\/\/infoecos.com.ar\/wp-content\/uploads\/2023\/12\/DSC_4627-1600x1070.jpg 1600w, https:\/\/infoecos.com.ar\/wp-content\/uploads\/2023\/12\/DSC_4627-800x535.jpg 800w, https:\/\/infoecos.com.ar\/wp-content\/uploads\/2023\/12\/DSC_4627-768x513.jpg 768w, https:\/\/infoecos.com.ar\/wp-content\/uploads\/2023\/12\/DSC_4627-1536x1027.jpg 1536w, https:\/\/infoecos.com.ar\/wp-content\/uploads\/2023\/12\/DSC_4627-2048x1369.jpg 2048w, https:\/\/infoecos.com.ar\/wp-content\/uploads\/2023\/12\/DSC_4627-1024x684.jpg 1024w, https:\/\/infoecos.com.ar\/wp-content\/uploads\/2023\/12\/DSC_4627-675x450.jpg 675w\" sizes=\"(max-width: 1600px) 100vw, 1600px\" \/><\/figure>\n\n\n\n<figure class=\"wp-block-image size-large\"><img loading=\"lazy\" decoding=\"async\" width=\"1600\" height=\"1070\" data-id=\"116507\" src=\"https:\/\/infoecos.com.ar\/wp-content\/uploads\/2023\/12\/DSC_4628-1600x1070.jpg\" alt=\"\" class=\"wp-image-116507\" srcset=\"https:\/\/infoecos.com.ar\/wp-content\/uploads\/2023\/12\/DSC_4628-1600x1070.jpg 1600w, https:\/\/infoecos.com.ar\/wp-content\/uploads\/2023\/12\/DSC_4628-800x535.jpg 800w, https:\/\/infoecos.com.ar\/wp-content\/uploads\/2023\/12\/DSC_4628-768x513.jpg 768w, https:\/\/infoecos.com.ar\/wp-content\/uploads\/2023\/12\/DSC_4628-1536x1027.jpg 1536w, https:\/\/infoecos.com.ar\/wp-content\/uploads\/2023\/12\/DSC_4628-2048x1369.jpg 2048w, https:\/\/infoecos.com.ar\/wp-content\/uploads\/2023\/12\/DSC_4628-1024x684.jpg 1024w, https:\/\/infoecos.com.ar\/wp-content\/uploads\/2023\/12\/DSC_4628-675x450.jpg 675w\" sizes=\"(max-width: 1600px) 100vw, 1600px\" \/><\/figure>\n\n\n\n<figure class=\"wp-block-image size-large\"><img loading=\"lazy\" decoding=\"async\" width=\"1600\" height=\"1070\" data-id=\"116505\" src=\"https:\/\/infoecos.com.ar\/wp-content\/uploads\/2023\/12\/DSC_4629-1600x1070.jpg\" alt=\"\" class=\"wp-image-116505\" srcset=\"https:\/\/infoecos.com.ar\/wp-content\/uploads\/2023\/12\/DSC_4629-1600x1070.jpg 1600w, https:\/\/infoecos.com.ar\/wp-content\/uploads\/2023\/12\/DSC_4629-800x535.jpg 800w, https:\/\/infoecos.com.ar\/wp-content\/uploads\/2023\/12\/DSC_4629-768x513.jpg 768w, https:\/\/infoecos.com.ar\/wp-content\/uploads\/2023\/12\/DSC_4629-1536x1027.jpg 1536w, https:\/\/infoecos.com.ar\/wp-content\/uploads\/2023\/12\/DSC_4629-2048x1369.jpg 2048w, https:\/\/infoecos.com.ar\/wp-content\/uploads\/2023\/12\/DSC_4629-1024x684.jpg 1024w, https:\/\/infoecos.com.ar\/wp-content\/uploads\/2023\/12\/DSC_4629-675x450.jpg 675w\" sizes=\"(max-width: 1600px) 100vw, 1600px\" \/><\/figure>\n<\/figure>\n\n\n\n<p>El gerente general de la Cooperativa, Claudio Venturi sostuvo que \u201cMari Lauquen fue uno de los sectores m\u00e1s complicados, y tambi\u00e9n tuvimos problemas en la planta urbana: en la Zona Oeste con el alimentador 4 y en la Zona Este, en la zona de Argentino, la salida de la Ruta 5, hasta Primera Junta, Beruti; tambi\u00e9n Mart\u00edn Fierro y L\u00e9rtora, quedaron afuera\u201d.<\/p>\n\n\n\n<p>\u201cEn estos sectores se registraron cables cortados, y postes ca\u00eddos y tambi\u00e9n hubo problemas en la l\u00ednea de 33 Kv afectando a 30 de Agosto, que estuvo sin electricidad desde que comenz\u00f3 la tormenta hasta las 3 de la madrugada cuando pudimos hacer una interconexi\u00f3n con Tres Lomas\u201d, subray\u00f3.<\/p>\n\n\n\n<p>\u201cSe armaron diez cuadrillas de trabajo con personal de la Cooperativa y contratistas, al principio se empezaron a detectar los problemas y se empez\u00f3 a trabajar, el s\u00e1bado se trabaj\u00f3 desde las 22 hasta las 3 de la madrugada, y el domingo desde las 6 hasta las 22, y hoy (lunes) se contin\u00faa\u201d, dijo Venturi, para agregar que \u201cel sistema el\u00e9ctrico est\u00e1 restablecido, se hacen las reparaciones temporarias para luego trabajar en lo definitivo\u201d.<\/p>\n\n\n\n<p>Tambi\u00e9n destac\u00f3 el trabajo en conjunto y dijo que \u201cesto fija prioridades, en principio fue la planta urbana y despu\u00e9s cuando se pudo ir a Mari Lauquen, y se recorri\u00f3 el lugar, se encontraron los problemas de las plantas y postes ca\u00eddos, y ayer (domingo) qued\u00f3 todo funcionando\u201d.<\/p>\n\n\n\n<p>Asimismo, destac\u00f3 el compromiso del personal de la Cooperativa y como sucedi\u00f3 con el Municipio y Bomberos, dijo \u201csalieron todos a trabajar, se duplicaron las guardias y los contratistas tambi\u00e9n salieron a la calle\u201d para atender la emergencia.<\/p>\n","protected":false},"excerpt":{"rendered":"<p>El Intendente Recoulat, en la conferencia de prensa que se desarroll\u00f3 en la direcci\u00f3n de Cultura estuvo acompa\u00f1ado por Mario Mart\u00ednez y el Ingeniero Claudio Venturi, de la Cooperativa de Electricidad de Trenque Lauquen, y Claudio Villavicencio, de Bomberos Voluntarios<\/p>\n","protected":false},"author":2,"featured_media":116505,"comment_status":"closed","ping_status":"open","sticky":false,"template":"","format":"standard","meta":{"footnotes":""},"categories":[1613],"tags":[9735],"class_list":["post-116495","post","type-post","status-publish","format-standard","has-post-thumbnail","hentry","category-noticia-secundaria","tag-t-lauquen-conf-de-prensa"],"yoast_head":"<!-- This site is optimized with the Yoast SEO plugin v23.4 - https:\/\/yoast.com\/wordpress\/plugins\/seo\/ -->\n<title>Emergencia: destacaron el trabajo conjunto de municipio, Bomberos y Cooperativa El\u00e9ctrica - Infoecos<\/title>\n<meta name=\"robots\" content=\"index, follow, max-snippet:-1, max-image-preview:large, max-video-preview:-1\" \/>\n<link rel=\"canonical\" href=\"https:\/\/infoecos.com.ar\/index.php\/emergencia-destacaron-el-trabajo-conjunto-de-municipio-bomberos-y-cooperativa-electrica\/\" \/>\n<meta property=\"og:locale\" content=\"es_ES\" \/>\n<meta property=\"og:type\" content=\"article\" \/>\n<meta property=\"og:title\" content=\"Emergencia: destacaron el trabajo conjunto de municipio, Bomberos y Cooperativa El\u00e9ctrica - Infoecos\" \/>\n<meta property=\"og:description\" content=\"El Intendente Recoulat, en la conferencia de prensa que se desarroll\u00f3 en la direcci\u00f3n de Cultura estuvo acompa\u00f1ado por Mario Mart\u00ednez y el Ingeniero Claudio Venturi, de la Cooperativa de Electricidad de Trenque Lauquen, y Claudio Villavicencio, de Bomberos Voluntarios\" \/>\n<meta property=\"og:url\" content=\"https:\/\/infoecos.com.ar\/index.php\/emergencia-destacaron-el-trabajo-conjunto-de-municipio-bomberos-y-cooperativa-electrica\/\" \/>\n<meta property=\"og:site_name\" content=\"Infoecos\" \/>\n<meta property=\"article:publisher\" content=\"https:\/\/www.facebook.com\/profile.php?id=100063200290284\" \/>\n<meta property=\"article:published_time\" content=\"2023-12-18T17:10:44+00:00\" \/>\n<meta property=\"article:modified_time\" content=\"2023-12-19T03:07:06+00:00\" \/>\n<meta property=\"og:image\" content=\"https:\/\/infoecos.com.ar\/wp-content\/uploads\/2023\/12\/DSC_4629-scaled.jpg\" \/>\n\t<meta property=\"og:image:width\" content=\"2560\" \/>\n\t<meta property=\"og:image:height\" content=\"1711\" \/>\n\t<meta property=\"og:image:type\" content=\"image\/jpeg\" \/>\n<meta name=\"author\" content=\"Jorge Matheus\" \/>\n<meta name=\"twitter:card\" content=\"summary_large_image\" \/>\n<meta name=\"twitter:creator\" content=\"@infoecos\" \/>\n<meta name=\"twitter:site\" content=\"@infoecos\" \/>\n<meta name=\"twitter:label1\" content=\"Escrito por\" \/>\n\t<meta name=\"twitter:data1\" content=\"Jorge Matheus\" \/>\n\t<meta name=\"twitter:label2\" content=\"Tiempo de lectura\" \/>\n\t<meta name=\"twitter:data2\" content=\"8 minutos\" \/>\n<script type=\"application\/ld+json\" class=\"yoast-schema-graph\">{\"@context\":\"https:\/\/schema.org\",\"@graph\":[{\"@type\":\"Article\",\"@id\":\"https:\/\/infoecos.com.ar\/index.php\/emergencia-destacaron-el-trabajo-conjunto-de-municipio-bomberos-y-cooperativa-electrica\/#article\",\"isPartOf\":{\"@id\":\"https:\/\/infoecos.com.ar\/index.php\/emergencia-destacaron-el-trabajo-conjunto-de-municipio-bomberos-y-cooperativa-electrica\/\"},\"author\":{\"name\":\"Jorge Matheus\",\"@id\":\"https:\/\/infoecos.com.ar\/#\/schema\/person\/8f5ace5ce73b4b4aac4b7245aee6f191\"},\"headline\":\"Emergencia: destacaron el trabajo conjunto de municipio, Bomberos y Cooperativa El\u00e9ctrica\",\"datePublished\":\"2023-12-18T17:10:44+00:00\",\"dateModified\":\"2023-12-19T03:07:06+00:00\",\"mainEntityOfPage\":{\"@id\":\"https:\/\/infoecos.com.ar\/index.php\/emergencia-destacaron-el-trabajo-conjunto-de-municipio-bomberos-y-cooperativa-electrica\/\"},\"wordCount\":962,\"publisher\":{\"@id\":\"https:\/\/infoecos.com.ar\/#organization\"},\"image\":{\"@id\":\"https:\/\/infoecos.com.ar\/index.php\/emergencia-destacaron-el-trabajo-conjunto-de-municipio-bomberos-y-cooperativa-electrica\/#primaryimage\"},\"thumbnailUrl\":\"https:\/\/infoecos.com.ar\/wp-content\/uploads\/2023\/12\/DSC_4629-scaled.jpg\",\"keywords\":[\"t.lauquen - conf. de prensa\"],\"articleSection\":[\"Noticia Secundaria\"],\"inLanguage\":\"es\"},{\"@type\":\"WebPage\",\"@id\":\"https:\/\/infoecos.com.ar\/index.php\/emergencia-destacaron-el-trabajo-conjunto-de-municipio-bomberos-y-cooperativa-electrica\/\",\"url\":\"https:\/\/infoecos.com.ar\/index.php\/emergencia-destacaron-el-trabajo-conjunto-de-municipio-bomberos-y-cooperativa-electrica\/\",\"name\":\"Emergencia: destacaron el trabajo conjunto de municipio, Bomberos y Cooperativa El\u00e9ctrica - Infoecos\",\"isPartOf\":{\"@id\":\"https:\/\/infoecos.com.ar\/#website\"},\"primaryImageOfPage\":{\"@id\":\"https:\/\/infoecos.com.ar\/index.php\/emergencia-destacaron-el-trabajo-conjunto-de-municipio-bomberos-y-cooperativa-electrica\/#primaryimage\"},\"image\":{\"@id\":\"https:\/\/infoecos.com.ar\/index.php\/emergencia-destacaron-el-trabajo-conjunto-de-municipio-bomberos-y-cooperativa-electrica\/#primaryimage\"},\"thumbnailUrl\":\"https:\/\/infoecos.com.ar\/wp-content\/uploads\/2023\/12\/DSC_4629-scaled.jpg\",\"datePublished\":\"2023-12-18T17:10:44+00:00\",\"dateModified\":\"2023-12-19T03:07:06+00:00\",\"breadcrumb\":{\"@id\":\"https:\/\/infoecos.com.ar\/index.php\/emergencia-destacaron-el-trabajo-conjunto-de-municipio-bomberos-y-cooperativa-electrica\/#breadcrumb\"},\"inLanguage\":\"es\",\"potentialAction\":[{\"@type\":\"ReadAction\",\"target\":[\"https:\/\/infoecos.com.ar\/index.php\/emergencia-destacaron-el-trabajo-conjunto-de-municipio-bomberos-y-cooperativa-electrica\/\"]}]},{\"@type\":\"ImageObject\",\"inLanguage\":\"es\",\"@id\":\"https:\/\/infoecos.com.ar\/index.php\/emergencia-destacaron-el-trabajo-conjunto-de-municipio-bomberos-y-cooperativa-electrica\/#primaryimage\",\"url\":\"https:\/\/infoecos.com.ar\/wp-content\/uploads\/2023\/12\/DSC_4629-scaled.jpg\",\"contentUrl\":\"https:\/\/infoecos.com.ar\/wp-content\/uploads\/2023\/12\/DSC_4629-scaled.jpg\",\"width\":2560,\"height\":1711},{\"@type\":\"BreadcrumbList\",\"@id\":\"https:\/\/infoecos.com.ar\/index.php\/emergencia-destacaron-el-trabajo-conjunto-de-municipio-bomberos-y-cooperativa-electrica\/#breadcrumb\",\"itemListElement\":[{\"@type\":\"ListItem\",\"position\":1,\"name\":\"Portada\",\"item\":\"https:\/\/infoecos.com.ar\/\"},{\"@type\":\"ListItem\",\"position\":2,\"name\":\"Emergencia: destacaron el trabajo conjunto de municipio, Bomberos y Cooperativa El\u00e9ctrica\"}]},{\"@type\":\"WebSite\",\"@id\":\"https:\/\/infoecos.com.ar\/#website\",\"url\":\"https:\/\/infoecos.com.ar\/\",\"name\":\"Infoecos\",\"description\":\"Noticias de trenque lauquen y la zona\",\"publisher\":{\"@id\":\"https:\/\/infoecos.com.ar\/#organization\"},\"alternateName\":\"Noticias\",\"potentialAction\":[{\"@type\":\"SearchAction\",\"target\":{\"@type\":\"EntryPoint\",\"urlTemplate\":\"https:\/\/infoecos.com.ar\/?s={search_term_string}\"},\"query-input\":{\"@type\":\"PropertyValueSpecification\",\"valueRequired\":true,\"valueName\":\"search_term_string\"}}],\"inLanguage\":\"es\"},{\"@type\":\"Organization\",\"@id\":\"https:\/\/infoecos.com.ar\/#organization\",\"name\":\"Infoecos\",\"alternateName\":\"Noticias\",\"url\":\"https:\/\/infoecos.com.ar\/\",\"logo\":{\"@type\":\"ImageObject\",\"inLanguage\":\"es\",\"@id\":\"https:\/\/infoecos.com.ar\/#\/schema\/logo\/image\/\",\"url\":\"https:\/\/infoecos.com.ar\/wp-content\/uploads\/2024\/03\/cropped-logo.png\",\"contentUrl\":\"https:\/\/infoecos.com.ar\/wp-content\/uploads\/2024\/03\/cropped-logo.png\",\"width\":374,\"height\":90,\"caption\":\"Infoecos\"},\"image\":{\"@id\":\"https:\/\/infoecos.com.ar\/#\/schema\/logo\/image\/\"},\"sameAs\":[\"https:\/\/www.facebook.com\/profile.php?id=100063200290284\",\"https:\/\/x.com\/infoecos\"]},{\"@type\":\"Person\",\"@id\":\"https:\/\/infoecos.com.ar\/#\/schema\/person\/8f5ace5ce73b4b4aac4b7245aee6f191\",\"name\":\"Jorge Matheus\",\"url\":\"https:\/\/infoecos.com.ar\/index.php\/author\/jomatheus\/\"}]}<\/script>\n<!-- \/ Yoast SEO plugin. -->","yoast_head_json":{"title":"Emergencia: destacaron el trabajo conjunto de municipio, Bomberos y Cooperativa El\u00e9ctrica - Infoecos","robots":{"index":"index","follow":"follow","max-snippet":"max-snippet:-1","max-image-preview":"max-image-preview:large","max-video-preview":"max-video-preview:-1"},"canonical":"https:\/\/infoecos.com.ar\/index.php\/emergencia-destacaron-el-trabajo-conjunto-de-municipio-bomberos-y-cooperativa-electrica\/","og_locale":"es_ES","og_type":"article","og_title":"Emergencia: destacaron el trabajo conjunto de municipio, Bomberos y Cooperativa El\u00e9ctrica - Infoecos","og_description":"El Intendente Recoulat, en la conferencia de prensa que se desarroll\u00f3 en la direcci\u00f3n de Cultura estuvo acompa\u00f1ado por Mario Mart\u00ednez y el Ingeniero Claudio Venturi, de la Cooperativa de Electricidad de Trenque Lauquen, y Claudio Villavicencio, de Bomberos Voluntarios","og_url":"https:\/\/infoecos.com.ar\/index.php\/emergencia-destacaron-el-trabajo-conjunto-de-municipio-bomberos-y-cooperativa-electrica\/","og_site_name":"Infoecos","article_publisher":"https:\/\/www.facebook.com\/profile.php?id=100063200290284","article_published_time":"2023-12-18T17:10:44+00:00","article_modified_time":"2023-12-19T03:07:06+00:00","og_image":[{"width":2560,"height":1711,"url":"https:\/\/infoecos.com.ar\/wp-content\/uploads\/2023\/12\/DSC_4629-scaled.jpg","type":"image\/jpeg"}],"author":"Jorge Matheus","twitter_card":"summary_large_image","twitter_creator":"@infoecos","twitter_site":"@infoecos","twitter_misc":{"Escrito por":"Jorge Matheus","Tiempo de lectura":"8 minutos"},"schema":{"@context":"https:\/\/schema.org","@graph":[{"@type":"Article","@id":"https:\/\/infoecos.com.ar\/index.php\/emergencia-destacaron-el-trabajo-conjunto-de-municipio-bomberos-y-cooperativa-electrica\/#article","isPartOf":{"@id":"https:\/\/infoecos.com.ar\/index.php\/emergencia-destacaron-el-trabajo-conjunto-de-municipio-bomberos-y-cooperativa-electrica\/"},"author":{"name":"Jorge Matheus","@id":"https:\/\/infoecos.com.ar\/#\/schema\/person\/8f5ace5ce73b4b4aac4b7245aee6f191"},"headline":"Emergencia: destacaron el trabajo conjunto de municipio, Bomberos y Cooperativa El\u00e9ctrica","datePublished":"2023-12-18T17:10:44+00:00","dateModified":"2023-12-19T03:07:06+00:00","mainEntityOfPage":{"@id":"https:\/\/infoecos.com.ar\/index.php\/emergencia-destacaron-el-trabajo-conjunto-de-municipio-bomberos-y-cooperativa-electrica\/"},"wordCount":962,"publisher":{"@id":"https:\/\/infoecos.com.ar\/#organization"},"image":{"@id":"https:\/\/infoecos.com.ar\/index.php\/emergencia-destacaron-el-trabajo-conjunto-de-municipio-bomberos-y-cooperativa-electrica\/#primaryimage"},"thumbnailUrl":"https:\/\/infoecos.com.ar\/wp-content\/uploads\/2023\/12\/DSC_4629-scaled.jpg","keywords":["t.lauquen - conf. de prensa"],"articleSection":["Noticia Secundaria"],"inLanguage":"es"},{"@type":"WebPage","@id":"https:\/\/infoecos.com.ar\/index.php\/emergencia-destacaron-el-trabajo-conjunto-de-municipio-bomberos-y-cooperativa-electrica\/","url":"https:\/\/infoecos.com.ar\/index.php\/emergencia-destacaron-el-trabajo-conjunto-de-municipio-bomberos-y-cooperativa-electrica\/","name":"Emergencia: destacaron el trabajo conjunto de municipio, Bomberos y Cooperativa El\u00e9ctrica - Infoecos","isPartOf":{"@id":"https:\/\/infoecos.com.ar\/#website"},"primaryImageOfPage":{"@id":"https:\/\/infoecos.com.ar\/index.php\/emergencia-destacaron-el-trabajo-conjunto-de-municipio-bomberos-y-cooperativa-electrica\/#primaryimage"},"image":{"@id":"https:\/\/infoecos.com.ar\/index.php\/emergencia-destacaron-el-trabajo-conjunto-de-municipio-bomberos-y-cooperativa-electrica\/#primaryimage"},"thumbnailUrl":"https:\/\/infoecos.com.ar\/wp-content\/uploads\/2023\/12\/DSC_4629-scaled.jpg","datePublished":"2023-12-18T17:10:44+00:00","dateModified":"2023-12-19T03:07:06+00:00","breadcrumb":{"@id":"https:\/\/infoecos.com.ar\/index.php\/emergencia-destacaron-el-trabajo-conjunto-de-municipio-bomberos-y-cooperativa-electrica\/#breadcrumb"},"inLanguage":"es","potentialAction":[{"@type":"ReadAction","target":["https:\/\/infoecos.com.ar\/index.php\/emergencia-destacaron-el-trabajo-conjunto-de-municipio-bomberos-y-cooperativa-electrica\/"]}]},{"@type":"ImageObject","inLanguage":"es","@id":"https:\/\/infoecos.com.ar\/index.php\/emergencia-destacaron-el-trabajo-conjunto-de-municipio-bomberos-y-cooperativa-electrica\/#primaryimage","url":"https:\/\/infoecos.com.ar\/wp-content\/uploads\/2023\/12\/DSC_4629-scaled.jpg","contentUrl":"https:\/\/infoecos.com.ar\/wp-content\/uploads\/2023\/12\/DSC_4629-scaled.jpg","width":2560,"height":1711},{"@type":"BreadcrumbList","@id":"https:\/\/infoecos.com.ar\/index.php\/emergencia-destacaron-el-trabajo-conjunto-de-municipio-bomberos-y-cooperativa-electrica\/#breadcrumb","itemListElement":[{"@type":"ListItem","position":1,"name":"Portada","item":"https:\/\/infoecos.com.ar\/"},{"@type":"ListItem","position":2,"name":"Emergencia: destacaron el trabajo conjunto de municipio, Bomberos y Cooperativa El\u00e9ctrica"}]},{"@type":"WebSite","@id":"https:\/\/infoecos.com.ar\/#website","url":"https:\/\/infoecos.com.ar\/","name":"Infoecos","description":"Noticias de trenque lauquen y la zona","publisher":{"@id":"https:\/\/infoecos.com.ar\/#organization"},"alternateName":"Noticias","potentialAction":[{"@type":"SearchAction","target":{"@type":"EntryPoint","urlTemplate":"https:\/\/infoecos.com.ar\/?s={search_term_string}"},"query-input":{"@type":"PropertyValueSpecification","valueRequired":true,"valueName":"search_term_string"}}],"inLanguage":"es"},{"@type":"Organization","@id":"https:\/\/infoecos.com.ar\/#organization","name":"Infoecos","alternateName":"Noticias","url":"https:\/\/infoecos.com.ar\/","logo":{"@type":"ImageObject","inLanguage":"es","@id":"https:\/\/infoecos.com.ar\/#\/schema\/logo\/image\/","url":"https:\/\/infoecos.com.ar\/wp-content\/uploads\/2024\/03\/cropped-logo.png","contentUrl":"https:\/\/infoecos.com.ar\/wp-content\/uploads\/2024\/03\/cropped-logo.png","width":374,"height":90,"caption":"Infoecos"},"image":{"@id":"https:\/\/infoecos.com.ar\/#\/schema\/logo\/image\/"},"sameAs":["https:\/\/www.facebook.com\/profile.php?id=100063200290284","https:\/\/x.com\/infoecos"]},{"@type":"Person","@id":"https:\/\/infoecos.com.ar\/#\/schema\/person\/8f5ace5ce73b4b4aac4b7245aee6f191","name":"Jorge Matheus","url":"https:\/\/infoecos.com.ar\/index.php\/author\/jomatheus\/"}]}},"featured_image_urls":{"full":["https:\/\/infoecos.com.ar\/wp-content\/uploads\/2023\/12\/DSC_4629-scaled.jpg",2560,1711,false],"thumbnail":["https:\/\/infoecos.com.ar\/wp-content\/uploads\/2023\/12\/DSC_4629-300x150.jpg",300,150,true],"medium":["https:\/\/infoecos.com.ar\/wp-content\/uploads\/2023\/12\/DSC_4629-800x535.jpg",800,535,true],"medium_large":["https:\/\/infoecos.com.ar\/wp-content\/uploads\/2023\/12\/DSC_4629-768x513.jpg",640,428,true],"large":["https:\/\/infoecos.com.ar\/wp-content\/uploads\/2023\/12\/DSC_4629-1600x1070.jpg",640,428,true],"1536x1536":["https:\/\/infoecos.com.ar\/wp-content\/uploads\/2023\/12\/DSC_4629-1536x1027.jpg",1536,1027,true],"2048x2048":["https:\/\/infoecos.com.ar\/wp-content\/uploads\/2023\/12\/DSC_4629-2048x1369.jpg",2048,1369,true],"covernews-slider-full":["https:\/\/infoecos.com.ar\/wp-content\/uploads\/2023\/12\/DSC_4629-1536x1020.jpg",1077,715,true],"covernews-slider-center":["https:\/\/infoecos.com.ar\/wp-content\/uploads\/2023\/12\/DSC_4629-936x897.jpg",522,500,true],"covernews-featured":["https:\/\/infoecos.com.ar\/wp-content\/uploads\/2023\/12\/DSC_4629-1024x684.jpg",1024,684,true],"covernews-medium":["https:\/\/infoecos.com.ar\/wp-content\/uploads\/2023\/12\/DSC_4629-720x380.jpg",540,285,true],"covernews-medium-square":["https:\/\/infoecos.com.ar\/wp-content\/uploads\/2023\/12\/DSC_4629-675x450.jpg",375,250,true]},"author_info":{"info":["Jorge Matheus"]},"category_info":"<a href=\"https:\/\/infoecos.com.ar\/index.php\/category\/noticia-secundaria\/\" rel=\"category tag\">Noticia Secundaria<\/a>","tag_info":"Noticia Secundaria","comment_count":"0","_links":{"self":[{"href":"https:\/\/infoecos.com.ar\/index.php\/wp-json\/wp\/v2\/posts\/116495"}],"collection":[{"href":"https:\/\/infoecos.com.ar\/index.php\/wp-json\/wp\/v2\/posts"}],"about":[{"href":"https:\/\/infoecos.com.ar\/index.php\/wp-json\/wp\/v2\/types\/post"}],"author":[{"embeddable":true,"href":"https:\/\/infoecos.com.ar\/index.php\/wp-json\/wp\/v2\/users\/2"}],"replies":[{"embeddable":true,"href":"https:\/\/infoecos.com.ar\/index.php\/wp-json\/wp\/v2\/comments?post=116495"}],"version-history":[{"count":1,"href":"https:\/\/infoecos.com.ar\/index.php\/wp-json\/wp\/v2\/posts\/116495\/revisions"}],"predecessor-version":[{"id":116511,"href":"https:\/\/infoecos.com.ar\/index.php\/wp-json\/wp\/v2\/posts\/116495\/revisions\/116511"}],"wp:featuredmedia":[{"embeddable":true,"href":"https:\/\/infoecos.com.ar\/index.php\/wp-json\/wp\/v2\/media\/116505"}],"wp:attachment":[{"href":"https:\/\/infoecos.com.ar\/index.php\/wp-json\/wp\/v2\/media?parent=116495"}],"wp:term":[{"taxonomy":"category","embeddable":true,"href":"https:\/\/infoecos.com.ar\/index.php\/wp-json\/wp\/v2\/categories?post=116495"},{"taxonomy":"post_tag","embeddable":true,"href":"https:\/\/infoecos.com.ar\/index.php\/wp-json\/wp\/v2\/tags?post=116495"}],"curies":[{"name":"wp","href":"https:\/\/api.w.org\/{rel}","templated":true}]}}