{"id":116533,"date":"2023-12-18T23:49:26","date_gmt":"2023-12-19T02:49:26","guid":{"rendered":"https:\/\/infoecos.com.ar\/?p=116533"},"modified":"2023-12-19T15:59:52","modified_gmt":"2023-12-19T18:59:52","slug":"conmovedora-descripcion-sobre-las-muertes-provocadas-por-la-caida-del-techo-en-b-blanca","status":"publish","type":"post","link":"https:\/\/infoecos.com.ar\/index.php\/conmovedora-descripcion-sobre-las-muertes-provocadas-por-la-caida-del-techo-en-b-blanca\/","title":{"rendered":"Conmovedora descripci\u00f3n sobre las muertes provocadas por la caida del techo en B.Blanca"},"content":{"rendered":"\n<figure class=\"wp-block-image alignright size-full is-resized\"><img loading=\"lazy\" decoding=\"async\" src=\"https:\/\/infoecos.com.ar\/wp-content\/uploads\/2023\/12\/image-112.png\" alt=\"\" class=\"wp-image-116535\" width=\"368\" height=\"204\" srcset=\"https:\/\/infoecos.com.ar\/wp-content\/uploads\/2023\/12\/image-112.png 1024w, https:\/\/infoecos.com.ar\/wp-content\/uploads\/2023\/12\/image-112-800x445.png 800w, https:\/\/infoecos.com.ar\/wp-content\/uploads\/2023\/12\/image-112-768x427.png 768w\" sizes=\"(max-width: 368px) 100vw, 368px\" \/><\/figure>\n\n\n\n<p>Detr\u00e1s de lo que se considera una de&nbsp;<a href=\"https:\/\/www.lanueva.com\/nota\/2023-12-18-13-58-0-la-mayor-tragedia-de-la-historia-local\" target=\"_blank\" rel=\"noreferrer noopener\">las mayores tragedias en la historia bahiense<\/a>&nbsp;exist\u00edan 13 vidas que quedaron truncas&nbsp;y destrozaron muchas familias.&nbsp;<\/p>\n\n\n\n<p>M\u00e1s all\u00e1 de los nombres, poco se dijo o se supo sobre&nbsp;qui\u00e9nes eran las personas que tuvieron el desgraciado designio del destino de encontrarse la tarde\/noche del s\u00e1bado&nbsp;<a href=\"https:\/\/www.lanueva.com\/nota\/2023-12-17-8-57-0-se-conocen-las-primeras-identidades-de-los-fallecidos-en-bahiense-del-norte\" target=\"_blank\" rel=\"noreferrer noopener\">en el gimnasio de Bahiense del Norte<\/a>, para presenciar el show de fin de a\u00f1o de la Escuela de Pat\u00edn del club, cuyo horario de inicio estaba previsto para las 20.30 del s\u00e1bado.<\/p>\n\n\n\n<figure class=\"wp-block-image size-full\"><img loading=\"lazy\" decoding=\"async\" width=\"1121\" height=\"633\" src=\"https:\/\/infoecos.com.ar\/wp-content\/uploads\/2023\/12\/image-111.png\" alt=\"\" class=\"wp-image-116534\" srcset=\"https:\/\/infoecos.com.ar\/wp-content\/uploads\/2023\/12\/image-111.png 1121w, https:\/\/infoecos.com.ar\/wp-content\/uploads\/2023\/12\/image-111-800x452.png 800w, https:\/\/infoecos.com.ar\/wp-content\/uploads\/2023\/12\/image-111-768x434.png 768w, https:\/\/infoecos.com.ar\/wp-content\/uploads\/2023\/12\/image-111-1024x578.png 1024w\" sizes=\"(max-width: 1121px) 100vw, 1121px\" \/><\/figure>\n\n\n\n<p>Federico Luis D\u00fao, de 44 a\u00f1os, y Mar\u00eda Laura Rodr\u00edguez (43) perdieron la vida cuando hab\u00edan ido a ver patinar a la hija mayor del matrimonio (ten\u00edan otro hijo) quien, por fortuna, est\u00e1 fuera de peligro.<\/p>\n\n\n\n<p>Federico era contador y jugador aficionado de tenis. La&nbsp;familia de Mar\u00eda Laura tiene&nbsp;vinculaci\u00f3n con una tradicional casa de pastas de nuestra ciudad, La Calesita.<\/p>\n\n\n\n<p>Benicio Baldi fue la v\u00edctima m\u00e1s peque\u00f1a, con apenas 5 a\u00f1os. Falleci\u00f3 junto a su padre, Rub\u00e9n (45), mientras que su madre, Celeste Castill\u00f3n y su hermana &#8211;a la que iban a ver bailar&#8211; terminaron heridas. La peque\u00f1a fue dada de alta y la mujer, en tanto, sigue internada.&nbsp;<\/p>\n\n\n\n<p>Rub\u00e9n Baldi ten\u00eda un lavadero de autos en Villa Mitre y tambi\u00e9n repart\u00eda cigarrillos.&nbsp;<\/p>\n\n\n\n<p>Los ladrillos que se derrumbaron en el gimnasio tricolor tambi\u00e9n segaron,&nbsp;a los 63 a\u00f1os, la vida de la jubilada Adriana Mar\u00eda Contento y del matrimonio integrado por Luis P\u00e9rez y Juana Graciela Danszyt, de 67 a\u00f1os, quienes hab\u00edan concurrido para observar&nbsp;a su nieta.<\/p>\n\n\n\n<p>La docente Juliana Barquero, perteneciente al equipo de orientaci\u00f3n de la Escuela N\u00ba 3, hubiera cumplido 52 a\u00f1os el domingo, horas despu\u00e9s de la tragedia. Madre de 3 hijos &#8211;los varones&nbsp;se dedican al b\u00e1squet&#8211;, es otra de las v\u00edctimas fatales.<\/p>\n\n\n\n<p>\u00abJuliana era la maquilladora de las chicas que patinaban. Colaboraba siempre con este evento y ese d\u00eda, en vez de estar atr\u00e1s del escenario, se sent\u00f3 en la tribuna\u00bb, coment\u00f3 uno de los socorristas.<\/p>\n\n\n\n<p>Tere Aliman, su amiga en Facebook, la despidi\u00f3 as\u00ed: \u00abNo lo puedo creer Juliana Barquero de Bah\u00eda, hoy ser\u00eda tu cumple Q.E.P.D\u00bb.<\/p>\n\n\n\n<p>Tambi\u00e9n era docente, jubilada, Norma Nieto. Ten\u00eda 61 a\u00f1os la profesora de Biolog\u00eda del ex Colegio Nacional que falleci\u00f3 el s\u00e1bado. Era soltera, sin hijos y se defin\u00eda como amante de los viajes, seg\u00fan las redes sociales.<\/p>\n\n\n\n<p>Diego Carrasco, otra v\u00edctima, hab\u00eda ido con su familia para acompa\u00f1ar el espect\u00e1culo de su hija. Lo mismo que Bryan Ortega, de 27, y Rosa Miguelina Figueroa, de 66.<\/p>\n\n\n\n<p>A Diego Cassati la fatalidad lo encontr\u00f3 junto a su mujer, quien logr\u00f3 sobrevivir. \u00c9l ten\u00eda 45 a\u00f1os y era empleado municipal en la secci\u00f3n de Proyectos y Obras.<\/p>\n","protected":false},"excerpt":{"rendered":"<p>Nota publicada textualmente y tomada de la p\u00e1gina web del matutino bahiense<\/p>\n","protected":false},"author":2,"featured_media":116535,"comment_status":"closed","ping_status":"open","sticky":false,"template":"","format":"standard","meta":{"footnotes":""},"categories":[45],"tags":[9741],"class_list":["post-116533","post","type-post","status-publish","format-standard","has-post-thumbnail","hentry","category-c1nota2","tag-lanueva-com"],"yoast_head":"<!-- This site is optimized with the Yoast SEO plugin v23.4 - https:\/\/yoast.com\/wordpress\/plugins\/seo\/ -->\n<title>Conmovedora descripci\u00f3n sobre las muertes provocadas por la caida del techo en B.Blanca - Infoecos<\/title>\n<meta name=\"robots\" content=\"index, follow, max-snippet:-1, max-image-preview:large, max-video-preview:-1\" \/>\n<link rel=\"canonical\" href=\"https:\/\/infoecos.com.ar\/index.php\/conmovedora-descripcion-sobre-las-muertes-provocadas-por-la-caida-del-techo-en-b-blanca\/\" \/>\n<meta property=\"og:locale\" content=\"es_ES\" \/>\n<meta property=\"og:type\" content=\"article\" \/>\n<meta property=\"og:title\" content=\"Conmovedora descripci\u00f3n sobre las muertes provocadas por la caida del techo en B.Blanca - Infoecos\" \/>\n<meta property=\"og:description\" content=\"Nota publicada textualmente y tomada de la p\u00e1gina web del matutino bahiense\" \/>\n<meta property=\"og:url\" content=\"https:\/\/infoecos.com.ar\/index.php\/conmovedora-descripcion-sobre-las-muertes-provocadas-por-la-caida-del-techo-en-b-blanca\/\" \/>\n<meta property=\"og:site_name\" content=\"Infoecos\" \/>\n<meta property=\"article:publisher\" content=\"https:\/\/www.facebook.com\/profile.php?id=100063200290284\" \/>\n<meta property=\"article:published_time\" content=\"2023-12-19T02:49:26+00:00\" \/>\n<meta property=\"article:modified_time\" content=\"2023-12-19T18:59:52+00:00\" \/>\n<meta property=\"og:image\" content=\"https:\/\/infoecos.com.ar\/wp-content\/uploads\/2023\/12\/image-112.png\" \/>\n\t<meta property=\"og:image:width\" content=\"1024\" \/>\n\t<meta property=\"og:image:height\" content=\"569\" \/>\n\t<meta property=\"og:image:type\" content=\"image\/png\" \/>\n<meta name=\"author\" content=\"Jorge Matheus\" \/>\n<meta name=\"twitter:card\" content=\"summary_large_image\" \/>\n<meta name=\"twitter:creator\" content=\"@infoecos\" \/>\n<meta name=\"twitter:site\" content=\"@infoecos\" \/>\n<meta name=\"twitter:label1\" content=\"Escrito por\" \/>\n\t<meta name=\"twitter:data1\" content=\"Jorge Matheus\" \/>\n\t<meta name=\"twitter:label2\" content=\"Tiempo de lectura\" \/>\n\t<meta name=\"twitter:data2\" content=\"3 minutos\" \/>\n<script type=\"application\/ld+json\" class=\"yoast-schema-graph\">{\"@context\":\"https:\/\/schema.org\",\"@graph\":[{\"@type\":\"Article\",\"@id\":\"https:\/\/infoecos.com.ar\/index.php\/conmovedora-descripcion-sobre-las-muertes-provocadas-por-la-caida-del-techo-en-b-blanca\/#article\",\"isPartOf\":{\"@id\":\"https:\/\/infoecos.com.ar\/index.php\/conmovedora-descripcion-sobre-las-muertes-provocadas-por-la-caida-del-techo-en-b-blanca\/\"},\"author\":{\"name\":\"Jorge Matheus\",\"@id\":\"https:\/\/infoecos.com.ar\/#\/schema\/person\/8f5ace5ce73b4b4aac4b7245aee6f191\"},\"headline\":\"Conmovedora descripci\u00f3n sobre las muertes provocadas por la caida del techo en B.Blanca\",\"datePublished\":\"2023-12-19T02:49:26+00:00\",\"dateModified\":\"2023-12-19T18:59:52+00:00\",\"mainEntityOfPage\":{\"@id\":\"https:\/\/infoecos.com.ar\/index.php\/conmovedora-descripcion-sobre-las-muertes-provocadas-por-la-caida-del-techo-en-b-blanca\/\"},\"wordCount\":522,\"publisher\":{\"@id\":\"https:\/\/infoecos.com.ar\/#organization\"},\"image\":{\"@id\":\"https:\/\/infoecos.com.ar\/index.php\/conmovedora-descripcion-sobre-las-muertes-provocadas-por-la-caida-del-techo-en-b-blanca\/#primaryimage\"},\"thumbnailUrl\":\"https:\/\/infoecos.com.ar\/wp-content\/uploads\/2023\/12\/image-112.png\",\"keywords\":[\"lanueva.com\"],\"articleSection\":[\"C1 N2\"],\"inLanguage\":\"es\"},{\"@type\":\"WebPage\",\"@id\":\"https:\/\/infoecos.com.ar\/index.php\/conmovedora-descripcion-sobre-las-muertes-provocadas-por-la-caida-del-techo-en-b-blanca\/\",\"url\":\"https:\/\/infoecos.com.ar\/index.php\/conmovedora-descripcion-sobre-las-muertes-provocadas-por-la-caida-del-techo-en-b-blanca\/\",\"name\":\"Conmovedora descripci\u00f3n sobre las muertes provocadas por la caida del techo en B.Blanca - Infoecos\",\"isPartOf\":{\"@id\":\"https:\/\/infoecos.com.ar\/#website\"},\"primaryImageOfPage\":{\"@id\":\"https:\/\/infoecos.com.ar\/index.php\/conmovedora-descripcion-sobre-las-muertes-provocadas-por-la-caida-del-techo-en-b-blanca\/#primaryimage\"},\"image\":{\"@id\":\"https:\/\/infoecos.com.ar\/index.php\/conmovedora-descripcion-sobre-las-muertes-provocadas-por-la-caida-del-techo-en-b-blanca\/#primaryimage\"},\"thumbnailUrl\":\"https:\/\/infoecos.com.ar\/wp-content\/uploads\/2023\/12\/image-112.png\",\"datePublished\":\"2023-12-19T02:49:26+00:00\",\"dateModified\":\"2023-12-19T18:59:52+00:00\",\"breadcrumb\":{\"@id\":\"https:\/\/infoecos.com.ar\/index.php\/conmovedora-descripcion-sobre-las-muertes-provocadas-por-la-caida-del-techo-en-b-blanca\/#breadcrumb\"},\"inLanguage\":\"es\",\"potentialAction\":[{\"@type\":\"ReadAction\",\"target\":[\"https:\/\/infoecos.com.ar\/index.php\/conmovedora-descripcion-sobre-las-muertes-provocadas-por-la-caida-del-techo-en-b-blanca\/\"]}]},{\"@type\":\"ImageObject\",\"inLanguage\":\"es\",\"@id\":\"https:\/\/infoecos.com.ar\/index.php\/conmovedora-descripcion-sobre-las-muertes-provocadas-por-la-caida-del-techo-en-b-blanca\/#primaryimage\",\"url\":\"https:\/\/infoecos.com.ar\/wp-content\/uploads\/2023\/12\/image-112.png\",\"contentUrl\":\"https:\/\/infoecos.com.ar\/wp-content\/uploads\/2023\/12\/image-112.png\",\"width\":1024,\"height\":569},{\"@type\":\"BreadcrumbList\",\"@id\":\"https:\/\/infoecos.com.ar\/index.php\/conmovedora-descripcion-sobre-las-muertes-provocadas-por-la-caida-del-techo-en-b-blanca\/#breadcrumb\",\"itemListElement\":[{\"@type\":\"ListItem\",\"position\":1,\"name\":\"Portada\",\"item\":\"https:\/\/infoecos.com.ar\/\"},{\"@type\":\"ListItem\",\"position\":2,\"name\":\"Conmovedora descripci\u00f3n sobre las muertes provocadas por la caida del techo en B.Blanca\"}]},{\"@type\":\"WebSite\",\"@id\":\"https:\/\/infoecos.com.ar\/#website\",\"url\":\"https:\/\/infoecos.com.ar\/\",\"name\":\"Infoecos\",\"description\":\"Noticias de trenque lauquen y la zona\",\"publisher\":{\"@id\":\"https:\/\/infoecos.com.ar\/#organization\"},\"alternateName\":\"Noticias\",\"potentialAction\":[{\"@type\":\"SearchAction\",\"target\":{\"@type\":\"EntryPoint\",\"urlTemplate\":\"https:\/\/infoecos.com.ar\/?s={search_term_string}\"},\"query-input\":{\"@type\":\"PropertyValueSpecification\",\"valueRequired\":true,\"valueName\":\"search_term_string\"}}],\"inLanguage\":\"es\"},{\"@type\":\"Organization\",\"@id\":\"https:\/\/infoecos.com.ar\/#organization\",\"name\":\"Infoecos\",\"alternateName\":\"Noticias\",\"url\":\"https:\/\/infoecos.com.ar\/\",\"logo\":{\"@type\":\"ImageObject\",\"inLanguage\":\"es\",\"@id\":\"https:\/\/infoecos.com.ar\/#\/schema\/logo\/image\/\",\"url\":\"https:\/\/infoecos.com.ar\/wp-content\/uploads\/2024\/03\/cropped-logo.png\",\"contentUrl\":\"https:\/\/infoecos.com.ar\/wp-content\/uploads\/2024\/03\/cropped-logo.png\",\"width\":374,\"height\":90,\"caption\":\"Infoecos\"},\"image\":{\"@id\":\"https:\/\/infoecos.com.ar\/#\/schema\/logo\/image\/\"},\"sameAs\":[\"https:\/\/www.facebook.com\/profile.php?id=100063200290284\",\"https:\/\/x.com\/infoecos\"]},{\"@type\":\"Person\",\"@id\":\"https:\/\/infoecos.com.ar\/#\/schema\/person\/8f5ace5ce73b4b4aac4b7245aee6f191\",\"name\":\"Jorge Matheus\",\"url\":\"https:\/\/infoecos.com.ar\/index.php\/author\/jomatheus\/\"}]}<\/script>\n<!-- \/ Yoast SEO plugin. -->","yoast_head_json":{"title":"Conmovedora descripci\u00f3n sobre las muertes provocadas por la caida del techo en B.Blanca - Infoecos","robots":{"index":"index","follow":"follow","max-snippet":"max-snippet:-1","max-image-preview":"max-image-preview:large","max-video-preview":"max-video-preview:-1"},"canonical":"https:\/\/infoecos.com.ar\/index.php\/conmovedora-descripcion-sobre-las-muertes-provocadas-por-la-caida-del-techo-en-b-blanca\/","og_locale":"es_ES","og_type":"article","og_title":"Conmovedora descripci\u00f3n sobre las muertes provocadas por la caida del techo en B.Blanca - Infoecos","og_description":"Nota publicada textualmente y tomada de la p\u00e1gina web del matutino bahiense","og_url":"https:\/\/infoecos.com.ar\/index.php\/conmovedora-descripcion-sobre-las-muertes-provocadas-por-la-caida-del-techo-en-b-blanca\/","og_site_name":"Infoecos","article_publisher":"https:\/\/www.facebook.com\/profile.php?id=100063200290284","article_published_time":"2023-12-19T02:49:26+00:00","article_modified_time":"2023-12-19T18:59:52+00:00","og_image":[{"width":1024,"height":569,"url":"https:\/\/infoecos.com.ar\/wp-content\/uploads\/2023\/12\/image-112.png","type":"image\/png"}],"author":"Jorge Matheus","twitter_card":"summary_large_image","twitter_creator":"@infoecos","twitter_site":"@infoecos","twitter_misc":{"Escrito por":"Jorge Matheus","Tiempo de lectura":"3 minutos"},"schema":{"@context":"https:\/\/schema.org","@graph":[{"@type":"Article","@id":"https:\/\/infoecos.com.ar\/index.php\/conmovedora-descripcion-sobre-las-muertes-provocadas-por-la-caida-del-techo-en-b-blanca\/#article","isPartOf":{"@id":"https:\/\/infoecos.com.ar\/index.php\/conmovedora-descripcion-sobre-las-muertes-provocadas-por-la-caida-del-techo-en-b-blanca\/"},"author":{"name":"Jorge Matheus","@id":"https:\/\/infoecos.com.ar\/#\/schema\/person\/8f5ace5ce73b4b4aac4b7245aee6f191"},"headline":"Conmovedora descripci\u00f3n sobre las muertes provocadas por la caida del techo en B.Blanca","datePublished":"2023-12-19T02:49:26+00:00","dateModified":"2023-12-19T18:59:52+00:00","mainEntityOfPage":{"@id":"https:\/\/infoecos.com.ar\/index.php\/conmovedora-descripcion-sobre-las-muertes-provocadas-por-la-caida-del-techo-en-b-blanca\/"},"wordCount":522,"publisher":{"@id":"https:\/\/infoecos.com.ar\/#organization"},"image":{"@id":"https:\/\/infoecos.com.ar\/index.php\/conmovedora-descripcion-sobre-las-muertes-provocadas-por-la-caida-del-techo-en-b-blanca\/#primaryimage"},"thumbnailUrl":"https:\/\/infoecos.com.ar\/wp-content\/uploads\/2023\/12\/image-112.png","keywords":["lanueva.com"],"articleSection":["C1 N2"],"inLanguage":"es"},{"@type":"WebPage","@id":"https:\/\/infoecos.com.ar\/index.php\/conmovedora-descripcion-sobre-las-muertes-provocadas-por-la-caida-del-techo-en-b-blanca\/","url":"https:\/\/infoecos.com.ar\/index.php\/conmovedora-descripcion-sobre-las-muertes-provocadas-por-la-caida-del-techo-en-b-blanca\/","name":"Conmovedora descripci\u00f3n sobre las muertes provocadas por la caida del techo en B.Blanca - Infoecos","isPartOf":{"@id":"https:\/\/infoecos.com.ar\/#website"},"primaryImageOfPage":{"@id":"https:\/\/infoecos.com.ar\/index.php\/conmovedora-descripcion-sobre-las-muertes-provocadas-por-la-caida-del-techo-en-b-blanca\/#primaryimage"},"image":{"@id":"https:\/\/infoecos.com.ar\/index.php\/conmovedora-descripcion-sobre-las-muertes-provocadas-por-la-caida-del-techo-en-b-blanca\/#primaryimage"},"thumbnailUrl":"https:\/\/infoecos.com.ar\/wp-content\/uploads\/2023\/12\/image-112.png","datePublished":"2023-12-19T02:49:26+00:00","dateModified":"2023-12-19T18:59:52+00:00","breadcrumb":{"@id":"https:\/\/infoecos.com.ar\/index.php\/conmovedora-descripcion-sobre-las-muertes-provocadas-por-la-caida-del-techo-en-b-blanca\/#breadcrumb"},"inLanguage":"es","potentialAction":[{"@type":"ReadAction","target":["https:\/\/infoecos.com.ar\/index.php\/conmovedora-descripcion-sobre-las-muertes-provocadas-por-la-caida-del-techo-en-b-blanca\/"]}]},{"@type":"ImageObject","inLanguage":"es","@id":"https:\/\/infoecos.com.ar\/index.php\/conmovedora-descripcion-sobre-las-muertes-provocadas-por-la-caida-del-techo-en-b-blanca\/#primaryimage","url":"https:\/\/infoecos.com.ar\/wp-content\/uploads\/2023\/12\/image-112.png","contentUrl":"https:\/\/infoecos.com.ar\/wp-content\/uploads\/2023\/12\/image-112.png","width":1024,"height":569},{"@type":"BreadcrumbList","@id":"https:\/\/infoecos.com.ar\/index.php\/conmovedora-descripcion-sobre-las-muertes-provocadas-por-la-caida-del-techo-en-b-blanca\/#breadcrumb","itemListElement":[{"@type":"ListItem","position":1,"name":"Portada","item":"https:\/\/infoecos.com.ar\/"},{"@type":"ListItem","position":2,"name":"Conmovedora descripci\u00f3n sobre las muertes provocadas por la caida del techo en B.Blanca"}]},{"@type":"WebSite","@id":"https:\/\/infoecos.com.ar\/#website","url":"https:\/\/infoecos.com.ar\/","name":"Infoecos","description":"Noticias de trenque lauquen y la zona","publisher":{"@id":"https:\/\/infoecos.com.ar\/#organization"},"alternateName":"Noticias","potentialAction":[{"@type":"SearchAction","target":{"@type":"EntryPoint","urlTemplate":"https:\/\/infoecos.com.ar\/?s={search_term_string}"},"query-input":{"@type":"PropertyValueSpecification","valueRequired":true,"valueName":"search_term_string"}}],"inLanguage":"es"},{"@type":"Organization","@id":"https:\/\/infoecos.com.ar\/#organization","name":"Infoecos","alternateName":"Noticias","url":"https:\/\/infoecos.com.ar\/","logo":{"@type":"ImageObject","inLanguage":"es","@id":"https:\/\/infoecos.com.ar\/#\/schema\/logo\/image\/","url":"https:\/\/infoecos.com.ar\/wp-content\/uploads\/2024\/03\/cropped-logo.png","contentUrl":"https:\/\/infoecos.com.ar\/wp-content\/uploads\/2024\/03\/cropped-logo.png","width":374,"height":90,"caption":"Infoecos"},"image":{"@id":"https:\/\/infoecos.com.ar\/#\/schema\/logo\/image\/"},"sameAs":["https:\/\/www.facebook.com\/profile.php?id=100063200290284","https:\/\/x.com\/infoecos"]},{"@type":"Person","@id":"https:\/\/infoecos.com.ar\/#\/schema\/person\/8f5ace5ce73b4b4aac4b7245aee6f191","name":"Jorge Matheus","url":"https:\/\/infoecos.com.ar\/index.php\/author\/jomatheus\/"}]}},"featured_image_urls":{"full":["https:\/\/infoecos.com.ar\/wp-content\/uploads\/2023\/12\/image-112.png",1024,569,false],"thumbnail":["https:\/\/infoecos.com.ar\/wp-content\/uploads\/2023\/12\/image-112-300x150.png",300,150,true],"medium":["https:\/\/infoecos.com.ar\/wp-content\/uploads\/2023\/12\/image-112-800x445.png",800,445,true],"medium_large":["https:\/\/infoecos.com.ar\/wp-content\/uploads\/2023\/12\/image-112-768x427.png",640,356,true],"large":["https:\/\/infoecos.com.ar\/wp-content\/uploads\/2023\/12\/image-112.png",640,356,false],"1536x1536":["https:\/\/infoecos.com.ar\/wp-content\/uploads\/2023\/12\/image-112.png",1024,569,false],"2048x2048":["https:\/\/infoecos.com.ar\/wp-content\/uploads\/2023\/12\/image-112.png",1024,569,false],"covernews-slider-full":["https:\/\/infoecos.com.ar\/wp-content\/uploads\/2023\/12\/image-112.png",1024,569,false],"covernews-slider-center":["https:\/\/infoecos.com.ar\/wp-content\/uploads\/2023\/12\/image-112-936x569.png",800,486,true],"covernews-featured":["https:\/\/infoecos.com.ar\/wp-content\/uploads\/2023\/12\/image-112.png",1024,569,false],"covernews-medium":["https:\/\/infoecos.com.ar\/wp-content\/uploads\/2023\/12\/image-112-720x380.png",540,285,true],"covernews-medium-square":["https:\/\/infoecos.com.ar\/wp-content\/uploads\/2023\/12\/image-112-675x450.png",375,250,true]},"author_info":{"info":["Jorge Matheus"]},"category_info":"<a href=\"https:\/\/infoecos.com.ar\/index.php\/category\/c1nota2\/\" rel=\"category tag\">C1 N2<\/a>","tag_info":"C1 N2","comment_count":"0","_links":{"self":[{"href":"https:\/\/infoecos.com.ar\/index.php\/wp-json\/wp\/v2\/posts\/116533"}],"collection":[{"href":"https:\/\/infoecos.com.ar\/index.php\/wp-json\/wp\/v2\/posts"}],"about":[{"href":"https:\/\/infoecos.com.ar\/index.php\/wp-json\/wp\/v2\/types\/post"}],"author":[{"embeddable":true,"href":"https:\/\/infoecos.com.ar\/index.php\/wp-json\/wp\/v2\/users\/2"}],"replies":[{"embeddable":true,"href":"https:\/\/infoecos.com.ar\/index.php\/wp-json\/wp\/v2\/comments?post=116533"}],"version-history":[{"count":2,"href":"https:\/\/infoecos.com.ar\/index.php\/wp-json\/wp\/v2\/posts\/116533\/revisions"}],"predecessor-version":[{"id":116556,"href":"https:\/\/infoecos.com.ar\/index.php\/wp-json\/wp\/v2\/posts\/116533\/revisions\/116556"}],"wp:featuredmedia":[{"embeddable":true,"href":"https:\/\/infoecos.com.ar\/index.php\/wp-json\/wp\/v2\/media\/116535"}],"wp:attachment":[{"href":"https:\/\/infoecos.com.ar\/index.php\/wp-json\/wp\/v2\/media?parent=116533"}],"wp:term":[{"taxonomy":"category","embeddable":true,"href":"https:\/\/infoecos.com.ar\/index.php\/wp-json\/wp\/v2\/categories?post=116533"},{"taxonomy":"post_tag","embeddable":true,"href":"https:\/\/infoecos.com.ar\/index.php\/wp-json\/wp\/v2\/tags?post=116533"}],"curies":[{"name":"wp","href":"https:\/\/api.w.org\/{rel}","templated":true}]}}