{"id":116588,"date":"2023-12-20T10:46:35","date_gmt":"2023-12-20T13:46:35","guid":{"rendered":"https:\/\/infoecos.com.ar\/?p=116588"},"modified":"2023-12-20T10:46:36","modified_gmt":"2023-12-20T13:46:36","slug":"sundbland-cumplio-112-anos-y-este-martes-hubo-festejo","status":"publish","type":"post","link":"https:\/\/infoecos.com.ar\/index.php\/sundbland-cumplio-112-anos-y-este-martes-hubo-festejo\/","title":{"rendered":"Sundbland cumpli\u00f3 112 a\u00f1os y este martes hubo festejo"},"content":{"rendered":"\n<p>Sundbland ya tiene 112 a\u00f1os. El martes se realizaron los festejos.<\/p>\n\n\n\n<figure class=\"wp-block-image aligncenter size-full is-resized\"><img loading=\"lazy\" decoding=\"async\" src=\"https:\/\/infoecos.com.ar\/wp-content\/uploads\/2023\/12\/image-123.png\" alt=\"\" class=\"wp-image-116590\" width=\"353\" height=\"265\" srcset=\"https:\/\/infoecos.com.ar\/wp-content\/uploads\/2023\/12\/image-123.png 960w, https:\/\/infoecos.com.ar\/wp-content\/uploads\/2023\/12\/image-123-800x600.png 800w, https:\/\/infoecos.com.ar\/wp-content\/uploads\/2023\/12\/image-123-768x576.png 768w\" sizes=\"(max-width: 353px) 100vw, 353px\" \/><\/figure>\n\n\n\n<p>Estuvo presente el Intendente Municipal de Rivadavia Juan Alberto Mart\u00ednez, concejales, la Inspectora Jefe Distrital, Marta Cucurull, el Delegado de Roosevelt, funcionarios del gobierno municipal, Directora de la E.P. 12, Carolina Juan, Docente de JIRIMM N\u00ba 3 con direcci\u00f3n a cargo Roxana Valenzuela, alumnos, familias, vecinos de la comunidad.<\/p>\n\n\n\n<figure class=\"wp-block-image aligncenter size-full is-resized\"><img loading=\"lazy\" decoding=\"async\" src=\"https:\/\/infoecos.com.ar\/wp-content\/uploads\/2023\/12\/image-124.png\" alt=\"\" class=\"wp-image-116591\" width=\"359\" height=\"269\" srcset=\"https:\/\/infoecos.com.ar\/wp-content\/uploads\/2023\/12\/image-124.png 960w, https:\/\/infoecos.com.ar\/wp-content\/uploads\/2023\/12\/image-124-800x600.png 800w, https:\/\/infoecos.com.ar\/wp-content\/uploads\/2023\/12\/image-124-768x576.png 768w\" sizes=\"(max-width: 359px) 100vw, 359px\" \/><\/figure>\n\n\n\n<p>Se\u00a0recorri\u00f3 el circuito \u201cPatrimonio y turismo. Revalorizaci\u00f3n comunitaria de historias, identidades y derechos en la localidad rural de Sundblad\u201d, y en el Club Juventud Unida se comparti\u00f3 la torta del aniversario y desarroll\u00f3 un espect\u00e1culo folclore con Carlos Pinassi y su hija Antonella.<\/p>\n\n\n\n<p><\/p>\n","protected":false},"excerpt":{"rendered":"<p>Se\u00a0recorri\u00f3 el circuito \u201cPatrimonio y turismo. Revalorizaci\u00f3n comunitaria de historias, identidades y derechos en la localidad rural de Sundblad\u201d, y la celebraci\u00f3n se complet\u00f3 en el club Juventud Unida<\/p>\n","protected":false},"author":2,"featured_media":116591,"comment_status":"closed","ping_status":"open","sticky":false,"template":"","format":"standard","meta":{"footnotes":""},"categories":[49],"tags":[9746],"class_list":["post-116588","post","type-post","status-publish","format-standard","has-post-thumbnail","hentry","category-c3nota3","tag-estuvieron-las-autoridades-comunales"],"yoast_head":"<!-- This site is optimized with the Yoast SEO plugin v23.4 - https:\/\/yoast.com\/wordpress\/plugins\/seo\/ -->\n<title>Sundbland cumpli\u00f3 112 a\u00f1os y este martes hubo festejo - Infoecos<\/title>\n<meta name=\"robots\" content=\"index, follow, max-snippet:-1, max-image-preview:large, max-video-preview:-1\" \/>\n<link rel=\"canonical\" href=\"https:\/\/infoecos.com.ar\/index.php\/sundbland-cumplio-112-anos-y-este-martes-hubo-festejo\/\" \/>\n<meta property=\"og:locale\" content=\"es_ES\" \/>\n<meta property=\"og:type\" content=\"article\" \/>\n<meta property=\"og:title\" content=\"Sundbland cumpli\u00f3 112 a\u00f1os y este martes hubo festejo - Infoecos\" \/>\n<meta property=\"og:description\" content=\"Se\u00a0recorri\u00f3 el circuito \u201cPatrimonio y turismo. Revalorizaci\u00f3n comunitaria de historias, identidades y derechos en la localidad rural de Sundblad\u201d, y la celebraci\u00f3n se complet\u00f3 en el club Juventud Unida\" \/>\n<meta property=\"og:url\" content=\"https:\/\/infoecos.com.ar\/index.php\/sundbland-cumplio-112-anos-y-este-martes-hubo-festejo\/\" \/>\n<meta property=\"og:site_name\" content=\"Infoecos\" \/>\n<meta property=\"article:publisher\" content=\"https:\/\/www.facebook.com\/profile.php?id=100063200290284\" \/>\n<meta property=\"article:published_time\" content=\"2023-12-20T13:46:35+00:00\" \/>\n<meta property=\"article:modified_time\" content=\"2023-12-20T13:46:36+00:00\" \/>\n<meta property=\"og:image\" content=\"https:\/\/infoecos.com.ar\/wp-content\/uploads\/2023\/12\/image-124.png\" \/>\n\t<meta property=\"og:image:width\" content=\"960\" \/>\n\t<meta property=\"og:image:height\" content=\"720\" \/>\n\t<meta property=\"og:image:type\" content=\"image\/png\" \/>\n<meta name=\"author\" content=\"Jorge Matheus\" \/>\n<meta name=\"twitter:card\" content=\"summary_large_image\" \/>\n<meta name=\"twitter:creator\" content=\"@infoecos\" \/>\n<meta name=\"twitter:site\" content=\"@infoecos\" \/>\n<meta name=\"twitter:label1\" content=\"Escrito por\" \/>\n\t<meta name=\"twitter:data1\" content=\"Jorge Matheus\" \/>\n\t<meta name=\"twitter:label2\" content=\"Tiempo de lectura\" \/>\n\t<meta name=\"twitter:data2\" content=\"1 minuto\" \/>\n<script type=\"application\/ld+json\" class=\"yoast-schema-graph\">{\"@context\":\"https:\/\/schema.org\",\"@graph\":[{\"@type\":\"Article\",\"@id\":\"https:\/\/infoecos.com.ar\/index.php\/sundbland-cumplio-112-anos-y-este-martes-hubo-festejo\/#article\",\"isPartOf\":{\"@id\":\"https:\/\/infoecos.com.ar\/index.php\/sundbland-cumplio-112-anos-y-este-martes-hubo-festejo\/\"},\"author\":{\"name\":\"Jorge Matheus\",\"@id\":\"https:\/\/infoecos.com.ar\/#\/schema\/person\/8f5ace5ce73b4b4aac4b7245aee6f191\"},\"headline\":\"Sundbland cumpli\u00f3 112 a\u00f1os y este martes hubo festejo\",\"datePublished\":\"2023-12-20T13:46:35+00:00\",\"dateModified\":\"2023-12-20T13:46:36+00:00\",\"mainEntityOfPage\":{\"@id\":\"https:\/\/infoecos.com.ar\/index.php\/sundbland-cumplio-112-anos-y-este-martes-hubo-festejo\/\"},\"wordCount\":116,\"publisher\":{\"@id\":\"https:\/\/infoecos.com.ar\/#organization\"},\"image\":{\"@id\":\"https:\/\/infoecos.com.ar\/index.php\/sundbland-cumplio-112-anos-y-este-martes-hubo-festejo\/#primaryimage\"},\"thumbnailUrl\":\"https:\/\/infoecos.com.ar\/wp-content\/uploads\/2023\/12\/image-124.png\",\"keywords\":[\"estuvieron las autoridades comunales\"],\"articleSection\":[\"C3 N3\"],\"inLanguage\":\"es\"},{\"@type\":\"WebPage\",\"@id\":\"https:\/\/infoecos.com.ar\/index.php\/sundbland-cumplio-112-anos-y-este-martes-hubo-festejo\/\",\"url\":\"https:\/\/infoecos.com.ar\/index.php\/sundbland-cumplio-112-anos-y-este-martes-hubo-festejo\/\",\"name\":\"Sundbland cumpli\u00f3 112 a\u00f1os y este martes hubo festejo - Infoecos\",\"isPartOf\":{\"@id\":\"https:\/\/infoecos.com.ar\/#website\"},\"primaryImageOfPage\":{\"@id\":\"https:\/\/infoecos.com.ar\/index.php\/sundbland-cumplio-112-anos-y-este-martes-hubo-festejo\/#primaryimage\"},\"image\":{\"@id\":\"https:\/\/infoecos.com.ar\/index.php\/sundbland-cumplio-112-anos-y-este-martes-hubo-festejo\/#primaryimage\"},\"thumbnailUrl\":\"https:\/\/infoecos.com.ar\/wp-content\/uploads\/2023\/12\/image-124.png\",\"datePublished\":\"2023-12-20T13:46:35+00:00\",\"dateModified\":\"2023-12-20T13:46:36+00:00\",\"breadcrumb\":{\"@id\":\"https:\/\/infoecos.com.ar\/index.php\/sundbland-cumplio-112-anos-y-este-martes-hubo-festejo\/#breadcrumb\"},\"inLanguage\":\"es\",\"potentialAction\":[{\"@type\":\"ReadAction\",\"target\":[\"https:\/\/infoecos.com.ar\/index.php\/sundbland-cumplio-112-anos-y-este-martes-hubo-festejo\/\"]}]},{\"@type\":\"ImageObject\",\"inLanguage\":\"es\",\"@id\":\"https:\/\/infoecos.com.ar\/index.php\/sundbland-cumplio-112-anos-y-este-martes-hubo-festejo\/#primaryimage\",\"url\":\"https:\/\/infoecos.com.ar\/wp-content\/uploads\/2023\/12\/image-124.png\",\"contentUrl\":\"https:\/\/infoecos.com.ar\/wp-content\/uploads\/2023\/12\/image-124.png\",\"width\":960,\"height\":720},{\"@type\":\"BreadcrumbList\",\"@id\":\"https:\/\/infoecos.com.ar\/index.php\/sundbland-cumplio-112-anos-y-este-martes-hubo-festejo\/#breadcrumb\",\"itemListElement\":[{\"@type\":\"ListItem\",\"position\":1,\"name\":\"Portada\",\"item\":\"https:\/\/infoecos.com.ar\/\"},{\"@type\":\"ListItem\",\"position\":2,\"name\":\"Sundbland cumpli\u00f3 112 a\u00f1os y este martes hubo festejo\"}]},{\"@type\":\"WebSite\",\"@id\":\"https:\/\/infoecos.com.ar\/#website\",\"url\":\"https:\/\/infoecos.com.ar\/\",\"name\":\"Infoecos\",\"description\":\"Noticias de trenque lauquen y la zona\",\"publisher\":{\"@id\":\"https:\/\/infoecos.com.ar\/#organization\"},\"alternateName\":\"Noticias\",\"potentialAction\":[{\"@type\":\"SearchAction\",\"target\":{\"@type\":\"EntryPoint\",\"urlTemplate\":\"https:\/\/infoecos.com.ar\/?s={search_term_string}\"},\"query-input\":{\"@type\":\"PropertyValueSpecification\",\"valueRequired\":true,\"valueName\":\"search_term_string\"}}],\"inLanguage\":\"es\"},{\"@type\":\"Organization\",\"@id\":\"https:\/\/infoecos.com.ar\/#organization\",\"name\":\"Infoecos\",\"alternateName\":\"Noticias\",\"url\":\"https:\/\/infoecos.com.ar\/\",\"logo\":{\"@type\":\"ImageObject\",\"inLanguage\":\"es\",\"@id\":\"https:\/\/infoecos.com.ar\/#\/schema\/logo\/image\/\",\"url\":\"https:\/\/infoecos.com.ar\/wp-content\/uploads\/2024\/03\/cropped-logo.png\",\"contentUrl\":\"https:\/\/infoecos.com.ar\/wp-content\/uploads\/2024\/03\/cropped-logo.png\",\"width\":374,\"height\":90,\"caption\":\"Infoecos\"},\"image\":{\"@id\":\"https:\/\/infoecos.com.ar\/#\/schema\/logo\/image\/\"},\"sameAs\":[\"https:\/\/www.facebook.com\/profile.php?id=100063200290284\",\"https:\/\/x.com\/infoecos\"]},{\"@type\":\"Person\",\"@id\":\"https:\/\/infoecos.com.ar\/#\/schema\/person\/8f5ace5ce73b4b4aac4b7245aee6f191\",\"name\":\"Jorge Matheus\",\"url\":\"https:\/\/infoecos.com.ar\/index.php\/author\/jomatheus\/\"}]}<\/script>\n<!-- \/ Yoast SEO plugin. -->","yoast_head_json":{"title":"Sundbland cumpli\u00f3 112 a\u00f1os y este martes hubo festejo - Infoecos","robots":{"index":"index","follow":"follow","max-snippet":"max-snippet:-1","max-image-preview":"max-image-preview:large","max-video-preview":"max-video-preview:-1"},"canonical":"https:\/\/infoecos.com.ar\/index.php\/sundbland-cumplio-112-anos-y-este-martes-hubo-festejo\/","og_locale":"es_ES","og_type":"article","og_title":"Sundbland cumpli\u00f3 112 a\u00f1os y este martes hubo festejo - Infoecos","og_description":"Se\u00a0recorri\u00f3 el circuito \u201cPatrimonio y turismo. Revalorizaci\u00f3n comunitaria de historias, identidades y derechos en la localidad rural de Sundblad\u201d, y la celebraci\u00f3n se complet\u00f3 en el club Juventud Unida","og_url":"https:\/\/infoecos.com.ar\/index.php\/sundbland-cumplio-112-anos-y-este-martes-hubo-festejo\/","og_site_name":"Infoecos","article_publisher":"https:\/\/www.facebook.com\/profile.php?id=100063200290284","article_published_time":"2023-12-20T13:46:35+00:00","article_modified_time":"2023-12-20T13:46:36+00:00","og_image":[{"width":960,"height":720,"url":"https:\/\/infoecos.com.ar\/wp-content\/uploads\/2023\/12\/image-124.png","type":"image\/png"}],"author":"Jorge Matheus","twitter_card":"summary_large_image","twitter_creator":"@infoecos","twitter_site":"@infoecos","twitter_misc":{"Escrito por":"Jorge Matheus","Tiempo de lectura":"1 minuto"},"schema":{"@context":"https:\/\/schema.org","@graph":[{"@type":"Article","@id":"https:\/\/infoecos.com.ar\/index.php\/sundbland-cumplio-112-anos-y-este-martes-hubo-festejo\/#article","isPartOf":{"@id":"https:\/\/infoecos.com.ar\/index.php\/sundbland-cumplio-112-anos-y-este-martes-hubo-festejo\/"},"author":{"name":"Jorge Matheus","@id":"https:\/\/infoecos.com.ar\/#\/schema\/person\/8f5ace5ce73b4b4aac4b7245aee6f191"},"headline":"Sundbland cumpli\u00f3 112 a\u00f1os y este martes hubo festejo","datePublished":"2023-12-20T13:46:35+00:00","dateModified":"2023-12-20T13:46:36+00:00","mainEntityOfPage":{"@id":"https:\/\/infoecos.com.ar\/index.php\/sundbland-cumplio-112-anos-y-este-martes-hubo-festejo\/"},"wordCount":116,"publisher":{"@id":"https:\/\/infoecos.com.ar\/#organization"},"image":{"@id":"https:\/\/infoecos.com.ar\/index.php\/sundbland-cumplio-112-anos-y-este-martes-hubo-festejo\/#primaryimage"},"thumbnailUrl":"https:\/\/infoecos.com.ar\/wp-content\/uploads\/2023\/12\/image-124.png","keywords":["estuvieron las autoridades comunales"],"articleSection":["C3 N3"],"inLanguage":"es"},{"@type":"WebPage","@id":"https:\/\/infoecos.com.ar\/index.php\/sundbland-cumplio-112-anos-y-este-martes-hubo-festejo\/","url":"https:\/\/infoecos.com.ar\/index.php\/sundbland-cumplio-112-anos-y-este-martes-hubo-festejo\/","name":"Sundbland cumpli\u00f3 112 a\u00f1os y este martes hubo festejo - Infoecos","isPartOf":{"@id":"https:\/\/infoecos.com.ar\/#website"},"primaryImageOfPage":{"@id":"https:\/\/infoecos.com.ar\/index.php\/sundbland-cumplio-112-anos-y-este-martes-hubo-festejo\/#primaryimage"},"image":{"@id":"https:\/\/infoecos.com.ar\/index.php\/sundbland-cumplio-112-anos-y-este-martes-hubo-festejo\/#primaryimage"},"thumbnailUrl":"https:\/\/infoecos.com.ar\/wp-content\/uploads\/2023\/12\/image-124.png","datePublished":"2023-12-20T13:46:35+00:00","dateModified":"2023-12-20T13:46:36+00:00","breadcrumb":{"@id":"https:\/\/infoecos.com.ar\/index.php\/sundbland-cumplio-112-anos-y-este-martes-hubo-festejo\/#breadcrumb"},"inLanguage":"es","potentialAction":[{"@type":"ReadAction","target":["https:\/\/infoecos.com.ar\/index.php\/sundbland-cumplio-112-anos-y-este-martes-hubo-festejo\/"]}]},{"@type":"ImageObject","inLanguage":"es","@id":"https:\/\/infoecos.com.ar\/index.php\/sundbland-cumplio-112-anos-y-este-martes-hubo-festejo\/#primaryimage","url":"https:\/\/infoecos.com.ar\/wp-content\/uploads\/2023\/12\/image-124.png","contentUrl":"https:\/\/infoecos.com.ar\/wp-content\/uploads\/2023\/12\/image-124.png","width":960,"height":720},{"@type":"BreadcrumbList","@id":"https:\/\/infoecos.com.ar\/index.php\/sundbland-cumplio-112-anos-y-este-martes-hubo-festejo\/#breadcrumb","itemListElement":[{"@type":"ListItem","position":1,"name":"Portada","item":"https:\/\/infoecos.com.ar\/"},{"@type":"ListItem","position":2,"name":"Sundbland cumpli\u00f3 112 a\u00f1os y este martes hubo festejo"}]},{"@type":"WebSite","@id":"https:\/\/infoecos.com.ar\/#website","url":"https:\/\/infoecos.com.ar\/","name":"Infoecos","description":"Noticias de trenque lauquen y la zona","publisher":{"@id":"https:\/\/infoecos.com.ar\/#organization"},"alternateName":"Noticias","potentialAction":[{"@type":"SearchAction","target":{"@type":"EntryPoint","urlTemplate":"https:\/\/infoecos.com.ar\/?s={search_term_string}"},"query-input":{"@type":"PropertyValueSpecification","valueRequired":true,"valueName":"search_term_string"}}],"inLanguage":"es"},{"@type":"Organization","@id":"https:\/\/infoecos.com.ar\/#organization","name":"Infoecos","alternateName":"Noticias","url":"https:\/\/infoecos.com.ar\/","logo":{"@type":"ImageObject","inLanguage":"es","@id":"https:\/\/infoecos.com.ar\/#\/schema\/logo\/image\/","url":"https:\/\/infoecos.com.ar\/wp-content\/uploads\/2024\/03\/cropped-logo.png","contentUrl":"https:\/\/infoecos.com.ar\/wp-content\/uploads\/2024\/03\/cropped-logo.png","width":374,"height":90,"caption":"Infoecos"},"image":{"@id":"https:\/\/infoecos.com.ar\/#\/schema\/logo\/image\/"},"sameAs":["https:\/\/www.facebook.com\/profile.php?id=100063200290284","https:\/\/x.com\/infoecos"]},{"@type":"Person","@id":"https:\/\/infoecos.com.ar\/#\/schema\/person\/8f5ace5ce73b4b4aac4b7245aee6f191","name":"Jorge Matheus","url":"https:\/\/infoecos.com.ar\/index.php\/author\/jomatheus\/"}]}},"featured_image_urls":{"full":["https:\/\/infoecos.com.ar\/wp-content\/uploads\/2023\/12\/image-124.png",960,720,false],"thumbnail":["https:\/\/infoecos.com.ar\/wp-content\/uploads\/2023\/12\/image-124-300x150.png",300,150,true],"medium":["https:\/\/infoecos.com.ar\/wp-content\/uploads\/2023\/12\/image-124-800x600.png",800,600,true],"medium_large":["https:\/\/infoecos.com.ar\/wp-content\/uploads\/2023\/12\/image-124-768x576.png",640,480,true],"large":["https:\/\/infoecos.com.ar\/wp-content\/uploads\/2023\/12\/image-124.png",640,480,false],"1536x1536":["https:\/\/infoecos.com.ar\/wp-content\/uploads\/2023\/12\/image-124.png",960,720,false],"2048x2048":["https:\/\/infoecos.com.ar\/wp-content\/uploads\/2023\/12\/image-124.png",960,720,false],"covernews-slider-full":["https:\/\/infoecos.com.ar\/wp-content\/uploads\/2023\/12\/image-124.png",953,715,false],"covernews-slider-center":["https:\/\/infoecos.com.ar\/wp-content\/uploads\/2023\/12\/image-124-936x720.png",650,500,true],"covernews-featured":["https:\/\/infoecos.com.ar\/wp-content\/uploads\/2023\/12\/image-124.png",960,720,false],"covernews-medium":["https:\/\/infoecos.com.ar\/wp-content\/uploads\/2023\/12\/image-124-720x380.png",540,285,true],"covernews-medium-square":["https:\/\/infoecos.com.ar\/wp-content\/uploads\/2023\/12\/image-124-675x450.png",375,250,true]},"author_info":{"info":["Jorge Matheus"]},"category_info":"<a href=\"https:\/\/infoecos.com.ar\/index.php\/category\/c3nota3\/\" rel=\"category tag\">C3 N3<\/a>","tag_info":"C3 N3","comment_count":"0","_links":{"self":[{"href":"https:\/\/infoecos.com.ar\/index.php\/wp-json\/wp\/v2\/posts\/116588"}],"collection":[{"href":"https:\/\/infoecos.com.ar\/index.php\/wp-json\/wp\/v2\/posts"}],"about":[{"href":"https:\/\/infoecos.com.ar\/index.php\/wp-json\/wp\/v2\/types\/post"}],"author":[{"embeddable":true,"href":"https:\/\/infoecos.com.ar\/index.php\/wp-json\/wp\/v2\/users\/2"}],"replies":[{"embeddable":true,"href":"https:\/\/infoecos.com.ar\/index.php\/wp-json\/wp\/v2\/comments?post=116588"}],"version-history":[{"count":1,"href":"https:\/\/infoecos.com.ar\/index.php\/wp-json\/wp\/v2\/posts\/116588\/revisions"}],"predecessor-version":[{"id":116592,"href":"https:\/\/infoecos.com.ar\/index.php\/wp-json\/wp\/v2\/posts\/116588\/revisions\/116592"}],"wp:featuredmedia":[{"embeddable":true,"href":"https:\/\/infoecos.com.ar\/index.php\/wp-json\/wp\/v2\/media\/116591"}],"wp:attachment":[{"href":"https:\/\/infoecos.com.ar\/index.php\/wp-json\/wp\/v2\/media?parent=116588"}],"wp:term":[{"taxonomy":"category","embeddable":true,"href":"https:\/\/infoecos.com.ar\/index.php\/wp-json\/wp\/v2\/categories?post=116588"},{"taxonomy":"post_tag","embeddable":true,"href":"https:\/\/infoecos.com.ar\/index.php\/wp-json\/wp\/v2\/tags?post=116588"}],"curies":[{"name":"wp","href":"https:\/\/api.w.org\/{rel}","templated":true}]}}