{"id":116606,"date":"2023-12-20T15:25:22","date_gmt":"2023-12-20T18:25:22","guid":{"rendered":"https:\/\/infoecos.com.ar\/?p=116606"},"modified":"2023-12-20T15:26:31","modified_gmt":"2023-12-20T18:26:31","slug":"el-intendente-de-bahia-blanca-pidio-compromiso-economico-a-las-empresas-del-polo-industrial","status":"publish","type":"post","link":"https:\/\/infoecos.com.ar\/index.php\/el-intendente-de-bahia-blanca-pidio-compromiso-economico-a-las-empresas-del-polo-industrial\/","title":{"rendered":"El intendente de Bah\u00eda Blanca pidi\u00f3 compromiso econ\u00f3mico a las empresas del Polo Industrial"},"content":{"rendered":"\n<figure class=\"wp-block-image alignright size-full is-resized\"><img loading=\"lazy\" decoding=\"async\" src=\"https:\/\/infoecos.com.ar\/wp-content\/uploads\/2023\/12\/image-129.png\" alt=\"\" class=\"wp-image-116609\" width=\"451\" height=\"255\" srcset=\"https:\/\/infoecos.com.ar\/wp-content\/uploads\/2023\/12\/image-129.png 1121w, https:\/\/infoecos.com.ar\/wp-content\/uploads\/2023\/12\/image-129-800x452.png 800w, https:\/\/infoecos.com.ar\/wp-content\/uploads\/2023\/12\/image-129-768x434.png 768w, https:\/\/infoecos.com.ar\/wp-content\/uploads\/2023\/12\/image-129-1024x578.png 1024w\" sizes=\"(max-width: 451px) 100vw, 451px\" \/><\/figure>\n\n\n\n<p>El intendente de Bah\u00eda Blanca, Federico Susbielles, realiz\u00f3 en la ma\u00f1ana de este mi\u00e9rcoles un balance sobre la cr\u00edtica situaci\u00f3n de la ciudad luego del tr\u00e1gico temporal sucedido el s\u00e1bado.<\/p>\n\n\n\n<p>Pidi\u00f3 a las grandes empresas del polo industrial que se comprometan con el aporte de dinero, explic\u00f3 que la Provincia solicit\u00f3 una partida especial a la Naci\u00f3n de 10.000 millones de pesos e inst\u00f3 a las grandes firmas proveedoras de chapa del pa\u00eds a que prioricen el env\u00edo de productos a Bah\u00eda \u00abpor razones humanitarias\u00bb.<\/p>\n\n\n\n<p>\u00abNecesitamos una inversi\u00f3n inicial de 30.000 millones de pesos para reconstruir la ciudad. Ya reconstruimos 200 techos y\u00a0repartimos 20 toneladas de alimentos. Vamos a\u00a0salir a distribuir chapas y tirantes, adem\u00e1s de disponer cinco cocinas de campa\u00f1a a cargo del Ej\u00e9rcito y la Armada\u00bb, coment\u00f3 Susbielles.<\/p>\n\n\n\n<p><strong>Intento de estafa a la campa\u00f1a solidaria de Manu Gin\u00f3bili<\/strong><\/p>\n\n\n\n<figure class=\"wp-block-image alignright size-full is-resized\"><img loading=\"lazy\" decoding=\"async\" src=\"https:\/\/infoecos.com.ar\/wp-content\/uploads\/2023\/12\/image-128.png\" alt=\"\" class=\"wp-image-116608\" width=\"438\" height=\"247\" srcset=\"https:\/\/infoecos.com.ar\/wp-content\/uploads\/2023\/12\/image-128.png 1121w, https:\/\/infoecos.com.ar\/wp-content\/uploads\/2023\/12\/image-128-800x452.png 800w, https:\/\/infoecos.com.ar\/wp-content\/uploads\/2023\/12\/image-128-768x434.png 768w, https:\/\/infoecos.com.ar\/wp-content\/uploads\/2023\/12\/image-128-1024x578.png 1024w\" sizes=\"(max-width: 438px) 100vw, 438px\" \/><\/figure>\n\n\n\n<p>Susbielles\u00a0conden\u00f3 el intento de estafa a la campa\u00f1a solidaria de Manu Gin\u00f3bili y otras figuras destacadas de Bah\u00eda Blanca, que involucra al hijo de una concejala de la ciudad y que gener\u00f3 gran controversia en las \u00faltimas horas. \u00abQuiero pedir responsabilidad\u00bb, dijo el jefe comunal.<\/p>\n\n\n\n<p>El intendente expres\u00f3 su preocupaci\u00f3n.\u00a0\u00abQuiero pedir responsabilidad. Hemos visto una adulteraci\u00f3n en una campa\u00f1a de donaci\u00f3n muy importante. Adem\u00e1s, hay muchas\u00a0<em>fake news<\/em>\u00a0que refieren a accidentes y fallecimientos. Estamos en medio de una tragedia\u00bb, subray\u00f3.<\/p>\n\n\n\n<p>Iv\u00e1n Safar, hijo de la edil Valeria Rodr\u00edguez (Avanza Libertad), y sus amigos alteraron el alias de su billetera electr\u00f3nica, apenas cambiando una letra del original de la campa\u00f1a.<\/p>\n\n\n\n<p>Dijo a los medios de comunicaci\u00f3n que ha instruido al \u00e1rea legal del Municipio para que \u00abrealice las denuncias penales correspondientes\u00bb.<\/p>\n\n\n\n<p><strong>Aporte del Ej\u00e9rcito:<\/strong><\/p>\n\n\n\n<figure class=\"wp-block-image alignright size-full is-resized\"><img loading=\"lazy\" decoding=\"async\" src=\"https:\/\/infoecos.com.ar\/wp-content\/uploads\/2023\/12\/image-127.png\" alt=\"\" class=\"wp-image-116607\" width=\"422\" height=\"237\" srcset=\"https:\/\/infoecos.com.ar\/wp-content\/uploads\/2023\/12\/image-127.png 807w, https:\/\/infoecos.com.ar\/wp-content\/uploads\/2023\/12\/image-127-800x450.png 800w, https:\/\/infoecos.com.ar\/wp-content\/uploads\/2023\/12\/image-127-768x432.png 768w\" sizes=\"(max-width: 422px) 100vw, 422px\" \/><\/figure>\n\n\n\n<p>El Ej\u00e9rcito argentino&nbsp;prepara tres cocinas para ofrecer comida en&nbsp;diferentes puntos de la ciudad y trabaja arduamente en el despeje de varias calles.<\/p>\n\n\n\n<p>Desde el domingo en que tomaron intervenci\u00f3n tras el temporal que azot\u00f3 a la ciudad y que dej\u00f3 13 v\u00edctimas fatales, unos 300 efectivos de esa fuerza se encuentran desplegados en diferentes puntos de Bah\u00eda Blanca.<\/p>\n\n\n\n<p>El general de la Tercera Divisi\u00f3n Miguel Ju\u00e1rez dio detalles del operativo que se lleva adelante y sostuvo que se preparan para llegar a puntos calientes con comida.<\/p>\n\n\n\n<p>Cont\u00f3 que la divisi\u00f3n del Ej\u00e9rcito local aport\u00f3 unos 200 hombres y mujeres a los que se suman camiones y camionetas\u00a0y que llegaron 3 unidades militares de respuesta de emergencia compuestas por unos 35 hombres cada una. Las mismas vinieron\u00a0desde Pig\u00fce, Olavarr\u00eda y Santa Rosa.<\/p>\n\n\n\n<p><strong>Fuente y fotos: La Nueva (lanueva.com)<\/strong><\/p>\n","protected":false},"excerpt":{"rendered":"<p>Susbielles\u00a0conden\u00f3 el intento de estafa a la campa\u00f1a solidaria de Manu Gin\u00f3bili. Aporte del Ej\u00e9rcito Argentino <\/p>\n","protected":false},"author":2,"featured_media":116608,"comment_status":"closed","ping_status":"open","sticky":false,"template":"","format":"standard","meta":{"footnotes":""},"categories":[29],"tags":[9751],"class_list":["post-116606","post","type-post","status-publish","format-standard","has-post-thumbnail","hentry","category-c2nota1","tag-la-situacion-en-bahia-blanca"],"yoast_head":"<!-- This site is optimized with the Yoast SEO plugin v23.4 - https:\/\/yoast.com\/wordpress\/plugins\/seo\/ -->\n<title>El intendente de Bah\u00eda Blanca pidi\u00f3 compromiso econ\u00f3mico a las empresas del Polo Industrial - Infoecos<\/title>\n<meta name=\"robots\" content=\"index, follow, max-snippet:-1, max-image-preview:large, max-video-preview:-1\" \/>\n<link rel=\"canonical\" href=\"https:\/\/infoecos.com.ar\/index.php\/el-intendente-de-bahia-blanca-pidio-compromiso-economico-a-las-empresas-del-polo-industrial\/\" \/>\n<meta property=\"og:locale\" content=\"es_ES\" \/>\n<meta property=\"og:type\" content=\"article\" \/>\n<meta property=\"og:title\" content=\"El intendente de Bah\u00eda Blanca pidi\u00f3 compromiso econ\u00f3mico a las empresas del Polo Industrial - Infoecos\" \/>\n<meta property=\"og:description\" content=\"Susbielles\u00a0conden\u00f3 el intento de estafa a la campa\u00f1a solidaria de Manu Gin\u00f3bili. Aporte del Ej\u00e9rcito Argentino\" \/>\n<meta property=\"og:url\" content=\"https:\/\/infoecos.com.ar\/index.php\/el-intendente-de-bahia-blanca-pidio-compromiso-economico-a-las-empresas-del-polo-industrial\/\" \/>\n<meta property=\"og:site_name\" content=\"Infoecos\" \/>\n<meta property=\"article:publisher\" content=\"https:\/\/www.facebook.com\/profile.php?id=100063200290284\" \/>\n<meta property=\"article:published_time\" content=\"2023-12-20T18:25:22+00:00\" \/>\n<meta property=\"article:modified_time\" content=\"2023-12-20T18:26:31+00:00\" \/>\n<meta property=\"og:image\" content=\"https:\/\/infoecos.com.ar\/wp-content\/uploads\/2023\/12\/image-128.png\" \/>\n\t<meta property=\"og:image:width\" content=\"1121\" \/>\n\t<meta property=\"og:image:height\" content=\"633\" \/>\n\t<meta property=\"og:image:type\" content=\"image\/png\" \/>\n<meta name=\"author\" content=\"Jorge Matheus\" \/>\n<meta name=\"twitter:card\" content=\"summary_large_image\" \/>\n<meta name=\"twitter:creator\" content=\"@infoecos\" \/>\n<meta name=\"twitter:site\" content=\"@infoecos\" \/>\n<meta name=\"twitter:label1\" content=\"Escrito por\" \/>\n\t<meta name=\"twitter:data1\" content=\"Jorge Matheus\" \/>\n\t<meta name=\"twitter:label2\" content=\"Tiempo de lectura\" \/>\n\t<meta name=\"twitter:data2\" content=\"3 minutos\" \/>\n<script type=\"application\/ld+json\" class=\"yoast-schema-graph\">{\"@context\":\"https:\/\/schema.org\",\"@graph\":[{\"@type\":\"Article\",\"@id\":\"https:\/\/infoecos.com.ar\/index.php\/el-intendente-de-bahia-blanca-pidio-compromiso-economico-a-las-empresas-del-polo-industrial\/#article\",\"isPartOf\":{\"@id\":\"https:\/\/infoecos.com.ar\/index.php\/el-intendente-de-bahia-blanca-pidio-compromiso-economico-a-las-empresas-del-polo-industrial\/\"},\"author\":{\"name\":\"Jorge Matheus\",\"@id\":\"https:\/\/infoecos.com.ar\/#\/schema\/person\/8f5ace5ce73b4b4aac4b7245aee6f191\"},\"headline\":\"El intendente de Bah\u00eda Blanca pidi\u00f3 compromiso econ\u00f3mico a las empresas del Polo Industrial\",\"datePublished\":\"2023-12-20T18:25:22+00:00\",\"dateModified\":\"2023-12-20T18:26:31+00:00\",\"mainEntityOfPage\":{\"@id\":\"https:\/\/infoecos.com.ar\/index.php\/el-intendente-de-bahia-blanca-pidio-compromiso-economico-a-las-empresas-del-polo-industrial\/\"},\"wordCount\":470,\"publisher\":{\"@id\":\"https:\/\/infoecos.com.ar\/#organization\"},\"image\":{\"@id\":\"https:\/\/infoecos.com.ar\/index.php\/el-intendente-de-bahia-blanca-pidio-compromiso-economico-a-las-empresas-del-polo-industrial\/#primaryimage\"},\"thumbnailUrl\":\"https:\/\/infoecos.com.ar\/wp-content\/uploads\/2023\/12\/image-128.png\",\"keywords\":[\"la situaci\u00f3n en Bah\u00eda Blanca\"],\"articleSection\":[\"C2 nota 1\"],\"inLanguage\":\"es\"},{\"@type\":\"WebPage\",\"@id\":\"https:\/\/infoecos.com.ar\/index.php\/el-intendente-de-bahia-blanca-pidio-compromiso-economico-a-las-empresas-del-polo-industrial\/\",\"url\":\"https:\/\/infoecos.com.ar\/index.php\/el-intendente-de-bahia-blanca-pidio-compromiso-economico-a-las-empresas-del-polo-industrial\/\",\"name\":\"El intendente de Bah\u00eda Blanca pidi\u00f3 compromiso econ\u00f3mico a las empresas del Polo Industrial - Infoecos\",\"isPartOf\":{\"@id\":\"https:\/\/infoecos.com.ar\/#website\"},\"primaryImageOfPage\":{\"@id\":\"https:\/\/infoecos.com.ar\/index.php\/el-intendente-de-bahia-blanca-pidio-compromiso-economico-a-las-empresas-del-polo-industrial\/#primaryimage\"},\"image\":{\"@id\":\"https:\/\/infoecos.com.ar\/index.php\/el-intendente-de-bahia-blanca-pidio-compromiso-economico-a-las-empresas-del-polo-industrial\/#primaryimage\"},\"thumbnailUrl\":\"https:\/\/infoecos.com.ar\/wp-content\/uploads\/2023\/12\/image-128.png\",\"datePublished\":\"2023-12-20T18:25:22+00:00\",\"dateModified\":\"2023-12-20T18:26:31+00:00\",\"breadcrumb\":{\"@id\":\"https:\/\/infoecos.com.ar\/index.php\/el-intendente-de-bahia-blanca-pidio-compromiso-economico-a-las-empresas-del-polo-industrial\/#breadcrumb\"},\"inLanguage\":\"es\",\"potentialAction\":[{\"@type\":\"ReadAction\",\"target\":[\"https:\/\/infoecos.com.ar\/index.php\/el-intendente-de-bahia-blanca-pidio-compromiso-economico-a-las-empresas-del-polo-industrial\/\"]}]},{\"@type\":\"ImageObject\",\"inLanguage\":\"es\",\"@id\":\"https:\/\/infoecos.com.ar\/index.php\/el-intendente-de-bahia-blanca-pidio-compromiso-economico-a-las-empresas-del-polo-industrial\/#primaryimage\",\"url\":\"https:\/\/infoecos.com.ar\/wp-content\/uploads\/2023\/12\/image-128.png\",\"contentUrl\":\"https:\/\/infoecos.com.ar\/wp-content\/uploads\/2023\/12\/image-128.png\",\"width\":1121,\"height\":633},{\"@type\":\"BreadcrumbList\",\"@id\":\"https:\/\/infoecos.com.ar\/index.php\/el-intendente-de-bahia-blanca-pidio-compromiso-economico-a-las-empresas-del-polo-industrial\/#breadcrumb\",\"itemListElement\":[{\"@type\":\"ListItem\",\"position\":1,\"name\":\"Portada\",\"item\":\"https:\/\/infoecos.com.ar\/\"},{\"@type\":\"ListItem\",\"position\":2,\"name\":\"El intendente de Bah\u00eda Blanca pidi\u00f3 compromiso econ\u00f3mico a las empresas del Polo Industrial\"}]},{\"@type\":\"WebSite\",\"@id\":\"https:\/\/infoecos.com.ar\/#website\",\"url\":\"https:\/\/infoecos.com.ar\/\",\"name\":\"Infoecos\",\"description\":\"Noticias de trenque lauquen y la zona\",\"publisher\":{\"@id\":\"https:\/\/infoecos.com.ar\/#organization\"},\"alternateName\":\"Noticias\",\"potentialAction\":[{\"@type\":\"SearchAction\",\"target\":{\"@type\":\"EntryPoint\",\"urlTemplate\":\"https:\/\/infoecos.com.ar\/?s={search_term_string}\"},\"query-input\":{\"@type\":\"PropertyValueSpecification\",\"valueRequired\":true,\"valueName\":\"search_term_string\"}}],\"inLanguage\":\"es\"},{\"@type\":\"Organization\",\"@id\":\"https:\/\/infoecos.com.ar\/#organization\",\"name\":\"Infoecos\",\"alternateName\":\"Noticias\",\"url\":\"https:\/\/infoecos.com.ar\/\",\"logo\":{\"@type\":\"ImageObject\",\"inLanguage\":\"es\",\"@id\":\"https:\/\/infoecos.com.ar\/#\/schema\/logo\/image\/\",\"url\":\"https:\/\/infoecos.com.ar\/wp-content\/uploads\/2024\/03\/cropped-logo.png\",\"contentUrl\":\"https:\/\/infoecos.com.ar\/wp-content\/uploads\/2024\/03\/cropped-logo.png\",\"width\":374,\"height\":90,\"caption\":\"Infoecos\"},\"image\":{\"@id\":\"https:\/\/infoecos.com.ar\/#\/schema\/logo\/image\/\"},\"sameAs\":[\"https:\/\/www.facebook.com\/profile.php?id=100063200290284\",\"https:\/\/x.com\/infoecos\"]},{\"@type\":\"Person\",\"@id\":\"https:\/\/infoecos.com.ar\/#\/schema\/person\/8f5ace5ce73b4b4aac4b7245aee6f191\",\"name\":\"Jorge Matheus\",\"url\":\"https:\/\/infoecos.com.ar\/index.php\/author\/jomatheus\/\"}]}<\/script>\n<!-- \/ Yoast SEO plugin. -->","yoast_head_json":{"title":"El intendente de Bah\u00eda Blanca pidi\u00f3 compromiso econ\u00f3mico a las empresas del Polo Industrial - Infoecos","robots":{"index":"index","follow":"follow","max-snippet":"max-snippet:-1","max-image-preview":"max-image-preview:large","max-video-preview":"max-video-preview:-1"},"canonical":"https:\/\/infoecos.com.ar\/index.php\/el-intendente-de-bahia-blanca-pidio-compromiso-economico-a-las-empresas-del-polo-industrial\/","og_locale":"es_ES","og_type":"article","og_title":"El intendente de Bah\u00eda Blanca pidi\u00f3 compromiso econ\u00f3mico a las empresas del Polo Industrial - Infoecos","og_description":"Susbielles\u00a0conden\u00f3 el intento de estafa a la campa\u00f1a solidaria de Manu Gin\u00f3bili. Aporte del Ej\u00e9rcito Argentino","og_url":"https:\/\/infoecos.com.ar\/index.php\/el-intendente-de-bahia-blanca-pidio-compromiso-economico-a-las-empresas-del-polo-industrial\/","og_site_name":"Infoecos","article_publisher":"https:\/\/www.facebook.com\/profile.php?id=100063200290284","article_published_time":"2023-12-20T18:25:22+00:00","article_modified_time":"2023-12-20T18:26:31+00:00","og_image":[{"width":1121,"height":633,"url":"https:\/\/infoecos.com.ar\/wp-content\/uploads\/2023\/12\/image-128.png","type":"image\/png"}],"author":"Jorge Matheus","twitter_card":"summary_large_image","twitter_creator":"@infoecos","twitter_site":"@infoecos","twitter_misc":{"Escrito por":"Jorge Matheus","Tiempo de lectura":"3 minutos"},"schema":{"@context":"https:\/\/schema.org","@graph":[{"@type":"Article","@id":"https:\/\/infoecos.com.ar\/index.php\/el-intendente-de-bahia-blanca-pidio-compromiso-economico-a-las-empresas-del-polo-industrial\/#article","isPartOf":{"@id":"https:\/\/infoecos.com.ar\/index.php\/el-intendente-de-bahia-blanca-pidio-compromiso-economico-a-las-empresas-del-polo-industrial\/"},"author":{"name":"Jorge Matheus","@id":"https:\/\/infoecos.com.ar\/#\/schema\/person\/8f5ace5ce73b4b4aac4b7245aee6f191"},"headline":"El intendente de Bah\u00eda Blanca pidi\u00f3 compromiso econ\u00f3mico a las empresas del Polo Industrial","datePublished":"2023-12-20T18:25:22+00:00","dateModified":"2023-12-20T18:26:31+00:00","mainEntityOfPage":{"@id":"https:\/\/infoecos.com.ar\/index.php\/el-intendente-de-bahia-blanca-pidio-compromiso-economico-a-las-empresas-del-polo-industrial\/"},"wordCount":470,"publisher":{"@id":"https:\/\/infoecos.com.ar\/#organization"},"image":{"@id":"https:\/\/infoecos.com.ar\/index.php\/el-intendente-de-bahia-blanca-pidio-compromiso-economico-a-las-empresas-del-polo-industrial\/#primaryimage"},"thumbnailUrl":"https:\/\/infoecos.com.ar\/wp-content\/uploads\/2023\/12\/image-128.png","keywords":["la situaci\u00f3n en Bah\u00eda Blanca"],"articleSection":["C2 nota 1"],"inLanguage":"es"},{"@type":"WebPage","@id":"https:\/\/infoecos.com.ar\/index.php\/el-intendente-de-bahia-blanca-pidio-compromiso-economico-a-las-empresas-del-polo-industrial\/","url":"https:\/\/infoecos.com.ar\/index.php\/el-intendente-de-bahia-blanca-pidio-compromiso-economico-a-las-empresas-del-polo-industrial\/","name":"El intendente de Bah\u00eda Blanca pidi\u00f3 compromiso econ\u00f3mico a las empresas del Polo Industrial - Infoecos","isPartOf":{"@id":"https:\/\/infoecos.com.ar\/#website"},"primaryImageOfPage":{"@id":"https:\/\/infoecos.com.ar\/index.php\/el-intendente-de-bahia-blanca-pidio-compromiso-economico-a-las-empresas-del-polo-industrial\/#primaryimage"},"image":{"@id":"https:\/\/infoecos.com.ar\/index.php\/el-intendente-de-bahia-blanca-pidio-compromiso-economico-a-las-empresas-del-polo-industrial\/#primaryimage"},"thumbnailUrl":"https:\/\/infoecos.com.ar\/wp-content\/uploads\/2023\/12\/image-128.png","datePublished":"2023-12-20T18:25:22+00:00","dateModified":"2023-12-20T18:26:31+00:00","breadcrumb":{"@id":"https:\/\/infoecos.com.ar\/index.php\/el-intendente-de-bahia-blanca-pidio-compromiso-economico-a-las-empresas-del-polo-industrial\/#breadcrumb"},"inLanguage":"es","potentialAction":[{"@type":"ReadAction","target":["https:\/\/infoecos.com.ar\/index.php\/el-intendente-de-bahia-blanca-pidio-compromiso-economico-a-las-empresas-del-polo-industrial\/"]}]},{"@type":"ImageObject","inLanguage":"es","@id":"https:\/\/infoecos.com.ar\/index.php\/el-intendente-de-bahia-blanca-pidio-compromiso-economico-a-las-empresas-del-polo-industrial\/#primaryimage","url":"https:\/\/infoecos.com.ar\/wp-content\/uploads\/2023\/12\/image-128.png","contentUrl":"https:\/\/infoecos.com.ar\/wp-content\/uploads\/2023\/12\/image-128.png","width":1121,"height":633},{"@type":"BreadcrumbList","@id":"https:\/\/infoecos.com.ar\/index.php\/el-intendente-de-bahia-blanca-pidio-compromiso-economico-a-las-empresas-del-polo-industrial\/#breadcrumb","itemListElement":[{"@type":"ListItem","position":1,"name":"Portada","item":"https:\/\/infoecos.com.ar\/"},{"@type":"ListItem","position":2,"name":"El intendente de Bah\u00eda Blanca pidi\u00f3 compromiso econ\u00f3mico a las empresas del Polo Industrial"}]},{"@type":"WebSite","@id":"https:\/\/infoecos.com.ar\/#website","url":"https:\/\/infoecos.com.ar\/","name":"Infoecos","description":"Noticias de trenque lauquen y la zona","publisher":{"@id":"https:\/\/infoecos.com.ar\/#organization"},"alternateName":"Noticias","potentialAction":[{"@type":"SearchAction","target":{"@type":"EntryPoint","urlTemplate":"https:\/\/infoecos.com.ar\/?s={search_term_string}"},"query-input":{"@type":"PropertyValueSpecification","valueRequired":true,"valueName":"search_term_string"}}],"inLanguage":"es"},{"@type":"Organization","@id":"https:\/\/infoecos.com.ar\/#organization","name":"Infoecos","alternateName":"Noticias","url":"https:\/\/infoecos.com.ar\/","logo":{"@type":"ImageObject","inLanguage":"es","@id":"https:\/\/infoecos.com.ar\/#\/schema\/logo\/image\/","url":"https:\/\/infoecos.com.ar\/wp-content\/uploads\/2024\/03\/cropped-logo.png","contentUrl":"https:\/\/infoecos.com.ar\/wp-content\/uploads\/2024\/03\/cropped-logo.png","width":374,"height":90,"caption":"Infoecos"},"image":{"@id":"https:\/\/infoecos.com.ar\/#\/schema\/logo\/image\/"},"sameAs":["https:\/\/www.facebook.com\/profile.php?id=100063200290284","https:\/\/x.com\/infoecos"]},{"@type":"Person","@id":"https:\/\/infoecos.com.ar\/#\/schema\/person\/8f5ace5ce73b4b4aac4b7245aee6f191","name":"Jorge Matheus","url":"https:\/\/infoecos.com.ar\/index.php\/author\/jomatheus\/"}]}},"featured_image_urls":{"full":["https:\/\/infoecos.com.ar\/wp-content\/uploads\/2023\/12\/image-128.png",1121,633,false],"thumbnail":["https:\/\/infoecos.com.ar\/wp-content\/uploads\/2023\/12\/image-128-300x150.png",300,150,true],"medium":["https:\/\/infoecos.com.ar\/wp-content\/uploads\/2023\/12\/image-128-800x452.png",800,452,true],"medium_large":["https:\/\/infoecos.com.ar\/wp-content\/uploads\/2023\/12\/image-128-768x434.png",640,362,true],"large":["https:\/\/infoecos.com.ar\/wp-content\/uploads\/2023\/12\/image-128.png",640,361,false],"1536x1536":["https:\/\/infoecos.com.ar\/wp-content\/uploads\/2023\/12\/image-128.png",1121,633,false],"2048x2048":["https:\/\/infoecos.com.ar\/wp-content\/uploads\/2023\/12\/image-128.png",1121,633,false],"covernews-slider-full":["https:\/\/infoecos.com.ar\/wp-content\/uploads\/2023\/12\/image-128.png",1115,630,false],"covernews-slider-center":["https:\/\/infoecos.com.ar\/wp-content\/uploads\/2023\/12\/image-128-936x633.png",739,500,true],"covernews-featured":["https:\/\/infoecos.com.ar\/wp-content\/uploads\/2023\/12\/image-128-1024x578.png",1024,578,true],"covernews-medium":["https:\/\/infoecos.com.ar\/wp-content\/uploads\/2023\/12\/image-128-720x380.png",540,285,true],"covernews-medium-square":["https:\/\/infoecos.com.ar\/wp-content\/uploads\/2023\/12\/image-128-675x450.png",375,250,true]},"author_info":{"info":["Jorge Matheus"]},"category_info":"<a href=\"https:\/\/infoecos.com.ar\/index.php\/category\/c2nota1\/\" rel=\"category tag\">C2 nota 1<\/a>","tag_info":"C2 nota 1","comment_count":"0","_links":{"self":[{"href":"https:\/\/infoecos.com.ar\/index.php\/wp-json\/wp\/v2\/posts\/116606"}],"collection":[{"href":"https:\/\/infoecos.com.ar\/index.php\/wp-json\/wp\/v2\/posts"}],"about":[{"href":"https:\/\/infoecos.com.ar\/index.php\/wp-json\/wp\/v2\/types\/post"}],"author":[{"embeddable":true,"href":"https:\/\/infoecos.com.ar\/index.php\/wp-json\/wp\/v2\/users\/2"}],"replies":[{"embeddable":true,"href":"https:\/\/infoecos.com.ar\/index.php\/wp-json\/wp\/v2\/comments?post=116606"}],"version-history":[{"count":3,"href":"https:\/\/infoecos.com.ar\/index.php\/wp-json\/wp\/v2\/posts\/116606\/revisions"}],"predecessor-version":[{"id":116612,"href":"https:\/\/infoecos.com.ar\/index.php\/wp-json\/wp\/v2\/posts\/116606\/revisions\/116612"}],"wp:featuredmedia":[{"embeddable":true,"href":"https:\/\/infoecos.com.ar\/index.php\/wp-json\/wp\/v2\/media\/116608"}],"wp:attachment":[{"href":"https:\/\/infoecos.com.ar\/index.php\/wp-json\/wp\/v2\/media?parent=116606"}],"wp:term":[{"taxonomy":"category","embeddable":true,"href":"https:\/\/infoecos.com.ar\/index.php\/wp-json\/wp\/v2\/categories?post=116606"},{"taxonomy":"post_tag","embeddable":true,"href":"https:\/\/infoecos.com.ar\/index.php\/wp-json\/wp\/v2\/tags?post=116606"}],"curies":[{"name":"wp","href":"https:\/\/api.w.org\/{rel}","templated":true}]}}