{"id":116614,"date":"2023-12-20T23:47:38","date_gmt":"2023-12-21T02:47:38","guid":{"rendered":"https:\/\/infoecos.com.ar\/?p=116614"},"modified":"2023-12-21T13:51:38","modified_gmt":"2023-12-21T16:51:38","slug":"el-presidente-de-la-nacion-javier-milei-por-cadena-nacional-anuncio-una-serie-de-medidas","status":"publish","type":"post","link":"https:\/\/infoecos.com.ar\/index.php\/el-presidente-de-la-nacion-javier-milei-por-cadena-nacional-anuncio-una-serie-de-medidas\/","title":{"rendered":"El presidente de la Naci\u00f3n, Javier Milei, por cadena nacional anunci\u00f3 una serie de medidas"},"content":{"rendered":"\n<figure class=\"wp-block-image alignright size-full is-resized\"><img loading=\"lazy\" decoding=\"async\" src=\"https:\/\/infoecos.com.ar\/wp-content\/uploads\/2023\/12\/image-130.png\" alt=\"\" class=\"wp-image-116615\" width=\"320\" height=\"180\" srcset=\"https:\/\/infoecos.com.ar\/wp-content\/uploads\/2023\/12\/image-130.png 992w, https:\/\/infoecos.com.ar\/wp-content\/uploads\/2023\/12\/image-130-800x450.png 800w, https:\/\/infoecos.com.ar\/wp-content\/uploads\/2023\/12\/image-130-768x432.png 768w\" sizes=\"(max-width: 320px) 100vw, 320px\" \/><\/figure>\n\n\n\n<p>El presidente de la Naci\u00f3n,&nbsp;<strong>Javier Milei<\/strong>&nbsp;transmiti\u00f3 por cadena nacional una serie de decisiones que, seg\u00fan \u00e9l, est\u00e1n destinadas a reconstruir el pa\u00eds.<\/p>\n\n\n\n<p>El primer mandatario habl\u00f3 durante 15 minutos y 20 segundos, flanqueado por su gabinete. Anunci\u00f3 un Decreto de Necesidad y Urgencia que fue publicado en el Bolet\u00edn Oficial, consistente en 366 art\u00edculos y 83 p\u00e1ginas. <\/p>\n\n\n\n<p>Las 30 medidas anunciadas:<\/p>\n\n\n\n<p><strong>1&nbsp;Derogaci\u00f3n de la Ley de Alquileres: para que el mercado inmobiliario vuelva a funcionar sin problemas y que alquilar no sea una odisea.<\/strong><\/p>\n\n\n\n<p><strong>2.&nbsp;Derogaci\u00f3n de la Ley de Abastecimiento, para que el Estado nunca m\u00e1s atente contra el derecho de propiedad de los individuos.<\/strong><\/p>\n\n\n\n<p><strong>3. Derogaci\u00f3n de la Ley de G\u00f3ndolas para que el Estado deje de meterse en las decisiones de los comerciantes argentinos.<\/strong><\/p>\n\n\n\n<p><strong>4. Derogaci\u00f3n de la Ley del Compre Nacional que solo beneficia a determinados actores del poder.<\/strong><\/p>\n\n\n\n<p><strong>5. Derogaci\u00f3n del Observatorio de Precios del Ministerio de Econom\u00eda para evitar la persecuci\u00f3n de las empresas.<\/strong><\/p>\n\n\n\n<p><strong>6. Derogaci\u00f3n de la Ley de Promoci\u00f3n Industrial.<\/strong><\/p>\n\n\n\n<p><strong>7. Derogaci\u00f3n de la Ley de Promoci\u00f3n Comercial.<\/strong><\/p>\n\n\n\n<p><strong>8.&nbsp;Derogaci\u00f3n de la normativa que impide la privatizaci\u00f3n de las empresas p\u00fablicas.<\/strong><\/p>\n\n\n\n<p><strong>9. Derogaci\u00f3n del r\u00e9gimen de Sociedades del Estado.<\/strong><\/p>\n\n\n\n<p><strong>10. Transformaci\u00f3n de todas las empresas del Estado en sociedades an\u00f3nimas para su posterior privatizaci\u00f3n.<\/strong><\/p>\n\n\n\n<p><strong>11. Modernizaci\u00f3n del r\u00e9gimen laboral para facilitar el proceso de generaci\u00f3n de empleo genuino.<\/strong><\/p>\n\n\n\n<p><strong>12. Reforma del C\u00f3digo Aduanero para facilitar el comercio internacional.<\/strong><\/p>\n\n\n\n<p><strong>13. Derogaci\u00f3n de la Ley de Tierras para promover las inversiones.<\/strong><\/p>\n\n\n\n<p><strong>14. Modificaci\u00f3n de la Ley de Manejo del Fuego.<\/strong><\/p>\n\n\n\n<p><strong>15.Derogaci\u00f3n de las obligaciones que los ingenios azucareros tienen en materia de producci\u00f3n azucarera.<\/strong><\/p>\n\n\n\n<p><strong>16.Liberaci\u00f3n del r\u00e9gimen jur\u00eddico aplicable al sector vitivin\u00edcola.<\/strong><\/p>\n\n\n\n<p><strong>17.Derogaci\u00f3n del sistema nacional del comercio minero y del Banco de Informaci\u00f3n Minera.<\/strong><\/p>\n\n\n\n<p><strong>18.&nbsp;Autorizaci\u00f3n para la cesi\u00f3n del paquete accionario total o parcial de Aerol\u00edneas Argentinas.<\/strong><\/p>\n\n\n\n<p><strong>19. Implementaci\u00f3n de la pol\u00edtica de cielos abiertos.<\/strong><\/p>\n\n\n\n<p><strong>20. Modificaci\u00f3n del C\u00f3digo Civil y Comercial&nbsp;para reforzar el principio de libertad contractual entre las partes.<\/strong><\/p>\n\n\n\n<p><strong>21. Modificaci\u00f3n del C\u00f3digo Civil y Comercial para garantizar que las obligaciones contra\u00eddas&nbsp;en moneda extranjera&nbsp;deban ser canceladas en la moneda pactada.<\/strong><\/p>\n\n\n\n<p><strong>22. Modificaci\u00f3n al marco regulatorio de la&nbsp;medicina prepaga y las obras sociales.<\/strong><\/p>\n\n\n\n<p><strong>23. Eliminaci\u00f3n de las restricciones de precios a la industria&nbsp;prepaga.<\/strong><\/p>\n\n\n\n<p><strong>24. Incorporaci\u00f3n de las empresas de medicina prepaga al r\u00e9gimen de obras sociales.<\/strong><\/p>\n\n\n\n<p><strong>25. Establecimiento de la&nbsp;receta electr\u00f3nica&nbsp;para agilizar el servicio y minimizar costos.<\/strong><\/p>\n\n\n\n<p><strong>26. Modificaciones al r\u00e9gimen de empresas farmac\u00e9uticas para fomentar la competencia y reducir costos.<\/strong><\/p>\n\n\n\n<p><strong>27. Modificaci\u00f3n de la Ley de Sociedades para que los clubes de f\u00fatbol&nbsp;puedan convertirse&nbsp;en sociedades an\u00f3nimas si as\u00ed lo quisieran.<\/strong><\/p>\n\n\n\n<p><strong>28. Desregulaci\u00f3n de los servicios de&nbsp;internet satelital.<\/strong><\/p>\n\n\n\n<p><strong>29. Desregulaci\u00f3n del sector tur\u00edstico&nbsp;eliminando el monopolio de las agencias de turismo.<\/strong><\/p>\n\n\n\n<p><strong>30. Incorporaci\u00f3n de herramientas&nbsp;digitales&nbsp;para tr\u00e1mites de los&nbsp;registros automotores.<\/strong><\/p>\n\n\n\n<figure class=\"wp-block-embed is-type-video is-provider-youtube wp-block-embed-youtube wp-embed-aspect-16-9 wp-has-aspect-ratio\"><div class=\"wp-block-embed__wrapper\">\n<iframe loading=\"lazy\" title=\"Javier Milei, anuncio mega decreto de desregulaci\u00f3n econ\u00f3mica. Adi\u00f3s al Estado opresor..!\" width=\"640\" height=\"360\" src=\"https:\/\/www.youtube.com\/embed\/R7wid_nzdpU?feature=oembed\" frameborder=\"0\" allow=\"accelerometer; autoplay; clipboard-write; encrypted-media; gyroscope; picture-in-picture; web-share\" referrerpolicy=\"strict-origin-when-cross-origin\" allowfullscreen><\/iframe>\n<\/div><\/figure>\n","protected":false},"excerpt":{"rendered":"<p>El primer mandatario habl\u00f3 durante 15 minutos y 20 segundos, flanqueado por su gabinete<\/p>\n","protected":false},"author":2,"featured_media":116615,"comment_status":"closed","ping_status":"open","sticky":false,"template":"","format":"standard","meta":{"footnotes":""},"categories":[198],"tags":[9752],"class_list":["post-116614","post","type-post","status-publish","format-standard","has-post-thumbnail","hentry","category-c1nota5","tag-30-medidas-anunciadas"],"yoast_head":"<!-- This site is optimized with the Yoast SEO plugin v23.4 - https:\/\/yoast.com\/wordpress\/plugins\/seo\/ -->\n<title>El presidente de la Naci\u00f3n, Javier Milei, por cadena nacional anunci\u00f3 una serie de medidas - Infoecos<\/title>\n<meta name=\"robots\" content=\"index, follow, max-snippet:-1, max-image-preview:large, max-video-preview:-1\" \/>\n<link rel=\"canonical\" href=\"https:\/\/infoecos.com.ar\/index.php\/el-presidente-de-la-nacion-javier-milei-por-cadena-nacional-anuncio-una-serie-de-medidas\/\" \/>\n<meta property=\"og:locale\" content=\"es_ES\" \/>\n<meta property=\"og:type\" content=\"article\" \/>\n<meta property=\"og:title\" content=\"El presidente de la Naci\u00f3n, Javier Milei, por cadena nacional anunci\u00f3 una serie de medidas - Infoecos\" \/>\n<meta property=\"og:description\" content=\"El primer mandatario habl\u00f3 durante 15 minutos y 20 segundos, flanqueado por su gabinete\" \/>\n<meta property=\"og:url\" content=\"https:\/\/infoecos.com.ar\/index.php\/el-presidente-de-la-nacion-javier-milei-por-cadena-nacional-anuncio-una-serie-de-medidas\/\" \/>\n<meta property=\"og:site_name\" content=\"Infoecos\" \/>\n<meta property=\"article:publisher\" content=\"https:\/\/www.facebook.com\/profile.php?id=100063200290284\" \/>\n<meta property=\"article:published_time\" content=\"2023-12-21T02:47:38+00:00\" \/>\n<meta property=\"article:modified_time\" content=\"2023-12-21T16:51:38+00:00\" \/>\n<meta property=\"og:image\" content=\"https:\/\/infoecos.com.ar\/wp-content\/uploads\/2023\/12\/image-130.png\" \/>\n\t<meta property=\"og:image:width\" content=\"992\" \/>\n\t<meta property=\"og:image:height\" content=\"558\" \/>\n\t<meta property=\"og:image:type\" content=\"image\/png\" \/>\n<meta name=\"author\" content=\"Jorge Matheus\" \/>\n<meta name=\"twitter:card\" content=\"summary_large_image\" \/>\n<meta name=\"twitter:creator\" content=\"@infoecos\" \/>\n<meta name=\"twitter:site\" content=\"@infoecos\" \/>\n<meta name=\"twitter:label1\" content=\"Escrito por\" \/>\n\t<meta name=\"twitter:data1\" content=\"Jorge Matheus\" \/>\n\t<meta name=\"twitter:label2\" content=\"Tiempo de lectura\" \/>\n\t<meta name=\"twitter:data2\" content=\"3 minutos\" \/>\n<script type=\"application\/ld+json\" class=\"yoast-schema-graph\">{\"@context\":\"https:\/\/schema.org\",\"@graph\":[{\"@type\":\"Article\",\"@id\":\"https:\/\/infoecos.com.ar\/index.php\/el-presidente-de-la-nacion-javier-milei-por-cadena-nacional-anuncio-una-serie-de-medidas\/#article\",\"isPartOf\":{\"@id\":\"https:\/\/infoecos.com.ar\/index.php\/el-presidente-de-la-nacion-javier-milei-por-cadena-nacional-anuncio-una-serie-de-medidas\/\"},\"author\":{\"name\":\"Jorge Matheus\",\"@id\":\"https:\/\/infoecos.com.ar\/#\/schema\/person\/8f5ace5ce73b4b4aac4b7245aee6f191\"},\"headline\":\"El presidente de la Naci\u00f3n, Javier Milei, por cadena nacional anunci\u00f3 una serie de medidas\",\"datePublished\":\"2023-12-21T02:47:38+00:00\",\"dateModified\":\"2023-12-21T16:51:38+00:00\",\"mainEntityOfPage\":{\"@id\":\"https:\/\/infoecos.com.ar\/index.php\/el-presidente-de-la-nacion-javier-milei-por-cadena-nacional-anuncio-una-serie-de-medidas\/\"},\"wordCount\":567,\"publisher\":{\"@id\":\"https:\/\/infoecos.com.ar\/#organization\"},\"image\":{\"@id\":\"https:\/\/infoecos.com.ar\/index.php\/el-presidente-de-la-nacion-javier-milei-por-cadena-nacional-anuncio-una-serie-de-medidas\/#primaryimage\"},\"thumbnailUrl\":\"https:\/\/infoecos.com.ar\/wp-content\/uploads\/2023\/12\/image-130.png\",\"keywords\":[\"30 medidas anunciadas\"],\"articleSection\":[\"C1 nota 5\"],\"inLanguage\":\"es\"},{\"@type\":\"WebPage\",\"@id\":\"https:\/\/infoecos.com.ar\/index.php\/el-presidente-de-la-nacion-javier-milei-por-cadena-nacional-anuncio-una-serie-de-medidas\/\",\"url\":\"https:\/\/infoecos.com.ar\/index.php\/el-presidente-de-la-nacion-javier-milei-por-cadena-nacional-anuncio-una-serie-de-medidas\/\",\"name\":\"El presidente de la Naci\u00f3n, Javier Milei, por cadena nacional anunci\u00f3 una serie de medidas - Infoecos\",\"isPartOf\":{\"@id\":\"https:\/\/infoecos.com.ar\/#website\"},\"primaryImageOfPage\":{\"@id\":\"https:\/\/infoecos.com.ar\/index.php\/el-presidente-de-la-nacion-javier-milei-por-cadena-nacional-anuncio-una-serie-de-medidas\/#primaryimage\"},\"image\":{\"@id\":\"https:\/\/infoecos.com.ar\/index.php\/el-presidente-de-la-nacion-javier-milei-por-cadena-nacional-anuncio-una-serie-de-medidas\/#primaryimage\"},\"thumbnailUrl\":\"https:\/\/infoecos.com.ar\/wp-content\/uploads\/2023\/12\/image-130.png\",\"datePublished\":\"2023-12-21T02:47:38+00:00\",\"dateModified\":\"2023-12-21T16:51:38+00:00\",\"breadcrumb\":{\"@id\":\"https:\/\/infoecos.com.ar\/index.php\/el-presidente-de-la-nacion-javier-milei-por-cadena-nacional-anuncio-una-serie-de-medidas\/#breadcrumb\"},\"inLanguage\":\"es\",\"potentialAction\":[{\"@type\":\"ReadAction\",\"target\":[\"https:\/\/infoecos.com.ar\/index.php\/el-presidente-de-la-nacion-javier-milei-por-cadena-nacional-anuncio-una-serie-de-medidas\/\"]}]},{\"@type\":\"ImageObject\",\"inLanguage\":\"es\",\"@id\":\"https:\/\/infoecos.com.ar\/index.php\/el-presidente-de-la-nacion-javier-milei-por-cadena-nacional-anuncio-una-serie-de-medidas\/#primaryimage\",\"url\":\"https:\/\/infoecos.com.ar\/wp-content\/uploads\/2023\/12\/image-130.png\",\"contentUrl\":\"https:\/\/infoecos.com.ar\/wp-content\/uploads\/2023\/12\/image-130.png\",\"width\":992,\"height\":558},{\"@type\":\"BreadcrumbList\",\"@id\":\"https:\/\/infoecos.com.ar\/index.php\/el-presidente-de-la-nacion-javier-milei-por-cadena-nacional-anuncio-una-serie-de-medidas\/#breadcrumb\",\"itemListElement\":[{\"@type\":\"ListItem\",\"position\":1,\"name\":\"Portada\",\"item\":\"https:\/\/infoecos.com.ar\/\"},{\"@type\":\"ListItem\",\"position\":2,\"name\":\"El presidente de la Naci\u00f3n, Javier Milei, por cadena nacional anunci\u00f3 una serie de medidas\"}]},{\"@type\":\"WebSite\",\"@id\":\"https:\/\/infoecos.com.ar\/#website\",\"url\":\"https:\/\/infoecos.com.ar\/\",\"name\":\"Infoecos\",\"description\":\"Noticias de trenque lauquen y la zona\",\"publisher\":{\"@id\":\"https:\/\/infoecos.com.ar\/#organization\"},\"alternateName\":\"Noticias\",\"potentialAction\":[{\"@type\":\"SearchAction\",\"target\":{\"@type\":\"EntryPoint\",\"urlTemplate\":\"https:\/\/infoecos.com.ar\/?s={search_term_string}\"},\"query-input\":{\"@type\":\"PropertyValueSpecification\",\"valueRequired\":true,\"valueName\":\"search_term_string\"}}],\"inLanguage\":\"es\"},{\"@type\":\"Organization\",\"@id\":\"https:\/\/infoecos.com.ar\/#organization\",\"name\":\"Infoecos\",\"alternateName\":\"Noticias\",\"url\":\"https:\/\/infoecos.com.ar\/\",\"logo\":{\"@type\":\"ImageObject\",\"inLanguage\":\"es\",\"@id\":\"https:\/\/infoecos.com.ar\/#\/schema\/logo\/image\/\",\"url\":\"https:\/\/infoecos.com.ar\/wp-content\/uploads\/2024\/03\/cropped-logo.png\",\"contentUrl\":\"https:\/\/infoecos.com.ar\/wp-content\/uploads\/2024\/03\/cropped-logo.png\",\"width\":374,\"height\":90,\"caption\":\"Infoecos\"},\"image\":{\"@id\":\"https:\/\/infoecos.com.ar\/#\/schema\/logo\/image\/\"},\"sameAs\":[\"https:\/\/www.facebook.com\/profile.php?id=100063200290284\",\"https:\/\/x.com\/infoecos\"]},{\"@type\":\"Person\",\"@id\":\"https:\/\/infoecos.com.ar\/#\/schema\/person\/8f5ace5ce73b4b4aac4b7245aee6f191\",\"name\":\"Jorge Matheus\",\"url\":\"https:\/\/infoecos.com.ar\/index.php\/author\/jomatheus\/\"}]}<\/script>\n<!-- \/ Yoast SEO plugin. -->","yoast_head_json":{"title":"El presidente de la Naci\u00f3n, Javier Milei, por cadena nacional anunci\u00f3 una serie de medidas - Infoecos","robots":{"index":"index","follow":"follow","max-snippet":"max-snippet:-1","max-image-preview":"max-image-preview:large","max-video-preview":"max-video-preview:-1"},"canonical":"https:\/\/infoecos.com.ar\/index.php\/el-presidente-de-la-nacion-javier-milei-por-cadena-nacional-anuncio-una-serie-de-medidas\/","og_locale":"es_ES","og_type":"article","og_title":"El presidente de la Naci\u00f3n, Javier Milei, por cadena nacional anunci\u00f3 una serie de medidas - Infoecos","og_description":"El primer mandatario habl\u00f3 durante 15 minutos y 20 segundos, flanqueado por su gabinete","og_url":"https:\/\/infoecos.com.ar\/index.php\/el-presidente-de-la-nacion-javier-milei-por-cadena-nacional-anuncio-una-serie-de-medidas\/","og_site_name":"Infoecos","article_publisher":"https:\/\/www.facebook.com\/profile.php?id=100063200290284","article_published_time":"2023-12-21T02:47:38+00:00","article_modified_time":"2023-12-21T16:51:38+00:00","og_image":[{"width":992,"height":558,"url":"https:\/\/infoecos.com.ar\/wp-content\/uploads\/2023\/12\/image-130.png","type":"image\/png"}],"author":"Jorge Matheus","twitter_card":"summary_large_image","twitter_creator":"@infoecos","twitter_site":"@infoecos","twitter_misc":{"Escrito por":"Jorge Matheus","Tiempo de lectura":"3 minutos"},"schema":{"@context":"https:\/\/schema.org","@graph":[{"@type":"Article","@id":"https:\/\/infoecos.com.ar\/index.php\/el-presidente-de-la-nacion-javier-milei-por-cadena-nacional-anuncio-una-serie-de-medidas\/#article","isPartOf":{"@id":"https:\/\/infoecos.com.ar\/index.php\/el-presidente-de-la-nacion-javier-milei-por-cadena-nacional-anuncio-una-serie-de-medidas\/"},"author":{"name":"Jorge Matheus","@id":"https:\/\/infoecos.com.ar\/#\/schema\/person\/8f5ace5ce73b4b4aac4b7245aee6f191"},"headline":"El presidente de la Naci\u00f3n, Javier Milei, por cadena nacional anunci\u00f3 una serie de medidas","datePublished":"2023-12-21T02:47:38+00:00","dateModified":"2023-12-21T16:51:38+00:00","mainEntityOfPage":{"@id":"https:\/\/infoecos.com.ar\/index.php\/el-presidente-de-la-nacion-javier-milei-por-cadena-nacional-anuncio-una-serie-de-medidas\/"},"wordCount":567,"publisher":{"@id":"https:\/\/infoecos.com.ar\/#organization"},"image":{"@id":"https:\/\/infoecos.com.ar\/index.php\/el-presidente-de-la-nacion-javier-milei-por-cadena-nacional-anuncio-una-serie-de-medidas\/#primaryimage"},"thumbnailUrl":"https:\/\/infoecos.com.ar\/wp-content\/uploads\/2023\/12\/image-130.png","keywords":["30 medidas anunciadas"],"articleSection":["C1 nota 5"],"inLanguage":"es"},{"@type":"WebPage","@id":"https:\/\/infoecos.com.ar\/index.php\/el-presidente-de-la-nacion-javier-milei-por-cadena-nacional-anuncio-una-serie-de-medidas\/","url":"https:\/\/infoecos.com.ar\/index.php\/el-presidente-de-la-nacion-javier-milei-por-cadena-nacional-anuncio-una-serie-de-medidas\/","name":"El presidente de la Naci\u00f3n, Javier Milei, por cadena nacional anunci\u00f3 una serie de medidas - Infoecos","isPartOf":{"@id":"https:\/\/infoecos.com.ar\/#website"},"primaryImageOfPage":{"@id":"https:\/\/infoecos.com.ar\/index.php\/el-presidente-de-la-nacion-javier-milei-por-cadena-nacional-anuncio-una-serie-de-medidas\/#primaryimage"},"image":{"@id":"https:\/\/infoecos.com.ar\/index.php\/el-presidente-de-la-nacion-javier-milei-por-cadena-nacional-anuncio-una-serie-de-medidas\/#primaryimage"},"thumbnailUrl":"https:\/\/infoecos.com.ar\/wp-content\/uploads\/2023\/12\/image-130.png","datePublished":"2023-12-21T02:47:38+00:00","dateModified":"2023-12-21T16:51:38+00:00","breadcrumb":{"@id":"https:\/\/infoecos.com.ar\/index.php\/el-presidente-de-la-nacion-javier-milei-por-cadena-nacional-anuncio-una-serie-de-medidas\/#breadcrumb"},"inLanguage":"es","potentialAction":[{"@type":"ReadAction","target":["https:\/\/infoecos.com.ar\/index.php\/el-presidente-de-la-nacion-javier-milei-por-cadena-nacional-anuncio-una-serie-de-medidas\/"]}]},{"@type":"ImageObject","inLanguage":"es","@id":"https:\/\/infoecos.com.ar\/index.php\/el-presidente-de-la-nacion-javier-milei-por-cadena-nacional-anuncio-una-serie-de-medidas\/#primaryimage","url":"https:\/\/infoecos.com.ar\/wp-content\/uploads\/2023\/12\/image-130.png","contentUrl":"https:\/\/infoecos.com.ar\/wp-content\/uploads\/2023\/12\/image-130.png","width":992,"height":558},{"@type":"BreadcrumbList","@id":"https:\/\/infoecos.com.ar\/index.php\/el-presidente-de-la-nacion-javier-milei-por-cadena-nacional-anuncio-una-serie-de-medidas\/#breadcrumb","itemListElement":[{"@type":"ListItem","position":1,"name":"Portada","item":"https:\/\/infoecos.com.ar\/"},{"@type":"ListItem","position":2,"name":"El presidente de la Naci\u00f3n, Javier Milei, por cadena nacional anunci\u00f3 una serie de medidas"}]},{"@type":"WebSite","@id":"https:\/\/infoecos.com.ar\/#website","url":"https:\/\/infoecos.com.ar\/","name":"Infoecos","description":"Noticias de trenque lauquen y la zona","publisher":{"@id":"https:\/\/infoecos.com.ar\/#organization"},"alternateName":"Noticias","potentialAction":[{"@type":"SearchAction","target":{"@type":"EntryPoint","urlTemplate":"https:\/\/infoecos.com.ar\/?s={search_term_string}"},"query-input":{"@type":"PropertyValueSpecification","valueRequired":true,"valueName":"search_term_string"}}],"inLanguage":"es"},{"@type":"Organization","@id":"https:\/\/infoecos.com.ar\/#organization","name":"Infoecos","alternateName":"Noticias","url":"https:\/\/infoecos.com.ar\/","logo":{"@type":"ImageObject","inLanguage":"es","@id":"https:\/\/infoecos.com.ar\/#\/schema\/logo\/image\/","url":"https:\/\/infoecos.com.ar\/wp-content\/uploads\/2024\/03\/cropped-logo.png","contentUrl":"https:\/\/infoecos.com.ar\/wp-content\/uploads\/2024\/03\/cropped-logo.png","width":374,"height":90,"caption":"Infoecos"},"image":{"@id":"https:\/\/infoecos.com.ar\/#\/schema\/logo\/image\/"},"sameAs":["https:\/\/www.facebook.com\/profile.php?id=100063200290284","https:\/\/x.com\/infoecos"]},{"@type":"Person","@id":"https:\/\/infoecos.com.ar\/#\/schema\/person\/8f5ace5ce73b4b4aac4b7245aee6f191","name":"Jorge Matheus","url":"https:\/\/infoecos.com.ar\/index.php\/author\/jomatheus\/"}]}},"featured_image_urls":{"full":["https:\/\/infoecos.com.ar\/wp-content\/uploads\/2023\/12\/image-130.png",992,558,false],"thumbnail":["https:\/\/infoecos.com.ar\/wp-content\/uploads\/2023\/12\/image-130-300x150.png",300,150,true],"medium":["https:\/\/infoecos.com.ar\/wp-content\/uploads\/2023\/12\/image-130-800x450.png",800,450,true],"medium_large":["https:\/\/infoecos.com.ar\/wp-content\/uploads\/2023\/12\/image-130-768x432.png",640,360,true],"large":["https:\/\/infoecos.com.ar\/wp-content\/uploads\/2023\/12\/image-130.png",640,360,false],"1536x1536":["https:\/\/infoecos.com.ar\/wp-content\/uploads\/2023\/12\/image-130.png",992,558,false],"2048x2048":["https:\/\/infoecos.com.ar\/wp-content\/uploads\/2023\/12\/image-130.png",992,558,false],"covernews-slider-full":["https:\/\/infoecos.com.ar\/wp-content\/uploads\/2023\/12\/image-130.png",992,558,false],"covernews-slider-center":["https:\/\/infoecos.com.ar\/wp-content\/uploads\/2023\/12\/image-130-936x558.png",800,477,true],"covernews-featured":["https:\/\/infoecos.com.ar\/wp-content\/uploads\/2023\/12\/image-130.png",992,558,false],"covernews-medium":["https:\/\/infoecos.com.ar\/wp-content\/uploads\/2023\/12\/image-130-720x380.png",540,285,true],"covernews-medium-square":["https:\/\/infoecos.com.ar\/wp-content\/uploads\/2023\/12\/image-130-675x450.png",375,250,true]},"author_info":{"info":["Jorge Matheus"]},"category_info":"<a href=\"https:\/\/infoecos.com.ar\/index.php\/category\/c1nota5\/\" rel=\"category tag\">C1 nota 5<\/a>","tag_info":"C1 nota 5","comment_count":"0","_links":{"self":[{"href":"https:\/\/infoecos.com.ar\/index.php\/wp-json\/wp\/v2\/posts\/116614"}],"collection":[{"href":"https:\/\/infoecos.com.ar\/index.php\/wp-json\/wp\/v2\/posts"}],"about":[{"href":"https:\/\/infoecos.com.ar\/index.php\/wp-json\/wp\/v2\/types\/post"}],"author":[{"embeddable":true,"href":"https:\/\/infoecos.com.ar\/index.php\/wp-json\/wp\/v2\/users\/2"}],"replies":[{"embeddable":true,"href":"https:\/\/infoecos.com.ar\/index.php\/wp-json\/wp\/v2\/comments?post=116614"}],"version-history":[{"count":2,"href":"https:\/\/infoecos.com.ar\/index.php\/wp-json\/wp\/v2\/posts\/116614\/revisions"}],"predecessor-version":[{"id":116618,"href":"https:\/\/infoecos.com.ar\/index.php\/wp-json\/wp\/v2\/posts\/116614\/revisions\/116618"}],"wp:featuredmedia":[{"embeddable":true,"href":"https:\/\/infoecos.com.ar\/index.php\/wp-json\/wp\/v2\/media\/116615"}],"wp:attachment":[{"href":"https:\/\/infoecos.com.ar\/index.php\/wp-json\/wp\/v2\/media?parent=116614"}],"wp:term":[{"taxonomy":"category","embeddable":true,"href":"https:\/\/infoecos.com.ar\/index.php\/wp-json\/wp\/v2\/categories?post=116614"},{"taxonomy":"post_tag","embeddable":true,"href":"https:\/\/infoecos.com.ar\/index.php\/wp-json\/wp\/v2\/tags?post=116614"}],"curies":[{"name":"wp","href":"https:\/\/api.w.org\/{rel}","templated":true}]}}