{"id":116649,"date":"2023-12-21T12:00:25","date_gmt":"2023-12-21T15:00:25","guid":{"rendered":"https:\/\/infoecos.com.ar\/?p=116649"},"modified":"2023-12-21T22:33:17","modified_gmt":"2023-12-22T01:33:17","slug":"matheus-siempre-polemico-en-las-redes-trenque-lauquen-y-el-pais","status":"publish","type":"post","link":"https:\/\/infoecos.com.ar\/index.php\/matheus-siempre-polemico-en-las-redes-trenque-lauquen-y-el-pais\/","title":{"rendered":"Matheus siempre pol\u00e9mico en las redes: Trenque Lauquen y el pa\u00eds"},"content":{"rendered":"\n<figure class=\"wp-block-image alignright size-full is-resized\"><img loading=\"lazy\" decoding=\"async\" src=\"https:\/\/infoecos.com.ar\/wp-content\/uploads\/2023\/12\/3e7238af-9cf7-45ab-bef4-e81ccfa8a428.jpg\" alt=\"\" class=\"wp-image-116651\" width=\"403\" height=\"537\" srcset=\"https:\/\/infoecos.com.ar\/wp-content\/uploads\/2023\/12\/3e7238af-9cf7-45ab-bef4-e81ccfa8a428.jpg 1200w, https:\/\/infoecos.com.ar\/wp-content\/uploads\/2023\/12\/3e7238af-9cf7-45ab-bef4-e81ccfa8a428-600x800.jpg 600w, https:\/\/infoecos.com.ar\/wp-content\/uploads\/2023\/12\/3e7238af-9cf7-45ab-bef4-e81ccfa8a428-768x1024.jpg 768w, https:\/\/infoecos.com.ar\/wp-content\/uploads\/2023\/12\/3e7238af-9cf7-45ab-bef4-e81ccfa8a428-1152x1536.jpg 1152w, https:\/\/infoecos.com.ar\/wp-content\/uploads\/2023\/12\/3e7238af-9cf7-45ab-bef4-e81ccfa8a428-1024x1365.jpg 1024w\" sizes=\"(max-width: 403px) 100vw, 403px\" \/><\/figure>\n\n\n\n<p><a href=\"https:\/\/www.facebook.com\/hashtag\/deportes?__eep__=6&amp;__cft__[0]=AZVirwc3dx2_01NG6IRGGyUhVSDkn82JdoobsnsPkzqUcgLZUteKMX-gxnj-W4EAW5qr_YzppKWbtbMwgWEP0ZBmoyZBStUTsiORsCLOEPHTlA_BIHzInsn2SDzw2cIGUIMIlOaL83Fq8aaysBLBm2jPCjFWFce7fG4y_kZUBb1zKw&amp;__tn__=*NK-R\">#Deportes<\/a><\/p>\n\n\n\n<p>&#8211; Briza Morena Flores y Santiago Madro\u00f1al fueron coronados anoche con los premios Revelaci\u00f3n de Oro y Consagraci\u00f3n de Oro 2023, en la 35\u00b0 edici\u00f3n de la Fiesta del Deporte en Trenque Lauquen. <img loading=\"lazy\" decoding=\"async\" height=\"16\" width=\"16\" alt=\"&#x1f44f;\" src=\"https:\/\/static.xx.fbcdn.net\/images\/emoji.php\/v9\/t57\/1.5\/16\/1f44f.png\"><img loading=\"lazy\" decoding=\"async\" height=\"16\" width=\"16\" alt=\"&#x1f44f;\" src=\"https:\/\/static.xx.fbcdn.net\/images\/emoji.php\/v9\/t57\/1.5\/16\/1f44f.png\"><img loading=\"lazy\" decoding=\"async\" height=\"16\" width=\"16\" alt=\"&#x1f44f;\" src=\"https:\/\/static.xx.fbcdn.net\/images\/emoji.php\/v9\/t57\/1.5\/16\/1f44f.png\"><\/p>\n\n\n\n<p><a href=\"https:\/\/www.facebook.com\/hashtag\/muypositivo?__eep__=6&amp;__cft__[0]=AZVirwc3dx2_01NG6IRGGyUhVSDkn82JdoobsnsPkzqUcgLZUteKMX-gxnj-W4EAW5qr_YzppKWbtbMwgWEP0ZBmoyZBStUTsiORsCLOEPHTlA_BIHzInsn2SDzw2cIGUIMIlOaL83Fq8aaysBLBm2jPCjFWFce7fG4y_kZUBb1zKw&amp;__tn__=*NK-R\">#Muypositivo<\/a><\/p>\n\n\n\n<p>&#8211; El importante n\u00famero de personas que se dio cita frente a la Plaza Principal para presenciar el reconocimiento a los deportistas, en la noche de ayer. <img loading=\"lazy\" decoding=\"async\" height=\"16\" width=\"16\" alt=\"&#x1faf6;\" src=\"https:\/\/static.xx.fbcdn.net\/images\/emoji.php\/v9\/ta2\/1.5\/16\/1faf6.png\"><img loading=\"lazy\" decoding=\"async\" height=\"16\" width=\"16\" alt=\"&#x1faf6;\" src=\"https:\/\/static.xx.fbcdn.net\/images\/emoji.php\/v9\/ta2\/1.5\/16\/1faf6.png\"><img loading=\"lazy\" decoding=\"async\" height=\"16\" width=\"16\" alt=\"&#x1faf6;\" src=\"https:\/\/static.xx.fbcdn.net\/images\/emoji.php\/v9\/ta2\/1.5\/16\/1faf6.png\"><\/p>\n\n\n\n<p><a href=\"https:\/\/www.facebook.com\/hashtag\/ser%C3%ADaimportante?__eep__=6&amp;__cft__[0]=AZVirwc3dx2_01NG6IRGGyUhVSDkn82JdoobsnsPkzqUcgLZUteKMX-gxnj-W4EAW5qr_YzppKWbtbMwgWEP0ZBmoyZBStUTsiORsCLOEPHTlA_BIHzInsn2SDzw2cIGUIMIlOaL83Fq8aaysBLBm2jPCjFWFce7fG4y_kZUBb1zKw&amp;__tn__=*NK-R\">#Ser\u00edaImportante<\/a><\/p>\n\n\n\n<p>&#8211; Que en virtud de lo evidenciado anoche el municipio cierre Villegas, entre Uruguay y Oro, los s\u00e1bados y domingos. Que esos cien metros se conviertan en peatonal, permitan a los ni\u00f1os jugar, a los j\u00f3venes apostarse m\u00e1s all\u00e1 del cord\u00f3n cuneta para tomar mate y disfrutar del encuentro. Hasta se podr\u00eda cerrar San Mart\u00edn, entre Sarmiento y Gobernador Yrigoyen, los mismos d\u00edas. <img loading=\"lazy\" decoding=\"async\" height=\"16\" width=\"16\" src=\"https:\/\/static.xx.fbcdn.net\/images\/emoji.php\/v9\/t10\/1.5\/16\/1f917.png\" alt=\"&#x1f917;\"><img loading=\"lazy\" decoding=\"async\" height=\"16\" width=\"16\" src=\"https:\/\/static.xx.fbcdn.net\/images\/emoji.php\/v9\/t10\/1.5\/16\/1f917.png\" alt=\"&#x1f917;\"><img loading=\"lazy\" decoding=\"async\" height=\"16\" width=\"16\" src=\"https:\/\/static.xx.fbcdn.net\/images\/emoji.php\/v9\/t10\/1.5\/16\/1f917.png\" alt=\"&#x1f917;\"><\/p>\n\n\n\n<p><a href=\"https:\/\/www.facebook.com\/hashtag\/pobr%C3%ADsima?__eep__=6&amp;__cft__[0]=AZX2OuSBAQK5G9MK0SNZQjOgQbdk_cCnLKOPeaiV6xgREw7E2Xy59okQVfbcuucb-i8DsNp8YbmAsrlzhrXFA089oMFIeDjh5Fy8DGyumKDDGbkWUi_xpBpJ2mU1Y_Zf2yk&amp;__tn__=*NK-R\">#Pobr\u00edsima<\/a><\/p>\n\n\n\n<p>&#8211; La entrevista que Jhonatan Viale y su equipo le realizaron por Radio Rivadavia al se\u00f1or presidente de la Naci\u00f3n, Licenciado Javier Milei. Una charla de Amigos durante 45 minutos, donde el m\u00e1ximo responsable del pa\u00eds no recibi\u00f3 ning\u00fan interrogante comprometedor.<\/p>\n\n\n\n<p>El tratar de <a href=\"https:\/\/www.facebook.com\/hashtag\/che?__eep__=6&amp;__cft__[0]=AZX2OuSBAQK5G9MK0SNZQjOgQbdk_cCnLKOPeaiV6xgREw7E2Xy59okQVfbcuucb-i8DsNp8YbmAsrlzhrXFA089oMFIeDjh5Fy8DGyumKDDGbkWUi_xpBpJ2mU1Y_Zf2yk&amp;__tn__=*NK-R\">#Che<\/a> a una autoridad del Estado Municipal, Provincial y Nacional, no jerarquiza para nada la profesi\u00f3n, ni tampoco evidencia conocimientos sobre distintos temas.<\/p>\n\n\n\n<p><a href=\"https:\/\/www.facebook.com\/hashtag\/sensaci%C3%B3n?__eep__=6&amp;__cft__[0]=AZX2OuSBAQK5G9MK0SNZQjOgQbdk_cCnLKOPeaiV6xgREw7E2Xy59okQVfbcuucb-i8DsNp8YbmAsrlzhrXFA089oMFIeDjh5Fy8DGyumKDDGbkWUi_xpBpJ2mU1Y_Zf2yk&amp;__tn__=*NK-R\">#Sensaci\u00f3n<\/a><\/p>\n\n\n\n<p>&#8211; Que es muy <a><\/a>escasa la franja de ciudadanos argentinos y periodistas que conocen la Constituci\u00f3n Nacional. Por l\u00f3gica, entonces, como se aplican las leyes. Lo mismo sucede con el sistema legislativo, que hace a la Democracia. Hasta hay una opini\u00f3n facilista y cuestionable cuando se expresa: \u00abson todos chorros\u00bb.<\/p>\n\n\n\n<p><a href=\"https:\/\/www.facebook.com\/hashtag\/limpieza?__eep__=6&amp;__cft__[0]=AZX2OuSBAQK5G9MK0SNZQjOgQbdk_cCnLKOPeaiV6xgREw7E2Xy59okQVfbcuucb-i8DsNp8YbmAsrlzhrXFA089oMFIeDjh5Fy8DGyumKDDGbkWUi_xpBpJ2mU1Y_Zf2yk&amp;__tn__=*NK-R\">#Limpieza<\/a><\/p>\n\n\n\n<p>&#8211; Despu\u00e9s del temporal en Trenque Lauquen y la eficiente limpieza que se est\u00e1 realizando, queda demostrado lo feo que es el acceso Garc\u00eda Salinas, desde Batall\u00f3n de Infanter\u00eda hasta la intersecci\u00f3n con la Ruta 55. Lo hermosean los frentes de algunas empresas, pero en lo p\u00fablico toda la alaraca que se hizo durante el gobierno de Fern\u00e1ndez es de perogrullo.<\/p>\n\n\n\n<figure class=\"wp-block-image aligncenter size-full\"><img loading=\"lazy\" decoding=\"async\" width=\"680\" height=\"336\" src=\"https:\/\/infoecos.com.ar\/wp-content\/uploads\/2023\/12\/GB4PoJZb0AA5JOu.jpg\" alt=\"\" class=\"wp-image-116650\"\/><\/figure>\n\n\n\n<p><a href=\"https:\/\/www.facebook.com\/hashtag\/buenosobservadores?__eep__=6&amp;__cft__[0]=AZX1n1cFBmge7HrVO9I3zeP8AgtmNJmg3LK5Fzt3FZqUQDeseGf5poGJ7bKyMJz69j9SVV-ntP5Q3rhYYNDEnP18cOEl7OcX_CSUqf3ul8Uyz48lD5bBfHsm3uYRx1ykiAY&amp;__tn__=*NK-R\">#BuenosObservadores<\/a><\/p>\n\n\n\n<p>Foto con comentario:<\/p>\n\n\n\n<p>Cuando se habla de Casta pol\u00edtica. Solo un peque\u00f1o aporte. Est\u00e1n ah\u00ed: <a href=\"https:\/\/www.facebook.com\/hashtag\/caputo?__eep__=6&amp;__cft__[0]=AZX1n1cFBmge7HrVO9I3zeP8AgtmNJmg3LK5Fzt3FZqUQDeseGf5poGJ7bKyMJz69j9SVV-ntP5Q3rhYYNDEnP18cOEl7OcX_CSUqf3ul8Uyz48lD5bBfHsm3uYRx1ykiAY&amp;__tn__=*NK-R\">#Caputo<\/a><a href=\"https:\/\/www.facebook.com\/hashtag\/petri?__eep__=6&amp;__cft__[0]=AZX1n1cFBmge7HrVO9I3zeP8AgtmNJmg3LK5Fzt3FZqUQDeseGf5poGJ7bKyMJz69j9SVV-ntP5Q3rhYYNDEnP18cOEl7OcX_CSUqf3ul8Uyz48lD5bBfHsm3uYRx1ykiAY&amp;__tn__=*NK-R\">#Petri<\/a><a href=\"https:\/\/www.facebook.com\/hashtag\/bullrich?__eep__=6&amp;__cft__[0]=AZX1n1cFBmge7HrVO9I3zeP8AgtmNJmg3LK5Fzt3FZqUQDeseGf5poGJ7bKyMJz69j9SVV-ntP5Q3rhYYNDEnP18cOEl7OcX_CSUqf3ul8Uyz48lD5bBfHsm3uYRx1ykiAY&amp;__tn__=*NK-R\">#Bullrich<\/a><a href=\"https:\/\/www.facebook.com\/hashtag\/franco?__eep__=6&amp;__cft__[0]=AZX1n1cFBmge7HrVO9I3zeP8AgtmNJmg3LK5Fzt3FZqUQDeseGf5poGJ7bKyMJz69j9SVV-ntP5Q3rhYYNDEnP18cOEl7OcX_CSUqf3ul8Uyz48lD5bBfHsm3uYRx1ykiAY&amp;__tn__=*NK-R\">#Franco<\/a><a href=\"https:\/\/www.facebook.com\/hashtag\/sturzenegger?__eep__=6&amp;__cft__[0]=AZX1n1cFBmge7HrVO9I3zeP8AgtmNJmg3LK5Fzt3FZqUQDeseGf5poGJ7bKyMJz69j9SVV-ntP5Q3rhYYNDEnP18cOEl7OcX_CSUqf3ul8Uyz48lD5bBfHsm3uYRx1ykiAY&amp;__tn__=*NK-R\">#Sturzenegger<\/a><a href=\"https:\/\/www.facebook.com\/hashtag\/c%C3%BAneolibarona?__eep__=6&amp;__cft__[0]=AZX1n1cFBmge7HrVO9I3zeP8AgtmNJmg3LK5Fzt3FZqUQDeseGf5poGJ7bKyMJz69j9SVV-ntP5Q3rhYYNDEnP18cOEl7OcX_CSUqf3ul8Uyz48lD5bBfHsm3uYRx1ykiAY&amp;__tn__=*NK-R\">#C\u00faneoLibarona<\/a>. Faltan: <a href=\"https:\/\/www.facebook.com\/hashtag\/lavagna?__eep__=6&amp;__cft__[0]=AZX1n1cFBmge7HrVO9I3zeP8AgtmNJmg3LK5Fzt3FZqUQDeseGf5poGJ7bKyMJz69j9SVV-ntP5Q3rhYYNDEnP18cOEl7OcX_CSUqf3ul8Uyz48lD5bBfHsm3uYRx1ykiAY&amp;__tn__=*NK-R\">#Lavagna<\/a><a href=\"https:\/\/www.facebook.com\/hashtag\/scioli?__eep__=6&amp;__cft__[0]=AZX1n1cFBmge7HrVO9I3zeP8AgtmNJmg3LK5Fzt3FZqUQDeseGf5poGJ7bKyMJz69j9SVV-ntP5Q3rhYYNDEnP18cOEl7OcX_CSUqf3ul8Uyz48lD5bBfHsm3uYRx1ykiAY&amp;__tn__=*NK-R\">#Scioli<\/a><a href=\"https:\/\/www.facebook.com\/hashtag\/roy%C3%B3n?__eep__=6&amp;__cft__[0]=AZX1n1cFBmge7HrVO9I3zeP8AgtmNJmg3LK5Fzt3FZqUQDeseGf5poGJ7bKyMJz69j9SVV-ntP5Q3rhYYNDEnP18cOEl7OcX_CSUqf3ul8Uyz48lD5bBfHsm3uYRx1ykiAY&amp;__tn__=*NK-R\">#Roy\u00f3n<\/a><a href=\"https:\/\/www.facebook.com\/hashtag\/madcur?__eep__=6&amp;__cft__[0]=AZX1n1cFBmge7HrVO9I3zeP8AgtmNJmg3LK5Fzt3FZqUQDeseGf5poGJ7bKyMJz69j9SVV-ntP5Q3rhYYNDEnP18cOEl7OcX_CSUqf3ul8Uyz48lD5bBfHsm3uYRx1ykiAY&amp;__tn__=*NK-R\">#Madcur<\/a><a href=\"https:\/\/www.facebook.com\/hashtag\/russo?__eep__=6&amp;__cft__[0]=AZX1n1cFBmge7HrVO9I3zeP8AgtmNJmg3LK5Fzt3FZqUQDeseGf5poGJ7bKyMJz69j9SVV-ntP5Q3rhYYNDEnP18cOEl7OcX_CSUqf3ul8Uyz48lD5bBfHsm3uYRx1ykiAY&amp;__tn__=*NK-R\">#Russo<\/a>.<\/p>\n","protected":false},"excerpt":{"rendered":"<p>Pobr\u00edsima la entrevista que Jhonatan Viale y su equipo le realizaron por Radio Rivadavia al se\u00f1or presidente de la Naci\u00f3n, Licenciado Javier Milei<\/p>\n","protected":false},"author":2,"featured_media":116651,"comment_status":"closed","ping_status":"open","sticky":false,"template":"","format":"standard","meta":{"footnotes":""},"categories":[48],"tags":[9756],"class_list":["post-116649","post","type-post","status-publish","format-standard","has-post-thumbnail","hentry","category-c2nota3","tag-opiniones-2"],"yoast_head":"<!-- This site is optimized with the Yoast SEO plugin v23.4 - https:\/\/yoast.com\/wordpress\/plugins\/seo\/ -->\n<title>Matheus siempre pol\u00e9mico en las redes: Trenque Lauquen y el pa\u00eds - Infoecos<\/title>\n<meta name=\"robots\" content=\"index, follow, max-snippet:-1, max-image-preview:large, max-video-preview:-1\" \/>\n<link rel=\"canonical\" href=\"https:\/\/infoecos.com.ar\/index.php\/matheus-siempre-polemico-en-las-redes-trenque-lauquen-y-el-pais\/\" \/>\n<meta property=\"og:locale\" content=\"es_ES\" \/>\n<meta property=\"og:type\" content=\"article\" \/>\n<meta property=\"og:title\" content=\"Matheus siempre pol\u00e9mico en las redes: Trenque Lauquen y el pa\u00eds - Infoecos\" \/>\n<meta property=\"og:description\" content=\"Pobr\u00edsima la entrevista que Jhonatan Viale y su equipo le realizaron por Radio Rivadavia al se\u00f1or presidente de la Naci\u00f3n, Licenciado Javier Milei\" \/>\n<meta property=\"og:url\" content=\"https:\/\/infoecos.com.ar\/index.php\/matheus-siempre-polemico-en-las-redes-trenque-lauquen-y-el-pais\/\" \/>\n<meta property=\"og:site_name\" content=\"Infoecos\" \/>\n<meta property=\"article:publisher\" content=\"https:\/\/www.facebook.com\/profile.php?id=100063200290284\" \/>\n<meta property=\"article:published_time\" content=\"2023-12-21T15:00:25+00:00\" \/>\n<meta property=\"article:modified_time\" content=\"2023-12-22T01:33:17+00:00\" \/>\n<meta property=\"og:image\" content=\"https:\/\/infoecos.com.ar\/wp-content\/uploads\/2023\/12\/3e7238af-9cf7-45ab-bef4-e81ccfa8a428.jpg\" \/>\n\t<meta property=\"og:image:width\" content=\"1200\" \/>\n\t<meta property=\"og:image:height\" content=\"1600\" \/>\n\t<meta property=\"og:image:type\" content=\"image\/jpeg\" \/>\n<meta name=\"author\" content=\"Jorge Matheus\" \/>\n<meta name=\"twitter:card\" content=\"summary_large_image\" \/>\n<meta name=\"twitter:creator\" content=\"@infoecos\" \/>\n<meta name=\"twitter:site\" content=\"@infoecos\" \/>\n<meta name=\"twitter:label1\" content=\"Escrito por\" \/>\n\t<meta name=\"twitter:data1\" content=\"Jorge Matheus\" \/>\n\t<meta name=\"twitter:label2\" content=\"Tiempo de lectura\" \/>\n\t<meta name=\"twitter:data2\" content=\"4 minutos\" \/>\n<script type=\"application\/ld+json\" class=\"yoast-schema-graph\">{\"@context\":\"https:\/\/schema.org\",\"@graph\":[{\"@type\":\"Article\",\"@id\":\"https:\/\/infoecos.com.ar\/index.php\/matheus-siempre-polemico-en-las-redes-trenque-lauquen-y-el-pais\/#article\",\"isPartOf\":{\"@id\":\"https:\/\/infoecos.com.ar\/index.php\/matheus-siempre-polemico-en-las-redes-trenque-lauquen-y-el-pais\/\"},\"author\":{\"name\":\"Jorge Matheus\",\"@id\":\"https:\/\/infoecos.com.ar\/#\/schema\/person\/8f5ace5ce73b4b4aac4b7245aee6f191\"},\"headline\":\"Matheus siempre pol\u00e9mico en las redes: Trenque Lauquen y el pa\u00eds\",\"datePublished\":\"2023-12-21T15:00:25+00:00\",\"dateModified\":\"2023-12-22T01:33:17+00:00\",\"mainEntityOfPage\":{\"@id\":\"https:\/\/infoecos.com.ar\/index.php\/matheus-siempre-polemico-en-las-redes-trenque-lauquen-y-el-pais\/\"},\"wordCount\":381,\"publisher\":{\"@id\":\"https:\/\/infoecos.com.ar\/#organization\"},\"image\":{\"@id\":\"https:\/\/infoecos.com.ar\/index.php\/matheus-siempre-polemico-en-las-redes-trenque-lauquen-y-el-pais\/#primaryimage\"},\"thumbnailUrl\":\"https:\/\/infoecos.com.ar\/wp-content\/uploads\/2023\/12\/3e7238af-9cf7-45ab-bef4-e81ccfa8a428.jpg\",\"keywords\":[\"opiniones\"],\"articleSection\":[\"C2 N3\"],\"inLanguage\":\"es\"},{\"@type\":\"WebPage\",\"@id\":\"https:\/\/infoecos.com.ar\/index.php\/matheus-siempre-polemico-en-las-redes-trenque-lauquen-y-el-pais\/\",\"url\":\"https:\/\/infoecos.com.ar\/index.php\/matheus-siempre-polemico-en-las-redes-trenque-lauquen-y-el-pais\/\",\"name\":\"Matheus siempre pol\u00e9mico en las redes: Trenque Lauquen y el pa\u00eds - Infoecos\",\"isPartOf\":{\"@id\":\"https:\/\/infoecos.com.ar\/#website\"},\"primaryImageOfPage\":{\"@id\":\"https:\/\/infoecos.com.ar\/index.php\/matheus-siempre-polemico-en-las-redes-trenque-lauquen-y-el-pais\/#primaryimage\"},\"image\":{\"@id\":\"https:\/\/infoecos.com.ar\/index.php\/matheus-siempre-polemico-en-las-redes-trenque-lauquen-y-el-pais\/#primaryimage\"},\"thumbnailUrl\":\"https:\/\/infoecos.com.ar\/wp-content\/uploads\/2023\/12\/3e7238af-9cf7-45ab-bef4-e81ccfa8a428.jpg\",\"datePublished\":\"2023-12-21T15:00:25+00:00\",\"dateModified\":\"2023-12-22T01:33:17+00:00\",\"breadcrumb\":{\"@id\":\"https:\/\/infoecos.com.ar\/index.php\/matheus-siempre-polemico-en-las-redes-trenque-lauquen-y-el-pais\/#breadcrumb\"},\"inLanguage\":\"es\",\"potentialAction\":[{\"@type\":\"ReadAction\",\"target\":[\"https:\/\/infoecos.com.ar\/index.php\/matheus-siempre-polemico-en-las-redes-trenque-lauquen-y-el-pais\/\"]}]},{\"@type\":\"ImageObject\",\"inLanguage\":\"es\",\"@id\":\"https:\/\/infoecos.com.ar\/index.php\/matheus-siempre-polemico-en-las-redes-trenque-lauquen-y-el-pais\/#primaryimage\",\"url\":\"https:\/\/infoecos.com.ar\/wp-content\/uploads\/2023\/12\/3e7238af-9cf7-45ab-bef4-e81ccfa8a428.jpg\",\"contentUrl\":\"https:\/\/infoecos.com.ar\/wp-content\/uploads\/2023\/12\/3e7238af-9cf7-45ab-bef4-e81ccfa8a428.jpg\",\"width\":1200,\"height\":1600},{\"@type\":\"BreadcrumbList\",\"@id\":\"https:\/\/infoecos.com.ar\/index.php\/matheus-siempre-polemico-en-las-redes-trenque-lauquen-y-el-pais\/#breadcrumb\",\"itemListElement\":[{\"@type\":\"ListItem\",\"position\":1,\"name\":\"Portada\",\"item\":\"https:\/\/infoecos.com.ar\/\"},{\"@type\":\"ListItem\",\"position\":2,\"name\":\"Matheus siempre pol\u00e9mico en las redes: Trenque Lauquen y el pa\u00eds\"}]},{\"@type\":\"WebSite\",\"@id\":\"https:\/\/infoecos.com.ar\/#website\",\"url\":\"https:\/\/infoecos.com.ar\/\",\"name\":\"Infoecos\",\"description\":\"Noticias de trenque lauquen y la zona\",\"publisher\":{\"@id\":\"https:\/\/infoecos.com.ar\/#organization\"},\"alternateName\":\"Noticias\",\"potentialAction\":[{\"@type\":\"SearchAction\",\"target\":{\"@type\":\"EntryPoint\",\"urlTemplate\":\"https:\/\/infoecos.com.ar\/?s={search_term_string}\"},\"query-input\":{\"@type\":\"PropertyValueSpecification\",\"valueRequired\":true,\"valueName\":\"search_term_string\"}}],\"inLanguage\":\"es\"},{\"@type\":\"Organization\",\"@id\":\"https:\/\/infoecos.com.ar\/#organization\",\"name\":\"Infoecos\",\"alternateName\":\"Noticias\",\"url\":\"https:\/\/infoecos.com.ar\/\",\"logo\":{\"@type\":\"ImageObject\",\"inLanguage\":\"es\",\"@id\":\"https:\/\/infoecos.com.ar\/#\/schema\/logo\/image\/\",\"url\":\"https:\/\/infoecos.com.ar\/wp-content\/uploads\/2024\/03\/cropped-logo.png\",\"contentUrl\":\"https:\/\/infoecos.com.ar\/wp-content\/uploads\/2024\/03\/cropped-logo.png\",\"width\":374,\"height\":90,\"caption\":\"Infoecos\"},\"image\":{\"@id\":\"https:\/\/infoecos.com.ar\/#\/schema\/logo\/image\/\"},\"sameAs\":[\"https:\/\/www.facebook.com\/profile.php?id=100063200290284\",\"https:\/\/x.com\/infoecos\"]},{\"@type\":\"Person\",\"@id\":\"https:\/\/infoecos.com.ar\/#\/schema\/person\/8f5ace5ce73b4b4aac4b7245aee6f191\",\"name\":\"Jorge Matheus\",\"url\":\"https:\/\/infoecos.com.ar\/index.php\/author\/jomatheus\/\"}]}<\/script>\n<!-- \/ Yoast SEO plugin. -->","yoast_head_json":{"title":"Matheus siempre pol\u00e9mico en las redes: Trenque Lauquen y el pa\u00eds - Infoecos","robots":{"index":"index","follow":"follow","max-snippet":"max-snippet:-1","max-image-preview":"max-image-preview:large","max-video-preview":"max-video-preview:-1"},"canonical":"https:\/\/infoecos.com.ar\/index.php\/matheus-siempre-polemico-en-las-redes-trenque-lauquen-y-el-pais\/","og_locale":"es_ES","og_type":"article","og_title":"Matheus siempre pol\u00e9mico en las redes: Trenque Lauquen y el pa\u00eds - Infoecos","og_description":"Pobr\u00edsima la entrevista que Jhonatan Viale y su equipo le realizaron por Radio Rivadavia al se\u00f1or presidente de la Naci\u00f3n, Licenciado Javier Milei","og_url":"https:\/\/infoecos.com.ar\/index.php\/matheus-siempre-polemico-en-las-redes-trenque-lauquen-y-el-pais\/","og_site_name":"Infoecos","article_publisher":"https:\/\/www.facebook.com\/profile.php?id=100063200290284","article_published_time":"2023-12-21T15:00:25+00:00","article_modified_time":"2023-12-22T01:33:17+00:00","og_image":[{"width":1200,"height":1600,"url":"https:\/\/infoecos.com.ar\/wp-content\/uploads\/2023\/12\/3e7238af-9cf7-45ab-bef4-e81ccfa8a428.jpg","type":"image\/jpeg"}],"author":"Jorge Matheus","twitter_card":"summary_large_image","twitter_creator":"@infoecos","twitter_site":"@infoecos","twitter_misc":{"Escrito por":"Jorge Matheus","Tiempo de lectura":"4 minutos"},"schema":{"@context":"https:\/\/schema.org","@graph":[{"@type":"Article","@id":"https:\/\/infoecos.com.ar\/index.php\/matheus-siempre-polemico-en-las-redes-trenque-lauquen-y-el-pais\/#article","isPartOf":{"@id":"https:\/\/infoecos.com.ar\/index.php\/matheus-siempre-polemico-en-las-redes-trenque-lauquen-y-el-pais\/"},"author":{"name":"Jorge Matheus","@id":"https:\/\/infoecos.com.ar\/#\/schema\/person\/8f5ace5ce73b4b4aac4b7245aee6f191"},"headline":"Matheus siempre pol\u00e9mico en las redes: Trenque Lauquen y el pa\u00eds","datePublished":"2023-12-21T15:00:25+00:00","dateModified":"2023-12-22T01:33:17+00:00","mainEntityOfPage":{"@id":"https:\/\/infoecos.com.ar\/index.php\/matheus-siempre-polemico-en-las-redes-trenque-lauquen-y-el-pais\/"},"wordCount":381,"publisher":{"@id":"https:\/\/infoecos.com.ar\/#organization"},"image":{"@id":"https:\/\/infoecos.com.ar\/index.php\/matheus-siempre-polemico-en-las-redes-trenque-lauquen-y-el-pais\/#primaryimage"},"thumbnailUrl":"https:\/\/infoecos.com.ar\/wp-content\/uploads\/2023\/12\/3e7238af-9cf7-45ab-bef4-e81ccfa8a428.jpg","keywords":["opiniones"],"articleSection":["C2 N3"],"inLanguage":"es"},{"@type":"WebPage","@id":"https:\/\/infoecos.com.ar\/index.php\/matheus-siempre-polemico-en-las-redes-trenque-lauquen-y-el-pais\/","url":"https:\/\/infoecos.com.ar\/index.php\/matheus-siempre-polemico-en-las-redes-trenque-lauquen-y-el-pais\/","name":"Matheus siempre pol\u00e9mico en las redes: Trenque Lauquen y el pa\u00eds - Infoecos","isPartOf":{"@id":"https:\/\/infoecos.com.ar\/#website"},"primaryImageOfPage":{"@id":"https:\/\/infoecos.com.ar\/index.php\/matheus-siempre-polemico-en-las-redes-trenque-lauquen-y-el-pais\/#primaryimage"},"image":{"@id":"https:\/\/infoecos.com.ar\/index.php\/matheus-siempre-polemico-en-las-redes-trenque-lauquen-y-el-pais\/#primaryimage"},"thumbnailUrl":"https:\/\/infoecos.com.ar\/wp-content\/uploads\/2023\/12\/3e7238af-9cf7-45ab-bef4-e81ccfa8a428.jpg","datePublished":"2023-12-21T15:00:25+00:00","dateModified":"2023-12-22T01:33:17+00:00","breadcrumb":{"@id":"https:\/\/infoecos.com.ar\/index.php\/matheus-siempre-polemico-en-las-redes-trenque-lauquen-y-el-pais\/#breadcrumb"},"inLanguage":"es","potentialAction":[{"@type":"ReadAction","target":["https:\/\/infoecos.com.ar\/index.php\/matheus-siempre-polemico-en-las-redes-trenque-lauquen-y-el-pais\/"]}]},{"@type":"ImageObject","inLanguage":"es","@id":"https:\/\/infoecos.com.ar\/index.php\/matheus-siempre-polemico-en-las-redes-trenque-lauquen-y-el-pais\/#primaryimage","url":"https:\/\/infoecos.com.ar\/wp-content\/uploads\/2023\/12\/3e7238af-9cf7-45ab-bef4-e81ccfa8a428.jpg","contentUrl":"https:\/\/infoecos.com.ar\/wp-content\/uploads\/2023\/12\/3e7238af-9cf7-45ab-bef4-e81ccfa8a428.jpg","width":1200,"height":1600},{"@type":"BreadcrumbList","@id":"https:\/\/infoecos.com.ar\/index.php\/matheus-siempre-polemico-en-las-redes-trenque-lauquen-y-el-pais\/#breadcrumb","itemListElement":[{"@type":"ListItem","position":1,"name":"Portada","item":"https:\/\/infoecos.com.ar\/"},{"@type":"ListItem","position":2,"name":"Matheus siempre pol\u00e9mico en las redes: Trenque Lauquen y el pa\u00eds"}]},{"@type":"WebSite","@id":"https:\/\/infoecos.com.ar\/#website","url":"https:\/\/infoecos.com.ar\/","name":"Infoecos","description":"Noticias de trenque lauquen y la zona","publisher":{"@id":"https:\/\/infoecos.com.ar\/#organization"},"alternateName":"Noticias","potentialAction":[{"@type":"SearchAction","target":{"@type":"EntryPoint","urlTemplate":"https:\/\/infoecos.com.ar\/?s={search_term_string}"},"query-input":{"@type":"PropertyValueSpecification","valueRequired":true,"valueName":"search_term_string"}}],"inLanguage":"es"},{"@type":"Organization","@id":"https:\/\/infoecos.com.ar\/#organization","name":"Infoecos","alternateName":"Noticias","url":"https:\/\/infoecos.com.ar\/","logo":{"@type":"ImageObject","inLanguage":"es","@id":"https:\/\/infoecos.com.ar\/#\/schema\/logo\/image\/","url":"https:\/\/infoecos.com.ar\/wp-content\/uploads\/2024\/03\/cropped-logo.png","contentUrl":"https:\/\/infoecos.com.ar\/wp-content\/uploads\/2024\/03\/cropped-logo.png","width":374,"height":90,"caption":"Infoecos"},"image":{"@id":"https:\/\/infoecos.com.ar\/#\/schema\/logo\/image\/"},"sameAs":["https:\/\/www.facebook.com\/profile.php?id=100063200290284","https:\/\/x.com\/infoecos"]},{"@type":"Person","@id":"https:\/\/infoecos.com.ar\/#\/schema\/person\/8f5ace5ce73b4b4aac4b7245aee6f191","name":"Jorge Matheus","url":"https:\/\/infoecos.com.ar\/index.php\/author\/jomatheus\/"}]}},"featured_image_urls":{"full":["https:\/\/infoecos.com.ar\/wp-content\/uploads\/2023\/12\/3e7238af-9cf7-45ab-bef4-e81ccfa8a428.jpg",1200,1600,false],"thumbnail":["https:\/\/infoecos.com.ar\/wp-content\/uploads\/2023\/12\/3e7238af-9cf7-45ab-bef4-e81ccfa8a428-300x150.jpg",300,150,true],"medium":["https:\/\/infoecos.com.ar\/wp-content\/uploads\/2023\/12\/3e7238af-9cf7-45ab-bef4-e81ccfa8a428-600x800.jpg",600,800,true],"medium_large":["https:\/\/infoecos.com.ar\/wp-content\/uploads\/2023\/12\/3e7238af-9cf7-45ab-bef4-e81ccfa8a428-768x1024.jpg",640,853,true],"large":["https:\/\/infoecos.com.ar\/wp-content\/uploads\/2023\/12\/3e7238af-9cf7-45ab-bef4-e81ccfa8a428.jpg",640,853,false],"1536x1536":["https:\/\/infoecos.com.ar\/wp-content\/uploads\/2023\/12\/3e7238af-9cf7-45ab-bef4-e81ccfa8a428-1152x1536.jpg",1152,1536,true],"2048x2048":["https:\/\/infoecos.com.ar\/wp-content\/uploads\/2023\/12\/3e7238af-9cf7-45ab-bef4-e81ccfa8a428.jpg",1200,1600,false],"covernews-slider-full":["https:\/\/infoecos.com.ar\/wp-content\/uploads\/2023\/12\/3e7238af-9cf7-45ab-bef4-e81ccfa8a428-1200x1020.jpg",841,715,true],"covernews-slider-center":["https:\/\/infoecos.com.ar\/wp-content\/uploads\/2023\/12\/3e7238af-9cf7-45ab-bef4-e81ccfa8a428-936x897.jpg",522,500,true],"covernews-featured":["https:\/\/infoecos.com.ar\/wp-content\/uploads\/2023\/12\/3e7238af-9cf7-45ab-bef4-e81ccfa8a428-1024x1365.jpg",1024,1365,true],"covernews-medium":["https:\/\/infoecos.com.ar\/wp-content\/uploads\/2023\/12\/3e7238af-9cf7-45ab-bef4-e81ccfa8a428-720x380.jpg",540,285,true],"covernews-medium-square":["https:\/\/infoecos.com.ar\/wp-content\/uploads\/2023\/12\/3e7238af-9cf7-45ab-bef4-e81ccfa8a428-675x450.jpg",375,250,true]},"author_info":{"info":["Jorge Matheus"]},"category_info":"<a href=\"https:\/\/infoecos.com.ar\/index.php\/category\/c2nota3\/\" rel=\"category tag\">C2 N3<\/a>","tag_info":"C2 N3","comment_count":"0","_links":{"self":[{"href":"https:\/\/infoecos.com.ar\/index.php\/wp-json\/wp\/v2\/posts\/116649"}],"collection":[{"href":"https:\/\/infoecos.com.ar\/index.php\/wp-json\/wp\/v2\/posts"}],"about":[{"href":"https:\/\/infoecos.com.ar\/index.php\/wp-json\/wp\/v2\/types\/post"}],"author":[{"embeddable":true,"href":"https:\/\/infoecos.com.ar\/index.php\/wp-json\/wp\/v2\/users\/2"}],"replies":[{"embeddable":true,"href":"https:\/\/infoecos.com.ar\/index.php\/wp-json\/wp\/v2\/comments?post=116649"}],"version-history":[{"count":1,"href":"https:\/\/infoecos.com.ar\/index.php\/wp-json\/wp\/v2\/posts\/116649\/revisions"}],"predecessor-version":[{"id":116652,"href":"https:\/\/infoecos.com.ar\/index.php\/wp-json\/wp\/v2\/posts\/116649\/revisions\/116652"}],"wp:featuredmedia":[{"embeddable":true,"href":"https:\/\/infoecos.com.ar\/index.php\/wp-json\/wp\/v2\/media\/116651"}],"wp:attachment":[{"href":"https:\/\/infoecos.com.ar\/index.php\/wp-json\/wp\/v2\/media?parent=116649"}],"wp:term":[{"taxonomy":"category","embeddable":true,"href":"https:\/\/infoecos.com.ar\/index.php\/wp-json\/wp\/v2\/categories?post=116649"},{"taxonomy":"post_tag","embeddable":true,"href":"https:\/\/infoecos.com.ar\/index.php\/wp-json\/wp\/v2\/tags?post=116649"}],"curies":[{"name":"wp","href":"https:\/\/api.w.org\/{rel}","templated":true}]}}