{"id":116656,"date":"2023-12-21T12:18:49","date_gmt":"2023-12-21T15:18:49","guid":{"rendered":"https:\/\/infoecos.com.ar\/?p=116656"},"modified":"2023-12-21T22:53:07","modified_gmt":"2023-12-22T01:53:07","slug":"116656","status":"publish","type":"post","link":"https:\/\/infoecos.com.ar\/index.php\/116656\/","title":{"rendered":"Manuel Dorrego, un asesinato que marc\u00f3 el inicio del coloniaje"},"content":{"rendered":"\n<p>El 13 de diciembre de 1828, el Coronel MANUEL DORREGO, Gobernador de la Provincia de Buenos Ayres, fue asesinado de manera cobarde. Aunque las cr\u00f3nicas mencionan un fusilamiento, la realidad es que se trat\u00f3 de un acto infame y traidor. La orden de este homicidio se atribuye a un individuo llamado Lavalle, pero como se\u00f1al\u00f3 Esteban Echeverr\u00eda, \u00ab<em>Lavalle, muy chico era para echar sobre s\u00ed cosas tan grandes<\/em>\u00ab. La responsabilidad tambi\u00e9n podr\u00eda recaer en figuras como Paz o Lamadrid o cualquier otro. No era matar a Dorrego, sino a su idea: el federalismo.<\/p>\n\n\n\n<figure class=\"wp-block-image alignright size-full is-resized\"><img loading=\"lazy\" decoding=\"async\" src=\"https:\/\/infoecos.com.ar\/wp-content\/uploads\/2023\/12\/image-139.png\" alt=\"\" class=\"wp-image-116657\" width=\"344\" height=\"437\"\/><figcaption class=\"wp-element-caption\">Dorrego, Manuel <\/figcaption><\/figure>\n\n\n\n<p>La ca\u00edda de Dorrego marc\u00f3 el inicio de una serie de atrocidades de los \u201ccivilizados\u201d contra la barbarie de los caudillos, contra figuras como Bustos, L\u00f3pez, Quiroga, evidenciando la falta de escr\u00fapulos al no economizar en la sangre de los federales. Estos llamados \u00abunitarios\u00bb o centralistas eran mercenarios al servicio de potencias enemigas como la anglo-francesa. Su conducta traicionera y desleal persiste en personajes como Urquiza, Mitre y los liberales actuales, quienes representan la antipatria.<\/p>\n\n\n\n<p>La aceptaci\u00f3n de la Deuda Externa sin considerar su origen de Alfons\u00edn, la venta de bienes soberanos durante la era Menem y la desculturizaci\u00f3n impulsada por la Agenda 2030 y el Club de Par\u00eds, ejecutada por la progres\u00eda kirchnerista y macrista, son acciones que contin\u00faan la l\u00ednea que seg\u00f3 la vida del \u00abCoronel del pueblo\u00bb. Estos actos son perpetrados por instrumentadores de la nueva colonialidad.<\/p>\n\n\n\n<p>El derrocamiento de Dorrego fue una estrategia de una nueva colonialidad que buscaba arraigarse en Argentina despu\u00e9s de su independencia. San Mart\u00edn, desde Montevideo, profetizar\u00e1 a Tom\u00e1s Guido, a al ver que la patria se iba dividiendo en sectarismos irreconciliables: \u00ab<em>la situaci\u00f3n en nuestro pa\u00eds es tal que el hombre que lo gobierne no tiene otra alternativa que apoyarse en la facci\u00f3n o renunciar al mando<\/em>\u00ab.<\/p>\n\n\n\n<p>La historia de nuestra patria se ha construido en torno a la lucha entre bandos: el federalismo y el centralismo, representados por dos visiones contrapuestas, la hisp\u00e1nica y la atlantista. No se odian los apellidos, se matan las ideas que representan. Rivadavia cerr\u00f3 los Cabildos, Mitre elimin\u00f3 las autonom\u00edas provinciales con la \u00abintervenci\u00f3n federal\u00bb, Alfons\u00edn introdujo la Coparticipaci\u00f3n Federal, el menemismo la Constituci\u00f3n del &#8217;94 y el kirchnerismo, junto al macrismo, crearon la \u00abgrieta\u00bb. Quien no se alinee, queda hu\u00e9rfano de poder.<\/p>\n\n\n\n<p>Dorrego fue asesinado por sus ideas federales, por su visi\u00f3n de una Argentina donde los municipios fueran las peque\u00f1as ruedas que impulsaran a las provincias bajo un sistema federal. Este sistema hubiera impedido la subordinaci\u00f3n a potencias extranjeras y habr\u00eda evitado la imposici\u00f3n de un r\u00e9gimen econ\u00f3mico liberal, subordinante y claudicante en este proceso de aculturaci\u00f3n. Dorrego entend\u00eda que el sistema federal, al estar m\u00e1s en contacto con el pueblo, era m\u00e1s an\u00e1logo a los sentimientos de todos. Cada gobierno posterior que ignor\u00f3 el federalismo asest\u00f3 otra herida al coraz\u00f3n de la patria, como una bala m\u00e1s que atraviesa el pecho de Manuel Dorrego.<\/p>\n","protected":false},"excerpt":{"rendered":"<p>Por Luis Gotte. Co-autor de \u00abBuenos Ayres Humana, la hora de tu comunidad\u00bb Ed Fabro, 2022<\/p>\n","protected":false},"author":2,"featured_media":116658,"comment_status":"closed","ping_status":"open","sticky":false,"template":"","format":"standard","meta":{"footnotes":""},"categories":[1614],"tags":[9756],"class_list":["post-116656","post","type-post","status-publish","format-standard","has-post-thumbnail","hentry","category-c2nota7","tag-opiniones-2"],"yoast_head":"<!-- This site is optimized with the Yoast SEO plugin v23.4 - https:\/\/yoast.com\/wordpress\/plugins\/seo\/ -->\n<title>Manuel Dorrego, un asesinato que marc\u00f3 el inicio del coloniaje - Infoecos<\/title>\n<meta name=\"robots\" content=\"index, follow, max-snippet:-1, max-image-preview:large, max-video-preview:-1\" \/>\n<link rel=\"canonical\" href=\"https:\/\/infoecos.com.ar\/index.php\/116656\/\" \/>\n<meta property=\"og:locale\" content=\"es_ES\" \/>\n<meta property=\"og:type\" content=\"article\" \/>\n<meta property=\"og:title\" content=\"Manuel Dorrego, un asesinato que marc\u00f3 el inicio del coloniaje - Infoecos\" \/>\n<meta property=\"og:description\" content=\"Por Luis Gotte. Co-autor de &quot;Buenos Ayres Humana, la hora de tu comunidad&quot; Ed Fabro, 2022\" \/>\n<meta property=\"og:url\" content=\"https:\/\/infoecos.com.ar\/index.php\/116656\/\" \/>\n<meta property=\"og:site_name\" content=\"Infoecos\" \/>\n<meta property=\"article:publisher\" content=\"https:\/\/www.facebook.com\/profile.php?id=100063200290284\" \/>\n<meta property=\"article:published_time\" content=\"2023-12-21T15:18:49+00:00\" \/>\n<meta property=\"article:modified_time\" content=\"2023-12-22T01:53:07+00:00\" \/>\n<meta property=\"og:image\" content=\"https:\/\/infoecos.com.ar\/wp-content\/uploads\/2023\/12\/manueldorr.jpg\" \/>\n\t<meta property=\"og:image:width\" content=\"390\" \/>\n\t<meta property=\"og:image:height\" content=\"210\" \/>\n\t<meta property=\"og:image:type\" content=\"image\/jpeg\" \/>\n<meta name=\"author\" content=\"Jorge Matheus\" \/>\n<meta name=\"twitter:card\" content=\"summary_large_image\" \/>\n<meta name=\"twitter:creator\" content=\"@infoecos\" \/>\n<meta name=\"twitter:site\" content=\"@infoecos\" \/>\n<meta name=\"twitter:label1\" content=\"Escrito por\" \/>\n\t<meta name=\"twitter:data1\" content=\"Jorge Matheus\" \/>\n\t<meta name=\"twitter:label2\" content=\"Tiempo de lectura\" \/>\n\t<meta name=\"twitter:data2\" content=\"3 minutos\" \/>\n<script type=\"application\/ld+json\" class=\"yoast-schema-graph\">{\"@context\":\"https:\/\/schema.org\",\"@graph\":[{\"@type\":\"Article\",\"@id\":\"https:\/\/infoecos.com.ar\/index.php\/116656\/#article\",\"isPartOf\":{\"@id\":\"https:\/\/infoecos.com.ar\/index.php\/116656\/\"},\"author\":{\"name\":\"Jorge Matheus\",\"@id\":\"https:\/\/infoecos.com.ar\/#\/schema\/person\/8f5ace5ce73b4b4aac4b7245aee6f191\"},\"headline\":\"Manuel Dorrego, un asesinato que marc\u00f3 el inicio del coloniaje\",\"datePublished\":\"2023-12-21T15:18:49+00:00\",\"dateModified\":\"2023-12-22T01:53:07+00:00\",\"mainEntityOfPage\":{\"@id\":\"https:\/\/infoecos.com.ar\/index.php\/116656\/\"},\"wordCount\":536,\"publisher\":{\"@id\":\"https:\/\/infoecos.com.ar\/#organization\"},\"image\":{\"@id\":\"https:\/\/infoecos.com.ar\/index.php\/116656\/#primaryimage\"},\"thumbnailUrl\":\"https:\/\/infoecos.com.ar\/wp-content\/uploads\/2023\/12\/manueldorr.jpg\",\"keywords\":[\"opiniones\"],\"articleSection\":[\"C2 N7\"],\"inLanguage\":\"es\"},{\"@type\":\"WebPage\",\"@id\":\"https:\/\/infoecos.com.ar\/index.php\/116656\/\",\"url\":\"https:\/\/infoecos.com.ar\/index.php\/116656\/\",\"name\":\"Manuel Dorrego, un asesinato que marc\u00f3 el inicio del coloniaje - Infoecos\",\"isPartOf\":{\"@id\":\"https:\/\/infoecos.com.ar\/#website\"},\"primaryImageOfPage\":{\"@id\":\"https:\/\/infoecos.com.ar\/index.php\/116656\/#primaryimage\"},\"image\":{\"@id\":\"https:\/\/infoecos.com.ar\/index.php\/116656\/#primaryimage\"},\"thumbnailUrl\":\"https:\/\/infoecos.com.ar\/wp-content\/uploads\/2023\/12\/manueldorr.jpg\",\"datePublished\":\"2023-12-21T15:18:49+00:00\",\"dateModified\":\"2023-12-22T01:53:07+00:00\",\"breadcrumb\":{\"@id\":\"https:\/\/infoecos.com.ar\/index.php\/116656\/#breadcrumb\"},\"inLanguage\":\"es\",\"potentialAction\":[{\"@type\":\"ReadAction\",\"target\":[\"https:\/\/infoecos.com.ar\/index.php\/116656\/\"]}]},{\"@type\":\"ImageObject\",\"inLanguage\":\"es\",\"@id\":\"https:\/\/infoecos.com.ar\/index.php\/116656\/#primaryimage\",\"url\":\"https:\/\/infoecos.com.ar\/wp-content\/uploads\/2023\/12\/manueldorr.jpg\",\"contentUrl\":\"https:\/\/infoecos.com.ar\/wp-content\/uploads\/2023\/12\/manueldorr.jpg\",\"width\":390,\"height\":210},{\"@type\":\"BreadcrumbList\",\"@id\":\"https:\/\/infoecos.com.ar\/index.php\/116656\/#breadcrumb\",\"itemListElement\":[{\"@type\":\"ListItem\",\"position\":1,\"name\":\"Portada\",\"item\":\"https:\/\/infoecos.com.ar\/\"},{\"@type\":\"ListItem\",\"position\":2,\"name\":\"Manuel Dorrego, un asesinato que marc\u00f3 el inicio del coloniaje\"}]},{\"@type\":\"WebSite\",\"@id\":\"https:\/\/infoecos.com.ar\/#website\",\"url\":\"https:\/\/infoecos.com.ar\/\",\"name\":\"Infoecos\",\"description\":\"Noticias de trenque lauquen y la zona\",\"publisher\":{\"@id\":\"https:\/\/infoecos.com.ar\/#organization\"},\"alternateName\":\"Noticias\",\"potentialAction\":[{\"@type\":\"SearchAction\",\"target\":{\"@type\":\"EntryPoint\",\"urlTemplate\":\"https:\/\/infoecos.com.ar\/?s={search_term_string}\"},\"query-input\":{\"@type\":\"PropertyValueSpecification\",\"valueRequired\":true,\"valueName\":\"search_term_string\"}}],\"inLanguage\":\"es\"},{\"@type\":\"Organization\",\"@id\":\"https:\/\/infoecos.com.ar\/#organization\",\"name\":\"Infoecos\",\"alternateName\":\"Noticias\",\"url\":\"https:\/\/infoecos.com.ar\/\",\"logo\":{\"@type\":\"ImageObject\",\"inLanguage\":\"es\",\"@id\":\"https:\/\/infoecos.com.ar\/#\/schema\/logo\/image\/\",\"url\":\"https:\/\/infoecos.com.ar\/wp-content\/uploads\/2024\/03\/cropped-logo.png\",\"contentUrl\":\"https:\/\/infoecos.com.ar\/wp-content\/uploads\/2024\/03\/cropped-logo.png\",\"width\":374,\"height\":90,\"caption\":\"Infoecos\"},\"image\":{\"@id\":\"https:\/\/infoecos.com.ar\/#\/schema\/logo\/image\/\"},\"sameAs\":[\"https:\/\/www.facebook.com\/profile.php?id=100063200290284\",\"https:\/\/x.com\/infoecos\"]},{\"@type\":\"Person\",\"@id\":\"https:\/\/infoecos.com.ar\/#\/schema\/person\/8f5ace5ce73b4b4aac4b7245aee6f191\",\"name\":\"Jorge Matheus\",\"url\":\"https:\/\/infoecos.com.ar\/index.php\/author\/jomatheus\/\"}]}<\/script>\n<!-- \/ Yoast SEO plugin. -->","yoast_head_json":{"title":"Manuel Dorrego, un asesinato que marc\u00f3 el inicio del coloniaje - Infoecos","robots":{"index":"index","follow":"follow","max-snippet":"max-snippet:-1","max-image-preview":"max-image-preview:large","max-video-preview":"max-video-preview:-1"},"canonical":"https:\/\/infoecos.com.ar\/index.php\/116656\/","og_locale":"es_ES","og_type":"article","og_title":"Manuel Dorrego, un asesinato que marc\u00f3 el inicio del coloniaje - Infoecos","og_description":"Por Luis Gotte. Co-autor de \"Buenos Ayres Humana, la hora de tu comunidad\" Ed Fabro, 2022","og_url":"https:\/\/infoecos.com.ar\/index.php\/116656\/","og_site_name":"Infoecos","article_publisher":"https:\/\/www.facebook.com\/profile.php?id=100063200290284","article_published_time":"2023-12-21T15:18:49+00:00","article_modified_time":"2023-12-22T01:53:07+00:00","og_image":[{"width":390,"height":210,"url":"https:\/\/infoecos.com.ar\/wp-content\/uploads\/2023\/12\/manueldorr.jpg","type":"image\/jpeg"}],"author":"Jorge Matheus","twitter_card":"summary_large_image","twitter_creator":"@infoecos","twitter_site":"@infoecos","twitter_misc":{"Escrito por":"Jorge Matheus","Tiempo de lectura":"3 minutos"},"schema":{"@context":"https:\/\/schema.org","@graph":[{"@type":"Article","@id":"https:\/\/infoecos.com.ar\/index.php\/116656\/#article","isPartOf":{"@id":"https:\/\/infoecos.com.ar\/index.php\/116656\/"},"author":{"name":"Jorge Matheus","@id":"https:\/\/infoecos.com.ar\/#\/schema\/person\/8f5ace5ce73b4b4aac4b7245aee6f191"},"headline":"Manuel Dorrego, un asesinato que marc\u00f3 el inicio del coloniaje","datePublished":"2023-12-21T15:18:49+00:00","dateModified":"2023-12-22T01:53:07+00:00","mainEntityOfPage":{"@id":"https:\/\/infoecos.com.ar\/index.php\/116656\/"},"wordCount":536,"publisher":{"@id":"https:\/\/infoecos.com.ar\/#organization"},"image":{"@id":"https:\/\/infoecos.com.ar\/index.php\/116656\/#primaryimage"},"thumbnailUrl":"https:\/\/infoecos.com.ar\/wp-content\/uploads\/2023\/12\/manueldorr.jpg","keywords":["opiniones"],"articleSection":["C2 N7"],"inLanguage":"es"},{"@type":"WebPage","@id":"https:\/\/infoecos.com.ar\/index.php\/116656\/","url":"https:\/\/infoecos.com.ar\/index.php\/116656\/","name":"Manuel Dorrego, un asesinato que marc\u00f3 el inicio del coloniaje - Infoecos","isPartOf":{"@id":"https:\/\/infoecos.com.ar\/#website"},"primaryImageOfPage":{"@id":"https:\/\/infoecos.com.ar\/index.php\/116656\/#primaryimage"},"image":{"@id":"https:\/\/infoecos.com.ar\/index.php\/116656\/#primaryimage"},"thumbnailUrl":"https:\/\/infoecos.com.ar\/wp-content\/uploads\/2023\/12\/manueldorr.jpg","datePublished":"2023-12-21T15:18:49+00:00","dateModified":"2023-12-22T01:53:07+00:00","breadcrumb":{"@id":"https:\/\/infoecos.com.ar\/index.php\/116656\/#breadcrumb"},"inLanguage":"es","potentialAction":[{"@type":"ReadAction","target":["https:\/\/infoecos.com.ar\/index.php\/116656\/"]}]},{"@type":"ImageObject","inLanguage":"es","@id":"https:\/\/infoecos.com.ar\/index.php\/116656\/#primaryimage","url":"https:\/\/infoecos.com.ar\/wp-content\/uploads\/2023\/12\/manueldorr.jpg","contentUrl":"https:\/\/infoecos.com.ar\/wp-content\/uploads\/2023\/12\/manueldorr.jpg","width":390,"height":210},{"@type":"BreadcrumbList","@id":"https:\/\/infoecos.com.ar\/index.php\/116656\/#breadcrumb","itemListElement":[{"@type":"ListItem","position":1,"name":"Portada","item":"https:\/\/infoecos.com.ar\/"},{"@type":"ListItem","position":2,"name":"Manuel Dorrego, un asesinato que marc\u00f3 el inicio del coloniaje"}]},{"@type":"WebSite","@id":"https:\/\/infoecos.com.ar\/#website","url":"https:\/\/infoecos.com.ar\/","name":"Infoecos","description":"Noticias de trenque lauquen y la zona","publisher":{"@id":"https:\/\/infoecos.com.ar\/#organization"},"alternateName":"Noticias","potentialAction":[{"@type":"SearchAction","target":{"@type":"EntryPoint","urlTemplate":"https:\/\/infoecos.com.ar\/?s={search_term_string}"},"query-input":{"@type":"PropertyValueSpecification","valueRequired":true,"valueName":"search_term_string"}}],"inLanguage":"es"},{"@type":"Organization","@id":"https:\/\/infoecos.com.ar\/#organization","name":"Infoecos","alternateName":"Noticias","url":"https:\/\/infoecos.com.ar\/","logo":{"@type":"ImageObject","inLanguage":"es","@id":"https:\/\/infoecos.com.ar\/#\/schema\/logo\/image\/","url":"https:\/\/infoecos.com.ar\/wp-content\/uploads\/2024\/03\/cropped-logo.png","contentUrl":"https:\/\/infoecos.com.ar\/wp-content\/uploads\/2024\/03\/cropped-logo.png","width":374,"height":90,"caption":"Infoecos"},"image":{"@id":"https:\/\/infoecos.com.ar\/#\/schema\/logo\/image\/"},"sameAs":["https:\/\/www.facebook.com\/profile.php?id=100063200290284","https:\/\/x.com\/infoecos"]},{"@type":"Person","@id":"https:\/\/infoecos.com.ar\/#\/schema\/person\/8f5ace5ce73b4b4aac4b7245aee6f191","name":"Jorge Matheus","url":"https:\/\/infoecos.com.ar\/index.php\/author\/jomatheus\/"}]}},"featured_image_urls":{"full":["https:\/\/infoecos.com.ar\/wp-content\/uploads\/2023\/12\/manueldorr.jpg",390,210,false],"thumbnail":["https:\/\/infoecos.com.ar\/wp-content\/uploads\/2023\/12\/manueldorr-300x150.jpg",300,150,true],"medium":["https:\/\/infoecos.com.ar\/wp-content\/uploads\/2023\/12\/manueldorr.jpg",390,210,false],"medium_large":["https:\/\/infoecos.com.ar\/wp-content\/uploads\/2023\/12\/manueldorr.jpg",390,210,false],"large":["https:\/\/infoecos.com.ar\/wp-content\/uploads\/2023\/12\/manueldorr.jpg",390,210,false],"1536x1536":["https:\/\/infoecos.com.ar\/wp-content\/uploads\/2023\/12\/manueldorr.jpg",390,210,false],"2048x2048":["https:\/\/infoecos.com.ar\/wp-content\/uploads\/2023\/12\/manueldorr.jpg",390,210,false],"covernews-slider-full":["https:\/\/infoecos.com.ar\/wp-content\/uploads\/2023\/12\/manueldorr.jpg",390,210,false],"covernews-slider-center":["https:\/\/infoecos.com.ar\/wp-content\/uploads\/2023\/12\/manueldorr.jpg",390,210,false],"covernews-featured":["https:\/\/infoecos.com.ar\/wp-content\/uploads\/2023\/12\/manueldorr.jpg",390,210,false],"covernews-medium":["https:\/\/infoecos.com.ar\/wp-content\/uploads\/2023\/12\/manueldorr.jpg",390,210,false],"covernews-medium-square":["https:\/\/infoecos.com.ar\/wp-content\/uploads\/2023\/12\/manueldorr.jpg",390,210,false]},"author_info":{"info":["Jorge Matheus"]},"category_info":"<a href=\"https:\/\/infoecos.com.ar\/index.php\/category\/c2nota7\/\" rel=\"category tag\">C2 N7<\/a>","tag_info":"C2 N7","comment_count":"0","_links":{"self":[{"href":"https:\/\/infoecos.com.ar\/index.php\/wp-json\/wp\/v2\/posts\/116656"}],"collection":[{"href":"https:\/\/infoecos.com.ar\/index.php\/wp-json\/wp\/v2\/posts"}],"about":[{"href":"https:\/\/infoecos.com.ar\/index.php\/wp-json\/wp\/v2\/types\/post"}],"author":[{"embeddable":true,"href":"https:\/\/infoecos.com.ar\/index.php\/wp-json\/wp\/v2\/users\/2"}],"replies":[{"embeddable":true,"href":"https:\/\/infoecos.com.ar\/index.php\/wp-json\/wp\/v2\/comments?post=116656"}],"version-history":[{"count":2,"href":"https:\/\/infoecos.com.ar\/index.php\/wp-json\/wp\/v2\/posts\/116656\/revisions"}],"predecessor-version":[{"id":116660,"href":"https:\/\/infoecos.com.ar\/index.php\/wp-json\/wp\/v2\/posts\/116656\/revisions\/116660"}],"wp:featuredmedia":[{"embeddable":true,"href":"https:\/\/infoecos.com.ar\/index.php\/wp-json\/wp\/v2\/media\/116658"}],"wp:attachment":[{"href":"https:\/\/infoecos.com.ar\/index.php\/wp-json\/wp\/v2\/media?parent=116656"}],"wp:term":[{"taxonomy":"category","embeddable":true,"href":"https:\/\/infoecos.com.ar\/index.php\/wp-json\/wp\/v2\/categories?post=116656"},{"taxonomy":"post_tag","embeddable":true,"href":"https:\/\/infoecos.com.ar\/index.php\/wp-json\/wp\/v2\/tags?post=116656"}],"curies":[{"name":"wp","href":"https:\/\/api.w.org\/{rel}","templated":true}]}}