{"id":116661,"date":"2023-12-21T13:24:16","date_gmt":"2023-12-21T16:24:16","guid":{"rendered":"https:\/\/infoecos.com.ar\/?p=116661"},"modified":"2023-12-21T13:24:18","modified_gmt":"2023-12-21T16:24:18","slug":"la-policia-de-la-pampa-retuvo-a-conductores-de-un-auto-con-armas-de-caza-carnes-y-cabeza-de-jabali","status":"publish","type":"post","link":"https:\/\/infoecos.com.ar\/index.php\/la-policia-de-la-pampa-retuvo-a-conductores-de-un-auto-con-armas-de-caza-carnes-y-cabeza-de-jabali\/","title":{"rendered":"La Polic\u00eda de La Pampa retuvo a conductores de un auto con armas de caza, carnes y cabeza de jabal\u00ed"},"content":{"rendered":"\n<figure class=\"wp-block-image alignright size-full is-resized\"><img loading=\"lazy\" decoding=\"async\" src=\"https:\/\/infoecos.com.ar\/wp-content\/uploads\/2023\/12\/image-140.png\" alt=\"\" class=\"wp-image-116662\" width=\"422\" height=\"238\" srcset=\"https:\/\/infoecos.com.ar\/wp-content\/uploads\/2023\/12\/image-140.png 1121w, https:\/\/infoecos.com.ar\/wp-content\/uploads\/2023\/12\/image-140-800x452.png 800w, https:\/\/infoecos.com.ar\/wp-content\/uploads\/2023\/12\/image-140-768x434.png 768w, https:\/\/infoecos.com.ar\/wp-content\/uploads\/2023\/12\/image-140-1024x578.png 1024w\" sizes=\"(max-width: 422px) 100vw, 422px\" \/><\/figure>\n\n\n\n<p>Personal policial de La Pampa mont\u00f3 un operativo en las rutas provincial 10 y 105 donde intercept\u00f3 un auto que hab\u00eda ido en busca de dos furtivos que llevaban\u00a0en sus mochilas armas, carne de jabal\u00ed y una cabeza de ciervo colorado de ocho\u00a0puntas.\u00a0<\/p>\n\n\n\n<p>Un Gol gris fue visto por personal policial circulando por ruta 10 en m\u00e1s de una oportunidad a baja velocidad. Esto hizo que llamara la atenci\u00f3n del personal policial. Cuando se dirigi\u00f3 hacia Carro Quemado, por la ruta 105, se dio aviso al destacamento de esa localidad.\u00a0<br><br>\u201cPersonal policial de Carro Quemado observ\u00f3 que el auto, un Gol color gris, detuvo\u00a0su marcha sobre la ruta 105 y desde un predio rural salieron\u00a0dos personas con una mochila y carga en su espalda\u201d, cont\u00f3 Edgardo D\u00edaz Correa, Jefe de la departamental Victorica.\u00a0<\/p>\n\n\n\n<figure class=\"wp-block-image alignright size-full is-resized\"><img loading=\"lazy\" decoding=\"async\" src=\"https:\/\/infoecos.com.ar\/wp-content\/uploads\/2023\/12\/image-141.png\" alt=\"\" class=\"wp-image-116663\" width=\"423\" height=\"222\" srcset=\"https:\/\/infoecos.com.ar\/wp-content\/uploads\/2023\/12\/image-141.png 860w, https:\/\/infoecos.com.ar\/wp-content\/uploads\/2023\/12\/image-141-800x420.png 800w, https:\/\/infoecos.com.ar\/wp-content\/uploads\/2023\/12\/image-141-768x404.png 768w, https:\/\/infoecos.com.ar\/wp-content\/uploads\/2023\/12\/image-141-720x380.png 720w\" sizes=\"(max-width: 423px) 100vw, 423px\" \/><\/figure>\n\n\n\n<p>Se mont\u00f3 un operativo y el auto fue interceptado. Se le secuestr\u00f3 el veh\u00edculo, dos armas \u2013 un fusil y una carabina, un silenciador, miras telesc\u00f3picas, municiones, una cabeza de ciervo de ocho\u00a0puntas y cortes de carne de jabal\u00ed (una paleta y dos cuartos de jabal\u00ed), entre otros elementos.\u00a0<\/p>\n\n\n\n<p>La causa est\u00e1 caratulada como Infracci\u00f3n a la Ley Nacional 22.421 de Conservaci\u00f3n de la Fauna e infracci\u00f3n a la Ley 20.429 de armas y explosivos. Adem\u00e1s, se dio intervenci\u00f3n al Juzgado de Faltas local.\u00a0<\/p>\n\n\n\n<p>Interviene la Fiscal\u00eda de Victorica, IV Circunscripci\u00f3n Judicial del Ministerio P\u00fablico Fiscal a cargo de la fiscala Mar\u00eda Nemesio.\u00a0<\/p>\n\n\n\n<p><strong>Fuentes:<\/strong><\/p>\n\n\n\n<p><strong>La Arena <\/strong><\/p>\n\n\n\n<p><strong>El Diario de La Pampa<\/strong><\/p>\n","protected":false},"excerpt":{"rendered":"<p>La causa est\u00e1 caratulada como Infracci\u00f3n a la Ley Nacional 22.421 de Conservaci\u00f3n de la Fauna e infracci\u00f3n a la Ley 20.429 de armas y explosivos<\/p>\n","protected":false},"author":2,"featured_media":116663,"comment_status":"closed","ping_status":"open","sticky":false,"template":"","format":"standard","meta":{"footnotes":""},"categories":[45],"tags":[9757],"class_list":["post-116661","post","type-post","status-publish","format-standard","has-post-thumbnail","hentry","category-c1nota2","tag-cazadores-furtivos"],"yoast_head":"<!-- This site is optimized with the Yoast SEO plugin v23.4 - https:\/\/yoast.com\/wordpress\/plugins\/seo\/ -->\n<title>La Polic\u00eda de La Pampa retuvo a conductores de un auto con armas de caza, carnes y cabeza de jabal\u00ed - Infoecos<\/title>\n<meta name=\"robots\" content=\"index, follow, max-snippet:-1, max-image-preview:large, max-video-preview:-1\" \/>\n<link rel=\"canonical\" href=\"https:\/\/infoecos.com.ar\/index.php\/la-policia-de-la-pampa-retuvo-a-conductores-de-un-auto-con-armas-de-caza-carnes-y-cabeza-de-jabali\/\" \/>\n<meta property=\"og:locale\" content=\"es_ES\" \/>\n<meta property=\"og:type\" content=\"article\" \/>\n<meta property=\"og:title\" content=\"La Polic\u00eda de La Pampa retuvo a conductores de un auto con armas de caza, carnes y cabeza de jabal\u00ed - Infoecos\" \/>\n<meta property=\"og:description\" content=\"La causa est\u00e1 caratulada como Infracci\u00f3n a la Ley Nacional 22.421 de Conservaci\u00f3n de la Fauna e infracci\u00f3n a la Ley 20.429 de armas y explosivos\" \/>\n<meta property=\"og:url\" content=\"https:\/\/infoecos.com.ar\/index.php\/la-policia-de-la-pampa-retuvo-a-conductores-de-un-auto-con-armas-de-caza-carnes-y-cabeza-de-jabali\/\" \/>\n<meta property=\"og:site_name\" content=\"Infoecos\" \/>\n<meta property=\"article:publisher\" content=\"https:\/\/www.facebook.com\/profile.php?id=100063200290284\" \/>\n<meta property=\"article:published_time\" content=\"2023-12-21T16:24:16+00:00\" \/>\n<meta property=\"article:modified_time\" content=\"2023-12-21T16:24:18+00:00\" \/>\n<meta property=\"og:image\" content=\"https:\/\/infoecos.com.ar\/wp-content\/uploads\/2023\/12\/image-141.png\" \/>\n\t<meta property=\"og:image:width\" content=\"860\" \/>\n\t<meta property=\"og:image:height\" content=\"452\" \/>\n\t<meta property=\"og:image:type\" content=\"image\/png\" \/>\n<meta name=\"author\" content=\"Jorge Matheus\" \/>\n<meta name=\"twitter:card\" content=\"summary_large_image\" \/>\n<meta name=\"twitter:creator\" content=\"@infoecos\" \/>\n<meta name=\"twitter:site\" content=\"@infoecos\" \/>\n<meta name=\"twitter:label1\" content=\"Escrito por\" \/>\n\t<meta name=\"twitter:data1\" content=\"Jorge Matheus\" \/>\n\t<meta name=\"twitter:label2\" content=\"Tiempo de lectura\" \/>\n\t<meta name=\"twitter:data2\" content=\"2 minutos\" \/>\n<script type=\"application\/ld+json\" class=\"yoast-schema-graph\">{\"@context\":\"https:\/\/schema.org\",\"@graph\":[{\"@type\":\"Article\",\"@id\":\"https:\/\/infoecos.com.ar\/index.php\/la-policia-de-la-pampa-retuvo-a-conductores-de-un-auto-con-armas-de-caza-carnes-y-cabeza-de-jabali\/#article\",\"isPartOf\":{\"@id\":\"https:\/\/infoecos.com.ar\/index.php\/la-policia-de-la-pampa-retuvo-a-conductores-de-un-auto-con-armas-de-caza-carnes-y-cabeza-de-jabali\/\"},\"author\":{\"name\":\"Jorge Matheus\",\"@id\":\"https:\/\/infoecos.com.ar\/#\/schema\/person\/8f5ace5ce73b4b4aac4b7245aee6f191\"},\"headline\":\"La Polic\u00eda de La Pampa retuvo a conductores de un auto con armas de caza, carnes y cabeza de jabal\u00ed\",\"datePublished\":\"2023-12-21T16:24:16+00:00\",\"dateModified\":\"2023-12-21T16:24:18+00:00\",\"mainEntityOfPage\":{\"@id\":\"https:\/\/infoecos.com.ar\/index.php\/la-policia-de-la-pampa-retuvo-a-conductores-de-un-auto-con-armas-de-caza-carnes-y-cabeza-de-jabali\/\"},\"wordCount\":277,\"publisher\":{\"@id\":\"https:\/\/infoecos.com.ar\/#organization\"},\"image\":{\"@id\":\"https:\/\/infoecos.com.ar\/index.php\/la-policia-de-la-pampa-retuvo-a-conductores-de-un-auto-con-armas-de-caza-carnes-y-cabeza-de-jabali\/#primaryimage\"},\"thumbnailUrl\":\"https:\/\/infoecos.com.ar\/wp-content\/uploads\/2023\/12\/image-141.png\",\"keywords\":[\"cazadores furtivos\"],\"articleSection\":[\"C1 N2\"],\"inLanguage\":\"es\"},{\"@type\":\"WebPage\",\"@id\":\"https:\/\/infoecos.com.ar\/index.php\/la-policia-de-la-pampa-retuvo-a-conductores-de-un-auto-con-armas-de-caza-carnes-y-cabeza-de-jabali\/\",\"url\":\"https:\/\/infoecos.com.ar\/index.php\/la-policia-de-la-pampa-retuvo-a-conductores-de-un-auto-con-armas-de-caza-carnes-y-cabeza-de-jabali\/\",\"name\":\"La Polic\u00eda de La Pampa retuvo a conductores de un auto con armas de caza, carnes y cabeza de jabal\u00ed - Infoecos\",\"isPartOf\":{\"@id\":\"https:\/\/infoecos.com.ar\/#website\"},\"primaryImageOfPage\":{\"@id\":\"https:\/\/infoecos.com.ar\/index.php\/la-policia-de-la-pampa-retuvo-a-conductores-de-un-auto-con-armas-de-caza-carnes-y-cabeza-de-jabali\/#primaryimage\"},\"image\":{\"@id\":\"https:\/\/infoecos.com.ar\/index.php\/la-policia-de-la-pampa-retuvo-a-conductores-de-un-auto-con-armas-de-caza-carnes-y-cabeza-de-jabali\/#primaryimage\"},\"thumbnailUrl\":\"https:\/\/infoecos.com.ar\/wp-content\/uploads\/2023\/12\/image-141.png\",\"datePublished\":\"2023-12-21T16:24:16+00:00\",\"dateModified\":\"2023-12-21T16:24:18+00:00\",\"breadcrumb\":{\"@id\":\"https:\/\/infoecos.com.ar\/index.php\/la-policia-de-la-pampa-retuvo-a-conductores-de-un-auto-con-armas-de-caza-carnes-y-cabeza-de-jabali\/#breadcrumb\"},\"inLanguage\":\"es\",\"potentialAction\":[{\"@type\":\"ReadAction\",\"target\":[\"https:\/\/infoecos.com.ar\/index.php\/la-policia-de-la-pampa-retuvo-a-conductores-de-un-auto-con-armas-de-caza-carnes-y-cabeza-de-jabali\/\"]}]},{\"@type\":\"ImageObject\",\"inLanguage\":\"es\",\"@id\":\"https:\/\/infoecos.com.ar\/index.php\/la-policia-de-la-pampa-retuvo-a-conductores-de-un-auto-con-armas-de-caza-carnes-y-cabeza-de-jabali\/#primaryimage\",\"url\":\"https:\/\/infoecos.com.ar\/wp-content\/uploads\/2023\/12\/image-141.png\",\"contentUrl\":\"https:\/\/infoecos.com.ar\/wp-content\/uploads\/2023\/12\/image-141.png\",\"width\":860,\"height\":452},{\"@type\":\"BreadcrumbList\",\"@id\":\"https:\/\/infoecos.com.ar\/index.php\/la-policia-de-la-pampa-retuvo-a-conductores-de-un-auto-con-armas-de-caza-carnes-y-cabeza-de-jabali\/#breadcrumb\",\"itemListElement\":[{\"@type\":\"ListItem\",\"position\":1,\"name\":\"Portada\",\"item\":\"https:\/\/infoecos.com.ar\/\"},{\"@type\":\"ListItem\",\"position\":2,\"name\":\"La Polic\u00eda de La Pampa retuvo a conductores de un auto con armas de caza, carnes y cabeza de jabal\u00ed\"}]},{\"@type\":\"WebSite\",\"@id\":\"https:\/\/infoecos.com.ar\/#website\",\"url\":\"https:\/\/infoecos.com.ar\/\",\"name\":\"Infoecos\",\"description\":\"Noticias de trenque lauquen y la zona\",\"publisher\":{\"@id\":\"https:\/\/infoecos.com.ar\/#organization\"},\"alternateName\":\"Noticias\",\"potentialAction\":[{\"@type\":\"SearchAction\",\"target\":{\"@type\":\"EntryPoint\",\"urlTemplate\":\"https:\/\/infoecos.com.ar\/?s={search_term_string}\"},\"query-input\":{\"@type\":\"PropertyValueSpecification\",\"valueRequired\":true,\"valueName\":\"search_term_string\"}}],\"inLanguage\":\"es\"},{\"@type\":\"Organization\",\"@id\":\"https:\/\/infoecos.com.ar\/#organization\",\"name\":\"Infoecos\",\"alternateName\":\"Noticias\",\"url\":\"https:\/\/infoecos.com.ar\/\",\"logo\":{\"@type\":\"ImageObject\",\"inLanguage\":\"es\",\"@id\":\"https:\/\/infoecos.com.ar\/#\/schema\/logo\/image\/\",\"url\":\"https:\/\/infoecos.com.ar\/wp-content\/uploads\/2024\/03\/cropped-logo.png\",\"contentUrl\":\"https:\/\/infoecos.com.ar\/wp-content\/uploads\/2024\/03\/cropped-logo.png\",\"width\":374,\"height\":90,\"caption\":\"Infoecos\"},\"image\":{\"@id\":\"https:\/\/infoecos.com.ar\/#\/schema\/logo\/image\/\"},\"sameAs\":[\"https:\/\/www.facebook.com\/profile.php?id=100063200290284\",\"https:\/\/x.com\/infoecos\"]},{\"@type\":\"Person\",\"@id\":\"https:\/\/infoecos.com.ar\/#\/schema\/person\/8f5ace5ce73b4b4aac4b7245aee6f191\",\"name\":\"Jorge Matheus\",\"url\":\"https:\/\/infoecos.com.ar\/index.php\/author\/jomatheus\/\"}]}<\/script>\n<!-- \/ Yoast SEO plugin. -->","yoast_head_json":{"title":"La Polic\u00eda de La Pampa retuvo a conductores de un auto con armas de caza, carnes y cabeza de jabal\u00ed - Infoecos","robots":{"index":"index","follow":"follow","max-snippet":"max-snippet:-1","max-image-preview":"max-image-preview:large","max-video-preview":"max-video-preview:-1"},"canonical":"https:\/\/infoecos.com.ar\/index.php\/la-policia-de-la-pampa-retuvo-a-conductores-de-un-auto-con-armas-de-caza-carnes-y-cabeza-de-jabali\/","og_locale":"es_ES","og_type":"article","og_title":"La Polic\u00eda de La Pampa retuvo a conductores de un auto con armas de caza, carnes y cabeza de jabal\u00ed - Infoecos","og_description":"La causa est\u00e1 caratulada como Infracci\u00f3n a la Ley Nacional 22.421 de Conservaci\u00f3n de la Fauna e infracci\u00f3n a la Ley 20.429 de armas y explosivos","og_url":"https:\/\/infoecos.com.ar\/index.php\/la-policia-de-la-pampa-retuvo-a-conductores-de-un-auto-con-armas-de-caza-carnes-y-cabeza-de-jabali\/","og_site_name":"Infoecos","article_publisher":"https:\/\/www.facebook.com\/profile.php?id=100063200290284","article_published_time":"2023-12-21T16:24:16+00:00","article_modified_time":"2023-12-21T16:24:18+00:00","og_image":[{"width":860,"height":452,"url":"https:\/\/infoecos.com.ar\/wp-content\/uploads\/2023\/12\/image-141.png","type":"image\/png"}],"author":"Jorge Matheus","twitter_card":"summary_large_image","twitter_creator":"@infoecos","twitter_site":"@infoecos","twitter_misc":{"Escrito por":"Jorge Matheus","Tiempo de lectura":"2 minutos"},"schema":{"@context":"https:\/\/schema.org","@graph":[{"@type":"Article","@id":"https:\/\/infoecos.com.ar\/index.php\/la-policia-de-la-pampa-retuvo-a-conductores-de-un-auto-con-armas-de-caza-carnes-y-cabeza-de-jabali\/#article","isPartOf":{"@id":"https:\/\/infoecos.com.ar\/index.php\/la-policia-de-la-pampa-retuvo-a-conductores-de-un-auto-con-armas-de-caza-carnes-y-cabeza-de-jabali\/"},"author":{"name":"Jorge Matheus","@id":"https:\/\/infoecos.com.ar\/#\/schema\/person\/8f5ace5ce73b4b4aac4b7245aee6f191"},"headline":"La Polic\u00eda de La Pampa retuvo a conductores de un auto con armas de caza, carnes y cabeza de jabal\u00ed","datePublished":"2023-12-21T16:24:16+00:00","dateModified":"2023-12-21T16:24:18+00:00","mainEntityOfPage":{"@id":"https:\/\/infoecos.com.ar\/index.php\/la-policia-de-la-pampa-retuvo-a-conductores-de-un-auto-con-armas-de-caza-carnes-y-cabeza-de-jabali\/"},"wordCount":277,"publisher":{"@id":"https:\/\/infoecos.com.ar\/#organization"},"image":{"@id":"https:\/\/infoecos.com.ar\/index.php\/la-policia-de-la-pampa-retuvo-a-conductores-de-un-auto-con-armas-de-caza-carnes-y-cabeza-de-jabali\/#primaryimage"},"thumbnailUrl":"https:\/\/infoecos.com.ar\/wp-content\/uploads\/2023\/12\/image-141.png","keywords":["cazadores furtivos"],"articleSection":["C1 N2"],"inLanguage":"es"},{"@type":"WebPage","@id":"https:\/\/infoecos.com.ar\/index.php\/la-policia-de-la-pampa-retuvo-a-conductores-de-un-auto-con-armas-de-caza-carnes-y-cabeza-de-jabali\/","url":"https:\/\/infoecos.com.ar\/index.php\/la-policia-de-la-pampa-retuvo-a-conductores-de-un-auto-con-armas-de-caza-carnes-y-cabeza-de-jabali\/","name":"La Polic\u00eda de La Pampa retuvo a conductores de un auto con armas de caza, carnes y cabeza de jabal\u00ed - Infoecos","isPartOf":{"@id":"https:\/\/infoecos.com.ar\/#website"},"primaryImageOfPage":{"@id":"https:\/\/infoecos.com.ar\/index.php\/la-policia-de-la-pampa-retuvo-a-conductores-de-un-auto-con-armas-de-caza-carnes-y-cabeza-de-jabali\/#primaryimage"},"image":{"@id":"https:\/\/infoecos.com.ar\/index.php\/la-policia-de-la-pampa-retuvo-a-conductores-de-un-auto-con-armas-de-caza-carnes-y-cabeza-de-jabali\/#primaryimage"},"thumbnailUrl":"https:\/\/infoecos.com.ar\/wp-content\/uploads\/2023\/12\/image-141.png","datePublished":"2023-12-21T16:24:16+00:00","dateModified":"2023-12-21T16:24:18+00:00","breadcrumb":{"@id":"https:\/\/infoecos.com.ar\/index.php\/la-policia-de-la-pampa-retuvo-a-conductores-de-un-auto-con-armas-de-caza-carnes-y-cabeza-de-jabali\/#breadcrumb"},"inLanguage":"es","potentialAction":[{"@type":"ReadAction","target":["https:\/\/infoecos.com.ar\/index.php\/la-policia-de-la-pampa-retuvo-a-conductores-de-un-auto-con-armas-de-caza-carnes-y-cabeza-de-jabali\/"]}]},{"@type":"ImageObject","inLanguage":"es","@id":"https:\/\/infoecos.com.ar\/index.php\/la-policia-de-la-pampa-retuvo-a-conductores-de-un-auto-con-armas-de-caza-carnes-y-cabeza-de-jabali\/#primaryimage","url":"https:\/\/infoecos.com.ar\/wp-content\/uploads\/2023\/12\/image-141.png","contentUrl":"https:\/\/infoecos.com.ar\/wp-content\/uploads\/2023\/12\/image-141.png","width":860,"height":452},{"@type":"BreadcrumbList","@id":"https:\/\/infoecos.com.ar\/index.php\/la-policia-de-la-pampa-retuvo-a-conductores-de-un-auto-con-armas-de-caza-carnes-y-cabeza-de-jabali\/#breadcrumb","itemListElement":[{"@type":"ListItem","position":1,"name":"Portada","item":"https:\/\/infoecos.com.ar\/"},{"@type":"ListItem","position":2,"name":"La Polic\u00eda de La Pampa retuvo a conductores de un auto con armas de caza, carnes y cabeza de jabal\u00ed"}]},{"@type":"WebSite","@id":"https:\/\/infoecos.com.ar\/#website","url":"https:\/\/infoecos.com.ar\/","name":"Infoecos","description":"Noticias de trenque lauquen y la zona","publisher":{"@id":"https:\/\/infoecos.com.ar\/#organization"},"alternateName":"Noticias","potentialAction":[{"@type":"SearchAction","target":{"@type":"EntryPoint","urlTemplate":"https:\/\/infoecos.com.ar\/?s={search_term_string}"},"query-input":{"@type":"PropertyValueSpecification","valueRequired":true,"valueName":"search_term_string"}}],"inLanguage":"es"},{"@type":"Organization","@id":"https:\/\/infoecos.com.ar\/#organization","name":"Infoecos","alternateName":"Noticias","url":"https:\/\/infoecos.com.ar\/","logo":{"@type":"ImageObject","inLanguage":"es","@id":"https:\/\/infoecos.com.ar\/#\/schema\/logo\/image\/","url":"https:\/\/infoecos.com.ar\/wp-content\/uploads\/2024\/03\/cropped-logo.png","contentUrl":"https:\/\/infoecos.com.ar\/wp-content\/uploads\/2024\/03\/cropped-logo.png","width":374,"height":90,"caption":"Infoecos"},"image":{"@id":"https:\/\/infoecos.com.ar\/#\/schema\/logo\/image\/"},"sameAs":["https:\/\/www.facebook.com\/profile.php?id=100063200290284","https:\/\/x.com\/infoecos"]},{"@type":"Person","@id":"https:\/\/infoecos.com.ar\/#\/schema\/person\/8f5ace5ce73b4b4aac4b7245aee6f191","name":"Jorge Matheus","url":"https:\/\/infoecos.com.ar\/index.php\/author\/jomatheus\/"}]}},"featured_image_urls":{"full":["https:\/\/infoecos.com.ar\/wp-content\/uploads\/2023\/12\/image-141.png",860,452,false],"thumbnail":["https:\/\/infoecos.com.ar\/wp-content\/uploads\/2023\/12\/image-141-300x150.png",300,150,true],"medium":["https:\/\/infoecos.com.ar\/wp-content\/uploads\/2023\/12\/image-141-800x420.png",800,420,true],"medium_large":["https:\/\/infoecos.com.ar\/wp-content\/uploads\/2023\/12\/image-141-768x404.png",640,337,true],"large":["https:\/\/infoecos.com.ar\/wp-content\/uploads\/2023\/12\/image-141.png",640,336,false],"1536x1536":["https:\/\/infoecos.com.ar\/wp-content\/uploads\/2023\/12\/image-141.png",860,452,false],"2048x2048":["https:\/\/infoecos.com.ar\/wp-content\/uploads\/2023\/12\/image-141.png",860,452,false],"covernews-slider-full":["https:\/\/infoecos.com.ar\/wp-content\/uploads\/2023\/12\/image-141.png",860,452,false],"covernews-slider-center":["https:\/\/infoecos.com.ar\/wp-content\/uploads\/2023\/12\/image-141.png",800,420,false],"covernews-featured":["https:\/\/infoecos.com.ar\/wp-content\/uploads\/2023\/12\/image-141.png",860,452,false],"covernews-medium":["https:\/\/infoecos.com.ar\/wp-content\/uploads\/2023\/12\/image-141-720x380.png",540,285,true],"covernews-medium-square":["https:\/\/infoecos.com.ar\/wp-content\/uploads\/2023\/12\/image-141-675x450.png",375,250,true]},"author_info":{"info":["Jorge Matheus"]},"category_info":"<a href=\"https:\/\/infoecos.com.ar\/index.php\/category\/c1nota2\/\" rel=\"category tag\">C1 N2<\/a>","tag_info":"C1 N2","comment_count":"0","_links":{"self":[{"href":"https:\/\/infoecos.com.ar\/index.php\/wp-json\/wp\/v2\/posts\/116661"}],"collection":[{"href":"https:\/\/infoecos.com.ar\/index.php\/wp-json\/wp\/v2\/posts"}],"about":[{"href":"https:\/\/infoecos.com.ar\/index.php\/wp-json\/wp\/v2\/types\/post"}],"author":[{"embeddable":true,"href":"https:\/\/infoecos.com.ar\/index.php\/wp-json\/wp\/v2\/users\/2"}],"replies":[{"embeddable":true,"href":"https:\/\/infoecos.com.ar\/index.php\/wp-json\/wp\/v2\/comments?post=116661"}],"version-history":[{"count":1,"href":"https:\/\/infoecos.com.ar\/index.php\/wp-json\/wp\/v2\/posts\/116661\/revisions"}],"predecessor-version":[{"id":116664,"href":"https:\/\/infoecos.com.ar\/index.php\/wp-json\/wp\/v2\/posts\/116661\/revisions\/116664"}],"wp:featuredmedia":[{"embeddable":true,"href":"https:\/\/infoecos.com.ar\/index.php\/wp-json\/wp\/v2\/media\/116663"}],"wp:attachment":[{"href":"https:\/\/infoecos.com.ar\/index.php\/wp-json\/wp\/v2\/media?parent=116661"}],"wp:term":[{"taxonomy":"category","embeddable":true,"href":"https:\/\/infoecos.com.ar\/index.php\/wp-json\/wp\/v2\/categories?post=116661"},{"taxonomy":"post_tag","embeddable":true,"href":"https:\/\/infoecos.com.ar\/index.php\/wp-json\/wp\/v2\/tags?post=116661"}],"curies":[{"name":"wp","href":"https:\/\/api.w.org\/{rel}","templated":true}]}}