{"id":116669,"date":"2023-12-21T13:46:20","date_gmt":"2023-12-21T16:46:20","guid":{"rendered":"https:\/\/infoecos.com.ar\/?p=116669"},"modified":"2023-12-21T13:46:21","modified_gmt":"2023-12-21T16:46:21","slug":"despues-del-anuncio-de-las-medidas-el-presidente-hablo-con-radio-rivadavia","status":"publish","type":"post","link":"https:\/\/infoecos.com.ar\/index.php\/despues-del-anuncio-de-las-medidas-el-presidente-hablo-con-radio-rivadavia\/","title":{"rendered":"Despu\u00e9s del anuncio de las medidas, el presidente habl\u00f3 con Radio Rivadavia"},"content":{"rendered":"\n<figure class=\"wp-block-image alignright size-full is-resized\"><img loading=\"lazy\" decoding=\"async\" src=\"https:\/\/infoecos.com.ar\/wp-content\/uploads\/2023\/12\/image-46.png\" alt=\"\" class=\"wp-image-116060\" width=\"424\" height=\"283\" srcset=\"https:\/\/infoecos.com.ar\/wp-content\/uploads\/2023\/12\/image-46.png 1440w, https:\/\/infoecos.com.ar\/wp-content\/uploads\/2023\/12\/image-46-800x533.png 800w, https:\/\/infoecos.com.ar\/wp-content\/uploads\/2023\/12\/image-46-768x512.png 768w, https:\/\/infoecos.com.ar\/wp-content\/uploads\/2023\/12\/image-46-1024x683.png 1024w, https:\/\/infoecos.com.ar\/wp-content\/uploads\/2023\/12\/image-46-675x450.png 675w\" sizes=\"(max-width: 424px) 100vw, 424px\" \/><\/figure>\n\n\n\n<p>El presidente Javier Milei habl\u00f3 de<strong>&nbsp;\u201cmedidas antip\u00e1ticas\u201d<\/strong>&nbsp;y advirti\u00f3 que \u201chasta en las filas propias estaban sorprendidos por el nivel de profundidad\u201d del megadecreto que<strong>&nbsp;modifica y deroga unas 300 leyes con el fin de desregular de econom\u00eda<\/strong>&nbsp;y que contiene, entre sus puntos principales, una reforma de flexibilizaci\u00f3n laboral, la eliminaci\u00f3n de la ley de alquileres y abre paso a la privatizaci\u00f3n de las empresas p\u00fablicas.<\/p>\n\n\n\n<p>\u201cHasta en las filas propias estaban sorprendidos por el nivel de profundidad\u201d, dijo el presidente en una entrevista en Radio Rivadavia. \u201cLes aviso que viene m\u00e1s\u201d, advirti\u00f3. \u201cPronto se van a enterar. Vamos a llamar a extraordinarias y enviar un proyecto de ley para la modificaci\u00f3n del Estado\u201d, agreg\u00f3.<\/p>\n\n\n\n<p>\u201cHemos detectado entre leyes regulaciones y dem\u00e1s normativas que dificultan el funcionamiento de la econom\u00eda unas&nbsp;<strong>380 mil regulaciones. Estamos trabajando en desmontar esa m\u00e1quina de pedir en la que se convirti\u00f3 el Estado<\/strong>\u201d, dijo.<\/p>\n\n\n\n<p>En ese sentido, agradeci\u00f3 a Federico Sturzenegger y a Eduardo Rodr\u00edguez Chirillo, a quienes calific\u00f3 como los principales ide\u00f3logos de las medidas, al tiempo que rechaz\u00f3 los cacerolazos que se dieron en diferentes puntos del pa\u00eds. \u201cPuede ser que haya gente que sufra s\u00edndrome de Estocolmo y est\u00e1n enamorados del modelo anterior que los empobrece\u201d, sostuvo. Adem\u00e1s, le respondi\u00f3 a Alberto Fern\u00e1ndez y dijo que la Republica est\u00e1 en riesgo con el populismo, no con libertad\u201d.<\/p>\n\n\n\n<p>En ese sentido, procedi\u00f3 a explicar la naturaleza de sus medidas y a realizar un diagn\u00f3stico sobre otros modelos y planes econ\u00f3micos: \u201cEl coraz\u00f3n del entramado regulatorio tiene que ver con atacar los efectos, pero no las causas. Sistem\u00e1ticamente, hemos hablado del modelo de la casta que tiene una consecuencia directa en t\u00e9rminos de d\u00e9ficit fiscal. Eso lo ten\u00e9s que financiar con deuda, emisi\u00f3n o con impuestos y despu\u00e9s, cuando aparecen los efectos no deseados, generas normativas que intentan reparar sobre el efecto y no la causa\u201d, ahond\u00f3 el presidente.<\/p>\n\n\n\n<p>Por ejemplo, dijo, la&nbsp;<strong>ley de alquileres es una de esas normativas<\/strong>. \u201cCuando gener\u00e1s inflaci\u00f3n, fij\u00e1s el tipo de cambio empez\u00e1s a perder reservas, te ponen regulaciones en el mercado cambiario y te cercenan la libertad; o te ponen el control de precios y aparece el abastecimiento, entonces te ponen una ley de abastecimiento, que es algo verdaderamente criminal. La ley de alquileres es lo mismo. Como los pol\u00edticos no quieren modificar el d\u00e9ficit fiscal, meten los parches\u201d, sostuvo.<\/p>\n\n\n\n<p><strong>Sobre las indemnizaciones Milei dijo que se ataca<\/strong>&nbsp;\u201cel tema de las multas o que hace que un despido sea extravagantemente caro\u201d. \u201c\u00bfSi me echan voy a ganar menos como indemnizaci\u00f3n? No, vas a esta mejor porque cuando elimines la carga de litigiosidad es menos probable que te echen, y si lo hacen vas a conseguir m\u00e1s f\u00e1cil trabajo\u201d, detall\u00f3. El mandatario nacional calific\u00f3 al DNU como \u201cun ca\u00f1onazo a la industria del juicio\u201d y asegur\u00f3 que no perjudica a ning\u00fan trabajador.<\/p>\n\n\n\n<p>Milei neg\u00f3 que el paquete de las medidas favorezca a las empresas y perjudique a los trabajadores. \u201cNo es un paquete pro empresas sino pro mercado\u201d, dijo. Y a\u00f1adi\u00f3: \u201cEl exvicepresidente del Banco de la Naci\u00f3n Argentina Lucas Llach se\u00f1al\u00f3 que el paquete es market friendly. Una cosa es que hagas un paquete a favor del mercado o de las empresas, pero en el mercado las dos partes ganan\u201d, dijo el Milei. \u201cEl derogar el programa Compre Argentino, la promoci\u00f3n industrial y comercial favorece a la gente y se cierran determinados quioscos. El DNU es la soluci\u00f3n de mercado\u201d.<\/p>\n","protected":false},"excerpt":{"rendered":"<p>\u201cHasta en las filas propias estaban sorprendidos por el nivel de profundidad\u201d, dijo el presidente en una entrevista<\/p>\n","protected":false},"author":2,"featured_media":116670,"comment_status":"closed","ping_status":"open","sticky":false,"template":"","format":"standard","meta":{"footnotes":""},"categories":[1323],"tags":[1621],"class_list":["post-116669","post","type-post","status-publish","format-standard","has-post-thumbnail","hentry","category-c2nota5","tag-politica-argentina"],"yoast_head":"<!-- This site is optimized with the Yoast SEO plugin v23.4 - https:\/\/yoast.com\/wordpress\/plugins\/seo\/ -->\n<title>Despu\u00e9s del anuncio de las medidas, el presidente habl\u00f3 con Radio Rivadavia - Infoecos<\/title>\n<meta name=\"robots\" content=\"index, follow, max-snippet:-1, max-image-preview:large, max-video-preview:-1\" \/>\n<link rel=\"canonical\" href=\"https:\/\/infoecos.com.ar\/index.php\/despues-del-anuncio-de-las-medidas-el-presidente-hablo-con-radio-rivadavia\/\" \/>\n<meta property=\"og:locale\" content=\"es_ES\" \/>\n<meta property=\"og:type\" content=\"article\" \/>\n<meta property=\"og:title\" content=\"Despu\u00e9s del anuncio de las medidas, el presidente habl\u00f3 con Radio Rivadavia - Infoecos\" \/>\n<meta property=\"og:description\" content=\"\u201cHasta en las filas propias estaban sorprendidos por el nivel de profundidad\u201d, dijo el presidente en una entrevista\" \/>\n<meta property=\"og:url\" content=\"https:\/\/infoecos.com.ar\/index.php\/despues-del-anuncio-de-las-medidas-el-presidente-hablo-con-radio-rivadavia\/\" \/>\n<meta property=\"og:site_name\" content=\"Infoecos\" \/>\n<meta property=\"article:publisher\" content=\"https:\/\/www.facebook.com\/profile.php?id=100063200290284\" \/>\n<meta property=\"article:published_time\" content=\"2023-12-21T16:46:20+00:00\" \/>\n<meta property=\"article:modified_time\" content=\"2023-12-21T16:46:21+00:00\" \/>\n<meta property=\"og:image\" content=\"https:\/\/infoecos.com.ar\/wp-content\/uploads\/2023\/12\/image-143.png\" \/>\n\t<meta property=\"og:image:width\" content=\"1200\" \/>\n\t<meta property=\"og:image:height\" content=\"675\" \/>\n\t<meta property=\"og:image:type\" content=\"image\/png\" \/>\n<meta name=\"author\" content=\"Jorge Matheus\" \/>\n<meta name=\"twitter:card\" content=\"summary_large_image\" \/>\n<meta name=\"twitter:creator\" content=\"@infoecos\" \/>\n<meta name=\"twitter:site\" content=\"@infoecos\" \/>\n<meta name=\"twitter:label1\" content=\"Escrito por\" \/>\n\t<meta name=\"twitter:data1\" content=\"Jorge Matheus\" \/>\n\t<meta name=\"twitter:label2\" content=\"Tiempo de lectura\" \/>\n\t<meta name=\"twitter:data2\" content=\"3 minutos\" \/>\n<script type=\"application\/ld+json\" class=\"yoast-schema-graph\">{\"@context\":\"https:\/\/schema.org\",\"@graph\":[{\"@type\":\"Article\",\"@id\":\"https:\/\/infoecos.com.ar\/index.php\/despues-del-anuncio-de-las-medidas-el-presidente-hablo-con-radio-rivadavia\/#article\",\"isPartOf\":{\"@id\":\"https:\/\/infoecos.com.ar\/index.php\/despues-del-anuncio-de-las-medidas-el-presidente-hablo-con-radio-rivadavia\/\"},\"author\":{\"name\":\"Jorge Matheus\",\"@id\":\"https:\/\/infoecos.com.ar\/#\/schema\/person\/8f5ace5ce73b4b4aac4b7245aee6f191\"},\"headline\":\"Despu\u00e9s del anuncio de las medidas, el presidente habl\u00f3 con Radio Rivadavia\",\"datePublished\":\"2023-12-21T16:46:20+00:00\",\"dateModified\":\"2023-12-21T16:46:21+00:00\",\"mainEntityOfPage\":{\"@id\":\"https:\/\/infoecos.com.ar\/index.php\/despues-del-anuncio-de-las-medidas-el-presidente-hablo-con-radio-rivadavia\/\"},\"wordCount\":639,\"publisher\":{\"@id\":\"https:\/\/infoecos.com.ar\/#organization\"},\"image\":{\"@id\":\"https:\/\/infoecos.com.ar\/index.php\/despues-del-anuncio-de-las-medidas-el-presidente-hablo-con-radio-rivadavia\/#primaryimage\"},\"thumbnailUrl\":\"https:\/\/infoecos.com.ar\/wp-content\/uploads\/2023\/12\/image-143.png\",\"keywords\":[\"POL\u00cdTICA ARGENTINA\"],\"articleSection\":[\"C2 N5\"],\"inLanguage\":\"es\"},{\"@type\":\"WebPage\",\"@id\":\"https:\/\/infoecos.com.ar\/index.php\/despues-del-anuncio-de-las-medidas-el-presidente-hablo-con-radio-rivadavia\/\",\"url\":\"https:\/\/infoecos.com.ar\/index.php\/despues-del-anuncio-de-las-medidas-el-presidente-hablo-con-radio-rivadavia\/\",\"name\":\"Despu\u00e9s del anuncio de las medidas, el presidente habl\u00f3 con Radio Rivadavia - Infoecos\",\"isPartOf\":{\"@id\":\"https:\/\/infoecos.com.ar\/#website\"},\"primaryImageOfPage\":{\"@id\":\"https:\/\/infoecos.com.ar\/index.php\/despues-del-anuncio-de-las-medidas-el-presidente-hablo-con-radio-rivadavia\/#primaryimage\"},\"image\":{\"@id\":\"https:\/\/infoecos.com.ar\/index.php\/despues-del-anuncio-de-las-medidas-el-presidente-hablo-con-radio-rivadavia\/#primaryimage\"},\"thumbnailUrl\":\"https:\/\/infoecos.com.ar\/wp-content\/uploads\/2023\/12\/image-143.png\",\"datePublished\":\"2023-12-21T16:46:20+00:00\",\"dateModified\":\"2023-12-21T16:46:21+00:00\",\"breadcrumb\":{\"@id\":\"https:\/\/infoecos.com.ar\/index.php\/despues-del-anuncio-de-las-medidas-el-presidente-hablo-con-radio-rivadavia\/#breadcrumb\"},\"inLanguage\":\"es\",\"potentialAction\":[{\"@type\":\"ReadAction\",\"target\":[\"https:\/\/infoecos.com.ar\/index.php\/despues-del-anuncio-de-las-medidas-el-presidente-hablo-con-radio-rivadavia\/\"]}]},{\"@type\":\"ImageObject\",\"inLanguage\":\"es\",\"@id\":\"https:\/\/infoecos.com.ar\/index.php\/despues-del-anuncio-de-las-medidas-el-presidente-hablo-con-radio-rivadavia\/#primaryimage\",\"url\":\"https:\/\/infoecos.com.ar\/wp-content\/uploads\/2023\/12\/image-143.png\",\"contentUrl\":\"https:\/\/infoecos.com.ar\/wp-content\/uploads\/2023\/12\/image-143.png\",\"width\":1200,\"height\":675},{\"@type\":\"BreadcrumbList\",\"@id\":\"https:\/\/infoecos.com.ar\/index.php\/despues-del-anuncio-de-las-medidas-el-presidente-hablo-con-radio-rivadavia\/#breadcrumb\",\"itemListElement\":[{\"@type\":\"ListItem\",\"position\":1,\"name\":\"Portada\",\"item\":\"https:\/\/infoecos.com.ar\/\"},{\"@type\":\"ListItem\",\"position\":2,\"name\":\"Despu\u00e9s del anuncio de las medidas, el presidente habl\u00f3 con Radio Rivadavia\"}]},{\"@type\":\"WebSite\",\"@id\":\"https:\/\/infoecos.com.ar\/#website\",\"url\":\"https:\/\/infoecos.com.ar\/\",\"name\":\"Infoecos\",\"description\":\"Noticias de trenque lauquen y la zona\",\"publisher\":{\"@id\":\"https:\/\/infoecos.com.ar\/#organization\"},\"alternateName\":\"Noticias\",\"potentialAction\":[{\"@type\":\"SearchAction\",\"target\":{\"@type\":\"EntryPoint\",\"urlTemplate\":\"https:\/\/infoecos.com.ar\/?s={search_term_string}\"},\"query-input\":{\"@type\":\"PropertyValueSpecification\",\"valueRequired\":true,\"valueName\":\"search_term_string\"}}],\"inLanguage\":\"es\"},{\"@type\":\"Organization\",\"@id\":\"https:\/\/infoecos.com.ar\/#organization\",\"name\":\"Infoecos\",\"alternateName\":\"Noticias\",\"url\":\"https:\/\/infoecos.com.ar\/\",\"logo\":{\"@type\":\"ImageObject\",\"inLanguage\":\"es\",\"@id\":\"https:\/\/infoecos.com.ar\/#\/schema\/logo\/image\/\",\"url\":\"https:\/\/infoecos.com.ar\/wp-content\/uploads\/2024\/03\/cropped-logo.png\",\"contentUrl\":\"https:\/\/infoecos.com.ar\/wp-content\/uploads\/2024\/03\/cropped-logo.png\",\"width\":374,\"height\":90,\"caption\":\"Infoecos\"},\"image\":{\"@id\":\"https:\/\/infoecos.com.ar\/#\/schema\/logo\/image\/\"},\"sameAs\":[\"https:\/\/www.facebook.com\/profile.php?id=100063200290284\",\"https:\/\/x.com\/infoecos\"]},{\"@type\":\"Person\",\"@id\":\"https:\/\/infoecos.com.ar\/#\/schema\/person\/8f5ace5ce73b4b4aac4b7245aee6f191\",\"name\":\"Jorge Matheus\",\"url\":\"https:\/\/infoecos.com.ar\/index.php\/author\/jomatheus\/\"}]}<\/script>\n<!-- \/ Yoast SEO plugin. -->","yoast_head_json":{"title":"Despu\u00e9s del anuncio de las medidas, el presidente habl\u00f3 con Radio Rivadavia - Infoecos","robots":{"index":"index","follow":"follow","max-snippet":"max-snippet:-1","max-image-preview":"max-image-preview:large","max-video-preview":"max-video-preview:-1"},"canonical":"https:\/\/infoecos.com.ar\/index.php\/despues-del-anuncio-de-las-medidas-el-presidente-hablo-con-radio-rivadavia\/","og_locale":"es_ES","og_type":"article","og_title":"Despu\u00e9s del anuncio de las medidas, el presidente habl\u00f3 con Radio Rivadavia - Infoecos","og_description":"\u201cHasta en las filas propias estaban sorprendidos por el nivel de profundidad\u201d, dijo el presidente en una entrevista","og_url":"https:\/\/infoecos.com.ar\/index.php\/despues-del-anuncio-de-las-medidas-el-presidente-hablo-con-radio-rivadavia\/","og_site_name":"Infoecos","article_publisher":"https:\/\/www.facebook.com\/profile.php?id=100063200290284","article_published_time":"2023-12-21T16:46:20+00:00","article_modified_time":"2023-12-21T16:46:21+00:00","og_image":[{"width":1200,"height":675,"url":"https:\/\/infoecos.com.ar\/wp-content\/uploads\/2023\/12\/image-143.png","type":"image\/png"}],"author":"Jorge Matheus","twitter_card":"summary_large_image","twitter_creator":"@infoecos","twitter_site":"@infoecos","twitter_misc":{"Escrito por":"Jorge Matheus","Tiempo de lectura":"3 minutos"},"schema":{"@context":"https:\/\/schema.org","@graph":[{"@type":"Article","@id":"https:\/\/infoecos.com.ar\/index.php\/despues-del-anuncio-de-las-medidas-el-presidente-hablo-con-radio-rivadavia\/#article","isPartOf":{"@id":"https:\/\/infoecos.com.ar\/index.php\/despues-del-anuncio-de-las-medidas-el-presidente-hablo-con-radio-rivadavia\/"},"author":{"name":"Jorge Matheus","@id":"https:\/\/infoecos.com.ar\/#\/schema\/person\/8f5ace5ce73b4b4aac4b7245aee6f191"},"headline":"Despu\u00e9s del anuncio de las medidas, el presidente habl\u00f3 con Radio Rivadavia","datePublished":"2023-12-21T16:46:20+00:00","dateModified":"2023-12-21T16:46:21+00:00","mainEntityOfPage":{"@id":"https:\/\/infoecos.com.ar\/index.php\/despues-del-anuncio-de-las-medidas-el-presidente-hablo-con-radio-rivadavia\/"},"wordCount":639,"publisher":{"@id":"https:\/\/infoecos.com.ar\/#organization"},"image":{"@id":"https:\/\/infoecos.com.ar\/index.php\/despues-del-anuncio-de-las-medidas-el-presidente-hablo-con-radio-rivadavia\/#primaryimage"},"thumbnailUrl":"https:\/\/infoecos.com.ar\/wp-content\/uploads\/2023\/12\/image-143.png","keywords":["POL\u00cdTICA ARGENTINA"],"articleSection":["C2 N5"],"inLanguage":"es"},{"@type":"WebPage","@id":"https:\/\/infoecos.com.ar\/index.php\/despues-del-anuncio-de-las-medidas-el-presidente-hablo-con-radio-rivadavia\/","url":"https:\/\/infoecos.com.ar\/index.php\/despues-del-anuncio-de-las-medidas-el-presidente-hablo-con-radio-rivadavia\/","name":"Despu\u00e9s del anuncio de las medidas, el presidente habl\u00f3 con Radio Rivadavia - Infoecos","isPartOf":{"@id":"https:\/\/infoecos.com.ar\/#website"},"primaryImageOfPage":{"@id":"https:\/\/infoecos.com.ar\/index.php\/despues-del-anuncio-de-las-medidas-el-presidente-hablo-con-radio-rivadavia\/#primaryimage"},"image":{"@id":"https:\/\/infoecos.com.ar\/index.php\/despues-del-anuncio-de-las-medidas-el-presidente-hablo-con-radio-rivadavia\/#primaryimage"},"thumbnailUrl":"https:\/\/infoecos.com.ar\/wp-content\/uploads\/2023\/12\/image-143.png","datePublished":"2023-12-21T16:46:20+00:00","dateModified":"2023-12-21T16:46:21+00:00","breadcrumb":{"@id":"https:\/\/infoecos.com.ar\/index.php\/despues-del-anuncio-de-las-medidas-el-presidente-hablo-con-radio-rivadavia\/#breadcrumb"},"inLanguage":"es","potentialAction":[{"@type":"ReadAction","target":["https:\/\/infoecos.com.ar\/index.php\/despues-del-anuncio-de-las-medidas-el-presidente-hablo-con-radio-rivadavia\/"]}]},{"@type":"ImageObject","inLanguage":"es","@id":"https:\/\/infoecos.com.ar\/index.php\/despues-del-anuncio-de-las-medidas-el-presidente-hablo-con-radio-rivadavia\/#primaryimage","url":"https:\/\/infoecos.com.ar\/wp-content\/uploads\/2023\/12\/image-143.png","contentUrl":"https:\/\/infoecos.com.ar\/wp-content\/uploads\/2023\/12\/image-143.png","width":1200,"height":675},{"@type":"BreadcrumbList","@id":"https:\/\/infoecos.com.ar\/index.php\/despues-del-anuncio-de-las-medidas-el-presidente-hablo-con-radio-rivadavia\/#breadcrumb","itemListElement":[{"@type":"ListItem","position":1,"name":"Portada","item":"https:\/\/infoecos.com.ar\/"},{"@type":"ListItem","position":2,"name":"Despu\u00e9s del anuncio de las medidas, el presidente habl\u00f3 con Radio Rivadavia"}]},{"@type":"WebSite","@id":"https:\/\/infoecos.com.ar\/#website","url":"https:\/\/infoecos.com.ar\/","name":"Infoecos","description":"Noticias de trenque lauquen y la zona","publisher":{"@id":"https:\/\/infoecos.com.ar\/#organization"},"alternateName":"Noticias","potentialAction":[{"@type":"SearchAction","target":{"@type":"EntryPoint","urlTemplate":"https:\/\/infoecos.com.ar\/?s={search_term_string}"},"query-input":{"@type":"PropertyValueSpecification","valueRequired":true,"valueName":"search_term_string"}}],"inLanguage":"es"},{"@type":"Organization","@id":"https:\/\/infoecos.com.ar\/#organization","name":"Infoecos","alternateName":"Noticias","url":"https:\/\/infoecos.com.ar\/","logo":{"@type":"ImageObject","inLanguage":"es","@id":"https:\/\/infoecos.com.ar\/#\/schema\/logo\/image\/","url":"https:\/\/infoecos.com.ar\/wp-content\/uploads\/2024\/03\/cropped-logo.png","contentUrl":"https:\/\/infoecos.com.ar\/wp-content\/uploads\/2024\/03\/cropped-logo.png","width":374,"height":90,"caption":"Infoecos"},"image":{"@id":"https:\/\/infoecos.com.ar\/#\/schema\/logo\/image\/"},"sameAs":["https:\/\/www.facebook.com\/profile.php?id=100063200290284","https:\/\/x.com\/infoecos"]},{"@type":"Person","@id":"https:\/\/infoecos.com.ar\/#\/schema\/person\/8f5ace5ce73b4b4aac4b7245aee6f191","name":"Jorge Matheus","url":"https:\/\/infoecos.com.ar\/index.php\/author\/jomatheus\/"}]}},"featured_image_urls":{"full":["https:\/\/infoecos.com.ar\/wp-content\/uploads\/2023\/12\/image-143.png",1200,675,false],"thumbnail":["https:\/\/infoecos.com.ar\/wp-content\/uploads\/2023\/12\/image-143-300x150.png",300,150,true],"medium":["https:\/\/infoecos.com.ar\/wp-content\/uploads\/2023\/12\/image-143-800x450.png",800,450,true],"medium_large":["https:\/\/infoecos.com.ar\/wp-content\/uploads\/2023\/12\/image-143-768x432.png",640,360,true],"large":["https:\/\/infoecos.com.ar\/wp-content\/uploads\/2023\/12\/image-143.png",640,360,false],"1536x1536":["https:\/\/infoecos.com.ar\/wp-content\/uploads\/2023\/12\/image-143.png",1200,675,false],"2048x2048":["https:\/\/infoecos.com.ar\/wp-content\/uploads\/2023\/12\/image-143.png",1200,675,false],"covernews-slider-full":["https:\/\/infoecos.com.ar\/wp-content\/uploads\/2023\/12\/image-143.png",1115,627,false],"covernews-slider-center":["https:\/\/infoecos.com.ar\/wp-content\/uploads\/2023\/12\/image-143-936x675.png",693,500,true],"covernews-featured":["https:\/\/infoecos.com.ar\/wp-content\/uploads\/2023\/12\/image-143-1024x576.png",1024,576,true],"covernews-medium":["https:\/\/infoecos.com.ar\/wp-content\/uploads\/2023\/12\/image-143-720x380.png",540,285,true],"covernews-medium-square":["https:\/\/infoecos.com.ar\/wp-content\/uploads\/2023\/12\/image-143-675x450.png",375,250,true]},"author_info":{"info":["Jorge Matheus"]},"category_info":"<a href=\"https:\/\/infoecos.com.ar\/index.php\/category\/c2nota5\/\" rel=\"category tag\">C2 N5<\/a>","tag_info":"C2 N5","comment_count":"0","_links":{"self":[{"href":"https:\/\/infoecos.com.ar\/index.php\/wp-json\/wp\/v2\/posts\/116669"}],"collection":[{"href":"https:\/\/infoecos.com.ar\/index.php\/wp-json\/wp\/v2\/posts"}],"about":[{"href":"https:\/\/infoecos.com.ar\/index.php\/wp-json\/wp\/v2\/types\/post"}],"author":[{"embeddable":true,"href":"https:\/\/infoecos.com.ar\/index.php\/wp-json\/wp\/v2\/users\/2"}],"replies":[{"embeddable":true,"href":"https:\/\/infoecos.com.ar\/index.php\/wp-json\/wp\/v2\/comments?post=116669"}],"version-history":[{"count":1,"href":"https:\/\/infoecos.com.ar\/index.php\/wp-json\/wp\/v2\/posts\/116669\/revisions"}],"predecessor-version":[{"id":116671,"href":"https:\/\/infoecos.com.ar\/index.php\/wp-json\/wp\/v2\/posts\/116669\/revisions\/116671"}],"wp:featuredmedia":[{"embeddable":true,"href":"https:\/\/infoecos.com.ar\/index.php\/wp-json\/wp\/v2\/media\/116670"}],"wp:attachment":[{"href":"https:\/\/infoecos.com.ar\/index.php\/wp-json\/wp\/v2\/media?parent=116669"}],"wp:term":[{"taxonomy":"category","embeddable":true,"href":"https:\/\/infoecos.com.ar\/index.php\/wp-json\/wp\/v2\/categories?post=116669"},{"taxonomy":"post_tag","embeddable":true,"href":"https:\/\/infoecos.com.ar\/index.php\/wp-json\/wp\/v2\/tags?post=116669"}],"curies":[{"name":"wp","href":"https:\/\/api.w.org\/{rel}","templated":true}]}}