{"id":116672,"date":"2023-12-21T13:56:29","date_gmt":"2023-12-21T16:56:29","guid":{"rendered":"https:\/\/infoecos.com.ar\/?p=116672"},"modified":"2023-12-22T12:56:39","modified_gmt":"2023-12-22T15:56:39","slug":"la-justicia-ordeno-al-gobierno-de-pehuajo-que-permita-a-los-concejales-ingresar-al-rafam","status":"publish","type":"post","link":"https:\/\/infoecos.com.ar\/index.php\/la-justicia-ordeno-al-gobierno-de-pehuajo-que-permita-a-los-concejales-ingresar-al-rafam\/","title":{"rendered":"La Justicia orden\u00f3 al gobierno de Pehuaj\u00f3 que permita a los concejales ingresar al RAFAM"},"content":{"rendered":"\n<figure class=\"wp-block-image alignright size-large is-resized\"><img loading=\"lazy\" decoding=\"async\" src=\"https:\/\/infoecos.com.ar\/wp-content\/uploads\/pehuajo-palacio-municipal-920x613.jpeg\" alt=\"\" class=\"wp-image-59534\" width=\"429\" height=\"285\" srcset=\"https:\/\/infoecos.com.ar\/wp-content\/uploads\/pehuajo-palacio-municipal-920x613.jpeg 920w, https:\/\/infoecos.com.ar\/wp-content\/uploads\/pehuajo-palacio-municipal-460x307.jpeg 460w, https:\/\/infoecos.com.ar\/wp-content\/uploads\/pehuajo-palacio-municipal-768x512.jpeg 768w, https:\/\/infoecos.com.ar\/wp-content\/uploads\/pehuajo-palacio-municipal-1024x682.jpeg 1024w, https:\/\/infoecos.com.ar\/wp-content\/uploads\/pehuajo-palacio-municipal-675x450.jpeg 675w, https:\/\/infoecos.com.ar\/wp-content\/uploads\/pehuajo-palacio-municipal.jpeg 1280w\" sizes=\"(max-width: 429px) 100vw, 429px\" \/><figcaption class=\"wp-element-caption\">Pehuaj\u00f3 &#8211; Palacio Municipal<\/figcaption><\/figure>\n\n\n\n<p>Concejales de la oposici\u00f3n en Pehuaj\u00f3 celebraron una decisi\u00f3n judicial: el oficialismo pehuajense debe cumplir con la ley que determina el libre acceso a la informaci\u00f3n contable a trav\u00e9s del sistema RAFAM.<\/p>\n\n\n\n<p>El actual bloque opositor hab\u00eda anunciado con anticipaci\u00f3n la presentaci\u00f3n ante la Justicia del incumplimiento de la normativa por parte del oficialismo, y la medida tuvo como resultado la habilitaci\u00f3n de claves permanentes que permitir\u00e1 a todos los ediles ingresar al sistema contable y conocer detalles sobre el manejo de fondos.<\/p>\n\n\n\n<p><strong>Fuente:<\/strong><\/p>\n\n\n\n<p><strong>Radio M\u00e1gica Digital<\/strong><\/p>\n\n\n\n<p><\/p>\n","protected":false},"excerpt":{"rendered":"<p>Permitir\u00e1 a todos los ediles ingresar al sistema contable y conocer detalles sobre el manejo de fondos.<\/p>\n","protected":false},"author":2,"featured_media":59534,"comment_status":"closed","ping_status":"open","sticky":false,"template":"","format":"standard","meta":{"footnotes":""},"categories":[50],"tags":[9759],"class_list":["post-116672","post","type-post","status-publish","format-standard","has-post-thumbnail","hentry","category-c1nota4","tag-cuentas-claras"],"yoast_head":"<!-- This site is optimized with the Yoast SEO plugin v23.4 - https:\/\/yoast.com\/wordpress\/plugins\/seo\/ -->\n<title>La Justicia orden\u00f3 al gobierno de Pehuaj\u00f3 que permita a los concejales ingresar al RAFAM - Infoecos<\/title>\n<meta name=\"robots\" content=\"index, follow, max-snippet:-1, max-image-preview:large, max-video-preview:-1\" \/>\n<link rel=\"canonical\" href=\"https:\/\/infoecos.com.ar\/index.php\/la-justicia-ordeno-al-gobierno-de-pehuajo-que-permita-a-los-concejales-ingresar-al-rafam\/\" \/>\n<meta property=\"og:locale\" content=\"es_ES\" \/>\n<meta property=\"og:type\" content=\"article\" \/>\n<meta property=\"og:title\" content=\"La Justicia orden\u00f3 al gobierno de Pehuaj\u00f3 que permita a los concejales ingresar al RAFAM - Infoecos\" \/>\n<meta property=\"og:description\" content=\"Permitir\u00e1 a todos los ediles ingresar al sistema contable y conocer detalles sobre el manejo de fondos.\" \/>\n<meta property=\"og:url\" content=\"https:\/\/infoecos.com.ar\/index.php\/la-justicia-ordeno-al-gobierno-de-pehuajo-que-permita-a-los-concejales-ingresar-al-rafam\/\" \/>\n<meta property=\"og:site_name\" content=\"Infoecos\" \/>\n<meta property=\"article:publisher\" content=\"https:\/\/www.facebook.com\/profile.php?id=100063200290284\" \/>\n<meta property=\"article:published_time\" content=\"2023-12-21T16:56:29+00:00\" \/>\n<meta property=\"article:modified_time\" content=\"2023-12-22T15:56:39+00:00\" \/>\n<meta property=\"og:image\" content=\"https:\/\/infoecos.com.ar\/wp-content\/uploads\/pehuajo-palacio-municipal.jpeg\" \/>\n\t<meta property=\"og:image:width\" content=\"1280\" \/>\n\t<meta property=\"og:image:height\" content=\"853\" \/>\n\t<meta property=\"og:image:type\" content=\"image\/jpeg\" \/>\n<meta name=\"author\" content=\"Jorge Matheus\" \/>\n<meta name=\"twitter:card\" content=\"summary_large_image\" \/>\n<meta name=\"twitter:creator\" content=\"@infoecos\" \/>\n<meta name=\"twitter:site\" content=\"@infoecos\" \/>\n<meta name=\"twitter:label1\" content=\"Escrito por\" \/>\n\t<meta name=\"twitter:data1\" content=\"Jorge Matheus\" \/>\n\t<meta name=\"twitter:label2\" content=\"Tiempo de lectura\" \/>\n\t<meta name=\"twitter:data2\" content=\"1 minuto\" \/>\n<script type=\"application\/ld+json\" class=\"yoast-schema-graph\">{\"@context\":\"https:\/\/schema.org\",\"@graph\":[{\"@type\":\"Article\",\"@id\":\"https:\/\/infoecos.com.ar\/index.php\/la-justicia-ordeno-al-gobierno-de-pehuajo-que-permita-a-los-concejales-ingresar-al-rafam\/#article\",\"isPartOf\":{\"@id\":\"https:\/\/infoecos.com.ar\/index.php\/la-justicia-ordeno-al-gobierno-de-pehuajo-que-permita-a-los-concejales-ingresar-al-rafam\/\"},\"author\":{\"name\":\"Jorge Matheus\",\"@id\":\"https:\/\/infoecos.com.ar\/#\/schema\/person\/8f5ace5ce73b4b4aac4b7245aee6f191\"},\"headline\":\"La Justicia orden\u00f3 al gobierno de Pehuaj\u00f3 que permita a los concejales ingresar al RAFAM\",\"datePublished\":\"2023-12-21T16:56:29+00:00\",\"dateModified\":\"2023-12-22T15:56:39+00:00\",\"mainEntityOfPage\":{\"@id\":\"https:\/\/infoecos.com.ar\/index.php\/la-justicia-ordeno-al-gobierno-de-pehuajo-que-permita-a-los-concejales-ingresar-al-rafam\/\"},\"wordCount\":115,\"publisher\":{\"@id\":\"https:\/\/infoecos.com.ar\/#organization\"},\"image\":{\"@id\":\"https:\/\/infoecos.com.ar\/index.php\/la-justicia-ordeno-al-gobierno-de-pehuajo-que-permita-a-los-concejales-ingresar-al-rafam\/#primaryimage\"},\"thumbnailUrl\":\"https:\/\/infoecos.com.ar\/wp-content\/uploads\/pehuajo-palacio-municipal.jpeg\",\"keywords\":[\"cuentas claras\"],\"articleSection\":[\"C1 N4\"],\"inLanguage\":\"es\"},{\"@type\":\"WebPage\",\"@id\":\"https:\/\/infoecos.com.ar\/index.php\/la-justicia-ordeno-al-gobierno-de-pehuajo-que-permita-a-los-concejales-ingresar-al-rafam\/\",\"url\":\"https:\/\/infoecos.com.ar\/index.php\/la-justicia-ordeno-al-gobierno-de-pehuajo-que-permita-a-los-concejales-ingresar-al-rafam\/\",\"name\":\"La Justicia orden\u00f3 al gobierno de Pehuaj\u00f3 que permita a los concejales ingresar al RAFAM - Infoecos\",\"isPartOf\":{\"@id\":\"https:\/\/infoecos.com.ar\/#website\"},\"primaryImageOfPage\":{\"@id\":\"https:\/\/infoecos.com.ar\/index.php\/la-justicia-ordeno-al-gobierno-de-pehuajo-que-permita-a-los-concejales-ingresar-al-rafam\/#primaryimage\"},\"image\":{\"@id\":\"https:\/\/infoecos.com.ar\/index.php\/la-justicia-ordeno-al-gobierno-de-pehuajo-que-permita-a-los-concejales-ingresar-al-rafam\/#primaryimage\"},\"thumbnailUrl\":\"https:\/\/infoecos.com.ar\/wp-content\/uploads\/pehuajo-palacio-municipal.jpeg\",\"datePublished\":\"2023-12-21T16:56:29+00:00\",\"dateModified\":\"2023-12-22T15:56:39+00:00\",\"breadcrumb\":{\"@id\":\"https:\/\/infoecos.com.ar\/index.php\/la-justicia-ordeno-al-gobierno-de-pehuajo-que-permita-a-los-concejales-ingresar-al-rafam\/#breadcrumb\"},\"inLanguage\":\"es\",\"potentialAction\":[{\"@type\":\"ReadAction\",\"target\":[\"https:\/\/infoecos.com.ar\/index.php\/la-justicia-ordeno-al-gobierno-de-pehuajo-que-permita-a-los-concejales-ingresar-al-rafam\/\"]}]},{\"@type\":\"ImageObject\",\"inLanguage\":\"es\",\"@id\":\"https:\/\/infoecos.com.ar\/index.php\/la-justicia-ordeno-al-gobierno-de-pehuajo-que-permita-a-los-concejales-ingresar-al-rafam\/#primaryimage\",\"url\":\"https:\/\/infoecos.com.ar\/wp-content\/uploads\/pehuajo-palacio-municipal.jpeg\",\"contentUrl\":\"https:\/\/infoecos.com.ar\/wp-content\/uploads\/pehuajo-palacio-municipal.jpeg\",\"width\":1280,\"height\":853,\"caption\":\"Pehuaj\u00f3 - Palacio Municipal\"},{\"@type\":\"BreadcrumbList\",\"@id\":\"https:\/\/infoecos.com.ar\/index.php\/la-justicia-ordeno-al-gobierno-de-pehuajo-que-permita-a-los-concejales-ingresar-al-rafam\/#breadcrumb\",\"itemListElement\":[{\"@type\":\"ListItem\",\"position\":1,\"name\":\"Portada\",\"item\":\"https:\/\/infoecos.com.ar\/\"},{\"@type\":\"ListItem\",\"position\":2,\"name\":\"La Justicia orden\u00f3 al gobierno de Pehuaj\u00f3 que permita a los concejales ingresar al RAFAM\"}]},{\"@type\":\"WebSite\",\"@id\":\"https:\/\/infoecos.com.ar\/#website\",\"url\":\"https:\/\/infoecos.com.ar\/\",\"name\":\"Infoecos\",\"description\":\"Noticias de trenque lauquen y la zona\",\"publisher\":{\"@id\":\"https:\/\/infoecos.com.ar\/#organization\"},\"alternateName\":\"Noticias\",\"potentialAction\":[{\"@type\":\"SearchAction\",\"target\":{\"@type\":\"EntryPoint\",\"urlTemplate\":\"https:\/\/infoecos.com.ar\/?s={search_term_string}\"},\"query-input\":{\"@type\":\"PropertyValueSpecification\",\"valueRequired\":true,\"valueName\":\"search_term_string\"}}],\"inLanguage\":\"es\"},{\"@type\":\"Organization\",\"@id\":\"https:\/\/infoecos.com.ar\/#organization\",\"name\":\"Infoecos\",\"alternateName\":\"Noticias\",\"url\":\"https:\/\/infoecos.com.ar\/\",\"logo\":{\"@type\":\"ImageObject\",\"inLanguage\":\"es\",\"@id\":\"https:\/\/infoecos.com.ar\/#\/schema\/logo\/image\/\",\"url\":\"https:\/\/infoecos.com.ar\/wp-content\/uploads\/2024\/03\/cropped-logo.png\",\"contentUrl\":\"https:\/\/infoecos.com.ar\/wp-content\/uploads\/2024\/03\/cropped-logo.png\",\"width\":374,\"height\":90,\"caption\":\"Infoecos\"},\"image\":{\"@id\":\"https:\/\/infoecos.com.ar\/#\/schema\/logo\/image\/\"},\"sameAs\":[\"https:\/\/www.facebook.com\/profile.php?id=100063200290284\",\"https:\/\/x.com\/infoecos\"]},{\"@type\":\"Person\",\"@id\":\"https:\/\/infoecos.com.ar\/#\/schema\/person\/8f5ace5ce73b4b4aac4b7245aee6f191\",\"name\":\"Jorge Matheus\",\"url\":\"https:\/\/infoecos.com.ar\/index.php\/author\/jomatheus\/\"}]}<\/script>\n<!-- \/ Yoast SEO plugin. -->","yoast_head_json":{"title":"La Justicia orden\u00f3 al gobierno de Pehuaj\u00f3 que permita a los concejales ingresar al RAFAM - Infoecos","robots":{"index":"index","follow":"follow","max-snippet":"max-snippet:-1","max-image-preview":"max-image-preview:large","max-video-preview":"max-video-preview:-1"},"canonical":"https:\/\/infoecos.com.ar\/index.php\/la-justicia-ordeno-al-gobierno-de-pehuajo-que-permita-a-los-concejales-ingresar-al-rafam\/","og_locale":"es_ES","og_type":"article","og_title":"La Justicia orden\u00f3 al gobierno de Pehuaj\u00f3 que permita a los concejales ingresar al RAFAM - Infoecos","og_description":"Permitir\u00e1 a todos los ediles ingresar al sistema contable y conocer detalles sobre el manejo de fondos.","og_url":"https:\/\/infoecos.com.ar\/index.php\/la-justicia-ordeno-al-gobierno-de-pehuajo-que-permita-a-los-concejales-ingresar-al-rafam\/","og_site_name":"Infoecos","article_publisher":"https:\/\/www.facebook.com\/profile.php?id=100063200290284","article_published_time":"2023-12-21T16:56:29+00:00","article_modified_time":"2023-12-22T15:56:39+00:00","og_image":[{"width":1280,"height":853,"url":"https:\/\/infoecos.com.ar\/wp-content\/uploads\/pehuajo-palacio-municipal.jpeg","type":"image\/jpeg"}],"author":"Jorge Matheus","twitter_card":"summary_large_image","twitter_creator":"@infoecos","twitter_site":"@infoecos","twitter_misc":{"Escrito por":"Jorge Matheus","Tiempo de lectura":"1 minuto"},"schema":{"@context":"https:\/\/schema.org","@graph":[{"@type":"Article","@id":"https:\/\/infoecos.com.ar\/index.php\/la-justicia-ordeno-al-gobierno-de-pehuajo-que-permita-a-los-concejales-ingresar-al-rafam\/#article","isPartOf":{"@id":"https:\/\/infoecos.com.ar\/index.php\/la-justicia-ordeno-al-gobierno-de-pehuajo-que-permita-a-los-concejales-ingresar-al-rafam\/"},"author":{"name":"Jorge Matheus","@id":"https:\/\/infoecos.com.ar\/#\/schema\/person\/8f5ace5ce73b4b4aac4b7245aee6f191"},"headline":"La Justicia orden\u00f3 al gobierno de Pehuaj\u00f3 que permita a los concejales ingresar al RAFAM","datePublished":"2023-12-21T16:56:29+00:00","dateModified":"2023-12-22T15:56:39+00:00","mainEntityOfPage":{"@id":"https:\/\/infoecos.com.ar\/index.php\/la-justicia-ordeno-al-gobierno-de-pehuajo-que-permita-a-los-concejales-ingresar-al-rafam\/"},"wordCount":115,"publisher":{"@id":"https:\/\/infoecos.com.ar\/#organization"},"image":{"@id":"https:\/\/infoecos.com.ar\/index.php\/la-justicia-ordeno-al-gobierno-de-pehuajo-que-permita-a-los-concejales-ingresar-al-rafam\/#primaryimage"},"thumbnailUrl":"https:\/\/infoecos.com.ar\/wp-content\/uploads\/pehuajo-palacio-municipal.jpeg","keywords":["cuentas claras"],"articleSection":["C1 N4"],"inLanguage":"es"},{"@type":"WebPage","@id":"https:\/\/infoecos.com.ar\/index.php\/la-justicia-ordeno-al-gobierno-de-pehuajo-que-permita-a-los-concejales-ingresar-al-rafam\/","url":"https:\/\/infoecos.com.ar\/index.php\/la-justicia-ordeno-al-gobierno-de-pehuajo-que-permita-a-los-concejales-ingresar-al-rafam\/","name":"La Justicia orden\u00f3 al gobierno de Pehuaj\u00f3 que permita a los concejales ingresar al RAFAM - Infoecos","isPartOf":{"@id":"https:\/\/infoecos.com.ar\/#website"},"primaryImageOfPage":{"@id":"https:\/\/infoecos.com.ar\/index.php\/la-justicia-ordeno-al-gobierno-de-pehuajo-que-permita-a-los-concejales-ingresar-al-rafam\/#primaryimage"},"image":{"@id":"https:\/\/infoecos.com.ar\/index.php\/la-justicia-ordeno-al-gobierno-de-pehuajo-que-permita-a-los-concejales-ingresar-al-rafam\/#primaryimage"},"thumbnailUrl":"https:\/\/infoecos.com.ar\/wp-content\/uploads\/pehuajo-palacio-municipal.jpeg","datePublished":"2023-12-21T16:56:29+00:00","dateModified":"2023-12-22T15:56:39+00:00","breadcrumb":{"@id":"https:\/\/infoecos.com.ar\/index.php\/la-justicia-ordeno-al-gobierno-de-pehuajo-que-permita-a-los-concejales-ingresar-al-rafam\/#breadcrumb"},"inLanguage":"es","potentialAction":[{"@type":"ReadAction","target":["https:\/\/infoecos.com.ar\/index.php\/la-justicia-ordeno-al-gobierno-de-pehuajo-que-permita-a-los-concejales-ingresar-al-rafam\/"]}]},{"@type":"ImageObject","inLanguage":"es","@id":"https:\/\/infoecos.com.ar\/index.php\/la-justicia-ordeno-al-gobierno-de-pehuajo-que-permita-a-los-concejales-ingresar-al-rafam\/#primaryimage","url":"https:\/\/infoecos.com.ar\/wp-content\/uploads\/pehuajo-palacio-municipal.jpeg","contentUrl":"https:\/\/infoecos.com.ar\/wp-content\/uploads\/pehuajo-palacio-municipal.jpeg","width":1280,"height":853,"caption":"Pehuaj\u00f3 - Palacio Municipal"},{"@type":"BreadcrumbList","@id":"https:\/\/infoecos.com.ar\/index.php\/la-justicia-ordeno-al-gobierno-de-pehuajo-que-permita-a-los-concejales-ingresar-al-rafam\/#breadcrumb","itemListElement":[{"@type":"ListItem","position":1,"name":"Portada","item":"https:\/\/infoecos.com.ar\/"},{"@type":"ListItem","position":2,"name":"La Justicia orden\u00f3 al gobierno de Pehuaj\u00f3 que permita a los concejales ingresar al RAFAM"}]},{"@type":"WebSite","@id":"https:\/\/infoecos.com.ar\/#website","url":"https:\/\/infoecos.com.ar\/","name":"Infoecos","description":"Noticias de trenque lauquen y la zona","publisher":{"@id":"https:\/\/infoecos.com.ar\/#organization"},"alternateName":"Noticias","potentialAction":[{"@type":"SearchAction","target":{"@type":"EntryPoint","urlTemplate":"https:\/\/infoecos.com.ar\/?s={search_term_string}"},"query-input":{"@type":"PropertyValueSpecification","valueRequired":true,"valueName":"search_term_string"}}],"inLanguage":"es"},{"@type":"Organization","@id":"https:\/\/infoecos.com.ar\/#organization","name":"Infoecos","alternateName":"Noticias","url":"https:\/\/infoecos.com.ar\/","logo":{"@type":"ImageObject","inLanguage":"es","@id":"https:\/\/infoecos.com.ar\/#\/schema\/logo\/image\/","url":"https:\/\/infoecos.com.ar\/wp-content\/uploads\/2024\/03\/cropped-logo.png","contentUrl":"https:\/\/infoecos.com.ar\/wp-content\/uploads\/2024\/03\/cropped-logo.png","width":374,"height":90,"caption":"Infoecos"},"image":{"@id":"https:\/\/infoecos.com.ar\/#\/schema\/logo\/image\/"},"sameAs":["https:\/\/www.facebook.com\/profile.php?id=100063200290284","https:\/\/x.com\/infoecos"]},{"@type":"Person","@id":"https:\/\/infoecos.com.ar\/#\/schema\/person\/8f5ace5ce73b4b4aac4b7245aee6f191","name":"Jorge Matheus","url":"https:\/\/infoecos.com.ar\/index.php\/author\/jomatheus\/"}]}},"featured_image_urls":{"full":["https:\/\/infoecos.com.ar\/wp-content\/uploads\/pehuajo-palacio-municipal.jpeg",1280,853,false],"thumbnail":["https:\/\/infoecos.com.ar\/wp-content\/uploads\/pehuajo-palacio-municipal-150x150.jpeg",150,150,true],"medium":["https:\/\/infoecos.com.ar\/wp-content\/uploads\/pehuajo-palacio-municipal-460x307.jpeg",460,307,true],"medium_large":["https:\/\/infoecos.com.ar\/wp-content\/uploads\/pehuajo-palacio-municipal-768x512.jpeg",640,427,true],"large":["https:\/\/infoecos.com.ar\/wp-content\/uploads\/pehuajo-palacio-municipal-920x613.jpeg",640,426,true],"1536x1536":["https:\/\/infoecos.com.ar\/wp-content\/uploads\/pehuajo-palacio-municipal.jpeg",1280,853,false],"2048x2048":["https:\/\/infoecos.com.ar\/wp-content\/uploads\/pehuajo-palacio-municipal.jpeg",1280,853,false],"covernews-slider-full":["https:\/\/infoecos.com.ar\/wp-content\/uploads\/pehuajo-palacio-municipal.jpeg",1073,715,false],"covernews-slider-center":["https:\/\/infoecos.com.ar\/wp-content\/uploads\/pehuajo-palacio-municipal-936x853.jpeg",549,500,true],"covernews-featured":["https:\/\/infoecos.com.ar\/wp-content\/uploads\/pehuajo-palacio-municipal-1024x682.jpeg",1024,682,true],"covernews-medium":["https:\/\/infoecos.com.ar\/wp-content\/uploads\/pehuajo-palacio-municipal-720x380.jpeg",540,285,true],"covernews-medium-square":["https:\/\/infoecos.com.ar\/wp-content\/uploads\/pehuajo-palacio-municipal-675x450.jpeg",375,250,true]},"author_info":{"info":["Jorge Matheus"]},"category_info":"<a href=\"https:\/\/infoecos.com.ar\/index.php\/category\/c1nota4\/\" rel=\"category tag\">C1 N4<\/a>","tag_info":"C1 N4","comment_count":"0","_links":{"self":[{"href":"https:\/\/infoecos.com.ar\/index.php\/wp-json\/wp\/v2\/posts\/116672"}],"collection":[{"href":"https:\/\/infoecos.com.ar\/index.php\/wp-json\/wp\/v2\/posts"}],"about":[{"href":"https:\/\/infoecos.com.ar\/index.php\/wp-json\/wp\/v2\/types\/post"}],"author":[{"embeddable":true,"href":"https:\/\/infoecos.com.ar\/index.php\/wp-json\/wp\/v2\/users\/2"}],"replies":[{"embeddable":true,"href":"https:\/\/infoecos.com.ar\/index.php\/wp-json\/wp\/v2\/comments?post=116672"}],"version-history":[{"count":2,"href":"https:\/\/infoecos.com.ar\/index.php\/wp-json\/wp\/v2\/posts\/116672\/revisions"}],"predecessor-version":[{"id":116675,"href":"https:\/\/infoecos.com.ar\/index.php\/wp-json\/wp\/v2\/posts\/116672\/revisions\/116675"}],"wp:featuredmedia":[{"embeddable":true,"href":"https:\/\/infoecos.com.ar\/index.php\/wp-json\/wp\/v2\/media\/59534"}],"wp:attachment":[{"href":"https:\/\/infoecos.com.ar\/index.php\/wp-json\/wp\/v2\/media?parent=116672"}],"wp:term":[{"taxonomy":"category","embeddable":true,"href":"https:\/\/infoecos.com.ar\/index.php\/wp-json\/wp\/v2\/categories?post=116672"},{"taxonomy":"post_tag","embeddable":true,"href":"https:\/\/infoecos.com.ar\/index.php\/wp-json\/wp\/v2\/tags?post=116672"}],"curies":[{"name":"wp","href":"https:\/\/api.w.org\/{rel}","templated":true}]}}