{"id":116688,"date":"2023-12-21T22:27:21","date_gmt":"2023-12-22T01:27:21","guid":{"rendered":"https:\/\/infoecos.com.ar\/?p=116688"},"modified":"2023-12-22T12:55:54","modified_gmt":"2023-12-22T15:55:54","slug":"mientras-retorna-el-servicio-de-energia-electrica-el-gobierno-nacional-no-envio-materiales","status":"publish","type":"post","link":"https:\/\/infoecos.com.ar\/index.php\/mientras-retorna-el-servicio-de-energia-electrica-el-gobierno-nacional-no-envio-materiales\/","title":{"rendered":"Mientras retorna el servicio de energ\u00eda el\u00e9ctrica, el Gobierno Nacional no envi\u00f3 materiales"},"content":{"rendered":"\n<figure class=\"wp-block-image alignright size-full is-resized\"><img loading=\"lazy\" decoding=\"async\" src=\"https:\/\/infoecos.com.ar\/wp-content\/uploads\/2023\/12\/image-147.png\" alt=\"\" class=\"wp-image-116689\" width=\"414\" height=\"310\" srcset=\"https:\/\/infoecos.com.ar\/wp-content\/uploads\/2023\/12\/image-147.png 807w, https:\/\/infoecos.com.ar\/wp-content\/uploads\/2023\/12\/image-147-800x600.png 800w, https:\/\/infoecos.com.ar\/wp-content\/uploads\/2023\/12\/image-147-768x576.png 768w\" sizes=\"(max-width: 414px) 100vw, 414px\" \/><\/figure>\n\n\n\n<p>Desde el municipio de Bah\u00eda Blanca aseguraron que la Naci\u00f3n no envi\u00f3 materiales de construcci\u00f3n a la ciudad para los trabajos que se est\u00e1n llevando a cabo luego del tr\u00e1gico temporal del \u00faltimo s\u00e1bado y aclararon que lo que hay acopiado hasta este momento \u201cno alcanzar\u00e1\u201d para dar una respuesta a todas las familias afectadas.<\/p>\n\n\n\n<p>Adem\u00e1s, se indic\u00f3 que en la tarde del jueves \u201centre el 70 y el 80%\u201d de las familias ya cuentan con energ\u00eda el\u00e9ctrica, aunque tambi\u00e9n se aclar\u00f3 que estos porcentajes no incluyen a aquellas personas que no contaban con el servicio en forma previa.<\/p>\n\n\n\n<p>\u201cDesde la Naci\u00f3n no hay nada que nos haya llegado -se\u00f1al\u00f3 Paola Ariente, quien tiene a su cargo el \u00e1rea de H\u00e1bitat, Tierra y Vivienda-. S\u00ed hay una fuerte donaci\u00f3n de empresas locales, que comenzaremos a repartir durante la semana que viene\u201d.<\/p>\n\n\n\n<p><strong>Industrias y Empresas del Polo Petroqu\u00edmico<\/strong><\/p>\n\n\n\n<p>Las empresas que forman parte del Polo Petroqu\u00edmico de Bah\u00eda Blanca se comunicaron en las \u00faltimas horas con el intendente Federico Susbielles y pactaron reuniones para concretar la ayuda econ\u00f3mica para reconstruir la ciudad luego del temporal.<\/p>\n\n\n\n<figure class=\"wp-block-image alignright size-full is-resized\"><img loading=\"lazy\" decoding=\"async\" src=\"https:\/\/infoecos.com.ar\/wp-content\/uploads\/2023\/12\/image-148.png\" alt=\"\" class=\"wp-image-116690\" width=\"406\" height=\"227\" srcset=\"https:\/\/infoecos.com.ar\/wp-content\/uploads\/2023\/12\/image-148.png 1500w, https:\/\/infoecos.com.ar\/wp-content\/uploads\/2023\/12\/image-148-800x450.png 800w, https:\/\/infoecos.com.ar\/wp-content\/uploads\/2023\/12\/image-148-768x432.png 768w, https:\/\/infoecos.com.ar\/wp-content\/uploads\/2023\/12\/image-148-1024x575.png 1024w\" sizes=\"(max-width: 406px) 100vw, 406px\" \/><figcaption class=\"wp-element-caption\">Polo Petroqu\u00edmico <\/figcaption><\/figure>\n\n\n\n<p>Seg\u00fan pudo saber la redacci\u00f3n de&nbsp;<strong>LA BR\u00daJULA 24<\/strong>, en el transcurso de los pr\u00f3ximos d\u00edas habr\u00e1 reuniones con cada una de ellas.&nbsp;<\/p>\n\n\n\n<p><strong>Fuentes:<\/strong><\/p>\n\n\n\n<p><strong>La Nueva <\/strong><\/p>\n\n\n\n<p><strong>La Br\u00fajula 24<\/strong><\/p>\n","protected":false},"excerpt":{"rendered":"<p>Las empresas que forman parte del Polo Petroqu\u00edmico de Bah\u00eda Blanca se comunicaron en las \u00faltimas horas con el intendente Federico Susbielles y pactaron reuniones para concretar la ayuda econ\u00f3mica para reconstruir la ciudad luego del temporal<\/p>\n","protected":false},"author":2,"featured_media":116689,"comment_status":"closed","ping_status":"open","sticky":false,"template":"","format":"standard","meta":{"footnotes":""},"categories":[1325],"tags":[9762],"class_list":["post-116688","post","type-post","status-publish","format-standard","has-post-thumbnail","hentry","category-c1nota6","tag-bahia-blanca-3"],"yoast_head":"<!-- This site is optimized with the Yoast SEO plugin v23.4 - https:\/\/yoast.com\/wordpress\/plugins\/seo\/ -->\n<title>Mientras retorna el servicio de energ\u00eda el\u00e9ctrica, el Gobierno Nacional no envi\u00f3 materiales - Infoecos<\/title>\n<meta name=\"robots\" content=\"index, follow, max-snippet:-1, max-image-preview:large, max-video-preview:-1\" \/>\n<link rel=\"canonical\" href=\"https:\/\/infoecos.com.ar\/index.php\/mientras-retorna-el-servicio-de-energia-electrica-el-gobierno-nacional-no-envio-materiales\/\" \/>\n<meta property=\"og:locale\" content=\"es_ES\" \/>\n<meta property=\"og:type\" content=\"article\" \/>\n<meta property=\"og:title\" content=\"Mientras retorna el servicio de energ\u00eda el\u00e9ctrica, el Gobierno Nacional no envi\u00f3 materiales - Infoecos\" \/>\n<meta property=\"og:description\" content=\"Las empresas que forman parte del Polo Petroqu\u00edmico de Bah\u00eda Blanca se comunicaron en las \u00faltimas horas con el intendente Federico Susbielles y pactaron reuniones para concretar la ayuda econ\u00f3mica para reconstruir la ciudad luego del temporal\" \/>\n<meta property=\"og:url\" content=\"https:\/\/infoecos.com.ar\/index.php\/mientras-retorna-el-servicio-de-energia-electrica-el-gobierno-nacional-no-envio-materiales\/\" \/>\n<meta property=\"og:site_name\" content=\"Infoecos\" \/>\n<meta property=\"article:publisher\" content=\"https:\/\/www.facebook.com\/profile.php?id=100063200290284\" \/>\n<meta property=\"article:published_time\" content=\"2023-12-22T01:27:21+00:00\" \/>\n<meta property=\"article:modified_time\" content=\"2023-12-22T15:55:54+00:00\" \/>\n<meta property=\"og:image\" content=\"https:\/\/infoecos.com.ar\/wp-content\/uploads\/2023\/12\/image-147.png\" \/>\n\t<meta property=\"og:image:width\" content=\"807\" \/>\n\t<meta property=\"og:image:height\" content=\"605\" \/>\n\t<meta property=\"og:image:type\" content=\"image\/png\" \/>\n<meta name=\"author\" content=\"Jorge Matheus\" \/>\n<meta name=\"twitter:card\" content=\"summary_large_image\" \/>\n<meta name=\"twitter:creator\" content=\"@infoecos\" \/>\n<meta name=\"twitter:site\" content=\"@infoecos\" \/>\n<meta name=\"twitter:label1\" content=\"Escrito por\" \/>\n\t<meta name=\"twitter:data1\" content=\"Jorge Matheus\" \/>\n\t<meta name=\"twitter:label2\" content=\"Tiempo de lectura\" \/>\n\t<meta name=\"twitter:data2\" content=\"2 minutos\" \/>\n<script type=\"application\/ld+json\" class=\"yoast-schema-graph\">{\"@context\":\"https:\/\/schema.org\",\"@graph\":[{\"@type\":\"Article\",\"@id\":\"https:\/\/infoecos.com.ar\/index.php\/mientras-retorna-el-servicio-de-energia-electrica-el-gobierno-nacional-no-envio-materiales\/#article\",\"isPartOf\":{\"@id\":\"https:\/\/infoecos.com.ar\/index.php\/mientras-retorna-el-servicio-de-energia-electrica-el-gobierno-nacional-no-envio-materiales\/\"},\"author\":{\"name\":\"Jorge Matheus\",\"@id\":\"https:\/\/infoecos.com.ar\/#\/schema\/person\/8f5ace5ce73b4b4aac4b7245aee6f191\"},\"headline\":\"Mientras retorna el servicio de energ\u00eda el\u00e9ctrica, el Gobierno Nacional no envi\u00f3 materiales\",\"datePublished\":\"2023-12-22T01:27:21+00:00\",\"dateModified\":\"2023-12-22T15:55:54+00:00\",\"mainEntityOfPage\":{\"@id\":\"https:\/\/infoecos.com.ar\/index.php\/mientras-retorna-el-servicio-de-energia-electrica-el-gobierno-nacional-no-envio-materiales\/\"},\"wordCount\":253,\"publisher\":{\"@id\":\"https:\/\/infoecos.com.ar\/#organization\"},\"image\":{\"@id\":\"https:\/\/infoecos.com.ar\/index.php\/mientras-retorna-el-servicio-de-energia-electrica-el-gobierno-nacional-no-envio-materiales\/#primaryimage\"},\"thumbnailUrl\":\"https:\/\/infoecos.com.ar\/wp-content\/uploads\/2023\/12\/image-147.png\",\"keywords\":[\"bah\u00eda blanca\"],\"articleSection\":[\"C1 nota 6\"],\"inLanguage\":\"es\"},{\"@type\":\"WebPage\",\"@id\":\"https:\/\/infoecos.com.ar\/index.php\/mientras-retorna-el-servicio-de-energia-electrica-el-gobierno-nacional-no-envio-materiales\/\",\"url\":\"https:\/\/infoecos.com.ar\/index.php\/mientras-retorna-el-servicio-de-energia-electrica-el-gobierno-nacional-no-envio-materiales\/\",\"name\":\"Mientras retorna el servicio de energ\u00eda el\u00e9ctrica, el Gobierno Nacional no envi\u00f3 materiales - Infoecos\",\"isPartOf\":{\"@id\":\"https:\/\/infoecos.com.ar\/#website\"},\"primaryImageOfPage\":{\"@id\":\"https:\/\/infoecos.com.ar\/index.php\/mientras-retorna-el-servicio-de-energia-electrica-el-gobierno-nacional-no-envio-materiales\/#primaryimage\"},\"image\":{\"@id\":\"https:\/\/infoecos.com.ar\/index.php\/mientras-retorna-el-servicio-de-energia-electrica-el-gobierno-nacional-no-envio-materiales\/#primaryimage\"},\"thumbnailUrl\":\"https:\/\/infoecos.com.ar\/wp-content\/uploads\/2023\/12\/image-147.png\",\"datePublished\":\"2023-12-22T01:27:21+00:00\",\"dateModified\":\"2023-12-22T15:55:54+00:00\",\"breadcrumb\":{\"@id\":\"https:\/\/infoecos.com.ar\/index.php\/mientras-retorna-el-servicio-de-energia-electrica-el-gobierno-nacional-no-envio-materiales\/#breadcrumb\"},\"inLanguage\":\"es\",\"potentialAction\":[{\"@type\":\"ReadAction\",\"target\":[\"https:\/\/infoecos.com.ar\/index.php\/mientras-retorna-el-servicio-de-energia-electrica-el-gobierno-nacional-no-envio-materiales\/\"]}]},{\"@type\":\"ImageObject\",\"inLanguage\":\"es\",\"@id\":\"https:\/\/infoecos.com.ar\/index.php\/mientras-retorna-el-servicio-de-energia-electrica-el-gobierno-nacional-no-envio-materiales\/#primaryimage\",\"url\":\"https:\/\/infoecos.com.ar\/wp-content\/uploads\/2023\/12\/image-147.png\",\"contentUrl\":\"https:\/\/infoecos.com.ar\/wp-content\/uploads\/2023\/12\/image-147.png\",\"width\":807,\"height\":605},{\"@type\":\"BreadcrumbList\",\"@id\":\"https:\/\/infoecos.com.ar\/index.php\/mientras-retorna-el-servicio-de-energia-electrica-el-gobierno-nacional-no-envio-materiales\/#breadcrumb\",\"itemListElement\":[{\"@type\":\"ListItem\",\"position\":1,\"name\":\"Portada\",\"item\":\"https:\/\/infoecos.com.ar\/\"},{\"@type\":\"ListItem\",\"position\":2,\"name\":\"Mientras retorna el servicio de energ\u00eda el\u00e9ctrica, el Gobierno Nacional no envi\u00f3 materiales\"}]},{\"@type\":\"WebSite\",\"@id\":\"https:\/\/infoecos.com.ar\/#website\",\"url\":\"https:\/\/infoecos.com.ar\/\",\"name\":\"Infoecos\",\"description\":\"Noticias de trenque lauquen y la zona\",\"publisher\":{\"@id\":\"https:\/\/infoecos.com.ar\/#organization\"},\"alternateName\":\"Noticias\",\"potentialAction\":[{\"@type\":\"SearchAction\",\"target\":{\"@type\":\"EntryPoint\",\"urlTemplate\":\"https:\/\/infoecos.com.ar\/?s={search_term_string}\"},\"query-input\":{\"@type\":\"PropertyValueSpecification\",\"valueRequired\":true,\"valueName\":\"search_term_string\"}}],\"inLanguage\":\"es\"},{\"@type\":\"Organization\",\"@id\":\"https:\/\/infoecos.com.ar\/#organization\",\"name\":\"Infoecos\",\"alternateName\":\"Noticias\",\"url\":\"https:\/\/infoecos.com.ar\/\",\"logo\":{\"@type\":\"ImageObject\",\"inLanguage\":\"es\",\"@id\":\"https:\/\/infoecos.com.ar\/#\/schema\/logo\/image\/\",\"url\":\"https:\/\/infoecos.com.ar\/wp-content\/uploads\/2024\/03\/cropped-logo.png\",\"contentUrl\":\"https:\/\/infoecos.com.ar\/wp-content\/uploads\/2024\/03\/cropped-logo.png\",\"width\":374,\"height\":90,\"caption\":\"Infoecos\"},\"image\":{\"@id\":\"https:\/\/infoecos.com.ar\/#\/schema\/logo\/image\/\"},\"sameAs\":[\"https:\/\/www.facebook.com\/profile.php?id=100063200290284\",\"https:\/\/x.com\/infoecos\"]},{\"@type\":\"Person\",\"@id\":\"https:\/\/infoecos.com.ar\/#\/schema\/person\/8f5ace5ce73b4b4aac4b7245aee6f191\",\"name\":\"Jorge Matheus\",\"url\":\"https:\/\/infoecos.com.ar\/index.php\/author\/jomatheus\/\"}]}<\/script>\n<!-- \/ Yoast SEO plugin. -->","yoast_head_json":{"title":"Mientras retorna el servicio de energ\u00eda el\u00e9ctrica, el Gobierno Nacional no envi\u00f3 materiales - Infoecos","robots":{"index":"index","follow":"follow","max-snippet":"max-snippet:-1","max-image-preview":"max-image-preview:large","max-video-preview":"max-video-preview:-1"},"canonical":"https:\/\/infoecos.com.ar\/index.php\/mientras-retorna-el-servicio-de-energia-electrica-el-gobierno-nacional-no-envio-materiales\/","og_locale":"es_ES","og_type":"article","og_title":"Mientras retorna el servicio de energ\u00eda el\u00e9ctrica, el Gobierno Nacional no envi\u00f3 materiales - Infoecos","og_description":"Las empresas que forman parte del Polo Petroqu\u00edmico de Bah\u00eda Blanca se comunicaron en las \u00faltimas horas con el intendente Federico Susbielles y pactaron reuniones para concretar la ayuda econ\u00f3mica para reconstruir la ciudad luego del temporal","og_url":"https:\/\/infoecos.com.ar\/index.php\/mientras-retorna-el-servicio-de-energia-electrica-el-gobierno-nacional-no-envio-materiales\/","og_site_name":"Infoecos","article_publisher":"https:\/\/www.facebook.com\/profile.php?id=100063200290284","article_published_time":"2023-12-22T01:27:21+00:00","article_modified_time":"2023-12-22T15:55:54+00:00","og_image":[{"width":807,"height":605,"url":"https:\/\/infoecos.com.ar\/wp-content\/uploads\/2023\/12\/image-147.png","type":"image\/png"}],"author":"Jorge Matheus","twitter_card":"summary_large_image","twitter_creator":"@infoecos","twitter_site":"@infoecos","twitter_misc":{"Escrito por":"Jorge Matheus","Tiempo de lectura":"2 minutos"},"schema":{"@context":"https:\/\/schema.org","@graph":[{"@type":"Article","@id":"https:\/\/infoecos.com.ar\/index.php\/mientras-retorna-el-servicio-de-energia-electrica-el-gobierno-nacional-no-envio-materiales\/#article","isPartOf":{"@id":"https:\/\/infoecos.com.ar\/index.php\/mientras-retorna-el-servicio-de-energia-electrica-el-gobierno-nacional-no-envio-materiales\/"},"author":{"name":"Jorge Matheus","@id":"https:\/\/infoecos.com.ar\/#\/schema\/person\/8f5ace5ce73b4b4aac4b7245aee6f191"},"headline":"Mientras retorna el servicio de energ\u00eda el\u00e9ctrica, el Gobierno Nacional no envi\u00f3 materiales","datePublished":"2023-12-22T01:27:21+00:00","dateModified":"2023-12-22T15:55:54+00:00","mainEntityOfPage":{"@id":"https:\/\/infoecos.com.ar\/index.php\/mientras-retorna-el-servicio-de-energia-electrica-el-gobierno-nacional-no-envio-materiales\/"},"wordCount":253,"publisher":{"@id":"https:\/\/infoecos.com.ar\/#organization"},"image":{"@id":"https:\/\/infoecos.com.ar\/index.php\/mientras-retorna-el-servicio-de-energia-electrica-el-gobierno-nacional-no-envio-materiales\/#primaryimage"},"thumbnailUrl":"https:\/\/infoecos.com.ar\/wp-content\/uploads\/2023\/12\/image-147.png","keywords":["bah\u00eda blanca"],"articleSection":["C1 nota 6"],"inLanguage":"es"},{"@type":"WebPage","@id":"https:\/\/infoecos.com.ar\/index.php\/mientras-retorna-el-servicio-de-energia-electrica-el-gobierno-nacional-no-envio-materiales\/","url":"https:\/\/infoecos.com.ar\/index.php\/mientras-retorna-el-servicio-de-energia-electrica-el-gobierno-nacional-no-envio-materiales\/","name":"Mientras retorna el servicio de energ\u00eda el\u00e9ctrica, el Gobierno Nacional no envi\u00f3 materiales - Infoecos","isPartOf":{"@id":"https:\/\/infoecos.com.ar\/#website"},"primaryImageOfPage":{"@id":"https:\/\/infoecos.com.ar\/index.php\/mientras-retorna-el-servicio-de-energia-electrica-el-gobierno-nacional-no-envio-materiales\/#primaryimage"},"image":{"@id":"https:\/\/infoecos.com.ar\/index.php\/mientras-retorna-el-servicio-de-energia-electrica-el-gobierno-nacional-no-envio-materiales\/#primaryimage"},"thumbnailUrl":"https:\/\/infoecos.com.ar\/wp-content\/uploads\/2023\/12\/image-147.png","datePublished":"2023-12-22T01:27:21+00:00","dateModified":"2023-12-22T15:55:54+00:00","breadcrumb":{"@id":"https:\/\/infoecos.com.ar\/index.php\/mientras-retorna-el-servicio-de-energia-electrica-el-gobierno-nacional-no-envio-materiales\/#breadcrumb"},"inLanguage":"es","potentialAction":[{"@type":"ReadAction","target":["https:\/\/infoecos.com.ar\/index.php\/mientras-retorna-el-servicio-de-energia-electrica-el-gobierno-nacional-no-envio-materiales\/"]}]},{"@type":"ImageObject","inLanguage":"es","@id":"https:\/\/infoecos.com.ar\/index.php\/mientras-retorna-el-servicio-de-energia-electrica-el-gobierno-nacional-no-envio-materiales\/#primaryimage","url":"https:\/\/infoecos.com.ar\/wp-content\/uploads\/2023\/12\/image-147.png","contentUrl":"https:\/\/infoecos.com.ar\/wp-content\/uploads\/2023\/12\/image-147.png","width":807,"height":605},{"@type":"BreadcrumbList","@id":"https:\/\/infoecos.com.ar\/index.php\/mientras-retorna-el-servicio-de-energia-electrica-el-gobierno-nacional-no-envio-materiales\/#breadcrumb","itemListElement":[{"@type":"ListItem","position":1,"name":"Portada","item":"https:\/\/infoecos.com.ar\/"},{"@type":"ListItem","position":2,"name":"Mientras retorna el servicio de energ\u00eda el\u00e9ctrica, el Gobierno Nacional no envi\u00f3 materiales"}]},{"@type":"WebSite","@id":"https:\/\/infoecos.com.ar\/#website","url":"https:\/\/infoecos.com.ar\/","name":"Infoecos","description":"Noticias de trenque lauquen y la zona","publisher":{"@id":"https:\/\/infoecos.com.ar\/#organization"},"alternateName":"Noticias","potentialAction":[{"@type":"SearchAction","target":{"@type":"EntryPoint","urlTemplate":"https:\/\/infoecos.com.ar\/?s={search_term_string}"},"query-input":{"@type":"PropertyValueSpecification","valueRequired":true,"valueName":"search_term_string"}}],"inLanguage":"es"},{"@type":"Organization","@id":"https:\/\/infoecos.com.ar\/#organization","name":"Infoecos","alternateName":"Noticias","url":"https:\/\/infoecos.com.ar\/","logo":{"@type":"ImageObject","inLanguage":"es","@id":"https:\/\/infoecos.com.ar\/#\/schema\/logo\/image\/","url":"https:\/\/infoecos.com.ar\/wp-content\/uploads\/2024\/03\/cropped-logo.png","contentUrl":"https:\/\/infoecos.com.ar\/wp-content\/uploads\/2024\/03\/cropped-logo.png","width":374,"height":90,"caption":"Infoecos"},"image":{"@id":"https:\/\/infoecos.com.ar\/#\/schema\/logo\/image\/"},"sameAs":["https:\/\/www.facebook.com\/profile.php?id=100063200290284","https:\/\/x.com\/infoecos"]},{"@type":"Person","@id":"https:\/\/infoecos.com.ar\/#\/schema\/person\/8f5ace5ce73b4b4aac4b7245aee6f191","name":"Jorge Matheus","url":"https:\/\/infoecos.com.ar\/index.php\/author\/jomatheus\/"}]}},"featured_image_urls":{"full":["https:\/\/infoecos.com.ar\/wp-content\/uploads\/2023\/12\/image-147.png",807,605,false],"thumbnail":["https:\/\/infoecos.com.ar\/wp-content\/uploads\/2023\/12\/image-147-300x150.png",300,150,true],"medium":["https:\/\/infoecos.com.ar\/wp-content\/uploads\/2023\/12\/image-147-800x600.png",800,600,true],"medium_large":["https:\/\/infoecos.com.ar\/wp-content\/uploads\/2023\/12\/image-147-768x576.png",640,480,true],"large":["https:\/\/infoecos.com.ar\/wp-content\/uploads\/2023\/12\/image-147.png",640,480,false],"1536x1536":["https:\/\/infoecos.com.ar\/wp-content\/uploads\/2023\/12\/image-147.png",807,605,false],"2048x2048":["https:\/\/infoecos.com.ar\/wp-content\/uploads\/2023\/12\/image-147.png",807,605,false],"covernews-slider-full":["https:\/\/infoecos.com.ar\/wp-content\/uploads\/2023\/12\/image-147.png",807,605,false],"covernews-slider-center":["https:\/\/infoecos.com.ar\/wp-content\/uploads\/2023\/12\/image-147.png",667,500,false],"covernews-featured":["https:\/\/infoecos.com.ar\/wp-content\/uploads\/2023\/12\/image-147.png",807,605,false],"covernews-medium":["https:\/\/infoecos.com.ar\/wp-content\/uploads\/2023\/12\/image-147-720x380.png",540,285,true],"covernews-medium-square":["https:\/\/infoecos.com.ar\/wp-content\/uploads\/2023\/12\/image-147-675x450.png",375,250,true]},"author_info":{"info":["Jorge Matheus"]},"category_info":"<a href=\"https:\/\/infoecos.com.ar\/index.php\/category\/c1nota6\/\" rel=\"category tag\">C1 nota 6<\/a>","tag_info":"C1 nota 6","comment_count":"0","_links":{"self":[{"href":"https:\/\/infoecos.com.ar\/index.php\/wp-json\/wp\/v2\/posts\/116688"}],"collection":[{"href":"https:\/\/infoecos.com.ar\/index.php\/wp-json\/wp\/v2\/posts"}],"about":[{"href":"https:\/\/infoecos.com.ar\/index.php\/wp-json\/wp\/v2\/types\/post"}],"author":[{"embeddable":true,"href":"https:\/\/infoecos.com.ar\/index.php\/wp-json\/wp\/v2\/users\/2"}],"replies":[{"embeddable":true,"href":"https:\/\/infoecos.com.ar\/index.php\/wp-json\/wp\/v2\/comments?post=116688"}],"version-history":[{"count":1,"href":"https:\/\/infoecos.com.ar\/index.php\/wp-json\/wp\/v2\/posts\/116688\/revisions"}],"predecessor-version":[{"id":116691,"href":"https:\/\/infoecos.com.ar\/index.php\/wp-json\/wp\/v2\/posts\/116688\/revisions\/116691"}],"wp:featuredmedia":[{"embeddable":true,"href":"https:\/\/infoecos.com.ar\/index.php\/wp-json\/wp\/v2\/media\/116689"}],"wp:attachment":[{"href":"https:\/\/infoecos.com.ar\/index.php\/wp-json\/wp\/v2\/media?parent=116688"}],"wp:term":[{"taxonomy":"category","embeddable":true,"href":"https:\/\/infoecos.com.ar\/index.php\/wp-json\/wp\/v2\/categories?post=116688"},{"taxonomy":"post_tag","embeddable":true,"href":"https:\/\/infoecos.com.ar\/index.php\/wp-json\/wp\/v2\/tags?post=116688"}],"curies":[{"name":"wp","href":"https:\/\/api.w.org\/{rel}","templated":true}]}}