{"id":116708,"date":"2023-12-22T12:51:21","date_gmt":"2023-12-22T15:51:21","guid":{"rendered":"https:\/\/infoecos.com.ar\/?p=116708"},"modified":"2023-12-25T11:54:02","modified_gmt":"2023-12-25T14:54:02","slug":"absolvieron-a-la-jueza-pampeana-ana-clara-perez-ballester-y-a-la-asesora-elisa-alejandra-catan","status":"publish","type":"post","link":"https:\/\/infoecos.com.ar\/index.php\/absolvieron-a-la-jueza-pampeana-ana-clara-perez-ballester-y-a-la-asesora-elisa-alejandra-catan\/","title":{"rendered":"Absolvieron a la jueza pampeana, Ana Clara P\u00e9rez Ballester y a la asesora Elisa Alejandra Cat\u00e1n"},"content":{"rendered":"\n<figure class=\"wp-block-image alignright size-full is-resized\"><img loading=\"lazy\" decoding=\"async\" src=\"https:\/\/infoecos.com.ar\/wp-content\/uploads\/2023\/12\/image-152.png\" alt=\"\" class=\"wp-image-116709\" width=\"373\" height=\"209\" srcset=\"https:\/\/infoecos.com.ar\/wp-content\/uploads\/2023\/12\/image-152.png 677w, https:\/\/infoecos.com.ar\/wp-content\/uploads\/2023\/12\/image-152-675x380.png 675w\" sizes=\"(max-width: 373px) 100vw, 373px\" \/><\/figure>\n\n\n\n<p>El Jurado de Enjuiciamiento&nbsp;de La Pampa absolvi\u00f3 este viernes y por mayor\u00eda, a la jueza Ana Clara P\u00e9rez Ballester y a la asesora Elisa Alejandra Cat\u00e1n<strong>,<\/strong>&nbsp;quienes hab\u00edan sido acusadas por la Procuraci\u00f3n General de mal desempe\u00f1o de sus funciones en la tramitaci\u00f3n de los expedientes por la tutela y el cuidado personal de Lucio Dupuy, el ni\u00f1o de cinco a\u00f1os que muri\u00f3 el 26 de noviembre de 2021. Por el homicidio fueron condenadas a prisi\u00f3n perpetua su madre, Magdalena Esp\u00f3sito Valenti, y su pareja, Abigail P\u00e1ez.<\/p>\n\n\n\n<p>La votaci\u00f3n fue 4 a 1 a favor de la absoluci\u00f3n. Por tal opci\u00f3n se inclinaron el titular del jury y presidente del Superior Tribunal de Justicia, Fabricio Luis Losi; la diputada Mar\u00eda Andrea Valderrama Calvo y las abogadas por la matr\u00edcula, Silvina Mar\u00eda Garro y Mar\u00eda Natalia Gaccio; mientras que&nbsp;la legisladora Mar\u00eda Silvia Larreta vot\u00f3 en minor\u00eda por la destituci\u00f3n de ambas funcionarias.<\/p>\n\n\n\n<p>El Tribunal rechaz\u00f3, por unanimidad, dos planteos de la defensa de Cat\u00e1n. Uno referido a la inconstitucionalidad de la ley 313 de Jurado de Enjuiciamiento \u2013que reglamenta los art\u00edculos 113 y 114 de la Constituci\u00f3n provincial\u2013, que fue la que rigi\u00f3 el proceso; y otro relacionado con los eventuales incumplimientos de funcionarios del Ministerio P\u00fablico Fiscal de General Pico y falsos testimonios del padre del ni\u00f1o, Christian Dupuy, y del abuelo paterno, Ram\u00f3n Dupuy.<\/p>\n\n\n\n<p>P\u00e9rez Ballester y Cat\u00e1n hab\u00edan sido suspendidas oportunamente \u2013ahora esa medida qued\u00f3 sin efecto\u2013 en sus funciones al frente de Juzgado de la Familia, Ni\u00f1as, Ni\u00f1os y Adolescentes N\u00b0 1 y de la Asesor\u00eda de Ni\u00f1as, Ni\u00f1os y Adolescentes N\u00b0 2 de General Pico, respectivamente.<\/p>\n\n\n\n<p>El procurador subrogante, Guillermo Sancho, hab\u00eda acusado a las funcionarias no o\u00edr a Lucio, no citar al padre, no haber actuado de oficio, no darle intervenci\u00f3n al equipo t\u00e9cnico interdisciplinario del Poder Judicial y no informar a la autoridad de aplicaci\u00f3n de que el ni\u00f1o podr\u00eda haber sufrido lesiones.<\/p>\n\n\n\n<p><strong>Fuente parcial y foto:<\/strong><\/p>\n\n\n\n<p><strong>El Diario (eldiariodelapampa.com.ar)<\/strong><\/p>\n","protected":false},"excerpt":{"rendered":"<p>P\u00e9rez Ballester y Cat\u00e1n hab\u00edan sido suspendidas oportunamente \u2013ahora esa medida qued\u00f3 sin efecto\u2013 en sus funciones al frente de Juzgado de la Familia, Ni\u00f1as, Ni\u00f1os y Adolescentes N\u00b0 1 y de la Asesor\u00eda de Ni\u00f1as, Ni\u00f1os y Adolescentes N\u00b0 2 de General Pico, respectivamente<\/p>\n","protected":false},"author":2,"featured_media":116709,"comment_status":"closed","ping_status":"open","sticky":false,"template":"","format":"standard","meta":{"footnotes":""},"categories":[28],"tags":[7244],"class_list":["post-116708","post","type-post","status-publish","format-standard","has-post-thumbnail","hentry","category-c1nota1","tag-caso-lucio-dupuy-2"],"yoast_head":"<!-- This site is optimized with the Yoast SEO plugin v23.4 - https:\/\/yoast.com\/wordpress\/plugins\/seo\/ -->\n<title>Absolvieron a la jueza pampeana, Ana Clara P\u00e9rez Ballester y a la asesora Elisa Alejandra Cat\u00e1n - Infoecos<\/title>\n<meta name=\"robots\" content=\"index, follow, max-snippet:-1, max-image-preview:large, max-video-preview:-1\" \/>\n<link rel=\"canonical\" href=\"https:\/\/infoecos.com.ar\/index.php\/absolvieron-a-la-jueza-pampeana-ana-clara-perez-ballester-y-a-la-asesora-elisa-alejandra-catan\/\" \/>\n<meta property=\"og:locale\" content=\"es_ES\" \/>\n<meta property=\"og:type\" content=\"article\" \/>\n<meta property=\"og:title\" content=\"Absolvieron a la jueza pampeana, Ana Clara P\u00e9rez Ballester y a la asesora Elisa Alejandra Cat\u00e1n - Infoecos\" \/>\n<meta property=\"og:description\" content=\"P\u00e9rez Ballester y Cat\u00e1n hab\u00edan sido suspendidas oportunamente \u2013ahora esa medida qued\u00f3 sin efecto\u2013 en sus funciones al frente de Juzgado de la Familia, Ni\u00f1as, Ni\u00f1os y Adolescentes N\u00b0 1 y de la Asesor\u00eda de Ni\u00f1as, Ni\u00f1os y Adolescentes N\u00b0 2 de General Pico, respectivamente\" \/>\n<meta property=\"og:url\" content=\"https:\/\/infoecos.com.ar\/index.php\/absolvieron-a-la-jueza-pampeana-ana-clara-perez-ballester-y-a-la-asesora-elisa-alejandra-catan\/\" \/>\n<meta property=\"og:site_name\" content=\"Infoecos\" \/>\n<meta property=\"article:publisher\" content=\"https:\/\/www.facebook.com\/profile.php?id=100063200290284\" \/>\n<meta property=\"article:published_time\" content=\"2023-12-22T15:51:21+00:00\" \/>\n<meta property=\"article:modified_time\" content=\"2023-12-25T14:54:02+00:00\" \/>\n<meta property=\"og:image\" content=\"https:\/\/infoecos.com.ar\/wp-content\/uploads\/2023\/12\/image-152.png\" \/>\n\t<meta property=\"og:image:width\" content=\"677\" \/>\n\t<meta property=\"og:image:height\" content=\"380\" \/>\n\t<meta property=\"og:image:type\" content=\"image\/png\" \/>\n<meta name=\"author\" content=\"Jorge Matheus\" \/>\n<meta name=\"twitter:card\" content=\"summary_large_image\" \/>\n<meta name=\"twitter:creator\" content=\"@infoecos\" \/>\n<meta name=\"twitter:site\" content=\"@infoecos\" \/>\n<meta name=\"twitter:label1\" content=\"Escrito por\" \/>\n\t<meta name=\"twitter:data1\" content=\"Jorge Matheus\" \/>\n\t<meta name=\"twitter:label2\" content=\"Tiempo de lectura\" \/>\n\t<meta name=\"twitter:data2\" content=\"2 minutos\" \/>\n<script type=\"application\/ld+json\" class=\"yoast-schema-graph\">{\"@context\":\"https:\/\/schema.org\",\"@graph\":[{\"@type\":\"Article\",\"@id\":\"https:\/\/infoecos.com.ar\/index.php\/absolvieron-a-la-jueza-pampeana-ana-clara-perez-ballester-y-a-la-asesora-elisa-alejandra-catan\/#article\",\"isPartOf\":{\"@id\":\"https:\/\/infoecos.com.ar\/index.php\/absolvieron-a-la-jueza-pampeana-ana-clara-perez-ballester-y-a-la-asesora-elisa-alejandra-catan\/\"},\"author\":{\"name\":\"Jorge Matheus\",\"@id\":\"https:\/\/infoecos.com.ar\/#\/schema\/person\/8f5ace5ce73b4b4aac4b7245aee6f191\"},\"headline\":\"Absolvieron a la jueza pampeana, Ana Clara P\u00e9rez Ballester y a la asesora Elisa Alejandra Cat\u00e1n\",\"datePublished\":\"2023-12-22T15:51:21+00:00\",\"dateModified\":\"2023-12-25T14:54:02+00:00\",\"mainEntityOfPage\":{\"@id\":\"https:\/\/infoecos.com.ar\/index.php\/absolvieron-a-la-jueza-pampeana-ana-clara-perez-ballester-y-a-la-asesora-elisa-alejandra-catan\/\"},\"wordCount\":385,\"publisher\":{\"@id\":\"https:\/\/infoecos.com.ar\/#organization\"},\"image\":{\"@id\":\"https:\/\/infoecos.com.ar\/index.php\/absolvieron-a-la-jueza-pampeana-ana-clara-perez-ballester-y-a-la-asesora-elisa-alejandra-catan\/#primaryimage\"},\"thumbnailUrl\":\"https:\/\/infoecos.com.ar\/wp-content\/uploads\/2023\/12\/image-152.png\",\"keywords\":[\"CASO LUCIO DUPUY\"],\"articleSection\":[\"C1 N1\"],\"inLanguage\":\"es\"},{\"@type\":\"WebPage\",\"@id\":\"https:\/\/infoecos.com.ar\/index.php\/absolvieron-a-la-jueza-pampeana-ana-clara-perez-ballester-y-a-la-asesora-elisa-alejandra-catan\/\",\"url\":\"https:\/\/infoecos.com.ar\/index.php\/absolvieron-a-la-jueza-pampeana-ana-clara-perez-ballester-y-a-la-asesora-elisa-alejandra-catan\/\",\"name\":\"Absolvieron a la jueza pampeana, Ana Clara P\u00e9rez Ballester y a la asesora Elisa Alejandra Cat\u00e1n - Infoecos\",\"isPartOf\":{\"@id\":\"https:\/\/infoecos.com.ar\/#website\"},\"primaryImageOfPage\":{\"@id\":\"https:\/\/infoecos.com.ar\/index.php\/absolvieron-a-la-jueza-pampeana-ana-clara-perez-ballester-y-a-la-asesora-elisa-alejandra-catan\/#primaryimage\"},\"image\":{\"@id\":\"https:\/\/infoecos.com.ar\/index.php\/absolvieron-a-la-jueza-pampeana-ana-clara-perez-ballester-y-a-la-asesora-elisa-alejandra-catan\/#primaryimage\"},\"thumbnailUrl\":\"https:\/\/infoecos.com.ar\/wp-content\/uploads\/2023\/12\/image-152.png\",\"datePublished\":\"2023-12-22T15:51:21+00:00\",\"dateModified\":\"2023-12-25T14:54:02+00:00\",\"breadcrumb\":{\"@id\":\"https:\/\/infoecos.com.ar\/index.php\/absolvieron-a-la-jueza-pampeana-ana-clara-perez-ballester-y-a-la-asesora-elisa-alejandra-catan\/#breadcrumb\"},\"inLanguage\":\"es\",\"potentialAction\":[{\"@type\":\"ReadAction\",\"target\":[\"https:\/\/infoecos.com.ar\/index.php\/absolvieron-a-la-jueza-pampeana-ana-clara-perez-ballester-y-a-la-asesora-elisa-alejandra-catan\/\"]}]},{\"@type\":\"ImageObject\",\"inLanguage\":\"es\",\"@id\":\"https:\/\/infoecos.com.ar\/index.php\/absolvieron-a-la-jueza-pampeana-ana-clara-perez-ballester-y-a-la-asesora-elisa-alejandra-catan\/#primaryimage\",\"url\":\"https:\/\/infoecos.com.ar\/wp-content\/uploads\/2023\/12\/image-152.png\",\"contentUrl\":\"https:\/\/infoecos.com.ar\/wp-content\/uploads\/2023\/12\/image-152.png\",\"width\":677,\"height\":380},{\"@type\":\"BreadcrumbList\",\"@id\":\"https:\/\/infoecos.com.ar\/index.php\/absolvieron-a-la-jueza-pampeana-ana-clara-perez-ballester-y-a-la-asesora-elisa-alejandra-catan\/#breadcrumb\",\"itemListElement\":[{\"@type\":\"ListItem\",\"position\":1,\"name\":\"Portada\",\"item\":\"https:\/\/infoecos.com.ar\/\"},{\"@type\":\"ListItem\",\"position\":2,\"name\":\"Absolvieron a la jueza pampeana, Ana Clara P\u00e9rez Ballester y a la asesora Elisa Alejandra Cat\u00e1n\"}]},{\"@type\":\"WebSite\",\"@id\":\"https:\/\/infoecos.com.ar\/#website\",\"url\":\"https:\/\/infoecos.com.ar\/\",\"name\":\"Infoecos\",\"description\":\"Noticias de trenque lauquen y la zona\",\"publisher\":{\"@id\":\"https:\/\/infoecos.com.ar\/#organization\"},\"alternateName\":\"Noticias\",\"potentialAction\":[{\"@type\":\"SearchAction\",\"target\":{\"@type\":\"EntryPoint\",\"urlTemplate\":\"https:\/\/infoecos.com.ar\/?s={search_term_string}\"},\"query-input\":{\"@type\":\"PropertyValueSpecification\",\"valueRequired\":true,\"valueName\":\"search_term_string\"}}],\"inLanguage\":\"es\"},{\"@type\":\"Organization\",\"@id\":\"https:\/\/infoecos.com.ar\/#organization\",\"name\":\"Infoecos\",\"alternateName\":\"Noticias\",\"url\":\"https:\/\/infoecos.com.ar\/\",\"logo\":{\"@type\":\"ImageObject\",\"inLanguage\":\"es\",\"@id\":\"https:\/\/infoecos.com.ar\/#\/schema\/logo\/image\/\",\"url\":\"https:\/\/infoecos.com.ar\/wp-content\/uploads\/2024\/03\/cropped-logo.png\",\"contentUrl\":\"https:\/\/infoecos.com.ar\/wp-content\/uploads\/2024\/03\/cropped-logo.png\",\"width\":374,\"height\":90,\"caption\":\"Infoecos\"},\"image\":{\"@id\":\"https:\/\/infoecos.com.ar\/#\/schema\/logo\/image\/\"},\"sameAs\":[\"https:\/\/www.facebook.com\/profile.php?id=100063200290284\",\"https:\/\/x.com\/infoecos\"]},{\"@type\":\"Person\",\"@id\":\"https:\/\/infoecos.com.ar\/#\/schema\/person\/8f5ace5ce73b4b4aac4b7245aee6f191\",\"name\":\"Jorge Matheus\",\"url\":\"https:\/\/infoecos.com.ar\/index.php\/author\/jomatheus\/\"}]}<\/script>\n<!-- \/ Yoast SEO plugin. -->","yoast_head_json":{"title":"Absolvieron a la jueza pampeana, Ana Clara P\u00e9rez Ballester y a la asesora Elisa Alejandra Cat\u00e1n - Infoecos","robots":{"index":"index","follow":"follow","max-snippet":"max-snippet:-1","max-image-preview":"max-image-preview:large","max-video-preview":"max-video-preview:-1"},"canonical":"https:\/\/infoecos.com.ar\/index.php\/absolvieron-a-la-jueza-pampeana-ana-clara-perez-ballester-y-a-la-asesora-elisa-alejandra-catan\/","og_locale":"es_ES","og_type":"article","og_title":"Absolvieron a la jueza pampeana, Ana Clara P\u00e9rez Ballester y a la asesora Elisa Alejandra Cat\u00e1n - Infoecos","og_description":"P\u00e9rez Ballester y Cat\u00e1n hab\u00edan sido suspendidas oportunamente \u2013ahora esa medida qued\u00f3 sin efecto\u2013 en sus funciones al frente de Juzgado de la Familia, Ni\u00f1as, Ni\u00f1os y Adolescentes N\u00b0 1 y de la Asesor\u00eda de Ni\u00f1as, Ni\u00f1os y Adolescentes N\u00b0 2 de General Pico, respectivamente","og_url":"https:\/\/infoecos.com.ar\/index.php\/absolvieron-a-la-jueza-pampeana-ana-clara-perez-ballester-y-a-la-asesora-elisa-alejandra-catan\/","og_site_name":"Infoecos","article_publisher":"https:\/\/www.facebook.com\/profile.php?id=100063200290284","article_published_time":"2023-12-22T15:51:21+00:00","article_modified_time":"2023-12-25T14:54:02+00:00","og_image":[{"width":677,"height":380,"url":"https:\/\/infoecos.com.ar\/wp-content\/uploads\/2023\/12\/image-152.png","type":"image\/png"}],"author":"Jorge Matheus","twitter_card":"summary_large_image","twitter_creator":"@infoecos","twitter_site":"@infoecos","twitter_misc":{"Escrito por":"Jorge Matheus","Tiempo de lectura":"2 minutos"},"schema":{"@context":"https:\/\/schema.org","@graph":[{"@type":"Article","@id":"https:\/\/infoecos.com.ar\/index.php\/absolvieron-a-la-jueza-pampeana-ana-clara-perez-ballester-y-a-la-asesora-elisa-alejandra-catan\/#article","isPartOf":{"@id":"https:\/\/infoecos.com.ar\/index.php\/absolvieron-a-la-jueza-pampeana-ana-clara-perez-ballester-y-a-la-asesora-elisa-alejandra-catan\/"},"author":{"name":"Jorge Matheus","@id":"https:\/\/infoecos.com.ar\/#\/schema\/person\/8f5ace5ce73b4b4aac4b7245aee6f191"},"headline":"Absolvieron a la jueza pampeana, Ana Clara P\u00e9rez Ballester y a la asesora Elisa Alejandra Cat\u00e1n","datePublished":"2023-12-22T15:51:21+00:00","dateModified":"2023-12-25T14:54:02+00:00","mainEntityOfPage":{"@id":"https:\/\/infoecos.com.ar\/index.php\/absolvieron-a-la-jueza-pampeana-ana-clara-perez-ballester-y-a-la-asesora-elisa-alejandra-catan\/"},"wordCount":385,"publisher":{"@id":"https:\/\/infoecos.com.ar\/#organization"},"image":{"@id":"https:\/\/infoecos.com.ar\/index.php\/absolvieron-a-la-jueza-pampeana-ana-clara-perez-ballester-y-a-la-asesora-elisa-alejandra-catan\/#primaryimage"},"thumbnailUrl":"https:\/\/infoecos.com.ar\/wp-content\/uploads\/2023\/12\/image-152.png","keywords":["CASO LUCIO DUPUY"],"articleSection":["C1 N1"],"inLanguage":"es"},{"@type":"WebPage","@id":"https:\/\/infoecos.com.ar\/index.php\/absolvieron-a-la-jueza-pampeana-ana-clara-perez-ballester-y-a-la-asesora-elisa-alejandra-catan\/","url":"https:\/\/infoecos.com.ar\/index.php\/absolvieron-a-la-jueza-pampeana-ana-clara-perez-ballester-y-a-la-asesora-elisa-alejandra-catan\/","name":"Absolvieron a la jueza pampeana, Ana Clara P\u00e9rez Ballester y a la asesora Elisa Alejandra Cat\u00e1n - Infoecos","isPartOf":{"@id":"https:\/\/infoecos.com.ar\/#website"},"primaryImageOfPage":{"@id":"https:\/\/infoecos.com.ar\/index.php\/absolvieron-a-la-jueza-pampeana-ana-clara-perez-ballester-y-a-la-asesora-elisa-alejandra-catan\/#primaryimage"},"image":{"@id":"https:\/\/infoecos.com.ar\/index.php\/absolvieron-a-la-jueza-pampeana-ana-clara-perez-ballester-y-a-la-asesora-elisa-alejandra-catan\/#primaryimage"},"thumbnailUrl":"https:\/\/infoecos.com.ar\/wp-content\/uploads\/2023\/12\/image-152.png","datePublished":"2023-12-22T15:51:21+00:00","dateModified":"2023-12-25T14:54:02+00:00","breadcrumb":{"@id":"https:\/\/infoecos.com.ar\/index.php\/absolvieron-a-la-jueza-pampeana-ana-clara-perez-ballester-y-a-la-asesora-elisa-alejandra-catan\/#breadcrumb"},"inLanguage":"es","potentialAction":[{"@type":"ReadAction","target":["https:\/\/infoecos.com.ar\/index.php\/absolvieron-a-la-jueza-pampeana-ana-clara-perez-ballester-y-a-la-asesora-elisa-alejandra-catan\/"]}]},{"@type":"ImageObject","inLanguage":"es","@id":"https:\/\/infoecos.com.ar\/index.php\/absolvieron-a-la-jueza-pampeana-ana-clara-perez-ballester-y-a-la-asesora-elisa-alejandra-catan\/#primaryimage","url":"https:\/\/infoecos.com.ar\/wp-content\/uploads\/2023\/12\/image-152.png","contentUrl":"https:\/\/infoecos.com.ar\/wp-content\/uploads\/2023\/12\/image-152.png","width":677,"height":380},{"@type":"BreadcrumbList","@id":"https:\/\/infoecos.com.ar\/index.php\/absolvieron-a-la-jueza-pampeana-ana-clara-perez-ballester-y-a-la-asesora-elisa-alejandra-catan\/#breadcrumb","itemListElement":[{"@type":"ListItem","position":1,"name":"Portada","item":"https:\/\/infoecos.com.ar\/"},{"@type":"ListItem","position":2,"name":"Absolvieron a la jueza pampeana, Ana Clara P\u00e9rez Ballester y a la asesora Elisa Alejandra Cat\u00e1n"}]},{"@type":"WebSite","@id":"https:\/\/infoecos.com.ar\/#website","url":"https:\/\/infoecos.com.ar\/","name":"Infoecos","description":"Noticias de trenque lauquen y la zona","publisher":{"@id":"https:\/\/infoecos.com.ar\/#organization"},"alternateName":"Noticias","potentialAction":[{"@type":"SearchAction","target":{"@type":"EntryPoint","urlTemplate":"https:\/\/infoecos.com.ar\/?s={search_term_string}"},"query-input":{"@type":"PropertyValueSpecification","valueRequired":true,"valueName":"search_term_string"}}],"inLanguage":"es"},{"@type":"Organization","@id":"https:\/\/infoecos.com.ar\/#organization","name":"Infoecos","alternateName":"Noticias","url":"https:\/\/infoecos.com.ar\/","logo":{"@type":"ImageObject","inLanguage":"es","@id":"https:\/\/infoecos.com.ar\/#\/schema\/logo\/image\/","url":"https:\/\/infoecos.com.ar\/wp-content\/uploads\/2024\/03\/cropped-logo.png","contentUrl":"https:\/\/infoecos.com.ar\/wp-content\/uploads\/2024\/03\/cropped-logo.png","width":374,"height":90,"caption":"Infoecos"},"image":{"@id":"https:\/\/infoecos.com.ar\/#\/schema\/logo\/image\/"},"sameAs":["https:\/\/www.facebook.com\/profile.php?id=100063200290284","https:\/\/x.com\/infoecos"]},{"@type":"Person","@id":"https:\/\/infoecos.com.ar\/#\/schema\/person\/8f5ace5ce73b4b4aac4b7245aee6f191","name":"Jorge Matheus","url":"https:\/\/infoecos.com.ar\/index.php\/author\/jomatheus\/"}]}},"featured_image_urls":{"full":["https:\/\/infoecos.com.ar\/wp-content\/uploads\/2023\/12\/image-152.png",677,380,false],"thumbnail":["https:\/\/infoecos.com.ar\/wp-content\/uploads\/2023\/12\/image-152-300x150.png",300,150,true],"medium":["https:\/\/infoecos.com.ar\/wp-content\/uploads\/2023\/12\/image-152.png",677,380,false],"medium_large":["https:\/\/infoecos.com.ar\/wp-content\/uploads\/2023\/12\/image-152.png",640,359,false],"large":["https:\/\/infoecos.com.ar\/wp-content\/uploads\/2023\/12\/image-152.png",640,359,false],"1536x1536":["https:\/\/infoecos.com.ar\/wp-content\/uploads\/2023\/12\/image-152.png",677,380,false],"2048x2048":["https:\/\/infoecos.com.ar\/wp-content\/uploads\/2023\/12\/image-152.png",677,380,false],"covernews-slider-full":["https:\/\/infoecos.com.ar\/wp-content\/uploads\/2023\/12\/image-152.png",677,380,false],"covernews-slider-center":["https:\/\/infoecos.com.ar\/wp-content\/uploads\/2023\/12\/image-152.png",677,380,false],"covernews-featured":["https:\/\/infoecos.com.ar\/wp-content\/uploads\/2023\/12\/image-152.png",677,380,false],"covernews-medium":["https:\/\/infoecos.com.ar\/wp-content\/uploads\/2023\/12\/image-152.png",540,303,false],"covernews-medium-square":["https:\/\/infoecos.com.ar\/wp-content\/uploads\/2023\/12\/image-152-675x380.png",400,225,true]},"author_info":{"info":["Jorge Matheus"]},"category_info":"<a href=\"https:\/\/infoecos.com.ar\/index.php\/category\/c1nota1\/\" rel=\"category tag\">C1 N1<\/a>","tag_info":"C1 N1","comment_count":"0","_links":{"self":[{"href":"https:\/\/infoecos.com.ar\/index.php\/wp-json\/wp\/v2\/posts\/116708"}],"collection":[{"href":"https:\/\/infoecos.com.ar\/index.php\/wp-json\/wp\/v2\/posts"}],"about":[{"href":"https:\/\/infoecos.com.ar\/index.php\/wp-json\/wp\/v2\/types\/post"}],"author":[{"embeddable":true,"href":"https:\/\/infoecos.com.ar\/index.php\/wp-json\/wp\/v2\/users\/2"}],"replies":[{"embeddable":true,"href":"https:\/\/infoecos.com.ar\/index.php\/wp-json\/wp\/v2\/comments?post=116708"}],"version-history":[{"count":2,"href":"https:\/\/infoecos.com.ar\/index.php\/wp-json\/wp\/v2\/posts\/116708\/revisions"}],"predecessor-version":[{"id":116785,"href":"https:\/\/infoecos.com.ar\/index.php\/wp-json\/wp\/v2\/posts\/116708\/revisions\/116785"}],"wp:featuredmedia":[{"embeddable":true,"href":"https:\/\/infoecos.com.ar\/index.php\/wp-json\/wp\/v2\/media\/116709"}],"wp:attachment":[{"href":"https:\/\/infoecos.com.ar\/index.php\/wp-json\/wp\/v2\/media?parent=116708"}],"wp:term":[{"taxonomy":"category","embeddable":true,"href":"https:\/\/infoecos.com.ar\/index.php\/wp-json\/wp\/v2\/categories?post=116708"},{"taxonomy":"post_tag","embeddable":true,"href":"https:\/\/infoecos.com.ar\/index.php\/wp-json\/wp\/v2\/tags?post=116708"}],"curies":[{"name":"wp","href":"https:\/\/api.w.org\/{rel}","templated":true}]}}