{"id":116723,"date":"2023-12-24T10:40:53","date_gmt":"2023-12-24T13:40:53","guid":{"rendered":"https:\/\/infoecos.com.ar\/?p=116723"},"modified":"2023-12-24T10:40:55","modified_gmt":"2023-12-24T13:40:55","slug":"fiestas-de-fin-de-ano-eran-tiempos-duros-pero-felices","status":"publish","type":"post","link":"https:\/\/infoecos.com.ar\/index.php\/fiestas-de-fin-de-ano-eran-tiempos-duros-pero-felices\/","title":{"rendered":"Fiestas de f\u00edn de a\u00f1o: eran tiempos duros, pero felices"},"content":{"rendered":"\n<figure class=\"wp-block-image alignright size-large is-resized\"><img loading=\"lazy\" decoding=\"async\" src=\"https:\/\/infoecos.com.ar\/wp-content\/uploads\/2023\/12\/409165638_759389726232387_8246908651471528809_n-1091x1600.jpg\" alt=\"\" class=\"wp-image-116724\" width=\"350\" height=\"513\" srcset=\"https:\/\/infoecos.com.ar\/wp-content\/uploads\/2023\/12\/409165638_759389726232387_8246908651471528809_n-1091x1600.jpg 1091w, https:\/\/infoecos.com.ar\/wp-content\/uploads\/2023\/12\/409165638_759389726232387_8246908651471528809_n-545x800.jpg 545w, https:\/\/infoecos.com.ar\/wp-content\/uploads\/2023\/12\/409165638_759389726232387_8246908651471528809_n-768x1127.jpg 768w, https:\/\/infoecos.com.ar\/wp-content\/uploads\/2023\/12\/409165638_759389726232387_8246908651471528809_n-1047x1536.jpg 1047w, https:\/\/infoecos.com.ar\/wp-content\/uploads\/2023\/12\/409165638_759389726232387_8246908651471528809_n-1024x1502.jpg 1024w, https:\/\/infoecos.com.ar\/wp-content\/uploads\/2023\/12\/409165638_759389726232387_8246908651471528809_n.jpg 1396w\" sizes=\"(max-width: 350px) 100vw, 350px\" \/><\/figure>\n\n\n\n<p><strong><em>Extra\u00eddo de mi cuenta de Facebook:<\/em><\/strong> <\/p>\n\n\n\n<p><strong><em>Me resulta imposible, no ser autoreferencial, en este momento que atraviesa &#8211; pol\u00edtica y econ\u00f3micamente &#8211; <\/em><\/strong><a href=\"https:\/\/twitter.com\/hashtag\/Argentina?src=hashtag_click\">#Argentina<\/a><strong><em>.<\/em><\/strong> <strong><em>Educaron con el precepto: \u00abLas fiestas son para celebrar el encuentro, pero nunca escondas dolores, angustias y tristezas\u00bb.<\/em><\/strong> <strong><em>En jornadas como esta, reaparecen &#8211; en quienes todav\u00eda gozamos de buena memoria &#8211; tiempos duros, pero sumamente felices.<\/em><\/strong> <\/p>\n\n\n\n<p><strong><em>Recordaba, cuando desde el <\/em><\/strong><a href=\"https:\/\/twitter.com\/hashtag\/Pellegrini?src=hashtag_click\">#Pellegrini<\/a><strong><em> natal viaj\u00e1bamos en la clase econ\u00f3mica del tren de pasajeros en la l\u00ednea Sarmiento, hasta <\/em><\/strong><a href=\"https:\/\/twitter.com\/hashtag\/Once?src=hashtag_click\">#Once<\/a><strong><em>. Desde ah\u00ed, en taxi, a la estaci\u00f3n <\/em><\/strong><a href=\"https:\/\/twitter.com\/hashtag\/Constituci%C3%B3n?src=hashtag_click\">#Constituci\u00f3n<\/a><strong><em>.<\/em><\/strong> <strong><em>Padre, Madre y Hermano, con cajas donde hab\u00eda embolsados dos \u00f3 tres corderos \u00abmangueados\u00bb a los clientes del primero, sub\u00edamos a una formaci\u00f3n que nos llevaba hasta Adrogu\u00e9, lugar que abuelos paternos y resto de los hijos hab\u00edan elegido para vivir, y tambi\u00e9n morir.<\/em><\/strong> <strong><em>En el arbolito armado con devoci\u00f3n por t\u00edas Irma y Delia, no hab\u00eda regalos de alto costo. Pulloveres, calzoncillos, bufandas, realizados con la Singer, y autitos de madera elaborados por t\u00edos pol\u00edticos.<\/em><\/strong> <strong><em>As\u00ed pasaron, los a\u00f1os de la ni\u00f1ez.<\/em><\/strong> <strong><em>Solo supe de <\/em><\/strong><a href=\"https:\/\/twitter.com\/hashtag\/Felicidad?src=hashtag_click\">#Felicidad<\/a><strong><em> \u00a1\u00a1\u00a1<\/em><\/strong> <\/p>\n\n\n\n<p><strong><em>Sin estar desconectado de la realidad nacional nunca imagin\u00e9 que lo anterior se pod\u00eda transformar en <\/em><\/strong><a href=\"https:\/\/twitter.com\/hashtag\/Angustia?src=hashtag_click\">#Angustia<\/a><strong><em> y <\/em><\/strong><a href=\"https:\/\/twitter.com\/hashtag\/Tristeza?src=hashtag_click\">#Tristeza<\/a><strong><em>, en buen porcentaje del Pueblo. No son an\u00f3micos, tampoco est\u00fapidos. Conocen el funcionamiento del Estado, que representa el presidente de la Naci\u00f3n, gobernador, intendentes, diputados, senadores, concejales y funcionarios. Conocen la insatisfacci\u00f3n de no alcanzar deseos de viajar, contar con una casa m\u00e1s amplia, auto en condiciones, pero llevan considerable ventaja al resto, entre los que debo inclu\u00edrme, sabiendo disfrutar de la reuni\u00f3n en familia, con amigos o conocidos, donde sobra el buen comer y prevalece la alegr\u00eda por sobre todas las cosas.<\/em><\/strong> <strong><em>Responsables e irresponsables, los hay en ambas sustantivos o verbos, por lo que en la previa de la <\/em><\/strong><a href=\"https:\/\/twitter.com\/hashtag\/Nochebuena?src=hashtag_click\">#Nochebuena<\/a><strong><em> <\/em><\/strong><a href=\"https:\/\/twitter.com\/hashtag\/Navidad?src=hashtag_click\">#Navidad<\/a><strong><em>, evitar\u00e9 para no generar debates que excedan lo afectivo y\/o emocional, hacer la enumeraci\u00f3n. Eso si, no dejo pasar que se timbe\u00f3 y timbea la esperanza de los argentinos. Timbear, porque siempre hay sectores min\u00fasculos que nunca pierden. No se debe sentir temor y decirlo.<\/em><\/strong> <strong><em>*Los creyentes aducen que \u00abDios ha dado el privilegio de tener voz\u00bb, y ella usarse sin medias tintas.<\/em><\/strong> <strong><em>Claro que los tiempos son distintos, pero con prop\u00f3sitos de confraternidad, id\u00e9nticos. Dolor, angustia y tristeza, siempre es lo mismo.<\/em><\/strong> <\/p>\n\n\n\n<p><strong><em>*Conmueve ver y saber que escasear\u00e1n puloveres, bufandas, camioncitos de madera, y corderos \u00abmangueados\u00bb.<\/em><\/strong> <\/p>\n\n\n\n<p><strong><em>San Agust\u00edn pronuci\u00f3 y escribi\u00f3 esta frase, seguro eterna:<\/em><\/strong> <strong><em>\u00abNo hay tiempos mejores, ni tiempos peores&#8230;<\/em><\/strong> <strong><em>Seamos nosotros mejores, y los tiempos ser\u00e1n mejores\u00bb.<\/em><\/strong> <\/p>\n\n\n\n<p><strong><em>Salgamos a imponer la revoluci\u00f3n de las palabras, para que seamos lo m\u00e1s parecido a una sociedad de iguales.<\/em><\/strong> <\/p>\n\n\n\n<p><strong><em>Sepan disculpar este post e incluso su falta de filosof\u00eda.<\/em><\/strong> <strong><em>El <\/em><\/strong><a href=\"https:\/\/twitter.com\/hashtag\/Alma?src=hashtag_click\">#Alma<\/a><strong><em> y <\/em><\/strong><a href=\"https:\/\/twitter.com\/hashtag\/Conciencia?src=hashtag_click\">#Conciencia<\/a><strong><em> lo pidieron, y esas son el <\/em><\/strong><a href=\"https:\/\/twitter.com\/hashtag\/Coraz%C3%B3n?src=hashtag_click\">#Coraz\u00f3n<\/a><strong><em> y ambici\u00f3n de seguir luchando, mucho m\u00e1s.<\/em><\/strong> <\/p>\n\n\n\n<p><strong><em>Gracias&#8230;<\/em><\/strong><\/p>\n","protected":false},"excerpt":{"rendered":"<p>Por: Jorge Matheus. Salgamos a imponer la revoluci\u00f3n de las palabras, para que seamos lo m\u00e1s parecido a una sociedad de iguales<\/p>\n","protected":false},"author":2,"featured_media":116724,"comment_status":"closed","ping_status":"open","sticky":false,"template":"","format":"standard","meta":{"footnotes":""},"categories":[198],"tags":[9756],"class_list":["post-116723","post","type-post","status-publish","format-standard","has-post-thumbnail","hentry","category-c1nota5","tag-opiniones-2"],"yoast_head":"<!-- This site is optimized with the Yoast SEO plugin v23.4 - https:\/\/yoast.com\/wordpress\/plugins\/seo\/ -->\n<title>Fiestas de f\u00edn de a\u00f1o: eran tiempos duros, pero felices - Infoecos<\/title>\n<meta name=\"robots\" content=\"index, follow, max-snippet:-1, max-image-preview:large, max-video-preview:-1\" \/>\n<link rel=\"canonical\" href=\"https:\/\/infoecos.com.ar\/index.php\/fiestas-de-fin-de-ano-eran-tiempos-duros-pero-felices\/\" \/>\n<meta property=\"og:locale\" content=\"es_ES\" \/>\n<meta property=\"og:type\" content=\"article\" \/>\n<meta property=\"og:title\" content=\"Fiestas de f\u00edn de a\u00f1o: eran tiempos duros, pero felices - Infoecos\" \/>\n<meta property=\"og:description\" content=\"Por: Jorge Matheus. Salgamos a imponer la revoluci\u00f3n de las palabras, para que seamos lo m\u00e1s parecido a una sociedad de iguales\" \/>\n<meta property=\"og:url\" content=\"https:\/\/infoecos.com.ar\/index.php\/fiestas-de-fin-de-ano-eran-tiempos-duros-pero-felices\/\" \/>\n<meta property=\"og:site_name\" content=\"Infoecos\" \/>\n<meta property=\"article:publisher\" content=\"https:\/\/www.facebook.com\/profile.php?id=100063200290284\" \/>\n<meta property=\"article:published_time\" content=\"2023-12-24T13:40:53+00:00\" \/>\n<meta property=\"article:modified_time\" content=\"2023-12-24T13:40:55+00:00\" \/>\n<meta property=\"og:image\" content=\"https:\/\/infoecos.com.ar\/wp-content\/uploads\/2023\/12\/409165638_759389726232387_8246908651471528809_n.jpg\" \/>\n\t<meta property=\"og:image:width\" content=\"1396\" \/>\n\t<meta property=\"og:image:height\" content=\"2048\" \/>\n\t<meta property=\"og:image:type\" content=\"image\/jpeg\" \/>\n<meta name=\"author\" content=\"Jorge Matheus\" \/>\n<meta name=\"twitter:card\" content=\"summary_large_image\" \/>\n<meta name=\"twitter:creator\" content=\"@infoecos\" \/>\n<meta name=\"twitter:site\" content=\"@infoecos\" \/>\n<meta name=\"twitter:label1\" content=\"Escrito por\" \/>\n\t<meta name=\"twitter:data1\" content=\"Jorge Matheus\" \/>\n\t<meta name=\"twitter:label2\" content=\"Tiempo de lectura\" \/>\n\t<meta name=\"twitter:data2\" content=\"3 minutos\" \/>\n<script type=\"application\/ld+json\" class=\"yoast-schema-graph\">{\"@context\":\"https:\/\/schema.org\",\"@graph\":[{\"@type\":\"Article\",\"@id\":\"https:\/\/infoecos.com.ar\/index.php\/fiestas-de-fin-de-ano-eran-tiempos-duros-pero-felices\/#article\",\"isPartOf\":{\"@id\":\"https:\/\/infoecos.com.ar\/index.php\/fiestas-de-fin-de-ano-eran-tiempos-duros-pero-felices\/\"},\"author\":{\"name\":\"Jorge Matheus\",\"@id\":\"https:\/\/infoecos.com.ar\/#\/schema\/person\/8f5ace5ce73b4b4aac4b7245aee6f191\"},\"headline\":\"Fiestas de f\u00edn de a\u00f1o: eran tiempos duros, pero felices\",\"datePublished\":\"2023-12-24T13:40:53+00:00\",\"dateModified\":\"2023-12-24T13:40:55+00:00\",\"mainEntityOfPage\":{\"@id\":\"https:\/\/infoecos.com.ar\/index.php\/fiestas-de-fin-de-ano-eran-tiempos-duros-pero-felices\/\"},\"wordCount\":522,\"publisher\":{\"@id\":\"https:\/\/infoecos.com.ar\/#organization\"},\"image\":{\"@id\":\"https:\/\/infoecos.com.ar\/index.php\/fiestas-de-fin-de-ano-eran-tiempos-duros-pero-felices\/#primaryimage\"},\"thumbnailUrl\":\"https:\/\/infoecos.com.ar\/wp-content\/uploads\/2023\/12\/409165638_759389726232387_8246908651471528809_n.jpg\",\"keywords\":[\"opiniones\"],\"articleSection\":[\"C1 nota 5\"],\"inLanguage\":\"es\"},{\"@type\":\"WebPage\",\"@id\":\"https:\/\/infoecos.com.ar\/index.php\/fiestas-de-fin-de-ano-eran-tiempos-duros-pero-felices\/\",\"url\":\"https:\/\/infoecos.com.ar\/index.php\/fiestas-de-fin-de-ano-eran-tiempos-duros-pero-felices\/\",\"name\":\"Fiestas de f\u00edn de a\u00f1o: eran tiempos duros, pero felices - Infoecos\",\"isPartOf\":{\"@id\":\"https:\/\/infoecos.com.ar\/#website\"},\"primaryImageOfPage\":{\"@id\":\"https:\/\/infoecos.com.ar\/index.php\/fiestas-de-fin-de-ano-eran-tiempos-duros-pero-felices\/#primaryimage\"},\"image\":{\"@id\":\"https:\/\/infoecos.com.ar\/index.php\/fiestas-de-fin-de-ano-eran-tiempos-duros-pero-felices\/#primaryimage\"},\"thumbnailUrl\":\"https:\/\/infoecos.com.ar\/wp-content\/uploads\/2023\/12\/409165638_759389726232387_8246908651471528809_n.jpg\",\"datePublished\":\"2023-12-24T13:40:53+00:00\",\"dateModified\":\"2023-12-24T13:40:55+00:00\",\"breadcrumb\":{\"@id\":\"https:\/\/infoecos.com.ar\/index.php\/fiestas-de-fin-de-ano-eran-tiempos-duros-pero-felices\/#breadcrumb\"},\"inLanguage\":\"es\",\"potentialAction\":[{\"@type\":\"ReadAction\",\"target\":[\"https:\/\/infoecos.com.ar\/index.php\/fiestas-de-fin-de-ano-eran-tiempos-duros-pero-felices\/\"]}]},{\"@type\":\"ImageObject\",\"inLanguage\":\"es\",\"@id\":\"https:\/\/infoecos.com.ar\/index.php\/fiestas-de-fin-de-ano-eran-tiempos-duros-pero-felices\/#primaryimage\",\"url\":\"https:\/\/infoecos.com.ar\/wp-content\/uploads\/2023\/12\/409165638_759389726232387_8246908651471528809_n.jpg\",\"contentUrl\":\"https:\/\/infoecos.com.ar\/wp-content\/uploads\/2023\/12\/409165638_759389726232387_8246908651471528809_n.jpg\",\"width\":1396,\"height\":2048},{\"@type\":\"BreadcrumbList\",\"@id\":\"https:\/\/infoecos.com.ar\/index.php\/fiestas-de-fin-de-ano-eran-tiempos-duros-pero-felices\/#breadcrumb\",\"itemListElement\":[{\"@type\":\"ListItem\",\"position\":1,\"name\":\"Portada\",\"item\":\"https:\/\/infoecos.com.ar\/\"},{\"@type\":\"ListItem\",\"position\":2,\"name\":\"Fiestas de f\u00edn de a\u00f1o: eran tiempos duros, pero felices\"}]},{\"@type\":\"WebSite\",\"@id\":\"https:\/\/infoecos.com.ar\/#website\",\"url\":\"https:\/\/infoecos.com.ar\/\",\"name\":\"Infoecos\",\"description\":\"Noticias de trenque lauquen y la zona\",\"publisher\":{\"@id\":\"https:\/\/infoecos.com.ar\/#organization\"},\"alternateName\":\"Noticias\",\"potentialAction\":[{\"@type\":\"SearchAction\",\"target\":{\"@type\":\"EntryPoint\",\"urlTemplate\":\"https:\/\/infoecos.com.ar\/?s={search_term_string}\"},\"query-input\":{\"@type\":\"PropertyValueSpecification\",\"valueRequired\":true,\"valueName\":\"search_term_string\"}}],\"inLanguage\":\"es\"},{\"@type\":\"Organization\",\"@id\":\"https:\/\/infoecos.com.ar\/#organization\",\"name\":\"Infoecos\",\"alternateName\":\"Noticias\",\"url\":\"https:\/\/infoecos.com.ar\/\",\"logo\":{\"@type\":\"ImageObject\",\"inLanguage\":\"es\",\"@id\":\"https:\/\/infoecos.com.ar\/#\/schema\/logo\/image\/\",\"url\":\"https:\/\/infoecos.com.ar\/wp-content\/uploads\/2024\/03\/cropped-logo.png\",\"contentUrl\":\"https:\/\/infoecos.com.ar\/wp-content\/uploads\/2024\/03\/cropped-logo.png\",\"width\":374,\"height\":90,\"caption\":\"Infoecos\"},\"image\":{\"@id\":\"https:\/\/infoecos.com.ar\/#\/schema\/logo\/image\/\"},\"sameAs\":[\"https:\/\/www.facebook.com\/profile.php?id=100063200290284\",\"https:\/\/x.com\/infoecos\"]},{\"@type\":\"Person\",\"@id\":\"https:\/\/infoecos.com.ar\/#\/schema\/person\/8f5ace5ce73b4b4aac4b7245aee6f191\",\"name\":\"Jorge Matheus\",\"url\":\"https:\/\/infoecos.com.ar\/index.php\/author\/jomatheus\/\"}]}<\/script>\n<!-- \/ Yoast SEO plugin. -->","yoast_head_json":{"title":"Fiestas de f\u00edn de a\u00f1o: eran tiempos duros, pero felices - Infoecos","robots":{"index":"index","follow":"follow","max-snippet":"max-snippet:-1","max-image-preview":"max-image-preview:large","max-video-preview":"max-video-preview:-1"},"canonical":"https:\/\/infoecos.com.ar\/index.php\/fiestas-de-fin-de-ano-eran-tiempos-duros-pero-felices\/","og_locale":"es_ES","og_type":"article","og_title":"Fiestas de f\u00edn de a\u00f1o: eran tiempos duros, pero felices - Infoecos","og_description":"Por: Jorge Matheus. Salgamos a imponer la revoluci\u00f3n de las palabras, para que seamos lo m\u00e1s parecido a una sociedad de iguales","og_url":"https:\/\/infoecos.com.ar\/index.php\/fiestas-de-fin-de-ano-eran-tiempos-duros-pero-felices\/","og_site_name":"Infoecos","article_publisher":"https:\/\/www.facebook.com\/profile.php?id=100063200290284","article_published_time":"2023-12-24T13:40:53+00:00","article_modified_time":"2023-12-24T13:40:55+00:00","og_image":[{"width":1396,"height":2048,"url":"https:\/\/infoecos.com.ar\/wp-content\/uploads\/2023\/12\/409165638_759389726232387_8246908651471528809_n.jpg","type":"image\/jpeg"}],"author":"Jorge Matheus","twitter_card":"summary_large_image","twitter_creator":"@infoecos","twitter_site":"@infoecos","twitter_misc":{"Escrito por":"Jorge Matheus","Tiempo de lectura":"3 minutos"},"schema":{"@context":"https:\/\/schema.org","@graph":[{"@type":"Article","@id":"https:\/\/infoecos.com.ar\/index.php\/fiestas-de-fin-de-ano-eran-tiempos-duros-pero-felices\/#article","isPartOf":{"@id":"https:\/\/infoecos.com.ar\/index.php\/fiestas-de-fin-de-ano-eran-tiempos-duros-pero-felices\/"},"author":{"name":"Jorge Matheus","@id":"https:\/\/infoecos.com.ar\/#\/schema\/person\/8f5ace5ce73b4b4aac4b7245aee6f191"},"headline":"Fiestas de f\u00edn de a\u00f1o: eran tiempos duros, pero felices","datePublished":"2023-12-24T13:40:53+00:00","dateModified":"2023-12-24T13:40:55+00:00","mainEntityOfPage":{"@id":"https:\/\/infoecos.com.ar\/index.php\/fiestas-de-fin-de-ano-eran-tiempos-duros-pero-felices\/"},"wordCount":522,"publisher":{"@id":"https:\/\/infoecos.com.ar\/#organization"},"image":{"@id":"https:\/\/infoecos.com.ar\/index.php\/fiestas-de-fin-de-ano-eran-tiempos-duros-pero-felices\/#primaryimage"},"thumbnailUrl":"https:\/\/infoecos.com.ar\/wp-content\/uploads\/2023\/12\/409165638_759389726232387_8246908651471528809_n.jpg","keywords":["opiniones"],"articleSection":["C1 nota 5"],"inLanguage":"es"},{"@type":"WebPage","@id":"https:\/\/infoecos.com.ar\/index.php\/fiestas-de-fin-de-ano-eran-tiempos-duros-pero-felices\/","url":"https:\/\/infoecos.com.ar\/index.php\/fiestas-de-fin-de-ano-eran-tiempos-duros-pero-felices\/","name":"Fiestas de f\u00edn de a\u00f1o: eran tiempos duros, pero felices - Infoecos","isPartOf":{"@id":"https:\/\/infoecos.com.ar\/#website"},"primaryImageOfPage":{"@id":"https:\/\/infoecos.com.ar\/index.php\/fiestas-de-fin-de-ano-eran-tiempos-duros-pero-felices\/#primaryimage"},"image":{"@id":"https:\/\/infoecos.com.ar\/index.php\/fiestas-de-fin-de-ano-eran-tiempos-duros-pero-felices\/#primaryimage"},"thumbnailUrl":"https:\/\/infoecos.com.ar\/wp-content\/uploads\/2023\/12\/409165638_759389726232387_8246908651471528809_n.jpg","datePublished":"2023-12-24T13:40:53+00:00","dateModified":"2023-12-24T13:40:55+00:00","breadcrumb":{"@id":"https:\/\/infoecos.com.ar\/index.php\/fiestas-de-fin-de-ano-eran-tiempos-duros-pero-felices\/#breadcrumb"},"inLanguage":"es","potentialAction":[{"@type":"ReadAction","target":["https:\/\/infoecos.com.ar\/index.php\/fiestas-de-fin-de-ano-eran-tiempos-duros-pero-felices\/"]}]},{"@type":"ImageObject","inLanguage":"es","@id":"https:\/\/infoecos.com.ar\/index.php\/fiestas-de-fin-de-ano-eran-tiempos-duros-pero-felices\/#primaryimage","url":"https:\/\/infoecos.com.ar\/wp-content\/uploads\/2023\/12\/409165638_759389726232387_8246908651471528809_n.jpg","contentUrl":"https:\/\/infoecos.com.ar\/wp-content\/uploads\/2023\/12\/409165638_759389726232387_8246908651471528809_n.jpg","width":1396,"height":2048},{"@type":"BreadcrumbList","@id":"https:\/\/infoecos.com.ar\/index.php\/fiestas-de-fin-de-ano-eran-tiempos-duros-pero-felices\/#breadcrumb","itemListElement":[{"@type":"ListItem","position":1,"name":"Portada","item":"https:\/\/infoecos.com.ar\/"},{"@type":"ListItem","position":2,"name":"Fiestas de f\u00edn de a\u00f1o: eran tiempos duros, pero felices"}]},{"@type":"WebSite","@id":"https:\/\/infoecos.com.ar\/#website","url":"https:\/\/infoecos.com.ar\/","name":"Infoecos","description":"Noticias de trenque lauquen y la zona","publisher":{"@id":"https:\/\/infoecos.com.ar\/#organization"},"alternateName":"Noticias","potentialAction":[{"@type":"SearchAction","target":{"@type":"EntryPoint","urlTemplate":"https:\/\/infoecos.com.ar\/?s={search_term_string}"},"query-input":{"@type":"PropertyValueSpecification","valueRequired":true,"valueName":"search_term_string"}}],"inLanguage":"es"},{"@type":"Organization","@id":"https:\/\/infoecos.com.ar\/#organization","name":"Infoecos","alternateName":"Noticias","url":"https:\/\/infoecos.com.ar\/","logo":{"@type":"ImageObject","inLanguage":"es","@id":"https:\/\/infoecos.com.ar\/#\/schema\/logo\/image\/","url":"https:\/\/infoecos.com.ar\/wp-content\/uploads\/2024\/03\/cropped-logo.png","contentUrl":"https:\/\/infoecos.com.ar\/wp-content\/uploads\/2024\/03\/cropped-logo.png","width":374,"height":90,"caption":"Infoecos"},"image":{"@id":"https:\/\/infoecos.com.ar\/#\/schema\/logo\/image\/"},"sameAs":["https:\/\/www.facebook.com\/profile.php?id=100063200290284","https:\/\/x.com\/infoecos"]},{"@type":"Person","@id":"https:\/\/infoecos.com.ar\/#\/schema\/person\/8f5ace5ce73b4b4aac4b7245aee6f191","name":"Jorge Matheus","url":"https:\/\/infoecos.com.ar\/index.php\/author\/jomatheus\/"}]}},"featured_image_urls":{"full":["https:\/\/infoecos.com.ar\/wp-content\/uploads\/2023\/12\/409165638_759389726232387_8246908651471528809_n.jpg",1396,2048,false],"thumbnail":["https:\/\/infoecos.com.ar\/wp-content\/uploads\/2023\/12\/409165638_759389726232387_8246908651471528809_n-300x150.jpg",300,150,true],"medium":["https:\/\/infoecos.com.ar\/wp-content\/uploads\/2023\/12\/409165638_759389726232387_8246908651471528809_n-545x800.jpg",545,800,true],"medium_large":["https:\/\/infoecos.com.ar\/wp-content\/uploads\/2023\/12\/409165638_759389726232387_8246908651471528809_n-768x1127.jpg",640,939,true],"large":["https:\/\/infoecos.com.ar\/wp-content\/uploads\/2023\/12\/409165638_759389726232387_8246908651471528809_n-1091x1600.jpg",640,939,true],"1536x1536":["https:\/\/infoecos.com.ar\/wp-content\/uploads\/2023\/12\/409165638_759389726232387_8246908651471528809_n-1047x1536.jpg",1047,1536,true],"2048x2048":["https:\/\/infoecos.com.ar\/wp-content\/uploads\/2023\/12\/409165638_759389726232387_8246908651471528809_n.jpg",1396,2048,false],"covernews-slider-full":["https:\/\/infoecos.com.ar\/wp-content\/uploads\/2023\/12\/409165638_759389726232387_8246908651471528809_n-1396x1020.jpg",979,715,true],"covernews-slider-center":["https:\/\/infoecos.com.ar\/wp-content\/uploads\/2023\/12\/409165638_759389726232387_8246908651471528809_n-936x897.jpg",522,500,true],"covernews-featured":["https:\/\/infoecos.com.ar\/wp-content\/uploads\/2023\/12\/409165638_759389726232387_8246908651471528809_n-1024x1502.jpg",1024,1502,true],"covernews-medium":["https:\/\/infoecos.com.ar\/wp-content\/uploads\/2023\/12\/409165638_759389726232387_8246908651471528809_n-720x380.jpg",540,285,true],"covernews-medium-square":["https:\/\/infoecos.com.ar\/wp-content\/uploads\/2023\/12\/409165638_759389726232387_8246908651471528809_n-675x450.jpg",375,250,true]},"author_info":{"info":["Jorge Matheus"]},"category_info":"<a href=\"https:\/\/infoecos.com.ar\/index.php\/category\/c1nota5\/\" rel=\"category tag\">C1 nota 5<\/a>","tag_info":"C1 nota 5","comment_count":"0","_links":{"self":[{"href":"https:\/\/infoecos.com.ar\/index.php\/wp-json\/wp\/v2\/posts\/116723"}],"collection":[{"href":"https:\/\/infoecos.com.ar\/index.php\/wp-json\/wp\/v2\/posts"}],"about":[{"href":"https:\/\/infoecos.com.ar\/index.php\/wp-json\/wp\/v2\/types\/post"}],"author":[{"embeddable":true,"href":"https:\/\/infoecos.com.ar\/index.php\/wp-json\/wp\/v2\/users\/2"}],"replies":[{"embeddable":true,"href":"https:\/\/infoecos.com.ar\/index.php\/wp-json\/wp\/v2\/comments?post=116723"}],"version-history":[{"count":1,"href":"https:\/\/infoecos.com.ar\/index.php\/wp-json\/wp\/v2\/posts\/116723\/revisions"}],"predecessor-version":[{"id":116725,"href":"https:\/\/infoecos.com.ar\/index.php\/wp-json\/wp\/v2\/posts\/116723\/revisions\/116725"}],"wp:featuredmedia":[{"embeddable":true,"href":"https:\/\/infoecos.com.ar\/index.php\/wp-json\/wp\/v2\/media\/116724"}],"wp:attachment":[{"href":"https:\/\/infoecos.com.ar\/index.php\/wp-json\/wp\/v2\/media?parent=116723"}],"wp:term":[{"taxonomy":"category","embeddable":true,"href":"https:\/\/infoecos.com.ar\/index.php\/wp-json\/wp\/v2\/categories?post=116723"},{"taxonomy":"post_tag","embeddable":true,"href":"https:\/\/infoecos.com.ar\/index.php\/wp-json\/wp\/v2\/tags?post=116723"}],"curies":[{"name":"wp","href":"https:\/\/api.w.org\/{rel}","templated":true}]}}