{"id":116741,"date":"2023-12-24T13:23:13","date_gmt":"2023-12-24T16:23:13","guid":{"rendered":"https:\/\/infoecos.com.ar\/?p=116741"},"modified":"2023-12-24T13:24:36","modified_gmt":"2023-12-24T16:24:36","slug":"secuestro-de-motocicletas-y-actas-de-infraccion-en-operativos-realizados-este-sabado","status":"publish","type":"post","link":"https:\/\/infoecos.com.ar\/index.php\/secuestro-de-motocicletas-y-actas-de-infraccion-en-operativos-realizados-este-sabado\/","title":{"rendered":"Secuestro de motocicletas y actas de infracci\u00f3n en operativos realizados este s\u00e1bado"},"content":{"rendered":"\n<figure class=\"wp-block-image alignright size-large is-resized\"><img loading=\"lazy\" decoding=\"async\" src=\"https:\/\/infoecos.com.ar\/wp-content\/uploads\/2021\/10\/POLICIAOPERATIVOSAUTOS-690x920.jpg\" alt=\"\" class=\"wp-image-88294\" width=\"415\" height=\"553\" srcset=\"https:\/\/infoecos.com.ar\/wp-content\/uploads\/2021\/10\/POLICIAOPERATIVOSAUTOS-690x920.jpg 690w, https:\/\/infoecos.com.ar\/wp-content\/uploads\/2021\/10\/POLICIAOPERATIVOSAUTOS-345x460.jpg 345w, https:\/\/infoecos.com.ar\/wp-content\/uploads\/2021\/10\/POLICIAOPERATIVOSAUTOS-768x1024.jpg 768w, https:\/\/infoecos.com.ar\/wp-content\/uploads\/2021\/10\/POLICIAOPERATIVOSAUTOS.jpg 774w\" sizes=\"(max-width: 415px) 100vw, 415px\" \/><\/figure>\n\n\n\n<p>La Jefatura Departamental Trenque Lauquen de la Polic\u00eda de la provincia de Buenos Aires llev\u00f3 a cabo un amplio operativo de control de motos en la v\u00eda p\u00fablica y espacios de recreaci\u00f3n, este s\u00e1bado. <\/p>\n\n\n\n<p>Se convoc\u00f3 personal y m\u00f3viles de la Comisar\u00eda 1ra. local, Comisar\u00eda de 30 de Agosto, Destacamento Beruti, de la propia Jefatura y de Vial. Trabajaron en conjunto con el cuerpo de Inspectores de Tr\u00e1nsito Municipal. <\/p>\n\n\n\n<p>Se realizaron operativos en el sector del Parque Conrado.Villegas, Parque Pastor, Acceso, Ruta 5 y otros sectores de la ciudad. <\/p>\n\n\n\n<p>En la labor realizada labraron actas de infracci\u00f3n, se secuestraron varias motocicletas por Faltas de Transito, y aplicaron una Infracci\u00f3n simple a la Ley de Drogas. <\/p>\n\n\n\n<p>Este tipo de operativos se van a continuar realizando de forma aleatoria y sorpresiva con la finalidad de prevenir accidentes graves y faltas en general a la Ley de Tr\u00e1nsito, se indic\u00f3 desde la Departamental. <\/p>\n","protected":false},"excerpt":{"rendered":"<p>Foto ilustrativa. Se realizaron en el sector del Parque Conrado.Villegas, Parque Pastor, Acceso, Ruta 5 y otros sectores de la ciudad<\/p>\n","protected":false},"author":2,"featured_media":88300,"comment_status":"closed","ping_status":"open","sticky":false,"template":"","format":"standard","meta":{"footnotes":""},"categories":[29],"tags":[1056],"class_list":["post-116741","post","type-post","status-publish","format-standard","has-post-thumbnail","hentry","category-c2nota1","tag-policial-trenque-lauquen"],"yoast_head":"<!-- This site is optimized with the Yoast SEO plugin v23.4 - https:\/\/yoast.com\/wordpress\/plugins\/seo\/ -->\n<title>Secuestro de motocicletas y actas de infracci\u00f3n en operativos realizados este s\u00e1bado - Infoecos<\/title>\n<meta name=\"robots\" content=\"index, follow, max-snippet:-1, max-image-preview:large, max-video-preview:-1\" \/>\n<link rel=\"canonical\" href=\"https:\/\/infoecos.com.ar\/index.php\/secuestro-de-motocicletas-y-actas-de-infraccion-en-operativos-realizados-este-sabado\/\" \/>\n<meta property=\"og:locale\" content=\"es_ES\" \/>\n<meta property=\"og:type\" content=\"article\" \/>\n<meta property=\"og:title\" content=\"Secuestro de motocicletas y actas de infracci\u00f3n en operativos realizados este s\u00e1bado - Infoecos\" \/>\n<meta property=\"og:description\" content=\"Foto ilustrativa. Se realizaron en el sector del Parque Conrado.Villegas, Parque Pastor, Acceso, Ruta 5 y otros sectores de la ciudad\" \/>\n<meta property=\"og:url\" content=\"https:\/\/infoecos.com.ar\/index.php\/secuestro-de-motocicletas-y-actas-de-infraccion-en-operativos-realizados-este-sabado\/\" \/>\n<meta property=\"og:site_name\" content=\"Infoecos\" \/>\n<meta property=\"article:publisher\" content=\"https:\/\/www.facebook.com\/profile.php?id=100063200290284\" \/>\n<meta property=\"article:published_time\" content=\"2023-12-24T16:23:13+00:00\" \/>\n<meta property=\"article:modified_time\" content=\"2023-12-24T16:24:36+00:00\" \/>\n<meta property=\"og:image\" content=\"https:\/\/infoecos.com.ar\/wp-content\/uploads\/2021\/10\/POLICIAOPERATIVOSAUTOS-1.jpg\" \/>\n\t<meta property=\"og:image:width\" content=\"774\" \/>\n\t<meta property=\"og:image:height\" content=\"1032\" \/>\n\t<meta property=\"og:image:type\" content=\"image\/jpeg\" \/>\n<meta name=\"author\" content=\"Jorge Matheus\" \/>\n<meta name=\"twitter:card\" content=\"summary_large_image\" \/>\n<meta name=\"twitter:creator\" content=\"@infoecos\" \/>\n<meta name=\"twitter:site\" content=\"@infoecos\" \/>\n<meta name=\"twitter:label1\" content=\"Escrito por\" \/>\n\t<meta name=\"twitter:data1\" content=\"Jorge Matheus\" \/>\n\t<meta name=\"twitter:label2\" content=\"Tiempo de lectura\" \/>\n\t<meta name=\"twitter:data2\" content=\"1 minuto\" \/>\n<script type=\"application\/ld+json\" class=\"yoast-schema-graph\">{\"@context\":\"https:\/\/schema.org\",\"@graph\":[{\"@type\":\"Article\",\"@id\":\"https:\/\/infoecos.com.ar\/index.php\/secuestro-de-motocicletas-y-actas-de-infraccion-en-operativos-realizados-este-sabado\/#article\",\"isPartOf\":{\"@id\":\"https:\/\/infoecos.com.ar\/index.php\/secuestro-de-motocicletas-y-actas-de-infraccion-en-operativos-realizados-este-sabado\/\"},\"author\":{\"name\":\"Jorge Matheus\",\"@id\":\"https:\/\/infoecos.com.ar\/#\/schema\/person\/8f5ace5ce73b4b4aac4b7245aee6f191\"},\"headline\":\"Secuestro de motocicletas y actas de infracci\u00f3n en operativos realizados este s\u00e1bado\",\"datePublished\":\"2023-12-24T16:23:13+00:00\",\"dateModified\":\"2023-12-24T16:24:36+00:00\",\"mainEntityOfPage\":{\"@id\":\"https:\/\/infoecos.com.ar\/index.php\/secuestro-de-motocicletas-y-actas-de-infraccion-en-operativos-realizados-este-sabado\/\"},\"wordCount\":175,\"publisher\":{\"@id\":\"https:\/\/infoecos.com.ar\/#organization\"},\"image\":{\"@id\":\"https:\/\/infoecos.com.ar\/index.php\/secuestro-de-motocicletas-y-actas-de-infraccion-en-operativos-realizados-este-sabado\/#primaryimage\"},\"thumbnailUrl\":\"https:\/\/infoecos.com.ar\/wp-content\/uploads\/2021\/10\/POLICIAOPERATIVOSAUTOS-1.jpg\",\"keywords\":[\"POLICIAL - TRENQUE LAUQUEN\"],\"articleSection\":[\"C2 nota 1\"],\"inLanguage\":\"es\"},{\"@type\":\"WebPage\",\"@id\":\"https:\/\/infoecos.com.ar\/index.php\/secuestro-de-motocicletas-y-actas-de-infraccion-en-operativos-realizados-este-sabado\/\",\"url\":\"https:\/\/infoecos.com.ar\/index.php\/secuestro-de-motocicletas-y-actas-de-infraccion-en-operativos-realizados-este-sabado\/\",\"name\":\"Secuestro de motocicletas y actas de infracci\u00f3n en operativos realizados este s\u00e1bado - Infoecos\",\"isPartOf\":{\"@id\":\"https:\/\/infoecos.com.ar\/#website\"},\"primaryImageOfPage\":{\"@id\":\"https:\/\/infoecos.com.ar\/index.php\/secuestro-de-motocicletas-y-actas-de-infraccion-en-operativos-realizados-este-sabado\/#primaryimage\"},\"image\":{\"@id\":\"https:\/\/infoecos.com.ar\/index.php\/secuestro-de-motocicletas-y-actas-de-infraccion-en-operativos-realizados-este-sabado\/#primaryimage\"},\"thumbnailUrl\":\"https:\/\/infoecos.com.ar\/wp-content\/uploads\/2021\/10\/POLICIAOPERATIVOSAUTOS-1.jpg\",\"datePublished\":\"2023-12-24T16:23:13+00:00\",\"dateModified\":\"2023-12-24T16:24:36+00:00\",\"breadcrumb\":{\"@id\":\"https:\/\/infoecos.com.ar\/index.php\/secuestro-de-motocicletas-y-actas-de-infraccion-en-operativos-realizados-este-sabado\/#breadcrumb\"},\"inLanguage\":\"es\",\"potentialAction\":[{\"@type\":\"ReadAction\",\"target\":[\"https:\/\/infoecos.com.ar\/index.php\/secuestro-de-motocicletas-y-actas-de-infraccion-en-operativos-realizados-este-sabado\/\"]}]},{\"@type\":\"ImageObject\",\"inLanguage\":\"es\",\"@id\":\"https:\/\/infoecos.com.ar\/index.php\/secuestro-de-motocicletas-y-actas-de-infraccion-en-operativos-realizados-este-sabado\/#primaryimage\",\"url\":\"https:\/\/infoecos.com.ar\/wp-content\/uploads\/2021\/10\/POLICIAOPERATIVOSAUTOS-1.jpg\",\"contentUrl\":\"https:\/\/infoecos.com.ar\/wp-content\/uploads\/2021\/10\/POLICIAOPERATIVOSAUTOS-1.jpg\",\"width\":774,\"height\":1032},{\"@type\":\"BreadcrumbList\",\"@id\":\"https:\/\/infoecos.com.ar\/index.php\/secuestro-de-motocicletas-y-actas-de-infraccion-en-operativos-realizados-este-sabado\/#breadcrumb\",\"itemListElement\":[{\"@type\":\"ListItem\",\"position\":1,\"name\":\"Portada\",\"item\":\"https:\/\/infoecos.com.ar\/\"},{\"@type\":\"ListItem\",\"position\":2,\"name\":\"Secuestro de motocicletas y actas de infracci\u00f3n en operativos realizados este s\u00e1bado\"}]},{\"@type\":\"WebSite\",\"@id\":\"https:\/\/infoecos.com.ar\/#website\",\"url\":\"https:\/\/infoecos.com.ar\/\",\"name\":\"Infoecos\",\"description\":\"Noticias de trenque lauquen y la zona\",\"publisher\":{\"@id\":\"https:\/\/infoecos.com.ar\/#organization\"},\"alternateName\":\"Noticias\",\"potentialAction\":[{\"@type\":\"SearchAction\",\"target\":{\"@type\":\"EntryPoint\",\"urlTemplate\":\"https:\/\/infoecos.com.ar\/?s={search_term_string}\"},\"query-input\":{\"@type\":\"PropertyValueSpecification\",\"valueRequired\":true,\"valueName\":\"search_term_string\"}}],\"inLanguage\":\"es\"},{\"@type\":\"Organization\",\"@id\":\"https:\/\/infoecos.com.ar\/#organization\",\"name\":\"Infoecos\",\"alternateName\":\"Noticias\",\"url\":\"https:\/\/infoecos.com.ar\/\",\"logo\":{\"@type\":\"ImageObject\",\"inLanguage\":\"es\",\"@id\":\"https:\/\/infoecos.com.ar\/#\/schema\/logo\/image\/\",\"url\":\"https:\/\/infoecos.com.ar\/wp-content\/uploads\/2024\/03\/cropped-logo.png\",\"contentUrl\":\"https:\/\/infoecos.com.ar\/wp-content\/uploads\/2024\/03\/cropped-logo.png\",\"width\":374,\"height\":90,\"caption\":\"Infoecos\"},\"image\":{\"@id\":\"https:\/\/infoecos.com.ar\/#\/schema\/logo\/image\/\"},\"sameAs\":[\"https:\/\/www.facebook.com\/profile.php?id=100063200290284\",\"https:\/\/x.com\/infoecos\"]},{\"@type\":\"Person\",\"@id\":\"https:\/\/infoecos.com.ar\/#\/schema\/person\/8f5ace5ce73b4b4aac4b7245aee6f191\",\"name\":\"Jorge Matheus\",\"url\":\"https:\/\/infoecos.com.ar\/index.php\/author\/jomatheus\/\"}]}<\/script>\n<!-- \/ Yoast SEO plugin. -->","yoast_head_json":{"title":"Secuestro de motocicletas y actas de infracci\u00f3n en operativos realizados este s\u00e1bado - Infoecos","robots":{"index":"index","follow":"follow","max-snippet":"max-snippet:-1","max-image-preview":"max-image-preview:large","max-video-preview":"max-video-preview:-1"},"canonical":"https:\/\/infoecos.com.ar\/index.php\/secuestro-de-motocicletas-y-actas-de-infraccion-en-operativos-realizados-este-sabado\/","og_locale":"es_ES","og_type":"article","og_title":"Secuestro de motocicletas y actas de infracci\u00f3n en operativos realizados este s\u00e1bado - Infoecos","og_description":"Foto ilustrativa. Se realizaron en el sector del Parque Conrado.Villegas, Parque Pastor, Acceso, Ruta 5 y otros sectores de la ciudad","og_url":"https:\/\/infoecos.com.ar\/index.php\/secuestro-de-motocicletas-y-actas-de-infraccion-en-operativos-realizados-este-sabado\/","og_site_name":"Infoecos","article_publisher":"https:\/\/www.facebook.com\/profile.php?id=100063200290284","article_published_time":"2023-12-24T16:23:13+00:00","article_modified_time":"2023-12-24T16:24:36+00:00","og_image":[{"width":774,"height":1032,"url":"https:\/\/infoecos.com.ar\/wp-content\/uploads\/2021\/10\/POLICIAOPERATIVOSAUTOS-1.jpg","type":"image\/jpeg"}],"author":"Jorge Matheus","twitter_card":"summary_large_image","twitter_creator":"@infoecos","twitter_site":"@infoecos","twitter_misc":{"Escrito por":"Jorge Matheus","Tiempo de lectura":"1 minuto"},"schema":{"@context":"https:\/\/schema.org","@graph":[{"@type":"Article","@id":"https:\/\/infoecos.com.ar\/index.php\/secuestro-de-motocicletas-y-actas-de-infraccion-en-operativos-realizados-este-sabado\/#article","isPartOf":{"@id":"https:\/\/infoecos.com.ar\/index.php\/secuestro-de-motocicletas-y-actas-de-infraccion-en-operativos-realizados-este-sabado\/"},"author":{"name":"Jorge Matheus","@id":"https:\/\/infoecos.com.ar\/#\/schema\/person\/8f5ace5ce73b4b4aac4b7245aee6f191"},"headline":"Secuestro de motocicletas y actas de infracci\u00f3n en operativos realizados este s\u00e1bado","datePublished":"2023-12-24T16:23:13+00:00","dateModified":"2023-12-24T16:24:36+00:00","mainEntityOfPage":{"@id":"https:\/\/infoecos.com.ar\/index.php\/secuestro-de-motocicletas-y-actas-de-infraccion-en-operativos-realizados-este-sabado\/"},"wordCount":175,"publisher":{"@id":"https:\/\/infoecos.com.ar\/#organization"},"image":{"@id":"https:\/\/infoecos.com.ar\/index.php\/secuestro-de-motocicletas-y-actas-de-infraccion-en-operativos-realizados-este-sabado\/#primaryimage"},"thumbnailUrl":"https:\/\/infoecos.com.ar\/wp-content\/uploads\/2021\/10\/POLICIAOPERATIVOSAUTOS-1.jpg","keywords":["POLICIAL - TRENQUE LAUQUEN"],"articleSection":["C2 nota 1"],"inLanguage":"es"},{"@type":"WebPage","@id":"https:\/\/infoecos.com.ar\/index.php\/secuestro-de-motocicletas-y-actas-de-infraccion-en-operativos-realizados-este-sabado\/","url":"https:\/\/infoecos.com.ar\/index.php\/secuestro-de-motocicletas-y-actas-de-infraccion-en-operativos-realizados-este-sabado\/","name":"Secuestro de motocicletas y actas de infracci\u00f3n en operativos realizados este s\u00e1bado - Infoecos","isPartOf":{"@id":"https:\/\/infoecos.com.ar\/#website"},"primaryImageOfPage":{"@id":"https:\/\/infoecos.com.ar\/index.php\/secuestro-de-motocicletas-y-actas-de-infraccion-en-operativos-realizados-este-sabado\/#primaryimage"},"image":{"@id":"https:\/\/infoecos.com.ar\/index.php\/secuestro-de-motocicletas-y-actas-de-infraccion-en-operativos-realizados-este-sabado\/#primaryimage"},"thumbnailUrl":"https:\/\/infoecos.com.ar\/wp-content\/uploads\/2021\/10\/POLICIAOPERATIVOSAUTOS-1.jpg","datePublished":"2023-12-24T16:23:13+00:00","dateModified":"2023-12-24T16:24:36+00:00","breadcrumb":{"@id":"https:\/\/infoecos.com.ar\/index.php\/secuestro-de-motocicletas-y-actas-de-infraccion-en-operativos-realizados-este-sabado\/#breadcrumb"},"inLanguage":"es","potentialAction":[{"@type":"ReadAction","target":["https:\/\/infoecos.com.ar\/index.php\/secuestro-de-motocicletas-y-actas-de-infraccion-en-operativos-realizados-este-sabado\/"]}]},{"@type":"ImageObject","inLanguage":"es","@id":"https:\/\/infoecos.com.ar\/index.php\/secuestro-de-motocicletas-y-actas-de-infraccion-en-operativos-realizados-este-sabado\/#primaryimage","url":"https:\/\/infoecos.com.ar\/wp-content\/uploads\/2021\/10\/POLICIAOPERATIVOSAUTOS-1.jpg","contentUrl":"https:\/\/infoecos.com.ar\/wp-content\/uploads\/2021\/10\/POLICIAOPERATIVOSAUTOS-1.jpg","width":774,"height":1032},{"@type":"BreadcrumbList","@id":"https:\/\/infoecos.com.ar\/index.php\/secuestro-de-motocicletas-y-actas-de-infraccion-en-operativos-realizados-este-sabado\/#breadcrumb","itemListElement":[{"@type":"ListItem","position":1,"name":"Portada","item":"https:\/\/infoecos.com.ar\/"},{"@type":"ListItem","position":2,"name":"Secuestro de motocicletas y actas de infracci\u00f3n en operativos realizados este s\u00e1bado"}]},{"@type":"WebSite","@id":"https:\/\/infoecos.com.ar\/#website","url":"https:\/\/infoecos.com.ar\/","name":"Infoecos","description":"Noticias de trenque lauquen y la zona","publisher":{"@id":"https:\/\/infoecos.com.ar\/#organization"},"alternateName":"Noticias","potentialAction":[{"@type":"SearchAction","target":{"@type":"EntryPoint","urlTemplate":"https:\/\/infoecos.com.ar\/?s={search_term_string}"},"query-input":{"@type":"PropertyValueSpecification","valueRequired":true,"valueName":"search_term_string"}}],"inLanguage":"es"},{"@type":"Organization","@id":"https:\/\/infoecos.com.ar\/#organization","name":"Infoecos","alternateName":"Noticias","url":"https:\/\/infoecos.com.ar\/","logo":{"@type":"ImageObject","inLanguage":"es","@id":"https:\/\/infoecos.com.ar\/#\/schema\/logo\/image\/","url":"https:\/\/infoecos.com.ar\/wp-content\/uploads\/2024\/03\/cropped-logo.png","contentUrl":"https:\/\/infoecos.com.ar\/wp-content\/uploads\/2024\/03\/cropped-logo.png","width":374,"height":90,"caption":"Infoecos"},"image":{"@id":"https:\/\/infoecos.com.ar\/#\/schema\/logo\/image\/"},"sameAs":["https:\/\/www.facebook.com\/profile.php?id=100063200290284","https:\/\/x.com\/infoecos"]},{"@type":"Person","@id":"https:\/\/infoecos.com.ar\/#\/schema\/person\/8f5ace5ce73b4b4aac4b7245aee6f191","name":"Jorge Matheus","url":"https:\/\/infoecos.com.ar\/index.php\/author\/jomatheus\/"}]}},"featured_image_urls":{"full":["https:\/\/infoecos.com.ar\/wp-content\/uploads\/2021\/10\/POLICIAOPERATIVOSAUTOS-1.jpg",774,1032,false],"thumbnail":["https:\/\/infoecos.com.ar\/wp-content\/uploads\/2021\/10\/POLICIAOPERATIVOSAUTOS-1-150x150.jpg",150,150,true],"medium":["https:\/\/infoecos.com.ar\/wp-content\/uploads\/2021\/10\/POLICIAOPERATIVOSAUTOS-1-345x460.jpg",345,460,true],"medium_large":["https:\/\/infoecos.com.ar\/wp-content\/uploads\/2021\/10\/POLICIAOPERATIVOSAUTOS-1-768x1024.jpg",640,853,true],"large":["https:\/\/infoecos.com.ar\/wp-content\/uploads\/2021\/10\/POLICIAOPERATIVOSAUTOS-1-690x920.jpg",640,853,true],"1536x1536":["https:\/\/infoecos.com.ar\/wp-content\/uploads\/2021\/10\/POLICIAOPERATIVOSAUTOS-1.jpg",774,1032,false],"2048x2048":["https:\/\/infoecos.com.ar\/wp-content\/uploads\/2021\/10\/POLICIAOPERATIVOSAUTOS-1.jpg",774,1032,false],"covernews-slider-full":["https:\/\/infoecos.com.ar\/wp-content\/uploads\/2021\/10\/POLICIAOPERATIVOSAUTOS-1-774x1020.jpg",543,715,true],"covernews-slider-center":["https:\/\/infoecos.com.ar\/wp-content\/uploads\/2021\/10\/POLICIAOPERATIVOSAUTOS-1-774x897.jpg",431,500,true],"covernews-featured":["https:\/\/infoecos.com.ar\/wp-content\/uploads\/2021\/10\/POLICIAOPERATIVOSAUTOS-1.jpg",774,1032,false],"covernews-medium":["https:\/\/infoecos.com.ar\/wp-content\/uploads\/2021\/10\/POLICIAOPERATIVOSAUTOS-1-720x380.jpg",540,285,true],"covernews-medium-square":["https:\/\/infoecos.com.ar\/wp-content\/uploads\/2021\/10\/POLICIAOPERATIVOSAUTOS-1-675x450.jpg",375,250,true]},"author_info":{"info":["Jorge Matheus"]},"category_info":"<a href=\"https:\/\/infoecos.com.ar\/index.php\/category\/c2nota1\/\" rel=\"category tag\">C2 nota 1<\/a>","tag_info":"C2 nota 1","comment_count":"0","_links":{"self":[{"href":"https:\/\/infoecos.com.ar\/index.php\/wp-json\/wp\/v2\/posts\/116741"}],"collection":[{"href":"https:\/\/infoecos.com.ar\/index.php\/wp-json\/wp\/v2\/posts"}],"about":[{"href":"https:\/\/infoecos.com.ar\/index.php\/wp-json\/wp\/v2\/types\/post"}],"author":[{"embeddable":true,"href":"https:\/\/infoecos.com.ar\/index.php\/wp-json\/wp\/v2\/users\/2"}],"replies":[{"embeddable":true,"href":"https:\/\/infoecos.com.ar\/index.php\/wp-json\/wp\/v2\/comments?post=116741"}],"version-history":[{"count":1,"href":"https:\/\/infoecos.com.ar\/index.php\/wp-json\/wp\/v2\/posts\/116741\/revisions"}],"predecessor-version":[{"id":116742,"href":"https:\/\/infoecos.com.ar\/index.php\/wp-json\/wp\/v2\/posts\/116741\/revisions\/116742"}],"wp:featuredmedia":[{"embeddable":true,"href":"https:\/\/infoecos.com.ar\/index.php\/wp-json\/wp\/v2\/media\/88300"}],"wp:attachment":[{"href":"https:\/\/infoecos.com.ar\/index.php\/wp-json\/wp\/v2\/media?parent=116741"}],"wp:term":[{"taxonomy":"category","embeddable":true,"href":"https:\/\/infoecos.com.ar\/index.php\/wp-json\/wp\/v2\/categories?post=116741"},{"taxonomy":"post_tag","embeddable":true,"href":"https:\/\/infoecos.com.ar\/index.php\/wp-json\/wp\/v2\/tags?post=116741"}],"curies":[{"name":"wp","href":"https:\/\/api.w.org\/{rel}","templated":true}]}}