{"id":116786,"date":"2023-12-26T07:13:01","date_gmt":"2023-12-26T10:13:01","guid":{"rendered":"https:\/\/infoecos.com.ar\/?p=116786"},"modified":"2023-12-26T11:55:45","modified_gmt":"2023-12-26T14:55:45","slug":"el-gobierno-nacional-confirmo-la-baja-de-empleados-contratados","status":"publish","type":"post","link":"https:\/\/infoecos.com.ar\/index.php\/el-gobierno-nacional-confirmo-la-baja-de-empleados-contratados\/","title":{"rendered":"El Gobierno Nacional confirm\u00f3 la baja de empleados contratados"},"content":{"rendered":"\n<figure class=\"wp-block-image alignright size-large is-resized\"><img loading=\"lazy\" decoding=\"async\" src=\"https:\/\/infoecos.com.ar\/wp-content\/uploads\/565587566b3e0_1420_-920x690.jpg\" alt=\"\" class=\"wp-image-52539\" width=\"374\" height=\"280\"\/><figcaption class=\"wp-element-caption\">Casa Rosada<\/figcaption><\/figure>\n\n\n\n<p>Fue publicado en el&nbsp;Bolet\u00edn Oficial de la Naci\u00f3n&nbsp;el&nbsp;Decreto 84\/2023&nbsp;que confirma la baja de empleados p\u00fablicos que ingresaron a partir del 1\u00b0 de enero 2023. Adem\u00e1s, el Poder Ejecutivo revisar\u00e1 la situaci\u00f3n de los trabajadores del Estado que est\u00e1n en funciones desde antes de esa fecha.<\/p>\n\n\n\n<p>El art\u00edculo 1\u00b0 establece que&nbsp;\u201clas contrataciones de personas que hayan iniciado a prestar servicios a partir del 1 de enero de 2023, en los organismos comprendidos en los incisos a) y c) del art\u00edculo 8\u00b0 de la ley 24.156,&nbsp;no ser\u00e1n renovadas\u201d.<\/p>\n\n\n\n<p>De esta manera, se abarca a los empleados transitorios \u201cy de toda otra modalidad de contrataci\u00f3n que concluya al 31 de diciembre de 2023\u2033, de toda la administraci\u00f3n nacional, as\u00ed como tambi\u00e9n de los entes p\u00fablicos,&nbsp;incluidos, por ejemplo, la ANSeS, el PAMI y la AFIP.<\/p>\n\n\n\n<p><strong>La decisi\u00f3n&nbsp;alcanzar\u00eda a cerca de siete mil empleados&nbsp;de distintas \u00e1reas del Gobierno.<\/strong>&nbsp;Son excluidos \u00fanicamente aquellos que cumplen funciones en empresas o sociedades estatales.<\/p>\n","protected":false},"excerpt":{"rendered":"<p>El art\u00edculo 1\u00b0 establece que\u00a0\u201clas contrataciones de personas que hayan iniciado a prestar servicios a partir del 1 de enero de 2023, en los organismos comprendidos en los incisos a) y c) del art\u00edculo 8\u00b0 de la ley 24.156,\u00a0no ser\u00e1n renovadas\u201d<\/p>\n","protected":false},"author":2,"featured_media":52539,"comment_status":"closed","ping_status":"open","sticky":false,"template":"","format":"standard","meta":{"footnotes":""},"categories":[45],"tags":[1767],"class_list":["post-116786","post","type-post","status-publish","format-standard","has-post-thumbnail","hentry","category-c1nota2","tag-politica-y-economia-3"],"yoast_head":"<!-- This site is optimized with the Yoast SEO plugin v23.4 - https:\/\/yoast.com\/wordpress\/plugins\/seo\/ -->\n<title>El Gobierno Nacional confirm\u00f3 la baja de empleados contratados - Infoecos<\/title>\n<meta name=\"robots\" content=\"index, follow, max-snippet:-1, max-image-preview:large, max-video-preview:-1\" \/>\n<link rel=\"canonical\" href=\"https:\/\/infoecos.com.ar\/index.php\/el-gobierno-nacional-confirmo-la-baja-de-empleados-contratados\/\" \/>\n<meta property=\"og:locale\" content=\"es_ES\" \/>\n<meta property=\"og:type\" content=\"article\" \/>\n<meta property=\"og:title\" content=\"El Gobierno Nacional confirm\u00f3 la baja de empleados contratados - Infoecos\" \/>\n<meta property=\"og:description\" content=\"El art\u00edculo 1\u00b0 establece que\u00a0\u201clas contrataciones de personas que hayan iniciado a prestar servicios a partir del 1 de enero de 2023, en los organismos comprendidos en los incisos a) y c) del art\u00edculo 8\u00b0 de la ley 24.156,\u00a0no ser\u00e1n renovadas\u201d\" \/>\n<meta property=\"og:url\" content=\"https:\/\/infoecos.com.ar\/index.php\/el-gobierno-nacional-confirmo-la-baja-de-empleados-contratados\/\" \/>\n<meta property=\"og:site_name\" content=\"Infoecos\" \/>\n<meta property=\"article:publisher\" content=\"https:\/\/www.facebook.com\/profile.php?id=100063200290284\" \/>\n<meta property=\"article:published_time\" content=\"2023-12-26T10:13:01+00:00\" \/>\n<meta property=\"article:modified_time\" content=\"2023-12-26T14:55:45+00:00\" \/>\n<meta property=\"og:image\" content=\"https:\/\/infoecos.com.ar\/wp-content\/uploads\/565587566b3e0_1420_.jpg\" \/>\n\t<meta property=\"og:image:width\" content=\"1420\" \/>\n\t<meta property=\"og:image:height\" content=\"1065\" \/>\n\t<meta property=\"og:image:type\" content=\"image\/jpeg\" \/>\n<meta name=\"author\" content=\"Jorge Matheus\" \/>\n<meta name=\"twitter:card\" content=\"summary_large_image\" \/>\n<meta name=\"twitter:creator\" content=\"@infoecos\" \/>\n<meta name=\"twitter:site\" content=\"@infoecos\" \/>\n<meta name=\"twitter:label1\" content=\"Escrito por\" \/>\n\t<meta name=\"twitter:data1\" content=\"Jorge Matheus\" \/>\n\t<meta name=\"twitter:label2\" content=\"Tiempo de lectura\" \/>\n\t<meta name=\"twitter:data2\" content=\"1 minuto\" \/>\n<script type=\"application\/ld+json\" class=\"yoast-schema-graph\">{\"@context\":\"https:\/\/schema.org\",\"@graph\":[{\"@type\":\"Article\",\"@id\":\"https:\/\/infoecos.com.ar\/index.php\/el-gobierno-nacional-confirmo-la-baja-de-empleados-contratados\/#article\",\"isPartOf\":{\"@id\":\"https:\/\/infoecos.com.ar\/index.php\/el-gobierno-nacional-confirmo-la-baja-de-empleados-contratados\/\"},\"author\":{\"name\":\"Jorge Matheus\",\"@id\":\"https:\/\/infoecos.com.ar\/#\/schema\/person\/8f5ace5ce73b4b4aac4b7245aee6f191\"},\"headline\":\"El Gobierno Nacional confirm\u00f3 la baja de empleados contratados\",\"datePublished\":\"2023-12-26T10:13:01+00:00\",\"dateModified\":\"2023-12-26T14:55:45+00:00\",\"mainEntityOfPage\":{\"@id\":\"https:\/\/infoecos.com.ar\/index.php\/el-gobierno-nacional-confirmo-la-baja-de-empleados-contratados\/\"},\"wordCount\":190,\"publisher\":{\"@id\":\"https:\/\/infoecos.com.ar\/#organization\"},\"image\":{\"@id\":\"https:\/\/infoecos.com.ar\/index.php\/el-gobierno-nacional-confirmo-la-baja-de-empleados-contratados\/#primaryimage\"},\"thumbnailUrl\":\"\",\"keywords\":[\"POL\u00cdTICA Y ECONOM\u00cdA\"],\"articleSection\":[\"C1 N2\"],\"inLanguage\":\"es\"},{\"@type\":\"WebPage\",\"@id\":\"https:\/\/infoecos.com.ar\/index.php\/el-gobierno-nacional-confirmo-la-baja-de-empleados-contratados\/\",\"url\":\"https:\/\/infoecos.com.ar\/index.php\/el-gobierno-nacional-confirmo-la-baja-de-empleados-contratados\/\",\"name\":\"El Gobierno Nacional confirm\u00f3 la baja de empleados contratados - Infoecos\",\"isPartOf\":{\"@id\":\"https:\/\/infoecos.com.ar\/#website\"},\"primaryImageOfPage\":{\"@id\":\"https:\/\/infoecos.com.ar\/index.php\/el-gobierno-nacional-confirmo-la-baja-de-empleados-contratados\/#primaryimage\"},\"image\":{\"@id\":\"https:\/\/infoecos.com.ar\/index.php\/el-gobierno-nacional-confirmo-la-baja-de-empleados-contratados\/#primaryimage\"},\"thumbnailUrl\":\"\",\"datePublished\":\"2023-12-26T10:13:01+00:00\",\"dateModified\":\"2023-12-26T14:55:45+00:00\",\"breadcrumb\":{\"@id\":\"https:\/\/infoecos.com.ar\/index.php\/el-gobierno-nacional-confirmo-la-baja-de-empleados-contratados\/#breadcrumb\"},\"inLanguage\":\"es\",\"potentialAction\":[{\"@type\":\"ReadAction\",\"target\":[\"https:\/\/infoecos.com.ar\/index.php\/el-gobierno-nacional-confirmo-la-baja-de-empleados-contratados\/\"]}]},{\"@type\":\"ImageObject\",\"inLanguage\":\"es\",\"@id\":\"https:\/\/infoecos.com.ar\/index.php\/el-gobierno-nacional-confirmo-la-baja-de-empleados-contratados\/#primaryimage\",\"url\":\"\",\"contentUrl\":\"\"},{\"@type\":\"BreadcrumbList\",\"@id\":\"https:\/\/infoecos.com.ar\/index.php\/el-gobierno-nacional-confirmo-la-baja-de-empleados-contratados\/#breadcrumb\",\"itemListElement\":[{\"@type\":\"ListItem\",\"position\":1,\"name\":\"Portada\",\"item\":\"https:\/\/infoecos.com.ar\/\"},{\"@type\":\"ListItem\",\"position\":2,\"name\":\"El Gobierno Nacional confirm\u00f3 la baja de empleados contratados\"}]},{\"@type\":\"WebSite\",\"@id\":\"https:\/\/infoecos.com.ar\/#website\",\"url\":\"https:\/\/infoecos.com.ar\/\",\"name\":\"Infoecos\",\"description\":\"Noticias de trenque lauquen y la zona\",\"publisher\":{\"@id\":\"https:\/\/infoecos.com.ar\/#organization\"},\"alternateName\":\"Noticias\",\"potentialAction\":[{\"@type\":\"SearchAction\",\"target\":{\"@type\":\"EntryPoint\",\"urlTemplate\":\"https:\/\/infoecos.com.ar\/?s={search_term_string}\"},\"query-input\":{\"@type\":\"PropertyValueSpecification\",\"valueRequired\":true,\"valueName\":\"search_term_string\"}}],\"inLanguage\":\"es\"},{\"@type\":\"Organization\",\"@id\":\"https:\/\/infoecos.com.ar\/#organization\",\"name\":\"Infoecos\",\"alternateName\":\"Noticias\",\"url\":\"https:\/\/infoecos.com.ar\/\",\"logo\":{\"@type\":\"ImageObject\",\"inLanguage\":\"es\",\"@id\":\"https:\/\/infoecos.com.ar\/#\/schema\/logo\/image\/\",\"url\":\"https:\/\/infoecos.com.ar\/wp-content\/uploads\/2024\/03\/cropped-logo.png\",\"contentUrl\":\"https:\/\/infoecos.com.ar\/wp-content\/uploads\/2024\/03\/cropped-logo.png\",\"width\":374,\"height\":90,\"caption\":\"Infoecos\"},\"image\":{\"@id\":\"https:\/\/infoecos.com.ar\/#\/schema\/logo\/image\/\"},\"sameAs\":[\"https:\/\/www.facebook.com\/profile.php?id=100063200290284\",\"https:\/\/x.com\/infoecos\"]},{\"@type\":\"Person\",\"@id\":\"https:\/\/infoecos.com.ar\/#\/schema\/person\/8f5ace5ce73b4b4aac4b7245aee6f191\",\"name\":\"Jorge Matheus\",\"url\":\"https:\/\/infoecos.com.ar\/index.php\/author\/jomatheus\/\"}]}<\/script>\n<!-- \/ Yoast SEO plugin. -->","yoast_head_json":{"title":"El Gobierno Nacional confirm\u00f3 la baja de empleados contratados - Infoecos","robots":{"index":"index","follow":"follow","max-snippet":"max-snippet:-1","max-image-preview":"max-image-preview:large","max-video-preview":"max-video-preview:-1"},"canonical":"https:\/\/infoecos.com.ar\/index.php\/el-gobierno-nacional-confirmo-la-baja-de-empleados-contratados\/","og_locale":"es_ES","og_type":"article","og_title":"El Gobierno Nacional confirm\u00f3 la baja de empleados contratados - Infoecos","og_description":"El art\u00edculo 1\u00b0 establece que\u00a0\u201clas contrataciones de personas que hayan iniciado a prestar servicios a partir del 1 de enero de 2023, en los organismos comprendidos en los incisos a) y c) del art\u00edculo 8\u00b0 de la ley 24.156,\u00a0no ser\u00e1n renovadas\u201d","og_url":"https:\/\/infoecos.com.ar\/index.php\/el-gobierno-nacional-confirmo-la-baja-de-empleados-contratados\/","og_site_name":"Infoecos","article_publisher":"https:\/\/www.facebook.com\/profile.php?id=100063200290284","article_published_time":"2023-12-26T10:13:01+00:00","article_modified_time":"2023-12-26T14:55:45+00:00","og_image":[{"width":1420,"height":1065,"url":"https:\/\/infoecos.com.ar\/wp-content\/uploads\/565587566b3e0_1420_.jpg","type":"image\/jpeg"}],"author":"Jorge Matheus","twitter_card":"summary_large_image","twitter_creator":"@infoecos","twitter_site":"@infoecos","twitter_misc":{"Escrito por":"Jorge Matheus","Tiempo de lectura":"1 minuto"},"schema":{"@context":"https:\/\/schema.org","@graph":[{"@type":"Article","@id":"https:\/\/infoecos.com.ar\/index.php\/el-gobierno-nacional-confirmo-la-baja-de-empleados-contratados\/#article","isPartOf":{"@id":"https:\/\/infoecos.com.ar\/index.php\/el-gobierno-nacional-confirmo-la-baja-de-empleados-contratados\/"},"author":{"name":"Jorge Matheus","@id":"https:\/\/infoecos.com.ar\/#\/schema\/person\/8f5ace5ce73b4b4aac4b7245aee6f191"},"headline":"El Gobierno Nacional confirm\u00f3 la baja de empleados contratados","datePublished":"2023-12-26T10:13:01+00:00","dateModified":"2023-12-26T14:55:45+00:00","mainEntityOfPage":{"@id":"https:\/\/infoecos.com.ar\/index.php\/el-gobierno-nacional-confirmo-la-baja-de-empleados-contratados\/"},"wordCount":190,"publisher":{"@id":"https:\/\/infoecos.com.ar\/#organization"},"image":{"@id":"https:\/\/infoecos.com.ar\/index.php\/el-gobierno-nacional-confirmo-la-baja-de-empleados-contratados\/#primaryimage"},"thumbnailUrl":"","keywords":["POL\u00cdTICA Y ECONOM\u00cdA"],"articleSection":["C1 N2"],"inLanguage":"es"},{"@type":"WebPage","@id":"https:\/\/infoecos.com.ar\/index.php\/el-gobierno-nacional-confirmo-la-baja-de-empleados-contratados\/","url":"https:\/\/infoecos.com.ar\/index.php\/el-gobierno-nacional-confirmo-la-baja-de-empleados-contratados\/","name":"El Gobierno Nacional confirm\u00f3 la baja de empleados contratados - Infoecos","isPartOf":{"@id":"https:\/\/infoecos.com.ar\/#website"},"primaryImageOfPage":{"@id":"https:\/\/infoecos.com.ar\/index.php\/el-gobierno-nacional-confirmo-la-baja-de-empleados-contratados\/#primaryimage"},"image":{"@id":"https:\/\/infoecos.com.ar\/index.php\/el-gobierno-nacional-confirmo-la-baja-de-empleados-contratados\/#primaryimage"},"thumbnailUrl":"","datePublished":"2023-12-26T10:13:01+00:00","dateModified":"2023-12-26T14:55:45+00:00","breadcrumb":{"@id":"https:\/\/infoecos.com.ar\/index.php\/el-gobierno-nacional-confirmo-la-baja-de-empleados-contratados\/#breadcrumb"},"inLanguage":"es","potentialAction":[{"@type":"ReadAction","target":["https:\/\/infoecos.com.ar\/index.php\/el-gobierno-nacional-confirmo-la-baja-de-empleados-contratados\/"]}]},{"@type":"ImageObject","inLanguage":"es","@id":"https:\/\/infoecos.com.ar\/index.php\/el-gobierno-nacional-confirmo-la-baja-de-empleados-contratados\/#primaryimage","url":"","contentUrl":""},{"@type":"BreadcrumbList","@id":"https:\/\/infoecos.com.ar\/index.php\/el-gobierno-nacional-confirmo-la-baja-de-empleados-contratados\/#breadcrumb","itemListElement":[{"@type":"ListItem","position":1,"name":"Portada","item":"https:\/\/infoecos.com.ar\/"},{"@type":"ListItem","position":2,"name":"El Gobierno Nacional confirm\u00f3 la baja de empleados contratados"}]},{"@type":"WebSite","@id":"https:\/\/infoecos.com.ar\/#website","url":"https:\/\/infoecos.com.ar\/","name":"Infoecos","description":"Noticias de trenque lauquen y la zona","publisher":{"@id":"https:\/\/infoecos.com.ar\/#organization"},"alternateName":"Noticias","potentialAction":[{"@type":"SearchAction","target":{"@type":"EntryPoint","urlTemplate":"https:\/\/infoecos.com.ar\/?s={search_term_string}"},"query-input":{"@type":"PropertyValueSpecification","valueRequired":true,"valueName":"search_term_string"}}],"inLanguage":"es"},{"@type":"Organization","@id":"https:\/\/infoecos.com.ar\/#organization","name":"Infoecos","alternateName":"Noticias","url":"https:\/\/infoecos.com.ar\/","logo":{"@type":"ImageObject","inLanguage":"es","@id":"https:\/\/infoecos.com.ar\/#\/schema\/logo\/image\/","url":"https:\/\/infoecos.com.ar\/wp-content\/uploads\/2024\/03\/cropped-logo.png","contentUrl":"https:\/\/infoecos.com.ar\/wp-content\/uploads\/2024\/03\/cropped-logo.png","width":374,"height":90,"caption":"Infoecos"},"image":{"@id":"https:\/\/infoecos.com.ar\/#\/schema\/logo\/image\/"},"sameAs":["https:\/\/www.facebook.com\/profile.php?id=100063200290284","https:\/\/x.com\/infoecos"]},{"@type":"Person","@id":"https:\/\/infoecos.com.ar\/#\/schema\/person\/8f5ace5ce73b4b4aac4b7245aee6f191","name":"Jorge Matheus","url":"https:\/\/infoecos.com.ar\/index.php\/author\/jomatheus\/"}]}},"featured_image_urls":{"full":"","thumbnail":"","medium":"","medium_large":"","large":"","1536x1536":"","2048x2048":"","covernews-slider-full":"","covernews-slider-center":"","covernews-featured":"","covernews-medium":"","covernews-medium-square":""},"author_info":{"info":["Jorge Matheus"]},"category_info":"<a href=\"https:\/\/infoecos.com.ar\/index.php\/category\/c1nota2\/\" rel=\"category tag\">C1 N2<\/a>","tag_info":"C1 N2","comment_count":"0","_links":{"self":[{"href":"https:\/\/infoecos.com.ar\/index.php\/wp-json\/wp\/v2\/posts\/116786"}],"collection":[{"href":"https:\/\/infoecos.com.ar\/index.php\/wp-json\/wp\/v2\/posts"}],"about":[{"href":"https:\/\/infoecos.com.ar\/index.php\/wp-json\/wp\/v2\/types\/post"}],"author":[{"embeddable":true,"href":"https:\/\/infoecos.com.ar\/index.php\/wp-json\/wp\/v2\/users\/2"}],"replies":[{"embeddable":true,"href":"https:\/\/infoecos.com.ar\/index.php\/wp-json\/wp\/v2\/comments?post=116786"}],"version-history":[{"count":2,"href":"https:\/\/infoecos.com.ar\/index.php\/wp-json\/wp\/v2\/posts\/116786\/revisions"}],"predecessor-version":[{"id":116818,"href":"https:\/\/infoecos.com.ar\/index.php\/wp-json\/wp\/v2\/posts\/116786\/revisions\/116818"}],"wp:featuredmedia":[{"embeddable":true,"href":"https:\/\/infoecos.com.ar\/index.php\/wp-json\/"}],"wp:attachment":[{"href":"https:\/\/infoecos.com.ar\/index.php\/wp-json\/wp\/v2\/media?parent=116786"}],"wp:term":[{"taxonomy":"category","embeddable":true,"href":"https:\/\/infoecos.com.ar\/index.php\/wp-json\/wp\/v2\/categories?post=116786"},{"taxonomy":"post_tag","embeddable":true,"href":"https:\/\/infoecos.com.ar\/index.php\/wp-json\/wp\/v2\/tags?post=116786"}],"curies":[{"name":"wp","href":"https:\/\/api.w.org\/{rel}","templated":true}]}}