{"id":116798,"date":"2023-12-26T09:29:07","date_gmt":"2023-12-26T12:29:07","guid":{"rendered":"https:\/\/infoecos.com.ar\/?p=116798"},"modified":"2023-12-26T11:52:25","modified_gmt":"2023-12-26T14:52:25","slug":"kicillof-pide-autoricen-aumentos-que-van-del-140-al-300-para-impuestos-provinciales","status":"publish","type":"post","link":"https:\/\/infoecos.com.ar\/index.php\/kicillof-pide-autoricen-aumentos-que-van-del-140-al-300-para-impuestos-provinciales\/","title":{"rendered":"Kicillof pide autoricen aumentos que van del 140 al 300 % para impuestos provinciales"},"content":{"rendered":"\n<figure class=\"wp-block-image alignright size-large is-resized\"><img loading=\"lazy\" decoding=\"async\" src=\"https:\/\/infoecos.com.ar\/wp-content\/uploads\/legislatura-LPlata-920x611.jpg\" alt=\"\" class=\"wp-image-47624\" width=\"421\" height=\"279\"\/><figcaption class=\"wp-element-caption\">Diputados Provincia de Buenos Aires<\/figcaption><\/figure>\n\n\n\n<p>El gobernador de la provincia de<strong>&nbsp;<\/strong>Buenos Aires,&nbsp;Axel Kicillof, prorrogar\u00e1 el Presupuesto del 2023 y envi\u00f3 a la Legislatura el pedido de endeudamientos de US$ 1.800 millones,&nbsp;y el proyecto de Ley Impositiva 2024. <\/p>\n\n\n\n<p>Las propuestas se espera sean aprobadas, durante las sesiones convocadas para el jueves 28.<\/p>\n\n\n\n<p>En la<strong>&nbsp;<\/strong>Ley Fiscal Impositiva<strong>&nbsp;<\/strong>el gobierno provincial solicita que los grav\u00e1menes puedan actualizarse de acuerdo al \u00edndice de inflaci\u00f3n y estableci\u00f3 aumentos del 140% hasta del 300% para el<strong>&nbsp;<\/strong>impuesto Inmobiliario Urbano y Rural<strong>&nbsp;<\/strong>y del 145% al 270% para el&nbsp;automotor. Entre hoy y ma\u00f1ana ser\u00e1n muchas las reuniones del oficialismo con la oposici\u00f3n para discutir este tema, antes que comience su tratamiento legislativo. <\/p>\n\n\n\n<p>La UCR y el PRO m\u00e1s all\u00e1 del debate aseguran que exiguen se pague la deuda con los municipios antes del jueves y que el endeudamiento sea de libre disponibilidad.<\/p>\n\n\n\n<p><\/p>\n\n\n\n<p><\/p>\n","protected":false},"excerpt":{"rendered":"<p>Las propuestas se espera sean aprobadas, durante las sesiones convocadas para el jueves 28<\/p>\n","protected":false},"author":2,"featured_media":56995,"comment_status":"closed","ping_status":"open","sticky":false,"template":"","format":"standard","meta":{"footnotes":""},"categories":[1613],"tags":[9773],"class_list":["post-116798","post","type-post","status-publish","format-standard","has-post-thumbnail","hentry","category-noticia-secundaria","tag-economia-bonaerense-2"],"yoast_head":"<!-- This site is optimized with the Yoast SEO plugin v23.4 - https:\/\/yoast.com\/wordpress\/plugins\/seo\/ -->\n<title>Kicillof pide autoricen aumentos que van del 140 al 300 % para impuestos provinciales - Infoecos<\/title>\n<meta name=\"robots\" content=\"index, follow, max-snippet:-1, max-image-preview:large, max-video-preview:-1\" \/>\n<link rel=\"canonical\" href=\"https:\/\/infoecos.com.ar\/index.php\/kicillof-pide-autoricen-aumentos-que-van-del-140-al-300-para-impuestos-provinciales\/\" \/>\n<meta property=\"og:locale\" content=\"es_ES\" \/>\n<meta property=\"og:type\" content=\"article\" \/>\n<meta property=\"og:title\" content=\"Kicillof pide autoricen aumentos que van del 140 al 300 % para impuestos provinciales - Infoecos\" \/>\n<meta property=\"og:description\" content=\"Las propuestas se espera sean aprobadas, durante las sesiones convocadas para el jueves 28\" \/>\n<meta property=\"og:url\" content=\"https:\/\/infoecos.com.ar\/index.php\/kicillof-pide-autoricen-aumentos-que-van-del-140-al-300-para-impuestos-provinciales\/\" \/>\n<meta property=\"og:site_name\" content=\"Infoecos\" \/>\n<meta property=\"article:publisher\" content=\"https:\/\/www.facebook.com\/profile.php?id=100063200290284\" \/>\n<meta property=\"article:published_time\" content=\"2023-12-26T12:29:07+00:00\" \/>\n<meta property=\"article:modified_time\" content=\"2023-12-26T14:52:25+00:00\" \/>\n<meta property=\"og:image\" content=\"https:\/\/infoecos.com.ar\/wp-content\/uploads\/20191226160245_senadores-bonaerenses.jpg\" \/>\n\t<meta property=\"og:image:width\" content=\"880\" \/>\n\t<meta property=\"og:image:height\" content=\"493\" \/>\n\t<meta property=\"og:image:type\" content=\"image\/jpeg\" \/>\n<meta name=\"author\" content=\"Jorge Matheus\" \/>\n<meta name=\"twitter:card\" content=\"summary_large_image\" \/>\n<meta name=\"twitter:creator\" content=\"@infoecos\" \/>\n<meta name=\"twitter:site\" content=\"@infoecos\" \/>\n<meta name=\"twitter:label1\" content=\"Escrito por\" \/>\n\t<meta name=\"twitter:data1\" content=\"Jorge Matheus\" \/>\n\t<meta name=\"twitter:label2\" content=\"Tiempo de lectura\" \/>\n\t<meta name=\"twitter:data2\" content=\"1 minuto\" \/>\n<script type=\"application\/ld+json\" class=\"yoast-schema-graph\">{\"@context\":\"https:\/\/schema.org\",\"@graph\":[{\"@type\":\"Article\",\"@id\":\"https:\/\/infoecos.com.ar\/index.php\/kicillof-pide-autoricen-aumentos-que-van-del-140-al-300-para-impuestos-provinciales\/#article\",\"isPartOf\":{\"@id\":\"https:\/\/infoecos.com.ar\/index.php\/kicillof-pide-autoricen-aumentos-que-van-del-140-al-300-para-impuestos-provinciales\/\"},\"author\":{\"name\":\"Jorge Matheus\",\"@id\":\"https:\/\/infoecos.com.ar\/#\/schema\/person\/8f5ace5ce73b4b4aac4b7245aee6f191\"},\"headline\":\"Kicillof pide autoricen aumentos que van del 140 al 300 % para impuestos provinciales\",\"datePublished\":\"2023-12-26T12:29:07+00:00\",\"dateModified\":\"2023-12-26T14:52:25+00:00\",\"mainEntityOfPage\":{\"@id\":\"https:\/\/infoecos.com.ar\/index.php\/kicillof-pide-autoricen-aumentos-que-van-del-140-al-300-para-impuestos-provinciales\/\"},\"wordCount\":167,\"publisher\":{\"@id\":\"https:\/\/infoecos.com.ar\/#organization\"},\"image\":{\"@id\":\"https:\/\/infoecos.com.ar\/index.php\/kicillof-pide-autoricen-aumentos-que-van-del-140-al-300-para-impuestos-provinciales\/#primaryimage\"},\"thumbnailUrl\":\"\",\"keywords\":[\"econom\u00eda bonaerense\"],\"articleSection\":[\"Noticia Secundaria\"],\"inLanguage\":\"es\"},{\"@type\":\"WebPage\",\"@id\":\"https:\/\/infoecos.com.ar\/index.php\/kicillof-pide-autoricen-aumentos-que-van-del-140-al-300-para-impuestos-provinciales\/\",\"url\":\"https:\/\/infoecos.com.ar\/index.php\/kicillof-pide-autoricen-aumentos-que-van-del-140-al-300-para-impuestos-provinciales\/\",\"name\":\"Kicillof pide autoricen aumentos que van del 140 al 300 % para impuestos provinciales - Infoecos\",\"isPartOf\":{\"@id\":\"https:\/\/infoecos.com.ar\/#website\"},\"primaryImageOfPage\":{\"@id\":\"https:\/\/infoecos.com.ar\/index.php\/kicillof-pide-autoricen-aumentos-que-van-del-140-al-300-para-impuestos-provinciales\/#primaryimage\"},\"image\":{\"@id\":\"https:\/\/infoecos.com.ar\/index.php\/kicillof-pide-autoricen-aumentos-que-van-del-140-al-300-para-impuestos-provinciales\/#primaryimage\"},\"thumbnailUrl\":\"\",\"datePublished\":\"2023-12-26T12:29:07+00:00\",\"dateModified\":\"2023-12-26T14:52:25+00:00\",\"breadcrumb\":{\"@id\":\"https:\/\/infoecos.com.ar\/index.php\/kicillof-pide-autoricen-aumentos-que-van-del-140-al-300-para-impuestos-provinciales\/#breadcrumb\"},\"inLanguage\":\"es\",\"potentialAction\":[{\"@type\":\"ReadAction\",\"target\":[\"https:\/\/infoecos.com.ar\/index.php\/kicillof-pide-autoricen-aumentos-que-van-del-140-al-300-para-impuestos-provinciales\/\"]}]},{\"@type\":\"ImageObject\",\"inLanguage\":\"es\",\"@id\":\"https:\/\/infoecos.com.ar\/index.php\/kicillof-pide-autoricen-aumentos-que-van-del-140-al-300-para-impuestos-provinciales\/#primaryimage\",\"url\":\"\",\"contentUrl\":\"\"},{\"@type\":\"BreadcrumbList\",\"@id\":\"https:\/\/infoecos.com.ar\/index.php\/kicillof-pide-autoricen-aumentos-que-van-del-140-al-300-para-impuestos-provinciales\/#breadcrumb\",\"itemListElement\":[{\"@type\":\"ListItem\",\"position\":1,\"name\":\"Portada\",\"item\":\"https:\/\/infoecos.com.ar\/\"},{\"@type\":\"ListItem\",\"position\":2,\"name\":\"Kicillof pide autoricen aumentos que van del 140 al 300 % para impuestos provinciales\"}]},{\"@type\":\"WebSite\",\"@id\":\"https:\/\/infoecos.com.ar\/#website\",\"url\":\"https:\/\/infoecos.com.ar\/\",\"name\":\"Infoecos\",\"description\":\"Noticias de trenque lauquen y la zona\",\"publisher\":{\"@id\":\"https:\/\/infoecos.com.ar\/#organization\"},\"alternateName\":\"Noticias\",\"potentialAction\":[{\"@type\":\"SearchAction\",\"target\":{\"@type\":\"EntryPoint\",\"urlTemplate\":\"https:\/\/infoecos.com.ar\/?s={search_term_string}\"},\"query-input\":{\"@type\":\"PropertyValueSpecification\",\"valueRequired\":true,\"valueName\":\"search_term_string\"}}],\"inLanguage\":\"es\"},{\"@type\":\"Organization\",\"@id\":\"https:\/\/infoecos.com.ar\/#organization\",\"name\":\"Infoecos\",\"alternateName\":\"Noticias\",\"url\":\"https:\/\/infoecos.com.ar\/\",\"logo\":{\"@type\":\"ImageObject\",\"inLanguage\":\"es\",\"@id\":\"https:\/\/infoecos.com.ar\/#\/schema\/logo\/image\/\",\"url\":\"https:\/\/infoecos.com.ar\/wp-content\/uploads\/2024\/03\/cropped-logo.png\",\"contentUrl\":\"https:\/\/infoecos.com.ar\/wp-content\/uploads\/2024\/03\/cropped-logo.png\",\"width\":374,\"height\":90,\"caption\":\"Infoecos\"},\"image\":{\"@id\":\"https:\/\/infoecos.com.ar\/#\/schema\/logo\/image\/\"},\"sameAs\":[\"https:\/\/www.facebook.com\/profile.php?id=100063200290284\",\"https:\/\/x.com\/infoecos\"]},{\"@type\":\"Person\",\"@id\":\"https:\/\/infoecos.com.ar\/#\/schema\/person\/8f5ace5ce73b4b4aac4b7245aee6f191\",\"name\":\"Jorge Matheus\",\"url\":\"https:\/\/infoecos.com.ar\/index.php\/author\/jomatheus\/\"}]}<\/script>\n<!-- \/ Yoast SEO plugin. -->","yoast_head_json":{"title":"Kicillof pide autoricen aumentos que van del 140 al 300 % para impuestos provinciales - Infoecos","robots":{"index":"index","follow":"follow","max-snippet":"max-snippet:-1","max-image-preview":"max-image-preview:large","max-video-preview":"max-video-preview:-1"},"canonical":"https:\/\/infoecos.com.ar\/index.php\/kicillof-pide-autoricen-aumentos-que-van-del-140-al-300-para-impuestos-provinciales\/","og_locale":"es_ES","og_type":"article","og_title":"Kicillof pide autoricen aumentos que van del 140 al 300 % para impuestos provinciales - Infoecos","og_description":"Las propuestas se espera sean aprobadas, durante las sesiones convocadas para el jueves 28","og_url":"https:\/\/infoecos.com.ar\/index.php\/kicillof-pide-autoricen-aumentos-que-van-del-140-al-300-para-impuestos-provinciales\/","og_site_name":"Infoecos","article_publisher":"https:\/\/www.facebook.com\/profile.php?id=100063200290284","article_published_time":"2023-12-26T12:29:07+00:00","article_modified_time":"2023-12-26T14:52:25+00:00","og_image":[{"width":880,"height":493,"url":"https:\/\/infoecos.com.ar\/wp-content\/uploads\/20191226160245_senadores-bonaerenses.jpg","type":"image\/jpeg"}],"author":"Jorge Matheus","twitter_card":"summary_large_image","twitter_creator":"@infoecos","twitter_site":"@infoecos","twitter_misc":{"Escrito por":"Jorge Matheus","Tiempo de lectura":"1 minuto"},"schema":{"@context":"https:\/\/schema.org","@graph":[{"@type":"Article","@id":"https:\/\/infoecos.com.ar\/index.php\/kicillof-pide-autoricen-aumentos-que-van-del-140-al-300-para-impuestos-provinciales\/#article","isPartOf":{"@id":"https:\/\/infoecos.com.ar\/index.php\/kicillof-pide-autoricen-aumentos-que-van-del-140-al-300-para-impuestos-provinciales\/"},"author":{"name":"Jorge Matheus","@id":"https:\/\/infoecos.com.ar\/#\/schema\/person\/8f5ace5ce73b4b4aac4b7245aee6f191"},"headline":"Kicillof pide autoricen aumentos que van del 140 al 300 % para impuestos provinciales","datePublished":"2023-12-26T12:29:07+00:00","dateModified":"2023-12-26T14:52:25+00:00","mainEntityOfPage":{"@id":"https:\/\/infoecos.com.ar\/index.php\/kicillof-pide-autoricen-aumentos-que-van-del-140-al-300-para-impuestos-provinciales\/"},"wordCount":167,"publisher":{"@id":"https:\/\/infoecos.com.ar\/#organization"},"image":{"@id":"https:\/\/infoecos.com.ar\/index.php\/kicillof-pide-autoricen-aumentos-que-van-del-140-al-300-para-impuestos-provinciales\/#primaryimage"},"thumbnailUrl":"","keywords":["econom\u00eda bonaerense"],"articleSection":["Noticia Secundaria"],"inLanguage":"es"},{"@type":"WebPage","@id":"https:\/\/infoecos.com.ar\/index.php\/kicillof-pide-autoricen-aumentos-que-van-del-140-al-300-para-impuestos-provinciales\/","url":"https:\/\/infoecos.com.ar\/index.php\/kicillof-pide-autoricen-aumentos-que-van-del-140-al-300-para-impuestos-provinciales\/","name":"Kicillof pide autoricen aumentos que van del 140 al 300 % para impuestos provinciales - Infoecos","isPartOf":{"@id":"https:\/\/infoecos.com.ar\/#website"},"primaryImageOfPage":{"@id":"https:\/\/infoecos.com.ar\/index.php\/kicillof-pide-autoricen-aumentos-que-van-del-140-al-300-para-impuestos-provinciales\/#primaryimage"},"image":{"@id":"https:\/\/infoecos.com.ar\/index.php\/kicillof-pide-autoricen-aumentos-que-van-del-140-al-300-para-impuestos-provinciales\/#primaryimage"},"thumbnailUrl":"","datePublished":"2023-12-26T12:29:07+00:00","dateModified":"2023-12-26T14:52:25+00:00","breadcrumb":{"@id":"https:\/\/infoecos.com.ar\/index.php\/kicillof-pide-autoricen-aumentos-que-van-del-140-al-300-para-impuestos-provinciales\/#breadcrumb"},"inLanguage":"es","potentialAction":[{"@type":"ReadAction","target":["https:\/\/infoecos.com.ar\/index.php\/kicillof-pide-autoricen-aumentos-que-van-del-140-al-300-para-impuestos-provinciales\/"]}]},{"@type":"ImageObject","inLanguage":"es","@id":"https:\/\/infoecos.com.ar\/index.php\/kicillof-pide-autoricen-aumentos-que-van-del-140-al-300-para-impuestos-provinciales\/#primaryimage","url":"","contentUrl":""},{"@type":"BreadcrumbList","@id":"https:\/\/infoecos.com.ar\/index.php\/kicillof-pide-autoricen-aumentos-que-van-del-140-al-300-para-impuestos-provinciales\/#breadcrumb","itemListElement":[{"@type":"ListItem","position":1,"name":"Portada","item":"https:\/\/infoecos.com.ar\/"},{"@type":"ListItem","position":2,"name":"Kicillof pide autoricen aumentos que van del 140 al 300 % para impuestos provinciales"}]},{"@type":"WebSite","@id":"https:\/\/infoecos.com.ar\/#website","url":"https:\/\/infoecos.com.ar\/","name":"Infoecos","description":"Noticias de trenque lauquen y la zona","publisher":{"@id":"https:\/\/infoecos.com.ar\/#organization"},"alternateName":"Noticias","potentialAction":[{"@type":"SearchAction","target":{"@type":"EntryPoint","urlTemplate":"https:\/\/infoecos.com.ar\/?s={search_term_string}"},"query-input":{"@type":"PropertyValueSpecification","valueRequired":true,"valueName":"search_term_string"}}],"inLanguage":"es"},{"@type":"Organization","@id":"https:\/\/infoecos.com.ar\/#organization","name":"Infoecos","alternateName":"Noticias","url":"https:\/\/infoecos.com.ar\/","logo":{"@type":"ImageObject","inLanguage":"es","@id":"https:\/\/infoecos.com.ar\/#\/schema\/logo\/image\/","url":"https:\/\/infoecos.com.ar\/wp-content\/uploads\/2024\/03\/cropped-logo.png","contentUrl":"https:\/\/infoecos.com.ar\/wp-content\/uploads\/2024\/03\/cropped-logo.png","width":374,"height":90,"caption":"Infoecos"},"image":{"@id":"https:\/\/infoecos.com.ar\/#\/schema\/logo\/image\/"},"sameAs":["https:\/\/www.facebook.com\/profile.php?id=100063200290284","https:\/\/x.com\/infoecos"]},{"@type":"Person","@id":"https:\/\/infoecos.com.ar\/#\/schema\/person\/8f5ace5ce73b4b4aac4b7245aee6f191","name":"Jorge Matheus","url":"https:\/\/infoecos.com.ar\/index.php\/author\/jomatheus\/"}]}},"featured_image_urls":{"full":"","thumbnail":"","medium":"","medium_large":"","large":"","1536x1536":"","2048x2048":"","covernews-slider-full":"","covernews-slider-center":"","covernews-featured":"","covernews-medium":"","covernews-medium-square":""},"author_info":{"info":["Jorge Matheus"]},"category_info":"<a href=\"https:\/\/infoecos.com.ar\/index.php\/category\/noticia-secundaria\/\" rel=\"category tag\">Noticia Secundaria<\/a>","tag_info":"Noticia Secundaria","comment_count":"0","_links":{"self":[{"href":"https:\/\/infoecos.com.ar\/index.php\/wp-json\/wp\/v2\/posts\/116798"}],"collection":[{"href":"https:\/\/infoecos.com.ar\/index.php\/wp-json\/wp\/v2\/posts"}],"about":[{"href":"https:\/\/infoecos.com.ar\/index.php\/wp-json\/wp\/v2\/types\/post"}],"author":[{"embeddable":true,"href":"https:\/\/infoecos.com.ar\/index.php\/wp-json\/wp\/v2\/users\/2"}],"replies":[{"embeddable":true,"href":"https:\/\/infoecos.com.ar\/index.php\/wp-json\/wp\/v2\/comments?post=116798"}],"version-history":[{"count":2,"href":"https:\/\/infoecos.com.ar\/index.php\/wp-json\/wp\/v2\/posts\/116798\/revisions"}],"predecessor-version":[{"id":116816,"href":"https:\/\/infoecos.com.ar\/index.php\/wp-json\/wp\/v2\/posts\/116798\/revisions\/116816"}],"wp:featuredmedia":[{"embeddable":true,"href":"https:\/\/infoecos.com.ar\/index.php\/wp-json\/"}],"wp:attachment":[{"href":"https:\/\/infoecos.com.ar\/index.php\/wp-json\/wp\/v2\/media?parent=116798"}],"wp:term":[{"taxonomy":"category","embeddable":true,"href":"https:\/\/infoecos.com.ar\/index.php\/wp-json\/wp\/v2\/categories?post=116798"},{"taxonomy":"post_tag","embeddable":true,"href":"https:\/\/infoecos.com.ar\/index.php\/wp-json\/wp\/v2\/tags?post=116798"}],"curies":[{"name":"wp","href":"https:\/\/api.w.org\/{rel}","templated":true}]}}