{"id":116820,"date":"2023-12-27T07:24:25","date_gmt":"2023-12-27T10:24:25","guid":{"rendered":"https:\/\/infoecos.com.ar\/?p=116820"},"modified":"2023-12-27T07:24:26","modified_gmt":"2023-12-27T10:24:26","slug":"otra-vez-estimacion-de-lluvia-para-esta-tarde-y-noche","status":"publish","type":"post","link":"https:\/\/infoecos.com.ar\/index.php\/otra-vez-estimacion-de-lluvia-para-esta-tarde-y-noche\/","title":{"rendered":"Otra vez: estimaci\u00f3n de lluvia para esta tarde y noche"},"content":{"rendered":"\n<p>El Servicio Meteorol\u00f3gico en la \u00faltima actualizaci\u00f3n estima un porcentual entre 40% y 70%. La lluvia podr\u00eda estar acompa\u00f1ada por descargas el\u00e9ctricas. Las r\u00e1fagas de viento podr\u00edan ser intensas, con velocidad de hasta casi 60 km\/h. <\/p>\n\n\n\n<figure class=\"wp-block-image aligncenter size-full\"><img loading=\"lazy\" decoding=\"async\" width=\"440\" height=\"194\" src=\"https:\/\/infoecos.com.ar\/wp-content\/uploads\/2023\/12\/image-173.png\" alt=\"\" class=\"wp-image-116821\"\/><\/figure>\n\n\n\n<p><\/p>\n","protected":false},"excerpt":{"rendered":"<p>La temperatura m\u00e1xima se estima en 31\u00b0. R\u00e1fagas de viento que podr\u00edan llegar a los 60 km\/h<\/p>\n","protected":false},"author":2,"featured_media":100277,"comment_status":"closed","ping_status":"open","sticky":false,"template":"","format":"standard","meta":{"footnotes":""},"categories":[1613],"tags":[7054],"class_list":["post-116820","post","type-post","status-publish","format-standard","has-post-thumbnail","hentry","category-noticia-secundaria","tag-clima-t-lauquen-2"],"yoast_head":"<!-- This site is optimized with the Yoast SEO plugin v23.4 - https:\/\/yoast.com\/wordpress\/plugins\/seo\/ -->\n<title>Otra vez: estimaci\u00f3n de lluvia para esta tarde y noche - Infoecos<\/title>\n<meta name=\"robots\" content=\"index, follow, max-snippet:-1, max-image-preview:large, max-video-preview:-1\" \/>\n<link rel=\"canonical\" href=\"https:\/\/infoecos.com.ar\/index.php\/otra-vez-estimacion-de-lluvia-para-esta-tarde-y-noche\/\" \/>\n<meta property=\"og:locale\" content=\"es_ES\" \/>\n<meta property=\"og:type\" content=\"article\" \/>\n<meta property=\"og:title\" content=\"Otra vez: estimaci\u00f3n de lluvia para esta tarde y noche - Infoecos\" \/>\n<meta property=\"og:description\" content=\"La temperatura m\u00e1xima se estima en 31\u00b0. R\u00e1fagas de viento que podr\u00edan llegar a los 60 km\/h\" \/>\n<meta property=\"og:url\" content=\"https:\/\/infoecos.com.ar\/index.php\/otra-vez-estimacion-de-lluvia-para-esta-tarde-y-noche\/\" \/>\n<meta property=\"og:site_name\" content=\"Infoecos\" \/>\n<meta property=\"article:publisher\" content=\"https:\/\/www.facebook.com\/profile.php?id=100063200290284\" \/>\n<meta property=\"article:published_time\" content=\"2023-12-27T10:24:25+00:00\" \/>\n<meta property=\"article:modified_time\" content=\"2023-12-27T10:24:26+00:00\" \/>\n<meta property=\"og:image\" content=\"https:\/\/infoecos.com.ar\/wp-content\/uploads\/2023\/01\/89.png\" \/>\n\t<meta property=\"og:image:width\" content=\"257\" \/>\n\t<meta property=\"og:image:height\" content=\"256\" \/>\n\t<meta property=\"og:image:type\" content=\"image\/png\" \/>\n<meta name=\"author\" content=\"Jorge Matheus\" \/>\n<meta name=\"twitter:card\" content=\"summary_large_image\" \/>\n<meta name=\"twitter:creator\" content=\"@infoecos\" \/>\n<meta name=\"twitter:site\" content=\"@infoecos\" \/>\n<meta name=\"twitter:label1\" content=\"Escrito por\" \/>\n\t<meta name=\"twitter:data1\" content=\"Jorge Matheus\" \/>\n\t<meta name=\"twitter:label2\" content=\"Tiempo de lectura\" \/>\n\t<meta name=\"twitter:data2\" content=\"1 minuto\" \/>\n<script type=\"application\/ld+json\" class=\"yoast-schema-graph\">{\"@context\":\"https:\/\/schema.org\",\"@graph\":[{\"@type\":\"Article\",\"@id\":\"https:\/\/infoecos.com.ar\/index.php\/otra-vez-estimacion-de-lluvia-para-esta-tarde-y-noche\/#article\",\"isPartOf\":{\"@id\":\"https:\/\/infoecos.com.ar\/index.php\/otra-vez-estimacion-de-lluvia-para-esta-tarde-y-noche\/\"},\"author\":{\"name\":\"Jorge Matheus\",\"@id\":\"https:\/\/infoecos.com.ar\/#\/schema\/person\/8f5ace5ce73b4b4aac4b7245aee6f191\"},\"headline\":\"Otra vez: estimaci\u00f3n de lluvia para esta tarde y noche\",\"datePublished\":\"2023-12-27T10:24:25+00:00\",\"dateModified\":\"2023-12-27T10:24:26+00:00\",\"mainEntityOfPage\":{\"@id\":\"https:\/\/infoecos.com.ar\/index.php\/otra-vez-estimacion-de-lluvia-para-esta-tarde-y-noche\/\"},\"wordCount\":52,\"publisher\":{\"@id\":\"https:\/\/infoecos.com.ar\/#organization\"},\"image\":{\"@id\":\"https:\/\/infoecos.com.ar\/index.php\/otra-vez-estimacion-de-lluvia-para-esta-tarde-y-noche\/#primaryimage\"},\"thumbnailUrl\":\"https:\/\/infoecos.com.ar\/wp-content\/uploads\/2023\/01\/89.png\",\"keywords\":[\"CLIMA T.LAUQUEN\"],\"articleSection\":[\"Noticia Secundaria\"],\"inLanguage\":\"es\"},{\"@type\":\"WebPage\",\"@id\":\"https:\/\/infoecos.com.ar\/index.php\/otra-vez-estimacion-de-lluvia-para-esta-tarde-y-noche\/\",\"url\":\"https:\/\/infoecos.com.ar\/index.php\/otra-vez-estimacion-de-lluvia-para-esta-tarde-y-noche\/\",\"name\":\"Otra vez: estimaci\u00f3n de lluvia para esta tarde y noche - Infoecos\",\"isPartOf\":{\"@id\":\"https:\/\/infoecos.com.ar\/#website\"},\"primaryImageOfPage\":{\"@id\":\"https:\/\/infoecos.com.ar\/index.php\/otra-vez-estimacion-de-lluvia-para-esta-tarde-y-noche\/#primaryimage\"},\"image\":{\"@id\":\"https:\/\/infoecos.com.ar\/index.php\/otra-vez-estimacion-de-lluvia-para-esta-tarde-y-noche\/#primaryimage\"},\"thumbnailUrl\":\"https:\/\/infoecos.com.ar\/wp-content\/uploads\/2023\/01\/89.png\",\"datePublished\":\"2023-12-27T10:24:25+00:00\",\"dateModified\":\"2023-12-27T10:24:26+00:00\",\"breadcrumb\":{\"@id\":\"https:\/\/infoecos.com.ar\/index.php\/otra-vez-estimacion-de-lluvia-para-esta-tarde-y-noche\/#breadcrumb\"},\"inLanguage\":\"es\",\"potentialAction\":[{\"@type\":\"ReadAction\",\"target\":[\"https:\/\/infoecos.com.ar\/index.php\/otra-vez-estimacion-de-lluvia-para-esta-tarde-y-noche\/\"]}]},{\"@type\":\"ImageObject\",\"inLanguage\":\"es\",\"@id\":\"https:\/\/infoecos.com.ar\/index.php\/otra-vez-estimacion-de-lluvia-para-esta-tarde-y-noche\/#primaryimage\",\"url\":\"https:\/\/infoecos.com.ar\/wp-content\/uploads\/2023\/01\/89.png\",\"contentUrl\":\"https:\/\/infoecos.com.ar\/wp-content\/uploads\/2023\/01\/89.png\",\"width\":257,\"height\":256},{\"@type\":\"BreadcrumbList\",\"@id\":\"https:\/\/infoecos.com.ar\/index.php\/otra-vez-estimacion-de-lluvia-para-esta-tarde-y-noche\/#breadcrumb\",\"itemListElement\":[{\"@type\":\"ListItem\",\"position\":1,\"name\":\"Portada\",\"item\":\"https:\/\/infoecos.com.ar\/\"},{\"@type\":\"ListItem\",\"position\":2,\"name\":\"Otra vez: estimaci\u00f3n de lluvia para esta tarde y noche\"}]},{\"@type\":\"WebSite\",\"@id\":\"https:\/\/infoecos.com.ar\/#website\",\"url\":\"https:\/\/infoecos.com.ar\/\",\"name\":\"Infoecos\",\"description\":\"Noticias de trenque lauquen y la zona\",\"publisher\":{\"@id\":\"https:\/\/infoecos.com.ar\/#organization\"},\"alternateName\":\"Noticias\",\"potentialAction\":[{\"@type\":\"SearchAction\",\"target\":{\"@type\":\"EntryPoint\",\"urlTemplate\":\"https:\/\/infoecos.com.ar\/?s={search_term_string}\"},\"query-input\":{\"@type\":\"PropertyValueSpecification\",\"valueRequired\":true,\"valueName\":\"search_term_string\"}}],\"inLanguage\":\"es\"},{\"@type\":\"Organization\",\"@id\":\"https:\/\/infoecos.com.ar\/#organization\",\"name\":\"Infoecos\",\"alternateName\":\"Noticias\",\"url\":\"https:\/\/infoecos.com.ar\/\",\"logo\":{\"@type\":\"ImageObject\",\"inLanguage\":\"es\",\"@id\":\"https:\/\/infoecos.com.ar\/#\/schema\/logo\/image\/\",\"url\":\"https:\/\/infoecos.com.ar\/wp-content\/uploads\/2024\/03\/cropped-logo.png\",\"contentUrl\":\"https:\/\/infoecos.com.ar\/wp-content\/uploads\/2024\/03\/cropped-logo.png\",\"width\":374,\"height\":90,\"caption\":\"Infoecos\"},\"image\":{\"@id\":\"https:\/\/infoecos.com.ar\/#\/schema\/logo\/image\/\"},\"sameAs\":[\"https:\/\/www.facebook.com\/profile.php?id=100063200290284\",\"https:\/\/x.com\/infoecos\"]},{\"@type\":\"Person\",\"@id\":\"https:\/\/infoecos.com.ar\/#\/schema\/person\/8f5ace5ce73b4b4aac4b7245aee6f191\",\"name\":\"Jorge Matheus\",\"url\":\"https:\/\/infoecos.com.ar\/index.php\/author\/jomatheus\/\"}]}<\/script>\n<!-- \/ Yoast SEO plugin. -->","yoast_head_json":{"title":"Otra vez: estimaci\u00f3n de lluvia para esta tarde y noche - Infoecos","robots":{"index":"index","follow":"follow","max-snippet":"max-snippet:-1","max-image-preview":"max-image-preview:large","max-video-preview":"max-video-preview:-1"},"canonical":"https:\/\/infoecos.com.ar\/index.php\/otra-vez-estimacion-de-lluvia-para-esta-tarde-y-noche\/","og_locale":"es_ES","og_type":"article","og_title":"Otra vez: estimaci\u00f3n de lluvia para esta tarde y noche - Infoecos","og_description":"La temperatura m\u00e1xima se estima en 31\u00b0. R\u00e1fagas de viento que podr\u00edan llegar a los 60 km\/h","og_url":"https:\/\/infoecos.com.ar\/index.php\/otra-vez-estimacion-de-lluvia-para-esta-tarde-y-noche\/","og_site_name":"Infoecos","article_publisher":"https:\/\/www.facebook.com\/profile.php?id=100063200290284","article_published_time":"2023-12-27T10:24:25+00:00","article_modified_time":"2023-12-27T10:24:26+00:00","og_image":[{"width":257,"height":256,"url":"https:\/\/infoecos.com.ar\/wp-content\/uploads\/2023\/01\/89.png","type":"image\/png"}],"author":"Jorge Matheus","twitter_card":"summary_large_image","twitter_creator":"@infoecos","twitter_site":"@infoecos","twitter_misc":{"Escrito por":"Jorge Matheus","Tiempo de lectura":"1 minuto"},"schema":{"@context":"https:\/\/schema.org","@graph":[{"@type":"Article","@id":"https:\/\/infoecos.com.ar\/index.php\/otra-vez-estimacion-de-lluvia-para-esta-tarde-y-noche\/#article","isPartOf":{"@id":"https:\/\/infoecos.com.ar\/index.php\/otra-vez-estimacion-de-lluvia-para-esta-tarde-y-noche\/"},"author":{"name":"Jorge Matheus","@id":"https:\/\/infoecos.com.ar\/#\/schema\/person\/8f5ace5ce73b4b4aac4b7245aee6f191"},"headline":"Otra vez: estimaci\u00f3n de lluvia para esta tarde y noche","datePublished":"2023-12-27T10:24:25+00:00","dateModified":"2023-12-27T10:24:26+00:00","mainEntityOfPage":{"@id":"https:\/\/infoecos.com.ar\/index.php\/otra-vez-estimacion-de-lluvia-para-esta-tarde-y-noche\/"},"wordCount":52,"publisher":{"@id":"https:\/\/infoecos.com.ar\/#organization"},"image":{"@id":"https:\/\/infoecos.com.ar\/index.php\/otra-vez-estimacion-de-lluvia-para-esta-tarde-y-noche\/#primaryimage"},"thumbnailUrl":"https:\/\/infoecos.com.ar\/wp-content\/uploads\/2023\/01\/89.png","keywords":["CLIMA T.LAUQUEN"],"articleSection":["Noticia Secundaria"],"inLanguage":"es"},{"@type":"WebPage","@id":"https:\/\/infoecos.com.ar\/index.php\/otra-vez-estimacion-de-lluvia-para-esta-tarde-y-noche\/","url":"https:\/\/infoecos.com.ar\/index.php\/otra-vez-estimacion-de-lluvia-para-esta-tarde-y-noche\/","name":"Otra vez: estimaci\u00f3n de lluvia para esta tarde y noche - Infoecos","isPartOf":{"@id":"https:\/\/infoecos.com.ar\/#website"},"primaryImageOfPage":{"@id":"https:\/\/infoecos.com.ar\/index.php\/otra-vez-estimacion-de-lluvia-para-esta-tarde-y-noche\/#primaryimage"},"image":{"@id":"https:\/\/infoecos.com.ar\/index.php\/otra-vez-estimacion-de-lluvia-para-esta-tarde-y-noche\/#primaryimage"},"thumbnailUrl":"https:\/\/infoecos.com.ar\/wp-content\/uploads\/2023\/01\/89.png","datePublished":"2023-12-27T10:24:25+00:00","dateModified":"2023-12-27T10:24:26+00:00","breadcrumb":{"@id":"https:\/\/infoecos.com.ar\/index.php\/otra-vez-estimacion-de-lluvia-para-esta-tarde-y-noche\/#breadcrumb"},"inLanguage":"es","potentialAction":[{"@type":"ReadAction","target":["https:\/\/infoecos.com.ar\/index.php\/otra-vez-estimacion-de-lluvia-para-esta-tarde-y-noche\/"]}]},{"@type":"ImageObject","inLanguage":"es","@id":"https:\/\/infoecos.com.ar\/index.php\/otra-vez-estimacion-de-lluvia-para-esta-tarde-y-noche\/#primaryimage","url":"https:\/\/infoecos.com.ar\/wp-content\/uploads\/2023\/01\/89.png","contentUrl":"https:\/\/infoecos.com.ar\/wp-content\/uploads\/2023\/01\/89.png","width":257,"height":256},{"@type":"BreadcrumbList","@id":"https:\/\/infoecos.com.ar\/index.php\/otra-vez-estimacion-de-lluvia-para-esta-tarde-y-noche\/#breadcrumb","itemListElement":[{"@type":"ListItem","position":1,"name":"Portada","item":"https:\/\/infoecos.com.ar\/"},{"@type":"ListItem","position":2,"name":"Otra vez: estimaci\u00f3n de lluvia para esta tarde y noche"}]},{"@type":"WebSite","@id":"https:\/\/infoecos.com.ar\/#website","url":"https:\/\/infoecos.com.ar\/","name":"Infoecos","description":"Noticias de trenque lauquen y la zona","publisher":{"@id":"https:\/\/infoecos.com.ar\/#organization"},"alternateName":"Noticias","potentialAction":[{"@type":"SearchAction","target":{"@type":"EntryPoint","urlTemplate":"https:\/\/infoecos.com.ar\/?s={search_term_string}"},"query-input":{"@type":"PropertyValueSpecification","valueRequired":true,"valueName":"search_term_string"}}],"inLanguage":"es"},{"@type":"Organization","@id":"https:\/\/infoecos.com.ar\/#organization","name":"Infoecos","alternateName":"Noticias","url":"https:\/\/infoecos.com.ar\/","logo":{"@type":"ImageObject","inLanguage":"es","@id":"https:\/\/infoecos.com.ar\/#\/schema\/logo\/image\/","url":"https:\/\/infoecos.com.ar\/wp-content\/uploads\/2024\/03\/cropped-logo.png","contentUrl":"https:\/\/infoecos.com.ar\/wp-content\/uploads\/2024\/03\/cropped-logo.png","width":374,"height":90,"caption":"Infoecos"},"image":{"@id":"https:\/\/infoecos.com.ar\/#\/schema\/logo\/image\/"},"sameAs":["https:\/\/www.facebook.com\/profile.php?id=100063200290284","https:\/\/x.com\/infoecos"]},{"@type":"Person","@id":"https:\/\/infoecos.com.ar\/#\/schema\/person\/8f5ace5ce73b4b4aac4b7245aee6f191","name":"Jorge Matheus","url":"https:\/\/infoecos.com.ar\/index.php\/author\/jomatheus\/"}]}},"featured_image_urls":{"full":["https:\/\/infoecos.com.ar\/wp-content\/uploads\/2023\/01\/89.png",257,256,false],"thumbnail":["https:\/\/infoecos.com.ar\/wp-content\/uploads\/2023\/01\/89-257x150.png",257,150,true],"medium":["https:\/\/infoecos.com.ar\/wp-content\/uploads\/2023\/01\/89.png",257,256,false],"medium_large":["https:\/\/infoecos.com.ar\/wp-content\/uploads\/2023\/01\/89.png",257,256,false],"large":["https:\/\/infoecos.com.ar\/wp-content\/uploads\/2023\/01\/89.png",257,256,false],"1536x1536":["https:\/\/infoecos.com.ar\/wp-content\/uploads\/2023\/01\/89.png",257,256,false],"2048x2048":["https:\/\/infoecos.com.ar\/wp-content\/uploads\/2023\/01\/89.png",257,256,false],"covernews-slider-full":["https:\/\/infoecos.com.ar\/wp-content\/uploads\/2023\/01\/89.png",257,256,false],"covernews-slider-center":["https:\/\/infoecos.com.ar\/wp-content\/uploads\/2023\/01\/89.png",257,256,false],"covernews-featured":["https:\/\/infoecos.com.ar\/wp-content\/uploads\/2023\/01\/89.png",257,256,false],"covernews-medium":["https:\/\/infoecos.com.ar\/wp-content\/uploads\/2023\/01\/89.png",257,256,false],"covernews-medium-square":["https:\/\/infoecos.com.ar\/wp-content\/uploads\/2023\/01\/89.png",251,250,false]},"author_info":{"info":["Jorge Matheus"]},"category_info":"<a href=\"https:\/\/infoecos.com.ar\/index.php\/category\/noticia-secundaria\/\" rel=\"category tag\">Noticia Secundaria<\/a>","tag_info":"Noticia Secundaria","comment_count":"0","_links":{"self":[{"href":"https:\/\/infoecos.com.ar\/index.php\/wp-json\/wp\/v2\/posts\/116820"}],"collection":[{"href":"https:\/\/infoecos.com.ar\/index.php\/wp-json\/wp\/v2\/posts"}],"about":[{"href":"https:\/\/infoecos.com.ar\/index.php\/wp-json\/wp\/v2\/types\/post"}],"author":[{"embeddable":true,"href":"https:\/\/infoecos.com.ar\/index.php\/wp-json\/wp\/v2\/users\/2"}],"replies":[{"embeddable":true,"href":"https:\/\/infoecos.com.ar\/index.php\/wp-json\/wp\/v2\/comments?post=116820"}],"version-history":[{"count":1,"href":"https:\/\/infoecos.com.ar\/index.php\/wp-json\/wp\/v2\/posts\/116820\/revisions"}],"predecessor-version":[{"id":116822,"href":"https:\/\/infoecos.com.ar\/index.php\/wp-json\/wp\/v2\/posts\/116820\/revisions\/116822"}],"wp:featuredmedia":[{"embeddable":true,"href":"https:\/\/infoecos.com.ar\/index.php\/wp-json\/wp\/v2\/media\/100277"}],"wp:attachment":[{"href":"https:\/\/infoecos.com.ar\/index.php\/wp-json\/wp\/v2\/media?parent=116820"}],"wp:term":[{"taxonomy":"category","embeddable":true,"href":"https:\/\/infoecos.com.ar\/index.php\/wp-json\/wp\/v2\/categories?post=116820"},{"taxonomy":"post_tag","embeddable":true,"href":"https:\/\/infoecos.com.ar\/index.php\/wp-json\/wp\/v2\/tags?post=116820"}],"curies":[{"name":"wp","href":"https:\/\/api.w.org\/{rel}","templated":true}]}}