{"id":116823,"date":"2023-12-27T07:38:35","date_gmt":"2023-12-27T10:38:35","guid":{"rendered":"https:\/\/infoecos.com.ar\/?p=116823"},"modified":"2023-12-27T07:38:36","modified_gmt":"2023-12-27T10:38:36","slug":"detuvieron-ayer-a-un-hombre-de-trenque-lauquen-acusado-de-abuso-sexual-agravado","status":"publish","type":"post","link":"https:\/\/infoecos.com.ar\/index.php\/detuvieron-ayer-a-un-hombre-de-trenque-lauquen-acusado-de-abuso-sexual-agravado\/","title":{"rendered":"Detuvieron ayer a un hombre de Trenque Lauquen acusado de abuso sexual agravado"},"content":{"rendered":"\n<figure class=\"wp-block-image alignright size-full is-resized\"><img loading=\"lazy\" decoding=\"async\" src=\"https:\/\/infoecos.com.ar\/wp-content\/uploads\/comisaria1-e1502936609992.jpg\" alt=\"\" class=\"wp-image-20630\" width=\"360\" height=\"270\"\/><figcaption class=\"wp-element-caption\">Comisar\u00eda Trenque Lauquen<\/figcaption><\/figure>\n\n\n\n<p>El Tribunal Oral Criminal del Departamento Judicial de Trenque Lauquen orden\u00f3 la detenci\u00f3n de Hugo Coronel, acusado del delito de abuso sexual agravado. <\/p>\n\n\n\n<p>La detenci\u00f3n de Coronel, de 72 a\u00f1os de edad, fue realizada ayer.<\/p>\n\n\n\n<p>Coronel fue trasladado a la Comisar\u00eda Primera de Trenque Lauquen. <\/p>\n\n\n\n<p>Su caso se conoci\u00f3 p\u00fablicamente por el testimonio de su nuera en una marcha para solicitar justicia, y por el video de un comerciante que no lo atendi\u00f3 en su local haci\u00e9ndole saber a voz en cuello las razones de su decisi\u00f3n.<\/p>\n\n\n\n<p><\/p>\n","protected":false},"excerpt":{"rendered":"<p>Orden\u00f3 la detenci\u00f3n el Tribunal Oral Criminal del Departamento Judicial de Trenque Lauquen<\/p>\n","protected":false},"author":2,"featured_media":47262,"comment_status":"closed","ping_status":"open","sticky":false,"template":"","format":"standard","meta":{"footnotes":""},"categories":[1613],"tags":[322],"class_list":["post-116823","post","type-post","status-publish","format-standard","has-post-thumbnail","hentry","category-noticia-secundaria","tag-justicia"],"yoast_head":"<!-- This site is optimized with the Yoast SEO plugin v23.4 - https:\/\/yoast.com\/wordpress\/plugins\/seo\/ -->\n<title>Detuvieron ayer a un hombre de Trenque Lauquen acusado de abuso sexual agravado - Infoecos<\/title>\n<meta name=\"robots\" content=\"index, follow, max-snippet:-1, max-image-preview:large, max-video-preview:-1\" \/>\n<link rel=\"canonical\" href=\"https:\/\/infoecos.com.ar\/index.php\/detuvieron-ayer-a-un-hombre-de-trenque-lauquen-acusado-de-abuso-sexual-agravado\/\" \/>\n<meta property=\"og:locale\" content=\"es_ES\" \/>\n<meta property=\"og:type\" content=\"article\" \/>\n<meta property=\"og:title\" content=\"Detuvieron ayer a un hombre de Trenque Lauquen acusado de abuso sexual agravado - Infoecos\" \/>\n<meta property=\"og:description\" content=\"Orden\u00f3 la detenci\u00f3n el Tribunal Oral Criminal del Departamento Judicial de Trenque Lauquen\" \/>\n<meta property=\"og:url\" content=\"https:\/\/infoecos.com.ar\/index.php\/detuvieron-ayer-a-un-hombre-de-trenque-lauquen-acusado-de-abuso-sexual-agravado\/\" \/>\n<meta property=\"og:site_name\" content=\"Infoecos\" \/>\n<meta property=\"article:publisher\" content=\"https:\/\/www.facebook.com\/profile.php?id=100063200290284\" \/>\n<meta property=\"article:published_time\" content=\"2023-12-27T10:38:35+00:00\" \/>\n<meta property=\"article:modified_time\" content=\"2023-12-27T10:38:36+00:00\" \/>\n<meta property=\"og:image\" content=\"https:\/\/infoecos.com.ar\/wp-content\/uploads\/multimedia.normal.9dc5333257d27102.636f6d6973617269615f6e6f726d616c2e4a5047.jpg\" \/>\n\t<meta property=\"og:image:width\" content=\"640\" \/>\n\t<meta property=\"og:image:height\" content=\"480\" \/>\n\t<meta property=\"og:image:type\" content=\"image\/jpeg\" \/>\n<meta name=\"author\" content=\"Jorge Matheus\" \/>\n<meta name=\"twitter:card\" content=\"summary_large_image\" \/>\n<meta name=\"twitter:creator\" content=\"@infoecos\" \/>\n<meta name=\"twitter:site\" content=\"@infoecos\" \/>\n<meta name=\"twitter:label1\" content=\"Escrito por\" \/>\n\t<meta name=\"twitter:data1\" content=\"Jorge Matheus\" \/>\n\t<meta name=\"twitter:label2\" content=\"Tiempo de lectura\" \/>\n\t<meta name=\"twitter:data2\" content=\"1 minuto\" \/>\n<script type=\"application\/ld+json\" class=\"yoast-schema-graph\">{\"@context\":\"https:\/\/schema.org\",\"@graph\":[{\"@type\":\"Article\",\"@id\":\"https:\/\/infoecos.com.ar\/index.php\/detuvieron-ayer-a-un-hombre-de-trenque-lauquen-acusado-de-abuso-sexual-agravado\/#article\",\"isPartOf\":{\"@id\":\"https:\/\/infoecos.com.ar\/index.php\/detuvieron-ayer-a-un-hombre-de-trenque-lauquen-acusado-de-abuso-sexual-agravado\/\"},\"author\":{\"name\":\"Jorge Matheus\",\"@id\":\"https:\/\/infoecos.com.ar\/#\/schema\/person\/8f5ace5ce73b4b4aac4b7245aee6f191\"},\"headline\":\"Detuvieron ayer a un hombre de Trenque Lauquen acusado de abuso sexual agravado\",\"datePublished\":\"2023-12-27T10:38:35+00:00\",\"dateModified\":\"2023-12-27T10:38:36+00:00\",\"mainEntityOfPage\":{\"@id\":\"https:\/\/infoecos.com.ar\/index.php\/detuvieron-ayer-a-un-hombre-de-trenque-lauquen-acusado-de-abuso-sexual-agravado\/\"},\"wordCount\":110,\"publisher\":{\"@id\":\"https:\/\/infoecos.com.ar\/#organization\"},\"image\":{\"@id\":\"https:\/\/infoecos.com.ar\/index.php\/detuvieron-ayer-a-un-hombre-de-trenque-lauquen-acusado-de-abuso-sexual-agravado\/#primaryimage\"},\"thumbnailUrl\":\"\",\"keywords\":[\"JUSTICIA\"],\"articleSection\":[\"Noticia Secundaria\"],\"inLanguage\":\"es\"},{\"@type\":\"WebPage\",\"@id\":\"https:\/\/infoecos.com.ar\/index.php\/detuvieron-ayer-a-un-hombre-de-trenque-lauquen-acusado-de-abuso-sexual-agravado\/\",\"url\":\"https:\/\/infoecos.com.ar\/index.php\/detuvieron-ayer-a-un-hombre-de-trenque-lauquen-acusado-de-abuso-sexual-agravado\/\",\"name\":\"Detuvieron ayer a un hombre de Trenque Lauquen acusado de abuso sexual agravado - Infoecos\",\"isPartOf\":{\"@id\":\"https:\/\/infoecos.com.ar\/#website\"},\"primaryImageOfPage\":{\"@id\":\"https:\/\/infoecos.com.ar\/index.php\/detuvieron-ayer-a-un-hombre-de-trenque-lauquen-acusado-de-abuso-sexual-agravado\/#primaryimage\"},\"image\":{\"@id\":\"https:\/\/infoecos.com.ar\/index.php\/detuvieron-ayer-a-un-hombre-de-trenque-lauquen-acusado-de-abuso-sexual-agravado\/#primaryimage\"},\"thumbnailUrl\":\"\",\"datePublished\":\"2023-12-27T10:38:35+00:00\",\"dateModified\":\"2023-12-27T10:38:36+00:00\",\"breadcrumb\":{\"@id\":\"https:\/\/infoecos.com.ar\/index.php\/detuvieron-ayer-a-un-hombre-de-trenque-lauquen-acusado-de-abuso-sexual-agravado\/#breadcrumb\"},\"inLanguage\":\"es\",\"potentialAction\":[{\"@type\":\"ReadAction\",\"target\":[\"https:\/\/infoecos.com.ar\/index.php\/detuvieron-ayer-a-un-hombre-de-trenque-lauquen-acusado-de-abuso-sexual-agravado\/\"]}]},{\"@type\":\"ImageObject\",\"inLanguage\":\"es\",\"@id\":\"https:\/\/infoecos.com.ar\/index.php\/detuvieron-ayer-a-un-hombre-de-trenque-lauquen-acusado-de-abuso-sexual-agravado\/#primaryimage\",\"url\":\"\",\"contentUrl\":\"\"},{\"@type\":\"BreadcrumbList\",\"@id\":\"https:\/\/infoecos.com.ar\/index.php\/detuvieron-ayer-a-un-hombre-de-trenque-lauquen-acusado-de-abuso-sexual-agravado\/#breadcrumb\",\"itemListElement\":[{\"@type\":\"ListItem\",\"position\":1,\"name\":\"Portada\",\"item\":\"https:\/\/infoecos.com.ar\/\"},{\"@type\":\"ListItem\",\"position\":2,\"name\":\"Detuvieron ayer a un hombre de Trenque Lauquen acusado de abuso sexual agravado\"}]},{\"@type\":\"WebSite\",\"@id\":\"https:\/\/infoecos.com.ar\/#website\",\"url\":\"https:\/\/infoecos.com.ar\/\",\"name\":\"Infoecos\",\"description\":\"Noticias de trenque lauquen y la zona\",\"publisher\":{\"@id\":\"https:\/\/infoecos.com.ar\/#organization\"},\"alternateName\":\"Noticias\",\"potentialAction\":[{\"@type\":\"SearchAction\",\"target\":{\"@type\":\"EntryPoint\",\"urlTemplate\":\"https:\/\/infoecos.com.ar\/?s={search_term_string}\"},\"query-input\":{\"@type\":\"PropertyValueSpecification\",\"valueRequired\":true,\"valueName\":\"search_term_string\"}}],\"inLanguage\":\"es\"},{\"@type\":\"Organization\",\"@id\":\"https:\/\/infoecos.com.ar\/#organization\",\"name\":\"Infoecos\",\"alternateName\":\"Noticias\",\"url\":\"https:\/\/infoecos.com.ar\/\",\"logo\":{\"@type\":\"ImageObject\",\"inLanguage\":\"es\",\"@id\":\"https:\/\/infoecos.com.ar\/#\/schema\/logo\/image\/\",\"url\":\"https:\/\/infoecos.com.ar\/wp-content\/uploads\/2024\/03\/cropped-logo.png\",\"contentUrl\":\"https:\/\/infoecos.com.ar\/wp-content\/uploads\/2024\/03\/cropped-logo.png\",\"width\":374,\"height\":90,\"caption\":\"Infoecos\"},\"image\":{\"@id\":\"https:\/\/infoecos.com.ar\/#\/schema\/logo\/image\/\"},\"sameAs\":[\"https:\/\/www.facebook.com\/profile.php?id=100063200290284\",\"https:\/\/x.com\/infoecos\"]},{\"@type\":\"Person\",\"@id\":\"https:\/\/infoecos.com.ar\/#\/schema\/person\/8f5ace5ce73b4b4aac4b7245aee6f191\",\"name\":\"Jorge Matheus\",\"url\":\"https:\/\/infoecos.com.ar\/index.php\/author\/jomatheus\/\"}]}<\/script>\n<!-- \/ Yoast SEO plugin. -->","yoast_head_json":{"title":"Detuvieron ayer a un hombre de Trenque Lauquen acusado de abuso sexual agravado - Infoecos","robots":{"index":"index","follow":"follow","max-snippet":"max-snippet:-1","max-image-preview":"max-image-preview:large","max-video-preview":"max-video-preview:-1"},"canonical":"https:\/\/infoecos.com.ar\/index.php\/detuvieron-ayer-a-un-hombre-de-trenque-lauquen-acusado-de-abuso-sexual-agravado\/","og_locale":"es_ES","og_type":"article","og_title":"Detuvieron ayer a un hombre de Trenque Lauquen acusado de abuso sexual agravado - Infoecos","og_description":"Orden\u00f3 la detenci\u00f3n el Tribunal Oral Criminal del Departamento Judicial de Trenque Lauquen","og_url":"https:\/\/infoecos.com.ar\/index.php\/detuvieron-ayer-a-un-hombre-de-trenque-lauquen-acusado-de-abuso-sexual-agravado\/","og_site_name":"Infoecos","article_publisher":"https:\/\/www.facebook.com\/profile.php?id=100063200290284","article_published_time":"2023-12-27T10:38:35+00:00","article_modified_time":"2023-12-27T10:38:36+00:00","og_image":[{"width":640,"height":480,"url":"https:\/\/infoecos.com.ar\/wp-content\/uploads\/multimedia.normal.9dc5333257d27102.636f6d6973617269615f6e6f726d616c2e4a5047.jpg","type":"image\/jpeg"}],"author":"Jorge Matheus","twitter_card":"summary_large_image","twitter_creator":"@infoecos","twitter_site":"@infoecos","twitter_misc":{"Escrito por":"Jorge Matheus","Tiempo de lectura":"1 minuto"},"schema":{"@context":"https:\/\/schema.org","@graph":[{"@type":"Article","@id":"https:\/\/infoecos.com.ar\/index.php\/detuvieron-ayer-a-un-hombre-de-trenque-lauquen-acusado-de-abuso-sexual-agravado\/#article","isPartOf":{"@id":"https:\/\/infoecos.com.ar\/index.php\/detuvieron-ayer-a-un-hombre-de-trenque-lauquen-acusado-de-abuso-sexual-agravado\/"},"author":{"name":"Jorge Matheus","@id":"https:\/\/infoecos.com.ar\/#\/schema\/person\/8f5ace5ce73b4b4aac4b7245aee6f191"},"headline":"Detuvieron ayer a un hombre de Trenque Lauquen acusado de abuso sexual agravado","datePublished":"2023-12-27T10:38:35+00:00","dateModified":"2023-12-27T10:38:36+00:00","mainEntityOfPage":{"@id":"https:\/\/infoecos.com.ar\/index.php\/detuvieron-ayer-a-un-hombre-de-trenque-lauquen-acusado-de-abuso-sexual-agravado\/"},"wordCount":110,"publisher":{"@id":"https:\/\/infoecos.com.ar\/#organization"},"image":{"@id":"https:\/\/infoecos.com.ar\/index.php\/detuvieron-ayer-a-un-hombre-de-trenque-lauquen-acusado-de-abuso-sexual-agravado\/#primaryimage"},"thumbnailUrl":"","keywords":["JUSTICIA"],"articleSection":["Noticia Secundaria"],"inLanguage":"es"},{"@type":"WebPage","@id":"https:\/\/infoecos.com.ar\/index.php\/detuvieron-ayer-a-un-hombre-de-trenque-lauquen-acusado-de-abuso-sexual-agravado\/","url":"https:\/\/infoecos.com.ar\/index.php\/detuvieron-ayer-a-un-hombre-de-trenque-lauquen-acusado-de-abuso-sexual-agravado\/","name":"Detuvieron ayer a un hombre de Trenque Lauquen acusado de abuso sexual agravado - Infoecos","isPartOf":{"@id":"https:\/\/infoecos.com.ar\/#website"},"primaryImageOfPage":{"@id":"https:\/\/infoecos.com.ar\/index.php\/detuvieron-ayer-a-un-hombre-de-trenque-lauquen-acusado-de-abuso-sexual-agravado\/#primaryimage"},"image":{"@id":"https:\/\/infoecos.com.ar\/index.php\/detuvieron-ayer-a-un-hombre-de-trenque-lauquen-acusado-de-abuso-sexual-agravado\/#primaryimage"},"thumbnailUrl":"","datePublished":"2023-12-27T10:38:35+00:00","dateModified":"2023-12-27T10:38:36+00:00","breadcrumb":{"@id":"https:\/\/infoecos.com.ar\/index.php\/detuvieron-ayer-a-un-hombre-de-trenque-lauquen-acusado-de-abuso-sexual-agravado\/#breadcrumb"},"inLanguage":"es","potentialAction":[{"@type":"ReadAction","target":["https:\/\/infoecos.com.ar\/index.php\/detuvieron-ayer-a-un-hombre-de-trenque-lauquen-acusado-de-abuso-sexual-agravado\/"]}]},{"@type":"ImageObject","inLanguage":"es","@id":"https:\/\/infoecos.com.ar\/index.php\/detuvieron-ayer-a-un-hombre-de-trenque-lauquen-acusado-de-abuso-sexual-agravado\/#primaryimage","url":"","contentUrl":""},{"@type":"BreadcrumbList","@id":"https:\/\/infoecos.com.ar\/index.php\/detuvieron-ayer-a-un-hombre-de-trenque-lauquen-acusado-de-abuso-sexual-agravado\/#breadcrumb","itemListElement":[{"@type":"ListItem","position":1,"name":"Portada","item":"https:\/\/infoecos.com.ar\/"},{"@type":"ListItem","position":2,"name":"Detuvieron ayer a un hombre de Trenque Lauquen acusado de abuso sexual agravado"}]},{"@type":"WebSite","@id":"https:\/\/infoecos.com.ar\/#website","url":"https:\/\/infoecos.com.ar\/","name":"Infoecos","description":"Noticias de trenque lauquen y la zona","publisher":{"@id":"https:\/\/infoecos.com.ar\/#organization"},"alternateName":"Noticias","potentialAction":[{"@type":"SearchAction","target":{"@type":"EntryPoint","urlTemplate":"https:\/\/infoecos.com.ar\/?s={search_term_string}"},"query-input":{"@type":"PropertyValueSpecification","valueRequired":true,"valueName":"search_term_string"}}],"inLanguage":"es"},{"@type":"Organization","@id":"https:\/\/infoecos.com.ar\/#organization","name":"Infoecos","alternateName":"Noticias","url":"https:\/\/infoecos.com.ar\/","logo":{"@type":"ImageObject","inLanguage":"es","@id":"https:\/\/infoecos.com.ar\/#\/schema\/logo\/image\/","url":"https:\/\/infoecos.com.ar\/wp-content\/uploads\/2024\/03\/cropped-logo.png","contentUrl":"https:\/\/infoecos.com.ar\/wp-content\/uploads\/2024\/03\/cropped-logo.png","width":374,"height":90,"caption":"Infoecos"},"image":{"@id":"https:\/\/infoecos.com.ar\/#\/schema\/logo\/image\/"},"sameAs":["https:\/\/www.facebook.com\/profile.php?id=100063200290284","https:\/\/x.com\/infoecos"]},{"@type":"Person","@id":"https:\/\/infoecos.com.ar\/#\/schema\/person\/8f5ace5ce73b4b4aac4b7245aee6f191","name":"Jorge Matheus","url":"https:\/\/infoecos.com.ar\/index.php\/author\/jomatheus\/"}]}},"featured_image_urls":{"full":"","thumbnail":"","medium":"","medium_large":"","large":"","1536x1536":"","2048x2048":"","covernews-slider-full":"","covernews-slider-center":"","covernews-featured":"","covernews-medium":"","covernews-medium-square":""},"author_info":{"info":["Jorge Matheus"]},"category_info":"<a href=\"https:\/\/infoecos.com.ar\/index.php\/category\/noticia-secundaria\/\" rel=\"category tag\">Noticia Secundaria<\/a>","tag_info":"Noticia Secundaria","comment_count":"0","_links":{"self":[{"href":"https:\/\/infoecos.com.ar\/index.php\/wp-json\/wp\/v2\/posts\/116823"}],"collection":[{"href":"https:\/\/infoecos.com.ar\/index.php\/wp-json\/wp\/v2\/posts"}],"about":[{"href":"https:\/\/infoecos.com.ar\/index.php\/wp-json\/wp\/v2\/types\/post"}],"author":[{"embeddable":true,"href":"https:\/\/infoecos.com.ar\/index.php\/wp-json\/wp\/v2\/users\/2"}],"replies":[{"embeddable":true,"href":"https:\/\/infoecos.com.ar\/index.php\/wp-json\/wp\/v2\/comments?post=116823"}],"version-history":[{"count":1,"href":"https:\/\/infoecos.com.ar\/index.php\/wp-json\/wp\/v2\/posts\/116823\/revisions"}],"predecessor-version":[{"id":116824,"href":"https:\/\/infoecos.com.ar\/index.php\/wp-json\/wp\/v2\/posts\/116823\/revisions\/116824"}],"wp:featuredmedia":[{"embeddable":true,"href":"https:\/\/infoecos.com.ar\/index.php\/wp-json\/"}],"wp:attachment":[{"href":"https:\/\/infoecos.com.ar\/index.php\/wp-json\/wp\/v2\/media?parent=116823"}],"wp:term":[{"taxonomy":"category","embeddable":true,"href":"https:\/\/infoecos.com.ar\/index.php\/wp-json\/wp\/v2\/categories?post=116823"},{"taxonomy":"post_tag","embeddable":true,"href":"https:\/\/infoecos.com.ar\/index.php\/wp-json\/wp\/v2\/tags?post=116823"}],"curies":[{"name":"wp","href":"https:\/\/api.w.org\/{rel}","templated":true}]}}