{"id":116833,"date":"2023-12-27T08:58:41","date_gmt":"2023-12-27T11:58:41","guid":{"rendered":"https:\/\/infoecos.com.ar\/?p=116833"},"modified":"2023-12-27T08:59:53","modified_gmt":"2023-12-27T11:59:53","slug":"detienen-al-cuarto-integrante-de-la-banda-que-robo-en-guanaco-en-mayo","status":"publish","type":"post","link":"https:\/\/infoecos.com.ar\/index.php\/detienen-al-cuarto-integrante-de-la-banda-que-robo-en-guanaco-en-mayo\/","title":{"rendered":"Detienen al cuarto integrante de la banda que rob\u00f3 en Guanaco, en mayo"},"content":{"rendered":"\n<figure class=\"wp-block-image alignright size-full is-resized\"><img loading=\"lazy\" decoding=\"async\" src=\"https:\/\/infoecos.com.ar\/wp-content\/uploads\/2023\/12\/image-176.png\" alt=\"\" class=\"wp-image-116834\" width=\"275\" height=\"404\" srcset=\"https:\/\/infoecos.com.ar\/wp-content\/uploads\/2023\/12\/image-176.png 649w, https:\/\/infoecos.com.ar\/wp-content\/uploads\/2023\/12\/image-176-544x800.png 544w\" sizes=\"(max-width: 275px) 100vw, 275px\" \/><\/figure>\n\n\n\n<p><strong>Quebrant\u00f3 medidas dispuestas por la Justicia <\/strong><\/p>\n\n\n\n<p>Personal de Estaci\u00f3n Comunal Pehuaj\u00f3, procedi\u00f3 a la aprehensi\u00f3n del ciudadano Sergio Fabi\u00e1n Landaburu de 43 a\u00f1os. Quebrant\u00f3 medidas prohibici\u00f3n de acercamiento para con su ex pareja, ordenadas por el Juzgado de la Familia de Pehuaj\u00f3. <\/p>\n\n\n\n<p>Landaburu fue puesto a disposici\u00f3n de la justicia, la Fiscal\u00eda N\u00b0 8 de Pehuaj\u00f3. Previo a recepcionarle indagatoria penal, se le otorg\u00f3 su libertad.<\/p>\n\n\n\n<p>Personal de Estaci\u00f3n Comunal Pehuaj\u00f3, a trav\u00e9s de un llamado telef\u00f3nico a la guardia de esta dependencia, se denunci\u00f3 que a bordo de un micro de l\u00ednea viajaba una persona que transportaba droga, con fines de comercializaci\u00f3n. <\/p>\n\n\n\n<p><strong>Procedimiento en la Terminal de \u00d3mnibus de Pehuaj\u00f3<\/strong><\/p>\n\n\n\n<p>Se realiz\u00f3 un procedimiento en la Terminal de \u00d3mnibus de Pehuaj\u00f3. Fue aprehendido Aaron Arie Centuri\u00f3n, de 24 a\u00f1os, habi\u00e9ndosele incautado CLORIDRATO DE COCAINA, BAGULLOS DE MARIHUANA, TELEFONO CELULAR UTILIZADO PARA LA COMERCIALIZACI\u00d3N, ENVOLTORIOS DE NYLON CON VESTIGIOS DE SUSTANCIA ILEGAL. Ampliada la investigaci\u00f3n, y bajo directivas del agente fiscal se libr\u00f3 orden de allanamiento en el domicilio del imputado, arrojando resultado positivo. Se incaut\u00f3 dinero en efectivo discriminados en billetes de diferentes denominaciones, tijera de corte para fraccionar y papelillos para armado de cigarrillos de marihuana. <\/p>\n\n\n\n<figure class=\"wp-block-image aligncenter size-full is-resized\"><img loading=\"lazy\" decoding=\"async\" src=\"https:\/\/infoecos.com.ar\/wp-content\/uploads\/2023\/12\/image-177.png\" alt=\"\" class=\"wp-image-116835\" width=\"122\" height=\"272\" srcset=\"https:\/\/infoecos.com.ar\/wp-content\/uploads\/2023\/12\/image-177.png 576w, https:\/\/infoecos.com.ar\/wp-content\/uploads\/2023\/12\/image-177-360x800.png 360w\" sizes=\"(max-width: 122px) 100vw, 122px\" \/><\/figure>\n\n\n\n<p><strong>Detienen al cuarto integrante de la banda que rob\u00f3 en Guanaco<\/strong><\/p>\n\n\n\n<p>Se detuvo al cuarto integrante de la banda, que rob\u00f3 el 3 de Mayo del 2023 en la localidad de Guanaco, distrito de Pehuaj\u00f3. Se trata de Miguel Angel Cano, de 32 a\u00f1os, que operaba en la ciudad de San Miguel. Los otros tres ya hab\u00edan sido detenidos y condenados por la justicia ordinaria.<\/p>\n\n\n\n<p>La banda irrumpi\u00f3 el d\u00eda mencionado en una vivienda\/comercio, con rostros semi cubiertos, portando armas de fuego corta, amedrentando y golpeando a su morador y a su esposa, bajo amenazas de muerte. Los delincuentes se apoderaron de una suma importante de d\u00f3lares y pesos que la familia ten\u00eda como ahorros, llev\u00e1ndose tambi\u00e9n un celular marca Samsung y provocaron lesiones a ambas v\u00edctimas.<br>En el proceso de investigaci\u00f3n se logr\u00f3 detener y encarcelar a tres de los autores a pocos d\u00edas de haberse cometido el hecho. Se trataba de dos personas oriundas de Carlos Casares, identificados como N\u00e9stor Dupero, de 63 a\u00f1os, y un menor de 16. Ten\u00edan conexi\u00f3n con dos delincuentes oriundos de en zona Oeste del AMBA, por lo que se pudo detener, en primera instancia, a Walter Eduardo Aragon\u00e9s de 38 a\u00f1os, con frondosos antecedentes.<br><\/p>\n\n\n\n<p><\/p>\n","protected":false},"excerpt":{"rendered":"<p>Se trata de Miguel Angel Cano, de 32 a\u00f1os, que operaba en la ciudad de San Miguel. Los otros tres ya hab\u00edan sido detenidos y condenados por la justicia ordinaria<\/p>\n","protected":false},"author":2,"featured_media":116834,"comment_status":"closed","ping_status":"open","sticky":false,"template":"","format":"standard","meta":{"footnotes":""},"categories":[29],"tags":[9780],"class_list":["post-116833","post","type-post","status-publish","format-standard","has-post-thumbnail","hentry","category-c2nota1","tag-policiales-pehuajo"],"yoast_head":"<!-- This site is optimized with the Yoast SEO plugin v23.4 - https:\/\/yoast.com\/wordpress\/plugins\/seo\/ -->\n<title>Detienen al cuarto integrante de la banda que rob\u00f3 en Guanaco, en mayo - Infoecos<\/title>\n<meta name=\"robots\" content=\"index, follow, max-snippet:-1, max-image-preview:large, max-video-preview:-1\" \/>\n<link rel=\"canonical\" href=\"https:\/\/infoecos.com.ar\/index.php\/detienen-al-cuarto-integrante-de-la-banda-que-robo-en-guanaco-en-mayo\/\" \/>\n<meta property=\"og:locale\" content=\"es_ES\" \/>\n<meta property=\"og:type\" content=\"article\" \/>\n<meta property=\"og:title\" content=\"Detienen al cuarto integrante de la banda que rob\u00f3 en Guanaco, en mayo - Infoecos\" \/>\n<meta property=\"og:description\" content=\"Se trata de Miguel Angel Cano, de 32 a\u00f1os, que operaba en la ciudad de San Miguel. Los otros tres ya hab\u00edan sido detenidos y condenados por la justicia ordinaria\" \/>\n<meta property=\"og:url\" content=\"https:\/\/infoecos.com.ar\/index.php\/detienen-al-cuarto-integrante-de-la-banda-que-robo-en-guanaco-en-mayo\/\" \/>\n<meta property=\"og:site_name\" content=\"Infoecos\" \/>\n<meta property=\"article:publisher\" content=\"https:\/\/www.facebook.com\/profile.php?id=100063200290284\" \/>\n<meta property=\"article:published_time\" content=\"2023-12-27T11:58:41+00:00\" \/>\n<meta property=\"article:modified_time\" content=\"2023-12-27T11:59:53+00:00\" \/>\n<meta property=\"og:image\" content=\"https:\/\/infoecos.com.ar\/wp-content\/uploads\/2023\/12\/image-176.png\" \/>\n\t<meta property=\"og:image:width\" content=\"649\" \/>\n\t<meta property=\"og:image:height\" content=\"954\" \/>\n\t<meta property=\"og:image:type\" content=\"image\/png\" \/>\n<meta name=\"author\" content=\"Jorge Matheus\" \/>\n<meta name=\"twitter:card\" content=\"summary_large_image\" \/>\n<meta name=\"twitter:creator\" content=\"@infoecos\" \/>\n<meta name=\"twitter:site\" content=\"@infoecos\" \/>\n<meta name=\"twitter:label1\" content=\"Escrito por\" \/>\n\t<meta name=\"twitter:data1\" content=\"Jorge Matheus\" \/>\n\t<meta name=\"twitter:label2\" content=\"Tiempo de lectura\" \/>\n\t<meta name=\"twitter:data2\" content=\"3 minutos\" \/>\n<script type=\"application\/ld+json\" class=\"yoast-schema-graph\">{\"@context\":\"https:\/\/schema.org\",\"@graph\":[{\"@type\":\"Article\",\"@id\":\"https:\/\/infoecos.com.ar\/index.php\/detienen-al-cuarto-integrante-de-la-banda-que-robo-en-guanaco-en-mayo\/#article\",\"isPartOf\":{\"@id\":\"https:\/\/infoecos.com.ar\/index.php\/detienen-al-cuarto-integrante-de-la-banda-que-robo-en-guanaco-en-mayo\/\"},\"author\":{\"name\":\"Jorge Matheus\",\"@id\":\"https:\/\/infoecos.com.ar\/#\/schema\/person\/8f5ace5ce73b4b4aac4b7245aee6f191\"},\"headline\":\"Detienen al cuarto integrante de la banda que rob\u00f3 en Guanaco, en mayo\",\"datePublished\":\"2023-12-27T11:58:41+00:00\",\"dateModified\":\"2023-12-27T11:59:53+00:00\",\"mainEntityOfPage\":{\"@id\":\"https:\/\/infoecos.com.ar\/index.php\/detienen-al-cuarto-integrante-de-la-banda-que-robo-en-guanaco-en-mayo\/\"},\"wordCount\":438,\"publisher\":{\"@id\":\"https:\/\/infoecos.com.ar\/#organization\"},\"image\":{\"@id\":\"https:\/\/infoecos.com.ar\/index.php\/detienen-al-cuarto-integrante-de-la-banda-que-robo-en-guanaco-en-mayo\/#primaryimage\"},\"thumbnailUrl\":\"https:\/\/infoecos.com.ar\/wp-content\/uploads\/2023\/12\/image-176.png\",\"keywords\":[\"policiales pehuaj\u00f3\"],\"articleSection\":[\"C2 nota 1\"],\"inLanguage\":\"es\"},{\"@type\":\"WebPage\",\"@id\":\"https:\/\/infoecos.com.ar\/index.php\/detienen-al-cuarto-integrante-de-la-banda-que-robo-en-guanaco-en-mayo\/\",\"url\":\"https:\/\/infoecos.com.ar\/index.php\/detienen-al-cuarto-integrante-de-la-banda-que-robo-en-guanaco-en-mayo\/\",\"name\":\"Detienen al cuarto integrante de la banda que rob\u00f3 en Guanaco, en mayo - Infoecos\",\"isPartOf\":{\"@id\":\"https:\/\/infoecos.com.ar\/#website\"},\"primaryImageOfPage\":{\"@id\":\"https:\/\/infoecos.com.ar\/index.php\/detienen-al-cuarto-integrante-de-la-banda-que-robo-en-guanaco-en-mayo\/#primaryimage\"},\"image\":{\"@id\":\"https:\/\/infoecos.com.ar\/index.php\/detienen-al-cuarto-integrante-de-la-banda-que-robo-en-guanaco-en-mayo\/#primaryimage\"},\"thumbnailUrl\":\"https:\/\/infoecos.com.ar\/wp-content\/uploads\/2023\/12\/image-176.png\",\"datePublished\":\"2023-12-27T11:58:41+00:00\",\"dateModified\":\"2023-12-27T11:59:53+00:00\",\"breadcrumb\":{\"@id\":\"https:\/\/infoecos.com.ar\/index.php\/detienen-al-cuarto-integrante-de-la-banda-que-robo-en-guanaco-en-mayo\/#breadcrumb\"},\"inLanguage\":\"es\",\"potentialAction\":[{\"@type\":\"ReadAction\",\"target\":[\"https:\/\/infoecos.com.ar\/index.php\/detienen-al-cuarto-integrante-de-la-banda-que-robo-en-guanaco-en-mayo\/\"]}]},{\"@type\":\"ImageObject\",\"inLanguage\":\"es\",\"@id\":\"https:\/\/infoecos.com.ar\/index.php\/detienen-al-cuarto-integrante-de-la-banda-que-robo-en-guanaco-en-mayo\/#primaryimage\",\"url\":\"https:\/\/infoecos.com.ar\/wp-content\/uploads\/2023\/12\/image-176.png\",\"contentUrl\":\"https:\/\/infoecos.com.ar\/wp-content\/uploads\/2023\/12\/image-176.png\",\"width\":649,\"height\":954},{\"@type\":\"BreadcrumbList\",\"@id\":\"https:\/\/infoecos.com.ar\/index.php\/detienen-al-cuarto-integrante-de-la-banda-que-robo-en-guanaco-en-mayo\/#breadcrumb\",\"itemListElement\":[{\"@type\":\"ListItem\",\"position\":1,\"name\":\"Portada\",\"item\":\"https:\/\/infoecos.com.ar\/\"},{\"@type\":\"ListItem\",\"position\":2,\"name\":\"Detienen al cuarto integrante de la banda que rob\u00f3 en Guanaco, en mayo\"}]},{\"@type\":\"WebSite\",\"@id\":\"https:\/\/infoecos.com.ar\/#website\",\"url\":\"https:\/\/infoecos.com.ar\/\",\"name\":\"Infoecos\",\"description\":\"Noticias de trenque lauquen y la zona\",\"publisher\":{\"@id\":\"https:\/\/infoecos.com.ar\/#organization\"},\"alternateName\":\"Noticias\",\"potentialAction\":[{\"@type\":\"SearchAction\",\"target\":{\"@type\":\"EntryPoint\",\"urlTemplate\":\"https:\/\/infoecos.com.ar\/?s={search_term_string}\"},\"query-input\":{\"@type\":\"PropertyValueSpecification\",\"valueRequired\":true,\"valueName\":\"search_term_string\"}}],\"inLanguage\":\"es\"},{\"@type\":\"Organization\",\"@id\":\"https:\/\/infoecos.com.ar\/#organization\",\"name\":\"Infoecos\",\"alternateName\":\"Noticias\",\"url\":\"https:\/\/infoecos.com.ar\/\",\"logo\":{\"@type\":\"ImageObject\",\"inLanguage\":\"es\",\"@id\":\"https:\/\/infoecos.com.ar\/#\/schema\/logo\/image\/\",\"url\":\"https:\/\/infoecos.com.ar\/wp-content\/uploads\/2024\/03\/cropped-logo.png\",\"contentUrl\":\"https:\/\/infoecos.com.ar\/wp-content\/uploads\/2024\/03\/cropped-logo.png\",\"width\":374,\"height\":90,\"caption\":\"Infoecos\"},\"image\":{\"@id\":\"https:\/\/infoecos.com.ar\/#\/schema\/logo\/image\/\"},\"sameAs\":[\"https:\/\/www.facebook.com\/profile.php?id=100063200290284\",\"https:\/\/x.com\/infoecos\"]},{\"@type\":\"Person\",\"@id\":\"https:\/\/infoecos.com.ar\/#\/schema\/person\/8f5ace5ce73b4b4aac4b7245aee6f191\",\"name\":\"Jorge Matheus\",\"url\":\"https:\/\/infoecos.com.ar\/index.php\/author\/jomatheus\/\"}]}<\/script>\n<!-- \/ Yoast SEO plugin. -->","yoast_head_json":{"title":"Detienen al cuarto integrante de la banda que rob\u00f3 en Guanaco, en mayo - Infoecos","robots":{"index":"index","follow":"follow","max-snippet":"max-snippet:-1","max-image-preview":"max-image-preview:large","max-video-preview":"max-video-preview:-1"},"canonical":"https:\/\/infoecos.com.ar\/index.php\/detienen-al-cuarto-integrante-de-la-banda-que-robo-en-guanaco-en-mayo\/","og_locale":"es_ES","og_type":"article","og_title":"Detienen al cuarto integrante de la banda que rob\u00f3 en Guanaco, en mayo - Infoecos","og_description":"Se trata de Miguel Angel Cano, de 32 a\u00f1os, que operaba en la ciudad de San Miguel. Los otros tres ya hab\u00edan sido detenidos y condenados por la justicia ordinaria","og_url":"https:\/\/infoecos.com.ar\/index.php\/detienen-al-cuarto-integrante-de-la-banda-que-robo-en-guanaco-en-mayo\/","og_site_name":"Infoecos","article_publisher":"https:\/\/www.facebook.com\/profile.php?id=100063200290284","article_published_time":"2023-12-27T11:58:41+00:00","article_modified_time":"2023-12-27T11:59:53+00:00","og_image":[{"width":649,"height":954,"url":"https:\/\/infoecos.com.ar\/wp-content\/uploads\/2023\/12\/image-176.png","type":"image\/png"}],"author":"Jorge Matheus","twitter_card":"summary_large_image","twitter_creator":"@infoecos","twitter_site":"@infoecos","twitter_misc":{"Escrito por":"Jorge Matheus","Tiempo de lectura":"3 minutos"},"schema":{"@context":"https:\/\/schema.org","@graph":[{"@type":"Article","@id":"https:\/\/infoecos.com.ar\/index.php\/detienen-al-cuarto-integrante-de-la-banda-que-robo-en-guanaco-en-mayo\/#article","isPartOf":{"@id":"https:\/\/infoecos.com.ar\/index.php\/detienen-al-cuarto-integrante-de-la-banda-que-robo-en-guanaco-en-mayo\/"},"author":{"name":"Jorge Matheus","@id":"https:\/\/infoecos.com.ar\/#\/schema\/person\/8f5ace5ce73b4b4aac4b7245aee6f191"},"headline":"Detienen al cuarto integrante de la banda que rob\u00f3 en Guanaco, en mayo","datePublished":"2023-12-27T11:58:41+00:00","dateModified":"2023-12-27T11:59:53+00:00","mainEntityOfPage":{"@id":"https:\/\/infoecos.com.ar\/index.php\/detienen-al-cuarto-integrante-de-la-banda-que-robo-en-guanaco-en-mayo\/"},"wordCount":438,"publisher":{"@id":"https:\/\/infoecos.com.ar\/#organization"},"image":{"@id":"https:\/\/infoecos.com.ar\/index.php\/detienen-al-cuarto-integrante-de-la-banda-que-robo-en-guanaco-en-mayo\/#primaryimage"},"thumbnailUrl":"https:\/\/infoecos.com.ar\/wp-content\/uploads\/2023\/12\/image-176.png","keywords":["policiales pehuaj\u00f3"],"articleSection":["C2 nota 1"],"inLanguage":"es"},{"@type":"WebPage","@id":"https:\/\/infoecos.com.ar\/index.php\/detienen-al-cuarto-integrante-de-la-banda-que-robo-en-guanaco-en-mayo\/","url":"https:\/\/infoecos.com.ar\/index.php\/detienen-al-cuarto-integrante-de-la-banda-que-robo-en-guanaco-en-mayo\/","name":"Detienen al cuarto integrante de la banda que rob\u00f3 en Guanaco, en mayo - Infoecos","isPartOf":{"@id":"https:\/\/infoecos.com.ar\/#website"},"primaryImageOfPage":{"@id":"https:\/\/infoecos.com.ar\/index.php\/detienen-al-cuarto-integrante-de-la-banda-que-robo-en-guanaco-en-mayo\/#primaryimage"},"image":{"@id":"https:\/\/infoecos.com.ar\/index.php\/detienen-al-cuarto-integrante-de-la-banda-que-robo-en-guanaco-en-mayo\/#primaryimage"},"thumbnailUrl":"https:\/\/infoecos.com.ar\/wp-content\/uploads\/2023\/12\/image-176.png","datePublished":"2023-12-27T11:58:41+00:00","dateModified":"2023-12-27T11:59:53+00:00","breadcrumb":{"@id":"https:\/\/infoecos.com.ar\/index.php\/detienen-al-cuarto-integrante-de-la-banda-que-robo-en-guanaco-en-mayo\/#breadcrumb"},"inLanguage":"es","potentialAction":[{"@type":"ReadAction","target":["https:\/\/infoecos.com.ar\/index.php\/detienen-al-cuarto-integrante-de-la-banda-que-robo-en-guanaco-en-mayo\/"]}]},{"@type":"ImageObject","inLanguage":"es","@id":"https:\/\/infoecos.com.ar\/index.php\/detienen-al-cuarto-integrante-de-la-banda-que-robo-en-guanaco-en-mayo\/#primaryimage","url":"https:\/\/infoecos.com.ar\/wp-content\/uploads\/2023\/12\/image-176.png","contentUrl":"https:\/\/infoecos.com.ar\/wp-content\/uploads\/2023\/12\/image-176.png","width":649,"height":954},{"@type":"BreadcrumbList","@id":"https:\/\/infoecos.com.ar\/index.php\/detienen-al-cuarto-integrante-de-la-banda-que-robo-en-guanaco-en-mayo\/#breadcrumb","itemListElement":[{"@type":"ListItem","position":1,"name":"Portada","item":"https:\/\/infoecos.com.ar\/"},{"@type":"ListItem","position":2,"name":"Detienen al cuarto integrante de la banda que rob\u00f3 en Guanaco, en mayo"}]},{"@type":"WebSite","@id":"https:\/\/infoecos.com.ar\/#website","url":"https:\/\/infoecos.com.ar\/","name":"Infoecos","description":"Noticias de trenque lauquen y la zona","publisher":{"@id":"https:\/\/infoecos.com.ar\/#organization"},"alternateName":"Noticias","potentialAction":[{"@type":"SearchAction","target":{"@type":"EntryPoint","urlTemplate":"https:\/\/infoecos.com.ar\/?s={search_term_string}"},"query-input":{"@type":"PropertyValueSpecification","valueRequired":true,"valueName":"search_term_string"}}],"inLanguage":"es"},{"@type":"Organization","@id":"https:\/\/infoecos.com.ar\/#organization","name":"Infoecos","alternateName":"Noticias","url":"https:\/\/infoecos.com.ar\/","logo":{"@type":"ImageObject","inLanguage":"es","@id":"https:\/\/infoecos.com.ar\/#\/schema\/logo\/image\/","url":"https:\/\/infoecos.com.ar\/wp-content\/uploads\/2024\/03\/cropped-logo.png","contentUrl":"https:\/\/infoecos.com.ar\/wp-content\/uploads\/2024\/03\/cropped-logo.png","width":374,"height":90,"caption":"Infoecos"},"image":{"@id":"https:\/\/infoecos.com.ar\/#\/schema\/logo\/image\/"},"sameAs":["https:\/\/www.facebook.com\/profile.php?id=100063200290284","https:\/\/x.com\/infoecos"]},{"@type":"Person","@id":"https:\/\/infoecos.com.ar\/#\/schema\/person\/8f5ace5ce73b4b4aac4b7245aee6f191","name":"Jorge Matheus","url":"https:\/\/infoecos.com.ar\/index.php\/author\/jomatheus\/"}]}},"featured_image_urls":{"full":["https:\/\/infoecos.com.ar\/wp-content\/uploads\/2023\/12\/image-176.png",649,954,false],"thumbnail":["https:\/\/infoecos.com.ar\/wp-content\/uploads\/2023\/12\/image-176-300x150.png",300,150,true],"medium":["https:\/\/infoecos.com.ar\/wp-content\/uploads\/2023\/12\/image-176-544x800.png",544,800,true],"medium_large":["https:\/\/infoecos.com.ar\/wp-content\/uploads\/2023\/12\/image-176.png",640,941,false],"large":["https:\/\/infoecos.com.ar\/wp-content\/uploads\/2023\/12\/image-176.png",640,941,false],"1536x1536":["https:\/\/infoecos.com.ar\/wp-content\/uploads\/2023\/12\/image-176.png",649,954,false],"2048x2048":["https:\/\/infoecos.com.ar\/wp-content\/uploads\/2023\/12\/image-176.png",649,954,false],"covernews-slider-full":["https:\/\/infoecos.com.ar\/wp-content\/uploads\/2023\/12\/image-176.png",486,715,false],"covernews-slider-center":["https:\/\/infoecos.com.ar\/wp-content\/uploads\/2023\/12\/image-176-649x897.png",362,500,true],"covernews-featured":["https:\/\/infoecos.com.ar\/wp-content\/uploads\/2023\/12\/image-176.png",649,954,false],"covernews-medium":["https:\/\/infoecos.com.ar\/wp-content\/uploads\/2023\/12\/image-176-649x380.png",540,316,true],"covernews-medium-square":["https:\/\/infoecos.com.ar\/wp-content\/uploads\/2023\/12\/image-176-649x450.png",361,250,true]},"author_info":{"info":["Jorge Matheus"]},"category_info":"<a href=\"https:\/\/infoecos.com.ar\/index.php\/category\/c2nota1\/\" rel=\"category tag\">C2 nota 1<\/a>","tag_info":"C2 nota 1","comment_count":"0","_links":{"self":[{"href":"https:\/\/infoecos.com.ar\/index.php\/wp-json\/wp\/v2\/posts\/116833"}],"collection":[{"href":"https:\/\/infoecos.com.ar\/index.php\/wp-json\/wp\/v2\/posts"}],"about":[{"href":"https:\/\/infoecos.com.ar\/index.php\/wp-json\/wp\/v2\/types\/post"}],"author":[{"embeddable":true,"href":"https:\/\/infoecos.com.ar\/index.php\/wp-json\/wp\/v2\/users\/2"}],"replies":[{"embeddable":true,"href":"https:\/\/infoecos.com.ar\/index.php\/wp-json\/wp\/v2\/comments?post=116833"}],"version-history":[{"count":1,"href":"https:\/\/infoecos.com.ar\/index.php\/wp-json\/wp\/v2\/posts\/116833\/revisions"}],"predecessor-version":[{"id":116836,"href":"https:\/\/infoecos.com.ar\/index.php\/wp-json\/wp\/v2\/posts\/116833\/revisions\/116836"}],"wp:featuredmedia":[{"embeddable":true,"href":"https:\/\/infoecos.com.ar\/index.php\/wp-json\/wp\/v2\/media\/116834"}],"wp:attachment":[{"href":"https:\/\/infoecos.com.ar\/index.php\/wp-json\/wp\/v2\/media?parent=116833"}],"wp:term":[{"taxonomy":"category","embeddable":true,"href":"https:\/\/infoecos.com.ar\/index.php\/wp-json\/wp\/v2\/categories?post=116833"},{"taxonomy":"post_tag","embeddable":true,"href":"https:\/\/infoecos.com.ar\/index.php\/wp-json\/wp\/v2\/tags?post=116833"}],"curies":[{"name":"wp","href":"https:\/\/api.w.org\/{rel}","templated":true}]}}