{"id":116843,"date":"2023-12-27T12:43:40","date_gmt":"2023-12-27T15:43:40","guid":{"rendered":"https:\/\/infoecos.com.ar\/?p=116843"},"modified":"2023-12-27T22:44:44","modified_gmt":"2023-12-28T01:44:44","slug":"confirman-que-la-hija-mato-a-la-vecina-de-t-lauquen-utilizando-un-cuchillo-de-cocina","status":"publish","type":"post","link":"https:\/\/infoecos.com.ar\/index.php\/confirman-que-la-hija-mato-a-la-vecina-de-t-lauquen-utilizando-un-cuchillo-de-cocina\/","title":{"rendered":"Confirman que la hija mat\u00f3 a la vecina de T.Lauquen, utilizando un cuchillo de cocina"},"content":{"rendered":"\n<figure class=\"wp-block-image alignright size-large is-resized\"><img loading=\"lazy\" decoding=\"async\" src=\"https:\/\/infoecos.com.ar\/wp-content\/uploads\/2023\/07\/fiscaliatl-1600x900.jpg\" alt=\"\" class=\"wp-image-106680\" width=\"432\" height=\"243\" srcset=\"https:\/\/infoecos.com.ar\/wp-content\/uploads\/2023\/07\/fiscaliatl-1600x900.jpg 1600w, https:\/\/infoecos.com.ar\/wp-content\/uploads\/2023\/07\/fiscaliatl-800x450.jpg 800w, https:\/\/infoecos.com.ar\/wp-content\/uploads\/2023\/07\/fiscaliatl-768x432.jpg 768w, https:\/\/infoecos.com.ar\/wp-content\/uploads\/2023\/07\/fiscaliatl-1536x864.jpg 1536w, https:\/\/infoecos.com.ar\/wp-content\/uploads\/2023\/07\/fiscaliatl-1024x576.jpg 1024w, https:\/\/infoecos.com.ar\/wp-content\/uploads\/2023\/07\/fiscaliatl.jpg 1920w\" sizes=\"(max-width: 432px) 100vw, 432px\" \/><\/figure>\n\n\n\n<p>En declaraciones period\u00edsticas que formul\u00f3 esta ma\u00f1ana, la Fiscal Karina Talarico, responsable de la UFI n\u00famero 4 del Departamento Judicial de Trenque Lauquen, confirm\u00f3 que la autora del asesinato de Ang\u00e9lica Norma Puppo, fue su hija, la que se encuentra internada en el Hospital Municipal para la realizaci\u00f3n de estudios psiqui\u00e1tricos, ya que tiene problemas de salud mental que impiden por el momento tomarle declaraci\u00f3n indagatoria.<\/p>\n\n\n\n<p>La funcionaria judicial explic\u00f3 que en la noche del martes se recibi\u00f3 la denuncia del hecho, actuando personal de la Comisar\u00eda de la Mujer, Comisar\u00eda Primera, Polic\u00eda Cient\u00edfica, DDI. \u00abSe corrobor\u00f3 que su hija hab\u00eda sido a autora, por circunstancias que no se han podido establecer, aunque se sabe que exist\u00edan problemas familiares\u00bb, expres\u00f3. <\/p>\n\n\n\n<p>La autora, Y\u00e9sica Alejandra Barella, de 39 a\u00f1os, utiliz\u00f3 para producir el hecho un cuchillo de cocina. <\/p>\n\n\n\n<p>Talarico indic\u00f3 adem\u00e1s que \u00abpudimos reconstruir lo que pas\u00f3, porque ha manifestado a su c\u00edrculo \u00edntimo lo sucedido, y hay testigos presenciales de la situaci\u00f3n\u00bb. <\/p>\n","protected":false},"excerpt":{"rendered":"<p>La funcionaria judicial explic\u00f3 que en la noche del martes se recibi\u00f3 la denuncia del hecho, actuando personal de la Comisar\u00eda de la Mujer, Comisar\u00eda Primera, Polic\u00eda Cient\u00edfica, DDI<\/p>\n","protected":false},"author":2,"featured_media":106680,"comment_status":"closed","ping_status":"open","sticky":false,"template":"","format":"standard","meta":{"footnotes":""},"categories":[1613],"tags":[9783],"class_list":["post-116843","post","type-post","status-publish","format-standard","has-post-thumbnail","hentry","category-noticia-secundaria","tag-informacion-judicial"],"yoast_head":"<!-- This site is optimized with the Yoast SEO plugin v23.4 - https:\/\/yoast.com\/wordpress\/plugins\/seo\/ -->\n<title>Confirman que la hija mat\u00f3 a la vecina de T.Lauquen, utilizando un cuchillo de cocina - Infoecos<\/title>\n<meta name=\"robots\" content=\"index, follow, max-snippet:-1, max-image-preview:large, max-video-preview:-1\" \/>\n<link rel=\"canonical\" href=\"https:\/\/infoecos.com.ar\/index.php\/confirman-que-la-hija-mato-a-la-vecina-de-t-lauquen-utilizando-un-cuchillo-de-cocina\/\" \/>\n<meta property=\"og:locale\" content=\"es_ES\" \/>\n<meta property=\"og:type\" content=\"article\" \/>\n<meta property=\"og:title\" content=\"Confirman que la hija mat\u00f3 a la vecina de T.Lauquen, utilizando un cuchillo de cocina - Infoecos\" \/>\n<meta property=\"og:description\" content=\"La funcionaria judicial explic\u00f3 que en la noche del martes se recibi\u00f3 la denuncia del hecho, actuando personal de la Comisar\u00eda de la Mujer, Comisar\u00eda Primera, Polic\u00eda Cient\u00edfica, DDI\" \/>\n<meta property=\"og:url\" content=\"https:\/\/infoecos.com.ar\/index.php\/confirman-que-la-hija-mato-a-la-vecina-de-t-lauquen-utilizando-un-cuchillo-de-cocina\/\" \/>\n<meta property=\"og:site_name\" content=\"Infoecos\" \/>\n<meta property=\"article:publisher\" content=\"https:\/\/www.facebook.com\/profile.php?id=100063200290284\" \/>\n<meta property=\"article:published_time\" content=\"2023-12-27T15:43:40+00:00\" \/>\n<meta property=\"article:modified_time\" content=\"2023-12-28T01:44:44+00:00\" \/>\n<meta property=\"og:image\" content=\"https:\/\/infoecos.com.ar\/wp-content\/uploads\/2023\/07\/fiscaliatl.jpg\" \/>\n\t<meta property=\"og:image:width\" content=\"1920\" \/>\n\t<meta property=\"og:image:height\" content=\"1080\" \/>\n\t<meta property=\"og:image:type\" content=\"image\/jpeg\" \/>\n<meta name=\"author\" content=\"Jorge Matheus\" \/>\n<meta name=\"twitter:card\" content=\"summary_large_image\" \/>\n<meta name=\"twitter:creator\" content=\"@infoecos\" \/>\n<meta name=\"twitter:site\" content=\"@infoecos\" \/>\n<meta name=\"twitter:label1\" content=\"Escrito por\" \/>\n\t<meta name=\"twitter:data1\" content=\"Jorge Matheus\" \/>\n\t<meta name=\"twitter:label2\" content=\"Tiempo de lectura\" \/>\n\t<meta name=\"twitter:data2\" content=\"1 minuto\" \/>\n<script type=\"application\/ld+json\" class=\"yoast-schema-graph\">{\"@context\":\"https:\/\/schema.org\",\"@graph\":[{\"@type\":\"Article\",\"@id\":\"https:\/\/infoecos.com.ar\/index.php\/confirman-que-la-hija-mato-a-la-vecina-de-t-lauquen-utilizando-un-cuchillo-de-cocina\/#article\",\"isPartOf\":{\"@id\":\"https:\/\/infoecos.com.ar\/index.php\/confirman-que-la-hija-mato-a-la-vecina-de-t-lauquen-utilizando-un-cuchillo-de-cocina\/\"},\"author\":{\"name\":\"Jorge Matheus\",\"@id\":\"https:\/\/infoecos.com.ar\/#\/schema\/person\/8f5ace5ce73b4b4aac4b7245aee6f191\"},\"headline\":\"Confirman que la hija mat\u00f3 a la vecina de T.Lauquen, utilizando un cuchillo de cocina\",\"datePublished\":\"2023-12-27T15:43:40+00:00\",\"dateModified\":\"2023-12-28T01:44:44+00:00\",\"mainEntityOfPage\":{\"@id\":\"https:\/\/infoecos.com.ar\/index.php\/confirman-que-la-hija-mato-a-la-vecina-de-t-lauquen-utilizando-un-cuchillo-de-cocina\/\"},\"wordCount\":194,\"publisher\":{\"@id\":\"https:\/\/infoecos.com.ar\/#organization\"},\"image\":{\"@id\":\"https:\/\/infoecos.com.ar\/index.php\/confirman-que-la-hija-mato-a-la-vecina-de-t-lauquen-utilizando-un-cuchillo-de-cocina\/#primaryimage\"},\"thumbnailUrl\":\"https:\/\/infoecos.com.ar\/wp-content\/uploads\/2023\/07\/fiscaliatl.jpg\",\"keywords\":[\"informaci\u00f3n judicial\"],\"articleSection\":[\"Noticia Secundaria\"],\"inLanguage\":\"es\"},{\"@type\":\"WebPage\",\"@id\":\"https:\/\/infoecos.com.ar\/index.php\/confirman-que-la-hija-mato-a-la-vecina-de-t-lauquen-utilizando-un-cuchillo-de-cocina\/\",\"url\":\"https:\/\/infoecos.com.ar\/index.php\/confirman-que-la-hija-mato-a-la-vecina-de-t-lauquen-utilizando-un-cuchillo-de-cocina\/\",\"name\":\"Confirman que la hija mat\u00f3 a la vecina de T.Lauquen, utilizando un cuchillo de cocina - Infoecos\",\"isPartOf\":{\"@id\":\"https:\/\/infoecos.com.ar\/#website\"},\"primaryImageOfPage\":{\"@id\":\"https:\/\/infoecos.com.ar\/index.php\/confirman-que-la-hija-mato-a-la-vecina-de-t-lauquen-utilizando-un-cuchillo-de-cocina\/#primaryimage\"},\"image\":{\"@id\":\"https:\/\/infoecos.com.ar\/index.php\/confirman-que-la-hija-mato-a-la-vecina-de-t-lauquen-utilizando-un-cuchillo-de-cocina\/#primaryimage\"},\"thumbnailUrl\":\"https:\/\/infoecos.com.ar\/wp-content\/uploads\/2023\/07\/fiscaliatl.jpg\",\"datePublished\":\"2023-12-27T15:43:40+00:00\",\"dateModified\":\"2023-12-28T01:44:44+00:00\",\"breadcrumb\":{\"@id\":\"https:\/\/infoecos.com.ar\/index.php\/confirman-que-la-hija-mato-a-la-vecina-de-t-lauquen-utilizando-un-cuchillo-de-cocina\/#breadcrumb\"},\"inLanguage\":\"es\",\"potentialAction\":[{\"@type\":\"ReadAction\",\"target\":[\"https:\/\/infoecos.com.ar\/index.php\/confirman-que-la-hija-mato-a-la-vecina-de-t-lauquen-utilizando-un-cuchillo-de-cocina\/\"]}]},{\"@type\":\"ImageObject\",\"inLanguage\":\"es\",\"@id\":\"https:\/\/infoecos.com.ar\/index.php\/confirman-que-la-hija-mato-a-la-vecina-de-t-lauquen-utilizando-un-cuchillo-de-cocina\/#primaryimage\",\"url\":\"https:\/\/infoecos.com.ar\/wp-content\/uploads\/2023\/07\/fiscaliatl.jpg\",\"contentUrl\":\"https:\/\/infoecos.com.ar\/wp-content\/uploads\/2023\/07\/fiscaliatl.jpg\",\"width\":1920,\"height\":1080},{\"@type\":\"BreadcrumbList\",\"@id\":\"https:\/\/infoecos.com.ar\/index.php\/confirman-que-la-hija-mato-a-la-vecina-de-t-lauquen-utilizando-un-cuchillo-de-cocina\/#breadcrumb\",\"itemListElement\":[{\"@type\":\"ListItem\",\"position\":1,\"name\":\"Portada\",\"item\":\"https:\/\/infoecos.com.ar\/\"},{\"@type\":\"ListItem\",\"position\":2,\"name\":\"Confirman que la hija mat\u00f3 a la vecina de T.Lauquen, utilizando un cuchillo de cocina\"}]},{\"@type\":\"WebSite\",\"@id\":\"https:\/\/infoecos.com.ar\/#website\",\"url\":\"https:\/\/infoecos.com.ar\/\",\"name\":\"Infoecos\",\"description\":\"Noticias de trenque lauquen y la zona\",\"publisher\":{\"@id\":\"https:\/\/infoecos.com.ar\/#organization\"},\"alternateName\":\"Noticias\",\"potentialAction\":[{\"@type\":\"SearchAction\",\"target\":{\"@type\":\"EntryPoint\",\"urlTemplate\":\"https:\/\/infoecos.com.ar\/?s={search_term_string}\"},\"query-input\":{\"@type\":\"PropertyValueSpecification\",\"valueRequired\":true,\"valueName\":\"search_term_string\"}}],\"inLanguage\":\"es\"},{\"@type\":\"Organization\",\"@id\":\"https:\/\/infoecos.com.ar\/#organization\",\"name\":\"Infoecos\",\"alternateName\":\"Noticias\",\"url\":\"https:\/\/infoecos.com.ar\/\",\"logo\":{\"@type\":\"ImageObject\",\"inLanguage\":\"es\",\"@id\":\"https:\/\/infoecos.com.ar\/#\/schema\/logo\/image\/\",\"url\":\"https:\/\/infoecos.com.ar\/wp-content\/uploads\/2024\/03\/cropped-logo.png\",\"contentUrl\":\"https:\/\/infoecos.com.ar\/wp-content\/uploads\/2024\/03\/cropped-logo.png\",\"width\":374,\"height\":90,\"caption\":\"Infoecos\"},\"image\":{\"@id\":\"https:\/\/infoecos.com.ar\/#\/schema\/logo\/image\/\"},\"sameAs\":[\"https:\/\/www.facebook.com\/profile.php?id=100063200290284\",\"https:\/\/x.com\/infoecos\"]},{\"@type\":\"Person\",\"@id\":\"https:\/\/infoecos.com.ar\/#\/schema\/person\/8f5ace5ce73b4b4aac4b7245aee6f191\",\"name\":\"Jorge Matheus\",\"url\":\"https:\/\/infoecos.com.ar\/index.php\/author\/jomatheus\/\"}]}<\/script>\n<!-- \/ Yoast SEO plugin. -->","yoast_head_json":{"title":"Confirman que la hija mat\u00f3 a la vecina de T.Lauquen, utilizando un cuchillo de cocina - Infoecos","robots":{"index":"index","follow":"follow","max-snippet":"max-snippet:-1","max-image-preview":"max-image-preview:large","max-video-preview":"max-video-preview:-1"},"canonical":"https:\/\/infoecos.com.ar\/index.php\/confirman-que-la-hija-mato-a-la-vecina-de-t-lauquen-utilizando-un-cuchillo-de-cocina\/","og_locale":"es_ES","og_type":"article","og_title":"Confirman que la hija mat\u00f3 a la vecina de T.Lauquen, utilizando un cuchillo de cocina - Infoecos","og_description":"La funcionaria judicial explic\u00f3 que en la noche del martes se recibi\u00f3 la denuncia del hecho, actuando personal de la Comisar\u00eda de la Mujer, Comisar\u00eda Primera, Polic\u00eda Cient\u00edfica, DDI","og_url":"https:\/\/infoecos.com.ar\/index.php\/confirman-que-la-hija-mato-a-la-vecina-de-t-lauquen-utilizando-un-cuchillo-de-cocina\/","og_site_name":"Infoecos","article_publisher":"https:\/\/www.facebook.com\/profile.php?id=100063200290284","article_published_time":"2023-12-27T15:43:40+00:00","article_modified_time":"2023-12-28T01:44:44+00:00","og_image":[{"width":1920,"height":1080,"url":"https:\/\/infoecos.com.ar\/wp-content\/uploads\/2023\/07\/fiscaliatl.jpg","type":"image\/jpeg"}],"author":"Jorge Matheus","twitter_card":"summary_large_image","twitter_creator":"@infoecos","twitter_site":"@infoecos","twitter_misc":{"Escrito por":"Jorge Matheus","Tiempo de lectura":"1 minuto"},"schema":{"@context":"https:\/\/schema.org","@graph":[{"@type":"Article","@id":"https:\/\/infoecos.com.ar\/index.php\/confirman-que-la-hija-mato-a-la-vecina-de-t-lauquen-utilizando-un-cuchillo-de-cocina\/#article","isPartOf":{"@id":"https:\/\/infoecos.com.ar\/index.php\/confirman-que-la-hija-mato-a-la-vecina-de-t-lauquen-utilizando-un-cuchillo-de-cocina\/"},"author":{"name":"Jorge Matheus","@id":"https:\/\/infoecos.com.ar\/#\/schema\/person\/8f5ace5ce73b4b4aac4b7245aee6f191"},"headline":"Confirman que la hija mat\u00f3 a la vecina de T.Lauquen, utilizando un cuchillo de cocina","datePublished":"2023-12-27T15:43:40+00:00","dateModified":"2023-12-28T01:44:44+00:00","mainEntityOfPage":{"@id":"https:\/\/infoecos.com.ar\/index.php\/confirman-que-la-hija-mato-a-la-vecina-de-t-lauquen-utilizando-un-cuchillo-de-cocina\/"},"wordCount":194,"publisher":{"@id":"https:\/\/infoecos.com.ar\/#organization"},"image":{"@id":"https:\/\/infoecos.com.ar\/index.php\/confirman-que-la-hija-mato-a-la-vecina-de-t-lauquen-utilizando-un-cuchillo-de-cocina\/#primaryimage"},"thumbnailUrl":"https:\/\/infoecos.com.ar\/wp-content\/uploads\/2023\/07\/fiscaliatl.jpg","keywords":["informaci\u00f3n judicial"],"articleSection":["Noticia Secundaria"],"inLanguage":"es"},{"@type":"WebPage","@id":"https:\/\/infoecos.com.ar\/index.php\/confirman-que-la-hija-mato-a-la-vecina-de-t-lauquen-utilizando-un-cuchillo-de-cocina\/","url":"https:\/\/infoecos.com.ar\/index.php\/confirman-que-la-hija-mato-a-la-vecina-de-t-lauquen-utilizando-un-cuchillo-de-cocina\/","name":"Confirman que la hija mat\u00f3 a la vecina de T.Lauquen, utilizando un cuchillo de cocina - Infoecos","isPartOf":{"@id":"https:\/\/infoecos.com.ar\/#website"},"primaryImageOfPage":{"@id":"https:\/\/infoecos.com.ar\/index.php\/confirman-que-la-hija-mato-a-la-vecina-de-t-lauquen-utilizando-un-cuchillo-de-cocina\/#primaryimage"},"image":{"@id":"https:\/\/infoecos.com.ar\/index.php\/confirman-que-la-hija-mato-a-la-vecina-de-t-lauquen-utilizando-un-cuchillo-de-cocina\/#primaryimage"},"thumbnailUrl":"https:\/\/infoecos.com.ar\/wp-content\/uploads\/2023\/07\/fiscaliatl.jpg","datePublished":"2023-12-27T15:43:40+00:00","dateModified":"2023-12-28T01:44:44+00:00","breadcrumb":{"@id":"https:\/\/infoecos.com.ar\/index.php\/confirman-que-la-hija-mato-a-la-vecina-de-t-lauquen-utilizando-un-cuchillo-de-cocina\/#breadcrumb"},"inLanguage":"es","potentialAction":[{"@type":"ReadAction","target":["https:\/\/infoecos.com.ar\/index.php\/confirman-que-la-hija-mato-a-la-vecina-de-t-lauquen-utilizando-un-cuchillo-de-cocina\/"]}]},{"@type":"ImageObject","inLanguage":"es","@id":"https:\/\/infoecos.com.ar\/index.php\/confirman-que-la-hija-mato-a-la-vecina-de-t-lauquen-utilizando-un-cuchillo-de-cocina\/#primaryimage","url":"https:\/\/infoecos.com.ar\/wp-content\/uploads\/2023\/07\/fiscaliatl.jpg","contentUrl":"https:\/\/infoecos.com.ar\/wp-content\/uploads\/2023\/07\/fiscaliatl.jpg","width":1920,"height":1080},{"@type":"BreadcrumbList","@id":"https:\/\/infoecos.com.ar\/index.php\/confirman-que-la-hija-mato-a-la-vecina-de-t-lauquen-utilizando-un-cuchillo-de-cocina\/#breadcrumb","itemListElement":[{"@type":"ListItem","position":1,"name":"Portada","item":"https:\/\/infoecos.com.ar\/"},{"@type":"ListItem","position":2,"name":"Confirman que la hija mat\u00f3 a la vecina de T.Lauquen, utilizando un cuchillo de cocina"}]},{"@type":"WebSite","@id":"https:\/\/infoecos.com.ar\/#website","url":"https:\/\/infoecos.com.ar\/","name":"Infoecos","description":"Noticias de trenque lauquen y la zona","publisher":{"@id":"https:\/\/infoecos.com.ar\/#organization"},"alternateName":"Noticias","potentialAction":[{"@type":"SearchAction","target":{"@type":"EntryPoint","urlTemplate":"https:\/\/infoecos.com.ar\/?s={search_term_string}"},"query-input":{"@type":"PropertyValueSpecification","valueRequired":true,"valueName":"search_term_string"}}],"inLanguage":"es"},{"@type":"Organization","@id":"https:\/\/infoecos.com.ar\/#organization","name":"Infoecos","alternateName":"Noticias","url":"https:\/\/infoecos.com.ar\/","logo":{"@type":"ImageObject","inLanguage":"es","@id":"https:\/\/infoecos.com.ar\/#\/schema\/logo\/image\/","url":"https:\/\/infoecos.com.ar\/wp-content\/uploads\/2024\/03\/cropped-logo.png","contentUrl":"https:\/\/infoecos.com.ar\/wp-content\/uploads\/2024\/03\/cropped-logo.png","width":374,"height":90,"caption":"Infoecos"},"image":{"@id":"https:\/\/infoecos.com.ar\/#\/schema\/logo\/image\/"},"sameAs":["https:\/\/www.facebook.com\/profile.php?id=100063200290284","https:\/\/x.com\/infoecos"]},{"@type":"Person","@id":"https:\/\/infoecos.com.ar\/#\/schema\/person\/8f5ace5ce73b4b4aac4b7245aee6f191","name":"Jorge Matheus","url":"https:\/\/infoecos.com.ar\/index.php\/author\/jomatheus\/"}]}},"featured_image_urls":{"full":["https:\/\/infoecos.com.ar\/wp-content\/uploads\/2023\/07\/fiscaliatl.jpg",1920,1080,false],"thumbnail":["https:\/\/infoecos.com.ar\/wp-content\/uploads\/2023\/07\/fiscaliatl-300x150.jpg",300,150,true],"medium":["https:\/\/infoecos.com.ar\/wp-content\/uploads\/2023\/07\/fiscaliatl-800x450.jpg",800,450,true],"medium_large":["https:\/\/infoecos.com.ar\/wp-content\/uploads\/2023\/07\/fiscaliatl-768x432.jpg",640,360,true],"large":["https:\/\/infoecos.com.ar\/wp-content\/uploads\/2023\/07\/fiscaliatl-1600x900.jpg",640,360,true],"1536x1536":["https:\/\/infoecos.com.ar\/wp-content\/uploads\/2023\/07\/fiscaliatl-1536x864.jpg",1536,864,true],"2048x2048":["https:\/\/infoecos.com.ar\/wp-content\/uploads\/2023\/07\/fiscaliatl.jpg",1920,1080,false],"covernews-slider-full":["https:\/\/infoecos.com.ar\/wp-content\/uploads\/2023\/07\/fiscaliatl-1536x1020.jpg",1077,715,true],"covernews-slider-center":["https:\/\/infoecos.com.ar\/wp-content\/uploads\/2023\/07\/fiscaliatl-936x897.jpg",522,500,true],"covernews-featured":["https:\/\/infoecos.com.ar\/wp-content\/uploads\/2023\/07\/fiscaliatl-1024x576.jpg",1024,576,true],"covernews-medium":["https:\/\/infoecos.com.ar\/wp-content\/uploads\/2023\/07\/fiscaliatl-720x380.jpg",540,285,true],"covernews-medium-square":["https:\/\/infoecos.com.ar\/wp-content\/uploads\/2023\/07\/fiscaliatl-675x450.jpg",375,250,true]},"author_info":{"info":["Jorge Matheus"]},"category_info":"<a href=\"https:\/\/infoecos.com.ar\/index.php\/category\/noticia-secundaria\/\" rel=\"category tag\">Noticia Secundaria<\/a>","tag_info":"Noticia Secundaria","comment_count":"0","_links":{"self":[{"href":"https:\/\/infoecos.com.ar\/index.php\/wp-json\/wp\/v2\/posts\/116843"}],"collection":[{"href":"https:\/\/infoecos.com.ar\/index.php\/wp-json\/wp\/v2\/posts"}],"about":[{"href":"https:\/\/infoecos.com.ar\/index.php\/wp-json\/wp\/v2\/types\/post"}],"author":[{"embeddable":true,"href":"https:\/\/infoecos.com.ar\/index.php\/wp-json\/wp\/v2\/users\/2"}],"replies":[{"embeddable":true,"href":"https:\/\/infoecos.com.ar\/index.php\/wp-json\/wp\/v2\/comments?post=116843"}],"version-history":[{"count":2,"href":"https:\/\/infoecos.com.ar\/index.php\/wp-json\/wp\/v2\/posts\/116843\/revisions"}],"predecessor-version":[{"id":116845,"href":"https:\/\/infoecos.com.ar\/index.php\/wp-json\/wp\/v2\/posts\/116843\/revisions\/116845"}],"wp:featuredmedia":[{"embeddable":true,"href":"https:\/\/infoecos.com.ar\/index.php\/wp-json\/wp\/v2\/media\/106680"}],"wp:attachment":[{"href":"https:\/\/infoecos.com.ar\/index.php\/wp-json\/wp\/v2\/media?parent=116843"}],"wp:term":[{"taxonomy":"category","embeddable":true,"href":"https:\/\/infoecos.com.ar\/index.php\/wp-json\/wp\/v2\/categories?post=116843"},{"taxonomy":"post_tag","embeddable":true,"href":"https:\/\/infoecos.com.ar\/index.php\/wp-json\/wp\/v2\/tags?post=116843"}],"curies":[{"name":"wp","href":"https:\/\/api.w.org\/{rel}","templated":true}]}}