{"id":116881,"date":"2023-12-28T15:00:23","date_gmt":"2023-12-28T18:00:23","guid":{"rendered":"https:\/\/infoecos.com.ar\/?p=116881"},"modified":"2023-12-29T16:29:14","modified_gmt":"2023-12-29T19:29:14","slug":"vamos-a-poner-todo-de-nuestra-parte-para-que-podamos-tener-el-mejor-distrito-dijo-recoulat","status":"publish","type":"post","link":"https:\/\/infoecos.com.ar\/index.php\/vamos-a-poner-todo-de-nuestra-parte-para-que-podamos-tener-el-mejor-distrito-dijo-recoulat\/","title":{"rendered":"\u00abTodo de nuestra parte para tener el mejor distrito\u00bb, dijo Recoulat"},"content":{"rendered":"\n<p>El intendente municipal, Francisco Recoulat, se reuni\u00f3 cerca del mediod\u00eda de hoy con los representantes de los medios de comunicaci\u00f3n del distrito para compartir el tradicional brindis de fin de a\u00f1o. Estuvo acompa\u00f1ado por los secretarios de Hacienda, Gobierno, Legal y T\u00e9cnica, General, Obras P\u00fablicas y de Salud, Alfredo Zambiasio, Mart\u00edn Borraz\u00e1s, Gustavo Marchabalo, Juan Manuel Sotullo, Manuel Silva Mu\u00f1oz y Dr. Sergio Valente, respectivamente. Tambi\u00e9n estuvo presente el subsecretario de Desarrollo Econ\u00f3mico y Productivo, Germ\u00e1n Lauro.<\/p>\n\n\n\n<figure class=\"wp-block-gallery has-nested-images columns-default is-cropped wp-block-gallery-1 is-layout-flex wp-block-gallery-is-layout-flex\">\n<figure class=\"wp-block-image size-large\"><img loading=\"lazy\" decoding=\"async\" width=\"1600\" height=\"1070\" data-id=\"116882\" src=\"https:\/\/infoecos.com.ar\/wp-content\/uploads\/2023\/12\/DSC_4812-1600x1070.jpg\" alt=\"\" class=\"wp-image-116882\" srcset=\"https:\/\/infoecos.com.ar\/wp-content\/uploads\/2023\/12\/DSC_4812-1600x1070.jpg 1600w, https:\/\/infoecos.com.ar\/wp-content\/uploads\/2023\/12\/DSC_4812-800x535.jpg 800w, https:\/\/infoecos.com.ar\/wp-content\/uploads\/2023\/12\/DSC_4812-768x513.jpg 768w, https:\/\/infoecos.com.ar\/wp-content\/uploads\/2023\/12\/DSC_4812-1536x1027.jpg 1536w, https:\/\/infoecos.com.ar\/wp-content\/uploads\/2023\/12\/DSC_4812-2048x1369.jpg 2048w, https:\/\/infoecos.com.ar\/wp-content\/uploads\/2023\/12\/DSC_4812-1024x684.jpg 1024w, https:\/\/infoecos.com.ar\/wp-content\/uploads\/2023\/12\/DSC_4812-675x450.jpg 675w\" sizes=\"(max-width: 1600px) 100vw, 1600px\" \/><figcaption class=\"wp-element-caption\">Brindis periodistas &#8211; Recoulat<\/figcaption><\/figure>\n\n\n\n<figure class=\"wp-block-image size-large\"><img loading=\"lazy\" decoding=\"async\" width=\"1600\" height=\"1070\" data-id=\"116883\" src=\"https:\/\/infoecos.com.ar\/wp-content\/uploads\/2023\/12\/DSC_4813-1600x1070.jpg\" alt=\"\" class=\"wp-image-116883\" srcset=\"https:\/\/infoecos.com.ar\/wp-content\/uploads\/2023\/12\/DSC_4813-1600x1070.jpg 1600w, https:\/\/infoecos.com.ar\/wp-content\/uploads\/2023\/12\/DSC_4813-800x535.jpg 800w, https:\/\/infoecos.com.ar\/wp-content\/uploads\/2023\/12\/DSC_4813-768x513.jpg 768w, https:\/\/infoecos.com.ar\/wp-content\/uploads\/2023\/12\/DSC_4813-1536x1027.jpg 1536w, https:\/\/infoecos.com.ar\/wp-content\/uploads\/2023\/12\/DSC_4813-2048x1369.jpg 2048w, https:\/\/infoecos.com.ar\/wp-content\/uploads\/2023\/12\/DSC_4813-1024x684.jpg 1024w, https:\/\/infoecos.com.ar\/wp-content\/uploads\/2023\/12\/DSC_4813-675x450.jpg 675w\" sizes=\"(max-width: 1600px) 100vw, 1600px\" \/><figcaption class=\"wp-element-caption\">Brindis periodistas &#8211; Recoulat<\/figcaption><\/figure>\n\n\n\n<figure class=\"wp-block-image size-large\"><img loading=\"lazy\" decoding=\"async\" width=\"1600\" height=\"1070\" data-id=\"116884\" src=\"https:\/\/infoecos.com.ar\/wp-content\/uploads\/2023\/12\/DSC_4815-1600x1070.jpg\" alt=\"\" class=\"wp-image-116884\" srcset=\"https:\/\/infoecos.com.ar\/wp-content\/uploads\/2023\/12\/DSC_4815-1600x1070.jpg 1600w, https:\/\/infoecos.com.ar\/wp-content\/uploads\/2023\/12\/DSC_4815-800x535.jpg 800w, https:\/\/infoecos.com.ar\/wp-content\/uploads\/2023\/12\/DSC_4815-768x513.jpg 768w, https:\/\/infoecos.com.ar\/wp-content\/uploads\/2023\/12\/DSC_4815-1536x1027.jpg 1536w, https:\/\/infoecos.com.ar\/wp-content\/uploads\/2023\/12\/DSC_4815-2048x1369.jpg 2048w, https:\/\/infoecos.com.ar\/wp-content\/uploads\/2023\/12\/DSC_4815-1024x684.jpg 1024w, https:\/\/infoecos.com.ar\/wp-content\/uploads\/2023\/12\/DSC_4815-675x450.jpg 675w\" sizes=\"(max-width: 1600px) 100vw, 1600px\" \/><figcaption class=\"wp-element-caption\">Brindis periodistas &#8211; Recoulat<\/figcaption><\/figure>\n<\/figure>\n\n\n\n<p>Recoulat reconoci\u00f3 el trabajo de los periodistas y medios de comunicaci\u00f3n \u201cinformando a la comunidad no solo la parte institucional en lo vinculado con la Municipalidad sino tambi\u00e9n transmitiendo los pedidos de los vecinos\/as y reflejando las voces de la comunidad y de las instituciones, cumpliendo un rol fundamental\u201d.<\/p>\n\n\n\n<figure class=\"wp-block-gallery has-nested-images columns-default is-cropped wp-block-gallery-2 is-layout-flex wp-block-gallery-is-layout-flex\">\n<figure class=\"wp-block-image size-large\"><img loading=\"lazy\" decoding=\"async\" width=\"1600\" height=\"1070\" data-id=\"116887\" src=\"https:\/\/infoecos.com.ar\/wp-content\/uploads\/2023\/12\/DSC_4821-1600x1070.jpg\" alt=\"\" class=\"wp-image-116887\" srcset=\"https:\/\/infoecos.com.ar\/wp-content\/uploads\/2023\/12\/DSC_4821-1600x1070.jpg 1600w, https:\/\/infoecos.com.ar\/wp-content\/uploads\/2023\/12\/DSC_4821-800x535.jpg 800w, https:\/\/infoecos.com.ar\/wp-content\/uploads\/2023\/12\/DSC_4821-768x513.jpg 768w, https:\/\/infoecos.com.ar\/wp-content\/uploads\/2023\/12\/DSC_4821-1536x1027.jpg 1536w, https:\/\/infoecos.com.ar\/wp-content\/uploads\/2023\/12\/DSC_4821-2048x1369.jpg 2048w, https:\/\/infoecos.com.ar\/wp-content\/uploads\/2023\/12\/DSC_4821-1024x684.jpg 1024w, https:\/\/infoecos.com.ar\/wp-content\/uploads\/2023\/12\/DSC_4821-675x450.jpg 675w\" sizes=\"(max-width: 1600px) 100vw, 1600px\" \/><figcaption class=\"wp-element-caption\">Brindis periodistas &#8211; Recoulat<\/figcaption><\/figure>\n\n\n\n<figure class=\"wp-block-image size-large\"><img loading=\"lazy\" decoding=\"async\" width=\"1600\" height=\"1070\" data-id=\"116886\" src=\"https:\/\/infoecos.com.ar\/wp-content\/uploads\/2023\/12\/DSC_4823-1600x1070.jpg\" alt=\"\" class=\"wp-image-116886\" srcset=\"https:\/\/infoecos.com.ar\/wp-content\/uploads\/2023\/12\/DSC_4823-1600x1070.jpg 1600w, https:\/\/infoecos.com.ar\/wp-content\/uploads\/2023\/12\/DSC_4823-800x535.jpg 800w, https:\/\/infoecos.com.ar\/wp-content\/uploads\/2023\/12\/DSC_4823-768x513.jpg 768w, https:\/\/infoecos.com.ar\/wp-content\/uploads\/2023\/12\/DSC_4823-1536x1027.jpg 1536w, https:\/\/infoecos.com.ar\/wp-content\/uploads\/2023\/12\/DSC_4823-2048x1369.jpg 2048w, https:\/\/infoecos.com.ar\/wp-content\/uploads\/2023\/12\/DSC_4823-1024x684.jpg 1024w, https:\/\/infoecos.com.ar\/wp-content\/uploads\/2023\/12\/DSC_4823-675x450.jpg 675w\" sizes=\"(max-width: 1600px) 100vw, 1600px\" \/><figcaption class=\"wp-element-caption\">Brindis periodistas &#8211; Recoulat<\/figcaption><\/figure>\n\n\n\n<figure class=\"wp-block-image size-large\"><img loading=\"lazy\" decoding=\"async\" width=\"1600\" height=\"1070\" data-id=\"116885\" src=\"https:\/\/infoecos.com.ar\/wp-content\/uploads\/2023\/12\/DSC_4826-1600x1070.jpg\" alt=\"\" class=\"wp-image-116885\" srcset=\"https:\/\/infoecos.com.ar\/wp-content\/uploads\/2023\/12\/DSC_4826-1600x1070.jpg 1600w, https:\/\/infoecos.com.ar\/wp-content\/uploads\/2023\/12\/DSC_4826-800x535.jpg 800w, https:\/\/infoecos.com.ar\/wp-content\/uploads\/2023\/12\/DSC_4826-768x513.jpg 768w, https:\/\/infoecos.com.ar\/wp-content\/uploads\/2023\/12\/DSC_4826-1536x1027.jpg 1536w, https:\/\/infoecos.com.ar\/wp-content\/uploads\/2023\/12\/DSC_4826-2048x1369.jpg 2048w, https:\/\/infoecos.com.ar\/wp-content\/uploads\/2023\/12\/DSC_4826-1024x684.jpg 1024w, https:\/\/infoecos.com.ar\/wp-content\/uploads\/2023\/12\/DSC_4826-675x450.jpg 675w\" sizes=\"(max-width: 1600px) 100vw, 1600px\" \/><figcaption class=\"wp-element-caption\">Brindis periodistas &#8211; Recoulat<\/figcaption><\/figure>\n<\/figure>\n\n\n\n<p>\u201cEs muy lindo verlos a todos, y compartir un momento distendido\u201d, dijo Recoulat, para agregar que \u201cdesde el Municipio vamos a poner todo de nuestra parte para que podamos tener el mejor distrito, y quedamos a disposici\u00f3n ante cualquier consulta\u201d.<\/p>\n\n\n\n<figure class=\"wp-block-gallery has-nested-images columns-default is-cropped wp-block-gallery-3 is-layout-flex wp-block-gallery-is-layout-flex\">\n<figure class=\"wp-block-image size-large\"><img loading=\"lazy\" decoding=\"async\" width=\"1600\" height=\"1070\" data-id=\"116889\" src=\"https:\/\/infoecos.com.ar\/wp-content\/uploads\/2023\/12\/DSC_4807-1600x1070.jpg\" alt=\"\" class=\"wp-image-116889\" srcset=\"https:\/\/infoecos.com.ar\/wp-content\/uploads\/2023\/12\/DSC_4807-1600x1070.jpg 1600w, https:\/\/infoecos.com.ar\/wp-content\/uploads\/2023\/12\/DSC_4807-800x535.jpg 800w, https:\/\/infoecos.com.ar\/wp-content\/uploads\/2023\/12\/DSC_4807-768x513.jpg 768w, https:\/\/infoecos.com.ar\/wp-content\/uploads\/2023\/12\/DSC_4807-1536x1027.jpg 1536w, https:\/\/infoecos.com.ar\/wp-content\/uploads\/2023\/12\/DSC_4807-2048x1369.jpg 2048w, https:\/\/infoecos.com.ar\/wp-content\/uploads\/2023\/12\/DSC_4807-1024x684.jpg 1024w, https:\/\/infoecos.com.ar\/wp-content\/uploads\/2023\/12\/DSC_4807-675x450.jpg 675w\" sizes=\"(max-width: 1600px) 100vw, 1600px\" \/><\/figure>\n\n\n\n<figure class=\"wp-block-image size-large\"><img loading=\"lazy\" decoding=\"async\" width=\"1600\" height=\"1070\" data-id=\"116888\" src=\"https:\/\/infoecos.com.ar\/wp-content\/uploads\/2023\/12\/DSC_4810-1600x1070.jpg\" alt=\"\" class=\"wp-image-116888\" srcset=\"https:\/\/infoecos.com.ar\/wp-content\/uploads\/2023\/12\/DSC_4810-1600x1070.jpg 1600w, https:\/\/infoecos.com.ar\/wp-content\/uploads\/2023\/12\/DSC_4810-800x535.jpg 800w, https:\/\/infoecos.com.ar\/wp-content\/uploads\/2023\/12\/DSC_4810-768x513.jpg 768w, https:\/\/infoecos.com.ar\/wp-content\/uploads\/2023\/12\/DSC_4810-1536x1027.jpg 1536w, https:\/\/infoecos.com.ar\/wp-content\/uploads\/2023\/12\/DSC_4810-2048x1369.jpg 2048w, https:\/\/infoecos.com.ar\/wp-content\/uploads\/2023\/12\/DSC_4810-1024x684.jpg 1024w, https:\/\/infoecos.com.ar\/wp-content\/uploads\/2023\/12\/DSC_4810-675x450.jpg 675w\" sizes=\"(max-width: 1600px) 100vw, 1600px\" \/><\/figure>\n<\/figure>\n","protected":false},"excerpt":{"rendered":"<p>Recoulat reconoci\u00f3 el trabajo de los periodistas y medios de comunicaci\u00f3n \u201cinformando a la comunidad no solo la parte institucional en lo vinculado con la Municipalidad sino tambi\u00e9n transmitiendo los pedidos de los vecinos\/as y reflejando las voces de la comunidad y de las instituciones, cumpliendo un rol fundamental\u201d<\/p>\n","protected":false},"author":2,"featured_media":116883,"comment_status":"closed","ping_status":"open","sticky":false,"template":"","format":"standard","meta":{"footnotes":""},"categories":[46],"tags":[9787],"class_list":["post-116881","post","type-post","status-publish","format-standard","has-post-thumbnail","hentry","category-c2nota2","tag-brindis-con-periodistas"],"yoast_head":"<!-- This site is optimized with the Yoast SEO plugin v23.4 - https:\/\/yoast.com\/wordpress\/plugins\/seo\/ -->\n<title>&quot;Todo de nuestra parte para tener el mejor distrito&quot;, dijo Recoulat - Infoecos<\/title>\n<meta name=\"robots\" content=\"index, follow, max-snippet:-1, max-image-preview:large, max-video-preview:-1\" \/>\n<link rel=\"canonical\" href=\"https:\/\/infoecos.com.ar\/index.php\/vamos-a-poner-todo-de-nuestra-parte-para-que-podamos-tener-el-mejor-distrito-dijo-recoulat\/\" \/>\n<meta property=\"og:locale\" content=\"es_ES\" \/>\n<meta property=\"og:type\" content=\"article\" \/>\n<meta property=\"og:title\" content=\"&quot;Todo de nuestra parte para tener el mejor distrito&quot;, dijo Recoulat - Infoecos\" \/>\n<meta property=\"og:description\" content=\"Recoulat reconoci\u00f3 el trabajo de los periodistas y medios de comunicaci\u00f3n \u201cinformando a la comunidad no solo la parte institucional en lo vinculado con la Municipalidad sino tambi\u00e9n transmitiendo los pedidos de los vecinos\/as y reflejando las voces de la comunidad y de las instituciones, cumpliendo un rol fundamental\u201d\" \/>\n<meta property=\"og:url\" content=\"https:\/\/infoecos.com.ar\/index.php\/vamos-a-poner-todo-de-nuestra-parte-para-que-podamos-tener-el-mejor-distrito-dijo-recoulat\/\" \/>\n<meta property=\"og:site_name\" content=\"Infoecos\" \/>\n<meta property=\"article:publisher\" content=\"https:\/\/www.facebook.com\/profile.php?id=100063200290284\" \/>\n<meta property=\"article:published_time\" content=\"2023-12-28T18:00:23+00:00\" \/>\n<meta property=\"article:modified_time\" content=\"2023-12-29T19:29:14+00:00\" \/>\n<meta property=\"og:image\" content=\"https:\/\/infoecos.com.ar\/wp-content\/uploads\/2023\/12\/DSC_4813-scaled.jpg\" \/>\n\t<meta property=\"og:image:width\" content=\"2560\" \/>\n\t<meta property=\"og:image:height\" content=\"1711\" \/>\n\t<meta property=\"og:image:type\" content=\"image\/jpeg\" \/>\n<meta name=\"author\" content=\"Jorge Matheus\" \/>\n<meta name=\"twitter:card\" content=\"summary_large_image\" \/>\n<meta name=\"twitter:creator\" content=\"@infoecos\" \/>\n<meta name=\"twitter:site\" content=\"@infoecos\" \/>\n<meta name=\"twitter:label1\" content=\"Escrito por\" \/>\n\t<meta name=\"twitter:data1\" content=\"Jorge Matheus\" \/>\n\t<meta name=\"twitter:label2\" content=\"Tiempo de lectura\" \/>\n\t<meta name=\"twitter:data2\" content=\"3 minutos\" \/>\n<script type=\"application\/ld+json\" class=\"yoast-schema-graph\">{\"@context\":\"https:\/\/schema.org\",\"@graph\":[{\"@type\":\"Article\",\"@id\":\"https:\/\/infoecos.com.ar\/index.php\/vamos-a-poner-todo-de-nuestra-parte-para-que-podamos-tener-el-mejor-distrito-dijo-recoulat\/#article\",\"isPartOf\":{\"@id\":\"https:\/\/infoecos.com.ar\/index.php\/vamos-a-poner-todo-de-nuestra-parte-para-que-podamos-tener-el-mejor-distrito-dijo-recoulat\/\"},\"author\":{\"name\":\"Jorge Matheus\",\"@id\":\"https:\/\/infoecos.com.ar\/#\/schema\/person\/8f5ace5ce73b4b4aac4b7245aee6f191\"},\"headline\":\"\u00abTodo de nuestra parte para tener el mejor distrito\u00bb, dijo Recoulat\",\"datePublished\":\"2023-12-28T18:00:23+00:00\",\"dateModified\":\"2023-12-29T19:29:14+00:00\",\"mainEntityOfPage\":{\"@id\":\"https:\/\/infoecos.com.ar\/index.php\/vamos-a-poner-todo-de-nuestra-parte-para-que-podamos-tener-el-mejor-distrito-dijo-recoulat\/\"},\"wordCount\":217,\"publisher\":{\"@id\":\"https:\/\/infoecos.com.ar\/#organization\"},\"image\":{\"@id\":\"https:\/\/infoecos.com.ar\/index.php\/vamos-a-poner-todo-de-nuestra-parte-para-que-podamos-tener-el-mejor-distrito-dijo-recoulat\/#primaryimage\"},\"thumbnailUrl\":\"https:\/\/infoecos.com.ar\/wp-content\/uploads\/2023\/12\/DSC_4813-scaled.jpg\",\"keywords\":[\"BRINDIS CON PERIODISTAS\"],\"articleSection\":[\"C2 N2\"],\"inLanguage\":\"es\"},{\"@type\":\"WebPage\",\"@id\":\"https:\/\/infoecos.com.ar\/index.php\/vamos-a-poner-todo-de-nuestra-parte-para-que-podamos-tener-el-mejor-distrito-dijo-recoulat\/\",\"url\":\"https:\/\/infoecos.com.ar\/index.php\/vamos-a-poner-todo-de-nuestra-parte-para-que-podamos-tener-el-mejor-distrito-dijo-recoulat\/\",\"name\":\"\\\"Todo de nuestra parte para tener el mejor distrito\\\", dijo Recoulat - Infoecos\",\"isPartOf\":{\"@id\":\"https:\/\/infoecos.com.ar\/#website\"},\"primaryImageOfPage\":{\"@id\":\"https:\/\/infoecos.com.ar\/index.php\/vamos-a-poner-todo-de-nuestra-parte-para-que-podamos-tener-el-mejor-distrito-dijo-recoulat\/#primaryimage\"},\"image\":{\"@id\":\"https:\/\/infoecos.com.ar\/index.php\/vamos-a-poner-todo-de-nuestra-parte-para-que-podamos-tener-el-mejor-distrito-dijo-recoulat\/#primaryimage\"},\"thumbnailUrl\":\"https:\/\/infoecos.com.ar\/wp-content\/uploads\/2023\/12\/DSC_4813-scaled.jpg\",\"datePublished\":\"2023-12-28T18:00:23+00:00\",\"dateModified\":\"2023-12-29T19:29:14+00:00\",\"breadcrumb\":{\"@id\":\"https:\/\/infoecos.com.ar\/index.php\/vamos-a-poner-todo-de-nuestra-parte-para-que-podamos-tener-el-mejor-distrito-dijo-recoulat\/#breadcrumb\"},\"inLanguage\":\"es\",\"potentialAction\":[{\"@type\":\"ReadAction\",\"target\":[\"https:\/\/infoecos.com.ar\/index.php\/vamos-a-poner-todo-de-nuestra-parte-para-que-podamos-tener-el-mejor-distrito-dijo-recoulat\/\"]}]},{\"@type\":\"ImageObject\",\"inLanguage\":\"es\",\"@id\":\"https:\/\/infoecos.com.ar\/index.php\/vamos-a-poner-todo-de-nuestra-parte-para-que-podamos-tener-el-mejor-distrito-dijo-recoulat\/#primaryimage\",\"url\":\"https:\/\/infoecos.com.ar\/wp-content\/uploads\/2023\/12\/DSC_4813-scaled.jpg\",\"contentUrl\":\"https:\/\/infoecos.com.ar\/wp-content\/uploads\/2023\/12\/DSC_4813-scaled.jpg\",\"width\":2560,\"height\":1711},{\"@type\":\"BreadcrumbList\",\"@id\":\"https:\/\/infoecos.com.ar\/index.php\/vamos-a-poner-todo-de-nuestra-parte-para-que-podamos-tener-el-mejor-distrito-dijo-recoulat\/#breadcrumb\",\"itemListElement\":[{\"@type\":\"ListItem\",\"position\":1,\"name\":\"Portada\",\"item\":\"https:\/\/infoecos.com.ar\/\"},{\"@type\":\"ListItem\",\"position\":2,\"name\":\"\u00abTodo de nuestra parte para tener el mejor distrito\u00bb, dijo Recoulat\"}]},{\"@type\":\"WebSite\",\"@id\":\"https:\/\/infoecos.com.ar\/#website\",\"url\":\"https:\/\/infoecos.com.ar\/\",\"name\":\"Infoecos\",\"description\":\"Noticias de trenque lauquen y la zona\",\"publisher\":{\"@id\":\"https:\/\/infoecos.com.ar\/#organization\"},\"alternateName\":\"Noticias\",\"potentialAction\":[{\"@type\":\"SearchAction\",\"target\":{\"@type\":\"EntryPoint\",\"urlTemplate\":\"https:\/\/infoecos.com.ar\/?s={search_term_string}\"},\"query-input\":{\"@type\":\"PropertyValueSpecification\",\"valueRequired\":true,\"valueName\":\"search_term_string\"}}],\"inLanguage\":\"es\"},{\"@type\":\"Organization\",\"@id\":\"https:\/\/infoecos.com.ar\/#organization\",\"name\":\"Infoecos\",\"alternateName\":\"Noticias\",\"url\":\"https:\/\/infoecos.com.ar\/\",\"logo\":{\"@type\":\"ImageObject\",\"inLanguage\":\"es\",\"@id\":\"https:\/\/infoecos.com.ar\/#\/schema\/logo\/image\/\",\"url\":\"https:\/\/infoecos.com.ar\/wp-content\/uploads\/2024\/03\/cropped-logo.png\",\"contentUrl\":\"https:\/\/infoecos.com.ar\/wp-content\/uploads\/2024\/03\/cropped-logo.png\",\"width\":374,\"height\":90,\"caption\":\"Infoecos\"},\"image\":{\"@id\":\"https:\/\/infoecos.com.ar\/#\/schema\/logo\/image\/\"},\"sameAs\":[\"https:\/\/www.facebook.com\/profile.php?id=100063200290284\",\"https:\/\/x.com\/infoecos\"]},{\"@type\":\"Person\",\"@id\":\"https:\/\/infoecos.com.ar\/#\/schema\/person\/8f5ace5ce73b4b4aac4b7245aee6f191\",\"name\":\"Jorge Matheus\",\"url\":\"https:\/\/infoecos.com.ar\/index.php\/author\/jomatheus\/\"}]}<\/script>\n<!-- \/ Yoast SEO plugin. -->","yoast_head_json":{"title":"\"Todo de nuestra parte para tener el mejor distrito\", dijo Recoulat - Infoecos","robots":{"index":"index","follow":"follow","max-snippet":"max-snippet:-1","max-image-preview":"max-image-preview:large","max-video-preview":"max-video-preview:-1"},"canonical":"https:\/\/infoecos.com.ar\/index.php\/vamos-a-poner-todo-de-nuestra-parte-para-que-podamos-tener-el-mejor-distrito-dijo-recoulat\/","og_locale":"es_ES","og_type":"article","og_title":"\"Todo de nuestra parte para tener el mejor distrito\", dijo Recoulat - Infoecos","og_description":"Recoulat reconoci\u00f3 el trabajo de los periodistas y medios de comunicaci\u00f3n \u201cinformando a la comunidad no solo la parte institucional en lo vinculado con la Municipalidad sino tambi\u00e9n transmitiendo los pedidos de los vecinos\/as y reflejando las voces de la comunidad y de las instituciones, cumpliendo un rol fundamental\u201d","og_url":"https:\/\/infoecos.com.ar\/index.php\/vamos-a-poner-todo-de-nuestra-parte-para-que-podamos-tener-el-mejor-distrito-dijo-recoulat\/","og_site_name":"Infoecos","article_publisher":"https:\/\/www.facebook.com\/profile.php?id=100063200290284","article_published_time":"2023-12-28T18:00:23+00:00","article_modified_time":"2023-12-29T19:29:14+00:00","og_image":[{"width":2560,"height":1711,"url":"https:\/\/infoecos.com.ar\/wp-content\/uploads\/2023\/12\/DSC_4813-scaled.jpg","type":"image\/jpeg"}],"author":"Jorge Matheus","twitter_card":"summary_large_image","twitter_creator":"@infoecos","twitter_site":"@infoecos","twitter_misc":{"Escrito por":"Jorge Matheus","Tiempo de lectura":"3 minutos"},"schema":{"@context":"https:\/\/schema.org","@graph":[{"@type":"Article","@id":"https:\/\/infoecos.com.ar\/index.php\/vamos-a-poner-todo-de-nuestra-parte-para-que-podamos-tener-el-mejor-distrito-dijo-recoulat\/#article","isPartOf":{"@id":"https:\/\/infoecos.com.ar\/index.php\/vamos-a-poner-todo-de-nuestra-parte-para-que-podamos-tener-el-mejor-distrito-dijo-recoulat\/"},"author":{"name":"Jorge Matheus","@id":"https:\/\/infoecos.com.ar\/#\/schema\/person\/8f5ace5ce73b4b4aac4b7245aee6f191"},"headline":"\u00abTodo de nuestra parte para tener el mejor distrito\u00bb, dijo Recoulat","datePublished":"2023-12-28T18:00:23+00:00","dateModified":"2023-12-29T19:29:14+00:00","mainEntityOfPage":{"@id":"https:\/\/infoecos.com.ar\/index.php\/vamos-a-poner-todo-de-nuestra-parte-para-que-podamos-tener-el-mejor-distrito-dijo-recoulat\/"},"wordCount":217,"publisher":{"@id":"https:\/\/infoecos.com.ar\/#organization"},"image":{"@id":"https:\/\/infoecos.com.ar\/index.php\/vamos-a-poner-todo-de-nuestra-parte-para-que-podamos-tener-el-mejor-distrito-dijo-recoulat\/#primaryimage"},"thumbnailUrl":"https:\/\/infoecos.com.ar\/wp-content\/uploads\/2023\/12\/DSC_4813-scaled.jpg","keywords":["BRINDIS CON PERIODISTAS"],"articleSection":["C2 N2"],"inLanguage":"es"},{"@type":"WebPage","@id":"https:\/\/infoecos.com.ar\/index.php\/vamos-a-poner-todo-de-nuestra-parte-para-que-podamos-tener-el-mejor-distrito-dijo-recoulat\/","url":"https:\/\/infoecos.com.ar\/index.php\/vamos-a-poner-todo-de-nuestra-parte-para-que-podamos-tener-el-mejor-distrito-dijo-recoulat\/","name":"\"Todo de nuestra parte para tener el mejor distrito\", dijo Recoulat - Infoecos","isPartOf":{"@id":"https:\/\/infoecos.com.ar\/#website"},"primaryImageOfPage":{"@id":"https:\/\/infoecos.com.ar\/index.php\/vamos-a-poner-todo-de-nuestra-parte-para-que-podamos-tener-el-mejor-distrito-dijo-recoulat\/#primaryimage"},"image":{"@id":"https:\/\/infoecos.com.ar\/index.php\/vamos-a-poner-todo-de-nuestra-parte-para-que-podamos-tener-el-mejor-distrito-dijo-recoulat\/#primaryimage"},"thumbnailUrl":"https:\/\/infoecos.com.ar\/wp-content\/uploads\/2023\/12\/DSC_4813-scaled.jpg","datePublished":"2023-12-28T18:00:23+00:00","dateModified":"2023-12-29T19:29:14+00:00","breadcrumb":{"@id":"https:\/\/infoecos.com.ar\/index.php\/vamos-a-poner-todo-de-nuestra-parte-para-que-podamos-tener-el-mejor-distrito-dijo-recoulat\/#breadcrumb"},"inLanguage":"es","potentialAction":[{"@type":"ReadAction","target":["https:\/\/infoecos.com.ar\/index.php\/vamos-a-poner-todo-de-nuestra-parte-para-que-podamos-tener-el-mejor-distrito-dijo-recoulat\/"]}]},{"@type":"ImageObject","inLanguage":"es","@id":"https:\/\/infoecos.com.ar\/index.php\/vamos-a-poner-todo-de-nuestra-parte-para-que-podamos-tener-el-mejor-distrito-dijo-recoulat\/#primaryimage","url":"https:\/\/infoecos.com.ar\/wp-content\/uploads\/2023\/12\/DSC_4813-scaled.jpg","contentUrl":"https:\/\/infoecos.com.ar\/wp-content\/uploads\/2023\/12\/DSC_4813-scaled.jpg","width":2560,"height":1711},{"@type":"BreadcrumbList","@id":"https:\/\/infoecos.com.ar\/index.php\/vamos-a-poner-todo-de-nuestra-parte-para-que-podamos-tener-el-mejor-distrito-dijo-recoulat\/#breadcrumb","itemListElement":[{"@type":"ListItem","position":1,"name":"Portada","item":"https:\/\/infoecos.com.ar\/"},{"@type":"ListItem","position":2,"name":"\u00abTodo de nuestra parte para tener el mejor distrito\u00bb, dijo Recoulat"}]},{"@type":"WebSite","@id":"https:\/\/infoecos.com.ar\/#website","url":"https:\/\/infoecos.com.ar\/","name":"Infoecos","description":"Noticias de trenque lauquen y la zona","publisher":{"@id":"https:\/\/infoecos.com.ar\/#organization"},"alternateName":"Noticias","potentialAction":[{"@type":"SearchAction","target":{"@type":"EntryPoint","urlTemplate":"https:\/\/infoecos.com.ar\/?s={search_term_string}"},"query-input":{"@type":"PropertyValueSpecification","valueRequired":true,"valueName":"search_term_string"}}],"inLanguage":"es"},{"@type":"Organization","@id":"https:\/\/infoecos.com.ar\/#organization","name":"Infoecos","alternateName":"Noticias","url":"https:\/\/infoecos.com.ar\/","logo":{"@type":"ImageObject","inLanguage":"es","@id":"https:\/\/infoecos.com.ar\/#\/schema\/logo\/image\/","url":"https:\/\/infoecos.com.ar\/wp-content\/uploads\/2024\/03\/cropped-logo.png","contentUrl":"https:\/\/infoecos.com.ar\/wp-content\/uploads\/2024\/03\/cropped-logo.png","width":374,"height":90,"caption":"Infoecos"},"image":{"@id":"https:\/\/infoecos.com.ar\/#\/schema\/logo\/image\/"},"sameAs":["https:\/\/www.facebook.com\/profile.php?id=100063200290284","https:\/\/x.com\/infoecos"]},{"@type":"Person","@id":"https:\/\/infoecos.com.ar\/#\/schema\/person\/8f5ace5ce73b4b4aac4b7245aee6f191","name":"Jorge Matheus","url":"https:\/\/infoecos.com.ar\/index.php\/author\/jomatheus\/"}]}},"featured_image_urls":{"full":["https:\/\/infoecos.com.ar\/wp-content\/uploads\/2023\/12\/DSC_4813-scaled.jpg",2560,1711,false],"thumbnail":["https:\/\/infoecos.com.ar\/wp-content\/uploads\/2023\/12\/DSC_4813-300x150.jpg",300,150,true],"medium":["https:\/\/infoecos.com.ar\/wp-content\/uploads\/2023\/12\/DSC_4813-800x535.jpg",800,535,true],"medium_large":["https:\/\/infoecos.com.ar\/wp-content\/uploads\/2023\/12\/DSC_4813-768x513.jpg",640,428,true],"large":["https:\/\/infoecos.com.ar\/wp-content\/uploads\/2023\/12\/DSC_4813-1600x1070.jpg",640,428,true],"1536x1536":["https:\/\/infoecos.com.ar\/wp-content\/uploads\/2023\/12\/DSC_4813-1536x1027.jpg",1536,1027,true],"2048x2048":["https:\/\/infoecos.com.ar\/wp-content\/uploads\/2023\/12\/DSC_4813-2048x1369.jpg",2048,1369,true],"covernews-slider-full":["https:\/\/infoecos.com.ar\/wp-content\/uploads\/2023\/12\/DSC_4813-1536x1020.jpg",1077,715,true],"covernews-slider-center":["https:\/\/infoecos.com.ar\/wp-content\/uploads\/2023\/12\/DSC_4813-936x897.jpg",522,500,true],"covernews-featured":["https:\/\/infoecos.com.ar\/wp-content\/uploads\/2023\/12\/DSC_4813-1024x684.jpg",1024,684,true],"covernews-medium":["https:\/\/infoecos.com.ar\/wp-content\/uploads\/2023\/12\/DSC_4813-720x380.jpg",540,285,true],"covernews-medium-square":["https:\/\/infoecos.com.ar\/wp-content\/uploads\/2023\/12\/DSC_4813-675x450.jpg",375,250,true]},"author_info":{"info":["Jorge Matheus"]},"category_info":"<a href=\"https:\/\/infoecos.com.ar\/index.php\/category\/c2nota2\/\" rel=\"category tag\">C2 N2<\/a>","tag_info":"C2 N2","comment_count":"0","_links":{"self":[{"href":"https:\/\/infoecos.com.ar\/index.php\/wp-json\/wp\/v2\/posts\/116881"}],"collection":[{"href":"https:\/\/infoecos.com.ar\/index.php\/wp-json\/wp\/v2\/posts"}],"about":[{"href":"https:\/\/infoecos.com.ar\/index.php\/wp-json\/wp\/v2\/types\/post"}],"author":[{"embeddable":true,"href":"https:\/\/infoecos.com.ar\/index.php\/wp-json\/wp\/v2\/users\/2"}],"replies":[{"embeddable":true,"href":"https:\/\/infoecos.com.ar\/index.php\/wp-json\/wp\/v2\/comments?post=116881"}],"version-history":[{"count":2,"href":"https:\/\/infoecos.com.ar\/index.php\/wp-json\/wp\/v2\/posts\/116881\/revisions"}],"predecessor-version":[{"id":116896,"href":"https:\/\/infoecos.com.ar\/index.php\/wp-json\/wp\/v2\/posts\/116881\/revisions\/116896"}],"wp:featuredmedia":[{"embeddable":true,"href":"https:\/\/infoecos.com.ar\/index.php\/wp-json\/wp\/v2\/media\/116883"}],"wp:attachment":[{"href":"https:\/\/infoecos.com.ar\/index.php\/wp-json\/wp\/v2\/media?parent=116881"}],"wp:term":[{"taxonomy":"category","embeddable":true,"href":"https:\/\/infoecos.com.ar\/index.php\/wp-json\/wp\/v2\/categories?post=116881"},{"taxonomy":"post_tag","embeddable":true,"href":"https:\/\/infoecos.com.ar\/index.php\/wp-json\/wp\/v2\/tags?post=116881"}],"curies":[{"name":"wp","href":"https:\/\/api.w.org\/{rel}","templated":true}]}}