{"id":116893,"date":"2023-12-28T15:17:12","date_gmt":"2023-12-28T18:17:12","guid":{"rendered":"https:\/\/infoecos.com.ar\/?p=116893"},"modified":"2024-01-05T09:05:42","modified_gmt":"2024-01-05T12:05:42","slug":"presupuesto-municipal-32-433-091-017-pesos-con-60-para-cubrir-la-inversion-en-personal","status":"publish","type":"post","link":"https:\/\/infoecos.com.ar\/index.php\/presupuesto-municipal-32-433-091-017-pesos-con-60-para-cubrir-la-inversion-en-personal\/","title":{"rendered":"32.433.091.017 pesos, con aumento de tasas debajo de los porcentajes en la regi\u00f3n"},"content":{"rendered":"\n<figure class=\"wp-block-image alignright size-full is-resized\"><img loading=\"lazy\" decoding=\"async\" src=\"https:\/\/infoecos.com.ar\/wp-content\/uploads\/2021\/07\/Municipalidad-1.jpeg\" alt=\"\" class=\"wp-image-82179\" width=\"369\" height=\"245\" srcset=\"https:\/\/infoecos.com.ar\/wp-content\/uploads\/2021\/07\/Municipalidad-1.jpeg 902w, https:\/\/infoecos.com.ar\/wp-content\/uploads\/2021\/07\/Municipalidad-1-460x306.jpeg 460w, https:\/\/infoecos.com.ar\/wp-content\/uploads\/2021\/07\/Municipalidad-1-768x511.jpeg 768w, https:\/\/infoecos.com.ar\/wp-content\/uploads\/2021\/07\/Municipalidad-1-675x450.jpeg 675w\" sizes=\"(max-width: 369px) 100vw, 369px\" \/><\/figure>\n\n\n\n<p>El Departamento Ejecutivo de Trenque Lauquen present\u00f3 en el Concejo Deliberante el proyecto de Presupuesto de C\u00e1lculo de Recursos y Gastos para el pr\u00f3ximo a\u00f1o por un monto que asciende a 32.433.091.017 pesos. Comprende la totalidad de los recursos y gastos de car\u00e1cter ordinario, extraordinario, afectados y especiales de cada una de las instituciones centralizadas y descentralizadas, y tambi\u00e9n del legislativo.<\/p>\n\n\n\n<p>Para la elaboraci\u00f3n del presupuesto se trabaj\u00f3 con pautas propias, efectuando recortes de gastos en pr\u00e1cticamente todas las \u00e1reas y adoptando medidas de una mayor severidad en el control de los recursos p\u00fablicos, sin descartar la posibilidad de que en el transcurso del a\u00f1o, el presupuesto proyectado deba ser modificado.<\/p>\n\n\n\n<p>Al igual que el C\u00e1lculo de Recursos, el Presupuesto de Gastos se desglosa en Administraci\u00f3n Central, por 28.578.080.225,60 de pesos, y el Ente Descentralizado 30 de Agosto, por 3.855.011.091,21 de pesos.<\/p>\n\n\n\n<p>El gasto en Personal, contemplado en 19.445.887.435,62 de pesos, es el m\u00e1s representativo del total de los gastos, alcanzando el 60 por ciento del presupuesto para el pr\u00f3ximo a\u00f1o. La erogaci\u00f3n en personal se incrementa en un 199,8 por ciento.<\/p>\n\n\n\n<figure class=\"wp-block-image alignright size-full is-resized\"><img loading=\"lazy\" decoding=\"async\" src=\"https:\/\/infoecos.com.ar\/wp-content\/uploads\/2023\/02\/Hospital-Municipal-1.jpg\" alt=\"\" class=\"wp-image-101440\" width=\"377\" height=\"250\" srcset=\"https:\/\/infoecos.com.ar\/wp-content\/uploads\/2023\/02\/Hospital-Municipal-1.jpg 938w, https:\/\/infoecos.com.ar\/wp-content\/uploads\/2023\/02\/Hospital-Municipal-1-800x533.jpg 800w, https:\/\/infoecos.com.ar\/wp-content\/uploads\/2023\/02\/Hospital-Municipal-1-768x512.jpg 768w, https:\/\/infoecos.com.ar\/wp-content\/uploads\/2023\/02\/Hospital-Municipal-1-675x450.jpg 675w\" sizes=\"(max-width: 377px) 100vw, 377px\" \/><\/figure>\n\n\n\n<p>Salud tiene asignado un presupuesto que, analizada de acuerdo a la finalidad y funci\u00f3n, alcanza el 28,9 por ciento del Presupuesto total. Contiene partidas para avanzar en la construcci\u00f3n de la obra de la Unidad Coronaria y Terapia Intensiva del Hospital Pedro T. Orellana y para la compra de equipamiento para las distintas \u00e1reas del sistema de salud del distrito.<\/p>\n\n\n\n<p>Tambi\u00e9n se encuentran presupuestadas partidas para finalizar diferentes obras en marcha, como la ampliaci\u00f3n del Hogar Luis Alberto C\u00f3rdoba, en 30 de Agosto; el Jard\u00edn Soles; el Centro de D\u00eda; y la Oficina de la DDI y 911, en la Sala de Monitoreo. <\/p>\n\n\n\n<p>Se prev\u00e9n fondos para realizar aquellas obras por Contribuci\u00f3n por mejoras que est\u00e1n por alcanzar el porcentaje de pago para su ejecuci\u00f3n: se trata de obras de cord\u00f3n cuneta, alumbrado p\u00fablico, agua, cloaca y asfalto.<\/p>\n\n\n\n<figure class=\"wp-block-image alignright size-large is-resized\"><img loading=\"lazy\" decoding=\"async\" src=\"https:\/\/infoecos.com.ar\/wp-content\/uploads\/Obra-Maldonado-pavimento-9-920x613.jpg\" alt=\"\" class=\"wp-image-46802\" width=\"371\" height=\"246\"\/><figcaption class=\"wp-element-caption\">Trenque Lauquen &#8211; Pavimentaci\u00f3n (archivo)<\/figcaption><\/figure>\n\n\n\n<p>Se incluyen fondos para avanzar en la provisi\u00f3n de distintos servicios en tierras municipales, como agua, cloaca, cord\u00f3n cuneta y tendido el\u00e9ctrico.<\/p>\n\n\n\n<p>Hay fondos presupuestados para la mejora de espacios p\u00fablicos y el Presupuesto Participativo, incluyendo la modalidad Joven para la ciudad cabecera, 30 de Agosto y Beruti. El total del distrito asciende a 189.881.568,45 pesos.<\/p>\n\n\n\n<p>Dentro de la Secretaria de Hacienda se previ\u00f3 la suma de 80.000.000 de pesos para pr\u00e9stamos a empleados municipales con destino a la refacci\u00f3n de inmuebles seg\u00fan la Ordenanza n\u00b05233\/2022.<\/p>\n\n\n\n<p>Est\u00e1n presupuestados 12.000.000 de pesos para los Premios Est\u00edmulo (Ordenanza n\u00ba5096\/2020), donde pueden participar aquellos\/as contribuyentes que tengan sus tasas, contribuciones de mejoras y planes de pago al d\u00eda.<\/p>\n\n\n\n<figure class=\"wp-block-image alignright size-full is-resized\"><img loading=\"lazy\" decoding=\"async\" src=\"https:\/\/infoecos.com.ar\/wp-content\/uploads\/299886_102931833150643_1545881523_n.jpg\" alt=\"\" class=\"wp-image-35808\" width=\"394\" height=\"296\"\/><figcaption class=\"wp-element-caption\">Trenque Lauquen im\u00e1genes de la ciudad<\/figcaption><\/figure>\n\n\n\n<p>Tasas y derechos municipales, que a la fecha se encuentran a importes de septiembre 2022 y que, por aplicaci\u00f3n de la ordenanza impositiva, se llevar\u00e1n a valores de septiembre 2023, lo que implica un aumento del 138 por ciento, inferior a lo anunciado a lo que proyectan otros municipios que van del 150 al 300 por ciento.<\/p>\n\n\n\n<p>El porcentaje de actualizaci\u00f3n (138 por ciento), traducido a pesos, y a modo de ejemplo, hace que el ABL que hoy cuesta 2.400,00 pesos mensuales -la gran mayor\u00eda del padr\u00f3n- pasar\u00e1 a ser de unos 5.800,00 pesos dependiendo de los metros de frente de cada vivienda, si tiene o no rambla, etc. Y los servicios sanitarios (agua y cloacas) que consuman el m\u00ednimo de 20 m3 bimestrales pasar\u00e1n de 3.105,00 pesos a 7.390,00 pesos, o sea unos 3.700,00 pesos mensuales. Estos valores reci\u00e9n comenzar\u00e1n a regir a partir del mes de febrero.<\/p>\n\n\n\n<p><\/p>\n","protected":false},"excerpt":{"rendered":"<p>Tasas y derechos municipales, que a la fecha se encuentran a importes de septiembre 2022 y que, por aplicaci\u00f3n de la ordenanza impositiva, se llevar\u00e1n a valores de septiembre 2023, lo que implica un aumento del 138 por ciento<\/p>\n","protected":false},"author":2,"featured_media":82179,"comment_status":"closed","ping_status":"open","sticky":false,"template":"","format":"standard","meta":{"footnotes":""},"categories":[1326],"tags":[9788],"class_list":["post-116893","post","type-post","status-publish","format-standard","has-post-thumbnail","hentry","category-c2nota6","tag-presupuesto-municipal-t-lauquen"],"yoast_head":"<!-- This site is optimized with the Yoast SEO plugin v23.4 - https:\/\/yoast.com\/wordpress\/plugins\/seo\/ -->\n<title>32.433.091.017 pesos, con aumento de tasas debajo de los porcentajes en la regi\u00f3n - Infoecos<\/title>\n<meta name=\"robots\" content=\"index, follow, max-snippet:-1, max-image-preview:large, max-video-preview:-1\" \/>\n<link rel=\"canonical\" href=\"https:\/\/infoecos.com.ar\/index.php\/presupuesto-municipal-32-433-091-017-pesos-con-60-para-cubrir-la-inversion-en-personal\/\" \/>\n<meta property=\"og:locale\" content=\"es_ES\" \/>\n<meta property=\"og:type\" content=\"article\" \/>\n<meta property=\"og:title\" content=\"32.433.091.017 pesos, con aumento de tasas debajo de los porcentajes en la regi\u00f3n - Infoecos\" \/>\n<meta property=\"og:description\" content=\"Tasas y derechos municipales, que a la fecha se encuentran a importes de septiembre 2022 y que, por aplicaci\u00f3n de la ordenanza impositiva, se llevar\u00e1n a valores de septiembre 2023, lo que implica un aumento del 138 por ciento\" \/>\n<meta property=\"og:url\" content=\"https:\/\/infoecos.com.ar\/index.php\/presupuesto-municipal-32-433-091-017-pesos-con-60-para-cubrir-la-inversion-en-personal\/\" \/>\n<meta property=\"og:site_name\" content=\"Infoecos\" \/>\n<meta property=\"article:publisher\" content=\"https:\/\/www.facebook.com\/profile.php?id=100063200290284\" \/>\n<meta property=\"article:published_time\" content=\"2023-12-28T18:17:12+00:00\" \/>\n<meta property=\"article:modified_time\" content=\"2024-01-05T12:05:42+00:00\" \/>\n<meta property=\"og:image\" content=\"https:\/\/infoecos.com.ar\/wp-content\/uploads\/2021\/07\/Municipalidad-1.jpeg\" \/>\n\t<meta property=\"og:image:width\" content=\"902\" \/>\n\t<meta property=\"og:image:height\" content=\"600\" \/>\n\t<meta property=\"og:image:type\" content=\"image\/jpeg\" \/>\n<meta name=\"author\" content=\"Jorge Matheus\" \/>\n<meta name=\"twitter:card\" content=\"summary_large_image\" \/>\n<meta name=\"twitter:creator\" content=\"@infoecos\" \/>\n<meta name=\"twitter:site\" content=\"@infoecos\" \/>\n<meta name=\"twitter:label1\" content=\"Escrito por\" \/>\n\t<meta name=\"twitter:data1\" content=\"Jorge Matheus\" \/>\n\t<meta name=\"twitter:label2\" content=\"Tiempo de lectura\" \/>\n\t<meta name=\"twitter:data2\" content=\"4 minutos\" \/>\n<script type=\"application\/ld+json\" class=\"yoast-schema-graph\">{\"@context\":\"https:\/\/schema.org\",\"@graph\":[{\"@type\":\"Article\",\"@id\":\"https:\/\/infoecos.com.ar\/index.php\/presupuesto-municipal-32-433-091-017-pesos-con-60-para-cubrir-la-inversion-en-personal\/#article\",\"isPartOf\":{\"@id\":\"https:\/\/infoecos.com.ar\/index.php\/presupuesto-municipal-32-433-091-017-pesos-con-60-para-cubrir-la-inversion-en-personal\/\"},\"author\":{\"name\":\"Jorge Matheus\",\"@id\":\"https:\/\/infoecos.com.ar\/#\/schema\/person\/8f5ace5ce73b4b4aac4b7245aee6f191\"},\"headline\":\"32.433.091.017 pesos, con aumento de tasas debajo de los porcentajes en la regi\u00f3n\",\"datePublished\":\"2023-12-28T18:17:12+00:00\",\"dateModified\":\"2024-01-05T12:05:42+00:00\",\"mainEntityOfPage\":{\"@id\":\"https:\/\/infoecos.com.ar\/index.php\/presupuesto-municipal-32-433-091-017-pesos-con-60-para-cubrir-la-inversion-en-personal\/\"},\"wordCount\":632,\"publisher\":{\"@id\":\"https:\/\/infoecos.com.ar\/#organization\"},\"image\":{\"@id\":\"https:\/\/infoecos.com.ar\/index.php\/presupuesto-municipal-32-433-091-017-pesos-con-60-para-cubrir-la-inversion-en-personal\/#primaryimage\"},\"thumbnailUrl\":\"https:\/\/infoecos.com.ar\/wp-content\/uploads\/2021\/07\/Municipalidad-1.jpeg\",\"keywords\":[\"PRESUPUESTO MUNICIPAL T.LAUQUEN\"],\"articleSection\":[\"C2 N6\"],\"inLanguage\":\"es\"},{\"@type\":\"WebPage\",\"@id\":\"https:\/\/infoecos.com.ar\/index.php\/presupuesto-municipal-32-433-091-017-pesos-con-60-para-cubrir-la-inversion-en-personal\/\",\"url\":\"https:\/\/infoecos.com.ar\/index.php\/presupuesto-municipal-32-433-091-017-pesos-con-60-para-cubrir-la-inversion-en-personal\/\",\"name\":\"32.433.091.017 pesos, con aumento de tasas debajo de los porcentajes en la regi\u00f3n - Infoecos\",\"isPartOf\":{\"@id\":\"https:\/\/infoecos.com.ar\/#website\"},\"primaryImageOfPage\":{\"@id\":\"https:\/\/infoecos.com.ar\/index.php\/presupuesto-municipal-32-433-091-017-pesos-con-60-para-cubrir-la-inversion-en-personal\/#primaryimage\"},\"image\":{\"@id\":\"https:\/\/infoecos.com.ar\/index.php\/presupuesto-municipal-32-433-091-017-pesos-con-60-para-cubrir-la-inversion-en-personal\/#primaryimage\"},\"thumbnailUrl\":\"https:\/\/infoecos.com.ar\/wp-content\/uploads\/2021\/07\/Municipalidad-1.jpeg\",\"datePublished\":\"2023-12-28T18:17:12+00:00\",\"dateModified\":\"2024-01-05T12:05:42+00:00\",\"breadcrumb\":{\"@id\":\"https:\/\/infoecos.com.ar\/index.php\/presupuesto-municipal-32-433-091-017-pesos-con-60-para-cubrir-la-inversion-en-personal\/#breadcrumb\"},\"inLanguage\":\"es\",\"potentialAction\":[{\"@type\":\"ReadAction\",\"target\":[\"https:\/\/infoecos.com.ar\/index.php\/presupuesto-municipal-32-433-091-017-pesos-con-60-para-cubrir-la-inversion-en-personal\/\"]}]},{\"@type\":\"ImageObject\",\"inLanguage\":\"es\",\"@id\":\"https:\/\/infoecos.com.ar\/index.php\/presupuesto-municipal-32-433-091-017-pesos-con-60-para-cubrir-la-inversion-en-personal\/#primaryimage\",\"url\":\"https:\/\/infoecos.com.ar\/wp-content\/uploads\/2021\/07\/Municipalidad-1.jpeg\",\"contentUrl\":\"https:\/\/infoecos.com.ar\/wp-content\/uploads\/2021\/07\/Municipalidad-1.jpeg\",\"width\":902,\"height\":600},{\"@type\":\"BreadcrumbList\",\"@id\":\"https:\/\/infoecos.com.ar\/index.php\/presupuesto-municipal-32-433-091-017-pesos-con-60-para-cubrir-la-inversion-en-personal\/#breadcrumb\",\"itemListElement\":[{\"@type\":\"ListItem\",\"position\":1,\"name\":\"Portada\",\"item\":\"https:\/\/infoecos.com.ar\/\"},{\"@type\":\"ListItem\",\"position\":2,\"name\":\"32.433.091.017 pesos, con aumento de tasas debajo de los porcentajes en la regi\u00f3n\"}]},{\"@type\":\"WebSite\",\"@id\":\"https:\/\/infoecos.com.ar\/#website\",\"url\":\"https:\/\/infoecos.com.ar\/\",\"name\":\"Infoecos\",\"description\":\"Noticias de trenque lauquen y la zona\",\"publisher\":{\"@id\":\"https:\/\/infoecos.com.ar\/#organization\"},\"alternateName\":\"Noticias\",\"potentialAction\":[{\"@type\":\"SearchAction\",\"target\":{\"@type\":\"EntryPoint\",\"urlTemplate\":\"https:\/\/infoecos.com.ar\/?s={search_term_string}\"},\"query-input\":{\"@type\":\"PropertyValueSpecification\",\"valueRequired\":true,\"valueName\":\"search_term_string\"}}],\"inLanguage\":\"es\"},{\"@type\":\"Organization\",\"@id\":\"https:\/\/infoecos.com.ar\/#organization\",\"name\":\"Infoecos\",\"alternateName\":\"Noticias\",\"url\":\"https:\/\/infoecos.com.ar\/\",\"logo\":{\"@type\":\"ImageObject\",\"inLanguage\":\"es\",\"@id\":\"https:\/\/infoecos.com.ar\/#\/schema\/logo\/image\/\",\"url\":\"https:\/\/infoecos.com.ar\/wp-content\/uploads\/2024\/03\/cropped-logo.png\",\"contentUrl\":\"https:\/\/infoecos.com.ar\/wp-content\/uploads\/2024\/03\/cropped-logo.png\",\"width\":374,\"height\":90,\"caption\":\"Infoecos\"},\"image\":{\"@id\":\"https:\/\/infoecos.com.ar\/#\/schema\/logo\/image\/\"},\"sameAs\":[\"https:\/\/www.facebook.com\/profile.php?id=100063200290284\",\"https:\/\/x.com\/infoecos\"]},{\"@type\":\"Person\",\"@id\":\"https:\/\/infoecos.com.ar\/#\/schema\/person\/8f5ace5ce73b4b4aac4b7245aee6f191\",\"name\":\"Jorge Matheus\",\"url\":\"https:\/\/infoecos.com.ar\/index.php\/author\/jomatheus\/\"}]}<\/script>\n<!-- \/ Yoast SEO plugin. -->","yoast_head_json":{"title":"32.433.091.017 pesos, con aumento de tasas debajo de los porcentajes en la regi\u00f3n - Infoecos","robots":{"index":"index","follow":"follow","max-snippet":"max-snippet:-1","max-image-preview":"max-image-preview:large","max-video-preview":"max-video-preview:-1"},"canonical":"https:\/\/infoecos.com.ar\/index.php\/presupuesto-municipal-32-433-091-017-pesos-con-60-para-cubrir-la-inversion-en-personal\/","og_locale":"es_ES","og_type":"article","og_title":"32.433.091.017 pesos, con aumento de tasas debajo de los porcentajes en la regi\u00f3n - Infoecos","og_description":"Tasas y derechos municipales, que a la fecha se encuentran a importes de septiembre 2022 y que, por aplicaci\u00f3n de la ordenanza impositiva, se llevar\u00e1n a valores de septiembre 2023, lo que implica un aumento del 138 por ciento","og_url":"https:\/\/infoecos.com.ar\/index.php\/presupuesto-municipal-32-433-091-017-pesos-con-60-para-cubrir-la-inversion-en-personal\/","og_site_name":"Infoecos","article_publisher":"https:\/\/www.facebook.com\/profile.php?id=100063200290284","article_published_time":"2023-12-28T18:17:12+00:00","article_modified_time":"2024-01-05T12:05:42+00:00","og_image":[{"width":902,"height":600,"url":"https:\/\/infoecos.com.ar\/wp-content\/uploads\/2021\/07\/Municipalidad-1.jpeg","type":"image\/jpeg"}],"author":"Jorge Matheus","twitter_card":"summary_large_image","twitter_creator":"@infoecos","twitter_site":"@infoecos","twitter_misc":{"Escrito por":"Jorge Matheus","Tiempo de lectura":"4 minutos"},"schema":{"@context":"https:\/\/schema.org","@graph":[{"@type":"Article","@id":"https:\/\/infoecos.com.ar\/index.php\/presupuesto-municipal-32-433-091-017-pesos-con-60-para-cubrir-la-inversion-en-personal\/#article","isPartOf":{"@id":"https:\/\/infoecos.com.ar\/index.php\/presupuesto-municipal-32-433-091-017-pesos-con-60-para-cubrir-la-inversion-en-personal\/"},"author":{"name":"Jorge Matheus","@id":"https:\/\/infoecos.com.ar\/#\/schema\/person\/8f5ace5ce73b4b4aac4b7245aee6f191"},"headline":"32.433.091.017 pesos, con aumento de tasas debajo de los porcentajes en la regi\u00f3n","datePublished":"2023-12-28T18:17:12+00:00","dateModified":"2024-01-05T12:05:42+00:00","mainEntityOfPage":{"@id":"https:\/\/infoecos.com.ar\/index.php\/presupuesto-municipal-32-433-091-017-pesos-con-60-para-cubrir-la-inversion-en-personal\/"},"wordCount":632,"publisher":{"@id":"https:\/\/infoecos.com.ar\/#organization"},"image":{"@id":"https:\/\/infoecos.com.ar\/index.php\/presupuesto-municipal-32-433-091-017-pesos-con-60-para-cubrir-la-inversion-en-personal\/#primaryimage"},"thumbnailUrl":"https:\/\/infoecos.com.ar\/wp-content\/uploads\/2021\/07\/Municipalidad-1.jpeg","keywords":["PRESUPUESTO MUNICIPAL T.LAUQUEN"],"articleSection":["C2 N6"],"inLanguage":"es"},{"@type":"WebPage","@id":"https:\/\/infoecos.com.ar\/index.php\/presupuesto-municipal-32-433-091-017-pesos-con-60-para-cubrir-la-inversion-en-personal\/","url":"https:\/\/infoecos.com.ar\/index.php\/presupuesto-municipal-32-433-091-017-pesos-con-60-para-cubrir-la-inversion-en-personal\/","name":"32.433.091.017 pesos, con aumento de tasas debajo de los porcentajes en la regi\u00f3n - Infoecos","isPartOf":{"@id":"https:\/\/infoecos.com.ar\/#website"},"primaryImageOfPage":{"@id":"https:\/\/infoecos.com.ar\/index.php\/presupuesto-municipal-32-433-091-017-pesos-con-60-para-cubrir-la-inversion-en-personal\/#primaryimage"},"image":{"@id":"https:\/\/infoecos.com.ar\/index.php\/presupuesto-municipal-32-433-091-017-pesos-con-60-para-cubrir-la-inversion-en-personal\/#primaryimage"},"thumbnailUrl":"https:\/\/infoecos.com.ar\/wp-content\/uploads\/2021\/07\/Municipalidad-1.jpeg","datePublished":"2023-12-28T18:17:12+00:00","dateModified":"2024-01-05T12:05:42+00:00","breadcrumb":{"@id":"https:\/\/infoecos.com.ar\/index.php\/presupuesto-municipal-32-433-091-017-pesos-con-60-para-cubrir-la-inversion-en-personal\/#breadcrumb"},"inLanguage":"es","potentialAction":[{"@type":"ReadAction","target":["https:\/\/infoecos.com.ar\/index.php\/presupuesto-municipal-32-433-091-017-pesos-con-60-para-cubrir-la-inversion-en-personal\/"]}]},{"@type":"ImageObject","inLanguage":"es","@id":"https:\/\/infoecos.com.ar\/index.php\/presupuesto-municipal-32-433-091-017-pesos-con-60-para-cubrir-la-inversion-en-personal\/#primaryimage","url":"https:\/\/infoecos.com.ar\/wp-content\/uploads\/2021\/07\/Municipalidad-1.jpeg","contentUrl":"https:\/\/infoecos.com.ar\/wp-content\/uploads\/2021\/07\/Municipalidad-1.jpeg","width":902,"height":600},{"@type":"BreadcrumbList","@id":"https:\/\/infoecos.com.ar\/index.php\/presupuesto-municipal-32-433-091-017-pesos-con-60-para-cubrir-la-inversion-en-personal\/#breadcrumb","itemListElement":[{"@type":"ListItem","position":1,"name":"Portada","item":"https:\/\/infoecos.com.ar\/"},{"@type":"ListItem","position":2,"name":"32.433.091.017 pesos, con aumento de tasas debajo de los porcentajes en la regi\u00f3n"}]},{"@type":"WebSite","@id":"https:\/\/infoecos.com.ar\/#website","url":"https:\/\/infoecos.com.ar\/","name":"Infoecos","description":"Noticias de trenque lauquen y la zona","publisher":{"@id":"https:\/\/infoecos.com.ar\/#organization"},"alternateName":"Noticias","potentialAction":[{"@type":"SearchAction","target":{"@type":"EntryPoint","urlTemplate":"https:\/\/infoecos.com.ar\/?s={search_term_string}"},"query-input":{"@type":"PropertyValueSpecification","valueRequired":true,"valueName":"search_term_string"}}],"inLanguage":"es"},{"@type":"Organization","@id":"https:\/\/infoecos.com.ar\/#organization","name":"Infoecos","alternateName":"Noticias","url":"https:\/\/infoecos.com.ar\/","logo":{"@type":"ImageObject","inLanguage":"es","@id":"https:\/\/infoecos.com.ar\/#\/schema\/logo\/image\/","url":"https:\/\/infoecos.com.ar\/wp-content\/uploads\/2024\/03\/cropped-logo.png","contentUrl":"https:\/\/infoecos.com.ar\/wp-content\/uploads\/2024\/03\/cropped-logo.png","width":374,"height":90,"caption":"Infoecos"},"image":{"@id":"https:\/\/infoecos.com.ar\/#\/schema\/logo\/image\/"},"sameAs":["https:\/\/www.facebook.com\/profile.php?id=100063200290284","https:\/\/x.com\/infoecos"]},{"@type":"Person","@id":"https:\/\/infoecos.com.ar\/#\/schema\/person\/8f5ace5ce73b4b4aac4b7245aee6f191","name":"Jorge Matheus","url":"https:\/\/infoecos.com.ar\/index.php\/author\/jomatheus\/"}]}},"featured_image_urls":{"full":["https:\/\/infoecos.com.ar\/wp-content\/uploads\/2021\/07\/Municipalidad-1.jpeg",902,600,false],"thumbnail":["https:\/\/infoecos.com.ar\/wp-content\/uploads\/2021\/07\/Municipalidad-1-150x150.jpeg",150,150,true],"medium":["https:\/\/infoecos.com.ar\/wp-content\/uploads\/2021\/07\/Municipalidad-1-460x306.jpeg",460,306,true],"medium_large":["https:\/\/infoecos.com.ar\/wp-content\/uploads\/2021\/07\/Municipalidad-1-768x511.jpeg",640,426,true],"large":["https:\/\/infoecos.com.ar\/wp-content\/uploads\/2021\/07\/Municipalidad-1.jpeg",640,426,false],"1536x1536":["https:\/\/infoecos.com.ar\/wp-content\/uploads\/2021\/07\/Municipalidad-1.jpeg",902,600,false],"2048x2048":["https:\/\/infoecos.com.ar\/wp-content\/uploads\/2021\/07\/Municipalidad-1.jpeg",902,600,false],"covernews-slider-full":["https:\/\/infoecos.com.ar\/wp-content\/uploads\/2021\/07\/Municipalidad-1.jpeg",902,600,false],"covernews-slider-center":["https:\/\/infoecos.com.ar\/wp-content\/uploads\/2021\/07\/Municipalidad-1.jpeg",752,500,false],"covernews-featured":["https:\/\/infoecos.com.ar\/wp-content\/uploads\/2021\/07\/Municipalidad-1.jpeg",902,600,false],"covernews-medium":["https:\/\/infoecos.com.ar\/wp-content\/uploads\/2021\/07\/Municipalidad-1-720x380.jpeg",540,285,true],"covernews-medium-square":["https:\/\/infoecos.com.ar\/wp-content\/uploads\/2021\/07\/Municipalidad-1-675x450.jpeg",375,250,true]},"author_info":{"info":["Jorge Matheus"]},"category_info":"<a href=\"https:\/\/infoecos.com.ar\/index.php\/category\/c2nota6\/\" rel=\"category tag\">C2 N6<\/a>","tag_info":"C2 N6","comment_count":"0","_links":{"self":[{"href":"https:\/\/infoecos.com.ar\/index.php\/wp-json\/wp\/v2\/posts\/116893"}],"collection":[{"href":"https:\/\/infoecos.com.ar\/index.php\/wp-json\/wp\/v2\/posts"}],"about":[{"href":"https:\/\/infoecos.com.ar\/index.php\/wp-json\/wp\/v2\/types\/post"}],"author":[{"embeddable":true,"href":"https:\/\/infoecos.com.ar\/index.php\/wp-json\/wp\/v2\/users\/2"}],"replies":[{"embeddable":true,"href":"https:\/\/infoecos.com.ar\/index.php\/wp-json\/wp\/v2\/comments?post=116893"}],"version-history":[{"count":5,"href":"https:\/\/infoecos.com.ar\/index.php\/wp-json\/wp\/v2\/posts\/116893\/revisions"}],"predecessor-version":[{"id":117117,"href":"https:\/\/infoecos.com.ar\/index.php\/wp-json\/wp\/v2\/posts\/116893\/revisions\/117117"}],"wp:featuredmedia":[{"embeddable":true,"href":"https:\/\/infoecos.com.ar\/index.php\/wp-json\/wp\/v2\/media\/82179"}],"wp:attachment":[{"href":"https:\/\/infoecos.com.ar\/index.php\/wp-json\/wp\/v2\/media?parent=116893"}],"wp:term":[{"taxonomy":"category","embeddable":true,"href":"https:\/\/infoecos.com.ar\/index.php\/wp-json\/wp\/v2\/categories?post=116893"},{"taxonomy":"post_tag","embeddable":true,"href":"https:\/\/infoecos.com.ar\/index.php\/wp-json\/wp\/v2\/tags?post=116893"}],"curies":[{"name":"wp","href":"https:\/\/api.w.org\/{rel}","templated":true}]}}