{"id":116899,"date":"2023-12-29T08:16:33","date_gmt":"2023-12-29T11:16:33","guid":{"rendered":"https:\/\/infoecos.com.ar\/?p=116899"},"modified":"2024-01-01T11:30:57","modified_gmt":"2024-01-01T14:30:57","slug":"senadores-y-diputados-de-buenos-aires-sanciono-el-proyecto-de-ley-impositiva","status":"publish","type":"post","link":"https:\/\/infoecos.com.ar\/index.php\/senadores-y-diputados-de-buenos-aires-sanciono-el-proyecto-de-ley-impositiva\/","title":{"rendered":"Senadores y Diputados de Buenos Aires sancionaron la Ley Fiscal Impositiva"},"content":{"rendered":"\n<figure class=\"wp-block-image alignright size-full is-resized\"><img loading=\"lazy\" decoding=\"async\" src=\"https:\/\/infoecos.com.ar\/wp-content\/uploads\/2023\/12\/image-185.png\" alt=\"\" class=\"wp-image-116900\" width=\"333\" height=\"222\" srcset=\"https:\/\/infoecos.com.ar\/wp-content\/uploads\/2023\/12\/image-185.png 1068w, https:\/\/infoecos.com.ar\/wp-content\/uploads\/2023\/12\/image-185-800x533.png 800w, https:\/\/infoecos.com.ar\/wp-content\/uploads\/2023\/12\/image-185-768x512.png 768w, https:\/\/infoecos.com.ar\/wp-content\/uploads\/2023\/12\/image-185-1024x683.png 1024w, https:\/\/infoecos.com.ar\/wp-content\/uploads\/2023\/12\/image-185-675x450.png 675w\" sizes=\"(max-width: 333px) 100vw, 333px\" \/><\/figure>\n\n\n\n<p>Las C\u00e1maras de Senadores y Diputados de la provincia de Buenos Aires sancion\u00f3 el proyecto de&nbsp;Ley Fiscal Impositiva. Establece subas del impuesto inmobiliario Urbano, Rural, y automotor del 200% en promedio, para el a\u00f1o 2024.<\/p>\n\n\n\n<p>La nueva&nbsp;Ley Fiscal Impositiva, fij\u00f3 aumentos del 140% hasta del 200% para el&nbsp;impuesto Inmobiliario Urbano y Rural, y del 145% al 170% para el&nbsp;automotor, contemplando que&nbsp;los grav\u00e1menes puedan actualizarse de acuerdo al \u00edndice de inflaci\u00f3n.<\/p>\n\n\n\n<p>La&nbsp;Legislatura<strong> <\/strong>tambi\u00e9n sancion\u00f3 el&nbsp;pedido de&nbsp;endeudamiento&nbsp;por un monto en pesos equivalente a USD 2.900 millones. <\/p>\n\n\n\n<p>El gobernador de la provincia, Axel Kicillof  destac\u00f3 la aprobaci\u00f3n de lo requerido por el Poder Ejecutivo. Lo hizo a trav\u00e9s de la red social X (ex Twitter). <\/p>\n\n\n\n<figure class=\"wp-block-embed is-type-rich is-provider-twitter wp-block-embed-twitter\"><div class=\"wp-block-embed__wrapper\">\nhttps:\/\/twitter.com\/Kicillofok\/status\/1740677849927807069\n<\/div><\/figure>\n\n\n\n<p>En tanto, el ministro de Econom\u00eda bonaerense, Pablo L\u00f3pez, tambi\u00e9n expres\u00f3 su satisfacci\u00f3n en la misma red.<\/p>\n\n\n\n<figure class=\"wp-block-embed is-type-rich is-provider-twitter wp-block-embed-twitter\"><div class=\"wp-block-embed__wrapper\">\n<blockquote class=\"twitter-tweet\" data-width=\"550\" data-dnt=\"true\"><p lang=\"es\" dir=\"ltr\">Celebramos la aprobaci\u00f3n por parte de la Legislatura provincial de las Leyes Impositiva 2024 y de Endeudamiento que presentamos desde <a href=\"https:\/\/twitter.com\/BAProvincia?ref_src=twsrc%5Etfw\">@BAProvincia<\/a>. Es una excelente noticia para todas las y los bonaerenses. <a href=\"https:\/\/t.co\/XjedkLJ2pw\">pic.twitter.com\/XjedkLJ2pw<\/a><\/p>&mdash; Pablo J. L\u00f3pez (@PabloJ_LopezOK) <a href=\"https:\/\/twitter.com\/PabloJ_LopezOK\/status\/1740579256638525795?ref_src=twsrc%5Etfw\">December 29, 2023<\/a><\/blockquote><script async src=\"https:\/\/platform.twitter.com\/widgets.js\" charset=\"utf-8\"><\/script>\n<\/div><\/figure>\n","protected":false},"excerpt":{"rendered":"<p>La\u00a0Legislatura tambi\u00e9n sancion\u00f3 el\u00a0pedido de\u00a0endeudamiento\u00a0por un monto en pesos equivalente a USD 2.900 millones<\/p>\n","protected":false},"author":2,"featured_media":116900,"comment_status":"closed","ping_status":"open","sticky":false,"template":"","format":"standard","meta":{"footnotes":""},"categories":[1341],"tags":[9789],"class_list":["post-116899","post","type-post","status-publish","format-standard","has-post-thumbnail","hentry","category-c1nota7","tag-aumentos-entre-el-140-y-200"],"yoast_head":"<!-- This site is optimized with the Yoast SEO plugin v23.4 - https:\/\/yoast.com\/wordpress\/plugins\/seo\/ -->\n<title>Senadores y Diputados de Buenos Aires sancionaron la Ley Fiscal Impositiva - Infoecos<\/title>\n<meta name=\"robots\" content=\"index, follow, max-snippet:-1, max-image-preview:large, max-video-preview:-1\" \/>\n<link rel=\"canonical\" href=\"https:\/\/infoecos.com.ar\/index.php\/senadores-y-diputados-de-buenos-aires-sanciono-el-proyecto-de-ley-impositiva\/\" \/>\n<meta property=\"og:locale\" content=\"es_ES\" \/>\n<meta property=\"og:type\" content=\"article\" \/>\n<meta property=\"og:title\" content=\"Senadores y Diputados de Buenos Aires sancionaron la Ley Fiscal Impositiva - Infoecos\" \/>\n<meta property=\"og:description\" content=\"La\u00a0Legislatura tambi\u00e9n sancion\u00f3 el\u00a0pedido de\u00a0endeudamiento\u00a0por un monto en pesos equivalente a USD 2.900 millones\" \/>\n<meta property=\"og:url\" content=\"https:\/\/infoecos.com.ar\/index.php\/senadores-y-diputados-de-buenos-aires-sanciono-el-proyecto-de-ley-impositiva\/\" \/>\n<meta property=\"og:site_name\" content=\"Infoecos\" \/>\n<meta property=\"article:publisher\" content=\"https:\/\/www.facebook.com\/profile.php?id=100063200290284\" \/>\n<meta property=\"article:published_time\" content=\"2023-12-29T11:16:33+00:00\" \/>\n<meta property=\"article:modified_time\" content=\"2024-01-01T14:30:57+00:00\" \/>\n<meta property=\"og:image\" content=\"https:\/\/infoecos.com.ar\/wp-content\/uploads\/2023\/12\/image-185.png\" \/>\n\t<meta property=\"og:image:width\" content=\"1068\" \/>\n\t<meta property=\"og:image:height\" content=\"712\" \/>\n\t<meta property=\"og:image:type\" content=\"image\/png\" \/>\n<meta name=\"author\" content=\"Jorge Matheus\" \/>\n<meta name=\"twitter:card\" content=\"summary_large_image\" \/>\n<meta name=\"twitter:creator\" content=\"@infoecos\" \/>\n<meta name=\"twitter:site\" content=\"@infoecos\" \/>\n<meta name=\"twitter:label1\" content=\"Escrito por\" \/>\n\t<meta name=\"twitter:data1\" content=\"Jorge Matheus\" \/>\n\t<meta name=\"twitter:label2\" content=\"Tiempo de lectura\" \/>\n\t<meta name=\"twitter:data2\" content=\"1 minuto\" \/>\n<script type=\"application\/ld+json\" class=\"yoast-schema-graph\">{\"@context\":\"https:\/\/schema.org\",\"@graph\":[{\"@type\":\"Article\",\"@id\":\"https:\/\/infoecos.com.ar\/index.php\/senadores-y-diputados-de-buenos-aires-sanciono-el-proyecto-de-ley-impositiva\/#article\",\"isPartOf\":{\"@id\":\"https:\/\/infoecos.com.ar\/index.php\/senadores-y-diputados-de-buenos-aires-sanciono-el-proyecto-de-ley-impositiva\/\"},\"author\":{\"name\":\"Jorge Matheus\",\"@id\":\"https:\/\/infoecos.com.ar\/#\/schema\/person\/8f5ace5ce73b4b4aac4b7245aee6f191\"},\"headline\":\"Senadores y Diputados de Buenos Aires sancionaron la Ley Fiscal Impositiva\",\"datePublished\":\"2023-12-29T11:16:33+00:00\",\"dateModified\":\"2024-01-01T14:30:57+00:00\",\"mainEntityOfPage\":{\"@id\":\"https:\/\/infoecos.com.ar\/index.php\/senadores-y-diputados-de-buenos-aires-sanciono-el-proyecto-de-ley-impositiva\/\"},\"wordCount\":173,\"publisher\":{\"@id\":\"https:\/\/infoecos.com.ar\/#organization\"},\"image\":{\"@id\":\"https:\/\/infoecos.com.ar\/index.php\/senadores-y-diputados-de-buenos-aires-sanciono-el-proyecto-de-ley-impositiva\/#primaryimage\"},\"thumbnailUrl\":\"https:\/\/infoecos.com.ar\/wp-content\/uploads\/2023\/12\/image-185.png\",\"keywords\":[\"AUMENTOS ENTRE EL 140 Y 200 %\"],\"articleSection\":[\"C1 nota 7\"],\"inLanguage\":\"es\"},{\"@type\":\"WebPage\",\"@id\":\"https:\/\/infoecos.com.ar\/index.php\/senadores-y-diputados-de-buenos-aires-sanciono-el-proyecto-de-ley-impositiva\/\",\"url\":\"https:\/\/infoecos.com.ar\/index.php\/senadores-y-diputados-de-buenos-aires-sanciono-el-proyecto-de-ley-impositiva\/\",\"name\":\"Senadores y Diputados de Buenos Aires sancionaron la Ley Fiscal Impositiva - Infoecos\",\"isPartOf\":{\"@id\":\"https:\/\/infoecos.com.ar\/#website\"},\"primaryImageOfPage\":{\"@id\":\"https:\/\/infoecos.com.ar\/index.php\/senadores-y-diputados-de-buenos-aires-sanciono-el-proyecto-de-ley-impositiva\/#primaryimage\"},\"image\":{\"@id\":\"https:\/\/infoecos.com.ar\/index.php\/senadores-y-diputados-de-buenos-aires-sanciono-el-proyecto-de-ley-impositiva\/#primaryimage\"},\"thumbnailUrl\":\"https:\/\/infoecos.com.ar\/wp-content\/uploads\/2023\/12\/image-185.png\",\"datePublished\":\"2023-12-29T11:16:33+00:00\",\"dateModified\":\"2024-01-01T14:30:57+00:00\",\"breadcrumb\":{\"@id\":\"https:\/\/infoecos.com.ar\/index.php\/senadores-y-diputados-de-buenos-aires-sanciono-el-proyecto-de-ley-impositiva\/#breadcrumb\"},\"inLanguage\":\"es\",\"potentialAction\":[{\"@type\":\"ReadAction\",\"target\":[\"https:\/\/infoecos.com.ar\/index.php\/senadores-y-diputados-de-buenos-aires-sanciono-el-proyecto-de-ley-impositiva\/\"]}]},{\"@type\":\"ImageObject\",\"inLanguage\":\"es\",\"@id\":\"https:\/\/infoecos.com.ar\/index.php\/senadores-y-diputados-de-buenos-aires-sanciono-el-proyecto-de-ley-impositiva\/#primaryimage\",\"url\":\"https:\/\/infoecos.com.ar\/wp-content\/uploads\/2023\/12\/image-185.png\",\"contentUrl\":\"https:\/\/infoecos.com.ar\/wp-content\/uploads\/2023\/12\/image-185.png\",\"width\":1068,\"height\":712},{\"@type\":\"BreadcrumbList\",\"@id\":\"https:\/\/infoecos.com.ar\/index.php\/senadores-y-diputados-de-buenos-aires-sanciono-el-proyecto-de-ley-impositiva\/#breadcrumb\",\"itemListElement\":[{\"@type\":\"ListItem\",\"position\":1,\"name\":\"Portada\",\"item\":\"https:\/\/infoecos.com.ar\/\"},{\"@type\":\"ListItem\",\"position\":2,\"name\":\"Senadores y Diputados de Buenos Aires sancionaron la Ley Fiscal Impositiva\"}]},{\"@type\":\"WebSite\",\"@id\":\"https:\/\/infoecos.com.ar\/#website\",\"url\":\"https:\/\/infoecos.com.ar\/\",\"name\":\"Infoecos\",\"description\":\"Noticias de trenque lauquen y la zona\",\"publisher\":{\"@id\":\"https:\/\/infoecos.com.ar\/#organization\"},\"alternateName\":\"Noticias\",\"potentialAction\":[{\"@type\":\"SearchAction\",\"target\":{\"@type\":\"EntryPoint\",\"urlTemplate\":\"https:\/\/infoecos.com.ar\/?s={search_term_string}\"},\"query-input\":{\"@type\":\"PropertyValueSpecification\",\"valueRequired\":true,\"valueName\":\"search_term_string\"}}],\"inLanguage\":\"es\"},{\"@type\":\"Organization\",\"@id\":\"https:\/\/infoecos.com.ar\/#organization\",\"name\":\"Infoecos\",\"alternateName\":\"Noticias\",\"url\":\"https:\/\/infoecos.com.ar\/\",\"logo\":{\"@type\":\"ImageObject\",\"inLanguage\":\"es\",\"@id\":\"https:\/\/infoecos.com.ar\/#\/schema\/logo\/image\/\",\"url\":\"https:\/\/infoecos.com.ar\/wp-content\/uploads\/2024\/03\/cropped-logo.png\",\"contentUrl\":\"https:\/\/infoecos.com.ar\/wp-content\/uploads\/2024\/03\/cropped-logo.png\",\"width\":374,\"height\":90,\"caption\":\"Infoecos\"},\"image\":{\"@id\":\"https:\/\/infoecos.com.ar\/#\/schema\/logo\/image\/\"},\"sameAs\":[\"https:\/\/www.facebook.com\/profile.php?id=100063200290284\",\"https:\/\/x.com\/infoecos\"]},{\"@type\":\"Person\",\"@id\":\"https:\/\/infoecos.com.ar\/#\/schema\/person\/8f5ace5ce73b4b4aac4b7245aee6f191\",\"name\":\"Jorge Matheus\",\"url\":\"https:\/\/infoecos.com.ar\/index.php\/author\/jomatheus\/\"}]}<\/script>\n<!-- \/ Yoast SEO plugin. -->","yoast_head_json":{"title":"Senadores y Diputados de Buenos Aires sancionaron la Ley Fiscal Impositiva - Infoecos","robots":{"index":"index","follow":"follow","max-snippet":"max-snippet:-1","max-image-preview":"max-image-preview:large","max-video-preview":"max-video-preview:-1"},"canonical":"https:\/\/infoecos.com.ar\/index.php\/senadores-y-diputados-de-buenos-aires-sanciono-el-proyecto-de-ley-impositiva\/","og_locale":"es_ES","og_type":"article","og_title":"Senadores y Diputados de Buenos Aires sancionaron la Ley Fiscal Impositiva - Infoecos","og_description":"La\u00a0Legislatura tambi\u00e9n sancion\u00f3 el\u00a0pedido de\u00a0endeudamiento\u00a0por un monto en pesos equivalente a USD 2.900 millones","og_url":"https:\/\/infoecos.com.ar\/index.php\/senadores-y-diputados-de-buenos-aires-sanciono-el-proyecto-de-ley-impositiva\/","og_site_name":"Infoecos","article_publisher":"https:\/\/www.facebook.com\/profile.php?id=100063200290284","article_published_time":"2023-12-29T11:16:33+00:00","article_modified_time":"2024-01-01T14:30:57+00:00","og_image":[{"width":1068,"height":712,"url":"https:\/\/infoecos.com.ar\/wp-content\/uploads\/2023\/12\/image-185.png","type":"image\/png"}],"author":"Jorge Matheus","twitter_card":"summary_large_image","twitter_creator":"@infoecos","twitter_site":"@infoecos","twitter_misc":{"Escrito por":"Jorge Matheus","Tiempo de lectura":"1 minuto"},"schema":{"@context":"https:\/\/schema.org","@graph":[{"@type":"Article","@id":"https:\/\/infoecos.com.ar\/index.php\/senadores-y-diputados-de-buenos-aires-sanciono-el-proyecto-de-ley-impositiva\/#article","isPartOf":{"@id":"https:\/\/infoecos.com.ar\/index.php\/senadores-y-diputados-de-buenos-aires-sanciono-el-proyecto-de-ley-impositiva\/"},"author":{"name":"Jorge Matheus","@id":"https:\/\/infoecos.com.ar\/#\/schema\/person\/8f5ace5ce73b4b4aac4b7245aee6f191"},"headline":"Senadores y Diputados de Buenos Aires sancionaron la Ley Fiscal Impositiva","datePublished":"2023-12-29T11:16:33+00:00","dateModified":"2024-01-01T14:30:57+00:00","mainEntityOfPage":{"@id":"https:\/\/infoecos.com.ar\/index.php\/senadores-y-diputados-de-buenos-aires-sanciono-el-proyecto-de-ley-impositiva\/"},"wordCount":173,"publisher":{"@id":"https:\/\/infoecos.com.ar\/#organization"},"image":{"@id":"https:\/\/infoecos.com.ar\/index.php\/senadores-y-diputados-de-buenos-aires-sanciono-el-proyecto-de-ley-impositiva\/#primaryimage"},"thumbnailUrl":"https:\/\/infoecos.com.ar\/wp-content\/uploads\/2023\/12\/image-185.png","keywords":["AUMENTOS ENTRE EL 140 Y 200 %"],"articleSection":["C1 nota 7"],"inLanguage":"es"},{"@type":"WebPage","@id":"https:\/\/infoecos.com.ar\/index.php\/senadores-y-diputados-de-buenos-aires-sanciono-el-proyecto-de-ley-impositiva\/","url":"https:\/\/infoecos.com.ar\/index.php\/senadores-y-diputados-de-buenos-aires-sanciono-el-proyecto-de-ley-impositiva\/","name":"Senadores y Diputados de Buenos Aires sancionaron la Ley Fiscal Impositiva - Infoecos","isPartOf":{"@id":"https:\/\/infoecos.com.ar\/#website"},"primaryImageOfPage":{"@id":"https:\/\/infoecos.com.ar\/index.php\/senadores-y-diputados-de-buenos-aires-sanciono-el-proyecto-de-ley-impositiva\/#primaryimage"},"image":{"@id":"https:\/\/infoecos.com.ar\/index.php\/senadores-y-diputados-de-buenos-aires-sanciono-el-proyecto-de-ley-impositiva\/#primaryimage"},"thumbnailUrl":"https:\/\/infoecos.com.ar\/wp-content\/uploads\/2023\/12\/image-185.png","datePublished":"2023-12-29T11:16:33+00:00","dateModified":"2024-01-01T14:30:57+00:00","breadcrumb":{"@id":"https:\/\/infoecos.com.ar\/index.php\/senadores-y-diputados-de-buenos-aires-sanciono-el-proyecto-de-ley-impositiva\/#breadcrumb"},"inLanguage":"es","potentialAction":[{"@type":"ReadAction","target":["https:\/\/infoecos.com.ar\/index.php\/senadores-y-diputados-de-buenos-aires-sanciono-el-proyecto-de-ley-impositiva\/"]}]},{"@type":"ImageObject","inLanguage":"es","@id":"https:\/\/infoecos.com.ar\/index.php\/senadores-y-diputados-de-buenos-aires-sanciono-el-proyecto-de-ley-impositiva\/#primaryimage","url":"https:\/\/infoecos.com.ar\/wp-content\/uploads\/2023\/12\/image-185.png","contentUrl":"https:\/\/infoecos.com.ar\/wp-content\/uploads\/2023\/12\/image-185.png","width":1068,"height":712},{"@type":"BreadcrumbList","@id":"https:\/\/infoecos.com.ar\/index.php\/senadores-y-diputados-de-buenos-aires-sanciono-el-proyecto-de-ley-impositiva\/#breadcrumb","itemListElement":[{"@type":"ListItem","position":1,"name":"Portada","item":"https:\/\/infoecos.com.ar\/"},{"@type":"ListItem","position":2,"name":"Senadores y Diputados de Buenos Aires sancionaron la Ley Fiscal Impositiva"}]},{"@type":"WebSite","@id":"https:\/\/infoecos.com.ar\/#website","url":"https:\/\/infoecos.com.ar\/","name":"Infoecos","description":"Noticias de trenque lauquen y la zona","publisher":{"@id":"https:\/\/infoecos.com.ar\/#organization"},"alternateName":"Noticias","potentialAction":[{"@type":"SearchAction","target":{"@type":"EntryPoint","urlTemplate":"https:\/\/infoecos.com.ar\/?s={search_term_string}"},"query-input":{"@type":"PropertyValueSpecification","valueRequired":true,"valueName":"search_term_string"}}],"inLanguage":"es"},{"@type":"Organization","@id":"https:\/\/infoecos.com.ar\/#organization","name":"Infoecos","alternateName":"Noticias","url":"https:\/\/infoecos.com.ar\/","logo":{"@type":"ImageObject","inLanguage":"es","@id":"https:\/\/infoecos.com.ar\/#\/schema\/logo\/image\/","url":"https:\/\/infoecos.com.ar\/wp-content\/uploads\/2024\/03\/cropped-logo.png","contentUrl":"https:\/\/infoecos.com.ar\/wp-content\/uploads\/2024\/03\/cropped-logo.png","width":374,"height":90,"caption":"Infoecos"},"image":{"@id":"https:\/\/infoecos.com.ar\/#\/schema\/logo\/image\/"},"sameAs":["https:\/\/www.facebook.com\/profile.php?id=100063200290284","https:\/\/x.com\/infoecos"]},{"@type":"Person","@id":"https:\/\/infoecos.com.ar\/#\/schema\/person\/8f5ace5ce73b4b4aac4b7245aee6f191","name":"Jorge Matheus","url":"https:\/\/infoecos.com.ar\/index.php\/author\/jomatheus\/"}]}},"featured_image_urls":{"full":["https:\/\/infoecos.com.ar\/wp-content\/uploads\/2023\/12\/image-185.png",1068,712,false],"thumbnail":["https:\/\/infoecos.com.ar\/wp-content\/uploads\/2023\/12\/image-185-300x150.png",300,150,true],"medium":["https:\/\/infoecos.com.ar\/wp-content\/uploads\/2023\/12\/image-185-800x533.png",800,533,true],"medium_large":["https:\/\/infoecos.com.ar\/wp-content\/uploads\/2023\/12\/image-185-768x512.png",640,427,true],"large":["https:\/\/infoecos.com.ar\/wp-content\/uploads\/2023\/12\/image-185.png",640,427,false],"1536x1536":["https:\/\/infoecos.com.ar\/wp-content\/uploads\/2023\/12\/image-185.png",1068,712,false],"2048x2048":["https:\/\/infoecos.com.ar\/wp-content\/uploads\/2023\/12\/image-185.png",1068,712,false],"covernews-slider-full":["https:\/\/infoecos.com.ar\/wp-content\/uploads\/2023\/12\/image-185.png",1068,712,false],"covernews-slider-center":["https:\/\/infoecos.com.ar\/wp-content\/uploads\/2023\/12\/image-185-936x712.png",657,500,true],"covernews-featured":["https:\/\/infoecos.com.ar\/wp-content\/uploads\/2023\/12\/image-185-1024x683.png",1024,683,true],"covernews-medium":["https:\/\/infoecos.com.ar\/wp-content\/uploads\/2023\/12\/image-185-720x380.png",540,285,true],"covernews-medium-square":["https:\/\/infoecos.com.ar\/wp-content\/uploads\/2023\/12\/image-185-675x450.png",375,250,true]},"author_info":{"info":["Jorge Matheus"]},"category_info":"<a href=\"https:\/\/infoecos.com.ar\/index.php\/category\/c1nota7\/\" rel=\"category tag\">C1 nota 7<\/a>","tag_info":"C1 nota 7","comment_count":"0","_links":{"self":[{"href":"https:\/\/infoecos.com.ar\/index.php\/wp-json\/wp\/v2\/posts\/116899"}],"collection":[{"href":"https:\/\/infoecos.com.ar\/index.php\/wp-json\/wp\/v2\/posts"}],"about":[{"href":"https:\/\/infoecos.com.ar\/index.php\/wp-json\/wp\/v2\/types\/post"}],"author":[{"embeddable":true,"href":"https:\/\/infoecos.com.ar\/index.php\/wp-json\/wp\/v2\/users\/2"}],"replies":[{"embeddable":true,"href":"https:\/\/infoecos.com.ar\/index.php\/wp-json\/wp\/v2\/comments?post=116899"}],"version-history":[{"count":3,"href":"https:\/\/infoecos.com.ar\/index.php\/wp-json\/wp\/v2\/posts\/116899\/revisions"}],"predecessor-version":[{"id":116937,"href":"https:\/\/infoecos.com.ar\/index.php\/wp-json\/wp\/v2\/posts\/116899\/revisions\/116937"}],"wp:featuredmedia":[{"embeddable":true,"href":"https:\/\/infoecos.com.ar\/index.php\/wp-json\/wp\/v2\/media\/116900"}],"wp:attachment":[{"href":"https:\/\/infoecos.com.ar\/index.php\/wp-json\/wp\/v2\/media?parent=116899"}],"wp:term":[{"taxonomy":"category","embeddable":true,"href":"https:\/\/infoecos.com.ar\/index.php\/wp-json\/wp\/v2\/categories?post=116899"},{"taxonomy":"post_tag","embeddable":true,"href":"https:\/\/infoecos.com.ar\/index.php\/wp-json\/wp\/v2\/tags?post=116899"}],"curies":[{"name":"wp","href":"https:\/\/api.w.org\/{rel}","templated":true}]}}