{"id":116906,"date":"2023-12-29T08:47:22","date_gmt":"2023-12-29T11:47:22","guid":{"rendered":"https:\/\/infoecos.com.ar\/?p=116906"},"modified":"2023-12-31T14:46:49","modified_gmt":"2023-12-31T17:46:49","slug":"en-febrero-se-realizaran-los-carnavales-de-lincoln","status":"publish","type":"post","link":"https:\/\/infoecos.com.ar\/index.php\/en-febrero-se-realizaran-los-carnavales-de-lincoln\/","title":{"rendered":"En febrero se realizar\u00e1n los Carnavales de Lincoln"},"content":{"rendered":"\n<figure class=\"wp-block-image alignright size-large is-resized\"><img loading=\"lazy\" decoding=\"async\" src=\"https:\/\/infoecos.com.ar\/wp-content\/uploads\/2023\/12\/Carnavalincoln-edicion-2023-Archivo-Prensa-Municipalidad-de-Lincoln-03-1067x1600.jpg\" alt=\"\" class=\"wp-image-116907\" width=\"366\" height=\"548\" srcset=\"https:\/\/infoecos.com.ar\/wp-content\/uploads\/2023\/12\/Carnavalincoln-edicion-2023-Archivo-Prensa-Municipalidad-de-Lincoln-03-1067x1600.jpg 1067w, https:\/\/infoecos.com.ar\/wp-content\/uploads\/2023\/12\/Carnavalincoln-edicion-2023-Archivo-Prensa-Municipalidad-de-Lincoln-03-533x800.jpg 533w, https:\/\/infoecos.com.ar\/wp-content\/uploads\/2023\/12\/Carnavalincoln-edicion-2023-Archivo-Prensa-Municipalidad-de-Lincoln-03-768x1152.jpg 768w, https:\/\/infoecos.com.ar\/wp-content\/uploads\/2023\/12\/Carnavalincoln-edicion-2023-Archivo-Prensa-Municipalidad-de-Lincoln-03-1024x1536.jpg 1024w, https:\/\/infoecos.com.ar\/wp-content\/uploads\/2023\/12\/Carnavalincoln-edicion-2023-Archivo-Prensa-Municipalidad-de-Lincoln-03-1366x2048.jpg 1366w, https:\/\/infoecos.com.ar\/wp-content\/uploads\/2023\/12\/Carnavalincoln-edicion-2023-Archivo-Prensa-Municipalidad-de-Lincoln-03.jpg 1667w\" sizes=\"(max-width: 366px) 100vw, 366px\" \/><\/figure>\n\n\n\n<p>El intendente Salvador Serenal -junto al titular de la Agencia de Carnaval Leonardo Michelli e integrantes de su equipo de Gabinete- oficializ\u00f3 las fechas del Carnavalincoln 2024 en Lincoln y de las localidades del distrito. En conferencia de prensa indicaron que se desarrollar\u00e1 el viernes 9, s\u00e1bado 10, domingo 11, lunes 12 y martes 13 (estas dos \u00faltimas, feriados) de febrero.<\/p>\n\n\n\n<p>En relaci\u00f3n a la situaci\u00f3n econ\u00f3mica que azota al pa\u00eds, el Intendente Salvador explic\u00f3: \u201cnos encontramos en una situaci\u00f3n donde varias fiestas regionales y eventos masivos de otros distritos que siempre recibieron ayuda de Naci\u00f3n y Provincia fueron suspendidos. Por suerte, en Lincoln el presupuesto para el Carnaval Artesanal es municipal y es lo que nos permite hoy, adapt\u00e1ndonos a la situaci\u00f3n que nos toca vivir, poder realizar la fiesta mayor de todos los linque\u00f1os\u201d.<\/p>\n\n\n\n<p>Los shows de cierre de cada jornada se realizar\u00e1n con contrataciones de menor costo y la participaci\u00f3n de artistas locales que tienen proyecci\u00f3n nacional.<\/p>\n\n\n\n<p>El titular de la Agencia de Carnaval, Leonardo Michelli, destac\u00f3 la comunicaci\u00f3n y el di\u00e1logo que se viene manteniendo con los hacedores y artesanos del carnaval. Y anticip\u00f3 que durante la segunda semana de enero se otorgar\u00e1 un 30% en concepto de adelanto de los premios para quienes confirmen su inscripci\u00f3n, \u201cas\u00ed pueden hacer frente a los gastos que implican los preparativos de cada motivo\u201d.<\/p>\n\n\n\n<p>Se inform\u00f3 que el total de premios para los motivos que participen de la competencia en cada una de las categor\u00edas alcanzar\u00e1 $123.295.000, m\u00e1s las contrataciones que se acuerden para sumar motivos a cada noche de corso que se realice en las localidades del interior del distrito durante el mes de enero.&nbsp;<\/p>\n\n\n\n<figure class=\"wp-block-image alignright size-large is-resized\"><img loading=\"lazy\" decoding=\"async\" src=\"https:\/\/infoecos.com.ar\/wp-content\/uploads\/2023\/12\/Carnavalincoln-edicion-2023-Archivo-Prensa-Municipalidad-de-Lincoln-02-1068x1600.jpg\" alt=\"\" class=\"wp-image-116908\" width=\"356\" height=\"532\" srcset=\"https:\/\/infoecos.com.ar\/wp-content\/uploads\/2023\/12\/Carnavalincoln-edicion-2023-Archivo-Prensa-Municipalidad-de-Lincoln-02-1068x1600.jpg 1068w, https:\/\/infoecos.com.ar\/wp-content\/uploads\/2023\/12\/Carnavalincoln-edicion-2023-Archivo-Prensa-Municipalidad-de-Lincoln-02-534x800.jpg 534w, https:\/\/infoecos.com.ar\/wp-content\/uploads\/2023\/12\/Carnavalincoln-edicion-2023-Archivo-Prensa-Municipalidad-de-Lincoln-02-768x1150.jpg 768w, https:\/\/infoecos.com.ar\/wp-content\/uploads\/2023\/12\/Carnavalincoln-edicion-2023-Archivo-Prensa-Municipalidad-de-Lincoln-02-1025x1536.jpg 1025w, https:\/\/infoecos.com.ar\/wp-content\/uploads\/2023\/12\/Carnavalincoln-edicion-2023-Archivo-Prensa-Municipalidad-de-Lincoln-02-1367x2048.jpg 1367w, https:\/\/infoecos.com.ar\/wp-content\/uploads\/2023\/12\/Carnavalincoln-edicion-2023-Archivo-Prensa-Municipalidad-de-Lincoln-02-1024x1534.jpg 1024w, https:\/\/infoecos.com.ar\/wp-content\/uploads\/2023\/12\/Carnavalincoln-edicion-2023-Archivo-Prensa-Municipalidad-de-Lincoln-02.jpg 1669w\" sizes=\"(max-width: 356px) 100vw, 356px\" \/><\/figure>\n\n\n\n<p>El calendario carnestolendo delineado para las localidades se desarrollar\u00e1 durante todo enero con las siguientes fechas:&nbsp;<strong>Triunvirato:<\/strong>&nbsp;viernes 5;&nbsp;<strong>Berm\u00fadez<\/strong>: s\u00e1bado 6;&nbsp;<strong>Las Toscas<\/strong>: viernes 5 y s\u00e1bado 6;&nbsp;<strong>Arenaza<\/strong>: viernes 12 y s\u00e1bado 13;&nbsp;<strong>Mart\u00ednez de Hoz<\/strong>: s\u00e1bado 13 y domingo 14;&nbsp;<strong>Bayauca<\/strong>: viernes 19 y s\u00e1bado 20;&nbsp;<strong>Roberts<\/strong>: s\u00e1bado 20 y domingo 21;&nbsp;<strong>Pasteur<\/strong>: viernes 26 y s\u00e1bado 27;&nbsp;<strong>El Triunfo<\/strong>: s\u00e1bado 27 y domingo 28;&nbsp;<strong>Carlos Salas<\/strong>: fecha a confirmar.<\/p>\n\n\n\n<p><strong>INSCRIPCI\u00d3N<\/strong><\/p>\n\n\n\n<p>Para los participantes que ser\u00e1n parte del desfile qued\u00f3 establecido que podr\u00e1n acercarse desde el martes 2 al lunes 15 de enero en la oficina de la Agencia de Carnaval (Anexo de Cultura \u2013 Av. Massey y Moreno), de lunes a viernes de 8 a 13 horas. En tanto la convocatoria para inscripci\u00f3n para Embajadoras Culturales del Carnavalincoln 2024 se realizar\u00e1 en dicha oficina, en persona y con el aval de una instituci\u00f3n, del martes 2 al viernes 19 de enero, en igual horario.<\/p>\n","protected":false},"excerpt":{"rendered":"<p>Se inform\u00f3 que el total de premios para los motivos que participen de la competencia en cada una de las categor\u00edas alcanzar\u00e1 $123.295.000<\/p>\n","protected":false},"author":2,"featured_media":116907,"comment_status":"closed","ping_status":"open","sticky":false,"template":"","format":"standard","meta":{"footnotes":""},"categories":[45],"tags":[9790],"class_list":["post-116906","post","type-post","status-publish","format-standard","has-post-thumbnail","hentry","category-c1nota2","tag-seis-dias"],"yoast_head":"<!-- This site is optimized with the Yoast SEO plugin v23.4 - https:\/\/yoast.com\/wordpress\/plugins\/seo\/ -->\n<title>En febrero se realizar\u00e1n los Carnavales de Lincoln - Infoecos<\/title>\n<meta name=\"robots\" content=\"index, follow, max-snippet:-1, max-image-preview:large, max-video-preview:-1\" \/>\n<link rel=\"canonical\" href=\"https:\/\/infoecos.com.ar\/index.php\/en-febrero-se-realizaran-los-carnavales-de-lincoln\/\" \/>\n<meta property=\"og:locale\" content=\"es_ES\" \/>\n<meta property=\"og:type\" content=\"article\" \/>\n<meta property=\"og:title\" content=\"En febrero se realizar\u00e1n los Carnavales de Lincoln - Infoecos\" \/>\n<meta property=\"og:description\" content=\"Se inform\u00f3 que el total de premios para los motivos que participen de la competencia en cada una de las categor\u00edas alcanzar\u00e1 $123.295.000\" \/>\n<meta property=\"og:url\" content=\"https:\/\/infoecos.com.ar\/index.php\/en-febrero-se-realizaran-los-carnavales-de-lincoln\/\" \/>\n<meta property=\"og:site_name\" content=\"Infoecos\" \/>\n<meta property=\"article:publisher\" content=\"https:\/\/www.facebook.com\/profile.php?id=100063200290284\" \/>\n<meta property=\"article:published_time\" content=\"2023-12-29T11:47:22+00:00\" \/>\n<meta property=\"article:modified_time\" content=\"2023-12-31T17:46:49+00:00\" \/>\n<meta property=\"og:image\" content=\"https:\/\/infoecos.com.ar\/wp-content\/uploads\/2023\/12\/Carnavalincoln-edicion-2023-Archivo-Prensa-Municipalidad-de-Lincoln-03-1067x1600.jpg\" \/>\n\t<meta property=\"og:image:width\" content=\"1067\" \/>\n\t<meta property=\"og:image:height\" content=\"1600\" \/>\n\t<meta property=\"og:image:type\" content=\"image\/jpeg\" \/>\n<meta name=\"author\" content=\"Jorge Matheus\" \/>\n<meta name=\"twitter:card\" content=\"summary_large_image\" \/>\n<meta name=\"twitter:creator\" content=\"@infoecos\" \/>\n<meta name=\"twitter:site\" content=\"@infoecos\" \/>\n<meta name=\"twitter:label1\" content=\"Escrito por\" \/>\n\t<meta name=\"twitter:data1\" content=\"Jorge Matheus\" \/>\n\t<meta name=\"twitter:label2\" content=\"Tiempo de lectura\" \/>\n\t<meta name=\"twitter:data2\" content=\"3 minutos\" \/>\n<script type=\"application\/ld+json\" class=\"yoast-schema-graph\">{\"@context\":\"https:\/\/schema.org\",\"@graph\":[{\"@type\":\"Article\",\"@id\":\"https:\/\/infoecos.com.ar\/index.php\/en-febrero-se-realizaran-los-carnavales-de-lincoln\/#article\",\"isPartOf\":{\"@id\":\"https:\/\/infoecos.com.ar\/index.php\/en-febrero-se-realizaran-los-carnavales-de-lincoln\/\"},\"author\":{\"name\":\"Jorge Matheus\",\"@id\":\"https:\/\/infoecos.com.ar\/#\/schema\/person\/8f5ace5ce73b4b4aac4b7245aee6f191\"},\"headline\":\"En febrero se realizar\u00e1n los Carnavales de Lincoln\",\"datePublished\":\"2023-12-29T11:47:22+00:00\",\"dateModified\":\"2023-12-31T17:46:49+00:00\",\"mainEntityOfPage\":{\"@id\":\"https:\/\/infoecos.com.ar\/index.php\/en-febrero-se-realizaran-los-carnavales-de-lincoln\/\"},\"wordCount\":457,\"publisher\":{\"@id\":\"https:\/\/infoecos.com.ar\/#organization\"},\"image\":{\"@id\":\"https:\/\/infoecos.com.ar\/index.php\/en-febrero-se-realizaran-los-carnavales-de-lincoln\/#primaryimage\"},\"thumbnailUrl\":\"https:\/\/infoecos.com.ar\/wp-content\/uploads\/2023\/12\/Carnavalincoln-edicion-2023-Archivo-Prensa-Municipalidad-de-Lincoln-03.jpg\",\"keywords\":[\"seis d\u00edas\"],\"articleSection\":[\"C1 N2\"],\"inLanguage\":\"es\"},{\"@type\":\"WebPage\",\"@id\":\"https:\/\/infoecos.com.ar\/index.php\/en-febrero-se-realizaran-los-carnavales-de-lincoln\/\",\"url\":\"https:\/\/infoecos.com.ar\/index.php\/en-febrero-se-realizaran-los-carnavales-de-lincoln\/\",\"name\":\"En febrero se realizar\u00e1n los Carnavales de Lincoln - Infoecos\",\"isPartOf\":{\"@id\":\"https:\/\/infoecos.com.ar\/#website\"},\"primaryImageOfPage\":{\"@id\":\"https:\/\/infoecos.com.ar\/index.php\/en-febrero-se-realizaran-los-carnavales-de-lincoln\/#primaryimage\"},\"image\":{\"@id\":\"https:\/\/infoecos.com.ar\/index.php\/en-febrero-se-realizaran-los-carnavales-de-lincoln\/#primaryimage\"},\"thumbnailUrl\":\"https:\/\/infoecos.com.ar\/wp-content\/uploads\/2023\/12\/Carnavalincoln-edicion-2023-Archivo-Prensa-Municipalidad-de-Lincoln-03.jpg\",\"datePublished\":\"2023-12-29T11:47:22+00:00\",\"dateModified\":\"2023-12-31T17:46:49+00:00\",\"breadcrumb\":{\"@id\":\"https:\/\/infoecos.com.ar\/index.php\/en-febrero-se-realizaran-los-carnavales-de-lincoln\/#breadcrumb\"},\"inLanguage\":\"es\",\"potentialAction\":[{\"@type\":\"ReadAction\",\"target\":[\"https:\/\/infoecos.com.ar\/index.php\/en-febrero-se-realizaran-los-carnavales-de-lincoln\/\"]}]},{\"@type\":\"ImageObject\",\"inLanguage\":\"es\",\"@id\":\"https:\/\/infoecos.com.ar\/index.php\/en-febrero-se-realizaran-los-carnavales-de-lincoln\/#primaryimage\",\"url\":\"https:\/\/infoecos.com.ar\/wp-content\/uploads\/2023\/12\/Carnavalincoln-edicion-2023-Archivo-Prensa-Municipalidad-de-Lincoln-03.jpg\",\"contentUrl\":\"https:\/\/infoecos.com.ar\/wp-content\/uploads\/2023\/12\/Carnavalincoln-edicion-2023-Archivo-Prensa-Municipalidad-de-Lincoln-03.jpg\",\"width\":1667,\"height\":2500},{\"@type\":\"BreadcrumbList\",\"@id\":\"https:\/\/infoecos.com.ar\/index.php\/en-febrero-se-realizaran-los-carnavales-de-lincoln\/#breadcrumb\",\"itemListElement\":[{\"@type\":\"ListItem\",\"position\":1,\"name\":\"Portada\",\"item\":\"https:\/\/infoecos.com.ar\/\"},{\"@type\":\"ListItem\",\"position\":2,\"name\":\"En febrero se realizar\u00e1n los Carnavales de Lincoln\"}]},{\"@type\":\"WebSite\",\"@id\":\"https:\/\/infoecos.com.ar\/#website\",\"url\":\"https:\/\/infoecos.com.ar\/\",\"name\":\"Infoecos\",\"description\":\"Noticias de trenque lauquen y la zona\",\"publisher\":{\"@id\":\"https:\/\/infoecos.com.ar\/#organization\"},\"alternateName\":\"Noticias\",\"potentialAction\":[{\"@type\":\"SearchAction\",\"target\":{\"@type\":\"EntryPoint\",\"urlTemplate\":\"https:\/\/infoecos.com.ar\/?s={search_term_string}\"},\"query-input\":{\"@type\":\"PropertyValueSpecification\",\"valueRequired\":true,\"valueName\":\"search_term_string\"}}],\"inLanguage\":\"es\"},{\"@type\":\"Organization\",\"@id\":\"https:\/\/infoecos.com.ar\/#organization\",\"name\":\"Infoecos\",\"alternateName\":\"Noticias\",\"url\":\"https:\/\/infoecos.com.ar\/\",\"logo\":{\"@type\":\"ImageObject\",\"inLanguage\":\"es\",\"@id\":\"https:\/\/infoecos.com.ar\/#\/schema\/logo\/image\/\",\"url\":\"https:\/\/infoecos.com.ar\/wp-content\/uploads\/2024\/03\/cropped-logo.png\",\"contentUrl\":\"https:\/\/infoecos.com.ar\/wp-content\/uploads\/2024\/03\/cropped-logo.png\",\"width\":374,\"height\":90,\"caption\":\"Infoecos\"},\"image\":{\"@id\":\"https:\/\/infoecos.com.ar\/#\/schema\/logo\/image\/\"},\"sameAs\":[\"https:\/\/www.facebook.com\/profile.php?id=100063200290284\",\"https:\/\/x.com\/infoecos\"]},{\"@type\":\"Person\",\"@id\":\"https:\/\/infoecos.com.ar\/#\/schema\/person\/8f5ace5ce73b4b4aac4b7245aee6f191\",\"name\":\"Jorge Matheus\",\"url\":\"https:\/\/infoecos.com.ar\/index.php\/author\/jomatheus\/\"}]}<\/script>\n<!-- \/ Yoast SEO plugin. -->","yoast_head_json":{"title":"En febrero se realizar\u00e1n los Carnavales de Lincoln - Infoecos","robots":{"index":"index","follow":"follow","max-snippet":"max-snippet:-1","max-image-preview":"max-image-preview:large","max-video-preview":"max-video-preview:-1"},"canonical":"https:\/\/infoecos.com.ar\/index.php\/en-febrero-se-realizaran-los-carnavales-de-lincoln\/","og_locale":"es_ES","og_type":"article","og_title":"En febrero se realizar\u00e1n los Carnavales de Lincoln - Infoecos","og_description":"Se inform\u00f3 que el total de premios para los motivos que participen de la competencia en cada una de las categor\u00edas alcanzar\u00e1 $123.295.000","og_url":"https:\/\/infoecos.com.ar\/index.php\/en-febrero-se-realizaran-los-carnavales-de-lincoln\/","og_site_name":"Infoecos","article_publisher":"https:\/\/www.facebook.com\/profile.php?id=100063200290284","article_published_time":"2023-12-29T11:47:22+00:00","article_modified_time":"2023-12-31T17:46:49+00:00","og_image":[{"width":1067,"height":1600,"url":"https:\/\/infoecos.com.ar\/wp-content\/uploads\/2023\/12\/Carnavalincoln-edicion-2023-Archivo-Prensa-Municipalidad-de-Lincoln-03-1067x1600.jpg","type":"image\/jpeg"}],"author":"Jorge Matheus","twitter_card":"summary_large_image","twitter_creator":"@infoecos","twitter_site":"@infoecos","twitter_misc":{"Escrito por":"Jorge Matheus","Tiempo de lectura":"3 minutos"},"schema":{"@context":"https:\/\/schema.org","@graph":[{"@type":"Article","@id":"https:\/\/infoecos.com.ar\/index.php\/en-febrero-se-realizaran-los-carnavales-de-lincoln\/#article","isPartOf":{"@id":"https:\/\/infoecos.com.ar\/index.php\/en-febrero-se-realizaran-los-carnavales-de-lincoln\/"},"author":{"name":"Jorge Matheus","@id":"https:\/\/infoecos.com.ar\/#\/schema\/person\/8f5ace5ce73b4b4aac4b7245aee6f191"},"headline":"En febrero se realizar\u00e1n los Carnavales de Lincoln","datePublished":"2023-12-29T11:47:22+00:00","dateModified":"2023-12-31T17:46:49+00:00","mainEntityOfPage":{"@id":"https:\/\/infoecos.com.ar\/index.php\/en-febrero-se-realizaran-los-carnavales-de-lincoln\/"},"wordCount":457,"publisher":{"@id":"https:\/\/infoecos.com.ar\/#organization"},"image":{"@id":"https:\/\/infoecos.com.ar\/index.php\/en-febrero-se-realizaran-los-carnavales-de-lincoln\/#primaryimage"},"thumbnailUrl":"https:\/\/infoecos.com.ar\/wp-content\/uploads\/2023\/12\/Carnavalincoln-edicion-2023-Archivo-Prensa-Municipalidad-de-Lincoln-03.jpg","keywords":["seis d\u00edas"],"articleSection":["C1 N2"],"inLanguage":"es"},{"@type":"WebPage","@id":"https:\/\/infoecos.com.ar\/index.php\/en-febrero-se-realizaran-los-carnavales-de-lincoln\/","url":"https:\/\/infoecos.com.ar\/index.php\/en-febrero-se-realizaran-los-carnavales-de-lincoln\/","name":"En febrero se realizar\u00e1n los Carnavales de Lincoln - Infoecos","isPartOf":{"@id":"https:\/\/infoecos.com.ar\/#website"},"primaryImageOfPage":{"@id":"https:\/\/infoecos.com.ar\/index.php\/en-febrero-se-realizaran-los-carnavales-de-lincoln\/#primaryimage"},"image":{"@id":"https:\/\/infoecos.com.ar\/index.php\/en-febrero-se-realizaran-los-carnavales-de-lincoln\/#primaryimage"},"thumbnailUrl":"https:\/\/infoecos.com.ar\/wp-content\/uploads\/2023\/12\/Carnavalincoln-edicion-2023-Archivo-Prensa-Municipalidad-de-Lincoln-03.jpg","datePublished":"2023-12-29T11:47:22+00:00","dateModified":"2023-12-31T17:46:49+00:00","breadcrumb":{"@id":"https:\/\/infoecos.com.ar\/index.php\/en-febrero-se-realizaran-los-carnavales-de-lincoln\/#breadcrumb"},"inLanguage":"es","potentialAction":[{"@type":"ReadAction","target":["https:\/\/infoecos.com.ar\/index.php\/en-febrero-se-realizaran-los-carnavales-de-lincoln\/"]}]},{"@type":"ImageObject","inLanguage":"es","@id":"https:\/\/infoecos.com.ar\/index.php\/en-febrero-se-realizaran-los-carnavales-de-lincoln\/#primaryimage","url":"https:\/\/infoecos.com.ar\/wp-content\/uploads\/2023\/12\/Carnavalincoln-edicion-2023-Archivo-Prensa-Municipalidad-de-Lincoln-03.jpg","contentUrl":"https:\/\/infoecos.com.ar\/wp-content\/uploads\/2023\/12\/Carnavalincoln-edicion-2023-Archivo-Prensa-Municipalidad-de-Lincoln-03.jpg","width":1667,"height":2500},{"@type":"BreadcrumbList","@id":"https:\/\/infoecos.com.ar\/index.php\/en-febrero-se-realizaran-los-carnavales-de-lincoln\/#breadcrumb","itemListElement":[{"@type":"ListItem","position":1,"name":"Portada","item":"https:\/\/infoecos.com.ar\/"},{"@type":"ListItem","position":2,"name":"En febrero se realizar\u00e1n los Carnavales de Lincoln"}]},{"@type":"WebSite","@id":"https:\/\/infoecos.com.ar\/#website","url":"https:\/\/infoecos.com.ar\/","name":"Infoecos","description":"Noticias de trenque lauquen y la zona","publisher":{"@id":"https:\/\/infoecos.com.ar\/#organization"},"alternateName":"Noticias","potentialAction":[{"@type":"SearchAction","target":{"@type":"EntryPoint","urlTemplate":"https:\/\/infoecos.com.ar\/?s={search_term_string}"},"query-input":{"@type":"PropertyValueSpecification","valueRequired":true,"valueName":"search_term_string"}}],"inLanguage":"es"},{"@type":"Organization","@id":"https:\/\/infoecos.com.ar\/#organization","name":"Infoecos","alternateName":"Noticias","url":"https:\/\/infoecos.com.ar\/","logo":{"@type":"ImageObject","inLanguage":"es","@id":"https:\/\/infoecos.com.ar\/#\/schema\/logo\/image\/","url":"https:\/\/infoecos.com.ar\/wp-content\/uploads\/2024\/03\/cropped-logo.png","contentUrl":"https:\/\/infoecos.com.ar\/wp-content\/uploads\/2024\/03\/cropped-logo.png","width":374,"height":90,"caption":"Infoecos"},"image":{"@id":"https:\/\/infoecos.com.ar\/#\/schema\/logo\/image\/"},"sameAs":["https:\/\/www.facebook.com\/profile.php?id=100063200290284","https:\/\/x.com\/infoecos"]},{"@type":"Person","@id":"https:\/\/infoecos.com.ar\/#\/schema\/person\/8f5ace5ce73b4b4aac4b7245aee6f191","name":"Jorge Matheus","url":"https:\/\/infoecos.com.ar\/index.php\/author\/jomatheus\/"}]}},"featured_image_urls":{"full":["https:\/\/infoecos.com.ar\/wp-content\/uploads\/2023\/12\/Carnavalincoln-edicion-2023-Archivo-Prensa-Municipalidad-de-Lincoln-03.jpg",1667,2500,false],"thumbnail":["https:\/\/infoecos.com.ar\/wp-content\/uploads\/2023\/12\/Carnavalincoln-edicion-2023-Archivo-Prensa-Municipalidad-de-Lincoln-03-300x150.jpg",300,150,true],"medium":["https:\/\/infoecos.com.ar\/wp-content\/uploads\/2023\/12\/Carnavalincoln-edicion-2023-Archivo-Prensa-Municipalidad-de-Lincoln-03-533x800.jpg",533,800,true],"medium_large":["https:\/\/infoecos.com.ar\/wp-content\/uploads\/2023\/12\/Carnavalincoln-edicion-2023-Archivo-Prensa-Municipalidad-de-Lincoln-03-768x1152.jpg",640,960,true],"large":["https:\/\/infoecos.com.ar\/wp-content\/uploads\/2023\/12\/Carnavalincoln-edicion-2023-Archivo-Prensa-Municipalidad-de-Lincoln-03-1067x1600.jpg",640,960,true],"1536x1536":["https:\/\/infoecos.com.ar\/wp-content\/uploads\/2023\/12\/Carnavalincoln-edicion-2023-Archivo-Prensa-Municipalidad-de-Lincoln-03-1024x1536.jpg",1024,1536,true],"2048x2048":["https:\/\/infoecos.com.ar\/wp-content\/uploads\/2023\/12\/Carnavalincoln-edicion-2023-Archivo-Prensa-Municipalidad-de-Lincoln-03-1366x2048.jpg",1366,2048,true],"covernews-slider-full":["https:\/\/infoecos.com.ar\/wp-content\/uploads\/2023\/12\/Carnavalincoln-edicion-2023-Archivo-Prensa-Municipalidad-de-Lincoln-03-1536x1020.jpg",1077,715,true],"covernews-slider-center":["https:\/\/infoecos.com.ar\/wp-content\/uploads\/2023\/12\/Carnavalincoln-edicion-2023-Archivo-Prensa-Municipalidad-de-Lincoln-03-936x897.jpg",522,500,true],"covernews-featured":["https:\/\/infoecos.com.ar\/wp-content\/uploads\/2023\/12\/Carnavalincoln-edicion-2023-Archivo-Prensa-Municipalidad-de-Lincoln-03-1024x1536.jpg",1024,1536,true],"covernews-medium":["https:\/\/infoecos.com.ar\/wp-content\/uploads\/2023\/12\/Carnavalincoln-edicion-2023-Archivo-Prensa-Municipalidad-de-Lincoln-03-720x380.jpg",540,285,true],"covernews-medium-square":["https:\/\/infoecos.com.ar\/wp-content\/uploads\/2023\/12\/Carnavalincoln-edicion-2023-Archivo-Prensa-Municipalidad-de-Lincoln-03-675x450.jpg",375,250,true]},"author_info":{"info":["Jorge Matheus"]},"category_info":"<a href=\"https:\/\/infoecos.com.ar\/index.php\/category\/c1nota2\/\" rel=\"category tag\">C1 N2<\/a>","tag_info":"C1 N2","comment_count":"0","_links":{"self":[{"href":"https:\/\/infoecos.com.ar\/index.php\/wp-json\/wp\/v2\/posts\/116906"}],"collection":[{"href":"https:\/\/infoecos.com.ar\/index.php\/wp-json\/wp\/v2\/posts"}],"about":[{"href":"https:\/\/infoecos.com.ar\/index.php\/wp-json\/wp\/v2\/types\/post"}],"author":[{"embeddable":true,"href":"https:\/\/infoecos.com.ar\/index.php\/wp-json\/wp\/v2\/users\/2"}],"replies":[{"embeddable":true,"href":"https:\/\/infoecos.com.ar\/index.php\/wp-json\/wp\/v2\/comments?post=116906"}],"version-history":[{"count":2,"href":"https:\/\/infoecos.com.ar\/index.php\/wp-json\/wp\/v2\/posts\/116906\/revisions"}],"predecessor-version":[{"id":116975,"href":"https:\/\/infoecos.com.ar\/index.php\/wp-json\/wp\/v2\/posts\/116906\/revisions\/116975"}],"wp:featuredmedia":[{"embeddable":true,"href":"https:\/\/infoecos.com.ar\/index.php\/wp-json\/wp\/v2\/media\/116907"}],"wp:attachment":[{"href":"https:\/\/infoecos.com.ar\/index.php\/wp-json\/wp\/v2\/media?parent=116906"}],"wp:term":[{"taxonomy":"category","embeddable":true,"href":"https:\/\/infoecos.com.ar\/index.php\/wp-json\/wp\/v2\/categories?post=116906"},{"taxonomy":"post_tag","embeddable":true,"href":"https:\/\/infoecos.com.ar\/index.php\/wp-json\/wp\/v2\/tags?post=116906"}],"curies":[{"name":"wp","href":"https:\/\/api.w.org\/{rel}","templated":true}]}}