{"id":116919,"date":"2023-12-29T10:03:54","date_gmt":"2023-12-29T13:03:54","guid":{"rendered":"https:\/\/infoecos.com.ar\/?p=116919"},"modified":"2023-12-29T16:06:00","modified_gmt":"2023-12-29T19:06:00","slug":"en-tandil-se-cree-que-sera-la-peor-temporada-turistica-en-20-anos","status":"publish","type":"post","link":"https:\/\/infoecos.com.ar\/index.php\/en-tandil-se-cree-que-sera-la-peor-temporada-turistica-en-20-anos\/","title":{"rendered":"En Tandil se cree que ser\u00e1 la peor temporada tur\u00edstica en 20 a\u00f1os"},"content":{"rendered":"\n<figure class=\"wp-block-image alignright size-full is-resized\"><img loading=\"lazy\" decoding=\"async\" src=\"https:\/\/infoecos.com.ar\/wp-content\/uploads\/2023\/12\/image-188.png\" alt=\"\" class=\"wp-image-116920\" width=\"408\" height=\"237\" srcset=\"https:\/\/infoecos.com.ar\/wp-content\/uploads\/2023\/12\/image-188.png 880w, https:\/\/infoecos.com.ar\/wp-content\/uploads\/2023\/12\/image-188-800x465.png 800w, https:\/\/infoecos.com.ar\/wp-content\/uploads\/2023\/12\/image-188-768x447.png 768w\" sizes=\"(max-width: 408px) 100vw, 408px\" \/><\/figure>\n\n\n\n<p>En contacto con el diario El Eco, Nicol\u00e1s Funaro, a cargo de la coordinaci\u00f3n de la Asociaci\u00f3n de Hoteles, y de Jos\u00e9 Baena, responsable de la Asociaci\u00f3n de Caba\u00f1as, se\u00f1alaron que desde las elecciones del balotaje de noviembre \u201chubo una ca\u00edda estrepitosa\u201d de la actividad tur\u00edstica, al tiempo que acotaron que \u201cm\u00e1s all\u00e1 de la inflaci\u00f3n\u201d, hasta octubre la ocupaci\u00f3n y el consumo \u201cven\u00edan con un nivel excelente, no nos pod\u00edamos quejar\u201d, admitieron ambos empresarios.<\/p>\n\n\n\n<p>\u201cDespu\u00e9s del fallido fin de semana largo del balotaje, ah\u00ed muri\u00f3 la actividad. Las reservas para enero se plancharon y algunas se cancelaron\u201d, agregaron Funaro y Baena.<\/p>\n\n\n\n<p>La perspectiva para lo que resta del per\u00edodo estival es realmente negativa para ambos sectores, desde donde proyectan \u201cla peor temporada en 20 a\u00f1os\u201d.<\/p>\n\n\n\n<p>En las primeras comparaciones interanuales, los registros indican que durante esta \u00faltima semana de diciembre la cantidad de reservas en 2022 para el mes de enero del 2023 era muy superior a las actuales. \u201cAhora hay casos de establecimientos que no concretaron ninguna reserva para el mes de febrero\u201d, graficaron desde ambas asociaciones.<\/p>\n\n\n\n<p>En el caso de la Asociaci\u00f3n de Caba\u00f1as, Baena precis\u00f3 que mientras en octubre pasado se recib\u00edan por d\u00eda entre 25 a 30 consultas, actualmente ese tipo de establecimiento recepciona un promedio de cinco llamados cada 24 horas.<\/p>\n\n\n\n<p>\u201cLa actividad necesita que la gente tenga poder adquisitivo para consumir. Ni en la crisis del 2001 se vio una ca\u00edda as\u00ed. Ni en la crisis del campo, que fue un parate importante\u201d, agregaron los empresarios tur\u00edsticos.&nbsp;<\/p>\n","protected":false},"excerpt":{"rendered":"<p>\u00abLas reservas para enero se plancharon y algunas se cancelaron\u00bb, dijeron empresarios del sector tur\u00edstico a El Eco. Fuente: infogei.com.ar<\/p>\n","protected":false},"author":2,"featured_media":116920,"comment_status":"closed","ping_status":"open","sticky":false,"template":"","format":"standard","meta":{"footnotes":""},"categories":[47],"tags":[97],"class_list":["post-116919","post","type-post","status-publish","format-standard","has-post-thumbnail","hentry","category-c3nota2","tag-economia"],"yoast_head":"<!-- This site is optimized with the Yoast SEO plugin v23.4 - https:\/\/yoast.com\/wordpress\/plugins\/seo\/ -->\n<title>En Tandil se cree que ser\u00e1 la peor temporada tur\u00edstica en 20 a\u00f1os - Infoecos<\/title>\n<meta name=\"robots\" content=\"index, follow, max-snippet:-1, max-image-preview:large, max-video-preview:-1\" \/>\n<link rel=\"canonical\" href=\"https:\/\/infoecos.com.ar\/index.php\/en-tandil-se-cree-que-sera-la-peor-temporada-turistica-en-20-anos\/\" \/>\n<meta property=\"og:locale\" content=\"es_ES\" \/>\n<meta property=\"og:type\" content=\"article\" \/>\n<meta property=\"og:title\" content=\"En Tandil se cree que ser\u00e1 la peor temporada tur\u00edstica en 20 a\u00f1os - Infoecos\" \/>\n<meta property=\"og:description\" content=\"&quot;Las reservas para enero se plancharon y algunas se cancelaron&quot;, dijeron empresarios del sector tur\u00edstico a El Eco. Fuente: infogei.com.ar\" \/>\n<meta property=\"og:url\" content=\"https:\/\/infoecos.com.ar\/index.php\/en-tandil-se-cree-que-sera-la-peor-temporada-turistica-en-20-anos\/\" \/>\n<meta property=\"og:site_name\" content=\"Infoecos\" \/>\n<meta property=\"article:publisher\" content=\"https:\/\/www.facebook.com\/profile.php?id=100063200290284\" \/>\n<meta property=\"article:published_time\" content=\"2023-12-29T13:03:54+00:00\" \/>\n<meta property=\"article:modified_time\" content=\"2023-12-29T19:06:00+00:00\" \/>\n<meta property=\"og:image\" content=\"https:\/\/infoecos.com.ar\/wp-content\/uploads\/2023\/12\/image-188.png\" \/>\n\t<meta property=\"og:image:width\" content=\"880\" \/>\n\t<meta property=\"og:image:height\" content=\"512\" \/>\n\t<meta property=\"og:image:type\" content=\"image\/png\" \/>\n<meta name=\"author\" content=\"Jorge Matheus\" \/>\n<meta name=\"twitter:card\" content=\"summary_large_image\" \/>\n<meta name=\"twitter:creator\" content=\"@infoecos\" \/>\n<meta name=\"twitter:site\" content=\"@infoecos\" \/>\n<meta name=\"twitter:label1\" content=\"Escrito por\" \/>\n\t<meta name=\"twitter:data1\" content=\"Jorge Matheus\" \/>\n\t<meta name=\"twitter:label2\" content=\"Tiempo de lectura\" \/>\n\t<meta name=\"twitter:data2\" content=\"2 minutos\" \/>\n<script type=\"application\/ld+json\" class=\"yoast-schema-graph\">{\"@context\":\"https:\/\/schema.org\",\"@graph\":[{\"@type\":\"Article\",\"@id\":\"https:\/\/infoecos.com.ar\/index.php\/en-tandil-se-cree-que-sera-la-peor-temporada-turistica-en-20-anos\/#article\",\"isPartOf\":{\"@id\":\"https:\/\/infoecos.com.ar\/index.php\/en-tandil-se-cree-que-sera-la-peor-temporada-turistica-en-20-anos\/\"},\"author\":{\"name\":\"Jorge Matheus\",\"@id\":\"https:\/\/infoecos.com.ar\/#\/schema\/person\/8f5ace5ce73b4b4aac4b7245aee6f191\"},\"headline\":\"En Tandil se cree que ser\u00e1 la peor temporada tur\u00edstica en 20 a\u00f1os\",\"datePublished\":\"2023-12-29T13:03:54+00:00\",\"dateModified\":\"2023-12-29T19:06:00+00:00\",\"mainEntityOfPage\":{\"@id\":\"https:\/\/infoecos.com.ar\/index.php\/en-tandil-se-cree-que-sera-la-peor-temporada-turistica-en-20-anos\/\"},\"wordCount\":284,\"publisher\":{\"@id\":\"https:\/\/infoecos.com.ar\/#organization\"},\"image\":{\"@id\":\"https:\/\/infoecos.com.ar\/index.php\/en-tandil-se-cree-que-sera-la-peor-temporada-turistica-en-20-anos\/#primaryimage\"},\"thumbnailUrl\":\"https:\/\/infoecos.com.ar\/wp-content\/uploads\/2023\/12\/image-188.png\",\"keywords\":[\"ECONOM\u00cdA\"],\"articleSection\":[\"C3 N2\"],\"inLanguage\":\"es\"},{\"@type\":\"WebPage\",\"@id\":\"https:\/\/infoecos.com.ar\/index.php\/en-tandil-se-cree-que-sera-la-peor-temporada-turistica-en-20-anos\/\",\"url\":\"https:\/\/infoecos.com.ar\/index.php\/en-tandil-se-cree-que-sera-la-peor-temporada-turistica-en-20-anos\/\",\"name\":\"En Tandil se cree que ser\u00e1 la peor temporada tur\u00edstica en 20 a\u00f1os - Infoecos\",\"isPartOf\":{\"@id\":\"https:\/\/infoecos.com.ar\/#website\"},\"primaryImageOfPage\":{\"@id\":\"https:\/\/infoecos.com.ar\/index.php\/en-tandil-se-cree-que-sera-la-peor-temporada-turistica-en-20-anos\/#primaryimage\"},\"image\":{\"@id\":\"https:\/\/infoecos.com.ar\/index.php\/en-tandil-se-cree-que-sera-la-peor-temporada-turistica-en-20-anos\/#primaryimage\"},\"thumbnailUrl\":\"https:\/\/infoecos.com.ar\/wp-content\/uploads\/2023\/12\/image-188.png\",\"datePublished\":\"2023-12-29T13:03:54+00:00\",\"dateModified\":\"2023-12-29T19:06:00+00:00\",\"breadcrumb\":{\"@id\":\"https:\/\/infoecos.com.ar\/index.php\/en-tandil-se-cree-que-sera-la-peor-temporada-turistica-en-20-anos\/#breadcrumb\"},\"inLanguage\":\"es\",\"potentialAction\":[{\"@type\":\"ReadAction\",\"target\":[\"https:\/\/infoecos.com.ar\/index.php\/en-tandil-se-cree-que-sera-la-peor-temporada-turistica-en-20-anos\/\"]}]},{\"@type\":\"ImageObject\",\"inLanguage\":\"es\",\"@id\":\"https:\/\/infoecos.com.ar\/index.php\/en-tandil-se-cree-que-sera-la-peor-temporada-turistica-en-20-anos\/#primaryimage\",\"url\":\"https:\/\/infoecos.com.ar\/wp-content\/uploads\/2023\/12\/image-188.png\",\"contentUrl\":\"https:\/\/infoecos.com.ar\/wp-content\/uploads\/2023\/12\/image-188.png\",\"width\":880,\"height\":512},{\"@type\":\"BreadcrumbList\",\"@id\":\"https:\/\/infoecos.com.ar\/index.php\/en-tandil-se-cree-que-sera-la-peor-temporada-turistica-en-20-anos\/#breadcrumb\",\"itemListElement\":[{\"@type\":\"ListItem\",\"position\":1,\"name\":\"Portada\",\"item\":\"https:\/\/infoecos.com.ar\/\"},{\"@type\":\"ListItem\",\"position\":2,\"name\":\"En Tandil se cree que ser\u00e1 la peor temporada tur\u00edstica en 20 a\u00f1os\"}]},{\"@type\":\"WebSite\",\"@id\":\"https:\/\/infoecos.com.ar\/#website\",\"url\":\"https:\/\/infoecos.com.ar\/\",\"name\":\"Infoecos\",\"description\":\"Noticias de trenque lauquen y la zona\",\"publisher\":{\"@id\":\"https:\/\/infoecos.com.ar\/#organization\"},\"alternateName\":\"Noticias\",\"potentialAction\":[{\"@type\":\"SearchAction\",\"target\":{\"@type\":\"EntryPoint\",\"urlTemplate\":\"https:\/\/infoecos.com.ar\/?s={search_term_string}\"},\"query-input\":{\"@type\":\"PropertyValueSpecification\",\"valueRequired\":true,\"valueName\":\"search_term_string\"}}],\"inLanguage\":\"es\"},{\"@type\":\"Organization\",\"@id\":\"https:\/\/infoecos.com.ar\/#organization\",\"name\":\"Infoecos\",\"alternateName\":\"Noticias\",\"url\":\"https:\/\/infoecos.com.ar\/\",\"logo\":{\"@type\":\"ImageObject\",\"inLanguage\":\"es\",\"@id\":\"https:\/\/infoecos.com.ar\/#\/schema\/logo\/image\/\",\"url\":\"https:\/\/infoecos.com.ar\/wp-content\/uploads\/2024\/03\/cropped-logo.png\",\"contentUrl\":\"https:\/\/infoecos.com.ar\/wp-content\/uploads\/2024\/03\/cropped-logo.png\",\"width\":374,\"height\":90,\"caption\":\"Infoecos\"},\"image\":{\"@id\":\"https:\/\/infoecos.com.ar\/#\/schema\/logo\/image\/\"},\"sameAs\":[\"https:\/\/www.facebook.com\/profile.php?id=100063200290284\",\"https:\/\/x.com\/infoecos\"]},{\"@type\":\"Person\",\"@id\":\"https:\/\/infoecos.com.ar\/#\/schema\/person\/8f5ace5ce73b4b4aac4b7245aee6f191\",\"name\":\"Jorge Matheus\",\"url\":\"https:\/\/infoecos.com.ar\/index.php\/author\/jomatheus\/\"}]}<\/script>\n<!-- \/ Yoast SEO plugin. -->","yoast_head_json":{"title":"En Tandil se cree que ser\u00e1 la peor temporada tur\u00edstica en 20 a\u00f1os - Infoecos","robots":{"index":"index","follow":"follow","max-snippet":"max-snippet:-1","max-image-preview":"max-image-preview:large","max-video-preview":"max-video-preview:-1"},"canonical":"https:\/\/infoecos.com.ar\/index.php\/en-tandil-se-cree-que-sera-la-peor-temporada-turistica-en-20-anos\/","og_locale":"es_ES","og_type":"article","og_title":"En Tandil se cree que ser\u00e1 la peor temporada tur\u00edstica en 20 a\u00f1os - Infoecos","og_description":"\"Las reservas para enero se plancharon y algunas se cancelaron\", dijeron empresarios del sector tur\u00edstico a El Eco. Fuente: infogei.com.ar","og_url":"https:\/\/infoecos.com.ar\/index.php\/en-tandil-se-cree-que-sera-la-peor-temporada-turistica-en-20-anos\/","og_site_name":"Infoecos","article_publisher":"https:\/\/www.facebook.com\/profile.php?id=100063200290284","article_published_time":"2023-12-29T13:03:54+00:00","article_modified_time":"2023-12-29T19:06:00+00:00","og_image":[{"width":880,"height":512,"url":"https:\/\/infoecos.com.ar\/wp-content\/uploads\/2023\/12\/image-188.png","type":"image\/png"}],"author":"Jorge Matheus","twitter_card":"summary_large_image","twitter_creator":"@infoecos","twitter_site":"@infoecos","twitter_misc":{"Escrito por":"Jorge Matheus","Tiempo de lectura":"2 minutos"},"schema":{"@context":"https:\/\/schema.org","@graph":[{"@type":"Article","@id":"https:\/\/infoecos.com.ar\/index.php\/en-tandil-se-cree-que-sera-la-peor-temporada-turistica-en-20-anos\/#article","isPartOf":{"@id":"https:\/\/infoecos.com.ar\/index.php\/en-tandil-se-cree-que-sera-la-peor-temporada-turistica-en-20-anos\/"},"author":{"name":"Jorge Matheus","@id":"https:\/\/infoecos.com.ar\/#\/schema\/person\/8f5ace5ce73b4b4aac4b7245aee6f191"},"headline":"En Tandil se cree que ser\u00e1 la peor temporada tur\u00edstica en 20 a\u00f1os","datePublished":"2023-12-29T13:03:54+00:00","dateModified":"2023-12-29T19:06:00+00:00","mainEntityOfPage":{"@id":"https:\/\/infoecos.com.ar\/index.php\/en-tandil-se-cree-que-sera-la-peor-temporada-turistica-en-20-anos\/"},"wordCount":284,"publisher":{"@id":"https:\/\/infoecos.com.ar\/#organization"},"image":{"@id":"https:\/\/infoecos.com.ar\/index.php\/en-tandil-se-cree-que-sera-la-peor-temporada-turistica-en-20-anos\/#primaryimage"},"thumbnailUrl":"https:\/\/infoecos.com.ar\/wp-content\/uploads\/2023\/12\/image-188.png","keywords":["ECONOM\u00cdA"],"articleSection":["C3 N2"],"inLanguage":"es"},{"@type":"WebPage","@id":"https:\/\/infoecos.com.ar\/index.php\/en-tandil-se-cree-que-sera-la-peor-temporada-turistica-en-20-anos\/","url":"https:\/\/infoecos.com.ar\/index.php\/en-tandil-se-cree-que-sera-la-peor-temporada-turistica-en-20-anos\/","name":"En Tandil se cree que ser\u00e1 la peor temporada tur\u00edstica en 20 a\u00f1os - Infoecos","isPartOf":{"@id":"https:\/\/infoecos.com.ar\/#website"},"primaryImageOfPage":{"@id":"https:\/\/infoecos.com.ar\/index.php\/en-tandil-se-cree-que-sera-la-peor-temporada-turistica-en-20-anos\/#primaryimage"},"image":{"@id":"https:\/\/infoecos.com.ar\/index.php\/en-tandil-se-cree-que-sera-la-peor-temporada-turistica-en-20-anos\/#primaryimage"},"thumbnailUrl":"https:\/\/infoecos.com.ar\/wp-content\/uploads\/2023\/12\/image-188.png","datePublished":"2023-12-29T13:03:54+00:00","dateModified":"2023-12-29T19:06:00+00:00","breadcrumb":{"@id":"https:\/\/infoecos.com.ar\/index.php\/en-tandil-se-cree-que-sera-la-peor-temporada-turistica-en-20-anos\/#breadcrumb"},"inLanguage":"es","potentialAction":[{"@type":"ReadAction","target":["https:\/\/infoecos.com.ar\/index.php\/en-tandil-se-cree-que-sera-la-peor-temporada-turistica-en-20-anos\/"]}]},{"@type":"ImageObject","inLanguage":"es","@id":"https:\/\/infoecos.com.ar\/index.php\/en-tandil-se-cree-que-sera-la-peor-temporada-turistica-en-20-anos\/#primaryimage","url":"https:\/\/infoecos.com.ar\/wp-content\/uploads\/2023\/12\/image-188.png","contentUrl":"https:\/\/infoecos.com.ar\/wp-content\/uploads\/2023\/12\/image-188.png","width":880,"height":512},{"@type":"BreadcrumbList","@id":"https:\/\/infoecos.com.ar\/index.php\/en-tandil-se-cree-que-sera-la-peor-temporada-turistica-en-20-anos\/#breadcrumb","itemListElement":[{"@type":"ListItem","position":1,"name":"Portada","item":"https:\/\/infoecos.com.ar\/"},{"@type":"ListItem","position":2,"name":"En Tandil se cree que ser\u00e1 la peor temporada tur\u00edstica en 20 a\u00f1os"}]},{"@type":"WebSite","@id":"https:\/\/infoecos.com.ar\/#website","url":"https:\/\/infoecos.com.ar\/","name":"Infoecos","description":"Noticias de trenque lauquen y la zona","publisher":{"@id":"https:\/\/infoecos.com.ar\/#organization"},"alternateName":"Noticias","potentialAction":[{"@type":"SearchAction","target":{"@type":"EntryPoint","urlTemplate":"https:\/\/infoecos.com.ar\/?s={search_term_string}"},"query-input":{"@type":"PropertyValueSpecification","valueRequired":true,"valueName":"search_term_string"}}],"inLanguage":"es"},{"@type":"Organization","@id":"https:\/\/infoecos.com.ar\/#organization","name":"Infoecos","alternateName":"Noticias","url":"https:\/\/infoecos.com.ar\/","logo":{"@type":"ImageObject","inLanguage":"es","@id":"https:\/\/infoecos.com.ar\/#\/schema\/logo\/image\/","url":"https:\/\/infoecos.com.ar\/wp-content\/uploads\/2024\/03\/cropped-logo.png","contentUrl":"https:\/\/infoecos.com.ar\/wp-content\/uploads\/2024\/03\/cropped-logo.png","width":374,"height":90,"caption":"Infoecos"},"image":{"@id":"https:\/\/infoecos.com.ar\/#\/schema\/logo\/image\/"},"sameAs":["https:\/\/www.facebook.com\/profile.php?id=100063200290284","https:\/\/x.com\/infoecos"]},{"@type":"Person","@id":"https:\/\/infoecos.com.ar\/#\/schema\/person\/8f5ace5ce73b4b4aac4b7245aee6f191","name":"Jorge Matheus","url":"https:\/\/infoecos.com.ar\/index.php\/author\/jomatheus\/"}]}},"featured_image_urls":{"full":["https:\/\/infoecos.com.ar\/wp-content\/uploads\/2023\/12\/image-188.png",880,512,false],"thumbnail":["https:\/\/infoecos.com.ar\/wp-content\/uploads\/2023\/12\/image-188-300x150.png",300,150,true],"medium":["https:\/\/infoecos.com.ar\/wp-content\/uploads\/2023\/12\/image-188-800x465.png",800,465,true],"medium_large":["https:\/\/infoecos.com.ar\/wp-content\/uploads\/2023\/12\/image-188-768x447.png",640,373,true],"large":["https:\/\/infoecos.com.ar\/wp-content\/uploads\/2023\/12\/image-188.png",640,372,false],"1536x1536":["https:\/\/infoecos.com.ar\/wp-content\/uploads\/2023\/12\/image-188.png",880,512,false],"2048x2048":["https:\/\/infoecos.com.ar\/wp-content\/uploads\/2023\/12\/image-188.png",880,512,false],"covernews-slider-full":["https:\/\/infoecos.com.ar\/wp-content\/uploads\/2023\/12\/image-188.png",880,512,false],"covernews-slider-center":["https:\/\/infoecos.com.ar\/wp-content\/uploads\/2023\/12\/image-188.png",800,465,false],"covernews-featured":["https:\/\/infoecos.com.ar\/wp-content\/uploads\/2023\/12\/image-188.png",880,512,false],"covernews-medium":["https:\/\/infoecos.com.ar\/wp-content\/uploads\/2023\/12\/image-188-720x380.png",540,285,true],"covernews-medium-square":["https:\/\/infoecos.com.ar\/wp-content\/uploads\/2023\/12\/image-188-675x450.png",375,250,true]},"author_info":{"info":["Jorge Matheus"]},"category_info":"<a href=\"https:\/\/infoecos.com.ar\/index.php\/category\/c3nota2\/\" rel=\"category tag\">C3 N2<\/a>","tag_info":"C3 N2","comment_count":"0","_links":{"self":[{"href":"https:\/\/infoecos.com.ar\/index.php\/wp-json\/wp\/v2\/posts\/116919"}],"collection":[{"href":"https:\/\/infoecos.com.ar\/index.php\/wp-json\/wp\/v2\/posts"}],"about":[{"href":"https:\/\/infoecos.com.ar\/index.php\/wp-json\/wp\/v2\/types\/post"}],"author":[{"embeddable":true,"href":"https:\/\/infoecos.com.ar\/index.php\/wp-json\/wp\/v2\/users\/2"}],"replies":[{"embeddable":true,"href":"https:\/\/infoecos.com.ar\/index.php\/wp-json\/wp\/v2\/comments?post=116919"}],"version-history":[{"count":1,"href":"https:\/\/infoecos.com.ar\/index.php\/wp-json\/wp\/v2\/posts\/116919\/revisions"}],"predecessor-version":[{"id":116921,"href":"https:\/\/infoecos.com.ar\/index.php\/wp-json\/wp\/v2\/posts\/116919\/revisions\/116921"}],"wp:featuredmedia":[{"embeddable":true,"href":"https:\/\/infoecos.com.ar\/index.php\/wp-json\/wp\/v2\/media\/116920"}],"wp:attachment":[{"href":"https:\/\/infoecos.com.ar\/index.php\/wp-json\/wp\/v2\/media?parent=116919"}],"wp:term":[{"taxonomy":"category","embeddable":true,"href":"https:\/\/infoecos.com.ar\/index.php\/wp-json\/wp\/v2\/categories?post=116919"},{"taxonomy":"post_tag","embeddable":true,"href":"https:\/\/infoecos.com.ar\/index.php\/wp-json\/wp\/v2\/tags?post=116919"}],"curies":[{"name":"wp","href":"https:\/\/api.w.org\/{rel}","templated":true}]}}