{"id":116940,"date":"2023-12-31T09:05:41","date_gmt":"2023-12-31T12:05:41","guid":{"rendered":"https:\/\/infoecos.com.ar\/?p=116940"},"modified":"2024-01-01T11:26:59","modified_gmt":"2024-01-01T14:26:59","slug":"incendios-vivienda-del-barrio-los-robles-vehiculo-y-local-gastronomico","status":"publish","type":"post","link":"https:\/\/infoecos.com.ar\/index.php\/incendios-vivienda-del-barrio-los-robles-vehiculo-y-local-gastronomico\/","title":{"rendered":"Incendios: vivienda en el Barrio Los Robles, veh\u00edculo y local gastron\u00f3mico"},"content":{"rendered":"\n<p><strong>Incendio de una casa<\/strong><\/p>\n\n\n\n<figure class=\"wp-block-gallery has-nested-images columns-default is-cropped wp-block-gallery-1 is-layout-flex wp-block-gallery-is-layout-flex\">\n<figure class=\"wp-block-image size-large\"><img loading=\"lazy\" decoding=\"async\" width=\"1600\" height=\"1200\" data-id=\"116942\" src=\"https:\/\/infoecos.com.ar\/wp-content\/uploads\/2023\/12\/viviendaincendia.jpg\" alt=\"\" class=\"wp-image-116942\" srcset=\"https:\/\/infoecos.com.ar\/wp-content\/uploads\/2023\/12\/viviendaincendia.jpg 1600w, https:\/\/infoecos.com.ar\/wp-content\/uploads\/2023\/12\/viviendaincendia-800x600.jpg 800w, https:\/\/infoecos.com.ar\/wp-content\/uploads\/2023\/12\/viviendaincendia-768x576.jpg 768w, https:\/\/infoecos.com.ar\/wp-content\/uploads\/2023\/12\/viviendaincendia-1536x1152.jpg 1536w, https:\/\/infoecos.com.ar\/wp-content\/uploads\/2023\/12\/viviendaincendia-1024x768.jpg 1024w\" sizes=\"(max-width: 1600px) 100vw, 1600px\" \/><\/figure>\n\n\n\n<figure class=\"wp-block-image size-large\"><img loading=\"lazy\" decoding=\"async\" width=\"1200\" height=\"1600\" data-id=\"116944\" src=\"https:\/\/infoecos.com.ar\/wp-content\/uploads\/2023\/12\/viviendaincendia3.jpg\" alt=\"\" class=\"wp-image-116944\" srcset=\"https:\/\/infoecos.com.ar\/wp-content\/uploads\/2023\/12\/viviendaincendia3.jpg 1200w, https:\/\/infoecos.com.ar\/wp-content\/uploads\/2023\/12\/viviendaincendia3-600x800.jpg 600w, https:\/\/infoecos.com.ar\/wp-content\/uploads\/2023\/12\/viviendaincendia3-768x1024.jpg 768w, https:\/\/infoecos.com.ar\/wp-content\/uploads\/2023\/12\/viviendaincendia3-1152x1536.jpg 1152w, https:\/\/infoecos.com.ar\/wp-content\/uploads\/2023\/12\/viviendaincendia3-1024x1365.jpg 1024w\" sizes=\"(max-width: 1200px) 100vw, 1200px\" \/><\/figure>\n\n\n\n<figure class=\"wp-block-image size-large\"><img loading=\"lazy\" decoding=\"async\" width=\"1200\" height=\"1600\" data-id=\"116946\" src=\"https:\/\/infoecos.com.ar\/wp-content\/uploads\/2023\/12\/viviendaincendiada1.jpg\" alt=\"\" class=\"wp-image-116946\" srcset=\"https:\/\/infoecos.com.ar\/wp-content\/uploads\/2023\/12\/viviendaincendiada1.jpg 1200w, https:\/\/infoecos.com.ar\/wp-content\/uploads\/2023\/12\/viviendaincendiada1-600x800.jpg 600w, https:\/\/infoecos.com.ar\/wp-content\/uploads\/2023\/12\/viviendaincendiada1-768x1024.jpg 768w, https:\/\/infoecos.com.ar\/wp-content\/uploads\/2023\/12\/viviendaincendiada1-1152x1536.jpg 1152w, https:\/\/infoecos.com.ar\/wp-content\/uploads\/2023\/12\/viviendaincendiada1-1024x1365.jpg 1024w\" sizes=\"(max-width: 1200px) 100vw, 1200px\" \/><\/figure>\n\n\n\n<figure class=\"wp-block-image size-large\"><img loading=\"lazy\" decoding=\"async\" width=\"1600\" height=\"1200\" data-id=\"116941\" src=\"https:\/\/infoecos.com.ar\/wp-content\/uploads\/2023\/12\/viviendaincendiada2.jpg\" alt=\"\" class=\"wp-image-116941\" srcset=\"https:\/\/infoecos.com.ar\/wp-content\/uploads\/2023\/12\/viviendaincendiada2.jpg 1600w, https:\/\/infoecos.com.ar\/wp-content\/uploads\/2023\/12\/viviendaincendiada2-800x600.jpg 800w, https:\/\/infoecos.com.ar\/wp-content\/uploads\/2023\/12\/viviendaincendiada2-768x576.jpg 768w, https:\/\/infoecos.com.ar\/wp-content\/uploads\/2023\/12\/viviendaincendiada2-1536x1152.jpg 1536w, https:\/\/infoecos.com.ar\/wp-content\/uploads\/2023\/12\/viviendaincendiada2-1024x768.jpg 1024w\" sizes=\"(max-width: 1600px) 100vw, 1600px\" \/><\/figure>\n\n\n\n<figure class=\"wp-block-image size-large\"><img loading=\"lazy\" decoding=\"async\" width=\"1200\" height=\"1600\" data-id=\"116947\" src=\"https:\/\/infoecos.com.ar\/wp-content\/uploads\/2023\/12\/viviendaincendiada3.jpg\" alt=\"\" class=\"wp-image-116947\" srcset=\"https:\/\/infoecos.com.ar\/wp-content\/uploads\/2023\/12\/viviendaincendiada3.jpg 1200w, https:\/\/infoecos.com.ar\/wp-content\/uploads\/2023\/12\/viviendaincendiada3-600x800.jpg 600w, https:\/\/infoecos.com.ar\/wp-content\/uploads\/2023\/12\/viviendaincendiada3-768x1024.jpg 768w, https:\/\/infoecos.com.ar\/wp-content\/uploads\/2023\/12\/viviendaincendiada3-1152x1536.jpg 1152w, https:\/\/infoecos.com.ar\/wp-content\/uploads\/2023\/12\/viviendaincendiada3-1024x1365.jpg 1024w\" sizes=\"(max-width: 1200px) 100vw, 1200px\" \/><\/figure>\n\n\n\n<figure class=\"wp-block-image size-large\"><img loading=\"lazy\" decoding=\"async\" width=\"1200\" height=\"1600\" data-id=\"116943\" src=\"https:\/\/infoecos.com.ar\/wp-content\/uploads\/2023\/12\/viviendaincendida3.jpg\" alt=\"\" class=\"wp-image-116943\" srcset=\"https:\/\/infoecos.com.ar\/wp-content\/uploads\/2023\/12\/viviendaincendida3.jpg 1200w, https:\/\/infoecos.com.ar\/wp-content\/uploads\/2023\/12\/viviendaincendida3-600x800.jpg 600w, https:\/\/infoecos.com.ar\/wp-content\/uploads\/2023\/12\/viviendaincendida3-768x1024.jpg 768w, https:\/\/infoecos.com.ar\/wp-content\/uploads\/2023\/12\/viviendaincendida3-1152x1536.jpg 1152w, https:\/\/infoecos.com.ar\/wp-content\/uploads\/2023\/12\/viviendaincendida3-1024x1365.jpg 1024w\" sizes=\"(max-width: 1200px) 100vw, 1200px\" \/><\/figure>\n<\/figure>\n\n\n\n<p>Un voraz incendio se produjo en una vivienda del Barrio Los Robles de Trenque Lauquen. <\/p>\n\n\n\n<p>Debieron actuar los Bomberos Voluntarios de la ciudad que comprobaron un siniestro generalizado y da\u00f1os totales. <\/p>\n\n\n\n<p>Se realiz\u00f3 remoci\u00f3n y enfriamiento de la zona afectada, y materiales afectados.<\/p>\n\n\n\n<p><strong>Incendio de un veh\u00edculo: <\/strong><\/p>\n\n\n\n<figure class=\"wp-block-gallery has-nested-images columns-default is-cropped wp-block-gallery-2 is-layout-flex wp-block-gallery-is-layout-flex\">\n<figure class=\"wp-block-image size-large\"><img loading=\"lazy\" decoding=\"async\" width=\"900\" height=\"1600\" data-id=\"116949\" src=\"https:\/\/infoecos.com.ar\/wp-content\/uploads\/2023\/12\/autoincendio.jpg\" alt=\"\" class=\"wp-image-116949\" srcset=\"https:\/\/infoecos.com.ar\/wp-content\/uploads\/2023\/12\/autoincendio.jpg 900w, https:\/\/infoecos.com.ar\/wp-content\/uploads\/2023\/12\/autoincendio-450x800.jpg 450w, https:\/\/infoecos.com.ar\/wp-content\/uploads\/2023\/12\/autoincendio-768x1365.jpg 768w, https:\/\/infoecos.com.ar\/wp-content\/uploads\/2023\/12\/autoincendio-864x1536.jpg 864w\" sizes=\"(max-width: 900px) 100vw, 900px\" \/><\/figure>\n\n\n\n<figure class=\"wp-block-image size-large\"><img loading=\"lazy\" decoding=\"async\" width=\"900\" height=\"1600\" data-id=\"116948\" src=\"https:\/\/infoecos.com.ar\/wp-content\/uploads\/2023\/12\/autoincendio1.jpg\" alt=\"\" class=\"wp-image-116948\" srcset=\"https:\/\/infoecos.com.ar\/wp-content\/uploads\/2023\/12\/autoincendio1.jpg 900w, https:\/\/infoecos.com.ar\/wp-content\/uploads\/2023\/12\/autoincendio1-450x800.jpg 450w, https:\/\/infoecos.com.ar\/wp-content\/uploads\/2023\/12\/autoincendio1-768x1365.jpg 768w, https:\/\/infoecos.com.ar\/wp-content\/uploads\/2023\/12\/autoincendio1-864x1536.jpg 864w\" sizes=\"(max-width: 900px) 100vw, 900px\" \/><\/figure>\n\n\n\n<figure class=\"wp-block-image size-large\"><img loading=\"lazy\" decoding=\"async\" width=\"900\" height=\"1600\" data-id=\"116950\" src=\"https:\/\/infoecos.com.ar\/wp-content\/uploads\/2023\/12\/autoincendio2.jpg\" alt=\"\" class=\"wp-image-116950\" srcset=\"https:\/\/infoecos.com.ar\/wp-content\/uploads\/2023\/12\/autoincendio2.jpg 900w, https:\/\/infoecos.com.ar\/wp-content\/uploads\/2023\/12\/autoincendio2-450x800.jpg 450w, https:\/\/infoecos.com.ar\/wp-content\/uploads\/2023\/12\/autoincendio2-768x1365.jpg 768w, https:\/\/infoecos.com.ar\/wp-content\/uploads\/2023\/12\/autoincendio2-864x1536.jpg 864w\" sizes=\"(max-width: 900px) 100vw, 900px\" \/><\/figure>\n<\/figure>\n\n\n\n<p>Se produjo un incendio veh\u00edcular en la calle Leloir 284, en el barrio Parque.<\/p>\n\n\n\n<p>Bomberos Voluntarios procedi\u00f3 a realizar tareas de extinci\u00f3n y enfriamiento de la zona afectada.<\/p>\n\n\n\n<p><strong>Incendio en local gastr\u00f3nomico:<\/strong><\/p>\n\n\n\n<figure class=\"wp-block-image aligncenter size-large is-resized\"><img loading=\"lazy\" decoding=\"async\" src=\"https:\/\/infoecos.com.ar\/wp-content\/uploads\/2023\/12\/image-189-1200x1600.png\" alt=\"\" class=\"wp-image-116951\" width=\"343\" height=\"458\" srcset=\"https:\/\/infoecos.com.ar\/wp-content\/uploads\/2023\/12\/image-189-1200x1600.png 1200w, https:\/\/infoecos.com.ar\/wp-content\/uploads\/2023\/12\/image-189-600x800.png 600w, https:\/\/infoecos.com.ar\/wp-content\/uploads\/2023\/12\/image-189-768x1024.png 768w, https:\/\/infoecos.com.ar\/wp-content\/uploads\/2023\/12\/image-189-1152x1536.png 1152w, https:\/\/infoecos.com.ar\/wp-content\/uploads\/2023\/12\/image-189-1024x1365.png 1024w, https:\/\/infoecos.com.ar\/wp-content\/uploads\/2023\/12\/image-189.png 1536w\" sizes=\"(max-width: 343px) 100vw, 343px\" \/><\/figure>\n\n\n\n<p>Se produjo un incendio en local gastron\u00f3mico, ubicado en la calle Villegas..<\/p>\n\n\n\n<p>Se realizaron tareas de extinci\u00f3n en el lugar. <\/p>\n\n\n\n<p>Debi\u00f3 solicitarse una ambulancia del SAME en forma preventiva y para la atenci\u00f3n de una persona del local.<\/p>\n\n\n\n<p><\/p>\n\n\n\n<p><\/p>\n\n\n\n<p><\/p>\n\n\n\n<p><\/p>\n\n\n\n<p><\/p>\n","protected":false},"excerpt":{"rendered":"<p>Informaci\u00f3n tomada de la cuenta Soy Bombero Trenque Lauquen<\/p>\n","protected":false},"author":2,"featured_media":116947,"comment_status":"closed","ping_status":"open","sticky":false,"template":"","format":"standard","meta":{"footnotes":""},"categories":[50],"tags":[9795],"class_list":["post-116940","post","type-post","status-publish","format-standard","has-post-thumbnail","hentry","category-c1nota4","tag-bomberos-vountarios-t-lauquen"],"yoast_head":"<!-- This site is optimized with the Yoast SEO plugin v23.4 - https:\/\/yoast.com\/wordpress\/plugins\/seo\/ -->\n<title>Incendios: vivienda en el Barrio Los Robles, veh\u00edculo y local gastron\u00f3mico - Infoecos<\/title>\n<meta name=\"robots\" content=\"index, follow, max-snippet:-1, max-image-preview:large, max-video-preview:-1\" \/>\n<link rel=\"canonical\" href=\"https:\/\/infoecos.com.ar\/index.php\/incendios-vivienda-del-barrio-los-robles-vehiculo-y-local-gastronomico\/\" \/>\n<meta property=\"og:locale\" content=\"es_ES\" \/>\n<meta property=\"og:type\" content=\"article\" \/>\n<meta property=\"og:title\" content=\"Incendios: vivienda en el Barrio Los Robles, veh\u00edculo y local gastron\u00f3mico - Infoecos\" \/>\n<meta property=\"og:description\" content=\"Informaci\u00f3n tomada de la cuenta Soy Bombero Trenque Lauquen\" \/>\n<meta property=\"og:url\" content=\"https:\/\/infoecos.com.ar\/index.php\/incendios-vivienda-del-barrio-los-robles-vehiculo-y-local-gastronomico\/\" \/>\n<meta property=\"og:site_name\" content=\"Infoecos\" \/>\n<meta property=\"article:publisher\" content=\"https:\/\/www.facebook.com\/profile.php?id=100063200290284\" \/>\n<meta property=\"article:published_time\" content=\"2023-12-31T12:05:41+00:00\" \/>\n<meta property=\"article:modified_time\" content=\"2024-01-01T14:26:59+00:00\" \/>\n<meta property=\"og:image\" content=\"https:\/\/infoecos.com.ar\/wp-content\/uploads\/2023\/12\/viviendaincendiada3.jpg\" \/>\n\t<meta property=\"og:image:width\" content=\"1200\" \/>\n\t<meta property=\"og:image:height\" content=\"1600\" \/>\n\t<meta property=\"og:image:type\" content=\"image\/jpeg\" \/>\n<meta name=\"author\" content=\"Jorge Matheus\" \/>\n<meta name=\"twitter:card\" content=\"summary_large_image\" \/>\n<meta name=\"twitter:creator\" content=\"@infoecos\" \/>\n<meta name=\"twitter:site\" content=\"@infoecos\" \/>\n<meta name=\"twitter:label1\" content=\"Escrito por\" \/>\n\t<meta name=\"twitter:data1\" content=\"Jorge Matheus\" \/>\n\t<meta name=\"twitter:label2\" content=\"Tiempo de lectura\" \/>\n\t<meta name=\"twitter:data2\" content=\"3 minutos\" \/>\n<script type=\"application\/ld+json\" class=\"yoast-schema-graph\">{\"@context\":\"https:\/\/schema.org\",\"@graph\":[{\"@type\":\"Article\",\"@id\":\"https:\/\/infoecos.com.ar\/index.php\/incendios-vivienda-del-barrio-los-robles-vehiculo-y-local-gastronomico\/#article\",\"isPartOf\":{\"@id\":\"https:\/\/infoecos.com.ar\/index.php\/incendios-vivienda-del-barrio-los-robles-vehiculo-y-local-gastronomico\/\"},\"author\":{\"name\":\"Jorge Matheus\",\"@id\":\"https:\/\/infoecos.com.ar\/#\/schema\/person\/8f5ace5ce73b4b4aac4b7245aee6f191\"},\"headline\":\"Incendios: vivienda en el Barrio Los Robles, veh\u00edculo y local gastron\u00f3mico\",\"datePublished\":\"2023-12-31T12:05:41+00:00\",\"dateModified\":\"2024-01-01T14:26:59+00:00\",\"mainEntityOfPage\":{\"@id\":\"https:\/\/infoecos.com.ar\/index.php\/incendios-vivienda-del-barrio-los-robles-vehiculo-y-local-gastronomico\/\"},\"wordCount\":142,\"publisher\":{\"@id\":\"https:\/\/infoecos.com.ar\/#organization\"},\"image\":{\"@id\":\"https:\/\/infoecos.com.ar\/index.php\/incendios-vivienda-del-barrio-los-robles-vehiculo-y-local-gastronomico\/#primaryimage\"},\"thumbnailUrl\":\"https:\/\/infoecos.com.ar\/wp-content\/uploads\/2023\/12\/viviendaincendiada3.jpg\",\"keywords\":[\"bomberos vountarios t.lauquen\"],\"articleSection\":[\"C1 N4\"],\"inLanguage\":\"es\"},{\"@type\":\"WebPage\",\"@id\":\"https:\/\/infoecos.com.ar\/index.php\/incendios-vivienda-del-barrio-los-robles-vehiculo-y-local-gastronomico\/\",\"url\":\"https:\/\/infoecos.com.ar\/index.php\/incendios-vivienda-del-barrio-los-robles-vehiculo-y-local-gastronomico\/\",\"name\":\"Incendios: vivienda en el Barrio Los Robles, veh\u00edculo y local gastron\u00f3mico - Infoecos\",\"isPartOf\":{\"@id\":\"https:\/\/infoecos.com.ar\/#website\"},\"primaryImageOfPage\":{\"@id\":\"https:\/\/infoecos.com.ar\/index.php\/incendios-vivienda-del-barrio-los-robles-vehiculo-y-local-gastronomico\/#primaryimage\"},\"image\":{\"@id\":\"https:\/\/infoecos.com.ar\/index.php\/incendios-vivienda-del-barrio-los-robles-vehiculo-y-local-gastronomico\/#primaryimage\"},\"thumbnailUrl\":\"https:\/\/infoecos.com.ar\/wp-content\/uploads\/2023\/12\/viviendaincendiada3.jpg\",\"datePublished\":\"2023-12-31T12:05:41+00:00\",\"dateModified\":\"2024-01-01T14:26:59+00:00\",\"breadcrumb\":{\"@id\":\"https:\/\/infoecos.com.ar\/index.php\/incendios-vivienda-del-barrio-los-robles-vehiculo-y-local-gastronomico\/#breadcrumb\"},\"inLanguage\":\"es\",\"potentialAction\":[{\"@type\":\"ReadAction\",\"target\":[\"https:\/\/infoecos.com.ar\/index.php\/incendios-vivienda-del-barrio-los-robles-vehiculo-y-local-gastronomico\/\"]}]},{\"@type\":\"ImageObject\",\"inLanguage\":\"es\",\"@id\":\"https:\/\/infoecos.com.ar\/index.php\/incendios-vivienda-del-barrio-los-robles-vehiculo-y-local-gastronomico\/#primaryimage\",\"url\":\"https:\/\/infoecos.com.ar\/wp-content\/uploads\/2023\/12\/viviendaincendiada3.jpg\",\"contentUrl\":\"https:\/\/infoecos.com.ar\/wp-content\/uploads\/2023\/12\/viviendaincendiada3.jpg\",\"width\":1200,\"height\":1600},{\"@type\":\"BreadcrumbList\",\"@id\":\"https:\/\/infoecos.com.ar\/index.php\/incendios-vivienda-del-barrio-los-robles-vehiculo-y-local-gastronomico\/#breadcrumb\",\"itemListElement\":[{\"@type\":\"ListItem\",\"position\":1,\"name\":\"Portada\",\"item\":\"https:\/\/infoecos.com.ar\/\"},{\"@type\":\"ListItem\",\"position\":2,\"name\":\"Incendios: vivienda en el Barrio Los Robles, veh\u00edculo y local gastron\u00f3mico\"}]},{\"@type\":\"WebSite\",\"@id\":\"https:\/\/infoecos.com.ar\/#website\",\"url\":\"https:\/\/infoecos.com.ar\/\",\"name\":\"Infoecos\",\"description\":\"Noticias de trenque lauquen y la zona\",\"publisher\":{\"@id\":\"https:\/\/infoecos.com.ar\/#organization\"},\"alternateName\":\"Noticias\",\"potentialAction\":[{\"@type\":\"SearchAction\",\"target\":{\"@type\":\"EntryPoint\",\"urlTemplate\":\"https:\/\/infoecos.com.ar\/?s={search_term_string}\"},\"query-input\":{\"@type\":\"PropertyValueSpecification\",\"valueRequired\":true,\"valueName\":\"search_term_string\"}}],\"inLanguage\":\"es\"},{\"@type\":\"Organization\",\"@id\":\"https:\/\/infoecos.com.ar\/#organization\",\"name\":\"Infoecos\",\"alternateName\":\"Noticias\",\"url\":\"https:\/\/infoecos.com.ar\/\",\"logo\":{\"@type\":\"ImageObject\",\"inLanguage\":\"es\",\"@id\":\"https:\/\/infoecos.com.ar\/#\/schema\/logo\/image\/\",\"url\":\"https:\/\/infoecos.com.ar\/wp-content\/uploads\/2024\/03\/cropped-logo.png\",\"contentUrl\":\"https:\/\/infoecos.com.ar\/wp-content\/uploads\/2024\/03\/cropped-logo.png\",\"width\":374,\"height\":90,\"caption\":\"Infoecos\"},\"image\":{\"@id\":\"https:\/\/infoecos.com.ar\/#\/schema\/logo\/image\/\"},\"sameAs\":[\"https:\/\/www.facebook.com\/profile.php?id=100063200290284\",\"https:\/\/x.com\/infoecos\"]},{\"@type\":\"Person\",\"@id\":\"https:\/\/infoecos.com.ar\/#\/schema\/person\/8f5ace5ce73b4b4aac4b7245aee6f191\",\"name\":\"Jorge Matheus\",\"url\":\"https:\/\/infoecos.com.ar\/index.php\/author\/jomatheus\/\"}]}<\/script>\n<!-- \/ Yoast SEO plugin. -->","yoast_head_json":{"title":"Incendios: vivienda en el Barrio Los Robles, veh\u00edculo y local gastron\u00f3mico - Infoecos","robots":{"index":"index","follow":"follow","max-snippet":"max-snippet:-1","max-image-preview":"max-image-preview:large","max-video-preview":"max-video-preview:-1"},"canonical":"https:\/\/infoecos.com.ar\/index.php\/incendios-vivienda-del-barrio-los-robles-vehiculo-y-local-gastronomico\/","og_locale":"es_ES","og_type":"article","og_title":"Incendios: vivienda en el Barrio Los Robles, veh\u00edculo y local gastron\u00f3mico - Infoecos","og_description":"Informaci\u00f3n tomada de la cuenta Soy Bombero Trenque Lauquen","og_url":"https:\/\/infoecos.com.ar\/index.php\/incendios-vivienda-del-barrio-los-robles-vehiculo-y-local-gastronomico\/","og_site_name":"Infoecos","article_publisher":"https:\/\/www.facebook.com\/profile.php?id=100063200290284","article_published_time":"2023-12-31T12:05:41+00:00","article_modified_time":"2024-01-01T14:26:59+00:00","og_image":[{"width":1200,"height":1600,"url":"https:\/\/infoecos.com.ar\/wp-content\/uploads\/2023\/12\/viviendaincendiada3.jpg","type":"image\/jpeg"}],"author":"Jorge Matheus","twitter_card":"summary_large_image","twitter_creator":"@infoecos","twitter_site":"@infoecos","twitter_misc":{"Escrito por":"Jorge Matheus","Tiempo de lectura":"3 minutos"},"schema":{"@context":"https:\/\/schema.org","@graph":[{"@type":"Article","@id":"https:\/\/infoecos.com.ar\/index.php\/incendios-vivienda-del-barrio-los-robles-vehiculo-y-local-gastronomico\/#article","isPartOf":{"@id":"https:\/\/infoecos.com.ar\/index.php\/incendios-vivienda-del-barrio-los-robles-vehiculo-y-local-gastronomico\/"},"author":{"name":"Jorge Matheus","@id":"https:\/\/infoecos.com.ar\/#\/schema\/person\/8f5ace5ce73b4b4aac4b7245aee6f191"},"headline":"Incendios: vivienda en el Barrio Los Robles, veh\u00edculo y local gastron\u00f3mico","datePublished":"2023-12-31T12:05:41+00:00","dateModified":"2024-01-01T14:26:59+00:00","mainEntityOfPage":{"@id":"https:\/\/infoecos.com.ar\/index.php\/incendios-vivienda-del-barrio-los-robles-vehiculo-y-local-gastronomico\/"},"wordCount":142,"publisher":{"@id":"https:\/\/infoecos.com.ar\/#organization"},"image":{"@id":"https:\/\/infoecos.com.ar\/index.php\/incendios-vivienda-del-barrio-los-robles-vehiculo-y-local-gastronomico\/#primaryimage"},"thumbnailUrl":"https:\/\/infoecos.com.ar\/wp-content\/uploads\/2023\/12\/viviendaincendiada3.jpg","keywords":["bomberos vountarios t.lauquen"],"articleSection":["C1 N4"],"inLanguage":"es"},{"@type":"WebPage","@id":"https:\/\/infoecos.com.ar\/index.php\/incendios-vivienda-del-barrio-los-robles-vehiculo-y-local-gastronomico\/","url":"https:\/\/infoecos.com.ar\/index.php\/incendios-vivienda-del-barrio-los-robles-vehiculo-y-local-gastronomico\/","name":"Incendios: vivienda en el Barrio Los Robles, veh\u00edculo y local gastron\u00f3mico - Infoecos","isPartOf":{"@id":"https:\/\/infoecos.com.ar\/#website"},"primaryImageOfPage":{"@id":"https:\/\/infoecos.com.ar\/index.php\/incendios-vivienda-del-barrio-los-robles-vehiculo-y-local-gastronomico\/#primaryimage"},"image":{"@id":"https:\/\/infoecos.com.ar\/index.php\/incendios-vivienda-del-barrio-los-robles-vehiculo-y-local-gastronomico\/#primaryimage"},"thumbnailUrl":"https:\/\/infoecos.com.ar\/wp-content\/uploads\/2023\/12\/viviendaincendiada3.jpg","datePublished":"2023-12-31T12:05:41+00:00","dateModified":"2024-01-01T14:26:59+00:00","breadcrumb":{"@id":"https:\/\/infoecos.com.ar\/index.php\/incendios-vivienda-del-barrio-los-robles-vehiculo-y-local-gastronomico\/#breadcrumb"},"inLanguage":"es","potentialAction":[{"@type":"ReadAction","target":["https:\/\/infoecos.com.ar\/index.php\/incendios-vivienda-del-barrio-los-robles-vehiculo-y-local-gastronomico\/"]}]},{"@type":"ImageObject","inLanguage":"es","@id":"https:\/\/infoecos.com.ar\/index.php\/incendios-vivienda-del-barrio-los-robles-vehiculo-y-local-gastronomico\/#primaryimage","url":"https:\/\/infoecos.com.ar\/wp-content\/uploads\/2023\/12\/viviendaincendiada3.jpg","contentUrl":"https:\/\/infoecos.com.ar\/wp-content\/uploads\/2023\/12\/viviendaincendiada3.jpg","width":1200,"height":1600},{"@type":"BreadcrumbList","@id":"https:\/\/infoecos.com.ar\/index.php\/incendios-vivienda-del-barrio-los-robles-vehiculo-y-local-gastronomico\/#breadcrumb","itemListElement":[{"@type":"ListItem","position":1,"name":"Portada","item":"https:\/\/infoecos.com.ar\/"},{"@type":"ListItem","position":2,"name":"Incendios: vivienda en el Barrio Los Robles, veh\u00edculo y local gastron\u00f3mico"}]},{"@type":"WebSite","@id":"https:\/\/infoecos.com.ar\/#website","url":"https:\/\/infoecos.com.ar\/","name":"Infoecos","description":"Noticias de trenque lauquen y la zona","publisher":{"@id":"https:\/\/infoecos.com.ar\/#organization"},"alternateName":"Noticias","potentialAction":[{"@type":"SearchAction","target":{"@type":"EntryPoint","urlTemplate":"https:\/\/infoecos.com.ar\/?s={search_term_string}"},"query-input":{"@type":"PropertyValueSpecification","valueRequired":true,"valueName":"search_term_string"}}],"inLanguage":"es"},{"@type":"Organization","@id":"https:\/\/infoecos.com.ar\/#organization","name":"Infoecos","alternateName":"Noticias","url":"https:\/\/infoecos.com.ar\/","logo":{"@type":"ImageObject","inLanguage":"es","@id":"https:\/\/infoecos.com.ar\/#\/schema\/logo\/image\/","url":"https:\/\/infoecos.com.ar\/wp-content\/uploads\/2024\/03\/cropped-logo.png","contentUrl":"https:\/\/infoecos.com.ar\/wp-content\/uploads\/2024\/03\/cropped-logo.png","width":374,"height":90,"caption":"Infoecos"},"image":{"@id":"https:\/\/infoecos.com.ar\/#\/schema\/logo\/image\/"},"sameAs":["https:\/\/www.facebook.com\/profile.php?id=100063200290284","https:\/\/x.com\/infoecos"]},{"@type":"Person","@id":"https:\/\/infoecos.com.ar\/#\/schema\/person\/8f5ace5ce73b4b4aac4b7245aee6f191","name":"Jorge Matheus","url":"https:\/\/infoecos.com.ar\/index.php\/author\/jomatheus\/"}]}},"featured_image_urls":{"full":["https:\/\/infoecos.com.ar\/wp-content\/uploads\/2023\/12\/viviendaincendiada3.jpg",1200,1600,false],"thumbnail":["https:\/\/infoecos.com.ar\/wp-content\/uploads\/2023\/12\/viviendaincendiada3-300x150.jpg",300,150,true],"medium":["https:\/\/infoecos.com.ar\/wp-content\/uploads\/2023\/12\/viviendaincendiada3-600x800.jpg",600,800,true],"medium_large":["https:\/\/infoecos.com.ar\/wp-content\/uploads\/2023\/12\/viviendaincendiada3-768x1024.jpg",640,853,true],"large":["https:\/\/infoecos.com.ar\/wp-content\/uploads\/2023\/12\/viviendaincendiada3.jpg",640,853,false],"1536x1536":["https:\/\/infoecos.com.ar\/wp-content\/uploads\/2023\/12\/viviendaincendiada3-1152x1536.jpg",1152,1536,true],"2048x2048":["https:\/\/infoecos.com.ar\/wp-content\/uploads\/2023\/12\/viviendaincendiada3.jpg",1200,1600,false],"covernews-slider-full":["https:\/\/infoecos.com.ar\/wp-content\/uploads\/2023\/12\/viviendaincendiada3-1200x1020.jpg",841,715,true],"covernews-slider-center":["https:\/\/infoecos.com.ar\/wp-content\/uploads\/2023\/12\/viviendaincendiada3-936x897.jpg",522,500,true],"covernews-featured":["https:\/\/infoecos.com.ar\/wp-content\/uploads\/2023\/12\/viviendaincendiada3-1024x1365.jpg",1024,1365,true],"covernews-medium":["https:\/\/infoecos.com.ar\/wp-content\/uploads\/2023\/12\/viviendaincendiada3-720x380.jpg",540,285,true],"covernews-medium-square":["https:\/\/infoecos.com.ar\/wp-content\/uploads\/2023\/12\/viviendaincendiada3-675x450.jpg",375,250,true]},"author_info":{"info":["Jorge Matheus"]},"category_info":"<a href=\"https:\/\/infoecos.com.ar\/index.php\/category\/c1nota4\/\" rel=\"category tag\">C1 N4<\/a>","tag_info":"C1 N4","comment_count":"0","_links":{"self":[{"href":"https:\/\/infoecos.com.ar\/index.php\/wp-json\/wp\/v2\/posts\/116940"}],"collection":[{"href":"https:\/\/infoecos.com.ar\/index.php\/wp-json\/wp\/v2\/posts"}],"about":[{"href":"https:\/\/infoecos.com.ar\/index.php\/wp-json\/wp\/v2\/types\/post"}],"author":[{"embeddable":true,"href":"https:\/\/infoecos.com.ar\/index.php\/wp-json\/wp\/v2\/users\/2"}],"replies":[{"embeddable":true,"href":"https:\/\/infoecos.com.ar\/index.php\/wp-json\/wp\/v2\/comments?post=116940"}],"version-history":[{"count":2,"href":"https:\/\/infoecos.com.ar\/index.php\/wp-json\/wp\/v2\/posts\/116940\/revisions"}],"predecessor-version":[{"id":116953,"href":"https:\/\/infoecos.com.ar\/index.php\/wp-json\/wp\/v2\/posts\/116940\/revisions\/116953"}],"wp:featuredmedia":[{"embeddable":true,"href":"https:\/\/infoecos.com.ar\/index.php\/wp-json\/wp\/v2\/media\/116947"}],"wp:attachment":[{"href":"https:\/\/infoecos.com.ar\/index.php\/wp-json\/wp\/v2\/media?parent=116940"}],"wp:term":[{"taxonomy":"category","embeddable":true,"href":"https:\/\/infoecos.com.ar\/index.php\/wp-json\/wp\/v2\/categories?post=116940"},{"taxonomy":"post_tag","embeddable":true,"href":"https:\/\/infoecos.com.ar\/index.php\/wp-json\/wp\/v2\/tags?post=116940"}],"curies":[{"name":"wp","href":"https:\/\/api.w.org\/{rel}","templated":true}]}}