{"id":116954,"date":"2023-12-31T09:25:47","date_gmt":"2023-12-31T12:25:47","guid":{"rendered":"https:\/\/infoecos.com.ar\/?p=116954"},"modified":"2024-01-01T11:24:03","modified_gmt":"2024-01-01T14:24:03","slug":"el-presidente-javier-milei-presumio-que-si-no-aprueban-sus-proyectos-se-viene-el-apocalipsis","status":"publish","type":"post","link":"https:\/\/infoecos.com.ar\/index.php\/el-presidente-javier-milei-presumio-que-si-no-aprueban-sus-proyectos-se-viene-el-apocalipsis\/","title":{"rendered":"El presidente, Javier Milei, presumi\u00f3 que si no aprueban sus proyectos, se viene el apocal\u00edpsis"},"content":{"rendered":"\n<figure class=\"wp-block-image alignright size-full is-resized\"><img loading=\"lazy\" decoding=\"async\" src=\"https:\/\/infoecos.com.ar\/wp-content\/uploads\/2023\/12\/image-190.png\" alt=\"\" class=\"wp-image-116955\" width=\"477\" height=\"235\" srcset=\"https:\/\/infoecos.com.ar\/wp-content\/uploads\/2023\/12\/image-190.png 1256w, https:\/\/infoecos.com.ar\/wp-content\/uploads\/2023\/12\/image-190-800x395.png 800w, https:\/\/infoecos.com.ar\/wp-content\/uploads\/2023\/12\/image-190-768x379.png 768w, https:\/\/infoecos.com.ar\/wp-content\/uploads\/2023\/12\/image-190-1024x505.png 1024w\" sizes=\"(max-width: 477px) 100vw, 477px\" \/><\/figure>\n\n\n\n<p>El presidente de la Naci\u00f3n Javier Milei dijo el s\u00e1bado a la noche por redes sociales, al realizar un saludo a la sociedad por la culminaci\u00f3n del 2023 y comienzos del 2024 que \u00abla crisis puede&nbsp;convertirse en una cat\u00e1strofe de dimensiones b\u00edblicas\u00bb si el&nbsp;Congreso<strong>&nbsp;<\/strong>no apoya sus medidas<\/p>\n\n\n\n<p>Milei&nbsp;analiz\u00f3 que \u00abestamos ante una situaci\u00f3n de emergencia nacional que requiere que actuemos de forma inmediata y contundente, con la mayor cantidad de instrumentos posibles, que exceden ampliamente los recursos que hemos usado en estas primeras semanas\u00bb. \u00abA menos que hagamos lo necesario ahora, nos nos dirigimos a&nbsp;una cat\u00e1strofe econ\u00f3mica de una magnitud desconocida para cualquier argentino vivo\u00bb.<\/p>\n\n\n\n<p>Se refiri\u00f3 al proyecto de&nbsp;Ley \u00d3mnibus: \u00abPuede determinar el destino de nuestra patria, con la&nbsp;convicci\u00f3n de que se aprobar\u00e1 en las pr\u00f3ximas semanas\u00bb. \u00abEsta ley brinda al Ejecutivo las facultades necesarias para actuar&nbsp;frente a esta situaci\u00f3n de emergencia\u00bb, interpret\u00f3 y a\u00f1adi\u00f3 que busca \u00abtener un pa\u00eds libre con un Estado limitado, en defensa de la vida, la libertad y la propiedad de los argentinos\u00bb.<\/p>\n\n\n\n<p>Les habl\u00f3 a los miembros del&nbsp;Congreso: \u00abLos&nbsp;diputados y senadores de la Naci\u00f3n&nbsp;se van a encontrar ante dos opciones. Podr\u00e1n rechazar la ley y continuar con el modelo que durante 100 a\u00f1os nos ha empobrecido o podr\u00e1n&nbsp;aprobar la ley para hacer un cambio profundo&nbsp;y abrazar nuevamente las ideas de la libertad\u00bb. Tambi\u00e9n se refiri\u00f3 a los \u00abdirigentes sindicales y sociales, que enfrentar\u00e1n la responsabilidad hist\u00f3rica de elegir entre el&nbsp;bienestar general y la preservaci\u00f3n&nbsp;de sus intereses personales\u00bb.<\/p>\n\n\n\n<figure class=\"wp-block-embed is-type-video is-provider-youtube wp-block-embed-youtube wp-embed-aspect-16-9 wp-has-aspect-ratio\"><div class=\"wp-block-embed__wrapper\">\n<iframe loading=\"lazy\" title=\"MILEI EN CADENA NACIONAL: Este fue el mensaje de fin de a\u00f1o del Presidente de Argentina\" width=\"640\" height=\"360\" src=\"https:\/\/www.youtube.com\/embed\/2iiPScmYZ4U?feature=oembed\" frameborder=\"0\" allow=\"accelerometer; autoplay; clipboard-write; encrypted-media; gyroscope; picture-in-picture; web-share\" referrerpolicy=\"strict-origin-when-cross-origin\" allowfullscreen><\/iframe>\n<\/div><\/figure>\n\n\n\n<p>El presidente describi\u00f3 que<strong> <\/strong>\u201cel problema heredado es demasiado profundo, con una econom\u00eda con 15 puntos de d\u00e9ficit consolidado, con una emisi\u00f3n monetaria de 20 puntos del PBI en los \u00faltimos cuatro a\u00f1os, con precios pisados artificialmente en energ\u00eda y transporte por hasta un quinto de su valor real, con un Banco Central sin reservas y con una inflaci\u00f3n que en las \u00faltimas semanas alcanz\u00f3 el 1,2% diario que, anualizado, implicar\u00eda alrededor del 7.500% anual\u201d.<\/p>\n\n\n\n<p>Destac\u00f3 que la Ley \u00d3mnibus \u201ces volver a ser un pa\u00eds libre, con un Estado limitado que act\u00faa en defensa de la vida, la libertad y la propiedad de los argentinos, un pa\u00eds donde se respeta el orden p\u00fablico, donde la pol\u00edtica no se sirve de la ciudadan\u00eda sino que est\u00e1 al servicio de ella, donde cada uno es libre de trabajar, producir, emplear, comerciar, importar y exportar como considere mejor, no como le dicta un bur\u00f3crata desde una oficina gubernamental\u201d.<\/p>\n\n\n\n<p>Milei plante\u00f3 un horizonte de largo plazo: \u201cEn esencia, nuestras reformas implicar\u00edan niveles de libertad econ\u00f3mica que en&nbsp;<strong>un lapso de 45 a\u00f1os<\/strong>&nbsp;nos permitir\u00eda aspirar a multiplicar por diez veces nuestro PBI per c\u00e1pita,&nbsp;<strong>alcanzando niveles similares a los de Irlanda<\/strong>, que hoy mismo se encuentra 50% por encima del de Estados Unidos\u201d<\/p>\n","protected":false},"excerpt":{"rendered":"<p>El presidente de la Naci\u00f3n Javier Milei dijo el s\u00e1bado a la noche por redes sociales, al realizar un saludo a la sociedad por la culminaci\u00f3n del 2023 y comienzos del 2024 que \u00abla crisis puede\u00a0convertirse en una cat\u00e1strofe de dimensiones b\u00edblicas\u00bb<\/p>\n","protected":false},"author":2,"featured_media":116955,"comment_status":"closed","ping_status":"open","sticky":false,"template":"","format":"standard","meta":{"footnotes":""},"categories":[51],"tags":[9796],"class_list":["post-116954","post","type-post","status-publish","format-standard","has-post-thumbnail","hentry","category-c2nota4","tag-mensaje-por-redes"],"yoast_head":"<!-- This site is optimized with the Yoast SEO plugin v23.4 - https:\/\/yoast.com\/wordpress\/plugins\/seo\/ -->\n<title>El presidente, Javier Milei, presumi\u00f3 que si no aprueban sus proyectos, se viene el apocal\u00edpsis - Infoecos<\/title>\n<meta name=\"robots\" content=\"index, follow, max-snippet:-1, max-image-preview:large, max-video-preview:-1\" \/>\n<link rel=\"canonical\" href=\"https:\/\/infoecos.com.ar\/index.php\/el-presidente-javier-milei-presumio-que-si-no-aprueban-sus-proyectos-se-viene-el-apocalipsis\/\" \/>\n<meta property=\"og:locale\" content=\"es_ES\" \/>\n<meta property=\"og:type\" content=\"article\" \/>\n<meta property=\"og:title\" content=\"El presidente, Javier Milei, presumi\u00f3 que si no aprueban sus proyectos, se viene el apocal\u00edpsis - Infoecos\" \/>\n<meta property=\"og:description\" content=\"El presidente de la Naci\u00f3n Javier Milei dijo el s\u00e1bado a la noche por redes sociales, al realizar un saludo a la sociedad por la culminaci\u00f3n del 2023 y comienzos del 2024 que &quot;la crisis puede\u00a0convertirse en una cat\u00e1strofe de dimensiones b\u00edblicas&quot;\" \/>\n<meta property=\"og:url\" content=\"https:\/\/infoecos.com.ar\/index.php\/el-presidente-javier-milei-presumio-que-si-no-aprueban-sus-proyectos-se-viene-el-apocalipsis\/\" \/>\n<meta property=\"og:site_name\" content=\"Infoecos\" \/>\n<meta property=\"article:publisher\" content=\"https:\/\/www.facebook.com\/profile.php?id=100063200290284\" \/>\n<meta property=\"article:published_time\" content=\"2023-12-31T12:25:47+00:00\" \/>\n<meta property=\"article:modified_time\" content=\"2024-01-01T14:24:03+00:00\" \/>\n<meta property=\"og:image\" content=\"https:\/\/infoecos.com.ar\/wp-content\/uploads\/2023\/12\/image-190.png\" \/>\n\t<meta property=\"og:image:width\" content=\"1256\" \/>\n\t<meta property=\"og:image:height\" content=\"620\" \/>\n\t<meta property=\"og:image:type\" content=\"image\/png\" \/>\n<meta name=\"author\" content=\"Jorge Matheus\" \/>\n<meta name=\"twitter:card\" content=\"summary_large_image\" \/>\n<meta name=\"twitter:creator\" content=\"@infoecos\" \/>\n<meta name=\"twitter:site\" content=\"@infoecos\" \/>\n<meta name=\"twitter:label1\" content=\"Escrito por\" \/>\n\t<meta name=\"twitter:data1\" content=\"Jorge Matheus\" \/>\n\t<meta name=\"twitter:label2\" content=\"Tiempo de lectura\" \/>\n\t<meta name=\"twitter:data2\" content=\"3 minutos\" \/>\n<script type=\"application\/ld+json\" class=\"yoast-schema-graph\">{\"@context\":\"https:\/\/schema.org\",\"@graph\":[{\"@type\":\"Article\",\"@id\":\"https:\/\/infoecos.com.ar\/index.php\/el-presidente-javier-milei-presumio-que-si-no-aprueban-sus-proyectos-se-viene-el-apocalipsis\/#article\",\"isPartOf\":{\"@id\":\"https:\/\/infoecos.com.ar\/index.php\/el-presidente-javier-milei-presumio-que-si-no-aprueban-sus-proyectos-se-viene-el-apocalipsis\/\"},\"author\":{\"name\":\"Jorge Matheus\",\"@id\":\"https:\/\/infoecos.com.ar\/#\/schema\/person\/8f5ace5ce73b4b4aac4b7245aee6f191\"},\"headline\":\"El presidente, Javier Milei, presumi\u00f3 que si no aprueban sus proyectos, se viene el apocal\u00edpsis\",\"datePublished\":\"2023-12-31T12:25:47+00:00\",\"dateModified\":\"2024-01-01T14:24:03+00:00\",\"mainEntityOfPage\":{\"@id\":\"https:\/\/infoecos.com.ar\/index.php\/el-presidente-javier-milei-presumio-que-si-no-aprueban-sus-proyectos-se-viene-el-apocalipsis\/\"},\"wordCount\":546,\"publisher\":{\"@id\":\"https:\/\/infoecos.com.ar\/#organization\"},\"image\":{\"@id\":\"https:\/\/infoecos.com.ar\/index.php\/el-presidente-javier-milei-presumio-que-si-no-aprueban-sus-proyectos-se-viene-el-apocalipsis\/#primaryimage\"},\"thumbnailUrl\":\"https:\/\/infoecos.com.ar\/wp-content\/uploads\/2023\/12\/image-190.png\",\"keywords\":[\"mensaje por redes\"],\"articleSection\":[\"C2 N4\"],\"inLanguage\":\"es\"},{\"@type\":\"WebPage\",\"@id\":\"https:\/\/infoecos.com.ar\/index.php\/el-presidente-javier-milei-presumio-que-si-no-aprueban-sus-proyectos-se-viene-el-apocalipsis\/\",\"url\":\"https:\/\/infoecos.com.ar\/index.php\/el-presidente-javier-milei-presumio-que-si-no-aprueban-sus-proyectos-se-viene-el-apocalipsis\/\",\"name\":\"El presidente, Javier Milei, presumi\u00f3 que si no aprueban sus proyectos, se viene el apocal\u00edpsis - Infoecos\",\"isPartOf\":{\"@id\":\"https:\/\/infoecos.com.ar\/#website\"},\"primaryImageOfPage\":{\"@id\":\"https:\/\/infoecos.com.ar\/index.php\/el-presidente-javier-milei-presumio-que-si-no-aprueban-sus-proyectos-se-viene-el-apocalipsis\/#primaryimage\"},\"image\":{\"@id\":\"https:\/\/infoecos.com.ar\/index.php\/el-presidente-javier-milei-presumio-que-si-no-aprueban-sus-proyectos-se-viene-el-apocalipsis\/#primaryimage\"},\"thumbnailUrl\":\"https:\/\/infoecos.com.ar\/wp-content\/uploads\/2023\/12\/image-190.png\",\"datePublished\":\"2023-12-31T12:25:47+00:00\",\"dateModified\":\"2024-01-01T14:24:03+00:00\",\"breadcrumb\":{\"@id\":\"https:\/\/infoecos.com.ar\/index.php\/el-presidente-javier-milei-presumio-que-si-no-aprueban-sus-proyectos-se-viene-el-apocalipsis\/#breadcrumb\"},\"inLanguage\":\"es\",\"potentialAction\":[{\"@type\":\"ReadAction\",\"target\":[\"https:\/\/infoecos.com.ar\/index.php\/el-presidente-javier-milei-presumio-que-si-no-aprueban-sus-proyectos-se-viene-el-apocalipsis\/\"]}]},{\"@type\":\"ImageObject\",\"inLanguage\":\"es\",\"@id\":\"https:\/\/infoecos.com.ar\/index.php\/el-presidente-javier-milei-presumio-que-si-no-aprueban-sus-proyectos-se-viene-el-apocalipsis\/#primaryimage\",\"url\":\"https:\/\/infoecos.com.ar\/wp-content\/uploads\/2023\/12\/image-190.png\",\"contentUrl\":\"https:\/\/infoecos.com.ar\/wp-content\/uploads\/2023\/12\/image-190.png\",\"width\":1256,\"height\":620},{\"@type\":\"BreadcrumbList\",\"@id\":\"https:\/\/infoecos.com.ar\/index.php\/el-presidente-javier-milei-presumio-que-si-no-aprueban-sus-proyectos-se-viene-el-apocalipsis\/#breadcrumb\",\"itemListElement\":[{\"@type\":\"ListItem\",\"position\":1,\"name\":\"Portada\",\"item\":\"https:\/\/infoecos.com.ar\/\"},{\"@type\":\"ListItem\",\"position\":2,\"name\":\"El presidente, Javier Milei, presumi\u00f3 que si no aprueban sus proyectos, se viene el apocal\u00edpsis\"}]},{\"@type\":\"WebSite\",\"@id\":\"https:\/\/infoecos.com.ar\/#website\",\"url\":\"https:\/\/infoecos.com.ar\/\",\"name\":\"Infoecos\",\"description\":\"Noticias de trenque lauquen y la zona\",\"publisher\":{\"@id\":\"https:\/\/infoecos.com.ar\/#organization\"},\"alternateName\":\"Noticias\",\"potentialAction\":[{\"@type\":\"SearchAction\",\"target\":{\"@type\":\"EntryPoint\",\"urlTemplate\":\"https:\/\/infoecos.com.ar\/?s={search_term_string}\"},\"query-input\":{\"@type\":\"PropertyValueSpecification\",\"valueRequired\":true,\"valueName\":\"search_term_string\"}}],\"inLanguage\":\"es\"},{\"@type\":\"Organization\",\"@id\":\"https:\/\/infoecos.com.ar\/#organization\",\"name\":\"Infoecos\",\"alternateName\":\"Noticias\",\"url\":\"https:\/\/infoecos.com.ar\/\",\"logo\":{\"@type\":\"ImageObject\",\"inLanguage\":\"es\",\"@id\":\"https:\/\/infoecos.com.ar\/#\/schema\/logo\/image\/\",\"url\":\"https:\/\/infoecos.com.ar\/wp-content\/uploads\/2024\/03\/cropped-logo.png\",\"contentUrl\":\"https:\/\/infoecos.com.ar\/wp-content\/uploads\/2024\/03\/cropped-logo.png\",\"width\":374,\"height\":90,\"caption\":\"Infoecos\"},\"image\":{\"@id\":\"https:\/\/infoecos.com.ar\/#\/schema\/logo\/image\/\"},\"sameAs\":[\"https:\/\/www.facebook.com\/profile.php?id=100063200290284\",\"https:\/\/x.com\/infoecos\"]},{\"@type\":\"Person\",\"@id\":\"https:\/\/infoecos.com.ar\/#\/schema\/person\/8f5ace5ce73b4b4aac4b7245aee6f191\",\"name\":\"Jorge Matheus\",\"url\":\"https:\/\/infoecos.com.ar\/index.php\/author\/jomatheus\/\"}]}<\/script>\n<!-- \/ Yoast SEO plugin. -->","yoast_head_json":{"title":"El presidente, Javier Milei, presumi\u00f3 que si no aprueban sus proyectos, se viene el apocal\u00edpsis - Infoecos","robots":{"index":"index","follow":"follow","max-snippet":"max-snippet:-1","max-image-preview":"max-image-preview:large","max-video-preview":"max-video-preview:-1"},"canonical":"https:\/\/infoecos.com.ar\/index.php\/el-presidente-javier-milei-presumio-que-si-no-aprueban-sus-proyectos-se-viene-el-apocalipsis\/","og_locale":"es_ES","og_type":"article","og_title":"El presidente, Javier Milei, presumi\u00f3 que si no aprueban sus proyectos, se viene el apocal\u00edpsis - Infoecos","og_description":"El presidente de la Naci\u00f3n Javier Milei dijo el s\u00e1bado a la noche por redes sociales, al realizar un saludo a la sociedad por la culminaci\u00f3n del 2023 y comienzos del 2024 que \"la crisis puede\u00a0convertirse en una cat\u00e1strofe de dimensiones b\u00edblicas\"","og_url":"https:\/\/infoecos.com.ar\/index.php\/el-presidente-javier-milei-presumio-que-si-no-aprueban-sus-proyectos-se-viene-el-apocalipsis\/","og_site_name":"Infoecos","article_publisher":"https:\/\/www.facebook.com\/profile.php?id=100063200290284","article_published_time":"2023-12-31T12:25:47+00:00","article_modified_time":"2024-01-01T14:24:03+00:00","og_image":[{"width":1256,"height":620,"url":"https:\/\/infoecos.com.ar\/wp-content\/uploads\/2023\/12\/image-190.png","type":"image\/png"}],"author":"Jorge Matheus","twitter_card":"summary_large_image","twitter_creator":"@infoecos","twitter_site":"@infoecos","twitter_misc":{"Escrito por":"Jorge Matheus","Tiempo de lectura":"3 minutos"},"schema":{"@context":"https:\/\/schema.org","@graph":[{"@type":"Article","@id":"https:\/\/infoecos.com.ar\/index.php\/el-presidente-javier-milei-presumio-que-si-no-aprueban-sus-proyectos-se-viene-el-apocalipsis\/#article","isPartOf":{"@id":"https:\/\/infoecos.com.ar\/index.php\/el-presidente-javier-milei-presumio-que-si-no-aprueban-sus-proyectos-se-viene-el-apocalipsis\/"},"author":{"name":"Jorge Matheus","@id":"https:\/\/infoecos.com.ar\/#\/schema\/person\/8f5ace5ce73b4b4aac4b7245aee6f191"},"headline":"El presidente, Javier Milei, presumi\u00f3 que si no aprueban sus proyectos, se viene el apocal\u00edpsis","datePublished":"2023-12-31T12:25:47+00:00","dateModified":"2024-01-01T14:24:03+00:00","mainEntityOfPage":{"@id":"https:\/\/infoecos.com.ar\/index.php\/el-presidente-javier-milei-presumio-que-si-no-aprueban-sus-proyectos-se-viene-el-apocalipsis\/"},"wordCount":546,"publisher":{"@id":"https:\/\/infoecos.com.ar\/#organization"},"image":{"@id":"https:\/\/infoecos.com.ar\/index.php\/el-presidente-javier-milei-presumio-que-si-no-aprueban-sus-proyectos-se-viene-el-apocalipsis\/#primaryimage"},"thumbnailUrl":"https:\/\/infoecos.com.ar\/wp-content\/uploads\/2023\/12\/image-190.png","keywords":["mensaje por redes"],"articleSection":["C2 N4"],"inLanguage":"es"},{"@type":"WebPage","@id":"https:\/\/infoecos.com.ar\/index.php\/el-presidente-javier-milei-presumio-que-si-no-aprueban-sus-proyectos-se-viene-el-apocalipsis\/","url":"https:\/\/infoecos.com.ar\/index.php\/el-presidente-javier-milei-presumio-que-si-no-aprueban-sus-proyectos-se-viene-el-apocalipsis\/","name":"El presidente, Javier Milei, presumi\u00f3 que si no aprueban sus proyectos, se viene el apocal\u00edpsis - Infoecos","isPartOf":{"@id":"https:\/\/infoecos.com.ar\/#website"},"primaryImageOfPage":{"@id":"https:\/\/infoecos.com.ar\/index.php\/el-presidente-javier-milei-presumio-que-si-no-aprueban-sus-proyectos-se-viene-el-apocalipsis\/#primaryimage"},"image":{"@id":"https:\/\/infoecos.com.ar\/index.php\/el-presidente-javier-milei-presumio-que-si-no-aprueban-sus-proyectos-se-viene-el-apocalipsis\/#primaryimage"},"thumbnailUrl":"https:\/\/infoecos.com.ar\/wp-content\/uploads\/2023\/12\/image-190.png","datePublished":"2023-12-31T12:25:47+00:00","dateModified":"2024-01-01T14:24:03+00:00","breadcrumb":{"@id":"https:\/\/infoecos.com.ar\/index.php\/el-presidente-javier-milei-presumio-que-si-no-aprueban-sus-proyectos-se-viene-el-apocalipsis\/#breadcrumb"},"inLanguage":"es","potentialAction":[{"@type":"ReadAction","target":["https:\/\/infoecos.com.ar\/index.php\/el-presidente-javier-milei-presumio-que-si-no-aprueban-sus-proyectos-se-viene-el-apocalipsis\/"]}]},{"@type":"ImageObject","inLanguage":"es","@id":"https:\/\/infoecos.com.ar\/index.php\/el-presidente-javier-milei-presumio-que-si-no-aprueban-sus-proyectos-se-viene-el-apocalipsis\/#primaryimage","url":"https:\/\/infoecos.com.ar\/wp-content\/uploads\/2023\/12\/image-190.png","contentUrl":"https:\/\/infoecos.com.ar\/wp-content\/uploads\/2023\/12\/image-190.png","width":1256,"height":620},{"@type":"BreadcrumbList","@id":"https:\/\/infoecos.com.ar\/index.php\/el-presidente-javier-milei-presumio-que-si-no-aprueban-sus-proyectos-se-viene-el-apocalipsis\/#breadcrumb","itemListElement":[{"@type":"ListItem","position":1,"name":"Portada","item":"https:\/\/infoecos.com.ar\/"},{"@type":"ListItem","position":2,"name":"El presidente, Javier Milei, presumi\u00f3 que si no aprueban sus proyectos, se viene el apocal\u00edpsis"}]},{"@type":"WebSite","@id":"https:\/\/infoecos.com.ar\/#website","url":"https:\/\/infoecos.com.ar\/","name":"Infoecos","description":"Noticias de trenque lauquen y la zona","publisher":{"@id":"https:\/\/infoecos.com.ar\/#organization"},"alternateName":"Noticias","potentialAction":[{"@type":"SearchAction","target":{"@type":"EntryPoint","urlTemplate":"https:\/\/infoecos.com.ar\/?s={search_term_string}"},"query-input":{"@type":"PropertyValueSpecification","valueRequired":true,"valueName":"search_term_string"}}],"inLanguage":"es"},{"@type":"Organization","@id":"https:\/\/infoecos.com.ar\/#organization","name":"Infoecos","alternateName":"Noticias","url":"https:\/\/infoecos.com.ar\/","logo":{"@type":"ImageObject","inLanguage":"es","@id":"https:\/\/infoecos.com.ar\/#\/schema\/logo\/image\/","url":"https:\/\/infoecos.com.ar\/wp-content\/uploads\/2024\/03\/cropped-logo.png","contentUrl":"https:\/\/infoecos.com.ar\/wp-content\/uploads\/2024\/03\/cropped-logo.png","width":374,"height":90,"caption":"Infoecos"},"image":{"@id":"https:\/\/infoecos.com.ar\/#\/schema\/logo\/image\/"},"sameAs":["https:\/\/www.facebook.com\/profile.php?id=100063200290284","https:\/\/x.com\/infoecos"]},{"@type":"Person","@id":"https:\/\/infoecos.com.ar\/#\/schema\/person\/8f5ace5ce73b4b4aac4b7245aee6f191","name":"Jorge Matheus","url":"https:\/\/infoecos.com.ar\/index.php\/author\/jomatheus\/"}]}},"featured_image_urls":{"full":["https:\/\/infoecos.com.ar\/wp-content\/uploads\/2023\/12\/image-190.png",1256,620,false],"thumbnail":["https:\/\/infoecos.com.ar\/wp-content\/uploads\/2023\/12\/image-190-300x150.png",300,150,true],"medium":["https:\/\/infoecos.com.ar\/wp-content\/uploads\/2023\/12\/image-190-800x395.png",800,395,true],"medium_large":["https:\/\/infoecos.com.ar\/wp-content\/uploads\/2023\/12\/image-190-768x379.png",640,316,true],"large":["https:\/\/infoecos.com.ar\/wp-content\/uploads\/2023\/12\/image-190.png",640,316,false],"1536x1536":["https:\/\/infoecos.com.ar\/wp-content\/uploads\/2023\/12\/image-190.png",1256,620,false],"2048x2048":["https:\/\/infoecos.com.ar\/wp-content\/uploads\/2023\/12\/image-190.png",1256,620,false],"covernews-slider-full":["https:\/\/infoecos.com.ar\/wp-content\/uploads\/2023\/12\/image-190.png",1115,550,false],"covernews-slider-center":["https:\/\/infoecos.com.ar\/wp-content\/uploads\/2023\/12\/image-190-936x620.png",755,500,true],"covernews-featured":["https:\/\/infoecos.com.ar\/wp-content\/uploads\/2023\/12\/image-190-1024x505.png",1024,505,true],"covernews-medium":["https:\/\/infoecos.com.ar\/wp-content\/uploads\/2023\/12\/image-190-720x380.png",540,285,true],"covernews-medium-square":["https:\/\/infoecos.com.ar\/wp-content\/uploads\/2023\/12\/image-190-675x450.png",375,250,true]},"author_info":{"info":["Jorge Matheus"]},"category_info":"<a href=\"https:\/\/infoecos.com.ar\/index.php\/category\/c2nota4\/\" rel=\"category tag\">C2 N4<\/a>","tag_info":"C2 N4","comment_count":"0","_links":{"self":[{"href":"https:\/\/infoecos.com.ar\/index.php\/wp-json\/wp\/v2\/posts\/116954"}],"collection":[{"href":"https:\/\/infoecos.com.ar\/index.php\/wp-json\/wp\/v2\/posts"}],"about":[{"href":"https:\/\/infoecos.com.ar\/index.php\/wp-json\/wp\/v2\/types\/post"}],"author":[{"embeddable":true,"href":"https:\/\/infoecos.com.ar\/index.php\/wp-json\/wp\/v2\/users\/2"}],"replies":[{"embeddable":true,"href":"https:\/\/infoecos.com.ar\/index.php\/wp-json\/wp\/v2\/comments?post=116954"}],"version-history":[{"count":2,"href":"https:\/\/infoecos.com.ar\/index.php\/wp-json\/wp\/v2\/posts\/116954\/revisions"}],"predecessor-version":[{"id":116967,"href":"https:\/\/infoecos.com.ar\/index.php\/wp-json\/wp\/v2\/posts\/116954\/revisions\/116967"}],"wp:featuredmedia":[{"embeddable":true,"href":"https:\/\/infoecos.com.ar\/index.php\/wp-json\/wp\/v2\/media\/116955"}],"wp:attachment":[{"href":"https:\/\/infoecos.com.ar\/index.php\/wp-json\/wp\/v2\/media?parent=116954"}],"wp:term":[{"taxonomy":"category","embeddable":true,"href":"https:\/\/infoecos.com.ar\/index.php\/wp-json\/wp\/v2\/categories?post=116954"},{"taxonomy":"post_tag","embeddable":true,"href":"https:\/\/infoecos.com.ar\/index.php\/wp-json\/wp\/v2\/tags?post=116954"}],"curies":[{"name":"wp","href":"https:\/\/api.w.org\/{rel}","templated":true}]}}