{"id":116957,"date":"2023-12-31T11:47:20","date_gmt":"2023-12-31T14:47:20","guid":{"rendered":"https:\/\/infoecos.com.ar\/?p=116957"},"modified":"2024-01-01T11:28:06","modified_gmt":"2024-01-01T14:28:06","slug":"agredieron-y-lesionaron-a-tres-inspectores-de-transito-a-un-policia-y-danaron-un-movil","status":"publish","type":"post","link":"https:\/\/infoecos.com.ar\/index.php\/agredieron-y-lesionaron-a-tres-inspectores-de-transito-a-un-policia-y-danaron-un-movil\/","title":{"rendered":"Agredieron y lesionaron a tres inspectores de tr\u00e1nsito, a un polic\u00eda y da\u00f1aron un m\u00f3vil"},"content":{"rendered":"\n<figure class=\"wp-block-image alignright size-full is-resized\"><img loading=\"lazy\" decoding=\"async\" src=\"https:\/\/infoecos.com.ar\/wp-content\/uploads\/2023\/12\/image-191.png\" alt=\"\" class=\"wp-image-116958\" width=\"367\" height=\"229\" srcset=\"https:\/\/infoecos.com.ar\/wp-content\/uploads\/2023\/12\/image-191.png 800w, https:\/\/infoecos.com.ar\/wp-content\/uploads\/2023\/12\/image-191-768x480.png 768w\" sizes=\"(max-width: 367px) 100vw, 367px\" \/><\/figure>\n\n\n\n<p>Cinco allanamientos se realizaron el viernes en calle Los Naranjos, calle Nelson, Barrio Villegas, calle Ameghino y Derqui. Fueron realizados por personal policial de Comisaria 1\u00b0 T. Lauquen, Beruti, Girodias, DDI y Grupo Gad. Se procedi\u00f3 al secuestro de varias prendas de vestir, en el marco de causa penal caratulada \u201cLesiones Agravadas, Resistencia y Atentado a la Autoridad, Doblemente Agravada y Da\u00f1o\u201d, con intervenci\u00f3n de la Fiscal\u00eda N\u00b0 04 y Juzgado de Garant\u00edas N\u00b0 02 ambos del Departamento Judicial de Trenque Lauquen.<\/p>\n\n\n\n<p>Se secuestraron prendas de vestir y se notific\u00f3 a los imputados. La causa est\u00e1 relacionada al procedimiento llevado a cabo el pasado 17 de diciembre, bajo orden de servicio Control de Motocicletas, en inmediaciones del Parque Municipal de Trenque Lauquen. Ese d\u00eda, varias personas, agredieron y lesionaron a tres inspectores de tr\u00e1nsito y un efectivo policial, produci\u00e9ndoles Lesiones Leves, da\u00f1ando parabrisas, espejo y paneles de ambas puertas de una Pick Up, marca Toyota del municipio. Los secuestros realizados, se inform\u00f3 desde la Polic\u00eda son pruebas fundamentales para la investigaci\u00f3n e imputaci\u00f3n de los involucrados de los delitos mencionados. Ya se procedi\u00f3, a la vez, a la detenci\u00f3n en el marco de un hombre de 46 a\u00f1os de edad, con domicilio en calle Ameghino que hasta ahora se encontrar\u00eda detenido a disposici\u00f3n de autoridades judiciales intervinientes.<\/p>\n\n\n\n<figure class=\"wp-block-gallery has-nested-images columns-default is-cropped wp-block-gallery-1 is-layout-flex wp-block-gallery-is-layout-flex\">\n<figure class=\"wp-block-image size-large\"><img loading=\"lazy\" decoding=\"async\" width=\"300\" height=\"263\" data-id=\"116959\" src=\"https:\/\/infoecos.com.ar\/wp-content\/uploads\/2023\/12\/casoparque.jpeg\" alt=\"\" class=\"wp-image-116959\"\/><\/figure>\n\n\n\n<figure class=\"wp-block-image size-large\"><img loading=\"lazy\" decoding=\"async\" width=\"220\" height=\"300\" data-id=\"116960\" src=\"https:\/\/infoecos.com.ar\/wp-content\/uploads\/2023\/12\/casoparque1.jpeg\" alt=\"\" class=\"wp-image-116960\"\/><\/figure>\n\n\n\n<figure class=\"wp-block-image size-large\"><img loading=\"lazy\" decoding=\"async\" width=\"185\" height=\"300\" data-id=\"116961\" src=\"https:\/\/infoecos.com.ar\/wp-content\/uploads\/2023\/12\/casoparque3.jpeg\" alt=\"\" class=\"wp-image-116961\"\/><\/figure>\n<\/figure>\n\n\n\n<p>Los seis imputados se presentaron ante el Ministerio P\u00fablico Fiscal y se negaron a declarar.<br><\/p>\n","protected":false},"excerpt":{"rendered":"<p>Los seis imputados se presentaron ante el Ministerio P\u00fablico Fiscal y se negaron a declarar<\/p>\n","protected":false},"author":2,"featured_media":116958,"comment_status":"closed","ping_status":"open","sticky":false,"template":"","format":"standard","meta":{"footnotes":""},"categories":[197],"tags":[9797],"class_list":["post-116957","post","type-post","status-publish","format-standard","has-post-thumbnail","hentry","category-c3nota4","tag-allanamientos-y-detenciones"],"yoast_head":"<!-- This site is optimized with the Yoast SEO plugin v23.4 - https:\/\/yoast.com\/wordpress\/plugins\/seo\/ -->\n<title>Agredieron y lesionaron a tres inspectores de tr\u00e1nsito, a un polic\u00eda y da\u00f1aron un m\u00f3vil - Infoecos<\/title>\n<meta name=\"robots\" content=\"index, follow, max-snippet:-1, max-image-preview:large, max-video-preview:-1\" \/>\n<link rel=\"canonical\" href=\"https:\/\/infoecos.com.ar\/index.php\/agredieron-y-lesionaron-a-tres-inspectores-de-transito-a-un-policia-y-danaron-un-movil\/\" \/>\n<meta property=\"og:locale\" content=\"es_ES\" \/>\n<meta property=\"og:type\" content=\"article\" \/>\n<meta property=\"og:title\" content=\"Agredieron y lesionaron a tres inspectores de tr\u00e1nsito, a un polic\u00eda y da\u00f1aron un m\u00f3vil - Infoecos\" \/>\n<meta property=\"og:description\" content=\"Los seis imputados se presentaron ante el Ministerio P\u00fablico Fiscal y se negaron a declarar\" \/>\n<meta property=\"og:url\" content=\"https:\/\/infoecos.com.ar\/index.php\/agredieron-y-lesionaron-a-tres-inspectores-de-transito-a-un-policia-y-danaron-un-movil\/\" \/>\n<meta property=\"og:site_name\" content=\"Infoecos\" \/>\n<meta property=\"article:publisher\" content=\"https:\/\/www.facebook.com\/profile.php?id=100063200290284\" \/>\n<meta property=\"article:published_time\" content=\"2023-12-31T14:47:20+00:00\" \/>\n<meta property=\"article:modified_time\" content=\"2024-01-01T14:28:06+00:00\" \/>\n<meta property=\"og:image\" content=\"https:\/\/infoecos.com.ar\/wp-content\/uploads\/2023\/12\/image-191.png\" \/>\n\t<meta property=\"og:image:width\" content=\"800\" \/>\n\t<meta property=\"og:image:height\" content=\"500\" \/>\n\t<meta property=\"og:image:type\" content=\"image\/png\" \/>\n<meta name=\"author\" content=\"Jorge Matheus\" \/>\n<meta name=\"twitter:card\" content=\"summary_large_image\" \/>\n<meta name=\"twitter:creator\" content=\"@infoecos\" \/>\n<meta name=\"twitter:site\" content=\"@infoecos\" \/>\n<meta name=\"twitter:label1\" content=\"Escrito por\" \/>\n\t<meta name=\"twitter:data1\" content=\"Jorge Matheus\" \/>\n\t<meta name=\"twitter:label2\" content=\"Tiempo de lectura\" \/>\n\t<meta name=\"twitter:data2\" content=\"2 minutos\" \/>\n<script type=\"application\/ld+json\" class=\"yoast-schema-graph\">{\"@context\":\"https:\/\/schema.org\",\"@graph\":[{\"@type\":\"Article\",\"@id\":\"https:\/\/infoecos.com.ar\/index.php\/agredieron-y-lesionaron-a-tres-inspectores-de-transito-a-un-policia-y-danaron-un-movil\/#article\",\"isPartOf\":{\"@id\":\"https:\/\/infoecos.com.ar\/index.php\/agredieron-y-lesionaron-a-tres-inspectores-de-transito-a-un-policia-y-danaron-un-movil\/\"},\"author\":{\"name\":\"Jorge Matheus\",\"@id\":\"https:\/\/infoecos.com.ar\/#\/schema\/person\/8f5ace5ce73b4b4aac4b7245aee6f191\"},\"headline\":\"Agredieron y lesionaron a tres inspectores de tr\u00e1nsito, a un polic\u00eda y da\u00f1aron un m\u00f3vil\",\"datePublished\":\"2023-12-31T14:47:20+00:00\",\"dateModified\":\"2024-01-01T14:28:06+00:00\",\"mainEntityOfPage\":{\"@id\":\"https:\/\/infoecos.com.ar\/index.php\/agredieron-y-lesionaron-a-tres-inspectores-de-transito-a-un-policia-y-danaron-un-movil\/\"},\"wordCount\":262,\"publisher\":{\"@id\":\"https:\/\/infoecos.com.ar\/#organization\"},\"image\":{\"@id\":\"https:\/\/infoecos.com.ar\/index.php\/agredieron-y-lesionaron-a-tres-inspectores-de-transito-a-un-policia-y-danaron-un-movil\/#primaryimage\"},\"thumbnailUrl\":\"https:\/\/infoecos.com.ar\/wp-content\/uploads\/2023\/12\/image-191.png\",\"keywords\":[\"allanamientos y detenciones\"],\"articleSection\":[\"C3 N4\"],\"inLanguage\":\"es\"},{\"@type\":\"WebPage\",\"@id\":\"https:\/\/infoecos.com.ar\/index.php\/agredieron-y-lesionaron-a-tres-inspectores-de-transito-a-un-policia-y-danaron-un-movil\/\",\"url\":\"https:\/\/infoecos.com.ar\/index.php\/agredieron-y-lesionaron-a-tres-inspectores-de-transito-a-un-policia-y-danaron-un-movil\/\",\"name\":\"Agredieron y lesionaron a tres inspectores de tr\u00e1nsito, a un polic\u00eda y da\u00f1aron un m\u00f3vil - Infoecos\",\"isPartOf\":{\"@id\":\"https:\/\/infoecos.com.ar\/#website\"},\"primaryImageOfPage\":{\"@id\":\"https:\/\/infoecos.com.ar\/index.php\/agredieron-y-lesionaron-a-tres-inspectores-de-transito-a-un-policia-y-danaron-un-movil\/#primaryimage\"},\"image\":{\"@id\":\"https:\/\/infoecos.com.ar\/index.php\/agredieron-y-lesionaron-a-tres-inspectores-de-transito-a-un-policia-y-danaron-un-movil\/#primaryimage\"},\"thumbnailUrl\":\"https:\/\/infoecos.com.ar\/wp-content\/uploads\/2023\/12\/image-191.png\",\"datePublished\":\"2023-12-31T14:47:20+00:00\",\"dateModified\":\"2024-01-01T14:28:06+00:00\",\"breadcrumb\":{\"@id\":\"https:\/\/infoecos.com.ar\/index.php\/agredieron-y-lesionaron-a-tres-inspectores-de-transito-a-un-policia-y-danaron-un-movil\/#breadcrumb\"},\"inLanguage\":\"es\",\"potentialAction\":[{\"@type\":\"ReadAction\",\"target\":[\"https:\/\/infoecos.com.ar\/index.php\/agredieron-y-lesionaron-a-tres-inspectores-de-transito-a-un-policia-y-danaron-un-movil\/\"]}]},{\"@type\":\"ImageObject\",\"inLanguage\":\"es\",\"@id\":\"https:\/\/infoecos.com.ar\/index.php\/agredieron-y-lesionaron-a-tres-inspectores-de-transito-a-un-policia-y-danaron-un-movil\/#primaryimage\",\"url\":\"https:\/\/infoecos.com.ar\/wp-content\/uploads\/2023\/12\/image-191.png\",\"contentUrl\":\"https:\/\/infoecos.com.ar\/wp-content\/uploads\/2023\/12\/image-191.png\",\"width\":800,\"height\":500},{\"@type\":\"BreadcrumbList\",\"@id\":\"https:\/\/infoecos.com.ar\/index.php\/agredieron-y-lesionaron-a-tres-inspectores-de-transito-a-un-policia-y-danaron-un-movil\/#breadcrumb\",\"itemListElement\":[{\"@type\":\"ListItem\",\"position\":1,\"name\":\"Portada\",\"item\":\"https:\/\/infoecos.com.ar\/\"},{\"@type\":\"ListItem\",\"position\":2,\"name\":\"Agredieron y lesionaron a tres inspectores de tr\u00e1nsito, a un polic\u00eda y da\u00f1aron un m\u00f3vil\"}]},{\"@type\":\"WebSite\",\"@id\":\"https:\/\/infoecos.com.ar\/#website\",\"url\":\"https:\/\/infoecos.com.ar\/\",\"name\":\"Infoecos\",\"description\":\"Noticias de trenque lauquen y la zona\",\"publisher\":{\"@id\":\"https:\/\/infoecos.com.ar\/#organization\"},\"alternateName\":\"Noticias\",\"potentialAction\":[{\"@type\":\"SearchAction\",\"target\":{\"@type\":\"EntryPoint\",\"urlTemplate\":\"https:\/\/infoecos.com.ar\/?s={search_term_string}\"},\"query-input\":{\"@type\":\"PropertyValueSpecification\",\"valueRequired\":true,\"valueName\":\"search_term_string\"}}],\"inLanguage\":\"es\"},{\"@type\":\"Organization\",\"@id\":\"https:\/\/infoecos.com.ar\/#organization\",\"name\":\"Infoecos\",\"alternateName\":\"Noticias\",\"url\":\"https:\/\/infoecos.com.ar\/\",\"logo\":{\"@type\":\"ImageObject\",\"inLanguage\":\"es\",\"@id\":\"https:\/\/infoecos.com.ar\/#\/schema\/logo\/image\/\",\"url\":\"https:\/\/infoecos.com.ar\/wp-content\/uploads\/2024\/03\/cropped-logo.png\",\"contentUrl\":\"https:\/\/infoecos.com.ar\/wp-content\/uploads\/2024\/03\/cropped-logo.png\",\"width\":374,\"height\":90,\"caption\":\"Infoecos\"},\"image\":{\"@id\":\"https:\/\/infoecos.com.ar\/#\/schema\/logo\/image\/\"},\"sameAs\":[\"https:\/\/www.facebook.com\/profile.php?id=100063200290284\",\"https:\/\/x.com\/infoecos\"]},{\"@type\":\"Person\",\"@id\":\"https:\/\/infoecos.com.ar\/#\/schema\/person\/8f5ace5ce73b4b4aac4b7245aee6f191\",\"name\":\"Jorge Matheus\",\"url\":\"https:\/\/infoecos.com.ar\/index.php\/author\/jomatheus\/\"}]}<\/script>\n<!-- \/ Yoast SEO plugin. -->","yoast_head_json":{"title":"Agredieron y lesionaron a tres inspectores de tr\u00e1nsito, a un polic\u00eda y da\u00f1aron un m\u00f3vil - Infoecos","robots":{"index":"index","follow":"follow","max-snippet":"max-snippet:-1","max-image-preview":"max-image-preview:large","max-video-preview":"max-video-preview:-1"},"canonical":"https:\/\/infoecos.com.ar\/index.php\/agredieron-y-lesionaron-a-tres-inspectores-de-transito-a-un-policia-y-danaron-un-movil\/","og_locale":"es_ES","og_type":"article","og_title":"Agredieron y lesionaron a tres inspectores de tr\u00e1nsito, a un polic\u00eda y da\u00f1aron un m\u00f3vil - Infoecos","og_description":"Los seis imputados se presentaron ante el Ministerio P\u00fablico Fiscal y se negaron a declarar","og_url":"https:\/\/infoecos.com.ar\/index.php\/agredieron-y-lesionaron-a-tres-inspectores-de-transito-a-un-policia-y-danaron-un-movil\/","og_site_name":"Infoecos","article_publisher":"https:\/\/www.facebook.com\/profile.php?id=100063200290284","article_published_time":"2023-12-31T14:47:20+00:00","article_modified_time":"2024-01-01T14:28:06+00:00","og_image":[{"width":800,"height":500,"url":"https:\/\/infoecos.com.ar\/wp-content\/uploads\/2023\/12\/image-191.png","type":"image\/png"}],"author":"Jorge Matheus","twitter_card":"summary_large_image","twitter_creator":"@infoecos","twitter_site":"@infoecos","twitter_misc":{"Escrito por":"Jorge Matheus","Tiempo de lectura":"2 minutos"},"schema":{"@context":"https:\/\/schema.org","@graph":[{"@type":"Article","@id":"https:\/\/infoecos.com.ar\/index.php\/agredieron-y-lesionaron-a-tres-inspectores-de-transito-a-un-policia-y-danaron-un-movil\/#article","isPartOf":{"@id":"https:\/\/infoecos.com.ar\/index.php\/agredieron-y-lesionaron-a-tres-inspectores-de-transito-a-un-policia-y-danaron-un-movil\/"},"author":{"name":"Jorge Matheus","@id":"https:\/\/infoecos.com.ar\/#\/schema\/person\/8f5ace5ce73b4b4aac4b7245aee6f191"},"headline":"Agredieron y lesionaron a tres inspectores de tr\u00e1nsito, a un polic\u00eda y da\u00f1aron un m\u00f3vil","datePublished":"2023-12-31T14:47:20+00:00","dateModified":"2024-01-01T14:28:06+00:00","mainEntityOfPage":{"@id":"https:\/\/infoecos.com.ar\/index.php\/agredieron-y-lesionaron-a-tres-inspectores-de-transito-a-un-policia-y-danaron-un-movil\/"},"wordCount":262,"publisher":{"@id":"https:\/\/infoecos.com.ar\/#organization"},"image":{"@id":"https:\/\/infoecos.com.ar\/index.php\/agredieron-y-lesionaron-a-tres-inspectores-de-transito-a-un-policia-y-danaron-un-movil\/#primaryimage"},"thumbnailUrl":"https:\/\/infoecos.com.ar\/wp-content\/uploads\/2023\/12\/image-191.png","keywords":["allanamientos y detenciones"],"articleSection":["C3 N4"],"inLanguage":"es"},{"@type":"WebPage","@id":"https:\/\/infoecos.com.ar\/index.php\/agredieron-y-lesionaron-a-tres-inspectores-de-transito-a-un-policia-y-danaron-un-movil\/","url":"https:\/\/infoecos.com.ar\/index.php\/agredieron-y-lesionaron-a-tres-inspectores-de-transito-a-un-policia-y-danaron-un-movil\/","name":"Agredieron y lesionaron a tres inspectores de tr\u00e1nsito, a un polic\u00eda y da\u00f1aron un m\u00f3vil - Infoecos","isPartOf":{"@id":"https:\/\/infoecos.com.ar\/#website"},"primaryImageOfPage":{"@id":"https:\/\/infoecos.com.ar\/index.php\/agredieron-y-lesionaron-a-tres-inspectores-de-transito-a-un-policia-y-danaron-un-movil\/#primaryimage"},"image":{"@id":"https:\/\/infoecos.com.ar\/index.php\/agredieron-y-lesionaron-a-tres-inspectores-de-transito-a-un-policia-y-danaron-un-movil\/#primaryimage"},"thumbnailUrl":"https:\/\/infoecos.com.ar\/wp-content\/uploads\/2023\/12\/image-191.png","datePublished":"2023-12-31T14:47:20+00:00","dateModified":"2024-01-01T14:28:06+00:00","breadcrumb":{"@id":"https:\/\/infoecos.com.ar\/index.php\/agredieron-y-lesionaron-a-tres-inspectores-de-transito-a-un-policia-y-danaron-un-movil\/#breadcrumb"},"inLanguage":"es","potentialAction":[{"@type":"ReadAction","target":["https:\/\/infoecos.com.ar\/index.php\/agredieron-y-lesionaron-a-tres-inspectores-de-transito-a-un-policia-y-danaron-un-movil\/"]}]},{"@type":"ImageObject","inLanguage":"es","@id":"https:\/\/infoecos.com.ar\/index.php\/agredieron-y-lesionaron-a-tres-inspectores-de-transito-a-un-policia-y-danaron-un-movil\/#primaryimage","url":"https:\/\/infoecos.com.ar\/wp-content\/uploads\/2023\/12\/image-191.png","contentUrl":"https:\/\/infoecos.com.ar\/wp-content\/uploads\/2023\/12\/image-191.png","width":800,"height":500},{"@type":"BreadcrumbList","@id":"https:\/\/infoecos.com.ar\/index.php\/agredieron-y-lesionaron-a-tres-inspectores-de-transito-a-un-policia-y-danaron-un-movil\/#breadcrumb","itemListElement":[{"@type":"ListItem","position":1,"name":"Portada","item":"https:\/\/infoecos.com.ar\/"},{"@type":"ListItem","position":2,"name":"Agredieron y lesionaron a tres inspectores de tr\u00e1nsito, a un polic\u00eda y da\u00f1aron un m\u00f3vil"}]},{"@type":"WebSite","@id":"https:\/\/infoecos.com.ar\/#website","url":"https:\/\/infoecos.com.ar\/","name":"Infoecos","description":"Noticias de trenque lauquen y la zona","publisher":{"@id":"https:\/\/infoecos.com.ar\/#organization"},"alternateName":"Noticias","potentialAction":[{"@type":"SearchAction","target":{"@type":"EntryPoint","urlTemplate":"https:\/\/infoecos.com.ar\/?s={search_term_string}"},"query-input":{"@type":"PropertyValueSpecification","valueRequired":true,"valueName":"search_term_string"}}],"inLanguage":"es"},{"@type":"Organization","@id":"https:\/\/infoecos.com.ar\/#organization","name":"Infoecos","alternateName":"Noticias","url":"https:\/\/infoecos.com.ar\/","logo":{"@type":"ImageObject","inLanguage":"es","@id":"https:\/\/infoecos.com.ar\/#\/schema\/logo\/image\/","url":"https:\/\/infoecos.com.ar\/wp-content\/uploads\/2024\/03\/cropped-logo.png","contentUrl":"https:\/\/infoecos.com.ar\/wp-content\/uploads\/2024\/03\/cropped-logo.png","width":374,"height":90,"caption":"Infoecos"},"image":{"@id":"https:\/\/infoecos.com.ar\/#\/schema\/logo\/image\/"},"sameAs":["https:\/\/www.facebook.com\/profile.php?id=100063200290284","https:\/\/x.com\/infoecos"]},{"@type":"Person","@id":"https:\/\/infoecos.com.ar\/#\/schema\/person\/8f5ace5ce73b4b4aac4b7245aee6f191","name":"Jorge Matheus","url":"https:\/\/infoecos.com.ar\/index.php\/author\/jomatheus\/"}]}},"featured_image_urls":{"full":["https:\/\/infoecos.com.ar\/wp-content\/uploads\/2023\/12\/image-191.png",800,500,false],"thumbnail":["https:\/\/infoecos.com.ar\/wp-content\/uploads\/2023\/12\/image-191-300x150.png",300,150,true],"medium":["https:\/\/infoecos.com.ar\/wp-content\/uploads\/2023\/12\/image-191.png",800,500,false],"medium_large":["https:\/\/infoecos.com.ar\/wp-content\/uploads\/2023\/12\/image-191-768x480.png",640,400,true],"large":["https:\/\/infoecos.com.ar\/wp-content\/uploads\/2023\/12\/image-191.png",640,400,false],"1536x1536":["https:\/\/infoecos.com.ar\/wp-content\/uploads\/2023\/12\/image-191.png",800,500,false],"2048x2048":["https:\/\/infoecos.com.ar\/wp-content\/uploads\/2023\/12\/image-191.png",800,500,false],"covernews-slider-full":["https:\/\/infoecos.com.ar\/wp-content\/uploads\/2023\/12\/image-191.png",800,500,false],"covernews-slider-center":["https:\/\/infoecos.com.ar\/wp-content\/uploads\/2023\/12\/image-191.png",800,500,false],"covernews-featured":["https:\/\/infoecos.com.ar\/wp-content\/uploads\/2023\/12\/image-191.png",800,500,false],"covernews-medium":["https:\/\/infoecos.com.ar\/wp-content\/uploads\/2023\/12\/image-191-720x380.png",540,285,true],"covernews-medium-square":["https:\/\/infoecos.com.ar\/wp-content\/uploads\/2023\/12\/image-191-675x450.png",375,250,true]},"author_info":{"info":["Jorge Matheus"]},"category_info":"<a href=\"https:\/\/infoecos.com.ar\/index.php\/category\/c3nota4\/\" rel=\"category tag\">C3 N4<\/a>","tag_info":"C3 N4","comment_count":"0","_links":{"self":[{"href":"https:\/\/infoecos.com.ar\/index.php\/wp-json\/wp\/v2\/posts\/116957"}],"collection":[{"href":"https:\/\/infoecos.com.ar\/index.php\/wp-json\/wp\/v2\/posts"}],"about":[{"href":"https:\/\/infoecos.com.ar\/index.php\/wp-json\/wp\/v2\/types\/post"}],"author":[{"embeddable":true,"href":"https:\/\/infoecos.com.ar\/index.php\/wp-json\/wp\/v2\/users\/2"}],"replies":[{"embeddable":true,"href":"https:\/\/infoecos.com.ar\/index.php\/wp-json\/wp\/v2\/comments?post=116957"}],"version-history":[{"count":1,"href":"https:\/\/infoecos.com.ar\/index.php\/wp-json\/wp\/v2\/posts\/116957\/revisions"}],"predecessor-version":[{"id":116962,"href":"https:\/\/infoecos.com.ar\/index.php\/wp-json\/wp\/v2\/posts\/116957\/revisions\/116962"}],"wp:featuredmedia":[{"embeddable":true,"href":"https:\/\/infoecos.com.ar\/index.php\/wp-json\/wp\/v2\/media\/116958"}],"wp:attachment":[{"href":"https:\/\/infoecos.com.ar\/index.php\/wp-json\/wp\/v2\/media?parent=116957"}],"wp:term":[{"taxonomy":"category","embeddable":true,"href":"https:\/\/infoecos.com.ar\/index.php\/wp-json\/wp\/v2\/categories?post=116957"},{"taxonomy":"post_tag","embeddable":true,"href":"https:\/\/infoecos.com.ar\/index.php\/wp-json\/wp\/v2\/tags?post=116957"}],"curies":[{"name":"wp","href":"https:\/\/api.w.org\/{rel}","templated":true}]}}