{"id":116990,"date":"2024-01-01T11:20:24","date_gmt":"2024-01-01T14:20:24","guid":{"rendered":"https:\/\/infoecos.com.ar\/?p=116990"},"modified":"2024-01-01T11:20:26","modified_gmt":"2024-01-01T14:20:26","slug":"monte-hermoso-presenta-un-fin-de-semana-record-en-ocupacion-turistica","status":"publish","type":"post","link":"https:\/\/infoecos.com.ar\/index.php\/monte-hermoso-presenta-un-fin-de-semana-record-en-ocupacion-turistica\/","title":{"rendered":"Monte Hermoso presenta un fin de semana r\u00e9cord en ocupaci\u00f3n tur\u00edstica"},"content":{"rendered":"\n<figure class=\"wp-block-image alignright size-large is-resized\"><img loading=\"lazy\" decoding=\"async\" src=\"https:\/\/infoecos.com.ar\/wp-content\/uploads\/2024\/01\/fuegos-1600x1066.jpg\" alt=\"\" class=\"wp-image-116991\" width=\"362\" height=\"240\" srcset=\"https:\/\/infoecos.com.ar\/wp-content\/uploads\/2024\/01\/fuegos-1600x1066.jpg 1600w, https:\/\/infoecos.com.ar\/wp-content\/uploads\/2024\/01\/fuegos-800x533.jpg 800w, https:\/\/infoecos.com.ar\/wp-content\/uploads\/2024\/01\/fuegos-768x512.jpg 768w, https:\/\/infoecos.com.ar\/wp-content\/uploads\/2024\/01\/fuegos-1536x1020.jpg 1536w, https:\/\/infoecos.com.ar\/wp-content\/uploads\/2024\/01\/fuegos-1024x683.jpg 1024w, https:\/\/infoecos.com.ar\/wp-content\/uploads\/2024\/01\/fuegos-675x450.jpg 675w, https:\/\/infoecos.com.ar\/wp-content\/uploads\/2024\/01\/fuegos.jpg 2048w\" sizes=\"(max-width: 362px) 100vw, 362px\" \/><\/figure>\n\n\n\n<p>A trav\u00e9s de distintos medios de comunicaci\u00f3n, se ha dado cuenta que el fin de semana es r\u00e9cord en ocupaci\u00f3n tur\u00edstica.<\/p>\n\n\n\n<p>Hern\u00e1n Arranz, intendente de Monte Hermoso, se\u00f1al\u00f3 que \u201clamentablemente en Navidad hubo poca afluencia, pero desde el viernes pasado nos encontramos con un panorama distinto. Ayuda el pron\u00f3stico del tiempo. Desde el martes no sabemos qu\u00e9 ocurrir\u00e1\u201d.<\/p>\n\n\n\n<p>\u201cLas inmobiliarias, que manejan el 20% de la oferta total, han mencionado que cayeron las reservas en relaci\u00f3n a a\u00f1os anteriores. No obstante, creo que vamos a tener una buena temporada, m\u00e1s all\u00e1 de la situaci\u00f3n econ\u00f3mica que nos afecta de forma directa\u201d, asever\u00f3 Arranz.<\/p>\n\n\n\n<p>Esta madrugada se realiz\u00f3 el show de fuegos a partir de las 0.45 horas del 1\u00ba de enero y la posterior celebraci\u00f3n popular con DJ\u00b4s en la intersecci\u00f3n de Traful Bis y Costanera.<\/p>\n\n\n\n<figure class=\"wp-block-gallery has-nested-images columns-default is-cropped wp-block-gallery-1 is-layout-flex wp-block-gallery-is-layout-flex\">\n<figure class=\"wp-block-image size-large\"><img loading=\"lazy\" decoding=\"async\" width=\"1600\" height=\"1066\" data-id=\"116997\" src=\"https:\/\/infoecos.com.ar\/wp-content\/uploads\/2024\/01\/fuegos1-1600x1066.jpg\" alt=\"\" class=\"wp-image-116997\" srcset=\"https:\/\/infoecos.com.ar\/wp-content\/uploads\/2024\/01\/fuegos1-1600x1066.jpg 1600w, https:\/\/infoecos.com.ar\/wp-content\/uploads\/2024\/01\/fuegos1-800x533.jpg 800w, https:\/\/infoecos.com.ar\/wp-content\/uploads\/2024\/01\/fuegos1-768x512.jpg 768w, https:\/\/infoecos.com.ar\/wp-content\/uploads\/2024\/01\/fuegos1-1536x1024.jpg 1536w, https:\/\/infoecos.com.ar\/wp-content\/uploads\/2024\/01\/fuegos1-1024x683.jpg 1024w, https:\/\/infoecos.com.ar\/wp-content\/uploads\/2024\/01\/fuegos1-675x450.jpg 675w, https:\/\/infoecos.com.ar\/wp-content\/uploads\/2024\/01\/fuegos1.jpg 2048w\" sizes=\"(max-width: 1600px) 100vw, 1600px\" \/><\/figure>\n\n\n\n<figure class=\"wp-block-image size-large\"><img loading=\"lazy\" decoding=\"async\" width=\"1600\" height=\"1066\" data-id=\"116998\" src=\"https:\/\/infoecos.com.ar\/wp-content\/uploads\/2024\/01\/fuegos2-1600x1066.jpg\" alt=\"\" class=\"wp-image-116998\" srcset=\"https:\/\/infoecos.com.ar\/wp-content\/uploads\/2024\/01\/fuegos2-1600x1066.jpg 1600w, https:\/\/infoecos.com.ar\/wp-content\/uploads\/2024\/01\/fuegos2-800x533.jpg 800w, https:\/\/infoecos.com.ar\/wp-content\/uploads\/2024\/01\/fuegos2-768x512.jpg 768w, https:\/\/infoecos.com.ar\/wp-content\/uploads\/2024\/01\/fuegos2-1536x1024.jpg 1536w, https:\/\/infoecos.com.ar\/wp-content\/uploads\/2024\/01\/fuegos2-1024x683.jpg 1024w, https:\/\/infoecos.com.ar\/wp-content\/uploads\/2024\/01\/fuegos2-675x450.jpg 675w, https:\/\/infoecos.com.ar\/wp-content\/uploads\/2024\/01\/fuegos2.jpg 2048w\" sizes=\"(max-width: 1600px) 100vw, 1600px\" \/><\/figure>\n\n\n\n<figure class=\"wp-block-image size-large\"><img loading=\"lazy\" decoding=\"async\" width=\"1600\" height=\"1067\" data-id=\"116994\" src=\"https:\/\/infoecos.com.ar\/wp-content\/uploads\/2024\/01\/fuegos3-1600x1067.jpg\" alt=\"\" class=\"wp-image-116994\" srcset=\"https:\/\/infoecos.com.ar\/wp-content\/uploads\/2024\/01\/fuegos3-1600x1067.jpg 1600w, https:\/\/infoecos.com.ar\/wp-content\/uploads\/2024\/01\/fuegos3-800x534.jpg 800w, https:\/\/infoecos.com.ar\/wp-content\/uploads\/2024\/01\/fuegos3-768x512.jpg 768w, https:\/\/infoecos.com.ar\/wp-content\/uploads\/2024\/01\/fuegos3-1536x1025.jpg 1536w, https:\/\/infoecos.com.ar\/wp-content\/uploads\/2024\/01\/fuegos3-1024x683.jpg 1024w, https:\/\/infoecos.com.ar\/wp-content\/uploads\/2024\/01\/fuegos3-675x450.jpg 675w, https:\/\/infoecos.com.ar\/wp-content\/uploads\/2024\/01\/fuegos3.jpg 2048w\" sizes=\"(max-width: 1600px) 100vw, 1600px\" \/><\/figure>\n\n\n\n<figure class=\"wp-block-image size-large\"><img loading=\"lazy\" decoding=\"async\" width=\"1600\" height=\"1066\" data-id=\"116993\" src=\"https:\/\/infoecos.com.ar\/wp-content\/uploads\/2024\/01\/fuegos4-1600x1066.jpg\" alt=\"\" class=\"wp-image-116993\" srcset=\"https:\/\/infoecos.com.ar\/wp-content\/uploads\/2024\/01\/fuegos4-1600x1066.jpg 1600w, https:\/\/infoecos.com.ar\/wp-content\/uploads\/2024\/01\/fuegos4-800x533.jpg 800w, https:\/\/infoecos.com.ar\/wp-content\/uploads\/2024\/01\/fuegos4-768x512.jpg 768w, https:\/\/infoecos.com.ar\/wp-content\/uploads\/2024\/01\/fuegos4-1536x1024.jpg 1536w, https:\/\/infoecos.com.ar\/wp-content\/uploads\/2024\/01\/fuegos4-1024x683.jpg 1024w, https:\/\/infoecos.com.ar\/wp-content\/uploads\/2024\/01\/fuegos4-675x450.jpg 675w, https:\/\/infoecos.com.ar\/wp-content\/uploads\/2024\/01\/fuegos4.jpg 2048w\" sizes=\"(max-width: 1600px) 100vw, 1600px\" \/><\/figure>\n\n\n\n<figure class=\"wp-block-image size-large\"><img loading=\"lazy\" decoding=\"async\" width=\"1600\" height=\"1080\" data-id=\"116995\" src=\"https:\/\/infoecos.com.ar\/wp-content\/uploads\/2024\/01\/fuegosartificiales-1600x1080.jpg\" alt=\"\" class=\"wp-image-116995\" srcset=\"https:\/\/infoecos.com.ar\/wp-content\/uploads\/2024\/01\/fuegosartificiales-1600x1080.jpg 1600w, https:\/\/infoecos.com.ar\/wp-content\/uploads\/2024\/01\/fuegosartificiales-800x540.jpg 800w, https:\/\/infoecos.com.ar\/wp-content\/uploads\/2024\/01\/fuegosartificiales-768x519.jpg 768w, https:\/\/infoecos.com.ar\/wp-content\/uploads\/2024\/01\/fuegosartificiales-1536x1037.jpg 1536w, https:\/\/infoecos.com.ar\/wp-content\/uploads\/2024\/01\/fuegosartificiales-1024x692.jpg 1024w, https:\/\/infoecos.com.ar\/wp-content\/uploads\/2024\/01\/fuegosartificiales.jpg 2048w\" sizes=\"(max-width: 1600px) 100vw, 1600px\" \/><\/figure>\n<\/figure>\n","protected":false},"excerpt":{"rendered":"<p>Hern\u00e1n Arranz, intendente de Monte Hermoso, se\u00f1al\u00f3 que \u201clamentablemente en Navidad hubo poca afluencia, pero desde el viernes pasado nos encontramos con un panorama distinto. Ayuda el pron\u00f3stico del tiempo. Desde el martes no sabemos qu\u00e9 ocurrir\u00e1\u201d<\/p>\n","protected":false},"author":2,"featured_media":116994,"comment_status":"closed","ping_status":"open","sticky":false,"template":"","format":"standard","meta":{"footnotes":""},"categories":[1613],"tags":[455],"class_list":["post-116990","post","type-post","status-publish","format-standard","has-post-thumbnail","hentry","category-noticia-secundaria","tag-turismo"],"yoast_head":"<!-- This site is optimized with the Yoast SEO plugin v23.4 - https:\/\/yoast.com\/wordpress\/plugins\/seo\/ -->\n<title>Monte Hermoso presenta un fin de semana r\u00e9cord en ocupaci\u00f3n tur\u00edstica - Infoecos<\/title>\n<meta name=\"robots\" content=\"index, follow, max-snippet:-1, max-image-preview:large, max-video-preview:-1\" \/>\n<link rel=\"canonical\" href=\"https:\/\/infoecos.com.ar\/index.php\/monte-hermoso-presenta-un-fin-de-semana-record-en-ocupacion-turistica\/\" \/>\n<meta property=\"og:locale\" content=\"es_ES\" \/>\n<meta property=\"og:type\" content=\"article\" \/>\n<meta property=\"og:title\" content=\"Monte Hermoso presenta un fin de semana r\u00e9cord en ocupaci\u00f3n tur\u00edstica - Infoecos\" \/>\n<meta property=\"og:description\" content=\"Hern\u00e1n Arranz, intendente de Monte Hermoso, se\u00f1al\u00f3 que \u201clamentablemente en Navidad hubo poca afluencia, pero desde el viernes pasado nos encontramos con un panorama distinto. Ayuda el pron\u00f3stico del tiempo. Desde el martes no sabemos qu\u00e9 ocurrir\u00e1\u201d\" \/>\n<meta property=\"og:url\" content=\"https:\/\/infoecos.com.ar\/index.php\/monte-hermoso-presenta-un-fin-de-semana-record-en-ocupacion-turistica\/\" \/>\n<meta property=\"og:site_name\" content=\"Infoecos\" \/>\n<meta property=\"article:publisher\" content=\"https:\/\/www.facebook.com\/profile.php?id=100063200290284\" \/>\n<meta property=\"article:published_time\" content=\"2024-01-01T14:20:24+00:00\" \/>\n<meta property=\"article:modified_time\" content=\"2024-01-01T14:20:26+00:00\" \/>\n<meta property=\"og:image\" content=\"https:\/\/infoecos.com.ar\/wp-content\/uploads\/2024\/01\/fuegos3.jpg\" \/>\n\t<meta property=\"og:image:width\" content=\"2048\" \/>\n\t<meta property=\"og:image:height\" content=\"1366\" \/>\n\t<meta property=\"og:image:type\" content=\"image\/jpeg\" \/>\n<meta name=\"author\" content=\"Jorge Matheus\" \/>\n<meta name=\"twitter:card\" content=\"summary_large_image\" \/>\n<meta name=\"twitter:creator\" content=\"@infoecos\" \/>\n<meta name=\"twitter:site\" content=\"@infoecos\" \/>\n<meta name=\"twitter:label1\" content=\"Escrito por\" \/>\n\t<meta name=\"twitter:data1\" content=\"Jorge Matheus\" \/>\n\t<meta name=\"twitter:label2\" content=\"Tiempo de lectura\" \/>\n\t<meta name=\"twitter:data2\" content=\"2 minutos\" \/>\n<script type=\"application\/ld+json\" class=\"yoast-schema-graph\">{\"@context\":\"https:\/\/schema.org\",\"@graph\":[{\"@type\":\"Article\",\"@id\":\"https:\/\/infoecos.com.ar\/index.php\/monte-hermoso-presenta-un-fin-de-semana-record-en-ocupacion-turistica\/#article\",\"isPartOf\":{\"@id\":\"https:\/\/infoecos.com.ar\/index.php\/monte-hermoso-presenta-un-fin-de-semana-record-en-ocupacion-turistica\/\"},\"author\":{\"name\":\"Jorge Matheus\",\"@id\":\"https:\/\/infoecos.com.ar\/#\/schema\/person\/8f5ace5ce73b4b4aac4b7245aee6f191\"},\"headline\":\"Monte Hermoso presenta un fin de semana r\u00e9cord en ocupaci\u00f3n tur\u00edstica\",\"datePublished\":\"2024-01-01T14:20:24+00:00\",\"dateModified\":\"2024-01-01T14:20:26+00:00\",\"mainEntityOfPage\":{\"@id\":\"https:\/\/infoecos.com.ar\/index.php\/monte-hermoso-presenta-un-fin-de-semana-record-en-ocupacion-turistica\/\"},\"wordCount\":163,\"publisher\":{\"@id\":\"https:\/\/infoecos.com.ar\/#organization\"},\"image\":{\"@id\":\"https:\/\/infoecos.com.ar\/index.php\/monte-hermoso-presenta-un-fin-de-semana-record-en-ocupacion-turistica\/#primaryimage\"},\"thumbnailUrl\":\"https:\/\/infoecos.com.ar\/wp-content\/uploads\/2024\/01\/fuegos3.jpg\",\"keywords\":[\"TURISMO\"],\"articleSection\":[\"Noticia Secundaria\"],\"inLanguage\":\"es\"},{\"@type\":\"WebPage\",\"@id\":\"https:\/\/infoecos.com.ar\/index.php\/monte-hermoso-presenta-un-fin-de-semana-record-en-ocupacion-turistica\/\",\"url\":\"https:\/\/infoecos.com.ar\/index.php\/monte-hermoso-presenta-un-fin-de-semana-record-en-ocupacion-turistica\/\",\"name\":\"Monte Hermoso presenta un fin de semana r\u00e9cord en ocupaci\u00f3n tur\u00edstica - Infoecos\",\"isPartOf\":{\"@id\":\"https:\/\/infoecos.com.ar\/#website\"},\"primaryImageOfPage\":{\"@id\":\"https:\/\/infoecos.com.ar\/index.php\/monte-hermoso-presenta-un-fin-de-semana-record-en-ocupacion-turistica\/#primaryimage\"},\"image\":{\"@id\":\"https:\/\/infoecos.com.ar\/index.php\/monte-hermoso-presenta-un-fin-de-semana-record-en-ocupacion-turistica\/#primaryimage\"},\"thumbnailUrl\":\"https:\/\/infoecos.com.ar\/wp-content\/uploads\/2024\/01\/fuegos3.jpg\",\"datePublished\":\"2024-01-01T14:20:24+00:00\",\"dateModified\":\"2024-01-01T14:20:26+00:00\",\"breadcrumb\":{\"@id\":\"https:\/\/infoecos.com.ar\/index.php\/monte-hermoso-presenta-un-fin-de-semana-record-en-ocupacion-turistica\/#breadcrumb\"},\"inLanguage\":\"es\",\"potentialAction\":[{\"@type\":\"ReadAction\",\"target\":[\"https:\/\/infoecos.com.ar\/index.php\/monte-hermoso-presenta-un-fin-de-semana-record-en-ocupacion-turistica\/\"]}]},{\"@type\":\"ImageObject\",\"inLanguage\":\"es\",\"@id\":\"https:\/\/infoecos.com.ar\/index.php\/monte-hermoso-presenta-un-fin-de-semana-record-en-ocupacion-turistica\/#primaryimage\",\"url\":\"https:\/\/infoecos.com.ar\/wp-content\/uploads\/2024\/01\/fuegos3.jpg\",\"contentUrl\":\"https:\/\/infoecos.com.ar\/wp-content\/uploads\/2024\/01\/fuegos3.jpg\",\"width\":2048,\"height\":1366},{\"@type\":\"BreadcrumbList\",\"@id\":\"https:\/\/infoecos.com.ar\/index.php\/monte-hermoso-presenta-un-fin-de-semana-record-en-ocupacion-turistica\/#breadcrumb\",\"itemListElement\":[{\"@type\":\"ListItem\",\"position\":1,\"name\":\"Portada\",\"item\":\"https:\/\/infoecos.com.ar\/\"},{\"@type\":\"ListItem\",\"position\":2,\"name\":\"Monte Hermoso presenta un fin de semana r\u00e9cord en ocupaci\u00f3n tur\u00edstica\"}]},{\"@type\":\"WebSite\",\"@id\":\"https:\/\/infoecos.com.ar\/#website\",\"url\":\"https:\/\/infoecos.com.ar\/\",\"name\":\"Infoecos\",\"description\":\"Noticias de trenque lauquen y la zona\",\"publisher\":{\"@id\":\"https:\/\/infoecos.com.ar\/#organization\"},\"alternateName\":\"Noticias\",\"potentialAction\":[{\"@type\":\"SearchAction\",\"target\":{\"@type\":\"EntryPoint\",\"urlTemplate\":\"https:\/\/infoecos.com.ar\/?s={search_term_string}\"},\"query-input\":{\"@type\":\"PropertyValueSpecification\",\"valueRequired\":true,\"valueName\":\"search_term_string\"}}],\"inLanguage\":\"es\"},{\"@type\":\"Organization\",\"@id\":\"https:\/\/infoecos.com.ar\/#organization\",\"name\":\"Infoecos\",\"alternateName\":\"Noticias\",\"url\":\"https:\/\/infoecos.com.ar\/\",\"logo\":{\"@type\":\"ImageObject\",\"inLanguage\":\"es\",\"@id\":\"https:\/\/infoecos.com.ar\/#\/schema\/logo\/image\/\",\"url\":\"https:\/\/infoecos.com.ar\/wp-content\/uploads\/2024\/03\/cropped-logo.png\",\"contentUrl\":\"https:\/\/infoecos.com.ar\/wp-content\/uploads\/2024\/03\/cropped-logo.png\",\"width\":374,\"height\":90,\"caption\":\"Infoecos\"},\"image\":{\"@id\":\"https:\/\/infoecos.com.ar\/#\/schema\/logo\/image\/\"},\"sameAs\":[\"https:\/\/www.facebook.com\/profile.php?id=100063200290284\",\"https:\/\/x.com\/infoecos\"]},{\"@type\":\"Person\",\"@id\":\"https:\/\/infoecos.com.ar\/#\/schema\/person\/8f5ace5ce73b4b4aac4b7245aee6f191\",\"name\":\"Jorge Matheus\",\"url\":\"https:\/\/infoecos.com.ar\/index.php\/author\/jomatheus\/\"}]}<\/script>\n<!-- \/ Yoast SEO plugin. -->","yoast_head_json":{"title":"Monte Hermoso presenta un fin de semana r\u00e9cord en ocupaci\u00f3n tur\u00edstica - Infoecos","robots":{"index":"index","follow":"follow","max-snippet":"max-snippet:-1","max-image-preview":"max-image-preview:large","max-video-preview":"max-video-preview:-1"},"canonical":"https:\/\/infoecos.com.ar\/index.php\/monte-hermoso-presenta-un-fin-de-semana-record-en-ocupacion-turistica\/","og_locale":"es_ES","og_type":"article","og_title":"Monte Hermoso presenta un fin de semana r\u00e9cord en ocupaci\u00f3n tur\u00edstica - Infoecos","og_description":"Hern\u00e1n Arranz, intendente de Monte Hermoso, se\u00f1al\u00f3 que \u201clamentablemente en Navidad hubo poca afluencia, pero desde el viernes pasado nos encontramos con un panorama distinto. Ayuda el pron\u00f3stico del tiempo. Desde el martes no sabemos qu\u00e9 ocurrir\u00e1\u201d","og_url":"https:\/\/infoecos.com.ar\/index.php\/monte-hermoso-presenta-un-fin-de-semana-record-en-ocupacion-turistica\/","og_site_name":"Infoecos","article_publisher":"https:\/\/www.facebook.com\/profile.php?id=100063200290284","article_published_time":"2024-01-01T14:20:24+00:00","article_modified_time":"2024-01-01T14:20:26+00:00","og_image":[{"width":2048,"height":1366,"url":"https:\/\/infoecos.com.ar\/wp-content\/uploads\/2024\/01\/fuegos3.jpg","type":"image\/jpeg"}],"author":"Jorge Matheus","twitter_card":"summary_large_image","twitter_creator":"@infoecos","twitter_site":"@infoecos","twitter_misc":{"Escrito por":"Jorge Matheus","Tiempo de lectura":"2 minutos"},"schema":{"@context":"https:\/\/schema.org","@graph":[{"@type":"Article","@id":"https:\/\/infoecos.com.ar\/index.php\/monte-hermoso-presenta-un-fin-de-semana-record-en-ocupacion-turistica\/#article","isPartOf":{"@id":"https:\/\/infoecos.com.ar\/index.php\/monte-hermoso-presenta-un-fin-de-semana-record-en-ocupacion-turistica\/"},"author":{"name":"Jorge Matheus","@id":"https:\/\/infoecos.com.ar\/#\/schema\/person\/8f5ace5ce73b4b4aac4b7245aee6f191"},"headline":"Monte Hermoso presenta un fin de semana r\u00e9cord en ocupaci\u00f3n tur\u00edstica","datePublished":"2024-01-01T14:20:24+00:00","dateModified":"2024-01-01T14:20:26+00:00","mainEntityOfPage":{"@id":"https:\/\/infoecos.com.ar\/index.php\/monte-hermoso-presenta-un-fin-de-semana-record-en-ocupacion-turistica\/"},"wordCount":163,"publisher":{"@id":"https:\/\/infoecos.com.ar\/#organization"},"image":{"@id":"https:\/\/infoecos.com.ar\/index.php\/monte-hermoso-presenta-un-fin-de-semana-record-en-ocupacion-turistica\/#primaryimage"},"thumbnailUrl":"https:\/\/infoecos.com.ar\/wp-content\/uploads\/2024\/01\/fuegos3.jpg","keywords":["TURISMO"],"articleSection":["Noticia Secundaria"],"inLanguage":"es"},{"@type":"WebPage","@id":"https:\/\/infoecos.com.ar\/index.php\/monte-hermoso-presenta-un-fin-de-semana-record-en-ocupacion-turistica\/","url":"https:\/\/infoecos.com.ar\/index.php\/monte-hermoso-presenta-un-fin-de-semana-record-en-ocupacion-turistica\/","name":"Monte Hermoso presenta un fin de semana r\u00e9cord en ocupaci\u00f3n tur\u00edstica - Infoecos","isPartOf":{"@id":"https:\/\/infoecos.com.ar\/#website"},"primaryImageOfPage":{"@id":"https:\/\/infoecos.com.ar\/index.php\/monte-hermoso-presenta-un-fin-de-semana-record-en-ocupacion-turistica\/#primaryimage"},"image":{"@id":"https:\/\/infoecos.com.ar\/index.php\/monte-hermoso-presenta-un-fin-de-semana-record-en-ocupacion-turistica\/#primaryimage"},"thumbnailUrl":"https:\/\/infoecos.com.ar\/wp-content\/uploads\/2024\/01\/fuegos3.jpg","datePublished":"2024-01-01T14:20:24+00:00","dateModified":"2024-01-01T14:20:26+00:00","breadcrumb":{"@id":"https:\/\/infoecos.com.ar\/index.php\/monte-hermoso-presenta-un-fin-de-semana-record-en-ocupacion-turistica\/#breadcrumb"},"inLanguage":"es","potentialAction":[{"@type":"ReadAction","target":["https:\/\/infoecos.com.ar\/index.php\/monte-hermoso-presenta-un-fin-de-semana-record-en-ocupacion-turistica\/"]}]},{"@type":"ImageObject","inLanguage":"es","@id":"https:\/\/infoecos.com.ar\/index.php\/monte-hermoso-presenta-un-fin-de-semana-record-en-ocupacion-turistica\/#primaryimage","url":"https:\/\/infoecos.com.ar\/wp-content\/uploads\/2024\/01\/fuegos3.jpg","contentUrl":"https:\/\/infoecos.com.ar\/wp-content\/uploads\/2024\/01\/fuegos3.jpg","width":2048,"height":1366},{"@type":"BreadcrumbList","@id":"https:\/\/infoecos.com.ar\/index.php\/monte-hermoso-presenta-un-fin-de-semana-record-en-ocupacion-turistica\/#breadcrumb","itemListElement":[{"@type":"ListItem","position":1,"name":"Portada","item":"https:\/\/infoecos.com.ar\/"},{"@type":"ListItem","position":2,"name":"Monte Hermoso presenta un fin de semana r\u00e9cord en ocupaci\u00f3n tur\u00edstica"}]},{"@type":"WebSite","@id":"https:\/\/infoecos.com.ar\/#website","url":"https:\/\/infoecos.com.ar\/","name":"Infoecos","description":"Noticias de trenque lauquen y la zona","publisher":{"@id":"https:\/\/infoecos.com.ar\/#organization"},"alternateName":"Noticias","potentialAction":[{"@type":"SearchAction","target":{"@type":"EntryPoint","urlTemplate":"https:\/\/infoecos.com.ar\/?s={search_term_string}"},"query-input":{"@type":"PropertyValueSpecification","valueRequired":true,"valueName":"search_term_string"}}],"inLanguage":"es"},{"@type":"Organization","@id":"https:\/\/infoecos.com.ar\/#organization","name":"Infoecos","alternateName":"Noticias","url":"https:\/\/infoecos.com.ar\/","logo":{"@type":"ImageObject","inLanguage":"es","@id":"https:\/\/infoecos.com.ar\/#\/schema\/logo\/image\/","url":"https:\/\/infoecos.com.ar\/wp-content\/uploads\/2024\/03\/cropped-logo.png","contentUrl":"https:\/\/infoecos.com.ar\/wp-content\/uploads\/2024\/03\/cropped-logo.png","width":374,"height":90,"caption":"Infoecos"},"image":{"@id":"https:\/\/infoecos.com.ar\/#\/schema\/logo\/image\/"},"sameAs":["https:\/\/www.facebook.com\/profile.php?id=100063200290284","https:\/\/x.com\/infoecos"]},{"@type":"Person","@id":"https:\/\/infoecos.com.ar\/#\/schema\/person\/8f5ace5ce73b4b4aac4b7245aee6f191","name":"Jorge Matheus","url":"https:\/\/infoecos.com.ar\/index.php\/author\/jomatheus\/"}]}},"featured_image_urls":{"full":["https:\/\/infoecos.com.ar\/wp-content\/uploads\/2024\/01\/fuegos3.jpg",2048,1366,false],"thumbnail":["https:\/\/infoecos.com.ar\/wp-content\/uploads\/2024\/01\/fuegos3-300x150.jpg",300,150,true],"medium":["https:\/\/infoecos.com.ar\/wp-content\/uploads\/2024\/01\/fuegos3-800x534.jpg",800,534,true],"medium_large":["https:\/\/infoecos.com.ar\/wp-content\/uploads\/2024\/01\/fuegos3-768x512.jpg",640,427,true],"large":["https:\/\/infoecos.com.ar\/wp-content\/uploads\/2024\/01\/fuegos3-1600x1067.jpg",640,427,true],"1536x1536":["https:\/\/infoecos.com.ar\/wp-content\/uploads\/2024\/01\/fuegos3-1536x1025.jpg",1536,1025,true],"2048x2048":["https:\/\/infoecos.com.ar\/wp-content\/uploads\/2024\/01\/fuegos3.jpg",2048,1366,false],"covernews-slider-full":["https:\/\/infoecos.com.ar\/wp-content\/uploads\/2024\/01\/fuegos3-1536x1020.jpg",1077,715,true],"covernews-slider-center":["https:\/\/infoecos.com.ar\/wp-content\/uploads\/2024\/01\/fuegos3-936x897.jpg",522,500,true],"covernews-featured":["https:\/\/infoecos.com.ar\/wp-content\/uploads\/2024\/01\/fuegos3-1024x683.jpg",1024,683,true],"covernews-medium":["https:\/\/infoecos.com.ar\/wp-content\/uploads\/2024\/01\/fuegos3-720x380.jpg",540,285,true],"covernews-medium-square":["https:\/\/infoecos.com.ar\/wp-content\/uploads\/2024\/01\/fuegos3-675x450.jpg",375,250,true]},"author_info":{"info":["Jorge Matheus"]},"category_info":"<a href=\"https:\/\/infoecos.com.ar\/index.php\/category\/noticia-secundaria\/\" rel=\"category tag\">Noticia Secundaria<\/a>","tag_info":"Noticia Secundaria","comment_count":"0","_links":{"self":[{"href":"https:\/\/infoecos.com.ar\/index.php\/wp-json\/wp\/v2\/posts\/116990"}],"collection":[{"href":"https:\/\/infoecos.com.ar\/index.php\/wp-json\/wp\/v2\/posts"}],"about":[{"href":"https:\/\/infoecos.com.ar\/index.php\/wp-json\/wp\/v2\/types\/post"}],"author":[{"embeddable":true,"href":"https:\/\/infoecos.com.ar\/index.php\/wp-json\/wp\/v2\/users\/2"}],"replies":[{"embeddable":true,"href":"https:\/\/infoecos.com.ar\/index.php\/wp-json\/wp\/v2\/comments?post=116990"}],"version-history":[{"count":1,"href":"https:\/\/infoecos.com.ar\/index.php\/wp-json\/wp\/v2\/posts\/116990\/revisions"}],"predecessor-version":[{"id":116999,"href":"https:\/\/infoecos.com.ar\/index.php\/wp-json\/wp\/v2\/posts\/116990\/revisions\/116999"}],"wp:featuredmedia":[{"embeddable":true,"href":"https:\/\/infoecos.com.ar\/index.php\/wp-json\/wp\/v2\/media\/116994"}],"wp:attachment":[{"href":"https:\/\/infoecos.com.ar\/index.php\/wp-json\/wp\/v2\/media?parent=116990"}],"wp:term":[{"taxonomy":"category","embeddable":true,"href":"https:\/\/infoecos.com.ar\/index.php\/wp-json\/wp\/v2\/categories?post=116990"},{"taxonomy":"post_tag","embeddable":true,"href":"https:\/\/infoecos.com.ar\/index.php\/wp-json\/wp\/v2\/tags?post=116990"}],"curies":[{"name":"wp","href":"https:\/\/api.w.org\/{rel}","templated":true}]}}