{"id":117026,"date":"2024-01-03T06:54:00","date_gmt":"2024-01-03T09:54:00","guid":{"rendered":"https:\/\/infoecos.com.ar\/?p=117026"},"modified":"2024-01-03T06:54:01","modified_gmt":"2024-01-03T09:54:01","slug":"averiguacion-de-paradero-del-vecino-pehuajense-jorge-nicolas-ullua","status":"publish","type":"post","link":"https:\/\/infoecos.com.ar\/index.php\/averiguacion-de-paradero-del-vecino-pehuajense-jorge-nicolas-ullua\/","title":{"rendered":"Averiguaci\u00f3n de paradero del vecino pehuajense, Jorge Nicol\u00e1s Ull\u00faa"},"content":{"rendered":"\n<p>La Polic\u00eda de Pehuaj\u00f3 ha realizado un llamado para dar con el ciudadano, Jorge Nicol\u00e1s Ull\u00faa.<\/p>\n\n\n\n<figure class=\"wp-block-image aligncenter size-full\"><img loading=\"lazy\" decoding=\"async\" width=\"419\" height=\"250\" src=\"https:\/\/infoecos.com.ar\/wp-content\/uploads\/2024\/01\/image-7.png\" alt=\"\" class=\"wp-image-117029\"\/><\/figure>\n\n\n\n<p>El comunicado difundido en la tardecita\/noche de ayer, consigna:<\/p>\n\n\n\n<p>AVERIGUACI\u00d3N DE PARADERO, del ciudadano ULL\u00daA JORGE NICOLAS , de 28 a\u00f1os de edad, domiciliado en calle Lafinur\u00a0 nro. 464 este medio. Radic\u00f3 una denuncia penal su hermano quien aporto fotograf\u00eda para facilitar la b\u00fasqueda. Hace menci\u00f3n que el causante el d\u00eda 1ro., de enero del cte., conoci\u00f3 a femenina \u00abPAULA\u00bb, a trav\u00e9s de la red social de Facebook, domiciliada en la localidad de Lujan, provincia de Buenos Aires,\u00a0no llegando a encontrarse con la misma, desconoci\u00e9ndose su actual paradero.\u00a0<\/p>\n\n\n\n<p>Al momento de ausentarse vest\u00eda pantal\u00f3n Jean color gris gastado, remera gris plata con logo Adidas, zapatillas tipo botitas color negra. Es de contextura f\u00edsica delgada, 1.60 mts estatura, cabello casta\u00f1o oscuro corto rapado a los costados, ojos color marrones, aro en oreja izquierda. No lleva consigo DNI, ni celular, no pose\u00eda dinero, viaja mediante sistema auto stop (haciendo dedo). <\/p>\n\n\n\n<p>Ante el presente hecho, se dieron inicio a actuaciones car\u00e1tuladas: AVERIGUACION PARADERO, con intervenci\u00f3n de la Fiscalia Descentralizada de Pehuaj\u00f3.<\/p>\n\n\n\n<p>Por cualquier novedad se ruega comunicar de inmediato al (101) 911 Emergencias, o a esta Seccional Policial, los tel\u00e9fonos 02396 470260 \u2013 473073 \u2013 477002, de Estaci\u00f3n Comunal Pehuajo \u00f3 personalmente calle Del Valle 550 de Pehuajo. <\/p>\n","protected":false},"excerpt":{"rendered":"<p>Radic\u00f3 una denuncia penal su hermano quien aporto fotograf\u00eda para facilitar la b\u00fasqueda<\/p>\n","protected":false},"author":2,"featured_media":117029,"comment_status":"closed","ping_status":"open","sticky":false,"template":"","format":"standard","meta":{"footnotes":""},"categories":[29],"tags":[9807],"class_list":["post-117026","post","type-post","status-publish","format-standard","has-post-thumbnail","hentry","category-c2nota1","tag-pedido-policial"],"yoast_head":"<!-- This site is optimized with the Yoast SEO plugin v23.4 - https:\/\/yoast.com\/wordpress\/plugins\/seo\/ -->\n<title>Averiguaci\u00f3n de paradero del vecino pehuajense, Jorge Nicol\u00e1s Ull\u00faa - Infoecos<\/title>\n<meta name=\"robots\" content=\"index, follow, max-snippet:-1, max-image-preview:large, max-video-preview:-1\" \/>\n<link rel=\"canonical\" href=\"https:\/\/infoecos.com.ar\/index.php\/averiguacion-de-paradero-del-vecino-pehuajense-jorge-nicolas-ullua\/\" \/>\n<meta property=\"og:locale\" content=\"es_ES\" \/>\n<meta property=\"og:type\" content=\"article\" \/>\n<meta property=\"og:title\" content=\"Averiguaci\u00f3n de paradero del vecino pehuajense, Jorge Nicol\u00e1s Ull\u00faa - Infoecos\" \/>\n<meta property=\"og:description\" content=\"Radic\u00f3 una denuncia penal su hermano quien aporto fotograf\u00eda para facilitar la b\u00fasqueda\" \/>\n<meta property=\"og:url\" content=\"https:\/\/infoecos.com.ar\/index.php\/averiguacion-de-paradero-del-vecino-pehuajense-jorge-nicolas-ullua\/\" \/>\n<meta property=\"og:site_name\" content=\"Infoecos\" \/>\n<meta property=\"article:publisher\" content=\"https:\/\/www.facebook.com\/profile.php?id=100063200290284\" \/>\n<meta property=\"article:published_time\" content=\"2024-01-03T09:54:00+00:00\" \/>\n<meta property=\"article:modified_time\" content=\"2024-01-03T09:54:01+00:00\" \/>\n<meta property=\"og:image\" content=\"https:\/\/infoecos.com.ar\/wp-content\/uploads\/2024\/01\/image-7.png\" \/>\n\t<meta property=\"og:image:width\" content=\"419\" \/>\n\t<meta property=\"og:image:height\" content=\"250\" \/>\n\t<meta property=\"og:image:type\" content=\"image\/png\" \/>\n<meta name=\"author\" content=\"Jorge Matheus\" \/>\n<meta name=\"twitter:card\" content=\"summary_large_image\" \/>\n<meta name=\"twitter:creator\" content=\"@infoecos\" \/>\n<meta name=\"twitter:site\" content=\"@infoecos\" \/>\n<meta name=\"twitter:label1\" content=\"Escrito por\" \/>\n\t<meta name=\"twitter:data1\" content=\"Jorge Matheus\" \/>\n\t<meta name=\"twitter:label2\" content=\"Tiempo de lectura\" \/>\n\t<meta name=\"twitter:data2\" content=\"2 minutos\" \/>\n<script type=\"application\/ld+json\" class=\"yoast-schema-graph\">{\"@context\":\"https:\/\/schema.org\",\"@graph\":[{\"@type\":\"Article\",\"@id\":\"https:\/\/infoecos.com.ar\/index.php\/averiguacion-de-paradero-del-vecino-pehuajense-jorge-nicolas-ullua\/#article\",\"isPartOf\":{\"@id\":\"https:\/\/infoecos.com.ar\/index.php\/averiguacion-de-paradero-del-vecino-pehuajense-jorge-nicolas-ullua\/\"},\"author\":{\"name\":\"Jorge Matheus\",\"@id\":\"https:\/\/infoecos.com.ar\/#\/schema\/person\/8f5ace5ce73b4b4aac4b7245aee6f191\"},\"headline\":\"Averiguaci\u00f3n de paradero del vecino pehuajense, Jorge Nicol\u00e1s Ull\u00faa\",\"datePublished\":\"2024-01-03T09:54:00+00:00\",\"dateModified\":\"2024-01-03T09:54:01+00:00\",\"mainEntityOfPage\":{\"@id\":\"https:\/\/infoecos.com.ar\/index.php\/averiguacion-de-paradero-del-vecino-pehuajense-jorge-nicolas-ullua\/\"},\"wordCount\":242,\"publisher\":{\"@id\":\"https:\/\/infoecos.com.ar\/#organization\"},\"image\":{\"@id\":\"https:\/\/infoecos.com.ar\/index.php\/averiguacion-de-paradero-del-vecino-pehuajense-jorge-nicolas-ullua\/#primaryimage\"},\"thumbnailUrl\":\"https:\/\/infoecos.com.ar\/wp-content\/uploads\/2024\/01\/image-7.png\",\"keywords\":[\"pedido policial\"],\"articleSection\":[\"C2 nota 1\"],\"inLanguage\":\"es\"},{\"@type\":\"WebPage\",\"@id\":\"https:\/\/infoecos.com.ar\/index.php\/averiguacion-de-paradero-del-vecino-pehuajense-jorge-nicolas-ullua\/\",\"url\":\"https:\/\/infoecos.com.ar\/index.php\/averiguacion-de-paradero-del-vecino-pehuajense-jorge-nicolas-ullua\/\",\"name\":\"Averiguaci\u00f3n de paradero del vecino pehuajense, Jorge Nicol\u00e1s Ull\u00faa - Infoecos\",\"isPartOf\":{\"@id\":\"https:\/\/infoecos.com.ar\/#website\"},\"primaryImageOfPage\":{\"@id\":\"https:\/\/infoecos.com.ar\/index.php\/averiguacion-de-paradero-del-vecino-pehuajense-jorge-nicolas-ullua\/#primaryimage\"},\"image\":{\"@id\":\"https:\/\/infoecos.com.ar\/index.php\/averiguacion-de-paradero-del-vecino-pehuajense-jorge-nicolas-ullua\/#primaryimage\"},\"thumbnailUrl\":\"https:\/\/infoecos.com.ar\/wp-content\/uploads\/2024\/01\/image-7.png\",\"datePublished\":\"2024-01-03T09:54:00+00:00\",\"dateModified\":\"2024-01-03T09:54:01+00:00\",\"breadcrumb\":{\"@id\":\"https:\/\/infoecos.com.ar\/index.php\/averiguacion-de-paradero-del-vecino-pehuajense-jorge-nicolas-ullua\/#breadcrumb\"},\"inLanguage\":\"es\",\"potentialAction\":[{\"@type\":\"ReadAction\",\"target\":[\"https:\/\/infoecos.com.ar\/index.php\/averiguacion-de-paradero-del-vecino-pehuajense-jorge-nicolas-ullua\/\"]}]},{\"@type\":\"ImageObject\",\"inLanguage\":\"es\",\"@id\":\"https:\/\/infoecos.com.ar\/index.php\/averiguacion-de-paradero-del-vecino-pehuajense-jorge-nicolas-ullua\/#primaryimage\",\"url\":\"https:\/\/infoecos.com.ar\/wp-content\/uploads\/2024\/01\/image-7.png\",\"contentUrl\":\"https:\/\/infoecos.com.ar\/wp-content\/uploads\/2024\/01\/image-7.png\",\"width\":419,\"height\":250},{\"@type\":\"BreadcrumbList\",\"@id\":\"https:\/\/infoecos.com.ar\/index.php\/averiguacion-de-paradero-del-vecino-pehuajense-jorge-nicolas-ullua\/#breadcrumb\",\"itemListElement\":[{\"@type\":\"ListItem\",\"position\":1,\"name\":\"Portada\",\"item\":\"https:\/\/infoecos.com.ar\/\"},{\"@type\":\"ListItem\",\"position\":2,\"name\":\"Averiguaci\u00f3n de paradero del vecino pehuajense, Jorge Nicol\u00e1s Ull\u00faa\"}]},{\"@type\":\"WebSite\",\"@id\":\"https:\/\/infoecos.com.ar\/#website\",\"url\":\"https:\/\/infoecos.com.ar\/\",\"name\":\"Infoecos\",\"description\":\"Noticias de trenque lauquen y la zona\",\"publisher\":{\"@id\":\"https:\/\/infoecos.com.ar\/#organization\"},\"alternateName\":\"Noticias\",\"potentialAction\":[{\"@type\":\"SearchAction\",\"target\":{\"@type\":\"EntryPoint\",\"urlTemplate\":\"https:\/\/infoecos.com.ar\/?s={search_term_string}\"},\"query-input\":{\"@type\":\"PropertyValueSpecification\",\"valueRequired\":true,\"valueName\":\"search_term_string\"}}],\"inLanguage\":\"es\"},{\"@type\":\"Organization\",\"@id\":\"https:\/\/infoecos.com.ar\/#organization\",\"name\":\"Infoecos\",\"alternateName\":\"Noticias\",\"url\":\"https:\/\/infoecos.com.ar\/\",\"logo\":{\"@type\":\"ImageObject\",\"inLanguage\":\"es\",\"@id\":\"https:\/\/infoecos.com.ar\/#\/schema\/logo\/image\/\",\"url\":\"https:\/\/infoecos.com.ar\/wp-content\/uploads\/2024\/03\/cropped-logo.png\",\"contentUrl\":\"https:\/\/infoecos.com.ar\/wp-content\/uploads\/2024\/03\/cropped-logo.png\",\"width\":374,\"height\":90,\"caption\":\"Infoecos\"},\"image\":{\"@id\":\"https:\/\/infoecos.com.ar\/#\/schema\/logo\/image\/\"},\"sameAs\":[\"https:\/\/www.facebook.com\/profile.php?id=100063200290284\",\"https:\/\/x.com\/infoecos\"]},{\"@type\":\"Person\",\"@id\":\"https:\/\/infoecos.com.ar\/#\/schema\/person\/8f5ace5ce73b4b4aac4b7245aee6f191\",\"name\":\"Jorge Matheus\",\"url\":\"https:\/\/infoecos.com.ar\/index.php\/author\/jomatheus\/\"}]}<\/script>\n<!-- \/ Yoast SEO plugin. -->","yoast_head_json":{"title":"Averiguaci\u00f3n de paradero del vecino pehuajense, Jorge Nicol\u00e1s Ull\u00faa - Infoecos","robots":{"index":"index","follow":"follow","max-snippet":"max-snippet:-1","max-image-preview":"max-image-preview:large","max-video-preview":"max-video-preview:-1"},"canonical":"https:\/\/infoecos.com.ar\/index.php\/averiguacion-de-paradero-del-vecino-pehuajense-jorge-nicolas-ullua\/","og_locale":"es_ES","og_type":"article","og_title":"Averiguaci\u00f3n de paradero del vecino pehuajense, Jorge Nicol\u00e1s Ull\u00faa - Infoecos","og_description":"Radic\u00f3 una denuncia penal su hermano quien aporto fotograf\u00eda para facilitar la b\u00fasqueda","og_url":"https:\/\/infoecos.com.ar\/index.php\/averiguacion-de-paradero-del-vecino-pehuajense-jorge-nicolas-ullua\/","og_site_name":"Infoecos","article_publisher":"https:\/\/www.facebook.com\/profile.php?id=100063200290284","article_published_time":"2024-01-03T09:54:00+00:00","article_modified_time":"2024-01-03T09:54:01+00:00","og_image":[{"width":419,"height":250,"url":"https:\/\/infoecos.com.ar\/wp-content\/uploads\/2024\/01\/image-7.png","type":"image\/png"}],"author":"Jorge Matheus","twitter_card":"summary_large_image","twitter_creator":"@infoecos","twitter_site":"@infoecos","twitter_misc":{"Escrito por":"Jorge Matheus","Tiempo de lectura":"2 minutos"},"schema":{"@context":"https:\/\/schema.org","@graph":[{"@type":"Article","@id":"https:\/\/infoecos.com.ar\/index.php\/averiguacion-de-paradero-del-vecino-pehuajense-jorge-nicolas-ullua\/#article","isPartOf":{"@id":"https:\/\/infoecos.com.ar\/index.php\/averiguacion-de-paradero-del-vecino-pehuajense-jorge-nicolas-ullua\/"},"author":{"name":"Jorge Matheus","@id":"https:\/\/infoecos.com.ar\/#\/schema\/person\/8f5ace5ce73b4b4aac4b7245aee6f191"},"headline":"Averiguaci\u00f3n de paradero del vecino pehuajense, Jorge Nicol\u00e1s Ull\u00faa","datePublished":"2024-01-03T09:54:00+00:00","dateModified":"2024-01-03T09:54:01+00:00","mainEntityOfPage":{"@id":"https:\/\/infoecos.com.ar\/index.php\/averiguacion-de-paradero-del-vecino-pehuajense-jorge-nicolas-ullua\/"},"wordCount":242,"publisher":{"@id":"https:\/\/infoecos.com.ar\/#organization"},"image":{"@id":"https:\/\/infoecos.com.ar\/index.php\/averiguacion-de-paradero-del-vecino-pehuajense-jorge-nicolas-ullua\/#primaryimage"},"thumbnailUrl":"https:\/\/infoecos.com.ar\/wp-content\/uploads\/2024\/01\/image-7.png","keywords":["pedido policial"],"articleSection":["C2 nota 1"],"inLanguage":"es"},{"@type":"WebPage","@id":"https:\/\/infoecos.com.ar\/index.php\/averiguacion-de-paradero-del-vecino-pehuajense-jorge-nicolas-ullua\/","url":"https:\/\/infoecos.com.ar\/index.php\/averiguacion-de-paradero-del-vecino-pehuajense-jorge-nicolas-ullua\/","name":"Averiguaci\u00f3n de paradero del vecino pehuajense, Jorge Nicol\u00e1s Ull\u00faa - Infoecos","isPartOf":{"@id":"https:\/\/infoecos.com.ar\/#website"},"primaryImageOfPage":{"@id":"https:\/\/infoecos.com.ar\/index.php\/averiguacion-de-paradero-del-vecino-pehuajense-jorge-nicolas-ullua\/#primaryimage"},"image":{"@id":"https:\/\/infoecos.com.ar\/index.php\/averiguacion-de-paradero-del-vecino-pehuajense-jorge-nicolas-ullua\/#primaryimage"},"thumbnailUrl":"https:\/\/infoecos.com.ar\/wp-content\/uploads\/2024\/01\/image-7.png","datePublished":"2024-01-03T09:54:00+00:00","dateModified":"2024-01-03T09:54:01+00:00","breadcrumb":{"@id":"https:\/\/infoecos.com.ar\/index.php\/averiguacion-de-paradero-del-vecino-pehuajense-jorge-nicolas-ullua\/#breadcrumb"},"inLanguage":"es","potentialAction":[{"@type":"ReadAction","target":["https:\/\/infoecos.com.ar\/index.php\/averiguacion-de-paradero-del-vecino-pehuajense-jorge-nicolas-ullua\/"]}]},{"@type":"ImageObject","inLanguage":"es","@id":"https:\/\/infoecos.com.ar\/index.php\/averiguacion-de-paradero-del-vecino-pehuajense-jorge-nicolas-ullua\/#primaryimage","url":"https:\/\/infoecos.com.ar\/wp-content\/uploads\/2024\/01\/image-7.png","contentUrl":"https:\/\/infoecos.com.ar\/wp-content\/uploads\/2024\/01\/image-7.png","width":419,"height":250},{"@type":"BreadcrumbList","@id":"https:\/\/infoecos.com.ar\/index.php\/averiguacion-de-paradero-del-vecino-pehuajense-jorge-nicolas-ullua\/#breadcrumb","itemListElement":[{"@type":"ListItem","position":1,"name":"Portada","item":"https:\/\/infoecos.com.ar\/"},{"@type":"ListItem","position":2,"name":"Averiguaci\u00f3n de paradero del vecino pehuajense, Jorge Nicol\u00e1s Ull\u00faa"}]},{"@type":"WebSite","@id":"https:\/\/infoecos.com.ar\/#website","url":"https:\/\/infoecos.com.ar\/","name":"Infoecos","description":"Noticias de trenque lauquen y la zona","publisher":{"@id":"https:\/\/infoecos.com.ar\/#organization"},"alternateName":"Noticias","potentialAction":[{"@type":"SearchAction","target":{"@type":"EntryPoint","urlTemplate":"https:\/\/infoecos.com.ar\/?s={search_term_string}"},"query-input":{"@type":"PropertyValueSpecification","valueRequired":true,"valueName":"search_term_string"}}],"inLanguage":"es"},{"@type":"Organization","@id":"https:\/\/infoecos.com.ar\/#organization","name":"Infoecos","alternateName":"Noticias","url":"https:\/\/infoecos.com.ar\/","logo":{"@type":"ImageObject","inLanguage":"es","@id":"https:\/\/infoecos.com.ar\/#\/schema\/logo\/image\/","url":"https:\/\/infoecos.com.ar\/wp-content\/uploads\/2024\/03\/cropped-logo.png","contentUrl":"https:\/\/infoecos.com.ar\/wp-content\/uploads\/2024\/03\/cropped-logo.png","width":374,"height":90,"caption":"Infoecos"},"image":{"@id":"https:\/\/infoecos.com.ar\/#\/schema\/logo\/image\/"},"sameAs":["https:\/\/www.facebook.com\/profile.php?id=100063200290284","https:\/\/x.com\/infoecos"]},{"@type":"Person","@id":"https:\/\/infoecos.com.ar\/#\/schema\/person\/8f5ace5ce73b4b4aac4b7245aee6f191","name":"Jorge Matheus","url":"https:\/\/infoecos.com.ar\/index.php\/author\/jomatheus\/"}]}},"featured_image_urls":{"full":["https:\/\/infoecos.com.ar\/wp-content\/uploads\/2024\/01\/image-7.png",419,250,false],"thumbnail":["https:\/\/infoecos.com.ar\/wp-content\/uploads\/2024\/01\/image-7-300x150.png",300,150,true],"medium":["https:\/\/infoecos.com.ar\/wp-content\/uploads\/2024\/01\/image-7.png",419,250,false],"medium_large":["https:\/\/infoecos.com.ar\/wp-content\/uploads\/2024\/01\/image-7.png",419,250,false],"large":["https:\/\/infoecos.com.ar\/wp-content\/uploads\/2024\/01\/image-7.png",419,250,false],"1536x1536":["https:\/\/infoecos.com.ar\/wp-content\/uploads\/2024\/01\/image-7.png",419,250,false],"2048x2048":["https:\/\/infoecos.com.ar\/wp-content\/uploads\/2024\/01\/image-7.png",419,250,false],"covernews-slider-full":["https:\/\/infoecos.com.ar\/wp-content\/uploads\/2024\/01\/image-7.png",419,250,false],"covernews-slider-center":["https:\/\/infoecos.com.ar\/wp-content\/uploads\/2024\/01\/image-7.png",419,250,false],"covernews-featured":["https:\/\/infoecos.com.ar\/wp-content\/uploads\/2024\/01\/image-7.png",419,250,false],"covernews-medium":["https:\/\/infoecos.com.ar\/wp-content\/uploads\/2024\/01\/image-7.png",419,250,false],"covernews-medium-square":["https:\/\/infoecos.com.ar\/wp-content\/uploads\/2024\/01\/image-7.png",400,239,false]},"author_info":{"info":["Jorge Matheus"]},"category_info":"<a href=\"https:\/\/infoecos.com.ar\/index.php\/category\/c2nota1\/\" rel=\"category tag\">C2 nota 1<\/a>","tag_info":"C2 nota 1","comment_count":"0","_links":{"self":[{"href":"https:\/\/infoecos.com.ar\/index.php\/wp-json\/wp\/v2\/posts\/117026"}],"collection":[{"href":"https:\/\/infoecos.com.ar\/index.php\/wp-json\/wp\/v2\/posts"}],"about":[{"href":"https:\/\/infoecos.com.ar\/index.php\/wp-json\/wp\/v2\/types\/post"}],"author":[{"embeddable":true,"href":"https:\/\/infoecos.com.ar\/index.php\/wp-json\/wp\/v2\/users\/2"}],"replies":[{"embeddable":true,"href":"https:\/\/infoecos.com.ar\/index.php\/wp-json\/wp\/v2\/comments?post=117026"}],"version-history":[{"count":1,"href":"https:\/\/infoecos.com.ar\/index.php\/wp-json\/wp\/v2\/posts\/117026\/revisions"}],"predecessor-version":[{"id":117030,"href":"https:\/\/infoecos.com.ar\/index.php\/wp-json\/wp\/v2\/posts\/117026\/revisions\/117030"}],"wp:featuredmedia":[{"embeddable":true,"href":"https:\/\/infoecos.com.ar\/index.php\/wp-json\/wp\/v2\/media\/117029"}],"wp:attachment":[{"href":"https:\/\/infoecos.com.ar\/index.php\/wp-json\/wp\/v2\/media?parent=117026"}],"wp:term":[{"taxonomy":"category","embeddable":true,"href":"https:\/\/infoecos.com.ar\/index.php\/wp-json\/wp\/v2\/categories?post=117026"},{"taxonomy":"post_tag","embeddable":true,"href":"https:\/\/infoecos.com.ar\/index.php\/wp-json\/wp\/v2\/tags?post=117026"}],"curies":[{"name":"wp","href":"https:\/\/api.w.org\/{rel}","templated":true}]}}