{"id":117039,"date":"2024-01-03T08:54:41","date_gmt":"2024-01-03T11:54:41","guid":{"rendered":"https:\/\/infoecos.com.ar\/?p=117039"},"modified":"2024-01-03T08:58:58","modified_gmt":"2024-01-03T11:58:58","slug":"el-clima-en-monte-hermoso-hasta-el-domingo-proximo","status":"publish","type":"post","link":"https:\/\/infoecos.com.ar\/index.php\/el-clima-en-monte-hermoso-hasta-el-domingo-proximo\/","title":{"rendered":"El clima en Monte Hermoso hasta el domingo pr\u00f3ximo"},"content":{"rendered":"\n<figure class=\"wp-block-image aligncenter size-full is-resized\"><img loading=\"lazy\" decoding=\"async\" src=\"https:\/\/infoecos.com.ar\/wp-content\/uploads\/2024\/01\/image-10.png\" alt=\"\" class=\"wp-image-117040\" width=\"346\" height=\"173\" srcset=\"https:\/\/infoecos.com.ar\/wp-content\/uploads\/2024\/01\/image-10.png 750w, https:\/\/infoecos.com.ar\/wp-content\/uploads\/2024\/01\/image-10-300x150.png 300w\" sizes=\"(max-width: 346px) 100vw, 346px\" \/><\/figure>\n\n\n\n<p>El clima en Monte Hermoso hasta el domingo.<\/p>\n\n\n\n<p>(informaci\u00f3n: noticiasmontehermoso.com.ar)<\/p>\n\n\n\n<h4 class=\"wp-block-heading\">Mi\u00e9rcoles 3<\/h4>\n\n\n\n<p>Pronostican soleados, con intervalos nubosos a nuboso. Temperatura m\u00e1xima, 31 grados, templado a la noche.<\/p>\n\n\n\n<p>Vientos de cierta intensidad, soplando del norte.<\/p>\n\n\n\n<h4 class=\"wp-block-heading\">Jueves 4<\/h4>\n\n\n\n<p>Soleados con intervalos nubosos y leve descenso de las marcas t\u00e9rmicas: 27 grados de m\u00e1xima y 20 de m\u00ednima al final del d\u00eda.<\/p>\n\n\n\n<p>Vientos medios del norte, con per\u00edodos m\u00e1s intensos, y alguna probabilidad de inestabilidad a la tarde o noche.<\/p>\n\n\n\n<p>Para el&nbsp;<strong>viernes 5<\/strong>&nbsp;anuncian soleado, caluroso y ventoso, del norte y noroeste, luego aumento de nubosidad y probable inestabilidad.<\/p>\n\n\n\n<p>Para&nbsp;<strong>s\u00e1bado<\/strong>&nbsp;y&nbsp;<strong>domingo<\/strong>&nbsp;prev\u00e9n cielos despejados y temperaturas entre 32 grados de m\u00e1xima y 21 de m\u00ednima.<\/p>\n","protected":false},"excerpt":{"rendered":"<p>Para\u00a0s\u00e1bado\u00a0y\u00a0domingo\u00a0prev\u00e9n cielos despejados y temperaturas entre 32 grados de m\u00e1xima y 21 de m\u00ednima<\/p>\n","protected":false},"author":2,"featured_media":117040,"comment_status":"closed","ping_status":"open","sticky":false,"template":"","format":"standard","meta":{"footnotes":""},"categories":[1613],"tags":[9811],"class_list":["post-117039","post","type-post","status-publish","format-standard","has-post-thumbnail","hentry","category-noticia-secundaria","tag-informacion-turistica"],"yoast_head":"<!-- This site is optimized with the Yoast SEO plugin v23.4 - https:\/\/yoast.com\/wordpress\/plugins\/seo\/ -->\n<title>El clima en Monte Hermoso hasta el domingo pr\u00f3ximo - Infoecos<\/title>\n<meta name=\"robots\" content=\"index, follow, max-snippet:-1, max-image-preview:large, max-video-preview:-1\" \/>\n<link rel=\"canonical\" href=\"https:\/\/infoecos.com.ar\/index.php\/el-clima-en-monte-hermoso-hasta-el-domingo-proximo\/\" \/>\n<meta property=\"og:locale\" content=\"es_ES\" \/>\n<meta property=\"og:type\" content=\"article\" \/>\n<meta property=\"og:title\" content=\"El clima en Monte Hermoso hasta el domingo pr\u00f3ximo - Infoecos\" \/>\n<meta property=\"og:description\" content=\"Para\u00a0s\u00e1bado\u00a0y\u00a0domingo\u00a0prev\u00e9n cielos despejados y temperaturas entre 32 grados de m\u00e1xima y 21 de m\u00ednima\" \/>\n<meta property=\"og:url\" content=\"https:\/\/infoecos.com.ar\/index.php\/el-clima-en-monte-hermoso-hasta-el-domingo-proximo\/\" \/>\n<meta property=\"og:site_name\" content=\"Infoecos\" \/>\n<meta property=\"article:publisher\" content=\"https:\/\/www.facebook.com\/profile.php?id=100063200290284\" \/>\n<meta property=\"article:published_time\" content=\"2024-01-03T11:54:41+00:00\" \/>\n<meta property=\"article:modified_time\" content=\"2024-01-03T11:58:58+00:00\" \/>\n<meta property=\"og:image\" content=\"https:\/\/infoecos.com.ar\/wp-content\/uploads\/2024\/01\/image-10.png\" \/>\n\t<meta property=\"og:image:width\" content=\"750\" \/>\n\t<meta property=\"og:image:height\" content=\"375\" \/>\n\t<meta property=\"og:image:type\" content=\"image\/png\" \/>\n<meta name=\"author\" content=\"Jorge Matheus\" \/>\n<meta name=\"twitter:card\" content=\"summary_large_image\" \/>\n<meta name=\"twitter:creator\" content=\"@infoecos\" \/>\n<meta name=\"twitter:site\" content=\"@infoecos\" \/>\n<meta name=\"twitter:label1\" content=\"Escrito por\" \/>\n\t<meta name=\"twitter:data1\" content=\"Jorge Matheus\" \/>\n\t<meta name=\"twitter:label2\" content=\"Tiempo de lectura\" \/>\n\t<meta name=\"twitter:data2\" content=\"1 minuto\" \/>\n<script type=\"application\/ld+json\" class=\"yoast-schema-graph\">{\"@context\":\"https:\/\/schema.org\",\"@graph\":[{\"@type\":\"Article\",\"@id\":\"https:\/\/infoecos.com.ar\/index.php\/el-clima-en-monte-hermoso-hasta-el-domingo-proximo\/#article\",\"isPartOf\":{\"@id\":\"https:\/\/infoecos.com.ar\/index.php\/el-clima-en-monte-hermoso-hasta-el-domingo-proximo\/\"},\"author\":{\"name\":\"Jorge Matheus\",\"@id\":\"https:\/\/infoecos.com.ar\/#\/schema\/person\/8f5ace5ce73b4b4aac4b7245aee6f191\"},\"headline\":\"El clima en Monte Hermoso hasta el domingo pr\u00f3ximo\",\"datePublished\":\"2024-01-03T11:54:41+00:00\",\"dateModified\":\"2024-01-03T11:58:58+00:00\",\"mainEntityOfPage\":{\"@id\":\"https:\/\/infoecos.com.ar\/index.php\/el-clima-en-monte-hermoso-hasta-el-domingo-proximo\/\"},\"wordCount\":138,\"publisher\":{\"@id\":\"https:\/\/infoecos.com.ar\/#organization\"},\"image\":{\"@id\":\"https:\/\/infoecos.com.ar\/index.php\/el-clima-en-monte-hermoso-hasta-el-domingo-proximo\/#primaryimage\"},\"thumbnailUrl\":\"https:\/\/infoecos.com.ar\/wp-content\/uploads\/2024\/01\/image-10.png\",\"keywords\":[\"INFORMACI\u00d3N TUR\u00cdSTICA\"],\"articleSection\":[\"Noticia Secundaria\"],\"inLanguage\":\"es\"},{\"@type\":\"WebPage\",\"@id\":\"https:\/\/infoecos.com.ar\/index.php\/el-clima-en-monte-hermoso-hasta-el-domingo-proximo\/\",\"url\":\"https:\/\/infoecos.com.ar\/index.php\/el-clima-en-monte-hermoso-hasta-el-domingo-proximo\/\",\"name\":\"El clima en Monte Hermoso hasta el domingo pr\u00f3ximo - Infoecos\",\"isPartOf\":{\"@id\":\"https:\/\/infoecos.com.ar\/#website\"},\"primaryImageOfPage\":{\"@id\":\"https:\/\/infoecos.com.ar\/index.php\/el-clima-en-monte-hermoso-hasta-el-domingo-proximo\/#primaryimage\"},\"image\":{\"@id\":\"https:\/\/infoecos.com.ar\/index.php\/el-clima-en-monte-hermoso-hasta-el-domingo-proximo\/#primaryimage\"},\"thumbnailUrl\":\"https:\/\/infoecos.com.ar\/wp-content\/uploads\/2024\/01\/image-10.png\",\"datePublished\":\"2024-01-03T11:54:41+00:00\",\"dateModified\":\"2024-01-03T11:58:58+00:00\",\"breadcrumb\":{\"@id\":\"https:\/\/infoecos.com.ar\/index.php\/el-clima-en-monte-hermoso-hasta-el-domingo-proximo\/#breadcrumb\"},\"inLanguage\":\"es\",\"potentialAction\":[{\"@type\":\"ReadAction\",\"target\":[\"https:\/\/infoecos.com.ar\/index.php\/el-clima-en-monte-hermoso-hasta-el-domingo-proximo\/\"]}]},{\"@type\":\"ImageObject\",\"inLanguage\":\"es\",\"@id\":\"https:\/\/infoecos.com.ar\/index.php\/el-clima-en-monte-hermoso-hasta-el-domingo-proximo\/#primaryimage\",\"url\":\"https:\/\/infoecos.com.ar\/wp-content\/uploads\/2024\/01\/image-10.png\",\"contentUrl\":\"https:\/\/infoecos.com.ar\/wp-content\/uploads\/2024\/01\/image-10.png\",\"width\":750,\"height\":375},{\"@type\":\"BreadcrumbList\",\"@id\":\"https:\/\/infoecos.com.ar\/index.php\/el-clima-en-monte-hermoso-hasta-el-domingo-proximo\/#breadcrumb\",\"itemListElement\":[{\"@type\":\"ListItem\",\"position\":1,\"name\":\"Portada\",\"item\":\"https:\/\/infoecos.com.ar\/\"},{\"@type\":\"ListItem\",\"position\":2,\"name\":\"El clima en Monte Hermoso hasta el domingo pr\u00f3ximo\"}]},{\"@type\":\"WebSite\",\"@id\":\"https:\/\/infoecos.com.ar\/#website\",\"url\":\"https:\/\/infoecos.com.ar\/\",\"name\":\"Infoecos\",\"description\":\"Noticias de trenque lauquen y la zona\",\"publisher\":{\"@id\":\"https:\/\/infoecos.com.ar\/#organization\"},\"alternateName\":\"Noticias\",\"potentialAction\":[{\"@type\":\"SearchAction\",\"target\":{\"@type\":\"EntryPoint\",\"urlTemplate\":\"https:\/\/infoecos.com.ar\/?s={search_term_string}\"},\"query-input\":{\"@type\":\"PropertyValueSpecification\",\"valueRequired\":true,\"valueName\":\"search_term_string\"}}],\"inLanguage\":\"es\"},{\"@type\":\"Organization\",\"@id\":\"https:\/\/infoecos.com.ar\/#organization\",\"name\":\"Infoecos\",\"alternateName\":\"Noticias\",\"url\":\"https:\/\/infoecos.com.ar\/\",\"logo\":{\"@type\":\"ImageObject\",\"inLanguage\":\"es\",\"@id\":\"https:\/\/infoecos.com.ar\/#\/schema\/logo\/image\/\",\"url\":\"https:\/\/infoecos.com.ar\/wp-content\/uploads\/2024\/03\/cropped-logo.png\",\"contentUrl\":\"https:\/\/infoecos.com.ar\/wp-content\/uploads\/2024\/03\/cropped-logo.png\",\"width\":374,\"height\":90,\"caption\":\"Infoecos\"},\"image\":{\"@id\":\"https:\/\/infoecos.com.ar\/#\/schema\/logo\/image\/\"},\"sameAs\":[\"https:\/\/www.facebook.com\/profile.php?id=100063200290284\",\"https:\/\/x.com\/infoecos\"]},{\"@type\":\"Person\",\"@id\":\"https:\/\/infoecos.com.ar\/#\/schema\/person\/8f5ace5ce73b4b4aac4b7245aee6f191\",\"name\":\"Jorge Matheus\",\"url\":\"https:\/\/infoecos.com.ar\/index.php\/author\/jomatheus\/\"}]}<\/script>\n<!-- \/ Yoast SEO plugin. -->","yoast_head_json":{"title":"El clima en Monte Hermoso hasta el domingo pr\u00f3ximo - Infoecos","robots":{"index":"index","follow":"follow","max-snippet":"max-snippet:-1","max-image-preview":"max-image-preview:large","max-video-preview":"max-video-preview:-1"},"canonical":"https:\/\/infoecos.com.ar\/index.php\/el-clima-en-monte-hermoso-hasta-el-domingo-proximo\/","og_locale":"es_ES","og_type":"article","og_title":"El clima en Monte Hermoso hasta el domingo pr\u00f3ximo - Infoecos","og_description":"Para\u00a0s\u00e1bado\u00a0y\u00a0domingo\u00a0prev\u00e9n cielos despejados y temperaturas entre 32 grados de m\u00e1xima y 21 de m\u00ednima","og_url":"https:\/\/infoecos.com.ar\/index.php\/el-clima-en-monte-hermoso-hasta-el-domingo-proximo\/","og_site_name":"Infoecos","article_publisher":"https:\/\/www.facebook.com\/profile.php?id=100063200290284","article_published_time":"2024-01-03T11:54:41+00:00","article_modified_time":"2024-01-03T11:58:58+00:00","og_image":[{"width":750,"height":375,"url":"https:\/\/infoecos.com.ar\/wp-content\/uploads\/2024\/01\/image-10.png","type":"image\/png"}],"author":"Jorge Matheus","twitter_card":"summary_large_image","twitter_creator":"@infoecos","twitter_site":"@infoecos","twitter_misc":{"Escrito por":"Jorge Matheus","Tiempo de lectura":"1 minuto"},"schema":{"@context":"https:\/\/schema.org","@graph":[{"@type":"Article","@id":"https:\/\/infoecos.com.ar\/index.php\/el-clima-en-monte-hermoso-hasta-el-domingo-proximo\/#article","isPartOf":{"@id":"https:\/\/infoecos.com.ar\/index.php\/el-clima-en-monte-hermoso-hasta-el-domingo-proximo\/"},"author":{"name":"Jorge Matheus","@id":"https:\/\/infoecos.com.ar\/#\/schema\/person\/8f5ace5ce73b4b4aac4b7245aee6f191"},"headline":"El clima en Monte Hermoso hasta el domingo pr\u00f3ximo","datePublished":"2024-01-03T11:54:41+00:00","dateModified":"2024-01-03T11:58:58+00:00","mainEntityOfPage":{"@id":"https:\/\/infoecos.com.ar\/index.php\/el-clima-en-monte-hermoso-hasta-el-domingo-proximo\/"},"wordCount":138,"publisher":{"@id":"https:\/\/infoecos.com.ar\/#organization"},"image":{"@id":"https:\/\/infoecos.com.ar\/index.php\/el-clima-en-monte-hermoso-hasta-el-domingo-proximo\/#primaryimage"},"thumbnailUrl":"https:\/\/infoecos.com.ar\/wp-content\/uploads\/2024\/01\/image-10.png","keywords":["INFORMACI\u00d3N TUR\u00cdSTICA"],"articleSection":["Noticia Secundaria"],"inLanguage":"es"},{"@type":"WebPage","@id":"https:\/\/infoecos.com.ar\/index.php\/el-clima-en-monte-hermoso-hasta-el-domingo-proximo\/","url":"https:\/\/infoecos.com.ar\/index.php\/el-clima-en-monte-hermoso-hasta-el-domingo-proximo\/","name":"El clima en Monte Hermoso hasta el domingo pr\u00f3ximo - Infoecos","isPartOf":{"@id":"https:\/\/infoecos.com.ar\/#website"},"primaryImageOfPage":{"@id":"https:\/\/infoecos.com.ar\/index.php\/el-clima-en-monte-hermoso-hasta-el-domingo-proximo\/#primaryimage"},"image":{"@id":"https:\/\/infoecos.com.ar\/index.php\/el-clima-en-monte-hermoso-hasta-el-domingo-proximo\/#primaryimage"},"thumbnailUrl":"https:\/\/infoecos.com.ar\/wp-content\/uploads\/2024\/01\/image-10.png","datePublished":"2024-01-03T11:54:41+00:00","dateModified":"2024-01-03T11:58:58+00:00","breadcrumb":{"@id":"https:\/\/infoecos.com.ar\/index.php\/el-clima-en-monte-hermoso-hasta-el-domingo-proximo\/#breadcrumb"},"inLanguage":"es","potentialAction":[{"@type":"ReadAction","target":["https:\/\/infoecos.com.ar\/index.php\/el-clima-en-monte-hermoso-hasta-el-domingo-proximo\/"]}]},{"@type":"ImageObject","inLanguage":"es","@id":"https:\/\/infoecos.com.ar\/index.php\/el-clima-en-monte-hermoso-hasta-el-domingo-proximo\/#primaryimage","url":"https:\/\/infoecos.com.ar\/wp-content\/uploads\/2024\/01\/image-10.png","contentUrl":"https:\/\/infoecos.com.ar\/wp-content\/uploads\/2024\/01\/image-10.png","width":750,"height":375},{"@type":"BreadcrumbList","@id":"https:\/\/infoecos.com.ar\/index.php\/el-clima-en-monte-hermoso-hasta-el-domingo-proximo\/#breadcrumb","itemListElement":[{"@type":"ListItem","position":1,"name":"Portada","item":"https:\/\/infoecos.com.ar\/"},{"@type":"ListItem","position":2,"name":"El clima en Monte Hermoso hasta el domingo pr\u00f3ximo"}]},{"@type":"WebSite","@id":"https:\/\/infoecos.com.ar\/#website","url":"https:\/\/infoecos.com.ar\/","name":"Infoecos","description":"Noticias de trenque lauquen y la zona","publisher":{"@id":"https:\/\/infoecos.com.ar\/#organization"},"alternateName":"Noticias","potentialAction":[{"@type":"SearchAction","target":{"@type":"EntryPoint","urlTemplate":"https:\/\/infoecos.com.ar\/?s={search_term_string}"},"query-input":{"@type":"PropertyValueSpecification","valueRequired":true,"valueName":"search_term_string"}}],"inLanguage":"es"},{"@type":"Organization","@id":"https:\/\/infoecos.com.ar\/#organization","name":"Infoecos","alternateName":"Noticias","url":"https:\/\/infoecos.com.ar\/","logo":{"@type":"ImageObject","inLanguage":"es","@id":"https:\/\/infoecos.com.ar\/#\/schema\/logo\/image\/","url":"https:\/\/infoecos.com.ar\/wp-content\/uploads\/2024\/03\/cropped-logo.png","contentUrl":"https:\/\/infoecos.com.ar\/wp-content\/uploads\/2024\/03\/cropped-logo.png","width":374,"height":90,"caption":"Infoecos"},"image":{"@id":"https:\/\/infoecos.com.ar\/#\/schema\/logo\/image\/"},"sameAs":["https:\/\/www.facebook.com\/profile.php?id=100063200290284","https:\/\/x.com\/infoecos"]},{"@type":"Person","@id":"https:\/\/infoecos.com.ar\/#\/schema\/person\/8f5ace5ce73b4b4aac4b7245aee6f191","name":"Jorge Matheus","url":"https:\/\/infoecos.com.ar\/index.php\/author\/jomatheus\/"}]}},"featured_image_urls":{"full":["https:\/\/infoecos.com.ar\/wp-content\/uploads\/2024\/01\/image-10.png",750,375,false],"thumbnail":["https:\/\/infoecos.com.ar\/wp-content\/uploads\/2024\/01\/image-10-300x150.png",300,150,true],"medium":["https:\/\/infoecos.com.ar\/wp-content\/uploads\/2024\/01\/image-10.png",750,375,false],"medium_large":["https:\/\/infoecos.com.ar\/wp-content\/uploads\/2024\/01\/image-10.png",640,320,false],"large":["https:\/\/infoecos.com.ar\/wp-content\/uploads\/2024\/01\/image-10.png",640,320,false],"1536x1536":["https:\/\/infoecos.com.ar\/wp-content\/uploads\/2024\/01\/image-10.png",750,375,false],"2048x2048":["https:\/\/infoecos.com.ar\/wp-content\/uploads\/2024\/01\/image-10.png",750,375,false],"covernews-slider-full":["https:\/\/infoecos.com.ar\/wp-content\/uploads\/2024\/01\/image-10.png",750,375,false],"covernews-slider-center":["https:\/\/infoecos.com.ar\/wp-content\/uploads\/2024\/01\/image-10.png",750,375,false],"covernews-featured":["https:\/\/infoecos.com.ar\/wp-content\/uploads\/2024\/01\/image-10.png",750,375,false],"covernews-medium":["https:\/\/infoecos.com.ar\/wp-content\/uploads\/2024\/01\/image-10-720x375.png",540,281,true],"covernews-medium-square":["https:\/\/infoecos.com.ar\/wp-content\/uploads\/2024\/01\/image-10-675x375.png",400,222,true]},"author_info":{"info":["Jorge Matheus"]},"category_info":"<a href=\"https:\/\/infoecos.com.ar\/index.php\/category\/noticia-secundaria\/\" rel=\"category tag\">Noticia Secundaria<\/a>","tag_info":"Noticia Secundaria","comment_count":"0","_links":{"self":[{"href":"https:\/\/infoecos.com.ar\/index.php\/wp-json\/wp\/v2\/posts\/117039"}],"collection":[{"href":"https:\/\/infoecos.com.ar\/index.php\/wp-json\/wp\/v2\/posts"}],"about":[{"href":"https:\/\/infoecos.com.ar\/index.php\/wp-json\/wp\/v2\/types\/post"}],"author":[{"embeddable":true,"href":"https:\/\/infoecos.com.ar\/index.php\/wp-json\/wp\/v2\/users\/2"}],"replies":[{"embeddable":true,"href":"https:\/\/infoecos.com.ar\/index.php\/wp-json\/wp\/v2\/comments?post=117039"}],"version-history":[{"count":2,"href":"https:\/\/infoecos.com.ar\/index.php\/wp-json\/wp\/v2\/posts\/117039\/revisions"}],"predecessor-version":[{"id":117042,"href":"https:\/\/infoecos.com.ar\/index.php\/wp-json\/wp\/v2\/posts\/117039\/revisions\/117042"}],"wp:featuredmedia":[{"embeddable":true,"href":"https:\/\/infoecos.com.ar\/index.php\/wp-json\/wp\/v2\/media\/117040"}],"wp:attachment":[{"href":"https:\/\/infoecos.com.ar\/index.php\/wp-json\/wp\/v2\/media?parent=117039"}],"wp:term":[{"taxonomy":"category","embeddable":true,"href":"https:\/\/infoecos.com.ar\/index.php\/wp-json\/wp\/v2\/categories?post=117039"},{"taxonomy":"post_tag","embeddable":true,"href":"https:\/\/infoecos.com.ar\/index.php\/wp-json\/wp\/v2\/tags?post=117039"}],"curies":[{"name":"wp","href":"https:\/\/api.w.org\/{rel}","templated":true}]}}