{"id":117053,"date":"2024-01-04T08:51:29","date_gmt":"2024-01-04T11:51:29","guid":{"rendered":"https:\/\/infoecos.com.ar\/?p=117053"},"modified":"2024-01-04T08:51:29","modified_gmt":"2024-01-04T11:51:29","slug":"alerta-naranja-y-amarilla-para-localidades-del-sudoeste-incluida-bahia-blanca","status":"publish","type":"post","link":"https:\/\/infoecos.com.ar\/index.php\/alerta-naranja-y-amarilla-para-localidades-del-sudoeste-incluida-bahia-blanca\/","title":{"rendered":"Alerta naranja y amarilla para localidades del sudoeste, inclu\u00edda Bah\u00eda Blanca"},"content":{"rendered":"\n<figure class=\"wp-block-image alignright size-full is-resized\"><img loading=\"lazy\" decoding=\"async\" src=\"https:\/\/infoecos.com.ar\/wp-content\/uploads\/2024\/01\/image-13.png\" alt=\"\" class=\"wp-image-117054\" width=\"425\" height=\"239\"\/><\/figure>\n\n\n\n<p>Alerta naranja por tormenta\u00a0para la tarde-noche de este jueves en la regi\u00f3n sudoeste, inclusive Bah\u00eda Blanca, y una amarilla para la madrugada del viernes.<\/p>\n\n\n\n<p>Rigen para Coronel Dorrego, Coronel Rosales, Villarino, Monte Hermoso, Patagones, Puan y para la zona baja de Coronel Pringles, Coronel Su\u00e1rez, Saavedra y Tornquist y se emitieron este mi\u00e9rcoles.<\/p>\n\n\n\n<p>\u00abEl \u00e1rea ser\u00e1 afectada por tormentas, algunas localmente fuertes o severas. Las mismas estar\u00e1n acompa\u00f1adas por abundante ca\u00edda de agua en cortos per\u00edodos, fuerte actividad el\u00e9ctrica, r\u00e1fagas que podr\u00edan superar los 90 km\/h de manera localizada y ca\u00edda de granizo\u00bb, dice el SMN en cuanto al alerta naranja.<\/p>\n\n\n\n<p>Sobre la alerta amarilla indica que \u00abel \u00e1rea ser\u00e1 afectada por tormentas, algunas localmente fuertes. Las mismas estar\u00e1n acompa\u00f1adas por r\u00e1fagas intensas, fuerte actividad el\u00e9ctrica, ocasional ca\u00edda de granizo y abundante ca\u00edda de agua en cortos per\u00edodos\u00bb.<\/p>\n\n\n\n<p>\u00abSe estiman valores de precipitaci\u00f3n acumulada entre 15 y 40 mm, pudiendo ser superados en forma puntual\u00bb, a\u00f1ade.<\/p>\n\n\n\n<p><\/p>\n","protected":false},"excerpt":{"rendered":"<p>Rigen para Coronel Dorrego, Coronel Rosales, Villarino, Monte Hermoso, Patagones, Puan y para la zona baja de Coronel Pringles, Coronel Su\u00e1rez, Saavedra y Tornquist <\/p>\n","protected":false},"author":2,"featured_media":117054,"comment_status":"closed","ping_status":"open","sticky":false,"template":"","format":"standard","meta":{"footnotes":""},"categories":[1613],"tags":[316],"class_list":["post-117053","post","type-post","status-publish","format-standard","has-post-thumbnail","hentry","category-noticia-secundaria","tag-clima"],"yoast_head":"<!-- This site is optimized with the Yoast SEO plugin v23.4 - https:\/\/yoast.com\/wordpress\/plugins\/seo\/ -->\n<title>Alerta naranja y amarilla para localidades del sudoeste, inclu\u00edda Bah\u00eda Blanca - Infoecos<\/title>\n<meta name=\"robots\" content=\"index, follow, max-snippet:-1, max-image-preview:large, max-video-preview:-1\" \/>\n<link rel=\"canonical\" href=\"https:\/\/infoecos.com.ar\/index.php\/alerta-naranja-y-amarilla-para-localidades-del-sudoeste-incluida-bahia-blanca\/\" \/>\n<meta property=\"og:locale\" content=\"es_ES\" \/>\n<meta property=\"og:type\" content=\"article\" \/>\n<meta property=\"og:title\" content=\"Alerta naranja y amarilla para localidades del sudoeste, inclu\u00edda Bah\u00eda Blanca - Infoecos\" \/>\n<meta property=\"og:description\" content=\"Rigen para Coronel Dorrego, Coronel Rosales, Villarino, Monte Hermoso, Patagones, Puan y para la zona baja de Coronel Pringles, Coronel Su\u00e1rez, Saavedra y Tornquist\" \/>\n<meta property=\"og:url\" content=\"https:\/\/infoecos.com.ar\/index.php\/alerta-naranja-y-amarilla-para-localidades-del-sudoeste-incluida-bahia-blanca\/\" \/>\n<meta property=\"og:site_name\" content=\"Infoecos\" \/>\n<meta property=\"article:publisher\" content=\"https:\/\/www.facebook.com\/profile.php?id=100063200290284\" \/>\n<meta property=\"article:published_time\" content=\"2024-01-04T11:51:29+00:00\" \/>\n<meta property=\"og:image\" content=\"https:\/\/infoecos.com.ar\/wp-content\/uploads\/2024\/01\/image-13.png\" \/>\n\t<meta property=\"og:image:width\" content=\"472\" \/>\n\t<meta property=\"og:image:height\" content=\"265\" \/>\n\t<meta property=\"og:image:type\" content=\"image\/png\" \/>\n<meta name=\"author\" content=\"Jorge Matheus\" \/>\n<meta name=\"twitter:card\" content=\"summary_large_image\" \/>\n<meta name=\"twitter:creator\" content=\"@infoecos\" \/>\n<meta name=\"twitter:site\" content=\"@infoecos\" \/>\n<meta name=\"twitter:label1\" content=\"Escrito por\" \/>\n\t<meta name=\"twitter:data1\" content=\"Jorge Matheus\" \/>\n\t<meta name=\"twitter:label2\" content=\"Tiempo de lectura\" \/>\n\t<meta name=\"twitter:data2\" content=\"1 minuto\" \/>\n<script type=\"application\/ld+json\" class=\"yoast-schema-graph\">{\"@context\":\"https:\/\/schema.org\",\"@graph\":[{\"@type\":\"Article\",\"@id\":\"https:\/\/infoecos.com.ar\/index.php\/alerta-naranja-y-amarilla-para-localidades-del-sudoeste-incluida-bahia-blanca\/#article\",\"isPartOf\":{\"@id\":\"https:\/\/infoecos.com.ar\/index.php\/alerta-naranja-y-amarilla-para-localidades-del-sudoeste-incluida-bahia-blanca\/\"},\"author\":{\"name\":\"Jorge Matheus\",\"@id\":\"https:\/\/infoecos.com.ar\/#\/schema\/person\/8f5ace5ce73b4b4aac4b7245aee6f191\"},\"headline\":\"Alerta naranja y amarilla para localidades del sudoeste, inclu\u00edda Bah\u00eda Blanca\",\"datePublished\":\"2024-01-04T11:51:29+00:00\",\"dateModified\":\"2024-01-04T11:51:29+00:00\",\"mainEntityOfPage\":{\"@id\":\"https:\/\/infoecos.com.ar\/index.php\/alerta-naranja-y-amarilla-para-localidades-del-sudoeste-incluida-bahia-blanca\/\"},\"wordCount\":189,\"publisher\":{\"@id\":\"https:\/\/infoecos.com.ar\/#organization\"},\"image\":{\"@id\":\"https:\/\/infoecos.com.ar\/index.php\/alerta-naranja-y-amarilla-para-localidades-del-sudoeste-incluida-bahia-blanca\/#primaryimage\"},\"thumbnailUrl\":\"https:\/\/infoecos.com.ar\/wp-content\/uploads\/2024\/01\/image-13.png\",\"keywords\":[\"CLIMA\"],\"articleSection\":[\"Noticia Secundaria\"],\"inLanguage\":\"es\"},{\"@type\":\"WebPage\",\"@id\":\"https:\/\/infoecos.com.ar\/index.php\/alerta-naranja-y-amarilla-para-localidades-del-sudoeste-incluida-bahia-blanca\/\",\"url\":\"https:\/\/infoecos.com.ar\/index.php\/alerta-naranja-y-amarilla-para-localidades-del-sudoeste-incluida-bahia-blanca\/\",\"name\":\"Alerta naranja y amarilla para localidades del sudoeste, inclu\u00edda Bah\u00eda Blanca - Infoecos\",\"isPartOf\":{\"@id\":\"https:\/\/infoecos.com.ar\/#website\"},\"primaryImageOfPage\":{\"@id\":\"https:\/\/infoecos.com.ar\/index.php\/alerta-naranja-y-amarilla-para-localidades-del-sudoeste-incluida-bahia-blanca\/#primaryimage\"},\"image\":{\"@id\":\"https:\/\/infoecos.com.ar\/index.php\/alerta-naranja-y-amarilla-para-localidades-del-sudoeste-incluida-bahia-blanca\/#primaryimage\"},\"thumbnailUrl\":\"https:\/\/infoecos.com.ar\/wp-content\/uploads\/2024\/01\/image-13.png\",\"datePublished\":\"2024-01-04T11:51:29+00:00\",\"dateModified\":\"2024-01-04T11:51:29+00:00\",\"breadcrumb\":{\"@id\":\"https:\/\/infoecos.com.ar\/index.php\/alerta-naranja-y-amarilla-para-localidades-del-sudoeste-incluida-bahia-blanca\/#breadcrumb\"},\"inLanguage\":\"es\",\"potentialAction\":[{\"@type\":\"ReadAction\",\"target\":[\"https:\/\/infoecos.com.ar\/index.php\/alerta-naranja-y-amarilla-para-localidades-del-sudoeste-incluida-bahia-blanca\/\"]}]},{\"@type\":\"ImageObject\",\"inLanguage\":\"es\",\"@id\":\"https:\/\/infoecos.com.ar\/index.php\/alerta-naranja-y-amarilla-para-localidades-del-sudoeste-incluida-bahia-blanca\/#primaryimage\",\"url\":\"https:\/\/infoecos.com.ar\/wp-content\/uploads\/2024\/01\/image-13.png\",\"contentUrl\":\"https:\/\/infoecos.com.ar\/wp-content\/uploads\/2024\/01\/image-13.png\",\"width\":472,\"height\":265},{\"@type\":\"BreadcrumbList\",\"@id\":\"https:\/\/infoecos.com.ar\/index.php\/alerta-naranja-y-amarilla-para-localidades-del-sudoeste-incluida-bahia-blanca\/#breadcrumb\",\"itemListElement\":[{\"@type\":\"ListItem\",\"position\":1,\"name\":\"Portada\",\"item\":\"https:\/\/infoecos.com.ar\/\"},{\"@type\":\"ListItem\",\"position\":2,\"name\":\"Alerta naranja y amarilla para localidades del sudoeste, inclu\u00edda Bah\u00eda Blanca\"}]},{\"@type\":\"WebSite\",\"@id\":\"https:\/\/infoecos.com.ar\/#website\",\"url\":\"https:\/\/infoecos.com.ar\/\",\"name\":\"Infoecos\",\"description\":\"Noticias de trenque lauquen y la zona\",\"publisher\":{\"@id\":\"https:\/\/infoecos.com.ar\/#organization\"},\"alternateName\":\"Noticias\",\"potentialAction\":[{\"@type\":\"SearchAction\",\"target\":{\"@type\":\"EntryPoint\",\"urlTemplate\":\"https:\/\/infoecos.com.ar\/?s={search_term_string}\"},\"query-input\":{\"@type\":\"PropertyValueSpecification\",\"valueRequired\":true,\"valueName\":\"search_term_string\"}}],\"inLanguage\":\"es\"},{\"@type\":\"Organization\",\"@id\":\"https:\/\/infoecos.com.ar\/#organization\",\"name\":\"Infoecos\",\"alternateName\":\"Noticias\",\"url\":\"https:\/\/infoecos.com.ar\/\",\"logo\":{\"@type\":\"ImageObject\",\"inLanguage\":\"es\",\"@id\":\"https:\/\/infoecos.com.ar\/#\/schema\/logo\/image\/\",\"url\":\"https:\/\/infoecos.com.ar\/wp-content\/uploads\/2024\/03\/cropped-logo.png\",\"contentUrl\":\"https:\/\/infoecos.com.ar\/wp-content\/uploads\/2024\/03\/cropped-logo.png\",\"width\":374,\"height\":90,\"caption\":\"Infoecos\"},\"image\":{\"@id\":\"https:\/\/infoecos.com.ar\/#\/schema\/logo\/image\/\"},\"sameAs\":[\"https:\/\/www.facebook.com\/profile.php?id=100063200290284\",\"https:\/\/x.com\/infoecos\"]},{\"@type\":\"Person\",\"@id\":\"https:\/\/infoecos.com.ar\/#\/schema\/person\/8f5ace5ce73b4b4aac4b7245aee6f191\",\"name\":\"Jorge Matheus\",\"url\":\"https:\/\/infoecos.com.ar\/index.php\/author\/jomatheus\/\"}]}<\/script>\n<!-- \/ Yoast SEO plugin. -->","yoast_head_json":{"title":"Alerta naranja y amarilla para localidades del sudoeste, inclu\u00edda Bah\u00eda Blanca - Infoecos","robots":{"index":"index","follow":"follow","max-snippet":"max-snippet:-1","max-image-preview":"max-image-preview:large","max-video-preview":"max-video-preview:-1"},"canonical":"https:\/\/infoecos.com.ar\/index.php\/alerta-naranja-y-amarilla-para-localidades-del-sudoeste-incluida-bahia-blanca\/","og_locale":"es_ES","og_type":"article","og_title":"Alerta naranja y amarilla para localidades del sudoeste, inclu\u00edda Bah\u00eda Blanca - Infoecos","og_description":"Rigen para Coronel Dorrego, Coronel Rosales, Villarino, Monte Hermoso, Patagones, Puan y para la zona baja de Coronel Pringles, Coronel Su\u00e1rez, Saavedra y Tornquist","og_url":"https:\/\/infoecos.com.ar\/index.php\/alerta-naranja-y-amarilla-para-localidades-del-sudoeste-incluida-bahia-blanca\/","og_site_name":"Infoecos","article_publisher":"https:\/\/www.facebook.com\/profile.php?id=100063200290284","article_published_time":"2024-01-04T11:51:29+00:00","og_image":[{"width":472,"height":265,"url":"https:\/\/infoecos.com.ar\/wp-content\/uploads\/2024\/01\/image-13.png","type":"image\/png"}],"author":"Jorge Matheus","twitter_card":"summary_large_image","twitter_creator":"@infoecos","twitter_site":"@infoecos","twitter_misc":{"Escrito por":"Jorge Matheus","Tiempo de lectura":"1 minuto"},"schema":{"@context":"https:\/\/schema.org","@graph":[{"@type":"Article","@id":"https:\/\/infoecos.com.ar\/index.php\/alerta-naranja-y-amarilla-para-localidades-del-sudoeste-incluida-bahia-blanca\/#article","isPartOf":{"@id":"https:\/\/infoecos.com.ar\/index.php\/alerta-naranja-y-amarilla-para-localidades-del-sudoeste-incluida-bahia-blanca\/"},"author":{"name":"Jorge Matheus","@id":"https:\/\/infoecos.com.ar\/#\/schema\/person\/8f5ace5ce73b4b4aac4b7245aee6f191"},"headline":"Alerta naranja y amarilla para localidades del sudoeste, inclu\u00edda Bah\u00eda Blanca","datePublished":"2024-01-04T11:51:29+00:00","dateModified":"2024-01-04T11:51:29+00:00","mainEntityOfPage":{"@id":"https:\/\/infoecos.com.ar\/index.php\/alerta-naranja-y-amarilla-para-localidades-del-sudoeste-incluida-bahia-blanca\/"},"wordCount":189,"publisher":{"@id":"https:\/\/infoecos.com.ar\/#organization"},"image":{"@id":"https:\/\/infoecos.com.ar\/index.php\/alerta-naranja-y-amarilla-para-localidades-del-sudoeste-incluida-bahia-blanca\/#primaryimage"},"thumbnailUrl":"https:\/\/infoecos.com.ar\/wp-content\/uploads\/2024\/01\/image-13.png","keywords":["CLIMA"],"articleSection":["Noticia Secundaria"],"inLanguage":"es"},{"@type":"WebPage","@id":"https:\/\/infoecos.com.ar\/index.php\/alerta-naranja-y-amarilla-para-localidades-del-sudoeste-incluida-bahia-blanca\/","url":"https:\/\/infoecos.com.ar\/index.php\/alerta-naranja-y-amarilla-para-localidades-del-sudoeste-incluida-bahia-blanca\/","name":"Alerta naranja y amarilla para localidades del sudoeste, inclu\u00edda Bah\u00eda Blanca - Infoecos","isPartOf":{"@id":"https:\/\/infoecos.com.ar\/#website"},"primaryImageOfPage":{"@id":"https:\/\/infoecos.com.ar\/index.php\/alerta-naranja-y-amarilla-para-localidades-del-sudoeste-incluida-bahia-blanca\/#primaryimage"},"image":{"@id":"https:\/\/infoecos.com.ar\/index.php\/alerta-naranja-y-amarilla-para-localidades-del-sudoeste-incluida-bahia-blanca\/#primaryimage"},"thumbnailUrl":"https:\/\/infoecos.com.ar\/wp-content\/uploads\/2024\/01\/image-13.png","datePublished":"2024-01-04T11:51:29+00:00","dateModified":"2024-01-04T11:51:29+00:00","breadcrumb":{"@id":"https:\/\/infoecos.com.ar\/index.php\/alerta-naranja-y-amarilla-para-localidades-del-sudoeste-incluida-bahia-blanca\/#breadcrumb"},"inLanguage":"es","potentialAction":[{"@type":"ReadAction","target":["https:\/\/infoecos.com.ar\/index.php\/alerta-naranja-y-amarilla-para-localidades-del-sudoeste-incluida-bahia-blanca\/"]}]},{"@type":"ImageObject","inLanguage":"es","@id":"https:\/\/infoecos.com.ar\/index.php\/alerta-naranja-y-amarilla-para-localidades-del-sudoeste-incluida-bahia-blanca\/#primaryimage","url":"https:\/\/infoecos.com.ar\/wp-content\/uploads\/2024\/01\/image-13.png","contentUrl":"https:\/\/infoecos.com.ar\/wp-content\/uploads\/2024\/01\/image-13.png","width":472,"height":265},{"@type":"BreadcrumbList","@id":"https:\/\/infoecos.com.ar\/index.php\/alerta-naranja-y-amarilla-para-localidades-del-sudoeste-incluida-bahia-blanca\/#breadcrumb","itemListElement":[{"@type":"ListItem","position":1,"name":"Portada","item":"https:\/\/infoecos.com.ar\/"},{"@type":"ListItem","position":2,"name":"Alerta naranja y amarilla para localidades del sudoeste, inclu\u00edda Bah\u00eda Blanca"}]},{"@type":"WebSite","@id":"https:\/\/infoecos.com.ar\/#website","url":"https:\/\/infoecos.com.ar\/","name":"Infoecos","description":"Noticias de trenque lauquen y la zona","publisher":{"@id":"https:\/\/infoecos.com.ar\/#organization"},"alternateName":"Noticias","potentialAction":[{"@type":"SearchAction","target":{"@type":"EntryPoint","urlTemplate":"https:\/\/infoecos.com.ar\/?s={search_term_string}"},"query-input":{"@type":"PropertyValueSpecification","valueRequired":true,"valueName":"search_term_string"}}],"inLanguage":"es"},{"@type":"Organization","@id":"https:\/\/infoecos.com.ar\/#organization","name":"Infoecos","alternateName":"Noticias","url":"https:\/\/infoecos.com.ar\/","logo":{"@type":"ImageObject","inLanguage":"es","@id":"https:\/\/infoecos.com.ar\/#\/schema\/logo\/image\/","url":"https:\/\/infoecos.com.ar\/wp-content\/uploads\/2024\/03\/cropped-logo.png","contentUrl":"https:\/\/infoecos.com.ar\/wp-content\/uploads\/2024\/03\/cropped-logo.png","width":374,"height":90,"caption":"Infoecos"},"image":{"@id":"https:\/\/infoecos.com.ar\/#\/schema\/logo\/image\/"},"sameAs":["https:\/\/www.facebook.com\/profile.php?id=100063200290284","https:\/\/x.com\/infoecos"]},{"@type":"Person","@id":"https:\/\/infoecos.com.ar\/#\/schema\/person\/8f5ace5ce73b4b4aac4b7245aee6f191","name":"Jorge Matheus","url":"https:\/\/infoecos.com.ar\/index.php\/author\/jomatheus\/"}]}},"featured_image_urls":{"full":["https:\/\/infoecos.com.ar\/wp-content\/uploads\/2024\/01\/image-13.png",472,265,false],"thumbnail":["https:\/\/infoecos.com.ar\/wp-content\/uploads\/2024\/01\/image-13-300x150.png",300,150,true],"medium":["https:\/\/infoecos.com.ar\/wp-content\/uploads\/2024\/01\/image-13.png",472,265,false],"medium_large":["https:\/\/infoecos.com.ar\/wp-content\/uploads\/2024\/01\/image-13.png",472,265,false],"large":["https:\/\/infoecos.com.ar\/wp-content\/uploads\/2024\/01\/image-13.png",472,265,false],"1536x1536":["https:\/\/infoecos.com.ar\/wp-content\/uploads\/2024\/01\/image-13.png",472,265,false],"2048x2048":["https:\/\/infoecos.com.ar\/wp-content\/uploads\/2024\/01\/image-13.png",472,265,false],"covernews-slider-full":["https:\/\/infoecos.com.ar\/wp-content\/uploads\/2024\/01\/image-13.png",472,265,false],"covernews-slider-center":["https:\/\/infoecos.com.ar\/wp-content\/uploads\/2024\/01\/image-13.png",472,265,false],"covernews-featured":["https:\/\/infoecos.com.ar\/wp-content\/uploads\/2024\/01\/image-13.png",472,265,false],"covernews-medium":["https:\/\/infoecos.com.ar\/wp-content\/uploads\/2024\/01\/image-13.png",472,265,false],"covernews-medium-square":["https:\/\/infoecos.com.ar\/wp-content\/uploads\/2024\/01\/image-13.png",400,225,false]},"author_info":{"info":["Jorge Matheus"]},"category_info":"<a href=\"https:\/\/infoecos.com.ar\/index.php\/category\/noticia-secundaria\/\" rel=\"category tag\">Noticia Secundaria<\/a>","tag_info":"Noticia Secundaria","comment_count":"0","_links":{"self":[{"href":"https:\/\/infoecos.com.ar\/index.php\/wp-json\/wp\/v2\/posts\/117053"}],"collection":[{"href":"https:\/\/infoecos.com.ar\/index.php\/wp-json\/wp\/v2\/posts"}],"about":[{"href":"https:\/\/infoecos.com.ar\/index.php\/wp-json\/wp\/v2\/types\/post"}],"author":[{"embeddable":true,"href":"https:\/\/infoecos.com.ar\/index.php\/wp-json\/wp\/v2\/users\/2"}],"replies":[{"embeddable":true,"href":"https:\/\/infoecos.com.ar\/index.php\/wp-json\/wp\/v2\/comments?post=117053"}],"version-history":[{"count":1,"href":"https:\/\/infoecos.com.ar\/index.php\/wp-json\/wp\/v2\/posts\/117053\/revisions"}],"predecessor-version":[{"id":117055,"href":"https:\/\/infoecos.com.ar\/index.php\/wp-json\/wp\/v2\/posts\/117053\/revisions\/117055"}],"wp:featuredmedia":[{"embeddable":true,"href":"https:\/\/infoecos.com.ar\/index.php\/wp-json\/wp\/v2\/media\/117054"}],"wp:attachment":[{"href":"https:\/\/infoecos.com.ar\/index.php\/wp-json\/wp\/v2\/media?parent=117053"}],"wp:term":[{"taxonomy":"category","embeddable":true,"href":"https:\/\/infoecos.com.ar\/index.php\/wp-json\/wp\/v2\/categories?post=117053"},{"taxonomy":"post_tag","embeddable":true,"href":"https:\/\/infoecos.com.ar\/index.php\/wp-json\/wp\/v2\/tags?post=117053"}],"curies":[{"name":"wp","href":"https:\/\/api.w.org\/{rel}","templated":true}]}}