{"id":117056,"date":"2024-01-04T09:21:46","date_gmt":"2024-01-04T12:21:46","guid":{"rendered":"https:\/\/infoecos.com.ar\/?p=117056"},"modified":"2024-01-06T11:11:01","modified_gmt":"2024-01-06T14:11:01","slug":"el-gobernador-de-la-pampa-anuncio-un-plan-de-contencion-social-frente-a-la-crisis-economica","status":"publish","type":"post","link":"https:\/\/infoecos.com.ar\/index.php\/el-gobernador-de-la-pampa-anuncio-un-plan-de-contencion-social-frente-a-la-crisis-economica\/","title":{"rendered":"El gobernador de La Pampa anunci\u00f3 un plan de contenci\u00f3n social frente a la crisis econ\u00f3mica"},"content":{"rendered":"\n<figure class=\"wp-block-image alignright size-full is-resized\"><img loading=\"lazy\" decoding=\"async\" src=\"https:\/\/infoecos.com.ar\/wp-content\/uploads\/2024\/01\/image-14.png\" alt=\"\" class=\"wp-image-117057\" width=\"476\" height=\"269\" srcset=\"https:\/\/infoecos.com.ar\/wp-content\/uploads\/2024\/01\/image-14.png 1121w, https:\/\/infoecos.com.ar\/wp-content\/uploads\/2024\/01\/image-14-800x452.png 800w, https:\/\/infoecos.com.ar\/wp-content\/uploads\/2024\/01\/image-14-768x434.png 768w, https:\/\/infoecos.com.ar\/wp-content\/uploads\/2024\/01\/image-14-1024x578.png 1024w\" sizes=\"(max-width: 476px) 100vw, 476px\" \/><\/figure>\n\n\n\n<p>El Ejecutivo de La Pampa convoc\u00f3 a ministros de distintas \u00e1reas y a jefes comunales de Santa Rosa, Toay y General Pico para conformar un plan de contenci\u00f3n dirigido a los sectores m\u00e1s castigados por la crisis socio econ\u00f3mica que se profundiza d\u00eda a d\u00eda en el pa\u00eds, se\u00f1ala el diario La Arena de la capital pampeana.<\/p>\n\n\n\n<p>Sergio Ziliotto, gobernador de la provincia de La Pampa, confirm\u00f3 dicho plan este mi\u00e9rcoles por la ma\u00f1ana en la Universidad Nacional de La Pampa. \u00abVamos a fortalecer los programas de verano (el Pro Vida que se inicia en estos d\u00edas), estamos viendo qu\u00e9 herramientas podemos poner a disposici\u00f3n dentro de nuestras posibilidades y, en ese sentido, dirigiremos recursos a salud, educaci\u00f3n, seguridad y alimentaci\u00f3n porque todo eso se va a resentir\u201d, dijo el mandatario pampeano al matutino mencionado.<\/p>\n\n\n\n<p>Zilliotto, agrego que \u201cdise\u00f1amos una inversi\u00f3n de 10 mil millones de pesos para alimentos y estamos viendo que lo vamos a tener que duplicar. Los indicadores positivos de crecimiento, actividad econ\u00f3mica, desocupaci\u00f3n, se van a resentir. Pod\u00edamos seguir creciendo o resistir y, claramente, tendremos que resistir. El sector empresario no est\u00e1 pensando en invertir, lo demostr\u00f3 un informe de la Unilpa con la Universidad: habr\u00e1 recesi\u00f3n, despidos\u201d.<\/p>\n\n\n\n<p>\u00abEl gobierno provincial se va a involucrar reforzando partidas, y si tenemos que abrir escuelas lo haremos y si tenemos que pedir infraestructura a los clubes, tambi\u00e9n. Vamos a reforzar la contenci\u00f3n en virtud de que la conflictividad social luego se traslada al delito. Duele decirlo de esta manera pero es as\u00ed, por eso la semana pr\u00f3xima avanzaremos con el resto de los intendentes y la idea es, para el 15 de enero, tener una mayor respuesta en cuanto a la contenci\u00f3n\u201d, explic\u00f3 el titular del Ejecutivo.<\/p>\n\n\n\n<p>Ziliotto admiti\u00f3 que se generar\u00e1 una mayor necesidad de asistir a los sectores vulnerables de la sociedad, por eso \u201chabr\u00e1 m\u00e1s atenci\u00f3n en los hospitales p\u00fablicos a ra\u00edz del encarecimiento de las prepagas, porque eso significa que mucha gente que tiene prepagas no podr\u00e1 seguir pagando las cuotas e ir\u00e1 a la salud p\u00fablica. Y habr\u00e1 mayor demanda de educaci\u00f3n p\u00fablica por la suba de los costos de los colegios privados. Y en ese marco incluso se deber\u00e1n incrementar los fondos en el \u00e1rea de seguridad por el aumento de la conflictividad social\u201d.<\/p>\n\n\n\n<p><strong>Ziliotto tuvo duras cr\u00edticas a la gesti\u00f3n de gobierno del presidente Javier Milei y asegur\u00f3 que con sus medidas econ\u00f3micas \u201cpone a la Argentina en venta\u201d.<\/strong><\/p>\n\n\n\n<p>\u201cLa verdad que cada d\u00eda sorprende el nivel de ajuste desplegado. Parten de un supuesto escenario de cat\u00e1strofe econ\u00f3mica y eso ameritar\u00eda la magnitud del ajuste, pero lo que pasa es que ese ajuste cay\u00f3 en un ciento por ciento en la clase media, en las pymes, en los trabajadores y en los sectores m\u00e1s desprotegidos. Y, por otra parte, hay un gran beneficio para el poder econ\u00f3mico, porque todo lleva a una mayor concentraci\u00f3n de este sector. Se transfieren recursos de los sectores de menores recursos al poder econ\u00f3mico concentrado\u201d, lament\u00f3 el gobernador.<\/p>\n\n\n\n<p>Ziliotto afirm\u00f3 que su postura es \u201cinflexible\u201d respecto al anuncio de Milei de retrotaer la medida de que los trabajadores no paguen el impuesto a las Ganancias y asever\u00f3 que \u201cno hay ninguna instancia de negociaci\u00f3n\u201d en ese sentido.<\/p>\n","protected":false},"excerpt":{"rendered":"<p>Sergio Ziliotto, gobernador de la provincia de La Pampa, confirm\u00f3 dicho plan este mi\u00e9rcoles por la ma\u00f1ana en la Universidad Nacional de La Pampa<\/p>\n","protected":false},"author":2,"featured_media":117057,"comment_status":"closed","ping_status":"open","sticky":false,"template":"","format":"standard","meta":{"footnotes":""},"categories":[1323],"tags":[9815],"class_list":["post-117056","post","type-post","status-publish","format-standard","has-post-thumbnail","hentry","category-c2nota5","tag-con-duras-criticas-a-milei"],"yoast_head":"<!-- This site is optimized with the Yoast SEO plugin v23.4 - https:\/\/yoast.com\/wordpress\/plugins\/seo\/ -->\n<title>El gobernador de La Pampa anunci\u00f3 un plan de contenci\u00f3n social frente a la crisis econ\u00f3mica - Infoecos<\/title>\n<meta name=\"robots\" content=\"index, follow, max-snippet:-1, max-image-preview:large, max-video-preview:-1\" \/>\n<link rel=\"canonical\" href=\"https:\/\/infoecos.com.ar\/index.php\/el-gobernador-de-la-pampa-anuncio-un-plan-de-contencion-social-frente-a-la-crisis-economica\/\" \/>\n<meta property=\"og:locale\" content=\"es_ES\" \/>\n<meta property=\"og:type\" content=\"article\" \/>\n<meta property=\"og:title\" content=\"El gobernador de La Pampa anunci\u00f3 un plan de contenci\u00f3n social frente a la crisis econ\u00f3mica - Infoecos\" \/>\n<meta property=\"og:description\" content=\"Sergio Ziliotto, gobernador de la provincia de La Pampa, confirm\u00f3 dicho plan este mi\u00e9rcoles por la ma\u00f1ana en la Universidad Nacional de La Pampa\" \/>\n<meta property=\"og:url\" content=\"https:\/\/infoecos.com.ar\/index.php\/el-gobernador-de-la-pampa-anuncio-un-plan-de-contencion-social-frente-a-la-crisis-economica\/\" \/>\n<meta property=\"og:site_name\" content=\"Infoecos\" \/>\n<meta property=\"article:publisher\" content=\"https:\/\/www.facebook.com\/profile.php?id=100063200290284\" \/>\n<meta property=\"article:published_time\" content=\"2024-01-04T12:21:46+00:00\" \/>\n<meta property=\"article:modified_time\" content=\"2024-01-06T14:11:01+00:00\" \/>\n<meta property=\"og:image\" content=\"https:\/\/infoecos.com.ar\/wp-content\/uploads\/2024\/01\/image-14.png\" \/>\n\t<meta property=\"og:image:width\" content=\"1121\" \/>\n\t<meta property=\"og:image:height\" content=\"633\" \/>\n\t<meta property=\"og:image:type\" content=\"image\/png\" \/>\n<meta name=\"author\" content=\"Jorge Matheus\" \/>\n<meta name=\"twitter:card\" content=\"summary_large_image\" \/>\n<meta name=\"twitter:creator\" content=\"@infoecos\" \/>\n<meta name=\"twitter:site\" content=\"@infoecos\" \/>\n<meta name=\"twitter:label1\" content=\"Escrito por\" \/>\n\t<meta name=\"twitter:data1\" content=\"Jorge Matheus\" \/>\n\t<meta name=\"twitter:label2\" content=\"Tiempo de lectura\" \/>\n\t<meta name=\"twitter:data2\" content=\"3 minutos\" \/>\n<script type=\"application\/ld+json\" class=\"yoast-schema-graph\">{\"@context\":\"https:\/\/schema.org\",\"@graph\":[{\"@type\":\"Article\",\"@id\":\"https:\/\/infoecos.com.ar\/index.php\/el-gobernador-de-la-pampa-anuncio-un-plan-de-contencion-social-frente-a-la-crisis-economica\/#article\",\"isPartOf\":{\"@id\":\"https:\/\/infoecos.com.ar\/index.php\/el-gobernador-de-la-pampa-anuncio-un-plan-de-contencion-social-frente-a-la-crisis-economica\/\"},\"author\":{\"name\":\"Jorge Matheus\",\"@id\":\"https:\/\/infoecos.com.ar\/#\/schema\/person\/8f5ace5ce73b4b4aac4b7245aee6f191\"},\"headline\":\"El gobernador de La Pampa anunci\u00f3 un plan de contenci\u00f3n social frente a la crisis econ\u00f3mica\",\"datePublished\":\"2024-01-04T12:21:46+00:00\",\"dateModified\":\"2024-01-06T14:11:01+00:00\",\"mainEntityOfPage\":{\"@id\":\"https:\/\/infoecos.com.ar\/index.php\/el-gobernador-de-la-pampa-anuncio-un-plan-de-contencion-social-frente-a-la-crisis-economica\/\"},\"wordCount\":600,\"publisher\":{\"@id\":\"https:\/\/infoecos.com.ar\/#organization\"},\"image\":{\"@id\":\"https:\/\/infoecos.com.ar\/index.php\/el-gobernador-de-la-pampa-anuncio-un-plan-de-contencion-social-frente-a-la-crisis-economica\/#primaryimage\"},\"thumbnailUrl\":\"https:\/\/infoecos.com.ar\/wp-content\/uploads\/2024\/01\/image-14.png\",\"keywords\":[\"con duras cr\u00edticas a milei\"],\"articleSection\":[\"C2 N5\"],\"inLanguage\":\"es\"},{\"@type\":\"WebPage\",\"@id\":\"https:\/\/infoecos.com.ar\/index.php\/el-gobernador-de-la-pampa-anuncio-un-plan-de-contencion-social-frente-a-la-crisis-economica\/\",\"url\":\"https:\/\/infoecos.com.ar\/index.php\/el-gobernador-de-la-pampa-anuncio-un-plan-de-contencion-social-frente-a-la-crisis-economica\/\",\"name\":\"El gobernador de La Pampa anunci\u00f3 un plan de contenci\u00f3n social frente a la crisis econ\u00f3mica - Infoecos\",\"isPartOf\":{\"@id\":\"https:\/\/infoecos.com.ar\/#website\"},\"primaryImageOfPage\":{\"@id\":\"https:\/\/infoecos.com.ar\/index.php\/el-gobernador-de-la-pampa-anuncio-un-plan-de-contencion-social-frente-a-la-crisis-economica\/#primaryimage\"},\"image\":{\"@id\":\"https:\/\/infoecos.com.ar\/index.php\/el-gobernador-de-la-pampa-anuncio-un-plan-de-contencion-social-frente-a-la-crisis-economica\/#primaryimage\"},\"thumbnailUrl\":\"https:\/\/infoecos.com.ar\/wp-content\/uploads\/2024\/01\/image-14.png\",\"datePublished\":\"2024-01-04T12:21:46+00:00\",\"dateModified\":\"2024-01-06T14:11:01+00:00\",\"breadcrumb\":{\"@id\":\"https:\/\/infoecos.com.ar\/index.php\/el-gobernador-de-la-pampa-anuncio-un-plan-de-contencion-social-frente-a-la-crisis-economica\/#breadcrumb\"},\"inLanguage\":\"es\",\"potentialAction\":[{\"@type\":\"ReadAction\",\"target\":[\"https:\/\/infoecos.com.ar\/index.php\/el-gobernador-de-la-pampa-anuncio-un-plan-de-contencion-social-frente-a-la-crisis-economica\/\"]}]},{\"@type\":\"ImageObject\",\"inLanguage\":\"es\",\"@id\":\"https:\/\/infoecos.com.ar\/index.php\/el-gobernador-de-la-pampa-anuncio-un-plan-de-contencion-social-frente-a-la-crisis-economica\/#primaryimage\",\"url\":\"https:\/\/infoecos.com.ar\/wp-content\/uploads\/2024\/01\/image-14.png\",\"contentUrl\":\"https:\/\/infoecos.com.ar\/wp-content\/uploads\/2024\/01\/image-14.png\",\"width\":1121,\"height\":633},{\"@type\":\"BreadcrumbList\",\"@id\":\"https:\/\/infoecos.com.ar\/index.php\/el-gobernador-de-la-pampa-anuncio-un-plan-de-contencion-social-frente-a-la-crisis-economica\/#breadcrumb\",\"itemListElement\":[{\"@type\":\"ListItem\",\"position\":1,\"name\":\"Portada\",\"item\":\"https:\/\/infoecos.com.ar\/\"},{\"@type\":\"ListItem\",\"position\":2,\"name\":\"El gobernador de La Pampa anunci\u00f3 un plan de contenci\u00f3n social frente a la crisis econ\u00f3mica\"}]},{\"@type\":\"WebSite\",\"@id\":\"https:\/\/infoecos.com.ar\/#website\",\"url\":\"https:\/\/infoecos.com.ar\/\",\"name\":\"Infoecos\",\"description\":\"Noticias de trenque lauquen y la zona\",\"publisher\":{\"@id\":\"https:\/\/infoecos.com.ar\/#organization\"},\"alternateName\":\"Noticias\",\"potentialAction\":[{\"@type\":\"SearchAction\",\"target\":{\"@type\":\"EntryPoint\",\"urlTemplate\":\"https:\/\/infoecos.com.ar\/?s={search_term_string}\"},\"query-input\":{\"@type\":\"PropertyValueSpecification\",\"valueRequired\":true,\"valueName\":\"search_term_string\"}}],\"inLanguage\":\"es\"},{\"@type\":\"Organization\",\"@id\":\"https:\/\/infoecos.com.ar\/#organization\",\"name\":\"Infoecos\",\"alternateName\":\"Noticias\",\"url\":\"https:\/\/infoecos.com.ar\/\",\"logo\":{\"@type\":\"ImageObject\",\"inLanguage\":\"es\",\"@id\":\"https:\/\/infoecos.com.ar\/#\/schema\/logo\/image\/\",\"url\":\"https:\/\/infoecos.com.ar\/wp-content\/uploads\/2024\/03\/cropped-logo.png\",\"contentUrl\":\"https:\/\/infoecos.com.ar\/wp-content\/uploads\/2024\/03\/cropped-logo.png\",\"width\":374,\"height\":90,\"caption\":\"Infoecos\"},\"image\":{\"@id\":\"https:\/\/infoecos.com.ar\/#\/schema\/logo\/image\/\"},\"sameAs\":[\"https:\/\/www.facebook.com\/profile.php?id=100063200290284\",\"https:\/\/x.com\/infoecos\"]},{\"@type\":\"Person\",\"@id\":\"https:\/\/infoecos.com.ar\/#\/schema\/person\/8f5ace5ce73b4b4aac4b7245aee6f191\",\"name\":\"Jorge Matheus\",\"url\":\"https:\/\/infoecos.com.ar\/index.php\/author\/jomatheus\/\"}]}<\/script>\n<!-- \/ Yoast SEO plugin. -->","yoast_head_json":{"title":"El gobernador de La Pampa anunci\u00f3 un plan de contenci\u00f3n social frente a la crisis econ\u00f3mica - Infoecos","robots":{"index":"index","follow":"follow","max-snippet":"max-snippet:-1","max-image-preview":"max-image-preview:large","max-video-preview":"max-video-preview:-1"},"canonical":"https:\/\/infoecos.com.ar\/index.php\/el-gobernador-de-la-pampa-anuncio-un-plan-de-contencion-social-frente-a-la-crisis-economica\/","og_locale":"es_ES","og_type":"article","og_title":"El gobernador de La Pampa anunci\u00f3 un plan de contenci\u00f3n social frente a la crisis econ\u00f3mica - Infoecos","og_description":"Sergio Ziliotto, gobernador de la provincia de La Pampa, confirm\u00f3 dicho plan este mi\u00e9rcoles por la ma\u00f1ana en la Universidad Nacional de La Pampa","og_url":"https:\/\/infoecos.com.ar\/index.php\/el-gobernador-de-la-pampa-anuncio-un-plan-de-contencion-social-frente-a-la-crisis-economica\/","og_site_name":"Infoecos","article_publisher":"https:\/\/www.facebook.com\/profile.php?id=100063200290284","article_published_time":"2024-01-04T12:21:46+00:00","article_modified_time":"2024-01-06T14:11:01+00:00","og_image":[{"width":1121,"height":633,"url":"https:\/\/infoecos.com.ar\/wp-content\/uploads\/2024\/01\/image-14.png","type":"image\/png"}],"author":"Jorge Matheus","twitter_card":"summary_large_image","twitter_creator":"@infoecos","twitter_site":"@infoecos","twitter_misc":{"Escrito por":"Jorge Matheus","Tiempo de lectura":"3 minutos"},"schema":{"@context":"https:\/\/schema.org","@graph":[{"@type":"Article","@id":"https:\/\/infoecos.com.ar\/index.php\/el-gobernador-de-la-pampa-anuncio-un-plan-de-contencion-social-frente-a-la-crisis-economica\/#article","isPartOf":{"@id":"https:\/\/infoecos.com.ar\/index.php\/el-gobernador-de-la-pampa-anuncio-un-plan-de-contencion-social-frente-a-la-crisis-economica\/"},"author":{"name":"Jorge Matheus","@id":"https:\/\/infoecos.com.ar\/#\/schema\/person\/8f5ace5ce73b4b4aac4b7245aee6f191"},"headline":"El gobernador de La Pampa anunci\u00f3 un plan de contenci\u00f3n social frente a la crisis econ\u00f3mica","datePublished":"2024-01-04T12:21:46+00:00","dateModified":"2024-01-06T14:11:01+00:00","mainEntityOfPage":{"@id":"https:\/\/infoecos.com.ar\/index.php\/el-gobernador-de-la-pampa-anuncio-un-plan-de-contencion-social-frente-a-la-crisis-economica\/"},"wordCount":600,"publisher":{"@id":"https:\/\/infoecos.com.ar\/#organization"},"image":{"@id":"https:\/\/infoecos.com.ar\/index.php\/el-gobernador-de-la-pampa-anuncio-un-plan-de-contencion-social-frente-a-la-crisis-economica\/#primaryimage"},"thumbnailUrl":"https:\/\/infoecos.com.ar\/wp-content\/uploads\/2024\/01\/image-14.png","keywords":["con duras cr\u00edticas a milei"],"articleSection":["C2 N5"],"inLanguage":"es"},{"@type":"WebPage","@id":"https:\/\/infoecos.com.ar\/index.php\/el-gobernador-de-la-pampa-anuncio-un-plan-de-contencion-social-frente-a-la-crisis-economica\/","url":"https:\/\/infoecos.com.ar\/index.php\/el-gobernador-de-la-pampa-anuncio-un-plan-de-contencion-social-frente-a-la-crisis-economica\/","name":"El gobernador de La Pampa anunci\u00f3 un plan de contenci\u00f3n social frente a la crisis econ\u00f3mica - Infoecos","isPartOf":{"@id":"https:\/\/infoecos.com.ar\/#website"},"primaryImageOfPage":{"@id":"https:\/\/infoecos.com.ar\/index.php\/el-gobernador-de-la-pampa-anuncio-un-plan-de-contencion-social-frente-a-la-crisis-economica\/#primaryimage"},"image":{"@id":"https:\/\/infoecos.com.ar\/index.php\/el-gobernador-de-la-pampa-anuncio-un-plan-de-contencion-social-frente-a-la-crisis-economica\/#primaryimage"},"thumbnailUrl":"https:\/\/infoecos.com.ar\/wp-content\/uploads\/2024\/01\/image-14.png","datePublished":"2024-01-04T12:21:46+00:00","dateModified":"2024-01-06T14:11:01+00:00","breadcrumb":{"@id":"https:\/\/infoecos.com.ar\/index.php\/el-gobernador-de-la-pampa-anuncio-un-plan-de-contencion-social-frente-a-la-crisis-economica\/#breadcrumb"},"inLanguage":"es","potentialAction":[{"@type":"ReadAction","target":["https:\/\/infoecos.com.ar\/index.php\/el-gobernador-de-la-pampa-anuncio-un-plan-de-contencion-social-frente-a-la-crisis-economica\/"]}]},{"@type":"ImageObject","inLanguage":"es","@id":"https:\/\/infoecos.com.ar\/index.php\/el-gobernador-de-la-pampa-anuncio-un-plan-de-contencion-social-frente-a-la-crisis-economica\/#primaryimage","url":"https:\/\/infoecos.com.ar\/wp-content\/uploads\/2024\/01\/image-14.png","contentUrl":"https:\/\/infoecos.com.ar\/wp-content\/uploads\/2024\/01\/image-14.png","width":1121,"height":633},{"@type":"BreadcrumbList","@id":"https:\/\/infoecos.com.ar\/index.php\/el-gobernador-de-la-pampa-anuncio-un-plan-de-contencion-social-frente-a-la-crisis-economica\/#breadcrumb","itemListElement":[{"@type":"ListItem","position":1,"name":"Portada","item":"https:\/\/infoecos.com.ar\/"},{"@type":"ListItem","position":2,"name":"El gobernador de La Pampa anunci\u00f3 un plan de contenci\u00f3n social frente a la crisis econ\u00f3mica"}]},{"@type":"WebSite","@id":"https:\/\/infoecos.com.ar\/#website","url":"https:\/\/infoecos.com.ar\/","name":"Infoecos","description":"Noticias de trenque lauquen y la zona","publisher":{"@id":"https:\/\/infoecos.com.ar\/#organization"},"alternateName":"Noticias","potentialAction":[{"@type":"SearchAction","target":{"@type":"EntryPoint","urlTemplate":"https:\/\/infoecos.com.ar\/?s={search_term_string}"},"query-input":{"@type":"PropertyValueSpecification","valueRequired":true,"valueName":"search_term_string"}}],"inLanguage":"es"},{"@type":"Organization","@id":"https:\/\/infoecos.com.ar\/#organization","name":"Infoecos","alternateName":"Noticias","url":"https:\/\/infoecos.com.ar\/","logo":{"@type":"ImageObject","inLanguage":"es","@id":"https:\/\/infoecos.com.ar\/#\/schema\/logo\/image\/","url":"https:\/\/infoecos.com.ar\/wp-content\/uploads\/2024\/03\/cropped-logo.png","contentUrl":"https:\/\/infoecos.com.ar\/wp-content\/uploads\/2024\/03\/cropped-logo.png","width":374,"height":90,"caption":"Infoecos"},"image":{"@id":"https:\/\/infoecos.com.ar\/#\/schema\/logo\/image\/"},"sameAs":["https:\/\/www.facebook.com\/profile.php?id=100063200290284","https:\/\/x.com\/infoecos"]},{"@type":"Person","@id":"https:\/\/infoecos.com.ar\/#\/schema\/person\/8f5ace5ce73b4b4aac4b7245aee6f191","name":"Jorge Matheus","url":"https:\/\/infoecos.com.ar\/index.php\/author\/jomatheus\/"}]}},"featured_image_urls":{"full":["https:\/\/infoecos.com.ar\/wp-content\/uploads\/2024\/01\/image-14.png",1121,633,false],"thumbnail":["https:\/\/infoecos.com.ar\/wp-content\/uploads\/2024\/01\/image-14-300x150.png",300,150,true],"medium":["https:\/\/infoecos.com.ar\/wp-content\/uploads\/2024\/01\/image-14-800x452.png",800,452,true],"medium_large":["https:\/\/infoecos.com.ar\/wp-content\/uploads\/2024\/01\/image-14-768x434.png",640,362,true],"large":["https:\/\/infoecos.com.ar\/wp-content\/uploads\/2024\/01\/image-14.png",640,361,false],"1536x1536":["https:\/\/infoecos.com.ar\/wp-content\/uploads\/2024\/01\/image-14.png",1121,633,false],"2048x2048":["https:\/\/infoecos.com.ar\/wp-content\/uploads\/2024\/01\/image-14.png",1121,633,false],"covernews-slider-full":["https:\/\/infoecos.com.ar\/wp-content\/uploads\/2024\/01\/image-14.png",1115,630,false],"covernews-slider-center":["https:\/\/infoecos.com.ar\/wp-content\/uploads\/2024\/01\/image-14-936x633.png",739,500,true],"covernews-featured":["https:\/\/infoecos.com.ar\/wp-content\/uploads\/2024\/01\/image-14-1024x578.png",1024,578,true],"covernews-medium":["https:\/\/infoecos.com.ar\/wp-content\/uploads\/2024\/01\/image-14-720x380.png",540,285,true],"covernews-medium-square":["https:\/\/infoecos.com.ar\/wp-content\/uploads\/2024\/01\/image-14-675x450.png",375,250,true]},"author_info":{"info":["Jorge Matheus"]},"category_info":"<a href=\"https:\/\/infoecos.com.ar\/index.php\/category\/c2nota5\/\" rel=\"category tag\">C2 N5<\/a>","tag_info":"C2 N5","comment_count":"0","_links":{"self":[{"href":"https:\/\/infoecos.com.ar\/index.php\/wp-json\/wp\/v2\/posts\/117056"}],"collection":[{"href":"https:\/\/infoecos.com.ar\/index.php\/wp-json\/wp\/v2\/posts"}],"about":[{"href":"https:\/\/infoecos.com.ar\/index.php\/wp-json\/wp\/v2\/types\/post"}],"author":[{"embeddable":true,"href":"https:\/\/infoecos.com.ar\/index.php\/wp-json\/wp\/v2\/users\/2"}],"replies":[{"embeddable":true,"href":"https:\/\/infoecos.com.ar\/index.php\/wp-json\/wp\/v2\/comments?post=117056"}],"version-history":[{"count":1,"href":"https:\/\/infoecos.com.ar\/index.php\/wp-json\/wp\/v2\/posts\/117056\/revisions"}],"predecessor-version":[{"id":117058,"href":"https:\/\/infoecos.com.ar\/index.php\/wp-json\/wp\/v2\/posts\/117056\/revisions\/117058"}],"wp:featuredmedia":[{"embeddable":true,"href":"https:\/\/infoecos.com.ar\/index.php\/wp-json\/wp\/v2\/media\/117057"}],"wp:attachment":[{"href":"https:\/\/infoecos.com.ar\/index.php\/wp-json\/wp\/v2\/media?parent=117056"}],"wp:term":[{"taxonomy":"category","embeddable":true,"href":"https:\/\/infoecos.com.ar\/index.php\/wp-json\/wp\/v2\/categories?post=117056"},{"taxonomy":"post_tag","embeddable":true,"href":"https:\/\/infoecos.com.ar\/index.php\/wp-json\/wp\/v2\/tags?post=117056"}],"curies":[{"name":"wp","href":"https:\/\/api.w.org\/{rel}","templated":true}]}}