{"id":117078,"date":"2024-01-04T16:30:47","date_gmt":"2024-01-04T19:30:47","guid":{"rendered":"https:\/\/infoecos.com.ar\/?p=117078"},"modified":"2024-01-06T11:08:17","modified_gmt":"2024-01-06T14:08:17","slug":"fue-adelanto-de-infoecos-recoulat-se-reunio-con-el-director-general-de-escuelas","status":"publish","type":"post","link":"https:\/\/infoecos.com.ar\/index.php\/fue-adelanto-de-infoecos-recoulat-se-reunio-con-el-director-general-de-escuelas\/","title":{"rendered":"Recoulat se reuni\u00f3 con el Director General de Escuelas"},"content":{"rendered":"\n<figure class=\"wp-block-image alignright size-full is-resized\"><img loading=\"lazy\" decoding=\"async\" src=\"https:\/\/infoecos.com.ar\/wp-content\/uploads\/2024\/01\/Reunion-Recoulat-Sileoni.jpg\" alt=\"\" class=\"wp-image-117079\" width=\"347\" height=\"259\" srcset=\"https:\/\/infoecos.com.ar\/wp-content\/uploads\/2024\/01\/Reunion-Recoulat-Sileoni.jpg 1024w, https:\/\/infoecos.com.ar\/wp-content\/uploads\/2024\/01\/Reunion-Recoulat-Sileoni-800x600.jpg 800w, https:\/\/infoecos.com.ar\/wp-content\/uploads\/2024\/01\/Reunion-Recoulat-Sileoni-768x576.jpg 768w\" sizes=\"(max-width: 347px) 100vw, 347px\" \/><figcaption class=\"wp-element-caption\">Recoulat, Miranda, Borraz\u00e1s y Sileoni<\/figcaption><\/figure>\n\n\n\n<p>El intendente Francisco Recoulat se reuni\u00f3 en la ciudad de La Plata con el director General de Cultura y Educaci\u00f3n de la provincia de Buenos Aires, Alberto Sileoni. Lo puso en conocimiento de los da\u00f1os producidos en distintos establecimientos educativos del distrito de Trenque Lauquen.<\/p>\n\n\n\n<p>El mandatario comunal, acompa\u00f1ado del diputado Miranda y el secretario de Gobierno, Mart\u00edn Borraz\u00e1s, le present\u00f3 &#8211; muy especialmente &#8211; un informe detallado de la obra a ejecutar en la Escuela n\u00ba3, y requir\u00f3 una asistencia econ\u00f3mica extra.<\/p>\n\n\n\n<p>Recoulat precis\u00f3 &#8211; tambi\u00e9n &#8211; los alcances de los da\u00f1os las escuelas de Nueva Castilla (voladura de techo), Mari Lauquen.<\/p>\n\n\n\n<p>De acuerdo a la informaci\u00f3n oficial, el funcionario bonaerense se mostr\u00f3 receptivo de los planteos y qued\u00f3 en evaluar la situaci\u00f3n junto a su equipo de trabajo para despu\u00e9s mantener una nueva reuni\u00f3n.&nbsp;&nbsp;&nbsp;&nbsp;&nbsp;&nbsp;&nbsp;&nbsp;&nbsp;&nbsp; &nbsp;<\/p>\n","protected":false},"excerpt":{"rendered":"<p>El mandatario comunal, acompa\u00f1ado del diputado Miranda y el secretario de Gobierno, Mart\u00edn Borraz\u00e1s, le present\u00f3 &#8211; muy especialmente &#8211; un informe detallado de la obra a ejecutar en la Escuela n\u00ba3, y requir\u00f3 una asistencia econ\u00f3mica extra<\/p>\n","protected":false},"author":2,"featured_media":117079,"comment_status":"closed","ping_status":"open","sticky":false,"template":"","format":"standard","meta":{"footnotes":""},"categories":[49],"tags":[9817],"class_list":["post-117078","post","type-post","status-publish","format-standard","has-post-thumbnail","hentry","category-c3nota3","tag-evaluacion-danos-en-escuelas"],"yoast_head":"<!-- This site is optimized with the Yoast SEO plugin v23.4 - https:\/\/yoast.com\/wordpress\/plugins\/seo\/ -->\n<title>Recoulat se reuni\u00f3 con el Director General de Escuelas - Infoecos<\/title>\n<meta name=\"robots\" content=\"index, follow, max-snippet:-1, max-image-preview:large, max-video-preview:-1\" \/>\n<link rel=\"canonical\" href=\"https:\/\/infoecos.com.ar\/index.php\/fue-adelanto-de-infoecos-recoulat-se-reunio-con-el-director-general-de-escuelas\/\" \/>\n<meta property=\"og:locale\" content=\"es_ES\" \/>\n<meta property=\"og:type\" content=\"article\" \/>\n<meta property=\"og:title\" content=\"Recoulat se reuni\u00f3 con el Director General de Escuelas - Infoecos\" \/>\n<meta property=\"og:description\" content=\"El mandatario comunal, acompa\u00f1ado del diputado Miranda y el secretario de Gobierno, Mart\u00edn Borraz\u00e1s, le present\u00f3 - muy especialmente - un informe detallado de la obra a ejecutar en la Escuela n\u00ba3, y requir\u00f3 una asistencia econ\u00f3mica extra\" \/>\n<meta property=\"og:url\" content=\"https:\/\/infoecos.com.ar\/index.php\/fue-adelanto-de-infoecos-recoulat-se-reunio-con-el-director-general-de-escuelas\/\" \/>\n<meta property=\"og:site_name\" content=\"Infoecos\" \/>\n<meta property=\"article:publisher\" content=\"https:\/\/www.facebook.com\/profile.php?id=100063200290284\" \/>\n<meta property=\"article:published_time\" content=\"2024-01-04T19:30:47+00:00\" \/>\n<meta property=\"article:modified_time\" content=\"2024-01-06T14:08:17+00:00\" \/>\n<meta property=\"og:image\" content=\"https:\/\/infoecos.com.ar\/wp-content\/uploads\/2024\/01\/Reunion-Recoulat-Sileoni.jpg\" \/>\n\t<meta property=\"og:image:width\" content=\"1024\" \/>\n\t<meta property=\"og:image:height\" content=\"768\" \/>\n\t<meta property=\"og:image:type\" content=\"image\/jpeg\" \/>\n<meta name=\"author\" content=\"Jorge Matheus\" \/>\n<meta name=\"twitter:card\" content=\"summary_large_image\" \/>\n<meta name=\"twitter:creator\" content=\"@infoecos\" \/>\n<meta name=\"twitter:site\" content=\"@infoecos\" \/>\n<meta name=\"twitter:label1\" content=\"Escrito por\" \/>\n\t<meta name=\"twitter:data1\" content=\"Jorge Matheus\" \/>\n\t<meta name=\"twitter:label2\" content=\"Tiempo de lectura\" \/>\n\t<meta name=\"twitter:data2\" content=\"1 minuto\" \/>\n<script type=\"application\/ld+json\" class=\"yoast-schema-graph\">{\"@context\":\"https:\/\/schema.org\",\"@graph\":[{\"@type\":\"Article\",\"@id\":\"https:\/\/infoecos.com.ar\/index.php\/fue-adelanto-de-infoecos-recoulat-se-reunio-con-el-director-general-de-escuelas\/#article\",\"isPartOf\":{\"@id\":\"https:\/\/infoecos.com.ar\/index.php\/fue-adelanto-de-infoecos-recoulat-se-reunio-con-el-director-general-de-escuelas\/\"},\"author\":{\"name\":\"Jorge Matheus\",\"@id\":\"https:\/\/infoecos.com.ar\/#\/schema\/person\/8f5ace5ce73b4b4aac4b7245aee6f191\"},\"headline\":\"Recoulat se reuni\u00f3 con el Director General de Escuelas\",\"datePublished\":\"2024-01-04T19:30:47+00:00\",\"dateModified\":\"2024-01-06T14:08:17+00:00\",\"mainEntityOfPage\":{\"@id\":\"https:\/\/infoecos.com.ar\/index.php\/fue-adelanto-de-infoecos-recoulat-se-reunio-con-el-director-general-de-escuelas\/\"},\"wordCount\":174,\"publisher\":{\"@id\":\"https:\/\/infoecos.com.ar\/#organization\"},\"image\":{\"@id\":\"https:\/\/infoecos.com.ar\/index.php\/fue-adelanto-de-infoecos-recoulat-se-reunio-con-el-director-general-de-escuelas\/#primaryimage\"},\"thumbnailUrl\":\"https:\/\/infoecos.com.ar\/wp-content\/uploads\/2024\/01\/Reunion-Recoulat-Sileoni.jpg\",\"keywords\":[\"evaluaci\u00f3n da\u00f1os en escuelas\"],\"articleSection\":[\"C3 N3\"],\"inLanguage\":\"es\"},{\"@type\":\"WebPage\",\"@id\":\"https:\/\/infoecos.com.ar\/index.php\/fue-adelanto-de-infoecos-recoulat-se-reunio-con-el-director-general-de-escuelas\/\",\"url\":\"https:\/\/infoecos.com.ar\/index.php\/fue-adelanto-de-infoecos-recoulat-se-reunio-con-el-director-general-de-escuelas\/\",\"name\":\"Recoulat se reuni\u00f3 con el Director General de Escuelas - Infoecos\",\"isPartOf\":{\"@id\":\"https:\/\/infoecos.com.ar\/#website\"},\"primaryImageOfPage\":{\"@id\":\"https:\/\/infoecos.com.ar\/index.php\/fue-adelanto-de-infoecos-recoulat-se-reunio-con-el-director-general-de-escuelas\/#primaryimage\"},\"image\":{\"@id\":\"https:\/\/infoecos.com.ar\/index.php\/fue-adelanto-de-infoecos-recoulat-se-reunio-con-el-director-general-de-escuelas\/#primaryimage\"},\"thumbnailUrl\":\"https:\/\/infoecos.com.ar\/wp-content\/uploads\/2024\/01\/Reunion-Recoulat-Sileoni.jpg\",\"datePublished\":\"2024-01-04T19:30:47+00:00\",\"dateModified\":\"2024-01-06T14:08:17+00:00\",\"breadcrumb\":{\"@id\":\"https:\/\/infoecos.com.ar\/index.php\/fue-adelanto-de-infoecos-recoulat-se-reunio-con-el-director-general-de-escuelas\/#breadcrumb\"},\"inLanguage\":\"es\",\"potentialAction\":[{\"@type\":\"ReadAction\",\"target\":[\"https:\/\/infoecos.com.ar\/index.php\/fue-adelanto-de-infoecos-recoulat-se-reunio-con-el-director-general-de-escuelas\/\"]}]},{\"@type\":\"ImageObject\",\"inLanguage\":\"es\",\"@id\":\"https:\/\/infoecos.com.ar\/index.php\/fue-adelanto-de-infoecos-recoulat-se-reunio-con-el-director-general-de-escuelas\/#primaryimage\",\"url\":\"https:\/\/infoecos.com.ar\/wp-content\/uploads\/2024\/01\/Reunion-Recoulat-Sileoni.jpg\",\"contentUrl\":\"https:\/\/infoecos.com.ar\/wp-content\/uploads\/2024\/01\/Reunion-Recoulat-Sileoni.jpg\",\"width\":1024,\"height\":768},{\"@type\":\"BreadcrumbList\",\"@id\":\"https:\/\/infoecos.com.ar\/index.php\/fue-adelanto-de-infoecos-recoulat-se-reunio-con-el-director-general-de-escuelas\/#breadcrumb\",\"itemListElement\":[{\"@type\":\"ListItem\",\"position\":1,\"name\":\"Portada\",\"item\":\"https:\/\/infoecos.com.ar\/\"},{\"@type\":\"ListItem\",\"position\":2,\"name\":\"Recoulat se reuni\u00f3 con el Director General de Escuelas\"}]},{\"@type\":\"WebSite\",\"@id\":\"https:\/\/infoecos.com.ar\/#website\",\"url\":\"https:\/\/infoecos.com.ar\/\",\"name\":\"Infoecos\",\"description\":\"Noticias de trenque lauquen y la zona\",\"publisher\":{\"@id\":\"https:\/\/infoecos.com.ar\/#organization\"},\"alternateName\":\"Noticias\",\"potentialAction\":[{\"@type\":\"SearchAction\",\"target\":{\"@type\":\"EntryPoint\",\"urlTemplate\":\"https:\/\/infoecos.com.ar\/?s={search_term_string}\"},\"query-input\":{\"@type\":\"PropertyValueSpecification\",\"valueRequired\":true,\"valueName\":\"search_term_string\"}}],\"inLanguage\":\"es\"},{\"@type\":\"Organization\",\"@id\":\"https:\/\/infoecos.com.ar\/#organization\",\"name\":\"Infoecos\",\"alternateName\":\"Noticias\",\"url\":\"https:\/\/infoecos.com.ar\/\",\"logo\":{\"@type\":\"ImageObject\",\"inLanguage\":\"es\",\"@id\":\"https:\/\/infoecos.com.ar\/#\/schema\/logo\/image\/\",\"url\":\"https:\/\/infoecos.com.ar\/wp-content\/uploads\/2024\/03\/cropped-logo.png\",\"contentUrl\":\"https:\/\/infoecos.com.ar\/wp-content\/uploads\/2024\/03\/cropped-logo.png\",\"width\":374,\"height\":90,\"caption\":\"Infoecos\"},\"image\":{\"@id\":\"https:\/\/infoecos.com.ar\/#\/schema\/logo\/image\/\"},\"sameAs\":[\"https:\/\/www.facebook.com\/profile.php?id=100063200290284\",\"https:\/\/x.com\/infoecos\"]},{\"@type\":\"Person\",\"@id\":\"https:\/\/infoecos.com.ar\/#\/schema\/person\/8f5ace5ce73b4b4aac4b7245aee6f191\",\"name\":\"Jorge Matheus\",\"url\":\"https:\/\/infoecos.com.ar\/index.php\/author\/jomatheus\/\"}]}<\/script>\n<!-- \/ Yoast SEO plugin. -->","yoast_head_json":{"title":"Recoulat se reuni\u00f3 con el Director General de Escuelas - Infoecos","robots":{"index":"index","follow":"follow","max-snippet":"max-snippet:-1","max-image-preview":"max-image-preview:large","max-video-preview":"max-video-preview:-1"},"canonical":"https:\/\/infoecos.com.ar\/index.php\/fue-adelanto-de-infoecos-recoulat-se-reunio-con-el-director-general-de-escuelas\/","og_locale":"es_ES","og_type":"article","og_title":"Recoulat se reuni\u00f3 con el Director General de Escuelas - Infoecos","og_description":"El mandatario comunal, acompa\u00f1ado del diputado Miranda y el secretario de Gobierno, Mart\u00edn Borraz\u00e1s, le present\u00f3 - muy especialmente - un informe detallado de la obra a ejecutar en la Escuela n\u00ba3, y requir\u00f3 una asistencia econ\u00f3mica extra","og_url":"https:\/\/infoecos.com.ar\/index.php\/fue-adelanto-de-infoecos-recoulat-se-reunio-con-el-director-general-de-escuelas\/","og_site_name":"Infoecos","article_publisher":"https:\/\/www.facebook.com\/profile.php?id=100063200290284","article_published_time":"2024-01-04T19:30:47+00:00","article_modified_time":"2024-01-06T14:08:17+00:00","og_image":[{"width":1024,"height":768,"url":"https:\/\/infoecos.com.ar\/wp-content\/uploads\/2024\/01\/Reunion-Recoulat-Sileoni.jpg","type":"image\/jpeg"}],"author":"Jorge Matheus","twitter_card":"summary_large_image","twitter_creator":"@infoecos","twitter_site":"@infoecos","twitter_misc":{"Escrito por":"Jorge Matheus","Tiempo de lectura":"1 minuto"},"schema":{"@context":"https:\/\/schema.org","@graph":[{"@type":"Article","@id":"https:\/\/infoecos.com.ar\/index.php\/fue-adelanto-de-infoecos-recoulat-se-reunio-con-el-director-general-de-escuelas\/#article","isPartOf":{"@id":"https:\/\/infoecos.com.ar\/index.php\/fue-adelanto-de-infoecos-recoulat-se-reunio-con-el-director-general-de-escuelas\/"},"author":{"name":"Jorge Matheus","@id":"https:\/\/infoecos.com.ar\/#\/schema\/person\/8f5ace5ce73b4b4aac4b7245aee6f191"},"headline":"Recoulat se reuni\u00f3 con el Director General de Escuelas","datePublished":"2024-01-04T19:30:47+00:00","dateModified":"2024-01-06T14:08:17+00:00","mainEntityOfPage":{"@id":"https:\/\/infoecos.com.ar\/index.php\/fue-adelanto-de-infoecos-recoulat-se-reunio-con-el-director-general-de-escuelas\/"},"wordCount":174,"publisher":{"@id":"https:\/\/infoecos.com.ar\/#organization"},"image":{"@id":"https:\/\/infoecos.com.ar\/index.php\/fue-adelanto-de-infoecos-recoulat-se-reunio-con-el-director-general-de-escuelas\/#primaryimage"},"thumbnailUrl":"https:\/\/infoecos.com.ar\/wp-content\/uploads\/2024\/01\/Reunion-Recoulat-Sileoni.jpg","keywords":["evaluaci\u00f3n da\u00f1os en escuelas"],"articleSection":["C3 N3"],"inLanguage":"es"},{"@type":"WebPage","@id":"https:\/\/infoecos.com.ar\/index.php\/fue-adelanto-de-infoecos-recoulat-se-reunio-con-el-director-general-de-escuelas\/","url":"https:\/\/infoecos.com.ar\/index.php\/fue-adelanto-de-infoecos-recoulat-se-reunio-con-el-director-general-de-escuelas\/","name":"Recoulat se reuni\u00f3 con el Director General de Escuelas - Infoecos","isPartOf":{"@id":"https:\/\/infoecos.com.ar\/#website"},"primaryImageOfPage":{"@id":"https:\/\/infoecos.com.ar\/index.php\/fue-adelanto-de-infoecos-recoulat-se-reunio-con-el-director-general-de-escuelas\/#primaryimage"},"image":{"@id":"https:\/\/infoecos.com.ar\/index.php\/fue-adelanto-de-infoecos-recoulat-se-reunio-con-el-director-general-de-escuelas\/#primaryimage"},"thumbnailUrl":"https:\/\/infoecos.com.ar\/wp-content\/uploads\/2024\/01\/Reunion-Recoulat-Sileoni.jpg","datePublished":"2024-01-04T19:30:47+00:00","dateModified":"2024-01-06T14:08:17+00:00","breadcrumb":{"@id":"https:\/\/infoecos.com.ar\/index.php\/fue-adelanto-de-infoecos-recoulat-se-reunio-con-el-director-general-de-escuelas\/#breadcrumb"},"inLanguage":"es","potentialAction":[{"@type":"ReadAction","target":["https:\/\/infoecos.com.ar\/index.php\/fue-adelanto-de-infoecos-recoulat-se-reunio-con-el-director-general-de-escuelas\/"]}]},{"@type":"ImageObject","inLanguage":"es","@id":"https:\/\/infoecos.com.ar\/index.php\/fue-adelanto-de-infoecos-recoulat-se-reunio-con-el-director-general-de-escuelas\/#primaryimage","url":"https:\/\/infoecos.com.ar\/wp-content\/uploads\/2024\/01\/Reunion-Recoulat-Sileoni.jpg","contentUrl":"https:\/\/infoecos.com.ar\/wp-content\/uploads\/2024\/01\/Reunion-Recoulat-Sileoni.jpg","width":1024,"height":768},{"@type":"BreadcrumbList","@id":"https:\/\/infoecos.com.ar\/index.php\/fue-adelanto-de-infoecos-recoulat-se-reunio-con-el-director-general-de-escuelas\/#breadcrumb","itemListElement":[{"@type":"ListItem","position":1,"name":"Portada","item":"https:\/\/infoecos.com.ar\/"},{"@type":"ListItem","position":2,"name":"Recoulat se reuni\u00f3 con el Director General de Escuelas"}]},{"@type":"WebSite","@id":"https:\/\/infoecos.com.ar\/#website","url":"https:\/\/infoecos.com.ar\/","name":"Infoecos","description":"Noticias de trenque lauquen y la zona","publisher":{"@id":"https:\/\/infoecos.com.ar\/#organization"},"alternateName":"Noticias","potentialAction":[{"@type":"SearchAction","target":{"@type":"EntryPoint","urlTemplate":"https:\/\/infoecos.com.ar\/?s={search_term_string}"},"query-input":{"@type":"PropertyValueSpecification","valueRequired":true,"valueName":"search_term_string"}}],"inLanguage":"es"},{"@type":"Organization","@id":"https:\/\/infoecos.com.ar\/#organization","name":"Infoecos","alternateName":"Noticias","url":"https:\/\/infoecos.com.ar\/","logo":{"@type":"ImageObject","inLanguage":"es","@id":"https:\/\/infoecos.com.ar\/#\/schema\/logo\/image\/","url":"https:\/\/infoecos.com.ar\/wp-content\/uploads\/2024\/03\/cropped-logo.png","contentUrl":"https:\/\/infoecos.com.ar\/wp-content\/uploads\/2024\/03\/cropped-logo.png","width":374,"height":90,"caption":"Infoecos"},"image":{"@id":"https:\/\/infoecos.com.ar\/#\/schema\/logo\/image\/"},"sameAs":["https:\/\/www.facebook.com\/profile.php?id=100063200290284","https:\/\/x.com\/infoecos"]},{"@type":"Person","@id":"https:\/\/infoecos.com.ar\/#\/schema\/person\/8f5ace5ce73b4b4aac4b7245aee6f191","name":"Jorge Matheus","url":"https:\/\/infoecos.com.ar\/index.php\/author\/jomatheus\/"}]}},"featured_image_urls":{"full":["https:\/\/infoecos.com.ar\/wp-content\/uploads\/2024\/01\/Reunion-Recoulat-Sileoni.jpg",1024,768,false],"thumbnail":["https:\/\/infoecos.com.ar\/wp-content\/uploads\/2024\/01\/Reunion-Recoulat-Sileoni-300x150.jpg",300,150,true],"medium":["https:\/\/infoecos.com.ar\/wp-content\/uploads\/2024\/01\/Reunion-Recoulat-Sileoni-800x600.jpg",800,600,true],"medium_large":["https:\/\/infoecos.com.ar\/wp-content\/uploads\/2024\/01\/Reunion-Recoulat-Sileoni-768x576.jpg",640,480,true],"large":["https:\/\/infoecos.com.ar\/wp-content\/uploads\/2024\/01\/Reunion-Recoulat-Sileoni.jpg",640,480,false],"1536x1536":["https:\/\/infoecos.com.ar\/wp-content\/uploads\/2024\/01\/Reunion-Recoulat-Sileoni.jpg",1024,768,false],"2048x2048":["https:\/\/infoecos.com.ar\/wp-content\/uploads\/2024\/01\/Reunion-Recoulat-Sileoni.jpg",1024,768,false],"covernews-slider-full":["https:\/\/infoecos.com.ar\/wp-content\/uploads\/2024\/01\/Reunion-Recoulat-Sileoni.jpg",953,715,false],"covernews-slider-center":["https:\/\/infoecos.com.ar\/wp-content\/uploads\/2024\/01\/Reunion-Recoulat-Sileoni-936x768.jpg",609,500,true],"covernews-featured":["https:\/\/infoecos.com.ar\/wp-content\/uploads\/2024\/01\/Reunion-Recoulat-Sileoni.jpg",1024,768,false],"covernews-medium":["https:\/\/infoecos.com.ar\/wp-content\/uploads\/2024\/01\/Reunion-Recoulat-Sileoni-720x380.jpg",540,285,true],"covernews-medium-square":["https:\/\/infoecos.com.ar\/wp-content\/uploads\/2024\/01\/Reunion-Recoulat-Sileoni-675x450.jpg",375,250,true]},"author_info":{"info":["Jorge Matheus"]},"category_info":"<a href=\"https:\/\/infoecos.com.ar\/index.php\/category\/c3nota3\/\" rel=\"category tag\">C3 N3<\/a>","tag_info":"C3 N3","comment_count":"0","_links":{"self":[{"href":"https:\/\/infoecos.com.ar\/index.php\/wp-json\/wp\/v2\/posts\/117078"}],"collection":[{"href":"https:\/\/infoecos.com.ar\/index.php\/wp-json\/wp\/v2\/posts"}],"about":[{"href":"https:\/\/infoecos.com.ar\/index.php\/wp-json\/wp\/v2\/types\/post"}],"author":[{"embeddable":true,"href":"https:\/\/infoecos.com.ar\/index.php\/wp-json\/wp\/v2\/users\/2"}],"replies":[{"embeddable":true,"href":"https:\/\/infoecos.com.ar\/index.php\/wp-json\/wp\/v2\/comments?post=117078"}],"version-history":[{"count":2,"href":"https:\/\/infoecos.com.ar\/index.php\/wp-json\/wp\/v2\/posts\/117078\/revisions"}],"predecessor-version":[{"id":117099,"href":"https:\/\/infoecos.com.ar\/index.php\/wp-json\/wp\/v2\/posts\/117078\/revisions\/117099"}],"wp:featuredmedia":[{"embeddable":true,"href":"https:\/\/infoecos.com.ar\/index.php\/wp-json\/wp\/v2\/media\/117079"}],"wp:attachment":[{"href":"https:\/\/infoecos.com.ar\/index.php\/wp-json\/wp\/v2\/media?parent=117078"}],"wp:term":[{"taxonomy":"category","embeddable":true,"href":"https:\/\/infoecos.com.ar\/index.php\/wp-json\/wp\/v2\/categories?post=117078"},{"taxonomy":"post_tag","embeddable":true,"href":"https:\/\/infoecos.com.ar\/index.php\/wp-json\/wp\/v2\/tags?post=117078"}],"curies":[{"name":"wp","href":"https:\/\/api.w.org\/{rel}","templated":true}]}}