{"id":117081,"date":"2024-01-04T17:08:32","date_gmt":"2024-01-04T20:08:32","guid":{"rendered":"https:\/\/infoecos.com.ar\/?p=117081"},"modified":"2024-01-07T18:25:26","modified_gmt":"2024-01-07T21:25:26","slug":"variada-y-prometedora-actividad-de-verano-en-todo-el-distrito-de-trenque-lauquen","status":"publish","type":"post","link":"https:\/\/infoecos.com.ar\/index.php\/variada-y-prometedora-actividad-de-verano-en-todo-el-distrito-de-trenque-lauquen\/","title":{"rendered":"Variada actividad de Verano en todo el distrito de Trenque Lauquen"},"content":{"rendered":"\n<figure class=\"wp-block-image alignright size-large is-resized\"><img loading=\"lazy\" decoding=\"async\" src=\"https:\/\/infoecos.com.ar\/wp-content\/uploads\/2024\/01\/IMG_20240104_100252-1200x1600.jpg\" alt=\"\" class=\"wp-image-117082\" width=\"370\" height=\"493\" srcset=\"https:\/\/infoecos.com.ar\/wp-content\/uploads\/2024\/01\/IMG_20240104_100252-1200x1600.jpg 1200w, https:\/\/infoecos.com.ar\/wp-content\/uploads\/2024\/01\/IMG_20240104_100252-600x800.jpg 600w, https:\/\/infoecos.com.ar\/wp-content\/uploads\/2024\/01\/IMG_20240104_100252-768x1024.jpg 768w, https:\/\/infoecos.com.ar\/wp-content\/uploads\/2024\/01\/IMG_20240104_100252-1152x1536.jpg 1152w, https:\/\/infoecos.com.ar\/wp-content\/uploads\/2024\/01\/IMG_20240104_100252-1536x2048.jpg 1536w, https:\/\/infoecos.com.ar\/wp-content\/uploads\/2024\/01\/IMG_20240104_100252-1024x1365.jpg 1024w, https:\/\/infoecos.com.ar\/wp-content\/uploads\/2024\/01\/IMG_20240104_100252-scaled.jpg 1920w\" sizes=\"(max-width: 370px) 100vw, 370px\" \/><figcaption class=\"wp-element-caption\">Exif_JPEG_420<\/figcaption><\/figure>\n\n\n\n<p>Una nueva edici\u00f3n de <em>M\u00fasica en la Estaci\u00f3n<\/em>, y la novedad de <em>M\u00fasica en los Barrios<\/em>, talleres art\u00edsticos, culturales y educativos, actividades recreativas para adultos mayores, un baile de carnaval en Girod\u00edas, Olimp\u00edadas del Reencuentro y eventos en distintos escenarios, y sedes tanto al aire libre como en espacios cerrados, entre otras propuestas, forman parte de la amplia gama de actividades de verano que se llevar\u00e1n a cabo en todo el distrito de Trenque Lauquen durante enero y febrero y que son organizadas por las distintas \u00e1reas de la municipalidad de Trenque Lauquen.<\/p>\n\n\n\n<p><strong>En 30 de Agosto:<\/strong><\/p>\n\n\n\n<p>Se seguir\u00e1 con la propuesta del Cultur 30, que viene de a\u00f1os anteriores, y que este a\u00f1o se desarrollar\u00e1 en tres d\u00edas: viernes 12, s\u00e1bado 13 y domingo 14 de enero y con la participaci\u00f3n de artistas locales y de otros puntos del pa\u00eds.<\/p>\n\n\n\n<p>Todos los espect\u00e1culos que se desarrollen en 30 de Agosto tendr\u00e1n una orientaci\u00f3n a lo sustentable y adem\u00e1s se seguir\u00e1 con las actividades del CEF n\u00ba 81, con la pileta comunitaria y la Escuela de Verano.<\/p>\n\n\n\n<p>Se est\u00e1 trabajando &#8211; adem\u00e1s &#8211; en la organizaci\u00f3n de las actividades de febrero, entre las que est\u00e1 prevista el baile de carnaval.<\/p>\n\n\n\n<p><strong>Cultura<\/strong><\/p>\n\n\n\n<p>Desde esta semana ya est\u00e1n en plena actividad los talleres de Cultura en Trenque Lauquen y Beruti. En los pr\u00f3ximos d\u00edas comenzar\u00e1n otros talleres y la actividad en la Escuela de M\u00fasica.<\/p>\n\n\n\n<p>Se confirm\u00f3 la continuidad del programa M\u00fasica en la Estaci\u00f3n que da comienzo este domingo 7, y que continuar\u00e1 los domingos 14 y 28 de enero.  En la primera fecha la participaci\u00f3n de Bruno Sosa, Santi Reynoso, Elvio Acu\u00f1a, Abriendo Fronteras y Marichi Garc\u00eda y su banda.<\/p>\n\n\n\n<p>Tendr\u00e1 continuidad la actividad del rock en la pista de Skate y se adelant\u00f3 la realizaci\u00f3n de M\u00fasica en los Barrios con la participaci\u00f3n de la agrupaci\u00f3n Da Capo que pertenece a la Escuela Municipal de M\u00fasica. Esto \u00faltimo, uno de los d\u00edas en M\u00fasica en la Estaci\u00f3n y tres fechas, en distintas plazoletas y barrios de Trenque Lauquen.<\/p>\n\n\n\n<p>Ser\u00e1 incorporado a las realizaciones el Anfiteatro del renovado Parque Municipal con la realizaci\u00f3n el 20 de enero de un espect\u00e1culo destinado al folclore, y el 3 y 12 de febrero, cumbia y bailes de carnaval.<\/p>\n\n\n\n<p>El jueves 25 de enero y en un trabajo conjunto con el Instituto Cultural de la provincia de Buenos Aires cine y teatro en la Plaza San Mart\u00edn. Los mi\u00e9rcoles de enero en el Centro C\u00edvico y en febrero, el grupo Mala Junta con Tango en las Calles.<\/p>\n\n\n\n<p>Desde la Escuela Municipal talleres en Trenque Lauquen y en Beruti, 30 de Agosto y Girod\u00edas\u201d.<\/p>\n\n\n\n<p>En Girod\u00edas ser\u00e1 la primera vez en verano que se ofrece actividad para llegar a los chicos\/as de la localidad con talleres de lectoescritura para el uso de la biblioteca y Manualidades.<\/p>\n\n\n\n<p><strong>Deportes<\/strong><\/p>\n\n\n\n<p>En Deportes ya comenzaron las actividades en Casa del Ni\u00f1o, y las Olimp\u00edadas del Reencuentro con el desarrollo de distintas disciplinas.<\/p>\n\n\n\n<p>En Casa del Ni\u00f1o, clases de nataci\u00f3n para los ni\u00f1os\/as que concurren a la instituci\u00f3n y por la tarde, con cupo completo, clases de Aquagym y nataci\u00f3n para adultos, y tambi\u00e9n la colonia para personas con discapacidad.<\/p>\n\n\n\n<p>Se est\u00e1 organizando un torneo de Truco y otro de Loter\u00eda para adultos mayores, adem\u00e1s del Triatl\u00f3n regional que est\u00e1 previsto para el s\u00e1bado 20 de enero.<\/p>\n\n\n\n<p>Para febrero est\u00e1 prevista la realizaci\u00f3n de una Marat\u00f3n Nocturna en 5 y 10 kil\u00f3metros abierta a toda la sociedad y a todos amantes del deporte.<\/p>\n\n\n\n<p><strong>PRAM<\/strong><\/p>\n\n\n\n<p>El PRAM de verano se desarrollar\u00e1 en el camping de Barrio Alegre, comenzando el mi\u00e9rcoles 10, y todos los mi\u00e9rcoles hasta el \u00faltimo de febrero desde las 8.30 y hasta el mediod\u00eda para los adultos mayores, a partir de los 55 a\u00f1os, y sin inscripci\u00f3n previa.<\/p>\n\n\n\n<p><strong>SALUD COMUNITARIA\/TRENQUE EN MOVIMIENTO<\/strong><\/p>\n\n\n\n<p>Se est\u00e1 trabajando en el espacio nuevo que el Municipio inaugur\u00f3 el a\u00f1o pasado, el Centro Recreativo y Cultural de Trelau, en Blandengues n\u00ba 150.<\/p>\n\n\n\n<p>Se realizan actividades cognitivas, f\u00edsicas, recreativas. <\/p>\n\n\n\n<p>A partir del lunes pr\u00f3ximo desde las 10 va a comenzar a funcionar el taller de Murga.<\/p>\n\n\n\n<figure class=\"wp-block-gallery has-nested-images columns-default is-cropped wp-block-gallery-1 is-layout-flex wp-block-gallery-is-layout-flex\">\n<figure class=\"wp-block-image size-large\"><img loading=\"lazy\" decoding=\"async\" width=\"1200\" height=\"1600\" data-id=\"117092\" src=\"https:\/\/infoecos.com.ar\/wp-content\/uploads\/2024\/01\/IMG_20240104_102512-1200x1600.jpg\" alt=\"\" class=\"wp-image-117092\" srcset=\"https:\/\/infoecos.com.ar\/wp-content\/uploads\/2024\/01\/IMG_20240104_102512-1200x1600.jpg 1200w, https:\/\/infoecos.com.ar\/wp-content\/uploads\/2024\/01\/IMG_20240104_102512-600x800.jpg 600w, https:\/\/infoecos.com.ar\/wp-content\/uploads\/2024\/01\/IMG_20240104_102512-scaled.jpg 1920w\" sizes=\"(max-width: 1200px) 100vw, 1200px\" \/><figcaption class=\"wp-element-caption\">Trenque Lauquen actividades verano<\/figcaption><\/figure>\n\n\n\n<figure class=\"wp-block-image size-large\"><img loading=\"lazy\" decoding=\"async\" width=\"1200\" height=\"1600\" data-id=\"117093\" src=\"https:\/\/infoecos.com.ar\/wp-content\/uploads\/2024\/01\/IMG_20240104_100137-1200x1600.jpg\" alt=\"\" class=\"wp-image-117093\" srcset=\"https:\/\/infoecos.com.ar\/wp-content\/uploads\/2024\/01\/IMG_20240104_100137-1200x1600.jpg 1200w, https:\/\/infoecos.com.ar\/wp-content\/uploads\/2024\/01\/IMG_20240104_100137-600x800.jpg 600w, https:\/\/infoecos.com.ar\/wp-content\/uploads\/2024\/01\/IMG_20240104_100137-768x1024.jpg 768w, https:\/\/infoecos.com.ar\/wp-content\/uploads\/2024\/01\/IMG_20240104_100137-1152x1536.jpg 1152w, https:\/\/infoecos.com.ar\/wp-content\/uploads\/2024\/01\/IMG_20240104_100137-1536x2048.jpg 1536w, https:\/\/infoecos.com.ar\/wp-content\/uploads\/2024\/01\/IMG_20240104_100137-scaled.jpg 1920w\" sizes=\"(max-width: 1200px) 100vw, 1200px\" \/><figcaption class=\"wp-element-caption\">Trenque Lauquen actividades verano<\/figcaption><\/figure>\n\n\n\n<figure class=\"wp-block-image size-large\"><img loading=\"lazy\" decoding=\"async\" width=\"1920\" height=\"2560\" data-id=\"117091\" src=\"https:\/\/infoecos.com.ar\/wp-content\/uploads\/2024\/01\/IMG_20240104_102508-scaled.jpg\" alt=\"\" class=\"wp-image-117091\"\/><figcaption class=\"wp-element-caption\">Trenque Lauquen actividades verano<\/figcaption><\/figure>\n\n\n\n<figure class=\"wp-block-image size-large\"><img loading=\"lazy\" decoding=\"async\" width=\"1920\" height=\"2560\" data-id=\"117087\" src=\"https:\/\/infoecos.com.ar\/wp-content\/uploads\/2024\/01\/IMG_20240104_100907-scaled.jpg\" alt=\"\" class=\"wp-image-117087\"\/><figcaption class=\"wp-element-caption\">Trenque Lauquen actividades verano<\/figcaption><\/figure>\n\n\n\n<figure class=\"wp-block-image size-large\"><img loading=\"lazy\" decoding=\"async\" width=\"1200\" height=\"1600\" data-id=\"117086\" src=\"https:\/\/infoecos.com.ar\/wp-content\/uploads\/2024\/01\/IMG_20240104_102521-1200x1600.jpg\" alt=\"\" class=\"wp-image-117086\" srcset=\"https:\/\/infoecos.com.ar\/wp-content\/uploads\/2024\/01\/IMG_20240104_102521-1200x1600.jpg 1200w, https:\/\/infoecos.com.ar\/wp-content\/uploads\/2024\/01\/IMG_20240104_102521-600x800.jpg 600w, https:\/\/infoecos.com.ar\/wp-content\/uploads\/2024\/01\/IMG_20240104_102521-768x1024.jpg 768w, https:\/\/infoecos.com.ar\/wp-content\/uploads\/2024\/01\/IMG_20240104_102521-1152x1536.jpg 1152w, https:\/\/infoecos.com.ar\/wp-content\/uploads\/2024\/01\/IMG_20240104_102521-1536x2048.jpg 1536w, https:\/\/infoecos.com.ar\/wp-content\/uploads\/2024\/01\/IMG_20240104_102521-1024x1365.jpg 1024w, https:\/\/infoecos.com.ar\/wp-content\/uploads\/2024\/01\/IMG_20240104_102521-scaled.jpg 1920w\" sizes=\"(max-width: 1200px) 100vw, 1200px\" \/><figcaption class=\"wp-element-caption\">Trenque Lauquen actividades verano<\/figcaption><\/figure>\n\n\n\n<figure class=\"wp-block-image size-large\"><img loading=\"lazy\" decoding=\"async\" width=\"1920\" height=\"2560\" data-id=\"117085\" src=\"https:\/\/infoecos.com.ar\/wp-content\/uploads\/2024\/01\/IMG_20240104_100258-scaled.jpg\" alt=\"\" class=\"wp-image-117085\"\/><figcaption class=\"wp-element-caption\">Trenque Lauquen actividades verano<\/figcaption><\/figure>\n<\/figure>\n","protected":false},"excerpt":{"rendered":"<p>M\u00fasica en la Estaci\u00f3n, M\u00fasica en los Barrios, talleres art\u00edsticos, culturales y educativos, actividades recreativas para adultos mayores, un baile de carnaval en Girod\u00edas, Olimp\u00edadas del Reencuentro y eventos en distintos escenarios<\/p>\n","protected":false},"author":2,"featured_media":117095,"comment_status":"closed","ping_status":"open","sticky":false,"template":"","format":"standard","meta":{"footnotes":""},"categories":[1614],"tags":[9829],"class_list":["post-117081","post","type-post","status-publish","format-standard","has-post-thumbnail","hentry","category-c2nota7","tag-comienza-este-domingo"],"yoast_head":"<!-- This site is optimized with the Yoast SEO plugin v23.4 - https:\/\/yoast.com\/wordpress\/plugins\/seo\/ -->\n<title>Variada actividad de Verano en todo el distrito de Trenque Lauquen - Infoecos<\/title>\n<meta name=\"robots\" content=\"index, follow, max-snippet:-1, max-image-preview:large, max-video-preview:-1\" \/>\n<link rel=\"canonical\" href=\"https:\/\/infoecos.com.ar\/index.php\/variada-y-prometedora-actividad-de-verano-en-todo-el-distrito-de-trenque-lauquen\/\" \/>\n<meta property=\"og:locale\" content=\"es_ES\" \/>\n<meta property=\"og:type\" content=\"article\" \/>\n<meta property=\"og:title\" content=\"Variada actividad de Verano en todo el distrito de Trenque Lauquen - Infoecos\" \/>\n<meta property=\"og:description\" content=\"M\u00fasica en la Estaci\u00f3n, M\u00fasica en los Barrios, talleres art\u00edsticos, culturales y educativos, actividades recreativas para adultos mayores, un baile de carnaval en Girod\u00edas, Olimp\u00edadas del Reencuentro y eventos en distintos escenarios\" \/>\n<meta property=\"og:url\" content=\"https:\/\/infoecos.com.ar\/index.php\/variada-y-prometedora-actividad-de-verano-en-todo-el-distrito-de-trenque-lauquen\/\" \/>\n<meta property=\"og:site_name\" content=\"Infoecos\" \/>\n<meta property=\"article:publisher\" content=\"https:\/\/www.facebook.com\/profile.php?id=100063200290284\" \/>\n<meta property=\"article:published_time\" content=\"2024-01-04T20:08:32+00:00\" \/>\n<meta property=\"article:modified_time\" content=\"2024-01-07T21:25:26+00:00\" \/>\n<meta property=\"og:image\" content=\"https:\/\/infoecos.com.ar\/wp-content\/uploads\/2024\/01\/IMG_20240104_100252-1-scaled.jpg\" \/>\n\t<meta property=\"og:image:width\" content=\"1920\" \/>\n\t<meta property=\"og:image:height\" content=\"2560\" \/>\n\t<meta property=\"og:image:type\" content=\"image\/jpeg\" \/>\n<meta name=\"author\" content=\"Jorge Matheus\" \/>\n<meta name=\"twitter:card\" content=\"summary_large_image\" \/>\n<meta name=\"twitter:creator\" content=\"@infoecos\" \/>\n<meta name=\"twitter:site\" content=\"@infoecos\" \/>\n<meta name=\"twitter:label1\" content=\"Escrito por\" \/>\n\t<meta name=\"twitter:data1\" content=\"Jorge Matheus\" \/>\n\t<meta name=\"twitter:label2\" content=\"Tiempo de lectura\" \/>\n\t<meta name=\"twitter:data2\" content=\"5 minutos\" \/>\n<script type=\"application\/ld+json\" class=\"yoast-schema-graph\">{\"@context\":\"https:\/\/schema.org\",\"@graph\":[{\"@type\":\"Article\",\"@id\":\"https:\/\/infoecos.com.ar\/index.php\/variada-y-prometedora-actividad-de-verano-en-todo-el-distrito-de-trenque-lauquen\/#article\",\"isPartOf\":{\"@id\":\"https:\/\/infoecos.com.ar\/index.php\/variada-y-prometedora-actividad-de-verano-en-todo-el-distrito-de-trenque-lauquen\/\"},\"author\":{\"name\":\"Jorge Matheus\",\"@id\":\"https:\/\/infoecos.com.ar\/#\/schema\/person\/8f5ace5ce73b4b4aac4b7245aee6f191\"},\"headline\":\"Variada actividad de Verano en todo el distrito de Trenque Lauquen\",\"datePublished\":\"2024-01-04T20:08:32+00:00\",\"dateModified\":\"2024-01-07T21:25:26+00:00\",\"mainEntityOfPage\":{\"@id\":\"https:\/\/infoecos.com.ar\/index.php\/variada-y-prometedora-actividad-de-verano-en-todo-el-distrito-de-trenque-lauquen\/\"},\"wordCount\":767,\"publisher\":{\"@id\":\"https:\/\/infoecos.com.ar\/#organization\"},\"image\":{\"@id\":\"https:\/\/infoecos.com.ar\/index.php\/variada-y-prometedora-actividad-de-verano-en-todo-el-distrito-de-trenque-lauquen\/#primaryimage\"},\"thumbnailUrl\":\"https:\/\/infoecos.com.ar\/wp-content\/uploads\/2024\/01\/IMG_20240104_100252-1-scaled.jpg\",\"keywords\":[\"COMIENZA ESTE DOMINGO\"],\"articleSection\":[\"C2 N7\"],\"inLanguage\":\"es\"},{\"@type\":\"WebPage\",\"@id\":\"https:\/\/infoecos.com.ar\/index.php\/variada-y-prometedora-actividad-de-verano-en-todo-el-distrito-de-trenque-lauquen\/\",\"url\":\"https:\/\/infoecos.com.ar\/index.php\/variada-y-prometedora-actividad-de-verano-en-todo-el-distrito-de-trenque-lauquen\/\",\"name\":\"Variada actividad de Verano en todo el distrito de Trenque Lauquen - Infoecos\",\"isPartOf\":{\"@id\":\"https:\/\/infoecos.com.ar\/#website\"},\"primaryImageOfPage\":{\"@id\":\"https:\/\/infoecos.com.ar\/index.php\/variada-y-prometedora-actividad-de-verano-en-todo-el-distrito-de-trenque-lauquen\/#primaryimage\"},\"image\":{\"@id\":\"https:\/\/infoecos.com.ar\/index.php\/variada-y-prometedora-actividad-de-verano-en-todo-el-distrito-de-trenque-lauquen\/#primaryimage\"},\"thumbnailUrl\":\"https:\/\/infoecos.com.ar\/wp-content\/uploads\/2024\/01\/IMG_20240104_100252-1-scaled.jpg\",\"datePublished\":\"2024-01-04T20:08:32+00:00\",\"dateModified\":\"2024-01-07T21:25:26+00:00\",\"breadcrumb\":{\"@id\":\"https:\/\/infoecos.com.ar\/index.php\/variada-y-prometedora-actividad-de-verano-en-todo-el-distrito-de-trenque-lauquen\/#breadcrumb\"},\"inLanguage\":\"es\",\"potentialAction\":[{\"@type\":\"ReadAction\",\"target\":[\"https:\/\/infoecos.com.ar\/index.php\/variada-y-prometedora-actividad-de-verano-en-todo-el-distrito-de-trenque-lauquen\/\"]}]},{\"@type\":\"ImageObject\",\"inLanguage\":\"es\",\"@id\":\"https:\/\/infoecos.com.ar\/index.php\/variada-y-prometedora-actividad-de-verano-en-todo-el-distrito-de-trenque-lauquen\/#primaryimage\",\"url\":\"https:\/\/infoecos.com.ar\/wp-content\/uploads\/2024\/01\/IMG_20240104_100252-1-scaled.jpg\",\"contentUrl\":\"https:\/\/infoecos.com.ar\/wp-content\/uploads\/2024\/01\/IMG_20240104_100252-1-scaled.jpg\",\"width\":1920,\"height\":2560,\"caption\":\"Exif_JPEG_420\"},{\"@type\":\"BreadcrumbList\",\"@id\":\"https:\/\/infoecos.com.ar\/index.php\/variada-y-prometedora-actividad-de-verano-en-todo-el-distrito-de-trenque-lauquen\/#breadcrumb\",\"itemListElement\":[{\"@type\":\"ListItem\",\"position\":1,\"name\":\"Portada\",\"item\":\"https:\/\/infoecos.com.ar\/\"},{\"@type\":\"ListItem\",\"position\":2,\"name\":\"Variada actividad de Verano en todo el distrito de Trenque Lauquen\"}]},{\"@type\":\"WebSite\",\"@id\":\"https:\/\/infoecos.com.ar\/#website\",\"url\":\"https:\/\/infoecos.com.ar\/\",\"name\":\"Infoecos\",\"description\":\"Noticias de trenque lauquen y la zona\",\"publisher\":{\"@id\":\"https:\/\/infoecos.com.ar\/#organization\"},\"alternateName\":\"Noticias\",\"potentialAction\":[{\"@type\":\"SearchAction\",\"target\":{\"@type\":\"EntryPoint\",\"urlTemplate\":\"https:\/\/infoecos.com.ar\/?s={search_term_string}\"},\"query-input\":{\"@type\":\"PropertyValueSpecification\",\"valueRequired\":true,\"valueName\":\"search_term_string\"}}],\"inLanguage\":\"es\"},{\"@type\":\"Organization\",\"@id\":\"https:\/\/infoecos.com.ar\/#organization\",\"name\":\"Infoecos\",\"alternateName\":\"Noticias\",\"url\":\"https:\/\/infoecos.com.ar\/\",\"logo\":{\"@type\":\"ImageObject\",\"inLanguage\":\"es\",\"@id\":\"https:\/\/infoecos.com.ar\/#\/schema\/logo\/image\/\",\"url\":\"https:\/\/infoecos.com.ar\/wp-content\/uploads\/2024\/03\/cropped-logo.png\",\"contentUrl\":\"https:\/\/infoecos.com.ar\/wp-content\/uploads\/2024\/03\/cropped-logo.png\",\"width\":374,\"height\":90,\"caption\":\"Infoecos\"},\"image\":{\"@id\":\"https:\/\/infoecos.com.ar\/#\/schema\/logo\/image\/\"},\"sameAs\":[\"https:\/\/www.facebook.com\/profile.php?id=100063200290284\",\"https:\/\/x.com\/infoecos\"]},{\"@type\":\"Person\",\"@id\":\"https:\/\/infoecos.com.ar\/#\/schema\/person\/8f5ace5ce73b4b4aac4b7245aee6f191\",\"name\":\"Jorge Matheus\",\"url\":\"https:\/\/infoecos.com.ar\/index.php\/author\/jomatheus\/\"}]}<\/script>\n<!-- \/ Yoast SEO plugin. -->","yoast_head_json":{"title":"Variada actividad de Verano en todo el distrito de Trenque Lauquen - Infoecos","robots":{"index":"index","follow":"follow","max-snippet":"max-snippet:-1","max-image-preview":"max-image-preview:large","max-video-preview":"max-video-preview:-1"},"canonical":"https:\/\/infoecos.com.ar\/index.php\/variada-y-prometedora-actividad-de-verano-en-todo-el-distrito-de-trenque-lauquen\/","og_locale":"es_ES","og_type":"article","og_title":"Variada actividad de Verano en todo el distrito de Trenque Lauquen - Infoecos","og_description":"M\u00fasica en la Estaci\u00f3n, M\u00fasica en los Barrios, talleres art\u00edsticos, culturales y educativos, actividades recreativas para adultos mayores, un baile de carnaval en Girod\u00edas, Olimp\u00edadas del Reencuentro y eventos en distintos escenarios","og_url":"https:\/\/infoecos.com.ar\/index.php\/variada-y-prometedora-actividad-de-verano-en-todo-el-distrito-de-trenque-lauquen\/","og_site_name":"Infoecos","article_publisher":"https:\/\/www.facebook.com\/profile.php?id=100063200290284","article_published_time":"2024-01-04T20:08:32+00:00","article_modified_time":"2024-01-07T21:25:26+00:00","og_image":[{"width":1920,"height":2560,"url":"https:\/\/infoecos.com.ar\/wp-content\/uploads\/2024\/01\/IMG_20240104_100252-1-scaled.jpg","type":"image\/jpeg"}],"author":"Jorge Matheus","twitter_card":"summary_large_image","twitter_creator":"@infoecos","twitter_site":"@infoecos","twitter_misc":{"Escrito por":"Jorge Matheus","Tiempo de lectura":"5 minutos"},"schema":{"@context":"https:\/\/schema.org","@graph":[{"@type":"Article","@id":"https:\/\/infoecos.com.ar\/index.php\/variada-y-prometedora-actividad-de-verano-en-todo-el-distrito-de-trenque-lauquen\/#article","isPartOf":{"@id":"https:\/\/infoecos.com.ar\/index.php\/variada-y-prometedora-actividad-de-verano-en-todo-el-distrito-de-trenque-lauquen\/"},"author":{"name":"Jorge Matheus","@id":"https:\/\/infoecos.com.ar\/#\/schema\/person\/8f5ace5ce73b4b4aac4b7245aee6f191"},"headline":"Variada actividad de Verano en todo el distrito de Trenque Lauquen","datePublished":"2024-01-04T20:08:32+00:00","dateModified":"2024-01-07T21:25:26+00:00","mainEntityOfPage":{"@id":"https:\/\/infoecos.com.ar\/index.php\/variada-y-prometedora-actividad-de-verano-en-todo-el-distrito-de-trenque-lauquen\/"},"wordCount":767,"publisher":{"@id":"https:\/\/infoecos.com.ar\/#organization"},"image":{"@id":"https:\/\/infoecos.com.ar\/index.php\/variada-y-prometedora-actividad-de-verano-en-todo-el-distrito-de-trenque-lauquen\/#primaryimage"},"thumbnailUrl":"https:\/\/infoecos.com.ar\/wp-content\/uploads\/2024\/01\/IMG_20240104_100252-1-scaled.jpg","keywords":["COMIENZA ESTE DOMINGO"],"articleSection":["C2 N7"],"inLanguage":"es"},{"@type":"WebPage","@id":"https:\/\/infoecos.com.ar\/index.php\/variada-y-prometedora-actividad-de-verano-en-todo-el-distrito-de-trenque-lauquen\/","url":"https:\/\/infoecos.com.ar\/index.php\/variada-y-prometedora-actividad-de-verano-en-todo-el-distrito-de-trenque-lauquen\/","name":"Variada actividad de Verano en todo el distrito de Trenque Lauquen - Infoecos","isPartOf":{"@id":"https:\/\/infoecos.com.ar\/#website"},"primaryImageOfPage":{"@id":"https:\/\/infoecos.com.ar\/index.php\/variada-y-prometedora-actividad-de-verano-en-todo-el-distrito-de-trenque-lauquen\/#primaryimage"},"image":{"@id":"https:\/\/infoecos.com.ar\/index.php\/variada-y-prometedora-actividad-de-verano-en-todo-el-distrito-de-trenque-lauquen\/#primaryimage"},"thumbnailUrl":"https:\/\/infoecos.com.ar\/wp-content\/uploads\/2024\/01\/IMG_20240104_100252-1-scaled.jpg","datePublished":"2024-01-04T20:08:32+00:00","dateModified":"2024-01-07T21:25:26+00:00","breadcrumb":{"@id":"https:\/\/infoecos.com.ar\/index.php\/variada-y-prometedora-actividad-de-verano-en-todo-el-distrito-de-trenque-lauquen\/#breadcrumb"},"inLanguage":"es","potentialAction":[{"@type":"ReadAction","target":["https:\/\/infoecos.com.ar\/index.php\/variada-y-prometedora-actividad-de-verano-en-todo-el-distrito-de-trenque-lauquen\/"]}]},{"@type":"ImageObject","inLanguage":"es","@id":"https:\/\/infoecos.com.ar\/index.php\/variada-y-prometedora-actividad-de-verano-en-todo-el-distrito-de-trenque-lauquen\/#primaryimage","url":"https:\/\/infoecos.com.ar\/wp-content\/uploads\/2024\/01\/IMG_20240104_100252-1-scaled.jpg","contentUrl":"https:\/\/infoecos.com.ar\/wp-content\/uploads\/2024\/01\/IMG_20240104_100252-1-scaled.jpg","width":1920,"height":2560,"caption":"Exif_JPEG_420"},{"@type":"BreadcrumbList","@id":"https:\/\/infoecos.com.ar\/index.php\/variada-y-prometedora-actividad-de-verano-en-todo-el-distrito-de-trenque-lauquen\/#breadcrumb","itemListElement":[{"@type":"ListItem","position":1,"name":"Portada","item":"https:\/\/infoecos.com.ar\/"},{"@type":"ListItem","position":2,"name":"Variada actividad de Verano en todo el distrito de Trenque Lauquen"}]},{"@type":"WebSite","@id":"https:\/\/infoecos.com.ar\/#website","url":"https:\/\/infoecos.com.ar\/","name":"Infoecos","description":"Noticias de trenque lauquen y la zona","publisher":{"@id":"https:\/\/infoecos.com.ar\/#organization"},"alternateName":"Noticias","potentialAction":[{"@type":"SearchAction","target":{"@type":"EntryPoint","urlTemplate":"https:\/\/infoecos.com.ar\/?s={search_term_string}"},"query-input":{"@type":"PropertyValueSpecification","valueRequired":true,"valueName":"search_term_string"}}],"inLanguage":"es"},{"@type":"Organization","@id":"https:\/\/infoecos.com.ar\/#organization","name":"Infoecos","alternateName":"Noticias","url":"https:\/\/infoecos.com.ar\/","logo":{"@type":"ImageObject","inLanguage":"es","@id":"https:\/\/infoecos.com.ar\/#\/schema\/logo\/image\/","url":"https:\/\/infoecos.com.ar\/wp-content\/uploads\/2024\/03\/cropped-logo.png","contentUrl":"https:\/\/infoecos.com.ar\/wp-content\/uploads\/2024\/03\/cropped-logo.png","width":374,"height":90,"caption":"Infoecos"},"image":{"@id":"https:\/\/infoecos.com.ar\/#\/schema\/logo\/image\/"},"sameAs":["https:\/\/www.facebook.com\/profile.php?id=100063200290284","https:\/\/x.com\/infoecos"]},{"@type":"Person","@id":"https:\/\/infoecos.com.ar\/#\/schema\/person\/8f5ace5ce73b4b4aac4b7245aee6f191","name":"Jorge Matheus","url":"https:\/\/infoecos.com.ar\/index.php\/author\/jomatheus\/"}]}},"featured_image_urls":{"full":["https:\/\/infoecos.com.ar\/wp-content\/uploads\/2024\/01\/IMG_20240104_100252-1-scaled.jpg",1920,2560,false],"thumbnail":["https:\/\/infoecos.com.ar\/wp-content\/uploads\/2024\/01\/IMG_20240104_100252-1-300x150.jpg",300,150,true],"medium":["https:\/\/infoecos.com.ar\/wp-content\/uploads\/2024\/01\/IMG_20240104_100252-1-600x800.jpg",600,800,true],"medium_large":["https:\/\/infoecos.com.ar\/wp-content\/uploads\/2024\/01\/IMG_20240104_100252-1-768x1024.jpg",640,853,true],"large":["https:\/\/infoecos.com.ar\/wp-content\/uploads\/2024\/01\/IMG_20240104_100252-1-1200x1600.jpg",640,853,true],"1536x1536":["https:\/\/infoecos.com.ar\/wp-content\/uploads\/2024\/01\/IMG_20240104_100252-1-1152x1536.jpg",1152,1536,true],"2048x2048":["https:\/\/infoecos.com.ar\/wp-content\/uploads\/2024\/01\/IMG_20240104_100252-1-1536x2048.jpg",1536,2048,true],"covernews-slider-full":["https:\/\/infoecos.com.ar\/wp-content\/uploads\/2024\/01\/IMG_20240104_100252-1-scaled.jpg",536,715,false],"covernews-slider-center":["https:\/\/infoecos.com.ar\/wp-content\/uploads\/2024\/01\/IMG_20240104_100252-1-scaled.jpg",375,500,false],"covernews-featured":["https:\/\/infoecos.com.ar\/wp-content\/uploads\/2024\/01\/IMG_20240104_100252-1-scaled.jpg",1024,1365,false],"covernews-medium":["https:\/\/infoecos.com.ar\/wp-content\/uploads\/2024\/01\/IMG_20240104_100252-1-scaled.jpg",255,340,false],"covernews-medium-square":["https:\/\/infoecos.com.ar\/wp-content\/uploads\/2024\/01\/IMG_20240104_100252-1-scaled.jpg",188,250,false]},"author_info":{"info":["Jorge Matheus"]},"category_info":"<a href=\"https:\/\/infoecos.com.ar\/index.php\/category\/c2nota7\/\" rel=\"category tag\">C2 N7<\/a>","tag_info":"C2 N7","comment_count":"0","_links":{"self":[{"href":"https:\/\/infoecos.com.ar\/index.php\/wp-json\/wp\/v2\/posts\/117081"}],"collection":[{"href":"https:\/\/infoecos.com.ar\/index.php\/wp-json\/wp\/v2\/posts"}],"about":[{"href":"https:\/\/infoecos.com.ar\/index.php\/wp-json\/wp\/v2\/types\/post"}],"author":[{"embeddable":true,"href":"https:\/\/infoecos.com.ar\/index.php\/wp-json\/wp\/v2\/users\/2"}],"replies":[{"embeddable":true,"href":"https:\/\/infoecos.com.ar\/index.php\/wp-json\/wp\/v2\/comments?post=117081"}],"version-history":[{"count":2,"href":"https:\/\/infoecos.com.ar\/index.php\/wp-json\/wp\/v2\/posts\/117081\/revisions"}],"predecessor-version":[{"id":117190,"href":"https:\/\/infoecos.com.ar\/index.php\/wp-json\/wp\/v2\/posts\/117081\/revisions\/117190"}],"wp:featuredmedia":[{"embeddable":true,"href":"https:\/\/infoecos.com.ar\/index.php\/wp-json\/wp\/v2\/media\/117095"}],"wp:attachment":[{"href":"https:\/\/infoecos.com.ar\/index.php\/wp-json\/wp\/v2\/media?parent=117081"}],"wp:term":[{"taxonomy":"category","embeddable":true,"href":"https:\/\/infoecos.com.ar\/index.php\/wp-json\/wp\/v2\/categories?post=117081"},{"taxonomy":"post_tag","embeddable":true,"href":"https:\/\/infoecos.com.ar\/index.php\/wp-json\/wp\/v2\/tags?post=117081"}],"curies":[{"name":"wp","href":"https:\/\/api.w.org\/{rel}","templated":true}]}}