{"id":117112,"date":"2024-01-05T08:54:26","date_gmt":"2024-01-05T11:54:26","guid":{"rendered":"https:\/\/infoecos.com.ar\/?p=117112"},"modified":"2024-01-06T11:07:46","modified_gmt":"2024-01-06T14:07:46","slug":"peligro-de-corte-total-del-servicio-de-comunicaciones-que-provee-telefonica-de-argentina","status":"publish","type":"post","link":"https:\/\/infoecos.com.ar\/index.php\/peligro-de-corte-total-del-servicio-de-comunicaciones-que-provee-telefonica-de-argentina\/","title":{"rendered":"Peligro de corte total del servicio de comunicaciones que prove\u00e9 Telef\u00f3nica de Argentina"},"content":{"rendered":"\n<figure class=\"wp-block-image alignright size-large is-resized\"><img loading=\"lazy\" decoding=\"async\" src=\"https:\/\/infoecos.com.ar\/wp-content\/uploads\/2024\/01\/fibraoptica2-900x1600.jpg\" alt=\"\" class=\"wp-image-117113\" width=\"396\" height=\"704\" srcset=\"https:\/\/infoecos.com.ar\/wp-content\/uploads\/2024\/01\/fibraoptica2-900x1600.jpg 900w, https:\/\/infoecos.com.ar\/wp-content\/uploads\/2024\/01\/fibraoptica2-450x800.jpg 450w, https:\/\/infoecos.com.ar\/wp-content\/uploads\/2024\/01\/fibraoptica2-768x1365.jpg 768w, https:\/\/infoecos.com.ar\/wp-content\/uploads\/2024\/01\/fibraoptica2-864x1536.jpg 864w, https:\/\/infoecos.com.ar\/wp-content\/uploads\/2024\/01\/fibraoptica2-1024x1820.jpg 1024w, https:\/\/infoecos.com.ar\/wp-content\/uploads\/2024\/01\/fibraoptica2.jpg 1152w\" sizes=\"(max-width: 396px) 100vw, 396px\" \/><\/figure>\n\n\n\n<p>En d\u00edas previos a la fiesta navide\u00f1a se desat\u00f3 un temporal que provoc\u00f3 serios da\u00f1os en Trenque Lauquen. Al d\u00eda de hoy se contin\u00faa trabajando en la recolecci\u00f3n de ramas y \u00e1rboles ca\u00eddos, como as\u00ed tambi\u00e9n en l\u00edneas el\u00e9ctricas y viviendas que se vieron afectadas.<\/p>\n\n\n\n<p>Entre otros da\u00f1os se verific\u00f3 la ca\u00edda de postes que sostienen y permiten la extensi\u00f3n de la Fibra \u00d3ptica desde la Ruta Nacional n\u00famero 5 hasta la planta de Telef\u00f3nica de Argentina situada en la calle 9 de Julio, entre San Mart\u00edn y Villegas. Una empresa contratista de la compa\u00f1\u00eda espa\u00f1ola proveedora de telefon\u00eda y servicio de internet trabaj\u00f3 a la vera del acceso Garc\u00eda Salinas. Levantado algunos postes y acomodado el cable transportador de datos, se retir\u00f3 de la ciudad y no volvi\u00f3. <\/p>\n\n\n\n<p>Por estas horas la Fibra \u00d3ptica est\u00e1 tendida en el piso en un buen tramo (se puede ver la foto). Para ingresar a algunos comercios y\/o empresas es pisada por veh\u00edculos de mucho peso, pick ups y autos. Ya hay algunos de ellos que no cuentan con prestaci\u00f3n de telefon\u00eda e internet.<\/p>\n\n\n\n<p>Se espera en todos los \u00e1mbitos que concluyan los trabajos de reacomodamiento y no haya que padecer el corte de un servicio vital.<\/p>\n\n\n\n<figure class=\"wp-block-gallery has-nested-images columns-default is-cropped wp-block-gallery-1 is-layout-flex wp-block-gallery-is-layout-flex\">\n<figure class=\"wp-block-image size-large\"><img loading=\"lazy\" decoding=\"async\" width=\"900\" height=\"1600\" data-id=\"117115\" src=\"https:\/\/infoecos.com.ar\/wp-content\/uploads\/2024\/01\/fibraoptica-900x1600.jpg\" alt=\"\" class=\"wp-image-117115\" srcset=\"https:\/\/infoecos.com.ar\/wp-content\/uploads\/2024\/01\/fibraoptica-900x1600.jpg 900w, https:\/\/infoecos.com.ar\/wp-content\/uploads\/2024\/01\/fibraoptica-450x800.jpg 450w, https:\/\/infoecos.com.ar\/wp-content\/uploads\/2024\/01\/fibraoptica-768x1365.jpg 768w, https:\/\/infoecos.com.ar\/wp-content\/uploads\/2024\/01\/fibraoptica-864x1536.jpg 864w, https:\/\/infoecos.com.ar\/wp-content\/uploads\/2024\/01\/fibraoptica-1024x1820.jpg 1024w, https:\/\/infoecos.com.ar\/wp-content\/uploads\/2024\/01\/fibraoptica.jpg 1152w\" sizes=\"(max-width: 900px) 100vw, 900px\" \/><\/figure>\n\n\n\n<figure class=\"wp-block-image size-large\"><img loading=\"lazy\" decoding=\"async\" width=\"900\" height=\"1600\" data-id=\"117114\" src=\"https:\/\/infoecos.com.ar\/wp-content\/uploads\/2024\/01\/fibraoptica1-900x1600.jpg\" alt=\"\" class=\"wp-image-117114\" srcset=\"https:\/\/infoecos.com.ar\/wp-content\/uploads\/2024\/01\/fibraoptica1-900x1600.jpg 900w, https:\/\/infoecos.com.ar\/wp-content\/uploads\/2024\/01\/fibraoptica1-450x800.jpg 450w, https:\/\/infoecos.com.ar\/wp-content\/uploads\/2024\/01\/fibraoptica1-768x1365.jpg 768w, https:\/\/infoecos.com.ar\/wp-content\/uploads\/2024\/01\/fibraoptica1-864x1536.jpg 864w, https:\/\/infoecos.com.ar\/wp-content\/uploads\/2024\/01\/fibraoptica1-1024x1820.jpg 1024w, https:\/\/infoecos.com.ar\/wp-content\/uploads\/2024\/01\/fibraoptica1.jpg 1152w\" sizes=\"(max-width: 900px) 100vw, 900px\" \/><\/figure>\n<\/figure>\n","protected":false},"excerpt":{"rendered":"<p>Por estas horas la Fibra \u00d3ptica est\u00e1 tendida en el piso en un buen tramo (se puede ver la foto). Para ingresar a algunos comercios y\/o empresas es pisada por veh\u00edculos de mucho peso, pick ups y autos. Ya hay algunos de ellos que no cuentan con prestaci\u00f3n de telefon\u00eda e internet<\/p>\n","protected":false},"author":2,"featured_media":117114,"comment_status":"closed","ping_status":"open","sticky":false,"template":"","format":"standard","meta":{"footnotes":""},"categories":[48],"tags":[9821],"class_list":["post-117112","post","type-post","status-publish","format-standard","has-post-thumbnail","hentry","category-c2nota3","tag-puede-ser-grave"],"yoast_head":"<!-- This site is optimized with the Yoast SEO plugin v23.4 - https:\/\/yoast.com\/wordpress\/plugins\/seo\/ -->\n<title>Peligro de corte total del servicio de comunicaciones que prove\u00e9 Telef\u00f3nica de Argentina - Infoecos<\/title>\n<meta name=\"robots\" content=\"index, follow, max-snippet:-1, max-image-preview:large, max-video-preview:-1\" \/>\n<link rel=\"canonical\" href=\"https:\/\/infoecos.com.ar\/index.php\/peligro-de-corte-total-del-servicio-de-comunicaciones-que-provee-telefonica-de-argentina\/\" \/>\n<meta property=\"og:locale\" content=\"es_ES\" \/>\n<meta property=\"og:type\" content=\"article\" \/>\n<meta property=\"og:title\" content=\"Peligro de corte total del servicio de comunicaciones que prove\u00e9 Telef\u00f3nica de Argentina - Infoecos\" \/>\n<meta property=\"og:description\" content=\"Por estas horas la Fibra \u00d3ptica est\u00e1 tendida en el piso en un buen tramo (se puede ver la foto). Para ingresar a algunos comercios y\/o empresas es pisada por veh\u00edculos de mucho peso, pick ups y autos. Ya hay algunos de ellos que no cuentan con prestaci\u00f3n de telefon\u00eda e internet\" \/>\n<meta property=\"og:url\" content=\"https:\/\/infoecos.com.ar\/index.php\/peligro-de-corte-total-del-servicio-de-comunicaciones-que-provee-telefonica-de-argentina\/\" \/>\n<meta property=\"og:site_name\" content=\"Infoecos\" \/>\n<meta property=\"article:publisher\" content=\"https:\/\/www.facebook.com\/profile.php?id=100063200290284\" \/>\n<meta property=\"article:published_time\" content=\"2024-01-05T11:54:26+00:00\" \/>\n<meta property=\"article:modified_time\" content=\"2024-01-06T14:07:46+00:00\" \/>\n<meta property=\"og:image\" content=\"https:\/\/infoecos.com.ar\/wp-content\/uploads\/2024\/01\/fibraoptica1.jpg\" \/>\n\t<meta property=\"og:image:width\" content=\"1152\" \/>\n\t<meta property=\"og:image:height\" content=\"2048\" \/>\n\t<meta property=\"og:image:type\" content=\"image\/jpeg\" \/>\n<meta name=\"author\" content=\"Jorge Matheus\" \/>\n<meta name=\"twitter:card\" content=\"summary_large_image\" \/>\n<meta name=\"twitter:creator\" content=\"@infoecos\" \/>\n<meta name=\"twitter:site\" content=\"@infoecos\" \/>\n<meta name=\"twitter:label1\" content=\"Escrito por\" \/>\n\t<meta name=\"twitter:data1\" content=\"Jorge Matheus\" \/>\n\t<meta name=\"twitter:label2\" content=\"Tiempo de lectura\" \/>\n\t<meta name=\"twitter:data2\" content=\"2 minutos\" \/>\n<script type=\"application\/ld+json\" class=\"yoast-schema-graph\">{\"@context\":\"https:\/\/schema.org\",\"@graph\":[{\"@type\":\"Article\",\"@id\":\"https:\/\/infoecos.com.ar\/index.php\/peligro-de-corte-total-del-servicio-de-comunicaciones-que-provee-telefonica-de-argentina\/#article\",\"isPartOf\":{\"@id\":\"https:\/\/infoecos.com.ar\/index.php\/peligro-de-corte-total-del-servicio-de-comunicaciones-que-provee-telefonica-de-argentina\/\"},\"author\":{\"name\":\"Jorge Matheus\",\"@id\":\"https:\/\/infoecos.com.ar\/#\/schema\/person\/8f5ace5ce73b4b4aac4b7245aee6f191\"},\"headline\":\"Peligro de corte total del servicio de comunicaciones que prove\u00e9 Telef\u00f3nica de Argentina\",\"datePublished\":\"2024-01-05T11:54:26+00:00\",\"dateModified\":\"2024-01-06T14:07:46+00:00\",\"mainEntityOfPage\":{\"@id\":\"https:\/\/infoecos.com.ar\/index.php\/peligro-de-corte-total-del-servicio-de-comunicaciones-que-provee-telefonica-de-argentina\/\"},\"wordCount\":240,\"publisher\":{\"@id\":\"https:\/\/infoecos.com.ar\/#organization\"},\"image\":{\"@id\":\"https:\/\/infoecos.com.ar\/index.php\/peligro-de-corte-total-del-servicio-de-comunicaciones-que-provee-telefonica-de-argentina\/#primaryimage\"},\"thumbnailUrl\":\"https:\/\/infoecos.com.ar\/wp-content\/uploads\/2024\/01\/fibraoptica1.jpg\",\"keywords\":[\"PUEDE SER GRAVE\"],\"articleSection\":[\"C2 N3\"],\"inLanguage\":\"es\"},{\"@type\":\"WebPage\",\"@id\":\"https:\/\/infoecos.com.ar\/index.php\/peligro-de-corte-total-del-servicio-de-comunicaciones-que-provee-telefonica-de-argentina\/\",\"url\":\"https:\/\/infoecos.com.ar\/index.php\/peligro-de-corte-total-del-servicio-de-comunicaciones-que-provee-telefonica-de-argentina\/\",\"name\":\"Peligro de corte total del servicio de comunicaciones que prove\u00e9 Telef\u00f3nica de Argentina - Infoecos\",\"isPartOf\":{\"@id\":\"https:\/\/infoecos.com.ar\/#website\"},\"primaryImageOfPage\":{\"@id\":\"https:\/\/infoecos.com.ar\/index.php\/peligro-de-corte-total-del-servicio-de-comunicaciones-que-provee-telefonica-de-argentina\/#primaryimage\"},\"image\":{\"@id\":\"https:\/\/infoecos.com.ar\/index.php\/peligro-de-corte-total-del-servicio-de-comunicaciones-que-provee-telefonica-de-argentina\/#primaryimage\"},\"thumbnailUrl\":\"https:\/\/infoecos.com.ar\/wp-content\/uploads\/2024\/01\/fibraoptica1.jpg\",\"datePublished\":\"2024-01-05T11:54:26+00:00\",\"dateModified\":\"2024-01-06T14:07:46+00:00\",\"breadcrumb\":{\"@id\":\"https:\/\/infoecos.com.ar\/index.php\/peligro-de-corte-total-del-servicio-de-comunicaciones-que-provee-telefonica-de-argentina\/#breadcrumb\"},\"inLanguage\":\"es\",\"potentialAction\":[{\"@type\":\"ReadAction\",\"target\":[\"https:\/\/infoecos.com.ar\/index.php\/peligro-de-corte-total-del-servicio-de-comunicaciones-que-provee-telefonica-de-argentina\/\"]}]},{\"@type\":\"ImageObject\",\"inLanguage\":\"es\",\"@id\":\"https:\/\/infoecos.com.ar\/index.php\/peligro-de-corte-total-del-servicio-de-comunicaciones-que-provee-telefonica-de-argentina\/#primaryimage\",\"url\":\"https:\/\/infoecos.com.ar\/wp-content\/uploads\/2024\/01\/fibraoptica1.jpg\",\"contentUrl\":\"https:\/\/infoecos.com.ar\/wp-content\/uploads\/2024\/01\/fibraoptica1.jpg\",\"width\":1152,\"height\":2048},{\"@type\":\"BreadcrumbList\",\"@id\":\"https:\/\/infoecos.com.ar\/index.php\/peligro-de-corte-total-del-servicio-de-comunicaciones-que-provee-telefonica-de-argentina\/#breadcrumb\",\"itemListElement\":[{\"@type\":\"ListItem\",\"position\":1,\"name\":\"Portada\",\"item\":\"https:\/\/infoecos.com.ar\/\"},{\"@type\":\"ListItem\",\"position\":2,\"name\":\"Peligro de corte total del servicio de comunicaciones que prove\u00e9 Telef\u00f3nica de Argentina\"}]},{\"@type\":\"WebSite\",\"@id\":\"https:\/\/infoecos.com.ar\/#website\",\"url\":\"https:\/\/infoecos.com.ar\/\",\"name\":\"Infoecos\",\"description\":\"Noticias de trenque lauquen y la zona\",\"publisher\":{\"@id\":\"https:\/\/infoecos.com.ar\/#organization\"},\"alternateName\":\"Noticias\",\"potentialAction\":[{\"@type\":\"SearchAction\",\"target\":{\"@type\":\"EntryPoint\",\"urlTemplate\":\"https:\/\/infoecos.com.ar\/?s={search_term_string}\"},\"query-input\":{\"@type\":\"PropertyValueSpecification\",\"valueRequired\":true,\"valueName\":\"search_term_string\"}}],\"inLanguage\":\"es\"},{\"@type\":\"Organization\",\"@id\":\"https:\/\/infoecos.com.ar\/#organization\",\"name\":\"Infoecos\",\"alternateName\":\"Noticias\",\"url\":\"https:\/\/infoecos.com.ar\/\",\"logo\":{\"@type\":\"ImageObject\",\"inLanguage\":\"es\",\"@id\":\"https:\/\/infoecos.com.ar\/#\/schema\/logo\/image\/\",\"url\":\"https:\/\/infoecos.com.ar\/wp-content\/uploads\/2024\/03\/cropped-logo.png\",\"contentUrl\":\"https:\/\/infoecos.com.ar\/wp-content\/uploads\/2024\/03\/cropped-logo.png\",\"width\":374,\"height\":90,\"caption\":\"Infoecos\"},\"image\":{\"@id\":\"https:\/\/infoecos.com.ar\/#\/schema\/logo\/image\/\"},\"sameAs\":[\"https:\/\/www.facebook.com\/profile.php?id=100063200290284\",\"https:\/\/x.com\/infoecos\"]},{\"@type\":\"Person\",\"@id\":\"https:\/\/infoecos.com.ar\/#\/schema\/person\/8f5ace5ce73b4b4aac4b7245aee6f191\",\"name\":\"Jorge Matheus\",\"url\":\"https:\/\/infoecos.com.ar\/index.php\/author\/jomatheus\/\"}]}<\/script>\n<!-- \/ Yoast SEO plugin. -->","yoast_head_json":{"title":"Peligro de corte total del servicio de comunicaciones que prove\u00e9 Telef\u00f3nica de Argentina - Infoecos","robots":{"index":"index","follow":"follow","max-snippet":"max-snippet:-1","max-image-preview":"max-image-preview:large","max-video-preview":"max-video-preview:-1"},"canonical":"https:\/\/infoecos.com.ar\/index.php\/peligro-de-corte-total-del-servicio-de-comunicaciones-que-provee-telefonica-de-argentina\/","og_locale":"es_ES","og_type":"article","og_title":"Peligro de corte total del servicio de comunicaciones que prove\u00e9 Telef\u00f3nica de Argentina - Infoecos","og_description":"Por estas horas la Fibra \u00d3ptica est\u00e1 tendida en el piso en un buen tramo (se puede ver la foto). Para ingresar a algunos comercios y\/o empresas es pisada por veh\u00edculos de mucho peso, pick ups y autos. Ya hay algunos de ellos que no cuentan con prestaci\u00f3n de telefon\u00eda e internet","og_url":"https:\/\/infoecos.com.ar\/index.php\/peligro-de-corte-total-del-servicio-de-comunicaciones-que-provee-telefonica-de-argentina\/","og_site_name":"Infoecos","article_publisher":"https:\/\/www.facebook.com\/profile.php?id=100063200290284","article_published_time":"2024-01-05T11:54:26+00:00","article_modified_time":"2024-01-06T14:07:46+00:00","og_image":[{"width":1152,"height":2048,"url":"https:\/\/infoecos.com.ar\/wp-content\/uploads\/2024\/01\/fibraoptica1.jpg","type":"image\/jpeg"}],"author":"Jorge Matheus","twitter_card":"summary_large_image","twitter_creator":"@infoecos","twitter_site":"@infoecos","twitter_misc":{"Escrito por":"Jorge Matheus","Tiempo de lectura":"2 minutos"},"schema":{"@context":"https:\/\/schema.org","@graph":[{"@type":"Article","@id":"https:\/\/infoecos.com.ar\/index.php\/peligro-de-corte-total-del-servicio-de-comunicaciones-que-provee-telefonica-de-argentina\/#article","isPartOf":{"@id":"https:\/\/infoecos.com.ar\/index.php\/peligro-de-corte-total-del-servicio-de-comunicaciones-que-provee-telefonica-de-argentina\/"},"author":{"name":"Jorge Matheus","@id":"https:\/\/infoecos.com.ar\/#\/schema\/person\/8f5ace5ce73b4b4aac4b7245aee6f191"},"headline":"Peligro de corte total del servicio de comunicaciones que prove\u00e9 Telef\u00f3nica de Argentina","datePublished":"2024-01-05T11:54:26+00:00","dateModified":"2024-01-06T14:07:46+00:00","mainEntityOfPage":{"@id":"https:\/\/infoecos.com.ar\/index.php\/peligro-de-corte-total-del-servicio-de-comunicaciones-que-provee-telefonica-de-argentina\/"},"wordCount":240,"publisher":{"@id":"https:\/\/infoecos.com.ar\/#organization"},"image":{"@id":"https:\/\/infoecos.com.ar\/index.php\/peligro-de-corte-total-del-servicio-de-comunicaciones-que-provee-telefonica-de-argentina\/#primaryimage"},"thumbnailUrl":"https:\/\/infoecos.com.ar\/wp-content\/uploads\/2024\/01\/fibraoptica1.jpg","keywords":["PUEDE SER GRAVE"],"articleSection":["C2 N3"],"inLanguage":"es"},{"@type":"WebPage","@id":"https:\/\/infoecos.com.ar\/index.php\/peligro-de-corte-total-del-servicio-de-comunicaciones-que-provee-telefonica-de-argentina\/","url":"https:\/\/infoecos.com.ar\/index.php\/peligro-de-corte-total-del-servicio-de-comunicaciones-que-provee-telefonica-de-argentina\/","name":"Peligro de corte total del servicio de comunicaciones que prove\u00e9 Telef\u00f3nica de Argentina - Infoecos","isPartOf":{"@id":"https:\/\/infoecos.com.ar\/#website"},"primaryImageOfPage":{"@id":"https:\/\/infoecos.com.ar\/index.php\/peligro-de-corte-total-del-servicio-de-comunicaciones-que-provee-telefonica-de-argentina\/#primaryimage"},"image":{"@id":"https:\/\/infoecos.com.ar\/index.php\/peligro-de-corte-total-del-servicio-de-comunicaciones-que-provee-telefonica-de-argentina\/#primaryimage"},"thumbnailUrl":"https:\/\/infoecos.com.ar\/wp-content\/uploads\/2024\/01\/fibraoptica1.jpg","datePublished":"2024-01-05T11:54:26+00:00","dateModified":"2024-01-06T14:07:46+00:00","breadcrumb":{"@id":"https:\/\/infoecos.com.ar\/index.php\/peligro-de-corte-total-del-servicio-de-comunicaciones-que-provee-telefonica-de-argentina\/#breadcrumb"},"inLanguage":"es","potentialAction":[{"@type":"ReadAction","target":["https:\/\/infoecos.com.ar\/index.php\/peligro-de-corte-total-del-servicio-de-comunicaciones-que-provee-telefonica-de-argentina\/"]}]},{"@type":"ImageObject","inLanguage":"es","@id":"https:\/\/infoecos.com.ar\/index.php\/peligro-de-corte-total-del-servicio-de-comunicaciones-que-provee-telefonica-de-argentina\/#primaryimage","url":"https:\/\/infoecos.com.ar\/wp-content\/uploads\/2024\/01\/fibraoptica1.jpg","contentUrl":"https:\/\/infoecos.com.ar\/wp-content\/uploads\/2024\/01\/fibraoptica1.jpg","width":1152,"height":2048},{"@type":"BreadcrumbList","@id":"https:\/\/infoecos.com.ar\/index.php\/peligro-de-corte-total-del-servicio-de-comunicaciones-que-provee-telefonica-de-argentina\/#breadcrumb","itemListElement":[{"@type":"ListItem","position":1,"name":"Portada","item":"https:\/\/infoecos.com.ar\/"},{"@type":"ListItem","position":2,"name":"Peligro de corte total del servicio de comunicaciones que prove\u00e9 Telef\u00f3nica de Argentina"}]},{"@type":"WebSite","@id":"https:\/\/infoecos.com.ar\/#website","url":"https:\/\/infoecos.com.ar\/","name":"Infoecos","description":"Noticias de trenque lauquen y la zona","publisher":{"@id":"https:\/\/infoecos.com.ar\/#organization"},"alternateName":"Noticias","potentialAction":[{"@type":"SearchAction","target":{"@type":"EntryPoint","urlTemplate":"https:\/\/infoecos.com.ar\/?s={search_term_string}"},"query-input":{"@type":"PropertyValueSpecification","valueRequired":true,"valueName":"search_term_string"}}],"inLanguage":"es"},{"@type":"Organization","@id":"https:\/\/infoecos.com.ar\/#organization","name":"Infoecos","alternateName":"Noticias","url":"https:\/\/infoecos.com.ar\/","logo":{"@type":"ImageObject","inLanguage":"es","@id":"https:\/\/infoecos.com.ar\/#\/schema\/logo\/image\/","url":"https:\/\/infoecos.com.ar\/wp-content\/uploads\/2024\/03\/cropped-logo.png","contentUrl":"https:\/\/infoecos.com.ar\/wp-content\/uploads\/2024\/03\/cropped-logo.png","width":374,"height":90,"caption":"Infoecos"},"image":{"@id":"https:\/\/infoecos.com.ar\/#\/schema\/logo\/image\/"},"sameAs":["https:\/\/www.facebook.com\/profile.php?id=100063200290284","https:\/\/x.com\/infoecos"]},{"@type":"Person","@id":"https:\/\/infoecos.com.ar\/#\/schema\/person\/8f5ace5ce73b4b4aac4b7245aee6f191","name":"Jorge Matheus","url":"https:\/\/infoecos.com.ar\/index.php\/author\/jomatheus\/"}]}},"featured_image_urls":{"full":["https:\/\/infoecos.com.ar\/wp-content\/uploads\/2024\/01\/fibraoptica1.jpg",1152,2048,false],"thumbnail":["https:\/\/infoecos.com.ar\/wp-content\/uploads\/2024\/01\/fibraoptica1-300x150.jpg",300,150,true],"medium":["https:\/\/infoecos.com.ar\/wp-content\/uploads\/2024\/01\/fibraoptica1-450x800.jpg",450,800,true],"medium_large":["https:\/\/infoecos.com.ar\/wp-content\/uploads\/2024\/01\/fibraoptica1-768x1365.jpg",640,1138,true],"large":["https:\/\/infoecos.com.ar\/wp-content\/uploads\/2024\/01\/fibraoptica1-900x1600.jpg",640,1138,true],"1536x1536":["https:\/\/infoecos.com.ar\/wp-content\/uploads\/2024\/01\/fibraoptica1-864x1536.jpg",864,1536,true],"2048x2048":["https:\/\/infoecos.com.ar\/wp-content\/uploads\/2024\/01\/fibraoptica1.jpg",1152,2048,false],"covernews-slider-full":["https:\/\/infoecos.com.ar\/wp-content\/uploads\/2024\/01\/fibraoptica1-1152x1020.jpg",808,715,true],"covernews-slider-center":["https:\/\/infoecos.com.ar\/wp-content\/uploads\/2024\/01\/fibraoptica1-936x897.jpg",522,500,true],"covernews-featured":["https:\/\/infoecos.com.ar\/wp-content\/uploads\/2024\/01\/fibraoptica1-1024x1820.jpg",1024,1820,true],"covernews-medium":["https:\/\/infoecos.com.ar\/wp-content\/uploads\/2024\/01\/fibraoptica1-720x380.jpg",540,285,true],"covernews-medium-square":["https:\/\/infoecos.com.ar\/wp-content\/uploads\/2024\/01\/fibraoptica1-675x450.jpg",375,250,true]},"author_info":{"info":["Jorge Matheus"]},"category_info":"<a href=\"https:\/\/infoecos.com.ar\/index.php\/category\/c2nota3\/\" rel=\"category tag\">C2 N3<\/a>","tag_info":"C2 N3","comment_count":"0","_links":{"self":[{"href":"https:\/\/infoecos.com.ar\/index.php\/wp-json\/wp\/v2\/posts\/117112"}],"collection":[{"href":"https:\/\/infoecos.com.ar\/index.php\/wp-json\/wp\/v2\/posts"}],"about":[{"href":"https:\/\/infoecos.com.ar\/index.php\/wp-json\/wp\/v2\/types\/post"}],"author":[{"embeddable":true,"href":"https:\/\/infoecos.com.ar\/index.php\/wp-json\/wp\/v2\/users\/2"}],"replies":[{"embeddable":true,"href":"https:\/\/infoecos.com.ar\/index.php\/wp-json\/wp\/v2\/comments?post=117112"}],"version-history":[{"count":1,"href":"https:\/\/infoecos.com.ar\/index.php\/wp-json\/wp\/v2\/posts\/117112\/revisions"}],"predecessor-version":[{"id":117116,"href":"https:\/\/infoecos.com.ar\/index.php\/wp-json\/wp\/v2\/posts\/117112\/revisions\/117116"}],"wp:featuredmedia":[{"embeddable":true,"href":"https:\/\/infoecos.com.ar\/index.php\/wp-json\/wp\/v2\/media\/117114"}],"wp:attachment":[{"href":"https:\/\/infoecos.com.ar\/index.php\/wp-json\/wp\/v2\/media?parent=117112"}],"wp:term":[{"taxonomy":"category","embeddable":true,"href":"https:\/\/infoecos.com.ar\/index.php\/wp-json\/wp\/v2\/categories?post=117112"},{"taxonomy":"post_tag","embeddable":true,"href":"https:\/\/infoecos.com.ar\/index.php\/wp-json\/wp\/v2\/tags?post=117112"}],"curies":[{"name":"wp","href":"https:\/\/api.w.org\/{rel}","templated":true}]}}